{"id":57143,"date":"2024-09-18T13:49:58","date_gmt":"2024-09-18T12:49:58","guid":{"rendered":"https:\/\/lasentinelle.dz\/?p=57143"},"modified":"2024-09-18T13:49:59","modified_gmt":"2024-09-18T12:49:59","slug":"tizi-ouzou-la-prise-en-charge-des-patients-atteints-de-cancer-une-priorite","status":"publish","type":"post","link":"https:\/\/lasentinelle.dz\/index.php\/2024\/09\/18\/tizi-ouzou-la-prise-en-charge-des-patients-atteints-de-cancer-une-priorite\/","title":{"rendered":"Tizi-Ouzou: La prise en charge des patients atteints de cancer, une priorit\u00e9"},"content":{"rendered":"\n<p>Dans le cadre de la politique de d\u00e9veloppement du secteur de la sant\u00e9, les autorit\u00e9s accordent une attention particuli\u00e8re au renforcement des structures m\u00e9dicales, avec un focus prononc\u00e9 sur la prise en charge des patients atteints de cancer. Cette priorit\u00e9 se manifeste \u00e0 travers diverses initiatives, tant au niveau national que local, visant \u00e0 am\u00e9liorer l&rsquo;acc\u00e8s aux soins et la qualit\u00e9 de vie des malades.<\/p>\n\n\n\n<p>Un exemple concret de cette politique se concr\u00e9tise \u00e0 Tizi-Ouzou, o\u00f9 un centre d&rsquo;h\u00e9bergement gratuit pour les patients canc\u00e9reux vient d&rsquo;\u00eatre am\u00e9nag\u00e9 dans la ville de Dra\u00e2 Ben Khedda. Cette initiative, port\u00e9e par le comit\u00e9 local du Croissant rouge alg\u00e9rien (CRA), s&rsquo;inscrit dans une d\u00e9marche plus large de soutien aux malades et \u00e0 leurs familles. Le centre, situ\u00e9 \u00e0 seulement 10 km \u00e0 l&rsquo;ouest de Tizi-Ouzou, r\u00e9pond \u00e0 un besoin crucial identifi\u00e9 par les b\u00e9n\u00e9voles du CRA. En effet, de nombreux patients venant d&rsquo;autres wilayas pour se faire soigner au Centre de lutte contre le cancer (CLCC) de Dra\u00e2 Ben Khedda se trouvaient confront\u00e9s \u00e0 des difficult\u00e9s d&rsquo;h\u00e9bergement, certains allant jusqu&rsquo;\u00e0 passer la nuit dans leur v\u00e9hicule faute de moyens pour louer un logement.<\/p>\n\n\n\n<p>Face \u00e0 cette situation, les autorit\u00e9s locales ont rapidement r\u00e9agi en mettant \u00e0 disposition l&rsquo;ancien si\u00e8ge de l&rsquo;Alg\u00e9rienne des eaux (ADE). Cette d\u00e9cision, prise d\u00e8s 2017, t\u00e9moigne de la volont\u00e9 des pouvoirs publics de s&rsquo;appuyer sur les initiatives de la soci\u00e9t\u00e9 civile pour compl\u00e9ter l&rsquo;offre de soins existante. Le projet, lanc\u00e9 en mai dernier, a b\u00e9n\u00e9fici\u00e9 d&rsquo;un \u00e9lan de solidarit\u00e9 remarquable. Les bienfaiteurs locaux ont contribu\u00e9 \u00e0 l&rsquo;am\u00e9nagement et \u00e0 l&rsquo;\u00e9quipement du centre, tandis que les b\u00e9n\u00e9voles du CRA ont investi leur temps et leur \u00e9nergie pour concr\u00e9tiser cette vision. Le r\u00e9sultat est un espace d&rsquo;accueil chaleureux et fonctionnel, dot\u00e9 de huit lits, d&rsquo;installations sanitaires compl\u00e8tes, d&rsquo;une cuisine \u00e9quip\u00e9e et de toutes les commodit\u00e9s n\u00e9cessaires pour assurer le confort des patients. La proximit\u00e9 du centre avec la polyclinique de la ville garantit une prise en charge m\u00e9dicale rapide en cas de besoin, renfor\u00e7ant ainsi le maillage des structures de sant\u00e9 dans la r\u00e9gion. Cette synergie entre les diff\u00e9rents acteurs du syst\u00e8me de sant\u00e9 &#8211; h\u00f4pitaux, cliniques, associations &#8211; illustre l&rsquo;approche holistique adopt\u00e9e par les autorit\u00e9s pour am\u00e9liorer la prise en charge des patients atteints de cancer. L&rsquo;ouverture prochaine de ce centre d&rsquo;accueil, pr\u00e9vue pour fin septembre, s&rsquo;inscrit dans une dynamique nationale de renforcement des infrastructures d\u00e9di\u00e9es au traitement du cancer. Elle vient compl\u00e9ter les efforts d\u00e9j\u00e0 entrepris avec la cr\u00e9ation de Centres de lutte contre le cancer (CLCC) dans plusieurs wilayas du pays, dont celui de Dra\u00e2 Ben Khedda. Cette initiative locale r\u00e9sonne avec les orientations nationales visant \u00e0 d\u00e9centraliser les soins oncologiques et \u00e0 rapprocher les structures de traitement des patients. Elle permet non seulement d&rsquo;all\u00e9ger le fardeau financier des malades et de leurs familles, mais aussi d&rsquo;am\u00e9liorer leur confort pendant les p\u00e9riodes de traitement, un aspect crucial pour le bien-\u00eatre psychologique des patients.<\/p>\n\n\n\n<p>Le soutien apport\u00e9 par le staff soignant du CLCC \u00e0 ce projet t\u00e9moigne de l&rsquo;importance accord\u00e9e \u00e0 une approche globale du traitement du cancer, int\u00e9grant les aspects m\u00e9dicaux, sociaux et psychologiques. Cette collaboration entre professionnels de sant\u00e9 et b\u00e9n\u00e9voles illustre la volont\u00e9 de cr\u00e9er un \u00e9cosyst\u00e8me de soins coh\u00e9rent et efficace. L&rsquo;accueil enthousiaste r\u00e9serv\u00e9 \u00e0 cette initiative par les patients venus d&rsquo;autres wilayas souligne l&rsquo;importance de telles structures d&rsquo;h\u00e9bergement. Beaucoup expriment le souhait de voir ce type d&rsquo;actions se multiplier \u00e0 travers le pays, r\u00e9affirmant ainsi le besoin d&rsquo;un maillage territorial \u00e9quilibr\u00e9 en mati\u00e8re d&rsquo;infrastructures de sant\u00e9.<\/p>\n\n\n\n<p><strong>Salim Mokrane<\/strong><\/p>\n","protected":false},"excerpt":{"rendered":"<p>Dans le cadre de la politique de d\u00e9veloppement du secteur de la sant\u00e9, les autorit\u00e9s accordent une attention particuli\u00e8re au<\/p>\n","protected":false},"author":6,"featured_media":57144,"comment_status":"open","ping_status":"closed","sticky":false,"template":"","format":"standard","meta":{"colormag_page_container_layout":"default_layout","colormag_page_sidebar_layout":"default_layout","om_disable_all_campaigns":false,"_monsterinsights_skip_tracking":false,"_monsterinsights_sitenote_active":false,"_monsterinsights_sitenote_note":"","_monsterinsights_sitenote_category":0,"footnotes":"","_wpscppro_dont_share_socialmedia":false,"_wpscppro_custom_social_share_image":0,"_facebook_share_type":"default","_twitter_share_type":"default","_linkedin_share_type":"default","_pinterest_share_type":"default","_linkedin_share_type_page":"","_instagram_share_type":"default","_medium_share_type":"","_threads_share_type":"","_google_business_share_type":"","_selected_social_profile":[],"_wpsp_enable_custom_social_template":false,"_wpsp_social_scheduling":{"enabled":false,"datetime":null,"platforms":[],"status":"template_only","dateOption":"today","timeOption":"now","customDays":"","customHours":"","customDate":"","customTime":"","schedulingType":"absolute"},"_wpsp_active_default_template":true},"categories":[31],"tags":[],"class_list":["post-57143","post","type-post","status-publish","format-standard","has-post-thumbnail","hentry","category-regions"],"aioseo_notices":[],"yoast_head":"<!-- This site is optimized with the Yoast SEO plugin v27.5 - https:\/\/yoast.com\/product\/yoast-seo-wordpress\/ -->\n<title>Tizi-Ouzou: La prise en charge des patients atteints de cancer, une priorit\u00e9 - La Sentinelle<\/title>\n<meta name=\"robots\" content=\"index, follow, max-snippet:-1, max-image-preview:large, max-video-preview:-1\" \/>\n<link rel=\"canonical\" href=\"https:\/\/lasentinelle.dz\/index.php\/2024\/09\/18\/tizi-ouzou-la-prise-en-charge-des-patients-atteints-de-cancer-une-priorite\/\" \/>\n<meta property=\"og:locale\" content=\"fr_FR\" \/>\n<meta property=\"og:type\" content=\"article\" \/>\n<meta property=\"og:title\" content=\"Tizi-Ouzou: La prise en charge des patients atteints de cancer, une priorit\u00e9 - La Sentinelle\" \/>\n<meta property=\"og:description\" content=\"Dans le cadre de la politique de d\u00e9veloppement du secteur de la sant\u00e9, les autorit\u00e9s accordent une attention particuli\u00e8re au\" \/>\n<meta property=\"og:url\" content=\"https:\/\/lasentinelle.dz\/index.php\/2024\/09\/18\/tizi-ouzou-la-prise-en-charge-des-patients-atteints-de-cancer-une-priorite\/\" \/>\n<meta property=\"og:site_name\" content=\"La Sentinelle\" \/>\n<meta property=\"article:publisher\" content=\"https:\/\/www.facebook.com\/La-Sentinelle-104059864394773\" \/>\n<meta property=\"article:published_time\" content=\"2024-09-18T12:49:58+00:00\" \/>\n<meta property=\"article:modified_time\" content=\"2024-09-18T12:49:59+00:00\" \/>\n<meta property=\"og:image\" content=\"https:\/\/lasentinelle.dz\/wp-content\/uploads\/2024\/09\/centre-anti-cancer.jpg\" \/>\n\t<meta property=\"og:image:width\" content=\"960\" \/>\n\t<meta property=\"og:image:height\" content=\"720\" \/>\n\t<meta property=\"og:image:type\" content=\"image\/jpeg\" \/>\n<meta name=\"author\" content=\"admin\" \/>\n<meta name=\"twitter:card\" content=\"summary_large_image\" \/>\n<meta name=\"twitter:label1\" content=\"\u00c9crit par\" \/>\n\t<meta name=\"twitter:data1\" content=\"admin\" \/>\n\t<meta name=\"twitter:label2\" content=\"Dur\u00e9e de lecture estim\u00e9e\" \/>\n\t<meta name=\"twitter:data2\" content=\"4 minutes\" \/>\n<script type=\"application\/ld+json\" class=\"yoast-schema-graph\">{\"@context\":\"https:\\\/\\\/schema.org\",\"@graph\":[{\"@type\":\"Article\",\"@id\":\"https:\\\/\\\/lasentinelle.dz\\\/index.php\\\/2024\\\/09\\\/18\\\/tizi-ouzou-la-prise-en-charge-des-patients-atteints-de-cancer-une-priorite\\\/#article\",\"isPartOf\":{\"@id\":\"https:\\\/\\\/lasentinelle.dz\\\/index.php\\\/2024\\\/09\\\/18\\\/tizi-ouzou-la-prise-en-charge-des-patients-atteints-de-cancer-une-priorite\\\/\"},\"author\":{\"name\":\"admin\",\"@id\":\"https:\\\/\\\/lasentinelle.dz\\\/#\\\/schema\\\/person\\\/729ee0024f24e0b8c5ec17232f8e8b41\"},\"headline\":\"Tizi-Ouzou: La prise en charge des patients atteints de cancer, une priorit\u00e9\",\"datePublished\":\"2024-09-18T12:49:58+00:00\",\"dateModified\":\"2024-09-18T12:49:59+00:00\",\"mainEntityOfPage\":{\"@id\":\"https:\\\/\\\/lasentinelle.dz\\\/index.php\\\/2024\\\/09\\\/18\\\/tizi-ouzou-la-prise-en-charge-des-patients-atteints-de-cancer-une-priorite\\\/\"},\"wordCount\":680,\"commentCount\":0,\"publisher\":{\"@id\":\"https:\\\/\\\/lasentinelle.dz\\\/#organization\"},\"image\":{\"@id\":\"https:\\\/\\\/lasentinelle.dz\\\/index.php\\\/2024\\\/09\\\/18\\\/tizi-ouzou-la-prise-en-charge-des-patients-atteints-de-cancer-une-priorite\\\/#primaryimage\"},\"thumbnailUrl\":\"https:\\\/\\\/lasentinelle.dz\\\/wp-content\\\/uploads\\\/2024\\\/09\\\/centre-anti-cancer.jpg\",\"articleSection\":[\"R\u00e9gions\"],\"inLanguage\":\"fr-FR\",\"potentialAction\":[{\"@type\":\"CommentAction\",\"name\":\"Comment\",\"target\":[\"https:\\\/\\\/lasentinelle.dz\\\/index.php\\\/2024\\\/09\\\/18\\\/tizi-ouzou-la-prise-en-charge-des-patients-atteints-de-cancer-une-priorite\\\/#respond\"]}]},{\"@type\":\"WebPage\",\"@id\":\"https:\\\/\\\/lasentinelle.dz\\\/index.php\\\/2024\\\/09\\\/18\\\/tizi-ouzou-la-prise-en-charge-des-patients-atteints-de-cancer-une-priorite\\\/\",\"url\":\"https:\\\/\\\/lasentinelle.dz\\\/index.php\\\/2024\\\/09\\\/18\\\/tizi-ouzou-la-prise-en-charge-des-patients-atteints-de-cancer-une-priorite\\\/\",\"name\":\"Tizi-Ouzou: La prise en charge des patients atteints de cancer, une priorit\u00e9 - La Sentinelle\",\"isPartOf\":{\"@id\":\"https:\\\/\\\/lasentinelle.dz\\\/#website\"},\"primaryImageOfPage\":{\"@id\":\"https:\\\/\\\/lasentinelle.dz\\\/index.php\\\/2024\\\/09\\\/18\\\/tizi-ouzou-la-prise-en-charge-des-patients-atteints-de-cancer-une-priorite\\\/#primaryimage\"},\"image\":{\"@id\":\"https:\\\/\\\/lasentinelle.dz\\\/index.php\\\/2024\\\/09\\\/18\\\/tizi-ouzou-la-prise-en-charge-des-patients-atteints-de-cancer-une-priorite\\\/#primaryimage\"},\"thumbnailUrl\":\"https:\\\/\\\/lasentinelle.dz\\\/wp-content\\\/uploads\\\/2024\\\/09\\\/centre-anti-cancer.jpg\",\"datePublished\":\"2024-09-18T12:49:58+00:00\",\"dateModified\":\"2024-09-18T12:49:59+00:00\",\"breadcrumb\":{\"@id\":\"https:\\\/\\\/lasentinelle.dz\\\/index.php\\\/2024\\\/09\\\/18\\\/tizi-ouzou-la-prise-en-charge-des-patients-atteints-de-cancer-une-priorite\\\/#breadcrumb\"},\"inLanguage\":\"fr-FR\",\"potentialAction\":[{\"@type\":\"ReadAction\",\"target\":[\"https:\\\/\\\/lasentinelle.dz\\\/index.php\\\/2024\\\/09\\\/18\\\/tizi-ouzou-la-prise-en-charge-des-patients-atteints-de-cancer-une-priorite\\\/\"]}]},{\"@type\":\"ImageObject\",\"inLanguage\":\"fr-FR\",\"@id\":\"https:\\\/\\\/lasentinelle.dz\\\/index.php\\\/2024\\\/09\\\/18\\\/tizi-ouzou-la-prise-en-charge-des-patients-atteints-de-cancer-une-priorite\\\/#primaryimage\",\"url\":\"https:\\\/\\\/lasentinelle.dz\\\/wp-content\\\/uploads\\\/2024\\\/09\\\/centre-anti-cancer.jpg\",\"contentUrl\":\"https:\\\/\\\/lasentinelle.dz\\\/wp-content\\\/uploads\\\/2024\\\/09\\\/centre-anti-cancer.jpg\",\"width\":960,\"height\":720},{\"@type\":\"BreadcrumbList\",\"@id\":\"https:\\\/\\\/lasentinelle.dz\\\/index.php\\\/2024\\\/09\\\/18\\\/tizi-ouzou-la-prise-en-charge-des-patients-atteints-de-cancer-une-priorite\\\/#breadcrumb\",\"itemListElement\":[{\"@type\":\"ListItem\",\"position\":1,\"name\":\"Accueil\",\"item\":\"https:\\\/\\\/lasentinelle.dz\\\/\"},{\"@type\":\"ListItem\",\"position\":2,\"name\":\"Tizi-Ouzou: La prise en charge des patients atteints de cancer, une priorit\u00e9\"}]},{\"@type\":\"WebSite\",\"@id\":\"https:\\\/\\\/lasentinelle.dz\\\/#website\",\"url\":\"https:\\\/\\\/lasentinelle.dz\\\/\",\"name\":\"La Sentinelle\",\"description\":\"Quotidien national d&#039;information\",\"publisher\":{\"@id\":\"https:\\\/\\\/lasentinelle.dz\\\/#organization\"},\"potentialAction\":[{\"@type\":\"SearchAction\",\"target\":{\"@type\":\"EntryPoint\",\"urlTemplate\":\"https:\\\/\\\/lasentinelle.dz\\\/?s={search_term_string}\"},\"query-input\":{\"@type\":\"PropertyValueSpecification\",\"valueRequired\":true,\"valueName\":\"search_term_string\"}}],\"inLanguage\":\"fr-FR\"},{\"@type\":\"Organization\",\"@id\":\"https:\\\/\\\/lasentinelle.dz\\\/#organization\",\"name\":\"Quotidien La Sentinelle\",\"url\":\"https:\\\/\\\/lasentinelle.dz\\\/\",\"logo\":{\"@type\":\"ImageObject\",\"inLanguage\":\"fr-FR\",\"@id\":\"https:\\\/\\\/lasentinelle.dz\\\/#\\\/schema\\\/logo\\\/image\\\/\",\"url\":\"https:\\\/\\\/lasentinelle.dz\\\/wp-content\\\/uploads\\\/2021\\\/09\\\/logo-sentinelleSLOGAN-1.png\",\"contentUrl\":\"https:\\\/\\\/lasentinelle.dz\\\/wp-content\\\/uploads\\\/2021\\\/09\\\/logo-sentinelleSLOGAN-1.png\",\"width\":615,\"height\":142,\"caption\":\"Quotidien La Sentinelle\"},\"image\":{\"@id\":\"https:\\\/\\\/lasentinelle.dz\\\/#\\\/schema\\\/logo\\\/image\\\/\"},\"sameAs\":[\"https:\\\/\\\/www.facebook.com\\\/La-Sentinelle-104059864394773\"]},{\"@type\":\"Person\",\"@id\":\"https:\\\/\\\/lasentinelle.dz\\\/#\\\/schema\\\/person\\\/729ee0024f24e0b8c5ec17232f8e8b41\",\"name\":\"admin\",\"image\":{\"@type\":\"ImageObject\",\"inLanguage\":\"fr-FR\",\"@id\":\"https:\\\/\\\/secure.gravatar.com\\\/avatar\\\/4c81fed838786e9b53f540bf46533e750f5d292099ae3b66cfc6fb1982e29df7?s=96&d=mm&r=g\",\"url\":\"https:\\\/\\\/secure.gravatar.com\\\/avatar\\\/4c81fed838786e9b53f540bf46533e750f5d292099ae3b66cfc6fb1982e29df7?s=96&d=mm&r=g\",\"contentUrl\":\"https:\\\/\\\/secure.gravatar.com\\\/avatar\\\/4c81fed838786e9b53f540bf46533e750f5d292099ae3b66cfc6fb1982e29df7?s=96&d=mm&r=g\",\"caption\":\"admin\"},\"description\":\"admin\",\"url\":\"https:\\\/\\\/lasentinelle.dz\\\/author\\\/admin\\\/\"}]}<\/script>\n<!-- \/ Yoast SEO plugin. -->","yoast_head_json":{"title":"Tizi-Ouzou: La prise en charge des patients atteints de cancer, une priorit\u00e9 - La Sentinelle","robots":{"index":"index","follow":"follow","max-snippet":"max-snippet:-1","max-image-preview":"max-image-preview:large","max-video-preview":"max-video-preview:-1"},"canonical":"https:\/\/lasentinelle.dz\/index.php\/2024\/09\/18\/tizi-ouzou-la-prise-en-charge-des-patients-atteints-de-cancer-une-priorite\/","og_locale":"fr_FR","og_type":"article","og_title":"Tizi-Ouzou: La prise en charge des patients atteints de cancer, une priorit\u00e9 - La Sentinelle","og_description":"Dans le cadre de la politique de d\u00e9veloppement du secteur de la sant\u00e9, les autorit\u00e9s accordent une attention particuli\u00e8re au","og_url":"https:\/\/lasentinelle.dz\/index.php\/2024\/09\/18\/tizi-ouzou-la-prise-en-charge-des-patients-atteints-de-cancer-une-priorite\/","og_site_name":"La Sentinelle","article_publisher":"https:\/\/www.facebook.com\/La-Sentinelle-104059864394773","article_published_time":"2024-09-18T12:49:58+00:00","article_modified_time":"2024-09-18T12:49:59+00:00","og_image":[{"width":960,"height":720,"url":"https:\/\/lasentinelle.dz\/wp-content\/uploads\/2024\/09\/centre-anti-cancer.jpg","type":"image\/jpeg"}],"author":"admin","twitter_card":"summary_large_image","twitter_misc":{"\u00c9crit par":"admin","Dur\u00e9e de lecture estim\u00e9e":"4 minutes"},"schema":{"@context":"https:\/\/schema.org","@graph":[{"@type":"Article","@id":"https:\/\/lasentinelle.dz\/index.php\/2024\/09\/18\/tizi-ouzou-la-prise-en-charge-des-patients-atteints-de-cancer-une-priorite\/#article","isPartOf":{"@id":"https:\/\/lasentinelle.dz\/index.php\/2024\/09\/18\/tizi-ouzou-la-prise-en-charge-des-patients-atteints-de-cancer-une-priorite\/"},"author":{"name":"admin","@id":"https:\/\/lasentinelle.dz\/#\/schema\/person\/729ee0024f24e0b8c5ec17232f8e8b41"},"headline":"Tizi-Ouzou: La prise en charge des patients atteints de cancer, une priorit\u00e9","datePublished":"2024-09-18T12:49:58+00:00","dateModified":"2024-09-18T12:49:59+00:00","mainEntityOfPage":{"@id":"https:\/\/lasentinelle.dz\/index.php\/2024\/09\/18\/tizi-ouzou-la-prise-en-charge-des-patients-atteints-de-cancer-une-priorite\/"},"wordCount":680,"commentCount":0,"publisher":{"@id":"https:\/\/lasentinelle.dz\/#organization"},"image":{"@id":"https:\/\/lasentinelle.dz\/index.php\/2024\/09\/18\/tizi-ouzou-la-prise-en-charge-des-patients-atteints-de-cancer-une-priorite\/#primaryimage"},"thumbnailUrl":"https:\/\/lasentinelle.dz\/wp-content\/uploads\/2024\/09\/centre-anti-cancer.jpg","articleSection":["R\u00e9gions"],"inLanguage":"fr-FR","potentialAction":[{"@type":"CommentAction","name":"Comment","target":["https:\/\/lasentinelle.dz\/index.php\/2024\/09\/18\/tizi-ouzou-la-prise-en-charge-des-patients-atteints-de-cancer-une-priorite\/#respond"]}]},{"@type":"WebPage","@id":"https:\/\/lasentinelle.dz\/index.php\/2024\/09\/18\/tizi-ouzou-la-prise-en-charge-des-patients-atteints-de-cancer-une-priorite\/","url":"https:\/\/lasentinelle.dz\/index.php\/2024\/09\/18\/tizi-ouzou-la-prise-en-charge-des-patients-atteints-de-cancer-une-priorite\/","name":"Tizi-Ouzou: La prise en charge des patients atteints de cancer, une priorit\u00e9 - La Sentinelle","isPartOf":{"@id":"https:\/\/lasentinelle.dz\/#website"},"primaryImageOfPage":{"@id":"https:\/\/lasentinelle.dz\/index.php\/2024\/09\/18\/tizi-ouzou-la-prise-en-charge-des-patients-atteints-de-cancer-une-priorite\/#primaryimage"},"image":{"@id":"https:\/\/lasentinelle.dz\/index.php\/2024\/09\/18\/tizi-ouzou-la-prise-en-charge-des-patients-atteints-de-cancer-une-priorite\/#primaryimage"},"thumbnailUrl":"https:\/\/lasentinelle.dz\/wp-content\/uploads\/2024\/09\/centre-anti-cancer.jpg","datePublished":"2024-09-18T12:49:58+00:00","dateModified":"2024-09-18T12:49:59+00:00","breadcrumb":{"@id":"https:\/\/lasentinelle.dz\/index.php\/2024\/09\/18\/tizi-ouzou-la-prise-en-charge-des-patients-atteints-de-cancer-une-priorite\/#breadcrumb"},"inLanguage":"fr-FR","potentialAction":[{"@type":"ReadAction","target":["https:\/\/lasentinelle.dz\/index.php\/2024\/09\/18\/tizi-ouzou-la-prise-en-charge-des-patients-atteints-de-cancer-une-priorite\/"]}]},{"@type":"ImageObject","inLanguage":"fr-FR","@id":"https:\/\/lasentinelle.dz\/index.php\/2024\/09\/18\/tizi-ouzou-la-prise-en-charge-des-patients-atteints-de-cancer-une-priorite\/#primaryimage","url":"https:\/\/lasentinelle.dz\/wp-content\/uploads\/2024\/09\/centre-anti-cancer.jpg","contentUrl":"https:\/\/lasentinelle.dz\/wp-content\/uploads\/2024\/09\/centre-anti-cancer.jpg","width":960,"height":720},{"@type":"BreadcrumbList","@id":"https:\/\/lasentinelle.dz\/index.php\/2024\/09\/18\/tizi-ouzou-la-prise-en-charge-des-patients-atteints-de-cancer-une-priorite\/#breadcrumb","itemListElement":[{"@type":"ListItem","position":1,"name":"Accueil","item":"https:\/\/lasentinelle.dz\/"},{"@type":"ListItem","position":2,"name":"Tizi-Ouzou: La prise en charge des patients atteints de cancer, une priorit\u00e9"}]},{"@type":"WebSite","@id":"https:\/\/lasentinelle.dz\/#website","url":"https:\/\/lasentinelle.dz\/","name":"La Sentinelle","description":"Quotidien national d&#039;information","publisher":{"@id":"https:\/\/lasentinelle.dz\/#organization"},"potentialAction":[{"@type":"SearchAction","target":{"@type":"EntryPoint","urlTemplate":"https:\/\/lasentinelle.dz\/?s={search_term_string}"},"query-input":{"@type":"PropertyValueSpecification","valueRequired":true,"valueName":"search_term_string"}}],"inLanguage":"fr-FR"},{"@type":"Organization","@id":"https:\/\/lasentinelle.dz\/#organization","name":"Quotidien La Sentinelle","url":"https:\/\/lasentinelle.dz\/","logo":{"@type":"ImageObject","inLanguage":"fr-FR","@id":"https:\/\/lasentinelle.dz\/#\/schema\/logo\/image\/","url":"https:\/\/lasentinelle.dz\/wp-content\/uploads\/2021\/09\/logo-sentinelleSLOGAN-1.png","contentUrl":"https:\/\/lasentinelle.dz\/wp-content\/uploads\/2021\/09\/logo-sentinelleSLOGAN-1.png","width":615,"height":142,"caption":"Quotidien La Sentinelle"},"image":{"@id":"https:\/\/lasentinelle.dz\/#\/schema\/logo\/image\/"},"sameAs":["https:\/\/www.facebook.com\/La-Sentinelle-104059864394773"]},{"@type":"Person","@id":"https:\/\/lasentinelle.dz\/#\/schema\/person\/729ee0024f24e0b8c5ec17232f8e8b41","name":"admin","image":{"@type":"ImageObject","inLanguage":"fr-FR","@id":"https:\/\/secure.gravatar.com\/avatar\/4c81fed838786e9b53f540bf46533e750f5d292099ae3b66cfc6fb1982e29df7?s=96&d=mm&r=g","url":"https:\/\/secure.gravatar.com\/avatar\/4c81fed838786e9b53f540bf46533e750f5d292099ae3b66cfc6fb1982e29df7?s=96&d=mm&r=g","contentUrl":"https:\/\/secure.gravatar.com\/avatar\/4c81fed838786e9b53f540bf46533e750f5d292099ae3b66cfc6fb1982e29df7?s=96&d=mm&r=g","caption":"admin"},"description":"admin","url":"https:\/\/lasentinelle.dz\/author\/admin\/"}]}},"_links":{"self":[{"href":"https:\/\/lasentinelle.dz\/index.php\/wp-json\/wp\/v2\/posts\/57143","targetHints":{"allow":["GET"]}}],"collection":[{"href":"https:\/\/lasentinelle.dz\/index.php\/wp-json\/wp\/v2\/posts"}],"about":[{"href":"https:\/\/lasentinelle.dz\/index.php\/wp-json\/wp\/v2\/types\/post"}],"author":[{"embeddable":true,"href":"https:\/\/lasentinelle.dz\/index.php\/wp-json\/wp\/v2\/users\/6"}],"replies":[{"embeddable":true,"href":"https:\/\/lasentinelle.dz\/index.php\/wp-json\/wp\/v2\/comments?post=57143"}],"version-history":[{"count":1,"href":"https:\/\/lasentinelle.dz\/index.php\/wp-json\/wp\/v2\/posts\/57143\/revisions"}],"predecessor-version":[{"id":57145,"href":"https:\/\/lasentinelle.dz\/index.php\/wp-json\/wp\/v2\/posts\/57143\/revisions\/57145"}],"wp:featuredmedia":[{"embeddable":true,"href":"https:\/\/lasentinelle.dz\/index.php\/wp-json\/wp\/v2\/media\/57144"}],"wp:attachment":[{"href":"https:\/\/lasentinelle.dz\/index.php\/wp-json\/wp\/v2\/media?parent=57143"}],"wp:term":[{"taxonomy":"category","embeddable":true,"href":"https:\/\/lasentinelle.dz\/index.php\/wp-json\/wp\/v2\/categories?post=57143"},{"taxonomy":"post_tag","embeddable":true,"href":"https:\/\/lasentinelle.dz\/index.php\/wp-json\/wp\/v2\/tags?post=57143"}],"curies":[{"name":"wp","href":"https:\/\/api.w.org\/{rel}","templated":true}]}}