{"id":57146,"date":"2024-09-18T13:51:06","date_gmt":"2024-09-18T12:51:06","guid":{"rendered":"https:\/\/lasentinelle.dz\/?p=57146"},"modified":"2024-09-18T13:51:07","modified_gmt":"2024-09-18T12:51:07","slug":"moyen-orient-lentite-sioniste-cherche-a-elargir-sa-guerre-au-liban","status":"publish","type":"post","link":"https:\/\/lasentinelle.dz\/index.php\/2024\/09\/18\/moyen-orient-lentite-sioniste-cherche-a-elargir-sa-guerre-au-liban\/","title":{"rendered":"Moyen-Orient: L&rsquo;entit\u00e9 sioniste cherche \u00e0 \u00e9largir sa guerre au Liban"},"content":{"rendered":"\n<p>L&rsquo;entit\u00e9 sioniste affiche ses vell\u00e9it\u00e9s de d\u00e9stabilisation de la r\u00e9gion du Moyen-Orient. Le premier ministre sioniste, mu par des calculs politiques, mais aussi par une id\u00e9ologie messianique, cherche \u00e0 faire perdure la guerre le plus longtemps possible et \u00e0 l&rsquo;\u00e9largir pour se maintenir au pouvoir et \u00e9chapper ainsi \u00e0 des accusations de corruption, mais aussi mette en \u0153uvre la strat\u00e9gie expansionniste de son parti d&rsquo;extr\u00eame droite, le Likoud et de ses alli\u00e9s de m\u00eame ob\u00e9dience. Alors que la guerre g\u00e9nocidaire sioniste \u00e0 Ghaza dure depuis pr\u00e8s d&rsquo;un an et que l&rsquo;occupation et la colonisation s&rsquo;acc\u00e9l\u00e8rent Cisjordanie, l&rsquo;entit\u00e9 sioniste cherche \u00e0 ouvrir un nouveau front de guerre avec le Liban. Cette strat\u00e9gie d&rsquo;expansion du conflit met en p\u00e9ril les efforts diplomatiques visant \u00e0 instaurer un cessez-le-feu et soul\u00e8ve de graves inqui\u00e9tudes quant \u00e0 une possible conflagration r\u00e9gionale.<\/p>\n\n\n\n<p>Hier, l&rsquo;entit\u00e9 a annonc\u00e9 son intention d&rsquo;\u00e9largir les objectifs de sa guerre \u00e0 Ghaza pour y inclure le front avec le Hezbollah au Liban. Cette d\u00e9claration intervient dans un contexte d\u00e9j\u00e0 tendu, marqu\u00e9 par des \u00e9changes de tirs r\u00e9guliers entre l&rsquo;arm\u00e9e d&rsquo;occupation isra\u00e9lienne et le Hezbollah \u00e0 la fronti\u00e8re libanaise. La situation s&rsquo;est encore aggrav\u00e9e avec une frappe isra\u00e9lienne \u00e0 Blida, dans le sud du Liban, qui a co\u00fbt\u00e9 la vie \u00e0 trois personnes selon les autorit\u00e9s libanaises. Cette escalade des violences fait craindre une extension du conflit au Liban, pays d\u00e9j\u00e0 fragilis\u00e9 par une grave crise \u00e9conomique et politique.<\/p>\n\n\n\n<p>L&rsquo;incident le plus r\u00e9cent impliquant le Hezbollah souligne la volatilit\u00e9 de la situation : des centaines de membres du groupe, dont des combattants et des personnels soignants, ont \u00e9t\u00e9 bless\u00e9s mardi lorsque leurs bippeurs ont explos\u00e9. Un responsable du Hezbollah a qualifi\u00e9 cet \u00e9v\u00e9nement de \u00ab\u00a0plus grande faille de s\u00e9curit\u00e9\u00a0\u00bb subie par le groupe depuis le d\u00e9but de l&rsquo;agression g\u00e9nocidaire sioniste contre Ghaza en octobre dernier.<\/p>\n\n\n\n<p>Cette escalade des tensions survient alors m\u00eame que des efforts diplomatiques sont en cours pour tenter de mettre fin \u00e0 l&rsquo;agression contre Ghaza. Le secr\u00e9taire d&rsquo;\u00c9tat am\u00e9ricain Antony Blinken est attendu aujourd&rsquo;hui mercredi en \u00c9gypte pour discuter d&rsquo;une nouvelle proposition de compromis en vue d&rsquo;un cessez-le-feu.<\/p>\n\n\n\n<p>Cependant, l&rsquo;\u00e9largissement du front par l&rsquo;entit\u00e9 sioniste risque de compromettre ces initiatives. Le d\u00e9partement d&rsquo;\u00c9tat am\u00e9ricain a estim\u00e9 qu'\u00a0\u00bbune solution diplomatique est la bonne fa\u00e7on, et la seule fa\u00e7on, de ramener le calme\u00a0\u00bb. Pourtant, les actions isra\u00e9liennes semblent aller \u00e0 l&rsquo;encontre de cette approche.<\/p>\n\n\n\n<p>Le Qatar, qui joue un r\u00f4le de m\u00e9diateur aux c\u00f4t\u00e9s de l&rsquo;\u00c9gypte et des \u00c9tats-Unis, a affirm\u00e9 mardi que les efforts se poursuivaient pour tenter de parvenir \u00e0 un cessez-le-feu. N\u00e9anmoins, l&rsquo;intransigeance l&rsquo;occupant et son apparente volont\u00e9 d&rsquo;\u00e9tendre le conflit compliquent consid\u00e9rablement ces d\u00e9marches, alors que les discussions men\u00e9es jusque-l\u00e0 n&rsquo;ont abouti \u00e0 aucun r\u00e9sultat.<\/p>\n\n\n\n<p>Situation humanitaire catastrophique \u00e0 Ghaza<\/p>\n\n\n\n<p>Pendant ce temps, la situation humanitaire \u00e0 Ghaza ne cesse de se d\u00e9t\u00e9riorer. Le bilan humain de l&rsquo;agression g\u00e9nocidaire contre l&rsquo;enclave palestinienne s&rsquo;\u00e9l\u00e8ve d\u00e9sormais \u00e0 41 252 morts et 95 497 bless\u00e9s, en majorit\u00e9 des femmes et des enfants, selon le minist\u00e8re palestinien de la Sant\u00e9.<\/p>\n\n\n\n<p>Les bombardements isra\u00e9liens se poursuivent sans rel\u00e2che. Mardi avant l&rsquo;aube, des frappes a\u00e9riennes ont cibl\u00e9 la bande de Ghaza, faisant au moins sept morts dont trois dans une maison de la ville de Ghaza. Plus tard dans la journ\u00e9e, plusieurs bombardements a\u00e9riens contre le camp de r\u00e9fugi\u00e9s d&rsquo;al-Bureij, dans le centre de Ghaza, ont fait des dizaines de morts et de bless\u00e9s.<\/p>\n\n\n\n<p>Les ordres d&rsquo;\u00e9vacuation \u00e9mis par l&rsquo;arm\u00e9e isra\u00e9lienne couvrent d\u00e9sormais plus de 85% de la bande de Ghaza, selon l&rsquo;ONU. Ces d\u00e9placements forc\u00e9s ont des cons\u00e9quences dramatiques sur la population, s\u00e9parant les familles et \u00e9rodant les syst\u00e8mes de protection sociale, en particulier pour les femmes et les enfants. L&rsquo;acheminement de l&rsquo;aide humanitaire est s\u00e9v\u00e8rement entrav\u00e9 par ces ordres d&rsquo;\u00e9vacuation et les bombardements et op\u00e9rations terrestres de l&rsquo;occupant. Entre le 1er et le 15 septembre, seules 37 des 94 missions humanitaires pr\u00e9vues pour le nord de Ghaza ont pu \u00eatre men\u00e9es \u00e0 bien. Les convois d&rsquo;aide sont r\u00e9guli\u00e8rement la cible de tirs ou expos\u00e9s \u00e0 des conditions mettant en danger la vie des humanitaires. La situation sanitaire est particuli\u00e8rement alarmante. Plus de 1 150 professionnels de sant\u00e9 sont tomb\u00e9s en martyrs \u00e0 Ghaza depuis le d\u00e9but de la guerre, dont 146 m\u00e9decins et 18 ambulanciers. Le syst\u00e8me de sant\u00e9 de Ghaza s&rsquo;est effondr\u00e9 sous le poids des bombardements incessants et de la destruction des infrastructures. La pollution de l&rsquo;eau est devenue \u00ab\u00a0une bombe silencieuse\u00a0\u00bb selon Pedro Araujo Agudo, rapporteur sp\u00e9cial des Nations Unies sur le droit \u00e0 l&rsquo;eau et \u00e0 l&rsquo;assainissement. Les habitants de Ghaza ne disposent en moyenne que de 4,7 litres d&rsquo;eau par personne et par jour, bien en de\u00e7\u00e0 du minimum de 15 litres recommand\u00e9 par l&rsquo;OMS en situation d&rsquo;urgence. l&rsquo;occupation sioniste emp\u00eache l&rsquo;entr\u00e9e d&rsquo;environ 70% des mat\u00e9riaux n\u00e9cessaires \u00e0 la purification de l&rsquo;eau \u00e0 Ghaza, aggravant ainsi la crise de l&rsquo;eau potable. Face \u00e0 cette situation, la communaut\u00e9 internationale semble impuissante. Le Secr\u00e9taire g\u00e9n\u00e9ral des Nations unies, Antonio Guterres, a qualifi\u00e9 d'\u00a0\u00bbinimaginable\u00a0\u00bb le niveau de souffrance dans la bande de Ghaza, d\u00e9non\u00e7ant les \u00ab\u00a0violations \u00e0 grande \u00e9chelle\u00a0\u00bb commises par l&rsquo;entit\u00e9 sioniste et appelant \u00e0 nouveau \u00e0 un cessez-le-feu \u00ab\u00a0imm\u00e9diat\u00a0\u00bb.<\/p>\n\n\n\n<p>La Chine, par la voix de son repr\u00e9sentant permanent adjoint aupr\u00e8s des Nations Unies, Geng Shuang, a exhort\u00e9 les \u00c9tats-Unis \u00e0 prendre des mesures tangibles pour pousser l&rsquo;entit\u00e9 sioniste \u00e0 cesser sans d\u00e9lai ses \u00ab\u00a0op\u00e9rations militaires\u00a0\u00bb \u00e0 Ghaza. Le diplomate chinois a soulign\u00e9 que si les \u00c9tats-Unis n&rsquo;avaient pas fait obstacle \u00e0 maintes occasions, le Conseil de s\u00e9curit\u00e9 aurait pu adopter une r\u00e9solution exigeant un cessez-le-feu d\u00e8s le d\u00e9but de l&rsquo;agression, le 7 octobre 2023.<\/p>\n\n\n\n<p>Le chef du Hamas Yahya Sinouar a assur\u00e9 que son mouvement \u00e9tait \u00ab\u00a0pr\u00e9par\u00e9\u00a0\u00bb \u00e0 \u00ab\u00a0mener une longue guerre d&rsquo;usure\u00a0\u00bb contre l&rsquo;arm\u00e9e d&rsquo;occupation isra\u00e9lienne.<\/p>\n\n\n\n<p>Lyes Sa\u00efdi<\/p>\n","protected":false},"excerpt":{"rendered":"<p>L&rsquo;entit\u00e9 sioniste affiche ses vell\u00e9it\u00e9s de d\u00e9stabilisation de la r\u00e9gion du Moyen-Orient. Le premier ministre sioniste, mu par des calculs<\/p>\n","protected":false},"author":6,"featured_media":53802,"comment_status":"open","ping_status":"closed","sticky":false,"template":"","format":"standard","meta":{"colormag_page_container_layout":"default_layout","colormag_page_sidebar_layout":"default_layout","om_disable_all_campaigns":false,"_monsterinsights_skip_tracking":false,"_monsterinsights_sitenote_active":false,"_monsterinsights_sitenote_note":"","_monsterinsights_sitenote_category":0,"footnotes":"","_wpscppro_dont_share_socialmedia":false,"_wpscppro_custom_social_share_image":0,"_facebook_share_type":"default","_twitter_share_type":"default","_linkedin_share_type":"default","_pinterest_share_type":"default","_linkedin_share_type_page":"","_instagram_share_type":"default","_medium_share_type":"","_threads_share_type":"","_google_business_share_type":"","_selected_social_profile":[],"_wpsp_enable_custom_social_template":false,"_wpsp_social_scheduling":{"enabled":false,"datetime":null,"platforms":[],"status":"template_only","dateOption":"today","timeOption":"now","customDays":"","customHours":"","customDate":"","customTime":"","schedulingType":"absolute"},"_wpsp_active_default_template":true},"categories":[27],"tags":[],"class_list":["post-57146","post","type-post","status-publish","format-standard","has-post-thumbnail","hentry","category-actualite"],"aioseo_notices":[],"yoast_head":"<!-- This site is optimized with the Yoast SEO plugin v27.5 - https:\/\/yoast.com\/product\/yoast-seo-wordpress\/ -->\n<title>Moyen-Orient: L&rsquo;entit\u00e9 sioniste cherche \u00e0 \u00e9largir sa guerre au Liban - La Sentinelle<\/title>\n<meta name=\"robots\" content=\"index, follow, max-snippet:-1, max-image-preview:large, max-video-preview:-1\" \/>\n<link rel=\"canonical\" href=\"https:\/\/lasentinelle.dz\/index.php\/2024\/09\/18\/moyen-orient-lentite-sioniste-cherche-a-elargir-sa-guerre-au-liban\/\" \/>\n<meta property=\"og:locale\" content=\"fr_FR\" \/>\n<meta property=\"og:type\" content=\"article\" \/>\n<meta property=\"og:title\" content=\"Moyen-Orient: L&rsquo;entit\u00e9 sioniste cherche \u00e0 \u00e9largir sa guerre au Liban - La Sentinelle\" \/>\n<meta property=\"og:description\" content=\"L&rsquo;entit\u00e9 sioniste affiche ses vell\u00e9it\u00e9s de d\u00e9stabilisation de la r\u00e9gion du Moyen-Orient. Le premier ministre sioniste, mu par des calculs\" \/>\n<meta property=\"og:url\" content=\"https:\/\/lasentinelle.dz\/index.php\/2024\/09\/18\/moyen-orient-lentite-sioniste-cherche-a-elargir-sa-guerre-au-liban\/\" \/>\n<meta property=\"og:site_name\" content=\"La Sentinelle\" \/>\n<meta property=\"article:publisher\" content=\"https:\/\/www.facebook.com\/La-Sentinelle-104059864394773\" \/>\n<meta property=\"article:published_time\" content=\"2024-09-18T12:51:06+00:00\" \/>\n<meta property=\"article:modified_time\" content=\"2024-09-18T12:51:07+00:00\" \/>\n<meta property=\"og:image\" content=\"https:\/\/lasentinelle.dz\/wp-content\/uploads\/2024\/06\/Liban.png\" \/>\n\t<meta property=\"og:image:width\" content=\"1200\" \/>\n\t<meta property=\"og:image:height\" content=\"778\" \/>\n\t<meta property=\"og:image:type\" content=\"image\/png\" \/>\n<meta name=\"author\" content=\"admin\" \/>\n<meta name=\"twitter:card\" content=\"summary_large_image\" \/>\n<meta name=\"twitter:label1\" content=\"\u00c9crit par\" \/>\n\t<meta name=\"twitter:data1\" content=\"admin\" \/>\n\t<meta name=\"twitter:label2\" content=\"Dur\u00e9e de lecture estim\u00e9e\" \/>\n\t<meta name=\"twitter:data2\" content=\"6 minutes\" \/>\n<script type=\"application\/ld+json\" class=\"yoast-schema-graph\">{\"@context\":\"https:\\\/\\\/schema.org\",\"@graph\":[{\"@type\":\"Article\",\"@id\":\"https:\\\/\\\/lasentinelle.dz\\\/index.php\\\/2024\\\/09\\\/18\\\/moyen-orient-lentite-sioniste-cherche-a-elargir-sa-guerre-au-liban\\\/#article\",\"isPartOf\":{\"@id\":\"https:\\\/\\\/lasentinelle.dz\\\/index.php\\\/2024\\\/09\\\/18\\\/moyen-orient-lentite-sioniste-cherche-a-elargir-sa-guerre-au-liban\\\/\"},\"author\":{\"name\":\"admin\",\"@id\":\"https:\\\/\\\/lasentinelle.dz\\\/#\\\/schema\\\/person\\\/729ee0024f24e0b8c5ec17232f8e8b41\"},\"headline\":\"Moyen-Orient: L&rsquo;entit\u00e9 sioniste cherche \u00e0 \u00e9largir sa guerre au Liban\",\"datePublished\":\"2024-09-18T12:51:06+00:00\",\"dateModified\":\"2024-09-18T12:51:07+00:00\",\"mainEntityOfPage\":{\"@id\":\"https:\\\/\\\/lasentinelle.dz\\\/index.php\\\/2024\\\/09\\\/18\\\/moyen-orient-lentite-sioniste-cherche-a-elargir-sa-guerre-au-liban\\\/\"},\"wordCount\":1085,\"commentCount\":0,\"publisher\":{\"@id\":\"https:\\\/\\\/lasentinelle.dz\\\/#organization\"},\"image\":{\"@id\":\"https:\\\/\\\/lasentinelle.dz\\\/index.php\\\/2024\\\/09\\\/18\\\/moyen-orient-lentite-sioniste-cherche-a-elargir-sa-guerre-au-liban\\\/#primaryimage\"},\"thumbnailUrl\":\"https:\\\/\\\/lasentinelle.dz\\\/wp-content\\\/uploads\\\/2024\\\/06\\\/Liban.png\",\"articleSection\":[\"Actualit\u00e9\"],\"inLanguage\":\"fr-FR\",\"potentialAction\":[{\"@type\":\"CommentAction\",\"name\":\"Comment\",\"target\":[\"https:\\\/\\\/lasentinelle.dz\\\/index.php\\\/2024\\\/09\\\/18\\\/moyen-orient-lentite-sioniste-cherche-a-elargir-sa-guerre-au-liban\\\/#respond\"]}]},{\"@type\":\"WebPage\",\"@id\":\"https:\\\/\\\/lasentinelle.dz\\\/index.php\\\/2024\\\/09\\\/18\\\/moyen-orient-lentite-sioniste-cherche-a-elargir-sa-guerre-au-liban\\\/\",\"url\":\"https:\\\/\\\/lasentinelle.dz\\\/index.php\\\/2024\\\/09\\\/18\\\/moyen-orient-lentite-sioniste-cherche-a-elargir-sa-guerre-au-liban\\\/\",\"name\":\"Moyen-Orient: L&rsquo;entit\u00e9 sioniste cherche \u00e0 \u00e9largir sa guerre au Liban - La Sentinelle\",\"isPartOf\":{\"@id\":\"https:\\\/\\\/lasentinelle.dz\\\/#website\"},\"primaryImageOfPage\":{\"@id\":\"https:\\\/\\\/lasentinelle.dz\\\/index.php\\\/2024\\\/09\\\/18\\\/moyen-orient-lentite-sioniste-cherche-a-elargir-sa-guerre-au-liban\\\/#primaryimage\"},\"image\":{\"@id\":\"https:\\\/\\\/lasentinelle.dz\\\/index.php\\\/2024\\\/09\\\/18\\\/moyen-orient-lentite-sioniste-cherche-a-elargir-sa-guerre-au-liban\\\/#primaryimage\"},\"thumbnailUrl\":\"https:\\\/\\\/lasentinelle.dz\\\/wp-content\\\/uploads\\\/2024\\\/06\\\/Liban.png\",\"datePublished\":\"2024-09-18T12:51:06+00:00\",\"dateModified\":\"2024-09-18T12:51:07+00:00\",\"breadcrumb\":{\"@id\":\"https:\\\/\\\/lasentinelle.dz\\\/index.php\\\/2024\\\/09\\\/18\\\/moyen-orient-lentite-sioniste-cherche-a-elargir-sa-guerre-au-liban\\\/#breadcrumb\"},\"inLanguage\":\"fr-FR\",\"potentialAction\":[{\"@type\":\"ReadAction\",\"target\":[\"https:\\\/\\\/lasentinelle.dz\\\/index.php\\\/2024\\\/09\\\/18\\\/moyen-orient-lentite-sioniste-cherche-a-elargir-sa-guerre-au-liban\\\/\"]}]},{\"@type\":\"ImageObject\",\"inLanguage\":\"fr-FR\",\"@id\":\"https:\\\/\\\/lasentinelle.dz\\\/index.php\\\/2024\\\/09\\\/18\\\/moyen-orient-lentite-sioniste-cherche-a-elargir-sa-guerre-au-liban\\\/#primaryimage\",\"url\":\"https:\\\/\\\/lasentinelle.dz\\\/wp-content\\\/uploads\\\/2024\\\/06\\\/Liban.png\",\"contentUrl\":\"https:\\\/\\\/lasentinelle.dz\\\/wp-content\\\/uploads\\\/2024\\\/06\\\/Liban.png\",\"width\":1200,\"height\":778},{\"@type\":\"BreadcrumbList\",\"@id\":\"https:\\\/\\\/lasentinelle.dz\\\/index.php\\\/2024\\\/09\\\/18\\\/moyen-orient-lentite-sioniste-cherche-a-elargir-sa-guerre-au-liban\\\/#breadcrumb\",\"itemListElement\":[{\"@type\":\"ListItem\",\"position\":1,\"name\":\"Accueil\",\"item\":\"https:\\\/\\\/lasentinelle.dz\\\/\"},{\"@type\":\"ListItem\",\"position\":2,\"name\":\"Moyen-Orient: L&rsquo;entit\u00e9 sioniste cherche \u00e0 \u00e9largir sa guerre au Liban\"}]},{\"@type\":\"WebSite\",\"@id\":\"https:\\\/\\\/lasentinelle.dz\\\/#website\",\"url\":\"https:\\\/\\\/lasentinelle.dz\\\/\",\"name\":\"La Sentinelle\",\"description\":\"Quotidien national d&#039;information\",\"publisher\":{\"@id\":\"https:\\\/\\\/lasentinelle.dz\\\/#organization\"},\"potentialAction\":[{\"@type\":\"SearchAction\",\"target\":{\"@type\":\"EntryPoint\",\"urlTemplate\":\"https:\\\/\\\/lasentinelle.dz\\\/?s={search_term_string}\"},\"query-input\":{\"@type\":\"PropertyValueSpecification\",\"valueRequired\":true,\"valueName\":\"search_term_string\"}}],\"inLanguage\":\"fr-FR\"},{\"@type\":\"Organization\",\"@id\":\"https:\\\/\\\/lasentinelle.dz\\\/#organization\",\"name\":\"Quotidien La Sentinelle\",\"url\":\"https:\\\/\\\/lasentinelle.dz\\\/\",\"logo\":{\"@type\":\"ImageObject\",\"inLanguage\":\"fr-FR\",\"@id\":\"https:\\\/\\\/lasentinelle.dz\\\/#\\\/schema\\\/logo\\\/image\\\/\",\"url\":\"https:\\\/\\\/lasentinelle.dz\\\/wp-content\\\/uploads\\\/2021\\\/09\\\/logo-sentinelleSLOGAN-1.png\",\"contentUrl\":\"https:\\\/\\\/lasentinelle.dz\\\/wp-content\\\/uploads\\\/2021\\\/09\\\/logo-sentinelleSLOGAN-1.png\",\"width\":615,\"height\":142,\"caption\":\"Quotidien La Sentinelle\"},\"image\":{\"@id\":\"https:\\\/\\\/lasentinelle.dz\\\/#\\\/schema\\\/logo\\\/image\\\/\"},\"sameAs\":[\"https:\\\/\\\/www.facebook.com\\\/La-Sentinelle-104059864394773\"]},{\"@type\":\"Person\",\"@id\":\"https:\\\/\\\/lasentinelle.dz\\\/#\\\/schema\\\/person\\\/729ee0024f24e0b8c5ec17232f8e8b41\",\"name\":\"admin\",\"image\":{\"@type\":\"ImageObject\",\"inLanguage\":\"fr-FR\",\"@id\":\"https:\\\/\\\/secure.gravatar.com\\\/avatar\\\/4c81fed838786e9b53f540bf46533e750f5d292099ae3b66cfc6fb1982e29df7?s=96&d=mm&r=g\",\"url\":\"https:\\\/\\\/secure.gravatar.com\\\/avatar\\\/4c81fed838786e9b53f540bf46533e750f5d292099ae3b66cfc6fb1982e29df7?s=96&d=mm&r=g\",\"contentUrl\":\"https:\\\/\\\/secure.gravatar.com\\\/avatar\\\/4c81fed838786e9b53f540bf46533e750f5d292099ae3b66cfc6fb1982e29df7?s=96&d=mm&r=g\",\"caption\":\"admin\"},\"description\":\"admin\",\"url\":\"https:\\\/\\\/lasentinelle.dz\\\/author\\\/admin\\\/\"}]}<\/script>\n<!-- \/ Yoast SEO plugin. -->","yoast_head_json":{"title":"Moyen-Orient: L&rsquo;entit\u00e9 sioniste cherche \u00e0 \u00e9largir sa guerre au Liban - La Sentinelle","robots":{"index":"index","follow":"follow","max-snippet":"max-snippet:-1","max-image-preview":"max-image-preview:large","max-video-preview":"max-video-preview:-1"},"canonical":"https:\/\/lasentinelle.dz\/index.php\/2024\/09\/18\/moyen-orient-lentite-sioniste-cherche-a-elargir-sa-guerre-au-liban\/","og_locale":"fr_FR","og_type":"article","og_title":"Moyen-Orient: L&rsquo;entit\u00e9 sioniste cherche \u00e0 \u00e9largir sa guerre au Liban - La Sentinelle","og_description":"L&rsquo;entit\u00e9 sioniste affiche ses vell\u00e9it\u00e9s de d\u00e9stabilisation de la r\u00e9gion du Moyen-Orient. Le premier ministre sioniste, mu par des calculs","og_url":"https:\/\/lasentinelle.dz\/index.php\/2024\/09\/18\/moyen-orient-lentite-sioniste-cherche-a-elargir-sa-guerre-au-liban\/","og_site_name":"La Sentinelle","article_publisher":"https:\/\/www.facebook.com\/La-Sentinelle-104059864394773","article_published_time":"2024-09-18T12:51:06+00:00","article_modified_time":"2024-09-18T12:51:07+00:00","og_image":[{"width":1200,"height":778,"url":"https:\/\/lasentinelle.dz\/wp-content\/uploads\/2024\/06\/Liban.png","type":"image\/png"}],"author":"admin","twitter_card":"summary_large_image","twitter_misc":{"\u00c9crit par":"admin","Dur\u00e9e de lecture estim\u00e9e":"6 minutes"},"schema":{"@context":"https:\/\/schema.org","@graph":[{"@type":"Article","@id":"https:\/\/lasentinelle.dz\/index.php\/2024\/09\/18\/moyen-orient-lentite-sioniste-cherche-a-elargir-sa-guerre-au-liban\/#article","isPartOf":{"@id":"https:\/\/lasentinelle.dz\/index.php\/2024\/09\/18\/moyen-orient-lentite-sioniste-cherche-a-elargir-sa-guerre-au-liban\/"},"author":{"name":"admin","@id":"https:\/\/lasentinelle.dz\/#\/schema\/person\/729ee0024f24e0b8c5ec17232f8e8b41"},"headline":"Moyen-Orient: L&rsquo;entit\u00e9 sioniste cherche \u00e0 \u00e9largir sa guerre au Liban","datePublished":"2024-09-18T12:51:06+00:00","dateModified":"2024-09-18T12:51:07+00:00","mainEntityOfPage":{"@id":"https:\/\/lasentinelle.dz\/index.php\/2024\/09\/18\/moyen-orient-lentite-sioniste-cherche-a-elargir-sa-guerre-au-liban\/"},"wordCount":1085,"commentCount":0,"publisher":{"@id":"https:\/\/lasentinelle.dz\/#organization"},"image":{"@id":"https:\/\/lasentinelle.dz\/index.php\/2024\/09\/18\/moyen-orient-lentite-sioniste-cherche-a-elargir-sa-guerre-au-liban\/#primaryimage"},"thumbnailUrl":"https:\/\/lasentinelle.dz\/wp-content\/uploads\/2024\/06\/Liban.png","articleSection":["Actualit\u00e9"],"inLanguage":"fr-FR","potentialAction":[{"@type":"CommentAction","name":"Comment","target":["https:\/\/lasentinelle.dz\/index.php\/2024\/09\/18\/moyen-orient-lentite-sioniste-cherche-a-elargir-sa-guerre-au-liban\/#respond"]}]},{"@type":"WebPage","@id":"https:\/\/lasentinelle.dz\/index.php\/2024\/09\/18\/moyen-orient-lentite-sioniste-cherche-a-elargir-sa-guerre-au-liban\/","url":"https:\/\/lasentinelle.dz\/index.php\/2024\/09\/18\/moyen-orient-lentite-sioniste-cherche-a-elargir-sa-guerre-au-liban\/","name":"Moyen-Orient: L&rsquo;entit\u00e9 sioniste cherche \u00e0 \u00e9largir sa guerre au Liban - La Sentinelle","isPartOf":{"@id":"https:\/\/lasentinelle.dz\/#website"},"primaryImageOfPage":{"@id":"https:\/\/lasentinelle.dz\/index.php\/2024\/09\/18\/moyen-orient-lentite-sioniste-cherche-a-elargir-sa-guerre-au-liban\/#primaryimage"},"image":{"@id":"https:\/\/lasentinelle.dz\/index.php\/2024\/09\/18\/moyen-orient-lentite-sioniste-cherche-a-elargir-sa-guerre-au-liban\/#primaryimage"},"thumbnailUrl":"https:\/\/lasentinelle.dz\/wp-content\/uploads\/2024\/06\/Liban.png","datePublished":"2024-09-18T12:51:06+00:00","dateModified":"2024-09-18T12:51:07+00:00","breadcrumb":{"@id":"https:\/\/lasentinelle.dz\/index.php\/2024\/09\/18\/moyen-orient-lentite-sioniste-cherche-a-elargir-sa-guerre-au-liban\/#breadcrumb"},"inLanguage":"fr-FR","potentialAction":[{"@type":"ReadAction","target":["https:\/\/lasentinelle.dz\/index.php\/2024\/09\/18\/moyen-orient-lentite-sioniste-cherche-a-elargir-sa-guerre-au-liban\/"]}]},{"@type":"ImageObject","inLanguage":"fr-FR","@id":"https:\/\/lasentinelle.dz\/index.php\/2024\/09\/18\/moyen-orient-lentite-sioniste-cherche-a-elargir-sa-guerre-au-liban\/#primaryimage","url":"https:\/\/lasentinelle.dz\/wp-content\/uploads\/2024\/06\/Liban.png","contentUrl":"https:\/\/lasentinelle.dz\/wp-content\/uploads\/2024\/06\/Liban.png","width":1200,"height":778},{"@type":"BreadcrumbList","@id":"https:\/\/lasentinelle.dz\/index.php\/2024\/09\/18\/moyen-orient-lentite-sioniste-cherche-a-elargir-sa-guerre-au-liban\/#breadcrumb","itemListElement":[{"@type":"ListItem","position":1,"name":"Accueil","item":"https:\/\/lasentinelle.dz\/"},{"@type":"ListItem","position":2,"name":"Moyen-Orient: L&rsquo;entit\u00e9 sioniste cherche \u00e0 \u00e9largir sa guerre au Liban"}]},{"@type":"WebSite","@id":"https:\/\/lasentinelle.dz\/#website","url":"https:\/\/lasentinelle.dz\/","name":"La Sentinelle","description":"Quotidien national d&#039;information","publisher":{"@id":"https:\/\/lasentinelle.dz\/#organization"},"potentialAction":[{"@type":"SearchAction","target":{"@type":"EntryPoint","urlTemplate":"https:\/\/lasentinelle.dz\/?s={search_term_string}"},"query-input":{"@type":"PropertyValueSpecification","valueRequired":true,"valueName":"search_term_string"}}],"inLanguage":"fr-FR"},{"@type":"Organization","@id":"https:\/\/lasentinelle.dz\/#organization","name":"Quotidien La Sentinelle","url":"https:\/\/lasentinelle.dz\/","logo":{"@type":"ImageObject","inLanguage":"fr-FR","@id":"https:\/\/lasentinelle.dz\/#\/schema\/logo\/image\/","url":"https:\/\/lasentinelle.dz\/wp-content\/uploads\/2021\/09\/logo-sentinelleSLOGAN-1.png","contentUrl":"https:\/\/lasentinelle.dz\/wp-content\/uploads\/2021\/09\/logo-sentinelleSLOGAN-1.png","width":615,"height":142,"caption":"Quotidien La Sentinelle"},"image":{"@id":"https:\/\/lasentinelle.dz\/#\/schema\/logo\/image\/"},"sameAs":["https:\/\/www.facebook.com\/La-Sentinelle-104059864394773"]},{"@type":"Person","@id":"https:\/\/lasentinelle.dz\/#\/schema\/person\/729ee0024f24e0b8c5ec17232f8e8b41","name":"admin","image":{"@type":"ImageObject","inLanguage":"fr-FR","@id":"https:\/\/secure.gravatar.com\/avatar\/4c81fed838786e9b53f540bf46533e750f5d292099ae3b66cfc6fb1982e29df7?s=96&d=mm&r=g","url":"https:\/\/secure.gravatar.com\/avatar\/4c81fed838786e9b53f540bf46533e750f5d292099ae3b66cfc6fb1982e29df7?s=96&d=mm&r=g","contentUrl":"https:\/\/secure.gravatar.com\/avatar\/4c81fed838786e9b53f540bf46533e750f5d292099ae3b66cfc6fb1982e29df7?s=96&d=mm&r=g","caption":"admin"},"description":"admin","url":"https:\/\/lasentinelle.dz\/author\/admin\/"}]}},"_links":{"self":[{"href":"https:\/\/lasentinelle.dz\/index.php\/wp-json\/wp\/v2\/posts\/57146","targetHints":{"allow":["GET"]}}],"collection":[{"href":"https:\/\/lasentinelle.dz\/index.php\/wp-json\/wp\/v2\/posts"}],"about":[{"href":"https:\/\/lasentinelle.dz\/index.php\/wp-json\/wp\/v2\/types\/post"}],"author":[{"embeddable":true,"href":"https:\/\/lasentinelle.dz\/index.php\/wp-json\/wp\/v2\/users\/6"}],"replies":[{"embeddable":true,"href":"https:\/\/lasentinelle.dz\/index.php\/wp-json\/wp\/v2\/comments?post=57146"}],"version-history":[{"count":2,"href":"https:\/\/lasentinelle.dz\/index.php\/wp-json\/wp\/v2\/posts\/57146\/revisions"}],"predecessor-version":[{"id":57148,"href":"https:\/\/lasentinelle.dz\/index.php\/wp-json\/wp\/v2\/posts\/57146\/revisions\/57148"}],"wp:featuredmedia":[{"embeddable":true,"href":"https:\/\/lasentinelle.dz\/index.php\/wp-json\/wp\/v2\/media\/53802"}],"wp:attachment":[{"href":"https:\/\/lasentinelle.dz\/index.php\/wp-json\/wp\/v2\/media?parent=57146"}],"wp:term":[{"taxonomy":"category","embeddable":true,"href":"https:\/\/lasentinelle.dz\/index.php\/wp-json\/wp\/v2\/categories?post=57146"},{"taxonomy":"post_tag","embeddable":true,"href":"https:\/\/lasentinelle.dz\/index.php\/wp-json\/wp\/v2\/tags?post=57146"}],"curies":[{"name":"wp","href":"https:\/\/api.w.org\/{rel}","templated":true}]}}