{"id":57169,"date":"2024-09-18T14:02:48","date_gmt":"2024-09-18T13:02:48","guid":{"rendered":"https:\/\/lasentinelle.dz\/?p=57169"},"modified":"2024-09-18T14:02:49","modified_gmt":"2024-09-18T13:02:49","slug":"la-securite-alimentaire-est-un-pilier-de-la-strategie-agricole","status":"publish","type":"post","link":"https:\/\/lasentinelle.dz\/index.php\/2024\/09\/18\/la-securite-alimentaire-est-un-pilier-de-la-strategie-agricole\/","title":{"rendered":"\u00ab\u00a0La s\u00e9curit\u00e9 alimentaire est un pilier de la strat\u00e9gie agricole\u00a0\u00bb"},"content":{"rendered":"\n<p>La s\u00e9curit\u00e9 alimentaire est un pilier dans la feuille de route de la strat\u00e9gie du Pr\u00e9sident de la R\u00e9publique, Abdelmadjid Tebboune dont l\u2019agriculture figure prioritairement dans ses engagements \u00e9lectoraux. C\u2019est ce qu\u2019a d\u00e9clar\u00e9, hier, \u00e0 la chaine III de la Radio nationale, le coordinateur du comit\u00e9 de r\u00e9flexion sur le d\u00e9veloppement des cultures des c\u00e9r\u00e9ales et directeur de l\u2019\u00e9cole nationale sup\u00e9rieure d\u2019agronomie d\u2019Alger (ENSA), Tarik Hartani.<\/p>\n\n\n\n<p>L\u2019invit\u00e9 de la chaine III de la Radio nationale, a rappel\u00e9 que le premier magistrat du pays accorde une attention particuli\u00e8re d\u00e9di\u00e9e aux cultures strat\u00e9giques au niveau national, dont l\u2019extension se fait dans le grand sud alg\u00e9rien, indiquant dans la foul\u00e9e que la feuille de route du Pr\u00e9sident de la R\u00e9publique s\u2019appuie notamment sur la mise en place d\u2019une strat\u00e9gie graduelle, qui vise \u00e0 prendre en charge certaines contraintes et obstacles ayant entrav\u00e9 le d\u00e9veloppement des fili\u00e8res strat\u00e9giques \u00e0 savoir les c\u00e9r\u00e9ales, les l\u00e9gumineuses, les ol\u00e9agineux et toutes les cultures n\u00e9cessaires qui permettent \u00e0 l\u2019Alg\u00e9rie d\u2019\u00eatre autonome dans le domaine alimentaire et de r\u00e9gler la question de s\u00e9curit\u00e9 alimentaire.&nbsp;<\/p>\n\n\n\n<p>Plus explicite, Tarik Hartani a expliqu\u00e9 que cette strat\u00e9gie s\u2019\u00e9tale sur plusieurs \u00e9tapes subs\u00e9quentes \u00e0 la r\u00e9gionalisation des zones cultivable, compte tenu des diff\u00e9rences g\u00e9ographique et climatique, ajoutant qu\u2019il s\u2019agit de r\u00e9pertorier, les contraintes qui entravent les cultures strat\u00e9giques par l\u2019identification des zones hydro-g\u00e9ographiques, la mise en place du mat\u00e9riel ad\u00e9quat pour chaque type de superficie cultivable, l\u2019accompagnement par un consulting des agriculteurs, l\u2019introduction de l\u2019ing\u00e9nierie et de la technicit\u00e9, notamment pour la culture saharienne.&nbsp;&nbsp;&nbsp;<\/p>\n\n\n\n<p>Continuant dans le m\u00eame sens, il a soutenu qu\u2019\u00e0 l\u2019optique de 2030, le Sud alg\u00e9rien va devenir le bouclier protecteur de la s\u00e9curit\u00e9 alimentaire, consid\u00e9rant, que l\u2019agriculture saharienne, n\u00e9cessite les grands et robustes moyens, sachant qu\u2019elle repose particuli\u00e8rement sur l\u2019irrigation totale pour produire trois millions de tonnes de bl\u00e9 ainsi qu\u2019une maitrise de tous ce qui a trait \u00e0 cette irrigation telle que la technicit\u00e9.<\/p>\n\n\n\n<p>Et d\u2019ajouter : <strong>\u201c la saison agricole 2023 est une ann\u00e9e r\u00e9f\u00e9rence pleine, en terme quantitatif car elle nous a aid\u00e9 \u00e0 savoir surtout que doit-on faire pour am\u00e9liorer la production tout en \u00e9tant vigilent envers les al\u00e9as climatiques sp\u00e9cifiques de la r\u00e9gion tels que les vents et les crues, \u00e0 l\u2019image de celles s\u2019\u00e9tant abattues sur Bechar. L\u2019ann\u00e9e \u00e9coul\u00e9e \u00e9tait riche en enseignements vue que les agriculteurs ont r\u00e9alis\u00e9 de bons r\u00e9sultats \u201c.<\/strong><\/p>\n\n\n\n<p>Le directeur de l\u2019\u00e9cole nationale sup\u00e9rieure d\u2019agronomie d\u2019Alger (ENSA), a estim\u00e9 qu\u2019il est n\u00e9cessaire d\u2019am\u00e9liorer la qualit\u00e9 de la semence pour valoriser la productivit\u00e9 en ayant des semences saines, sachant que l\u2019Alg\u00e9rie est devenue autonome en la mati\u00e8re, et ce, en facilitant l\u2019exercice des fellahs au niveau de leurs exploitations en les dotant \u00e0 temps d\u2019engrais et des semences.<\/p>\n\n\n\n<p>Il a affirm\u00e9, \u00e9galement, que la strat\u00e9gie du d\u00e9veloppement agricole passe par l\u2019augmentation de la superficie irrigu\u00e9e qui est l\u2019une des voies permettant l\u2019autosuffisance en c\u00e9r\u00e9ales, rappelant qu\u2019on est, actuellement, \u00e0 3 millions d\u2019hectares de culture c\u00e9r\u00e9ali\u00e8re dont 300 000 hectares seulement, sur les 30 millions d\u2019hectares cultivables, au Sud du pays, consid\u00e9rant que cette superficie est en plein essor. C\u2019est ce qui a \u00e9t\u00e9 fait, dira-t-il, par l\u2019ODAS (Office de d\u00e9veloppement de l\u2019agriculture saharienne), notant que l\u2019actuelle saison sera davantage prometteuse par rapport \u00e0 celle \u00e9coul\u00e9e \u00e0 la condition d\u2019\u00e9pargner aux fellahs les coupures d\u2019\u00e9lectricit\u00e9 et les p\u00e9nuries des engrais. &nbsp;Selon Hartani, ce travail permettra au pays d\u2019atteindre l\u2019autosuffisance, en bl\u00e9 dur dans un premier temps, insistant sur l\u2019exigence de savoir g\u00e9rer notre potentiel en eau souterraine pour une bonne irrigation, qui passe principalement par la maitrise des donn\u00e9es en la mati\u00e8re et la sortie de la gestion approximative.<\/p>\n\n\n\n<p><strong>Hakim Aomar<\/strong><\/p>\n","protected":false},"excerpt":{"rendered":"<p>La s\u00e9curit\u00e9 alimentaire est un pilier dans la feuille de route de la strat\u00e9gie du Pr\u00e9sident de la R\u00e9publique, Abdelmadjid<\/p>\n","protected":false},"author":6,"featured_media":56558,"comment_status":"open","ping_status":"closed","sticky":false,"template":"","format":"standard","meta":{"colormag_page_container_layout":"default_layout","colormag_page_sidebar_layout":"default_layout","om_disable_all_campaigns":false,"_monsterinsights_skip_tracking":false,"_monsterinsights_sitenote_active":false,"_monsterinsights_sitenote_note":"","_monsterinsights_sitenote_category":0,"footnotes":"","_wpscppro_dont_share_socialmedia":false,"_wpscppro_custom_social_share_image":0,"_facebook_share_type":"default","_twitter_share_type":"default","_linkedin_share_type":"default","_pinterest_share_type":"default","_linkedin_share_type_page":"","_instagram_share_type":"default","_medium_share_type":"","_threads_share_type":"","_google_business_share_type":"","_selected_social_profile":[],"_wpsp_enable_custom_social_template":false,"_wpsp_social_scheduling":{"enabled":false,"datetime":null,"platforms":[],"status":"template_only","dateOption":"today","timeOption":"now","customDays":"","customHours":"","customDate":"","customTime":"","schedulingType":"absolute"},"_wpsp_active_default_template":true},"categories":[52,29],"tags":[],"class_list":["post-57169","post","type-post","status-publish","format-standard","has-post-thumbnail","hentry","category-a-la-une","category-economie"],"aioseo_notices":[],"yoast_head":"<!-- This site is optimized with the Yoast SEO plugin v27.5 - https:\/\/yoast.com\/product\/yoast-seo-wordpress\/ -->\n<title>\u00ab\u00a0La s\u00e9curit\u00e9 alimentaire est un pilier de la strat\u00e9gie agricole\u00a0\u00bb - La Sentinelle<\/title>\n<meta name=\"robots\" content=\"index, follow, max-snippet:-1, max-image-preview:large, max-video-preview:-1\" \/>\n<link rel=\"canonical\" href=\"https:\/\/lasentinelle.dz\/index.php\/2024\/09\/18\/la-securite-alimentaire-est-un-pilier-de-la-strategie-agricole\/\" \/>\n<meta property=\"og:locale\" content=\"fr_FR\" \/>\n<meta property=\"og:type\" content=\"article\" \/>\n<meta property=\"og:title\" content=\"\u00ab\u00a0La s\u00e9curit\u00e9 alimentaire est un pilier de la strat\u00e9gie agricole\u00a0\u00bb - La Sentinelle\" \/>\n<meta property=\"og:description\" content=\"La s\u00e9curit\u00e9 alimentaire est un pilier dans la feuille de route de la strat\u00e9gie du Pr\u00e9sident de la R\u00e9publique, Abdelmadjid\" \/>\n<meta property=\"og:url\" content=\"https:\/\/lasentinelle.dz\/index.php\/2024\/09\/18\/la-securite-alimentaire-est-un-pilier-de-la-strategie-agricole\/\" \/>\n<meta property=\"og:site_name\" content=\"La Sentinelle\" \/>\n<meta property=\"article:publisher\" content=\"https:\/\/www.facebook.com\/La-Sentinelle-104059864394773\" \/>\n<meta property=\"article:published_time\" content=\"2024-09-18T13:02:48+00:00\" \/>\n<meta property=\"article:modified_time\" content=\"2024-09-18T13:02:49+00:00\" \/>\n<meta property=\"og:image\" content=\"https:\/\/lasentinelle.dz\/wp-content\/uploads\/2024\/09\/agriculture-sahara.jpg\" \/>\n\t<meta property=\"og:image:width\" content=\"1200\" \/>\n\t<meta property=\"og:image:height\" content=\"675\" \/>\n\t<meta property=\"og:image:type\" content=\"image\/jpeg\" \/>\n<meta name=\"author\" content=\"admin\" \/>\n<meta name=\"twitter:card\" content=\"summary_large_image\" \/>\n<meta name=\"twitter:label1\" content=\"\u00c9crit par\" \/>\n\t<meta name=\"twitter:data1\" content=\"admin\" \/>\n\t<meta name=\"twitter:label2\" content=\"Dur\u00e9e de lecture estim\u00e9e\" \/>\n\t<meta name=\"twitter:data2\" content=\"4 minutes\" \/>\n<script type=\"application\/ld+json\" class=\"yoast-schema-graph\">{\"@context\":\"https:\\\/\\\/schema.org\",\"@graph\":[{\"@type\":\"Article\",\"@id\":\"https:\\\/\\\/lasentinelle.dz\\\/index.php\\\/2024\\\/09\\\/18\\\/la-securite-alimentaire-est-un-pilier-de-la-strategie-agricole\\\/#article\",\"isPartOf\":{\"@id\":\"https:\\\/\\\/lasentinelle.dz\\\/index.php\\\/2024\\\/09\\\/18\\\/la-securite-alimentaire-est-un-pilier-de-la-strategie-agricole\\\/\"},\"author\":{\"name\":\"admin\",\"@id\":\"https:\\\/\\\/lasentinelle.dz\\\/#\\\/schema\\\/person\\\/729ee0024f24e0b8c5ec17232f8e8b41\"},\"headline\":\"\u00ab\u00a0La s\u00e9curit\u00e9 alimentaire est un pilier de la strat\u00e9gie agricole\u00a0\u00bb\",\"datePublished\":\"2024-09-18T13:02:48+00:00\",\"dateModified\":\"2024-09-18T13:02:49+00:00\",\"mainEntityOfPage\":{\"@id\":\"https:\\\/\\\/lasentinelle.dz\\\/index.php\\\/2024\\\/09\\\/18\\\/la-securite-alimentaire-est-un-pilier-de-la-strategie-agricole\\\/\"},\"wordCount\":725,\"commentCount\":0,\"publisher\":{\"@id\":\"https:\\\/\\\/lasentinelle.dz\\\/#organization\"},\"image\":{\"@id\":\"https:\\\/\\\/lasentinelle.dz\\\/index.php\\\/2024\\\/09\\\/18\\\/la-securite-alimentaire-est-un-pilier-de-la-strategie-agricole\\\/#primaryimage\"},\"thumbnailUrl\":\"https:\\\/\\\/lasentinelle.dz\\\/wp-content\\\/uploads\\\/2024\\\/09\\\/agriculture-sahara.jpg\",\"articleSection\":[\"\u00c0 la Une\",\"\u00c9conomie\"],\"inLanguage\":\"fr-FR\",\"potentialAction\":[{\"@type\":\"CommentAction\",\"name\":\"Comment\",\"target\":[\"https:\\\/\\\/lasentinelle.dz\\\/index.php\\\/2024\\\/09\\\/18\\\/la-securite-alimentaire-est-un-pilier-de-la-strategie-agricole\\\/#respond\"]}]},{\"@type\":\"WebPage\",\"@id\":\"https:\\\/\\\/lasentinelle.dz\\\/index.php\\\/2024\\\/09\\\/18\\\/la-securite-alimentaire-est-un-pilier-de-la-strategie-agricole\\\/\",\"url\":\"https:\\\/\\\/lasentinelle.dz\\\/index.php\\\/2024\\\/09\\\/18\\\/la-securite-alimentaire-est-un-pilier-de-la-strategie-agricole\\\/\",\"name\":\"\u00ab\u00a0La s\u00e9curit\u00e9 alimentaire est un pilier de la strat\u00e9gie agricole\u00a0\u00bb - La Sentinelle\",\"isPartOf\":{\"@id\":\"https:\\\/\\\/lasentinelle.dz\\\/#website\"},\"primaryImageOfPage\":{\"@id\":\"https:\\\/\\\/lasentinelle.dz\\\/index.php\\\/2024\\\/09\\\/18\\\/la-securite-alimentaire-est-un-pilier-de-la-strategie-agricole\\\/#primaryimage\"},\"image\":{\"@id\":\"https:\\\/\\\/lasentinelle.dz\\\/index.php\\\/2024\\\/09\\\/18\\\/la-securite-alimentaire-est-un-pilier-de-la-strategie-agricole\\\/#primaryimage\"},\"thumbnailUrl\":\"https:\\\/\\\/lasentinelle.dz\\\/wp-content\\\/uploads\\\/2024\\\/09\\\/agriculture-sahara.jpg\",\"datePublished\":\"2024-09-18T13:02:48+00:00\",\"dateModified\":\"2024-09-18T13:02:49+00:00\",\"breadcrumb\":{\"@id\":\"https:\\\/\\\/lasentinelle.dz\\\/index.php\\\/2024\\\/09\\\/18\\\/la-securite-alimentaire-est-un-pilier-de-la-strategie-agricole\\\/#breadcrumb\"},\"inLanguage\":\"fr-FR\",\"potentialAction\":[{\"@type\":\"ReadAction\",\"target\":[\"https:\\\/\\\/lasentinelle.dz\\\/index.php\\\/2024\\\/09\\\/18\\\/la-securite-alimentaire-est-un-pilier-de-la-strategie-agricole\\\/\"]}]},{\"@type\":\"ImageObject\",\"inLanguage\":\"fr-FR\",\"@id\":\"https:\\\/\\\/lasentinelle.dz\\\/index.php\\\/2024\\\/09\\\/18\\\/la-securite-alimentaire-est-un-pilier-de-la-strategie-agricole\\\/#primaryimage\",\"url\":\"https:\\\/\\\/lasentinelle.dz\\\/wp-content\\\/uploads\\\/2024\\\/09\\\/agriculture-sahara.jpg\",\"contentUrl\":\"https:\\\/\\\/lasentinelle.dz\\\/wp-content\\\/uploads\\\/2024\\\/09\\\/agriculture-sahara.jpg\",\"width\":1200,\"height\":675},{\"@type\":\"BreadcrumbList\",\"@id\":\"https:\\\/\\\/lasentinelle.dz\\\/index.php\\\/2024\\\/09\\\/18\\\/la-securite-alimentaire-est-un-pilier-de-la-strategie-agricole\\\/#breadcrumb\",\"itemListElement\":[{\"@type\":\"ListItem\",\"position\":1,\"name\":\"Accueil\",\"item\":\"https:\\\/\\\/lasentinelle.dz\\\/\"},{\"@type\":\"ListItem\",\"position\":2,\"name\":\"\u00ab\u00a0La s\u00e9curit\u00e9 alimentaire est un pilier de la strat\u00e9gie agricole\u00a0\u00bb\"}]},{\"@type\":\"WebSite\",\"@id\":\"https:\\\/\\\/lasentinelle.dz\\\/#website\",\"url\":\"https:\\\/\\\/lasentinelle.dz\\\/\",\"name\":\"La Sentinelle\",\"description\":\"Quotidien national d&#039;information\",\"publisher\":{\"@id\":\"https:\\\/\\\/lasentinelle.dz\\\/#organization\"},\"potentialAction\":[{\"@type\":\"SearchAction\",\"target\":{\"@type\":\"EntryPoint\",\"urlTemplate\":\"https:\\\/\\\/lasentinelle.dz\\\/?s={search_term_string}\"},\"query-input\":{\"@type\":\"PropertyValueSpecification\",\"valueRequired\":true,\"valueName\":\"search_term_string\"}}],\"inLanguage\":\"fr-FR\"},{\"@type\":\"Organization\",\"@id\":\"https:\\\/\\\/lasentinelle.dz\\\/#organization\",\"name\":\"Quotidien La Sentinelle\",\"url\":\"https:\\\/\\\/lasentinelle.dz\\\/\",\"logo\":{\"@type\":\"ImageObject\",\"inLanguage\":\"fr-FR\",\"@id\":\"https:\\\/\\\/lasentinelle.dz\\\/#\\\/schema\\\/logo\\\/image\\\/\",\"url\":\"https:\\\/\\\/lasentinelle.dz\\\/wp-content\\\/uploads\\\/2021\\\/09\\\/logo-sentinelleSLOGAN-1.png\",\"contentUrl\":\"https:\\\/\\\/lasentinelle.dz\\\/wp-content\\\/uploads\\\/2021\\\/09\\\/logo-sentinelleSLOGAN-1.png\",\"width\":615,\"height\":142,\"caption\":\"Quotidien La Sentinelle\"},\"image\":{\"@id\":\"https:\\\/\\\/lasentinelle.dz\\\/#\\\/schema\\\/logo\\\/image\\\/\"},\"sameAs\":[\"https:\\\/\\\/www.facebook.com\\\/La-Sentinelle-104059864394773\"]},{\"@type\":\"Person\",\"@id\":\"https:\\\/\\\/lasentinelle.dz\\\/#\\\/schema\\\/person\\\/729ee0024f24e0b8c5ec17232f8e8b41\",\"name\":\"admin\",\"image\":{\"@type\":\"ImageObject\",\"inLanguage\":\"fr-FR\",\"@id\":\"https:\\\/\\\/secure.gravatar.com\\\/avatar\\\/4c81fed838786e9b53f540bf46533e750f5d292099ae3b66cfc6fb1982e29df7?s=96&d=mm&r=g\",\"url\":\"https:\\\/\\\/secure.gravatar.com\\\/avatar\\\/4c81fed838786e9b53f540bf46533e750f5d292099ae3b66cfc6fb1982e29df7?s=96&d=mm&r=g\",\"contentUrl\":\"https:\\\/\\\/secure.gravatar.com\\\/avatar\\\/4c81fed838786e9b53f540bf46533e750f5d292099ae3b66cfc6fb1982e29df7?s=96&d=mm&r=g\",\"caption\":\"admin\"},\"description\":\"admin\",\"url\":\"https:\\\/\\\/lasentinelle.dz\\\/author\\\/admin\\\/\"}]}<\/script>\n<!-- \/ Yoast SEO plugin. -->","yoast_head_json":{"title":"\u00ab\u00a0La s\u00e9curit\u00e9 alimentaire est un pilier de la strat\u00e9gie agricole\u00a0\u00bb - La Sentinelle","robots":{"index":"index","follow":"follow","max-snippet":"max-snippet:-1","max-image-preview":"max-image-preview:large","max-video-preview":"max-video-preview:-1"},"canonical":"https:\/\/lasentinelle.dz\/index.php\/2024\/09\/18\/la-securite-alimentaire-est-un-pilier-de-la-strategie-agricole\/","og_locale":"fr_FR","og_type":"article","og_title":"\u00ab\u00a0La s\u00e9curit\u00e9 alimentaire est un pilier de la strat\u00e9gie agricole\u00a0\u00bb - La Sentinelle","og_description":"La s\u00e9curit\u00e9 alimentaire est un pilier dans la feuille de route de la strat\u00e9gie du Pr\u00e9sident de la R\u00e9publique, Abdelmadjid","og_url":"https:\/\/lasentinelle.dz\/index.php\/2024\/09\/18\/la-securite-alimentaire-est-un-pilier-de-la-strategie-agricole\/","og_site_name":"La Sentinelle","article_publisher":"https:\/\/www.facebook.com\/La-Sentinelle-104059864394773","article_published_time":"2024-09-18T13:02:48+00:00","article_modified_time":"2024-09-18T13:02:49+00:00","og_image":[{"width":1200,"height":675,"url":"https:\/\/lasentinelle.dz\/wp-content\/uploads\/2024\/09\/agriculture-sahara.jpg","type":"image\/jpeg"}],"author":"admin","twitter_card":"summary_large_image","twitter_misc":{"\u00c9crit par":"admin","Dur\u00e9e de lecture estim\u00e9e":"4 minutes"},"schema":{"@context":"https:\/\/schema.org","@graph":[{"@type":"Article","@id":"https:\/\/lasentinelle.dz\/index.php\/2024\/09\/18\/la-securite-alimentaire-est-un-pilier-de-la-strategie-agricole\/#article","isPartOf":{"@id":"https:\/\/lasentinelle.dz\/index.php\/2024\/09\/18\/la-securite-alimentaire-est-un-pilier-de-la-strategie-agricole\/"},"author":{"name":"admin","@id":"https:\/\/lasentinelle.dz\/#\/schema\/person\/729ee0024f24e0b8c5ec17232f8e8b41"},"headline":"\u00ab\u00a0La s\u00e9curit\u00e9 alimentaire est un pilier de la strat\u00e9gie agricole\u00a0\u00bb","datePublished":"2024-09-18T13:02:48+00:00","dateModified":"2024-09-18T13:02:49+00:00","mainEntityOfPage":{"@id":"https:\/\/lasentinelle.dz\/index.php\/2024\/09\/18\/la-securite-alimentaire-est-un-pilier-de-la-strategie-agricole\/"},"wordCount":725,"commentCount":0,"publisher":{"@id":"https:\/\/lasentinelle.dz\/#organization"},"image":{"@id":"https:\/\/lasentinelle.dz\/index.php\/2024\/09\/18\/la-securite-alimentaire-est-un-pilier-de-la-strategie-agricole\/#primaryimage"},"thumbnailUrl":"https:\/\/lasentinelle.dz\/wp-content\/uploads\/2024\/09\/agriculture-sahara.jpg","articleSection":["\u00c0 la Une","\u00c9conomie"],"inLanguage":"fr-FR","potentialAction":[{"@type":"CommentAction","name":"Comment","target":["https:\/\/lasentinelle.dz\/index.php\/2024\/09\/18\/la-securite-alimentaire-est-un-pilier-de-la-strategie-agricole\/#respond"]}]},{"@type":"WebPage","@id":"https:\/\/lasentinelle.dz\/index.php\/2024\/09\/18\/la-securite-alimentaire-est-un-pilier-de-la-strategie-agricole\/","url":"https:\/\/lasentinelle.dz\/index.php\/2024\/09\/18\/la-securite-alimentaire-est-un-pilier-de-la-strategie-agricole\/","name":"\u00ab\u00a0La s\u00e9curit\u00e9 alimentaire est un pilier de la strat\u00e9gie agricole\u00a0\u00bb - La Sentinelle","isPartOf":{"@id":"https:\/\/lasentinelle.dz\/#website"},"primaryImageOfPage":{"@id":"https:\/\/lasentinelle.dz\/index.php\/2024\/09\/18\/la-securite-alimentaire-est-un-pilier-de-la-strategie-agricole\/#primaryimage"},"image":{"@id":"https:\/\/lasentinelle.dz\/index.php\/2024\/09\/18\/la-securite-alimentaire-est-un-pilier-de-la-strategie-agricole\/#primaryimage"},"thumbnailUrl":"https:\/\/lasentinelle.dz\/wp-content\/uploads\/2024\/09\/agriculture-sahara.jpg","datePublished":"2024-09-18T13:02:48+00:00","dateModified":"2024-09-18T13:02:49+00:00","breadcrumb":{"@id":"https:\/\/lasentinelle.dz\/index.php\/2024\/09\/18\/la-securite-alimentaire-est-un-pilier-de-la-strategie-agricole\/#breadcrumb"},"inLanguage":"fr-FR","potentialAction":[{"@type":"ReadAction","target":["https:\/\/lasentinelle.dz\/index.php\/2024\/09\/18\/la-securite-alimentaire-est-un-pilier-de-la-strategie-agricole\/"]}]},{"@type":"ImageObject","inLanguage":"fr-FR","@id":"https:\/\/lasentinelle.dz\/index.php\/2024\/09\/18\/la-securite-alimentaire-est-un-pilier-de-la-strategie-agricole\/#primaryimage","url":"https:\/\/lasentinelle.dz\/wp-content\/uploads\/2024\/09\/agriculture-sahara.jpg","contentUrl":"https:\/\/lasentinelle.dz\/wp-content\/uploads\/2024\/09\/agriculture-sahara.jpg","width":1200,"height":675},{"@type":"BreadcrumbList","@id":"https:\/\/lasentinelle.dz\/index.php\/2024\/09\/18\/la-securite-alimentaire-est-un-pilier-de-la-strategie-agricole\/#breadcrumb","itemListElement":[{"@type":"ListItem","position":1,"name":"Accueil","item":"https:\/\/lasentinelle.dz\/"},{"@type":"ListItem","position":2,"name":"\u00ab\u00a0La s\u00e9curit\u00e9 alimentaire est un pilier de la strat\u00e9gie agricole\u00a0\u00bb"}]},{"@type":"WebSite","@id":"https:\/\/lasentinelle.dz\/#website","url":"https:\/\/lasentinelle.dz\/","name":"La Sentinelle","description":"Quotidien national d&#039;information","publisher":{"@id":"https:\/\/lasentinelle.dz\/#organization"},"potentialAction":[{"@type":"SearchAction","target":{"@type":"EntryPoint","urlTemplate":"https:\/\/lasentinelle.dz\/?s={search_term_string}"},"query-input":{"@type":"PropertyValueSpecification","valueRequired":true,"valueName":"search_term_string"}}],"inLanguage":"fr-FR"},{"@type":"Organization","@id":"https:\/\/lasentinelle.dz\/#organization","name":"Quotidien La Sentinelle","url":"https:\/\/lasentinelle.dz\/","logo":{"@type":"ImageObject","inLanguage":"fr-FR","@id":"https:\/\/lasentinelle.dz\/#\/schema\/logo\/image\/","url":"https:\/\/lasentinelle.dz\/wp-content\/uploads\/2021\/09\/logo-sentinelleSLOGAN-1.png","contentUrl":"https:\/\/lasentinelle.dz\/wp-content\/uploads\/2021\/09\/logo-sentinelleSLOGAN-1.png","width":615,"height":142,"caption":"Quotidien La Sentinelle"},"image":{"@id":"https:\/\/lasentinelle.dz\/#\/schema\/logo\/image\/"},"sameAs":["https:\/\/www.facebook.com\/La-Sentinelle-104059864394773"]},{"@type":"Person","@id":"https:\/\/lasentinelle.dz\/#\/schema\/person\/729ee0024f24e0b8c5ec17232f8e8b41","name":"admin","image":{"@type":"ImageObject","inLanguage":"fr-FR","@id":"https:\/\/secure.gravatar.com\/avatar\/4c81fed838786e9b53f540bf46533e750f5d292099ae3b66cfc6fb1982e29df7?s=96&d=mm&r=g","url":"https:\/\/secure.gravatar.com\/avatar\/4c81fed838786e9b53f540bf46533e750f5d292099ae3b66cfc6fb1982e29df7?s=96&d=mm&r=g","contentUrl":"https:\/\/secure.gravatar.com\/avatar\/4c81fed838786e9b53f540bf46533e750f5d292099ae3b66cfc6fb1982e29df7?s=96&d=mm&r=g","caption":"admin"},"description":"admin","url":"https:\/\/lasentinelle.dz\/author\/admin\/"}]}},"_links":{"self":[{"href":"https:\/\/lasentinelle.dz\/index.php\/wp-json\/wp\/v2\/posts\/57169","targetHints":{"allow":["GET"]}}],"collection":[{"href":"https:\/\/lasentinelle.dz\/index.php\/wp-json\/wp\/v2\/posts"}],"about":[{"href":"https:\/\/lasentinelle.dz\/index.php\/wp-json\/wp\/v2\/types\/post"}],"author":[{"embeddable":true,"href":"https:\/\/lasentinelle.dz\/index.php\/wp-json\/wp\/v2\/users\/6"}],"replies":[{"embeddable":true,"href":"https:\/\/lasentinelle.dz\/index.php\/wp-json\/wp\/v2\/comments?post=57169"}],"version-history":[{"count":2,"href":"https:\/\/lasentinelle.dz\/index.php\/wp-json\/wp\/v2\/posts\/57169\/revisions"}],"predecessor-version":[{"id":57171,"href":"https:\/\/lasentinelle.dz\/index.php\/wp-json\/wp\/v2\/posts\/57169\/revisions\/57171"}],"wp:featuredmedia":[{"embeddable":true,"href":"https:\/\/lasentinelle.dz\/index.php\/wp-json\/wp\/v2\/media\/56558"}],"wp:attachment":[{"href":"https:\/\/lasentinelle.dz\/index.php\/wp-json\/wp\/v2\/media?parent=57169"}],"wp:term":[{"taxonomy":"category","embeddable":true,"href":"https:\/\/lasentinelle.dz\/index.php\/wp-json\/wp\/v2\/categories?post=57169"},{"taxonomy":"post_tag","embeddable":true,"href":"https:\/\/lasentinelle.dz\/index.php\/wp-json\/wp\/v2\/tags?post=57169"}],"curies":[{"name":"wp","href":"https:\/\/api.w.org\/{rel}","templated":true}]}}