{"id":57192,"date":"2024-09-19T14:28:12","date_gmt":"2024-09-19T13:28:12","guid":{"rendered":"https:\/\/lasentinelle.dz\/?p=57192"},"modified":"2024-09-20T14:28:26","modified_gmt":"2024-09-20T13:28:26","slug":"handisport-appel-a-la-creation-du-comite-national-paralympique","status":"publish","type":"post","link":"https:\/\/lasentinelle.dz\/index.php\/2024\/09\/19\/handisport-appel-a-la-creation-du-comite-national-paralympique\/","title":{"rendered":"Handisport: Appel \u00e0 la cr\u00e9ation du Comit\u00e9 National Paralympique"},"content":{"rendered":"\n<p>Dans la foul\u00e9e des r\u00e9cents succ\u00e8s des athl\u00e8tes alg\u00e9riens aux Jeux Paralympiques de Paris 2024, le pr\u00e9sident de la F\u00e9d\u00e9ration alg\u00e9rienne handisport (FAH), Sid Ahmed Elasri, a lanc\u00e9 un appel pressant pour la cr\u00e9ation du Comit\u00e9 National Paralympique (NPC) alg\u00e9rien. Cette initiative vise \u00e0 capitaliser sur les performances exceptionnelles de la d\u00e9l\u00e9gation alg\u00e9rienne, qui a ramen\u00e9 une moisson impressionnante de onze m\u00e9dailles, dont six en or et cinq en bronze.<\/p>\n\n\n\n<p>Lors d&rsquo;une conf\u00e9rence de presse tenue mardi pour dresser le bilan de la participation alg\u00e9rienne aux JP-2024, Sid Ahmed Elasri a soulign\u00e9 l&rsquo;importance cruciale de mettre en place le NPC : \u00ab\u00a0Je pense que la meilleure fa\u00e7on d&rsquo;optimiser les r\u00e9sultats r\u00e9alis\u00e9s par nos athl\u00e8tes \u00e0 la 17e \u00e9dition des JP-2024, est de mettre en place notre Comit\u00e9 National Paralympique et se mettre au diapason des autres pays du monde et \u00eatre en conformit\u00e9 avec les statuts du Comit\u00e9 International Paralympique (IPC).\u00a0\u00bb Cette d\u00e9claration intervient dans un contexte o\u00f9 la FAH se trouve confront\u00e9e \u00e0 des d\u00e9fis croissants pour g\u00e9rer l&rsquo;ensemble des disciplines handisport. Elasri a point\u00e9 du doigt les limites de la structure actuelle : \u00ab\u00a0L&rsquo;installation du NPC est devenue une issue absolument in\u00e9vitable, car il va amortir la lourde charge de travail de la f\u00e9d\u00e9ration qui n&rsquo;a plus la capacit\u00e9 de g\u00e9rer dix disciplines, en plus des \u00e9quipes nationales.\u00a0\u00bb<\/p>\n\n\n\n<p>Il est important de noter que la cr\u00e9ation du Comit\u00e9 National Paralympique alg\u00e9rien n&rsquo;est pas une id\u00e9e nouvelle. En effet, elle est pr\u00e9vue dans la loi du sport 13-05 de juillet 2013, relative \u00e0 l&rsquo;organisation et au d\u00e9veloppement des activit\u00e9s physiques et sportives. D\u00e8s f\u00e9vrier 2015, une commission de r\u00e9flexion avait \u00e9t\u00e9 mise en place au niveau de la FAH pour \u00e9laborer le projet de statut du NPC. Cette commission avait \u00e9tudi\u00e9 les textes portant cr\u00e9ation du NPC ainsi que les statuts des commissions nationales ou f\u00e9d\u00e9rations sp\u00e9cialis\u00e9es par types de handicaps. Malgr\u00e9 ces efforts pr\u00e9liminaires et la remise de propositions \u00e0 la tutelle, le NPC n&rsquo;a toujours pas vu le jour. Cette situation laisse l&rsquo;Alg\u00e9rie en retard par rapport \u00e0 de nombreux autres pays qui disposent depuis longtemps de leurs propres comit\u00e9s paralympiques.<\/p>\n\n\n\n<p>Selon Sid Ahmed Elasri, la mise en place du Comit\u00e9 National Paralympique apporterait de nombreux b\u00e9n\u00e9fices au handisport alg\u00e9rien. Il s&rsquo;agit d&rsquo;abord d&rsquo;une avanc\u00e9e qualitative dans le d\u00e9veloppement du sport pour les personnes en situation de handicap. C&rsquo;est une structure d\u00e9di\u00e9e pour accompagner les athl\u00e8tes de haut niveau sur tous les plans. Il assure aussi une meilleure conformit\u00e9 avec les standards internationaux et les exigences du Comit\u00e9 International Paralympique, ainsi qu&rsquo;une r\u00e9partition plus efficace des t\u00e2ches, permettant \u00e0 la FAH de se concentrer sur le d\u00e9veloppement de base de l\u2019handisport.<\/p>\n\n\n\n<p>Le pr\u00e9sident de la FAH a \u00e9galement lanc\u00e9 un appel \u00e0 l&rsquo;unit\u00e9, invitant tous les acteurs du mouvement handisport national \u00e0 conjuguer leurs efforts pour concr\u00e9tiser ce projet : \u00ab\u00a0Il est important que ce nouveau-n\u00e9 ait une assise solide. Il permettra \u00e0 nos athl\u00e8tes de haut niveau d&rsquo;avoir leur propre instance qui va les accompagner sur tous les plans, comme les autres pays qui ont d\u00e9j\u00e0 et depuis longtemps, leurs propres comit\u00e9s paralympiques.\u00a0\u00bb Elasri a r\u00e9v\u00e9l\u00e9 que \u00ab\u00a0deux ou trois propositions pour cr\u00e9er ce Comit\u00e9 sont au niveau du minist\u00e8re\u00a0\u00bb. Cette information sugg\u00e8re que le projet est \u00e0 un stade avanc\u00e9 et que sa concr\u00e9tisation d\u00e9pend d\u00e9sormais d&rsquo;une d\u00e9cision politique. La cr\u00e9ation du Comit\u00e9 National Paralympique repr\u00e9sente une opportunit\u00e9 unique pour le handisport alg\u00e9rien de franchir un nouveau cap. En capitalisant sur les succ\u00e8s r\u00e9cents et en mettant en place une structure adapt\u00e9e aux d\u00e9fis modernes, l&rsquo;Alg\u00e9rie pourrait consolider sa position sur la sc\u00e8ne paralympique internationale.<\/p>\n\n\n\n<p>Moncef D.<\/p>\n","protected":false},"excerpt":{"rendered":"<p>Dans la foul\u00e9e des r\u00e9cents succ\u00e8s des athl\u00e8tes alg\u00e9riens aux Jeux Paralympiques de Paris 2024, le pr\u00e9sident de la F\u00e9d\u00e9ration<\/p>\n","protected":false},"author":6,"featured_media":56179,"comment_status":"open","ping_status":"closed","sticky":false,"template":"","format":"standard","meta":{"colormag_page_container_layout":"default_layout","colormag_page_sidebar_layout":"default_layout","om_disable_all_campaigns":false,"_monsterinsights_skip_tracking":false,"_monsterinsights_sitenote_active":false,"_monsterinsights_sitenote_note":"","_monsterinsights_sitenote_category":0,"footnotes":"","_wpscppro_dont_share_socialmedia":false,"_wpscppro_custom_social_share_image":0,"_facebook_share_type":"default","_twitter_share_type":"default","_linkedin_share_type":"default","_pinterest_share_type":"default","_linkedin_share_type_page":"","_instagram_share_type":"default","_medium_share_type":"","_threads_share_type":"","_google_business_share_type":"","_selected_social_profile":[],"_wpsp_enable_custom_social_template":false,"_wpsp_social_scheduling":{"enabled":false,"datetime":null,"platforms":[],"status":"template_only","dateOption":"today","timeOption":"now","customDays":"","customHours":"","customDate":"","customTime":"","schedulingType":"absolute"},"_wpsp_active_default_template":true},"categories":[33],"tags":[],"class_list":["post-57192","post","type-post","status-publish","format-standard","has-post-thumbnail","hentry","category-sports"],"aioseo_notices":[],"yoast_head":"<!-- This site is optimized with the Yoast SEO plugin v27.5 - https:\/\/yoast.com\/product\/yoast-seo-wordpress\/ -->\n<title>Handisport: Appel \u00e0 la cr\u00e9ation du Comit\u00e9 National Paralympique - La Sentinelle<\/title>\n<meta name=\"robots\" content=\"index, follow, max-snippet:-1, max-image-preview:large, max-video-preview:-1\" \/>\n<link rel=\"canonical\" href=\"https:\/\/lasentinelle.dz\/index.php\/2024\/09\/19\/handisport-appel-a-la-creation-du-comite-national-paralympique\/\" \/>\n<meta property=\"og:locale\" content=\"fr_FR\" \/>\n<meta property=\"og:type\" content=\"article\" \/>\n<meta property=\"og:title\" content=\"Handisport: Appel \u00e0 la cr\u00e9ation du Comit\u00e9 National Paralympique - La Sentinelle\" \/>\n<meta property=\"og:description\" content=\"Dans la foul\u00e9e des r\u00e9cents succ\u00e8s des athl\u00e8tes alg\u00e9riens aux Jeux Paralympiques de Paris 2024, le pr\u00e9sident de la F\u00e9d\u00e9ration\" \/>\n<meta property=\"og:url\" content=\"https:\/\/lasentinelle.dz\/index.php\/2024\/09\/19\/handisport-appel-a-la-creation-du-comite-national-paralympique\/\" \/>\n<meta property=\"og:site_name\" content=\"La Sentinelle\" \/>\n<meta property=\"article:publisher\" content=\"https:\/\/www.facebook.com\/La-Sentinelle-104059864394773\" \/>\n<meta property=\"article:published_time\" content=\"2024-09-19T13:28:12+00:00\" \/>\n<meta property=\"article:modified_time\" content=\"2024-09-20T13:28:26+00:00\" \/>\n<meta property=\"og:image\" content=\"https:\/\/lasentinelle.dz\/wp-content\/uploads\/2024\/08\/handisports.jpg\" \/>\n\t<meta property=\"og:image:width\" content=\"2048\" \/>\n\t<meta property=\"og:image:height\" content=\"1536\" \/>\n\t<meta property=\"og:image:type\" content=\"image\/jpeg\" \/>\n<meta name=\"author\" content=\"admin\" \/>\n<meta name=\"twitter:card\" content=\"summary_large_image\" \/>\n<meta name=\"twitter:label1\" content=\"\u00c9crit par\" \/>\n\t<meta name=\"twitter:data1\" content=\"admin\" \/>\n\t<meta name=\"twitter:label2\" content=\"Dur\u00e9e de lecture estim\u00e9e\" \/>\n\t<meta name=\"twitter:data2\" content=\"4 minutes\" \/>\n<script type=\"application\/ld+json\" class=\"yoast-schema-graph\">{\"@context\":\"https:\\\/\\\/schema.org\",\"@graph\":[{\"@type\":\"Article\",\"@id\":\"https:\\\/\\\/lasentinelle.dz\\\/index.php\\\/2024\\\/09\\\/19\\\/handisport-appel-a-la-creation-du-comite-national-paralympique\\\/#article\",\"isPartOf\":{\"@id\":\"https:\\\/\\\/lasentinelle.dz\\\/index.php\\\/2024\\\/09\\\/19\\\/handisport-appel-a-la-creation-du-comite-national-paralympique\\\/\"},\"author\":{\"name\":\"admin\",\"@id\":\"https:\\\/\\\/lasentinelle.dz\\\/#\\\/schema\\\/person\\\/729ee0024f24e0b8c5ec17232f8e8b41\"},\"headline\":\"Handisport: Appel \u00e0 la cr\u00e9ation du Comit\u00e9 National Paralympique\",\"datePublished\":\"2024-09-19T13:28:12+00:00\",\"dateModified\":\"2024-09-20T13:28:26+00:00\",\"mainEntityOfPage\":{\"@id\":\"https:\\\/\\\/lasentinelle.dz\\\/index.php\\\/2024\\\/09\\\/19\\\/handisport-appel-a-la-creation-du-comite-national-paralympique\\\/\"},\"wordCount\":695,\"commentCount\":0,\"publisher\":{\"@id\":\"https:\\\/\\\/lasentinelle.dz\\\/#organization\"},\"image\":{\"@id\":\"https:\\\/\\\/lasentinelle.dz\\\/index.php\\\/2024\\\/09\\\/19\\\/handisport-appel-a-la-creation-du-comite-national-paralympique\\\/#primaryimage\"},\"thumbnailUrl\":\"https:\\\/\\\/lasentinelle.dz\\\/wp-content\\\/uploads\\\/2024\\\/08\\\/handisports.jpg\",\"articleSection\":[\"Sports\"],\"inLanguage\":\"fr-FR\",\"potentialAction\":[{\"@type\":\"CommentAction\",\"name\":\"Comment\",\"target\":[\"https:\\\/\\\/lasentinelle.dz\\\/index.php\\\/2024\\\/09\\\/19\\\/handisport-appel-a-la-creation-du-comite-national-paralympique\\\/#respond\"]}]},{\"@type\":\"WebPage\",\"@id\":\"https:\\\/\\\/lasentinelle.dz\\\/index.php\\\/2024\\\/09\\\/19\\\/handisport-appel-a-la-creation-du-comite-national-paralympique\\\/\",\"url\":\"https:\\\/\\\/lasentinelle.dz\\\/index.php\\\/2024\\\/09\\\/19\\\/handisport-appel-a-la-creation-du-comite-national-paralympique\\\/\",\"name\":\"Handisport: Appel \u00e0 la cr\u00e9ation du Comit\u00e9 National Paralympique - La Sentinelle\",\"isPartOf\":{\"@id\":\"https:\\\/\\\/lasentinelle.dz\\\/#website\"},\"primaryImageOfPage\":{\"@id\":\"https:\\\/\\\/lasentinelle.dz\\\/index.php\\\/2024\\\/09\\\/19\\\/handisport-appel-a-la-creation-du-comite-national-paralympique\\\/#primaryimage\"},\"image\":{\"@id\":\"https:\\\/\\\/lasentinelle.dz\\\/index.php\\\/2024\\\/09\\\/19\\\/handisport-appel-a-la-creation-du-comite-national-paralympique\\\/#primaryimage\"},\"thumbnailUrl\":\"https:\\\/\\\/lasentinelle.dz\\\/wp-content\\\/uploads\\\/2024\\\/08\\\/handisports.jpg\",\"datePublished\":\"2024-09-19T13:28:12+00:00\",\"dateModified\":\"2024-09-20T13:28:26+00:00\",\"breadcrumb\":{\"@id\":\"https:\\\/\\\/lasentinelle.dz\\\/index.php\\\/2024\\\/09\\\/19\\\/handisport-appel-a-la-creation-du-comite-national-paralympique\\\/#breadcrumb\"},\"inLanguage\":\"fr-FR\",\"potentialAction\":[{\"@type\":\"ReadAction\",\"target\":[\"https:\\\/\\\/lasentinelle.dz\\\/index.php\\\/2024\\\/09\\\/19\\\/handisport-appel-a-la-creation-du-comite-national-paralympique\\\/\"]}]},{\"@type\":\"ImageObject\",\"inLanguage\":\"fr-FR\",\"@id\":\"https:\\\/\\\/lasentinelle.dz\\\/index.php\\\/2024\\\/09\\\/19\\\/handisport-appel-a-la-creation-du-comite-national-paralympique\\\/#primaryimage\",\"url\":\"https:\\\/\\\/lasentinelle.dz\\\/wp-content\\\/uploads\\\/2024\\\/08\\\/handisports.jpg\",\"contentUrl\":\"https:\\\/\\\/lasentinelle.dz\\\/wp-content\\\/uploads\\\/2024\\\/08\\\/handisports.jpg\",\"width\":2048,\"height\":1536},{\"@type\":\"BreadcrumbList\",\"@id\":\"https:\\\/\\\/lasentinelle.dz\\\/index.php\\\/2024\\\/09\\\/19\\\/handisport-appel-a-la-creation-du-comite-national-paralympique\\\/#breadcrumb\",\"itemListElement\":[{\"@type\":\"ListItem\",\"position\":1,\"name\":\"Accueil\",\"item\":\"https:\\\/\\\/lasentinelle.dz\\\/\"},{\"@type\":\"ListItem\",\"position\":2,\"name\":\"Handisport: Appel \u00e0 la cr\u00e9ation du Comit\u00e9 National Paralympique\"}]},{\"@type\":\"WebSite\",\"@id\":\"https:\\\/\\\/lasentinelle.dz\\\/#website\",\"url\":\"https:\\\/\\\/lasentinelle.dz\\\/\",\"name\":\"La Sentinelle\",\"description\":\"Quotidien national d&#039;information\",\"publisher\":{\"@id\":\"https:\\\/\\\/lasentinelle.dz\\\/#organization\"},\"potentialAction\":[{\"@type\":\"SearchAction\",\"target\":{\"@type\":\"EntryPoint\",\"urlTemplate\":\"https:\\\/\\\/lasentinelle.dz\\\/?s={search_term_string}\"},\"query-input\":{\"@type\":\"PropertyValueSpecification\",\"valueRequired\":true,\"valueName\":\"search_term_string\"}}],\"inLanguage\":\"fr-FR\"},{\"@type\":\"Organization\",\"@id\":\"https:\\\/\\\/lasentinelle.dz\\\/#organization\",\"name\":\"Quotidien La Sentinelle\",\"url\":\"https:\\\/\\\/lasentinelle.dz\\\/\",\"logo\":{\"@type\":\"ImageObject\",\"inLanguage\":\"fr-FR\",\"@id\":\"https:\\\/\\\/lasentinelle.dz\\\/#\\\/schema\\\/logo\\\/image\\\/\",\"url\":\"https:\\\/\\\/lasentinelle.dz\\\/wp-content\\\/uploads\\\/2021\\\/09\\\/logo-sentinelleSLOGAN-1.png\",\"contentUrl\":\"https:\\\/\\\/lasentinelle.dz\\\/wp-content\\\/uploads\\\/2021\\\/09\\\/logo-sentinelleSLOGAN-1.png\",\"width\":615,\"height\":142,\"caption\":\"Quotidien La Sentinelle\"},\"image\":{\"@id\":\"https:\\\/\\\/lasentinelle.dz\\\/#\\\/schema\\\/logo\\\/image\\\/\"},\"sameAs\":[\"https:\\\/\\\/www.facebook.com\\\/La-Sentinelle-104059864394773\"]},{\"@type\":\"Person\",\"@id\":\"https:\\\/\\\/lasentinelle.dz\\\/#\\\/schema\\\/person\\\/729ee0024f24e0b8c5ec17232f8e8b41\",\"name\":\"admin\",\"image\":{\"@type\":\"ImageObject\",\"inLanguage\":\"fr-FR\",\"@id\":\"https:\\\/\\\/secure.gravatar.com\\\/avatar\\\/4c81fed838786e9b53f540bf46533e750f5d292099ae3b66cfc6fb1982e29df7?s=96&d=mm&r=g\",\"url\":\"https:\\\/\\\/secure.gravatar.com\\\/avatar\\\/4c81fed838786e9b53f540bf46533e750f5d292099ae3b66cfc6fb1982e29df7?s=96&d=mm&r=g\",\"contentUrl\":\"https:\\\/\\\/secure.gravatar.com\\\/avatar\\\/4c81fed838786e9b53f540bf46533e750f5d292099ae3b66cfc6fb1982e29df7?s=96&d=mm&r=g\",\"caption\":\"admin\"},\"description\":\"admin\",\"url\":\"https:\\\/\\\/lasentinelle.dz\\\/author\\\/admin\\\/\"}]}<\/script>\n<!-- \/ Yoast SEO plugin. -->","yoast_head_json":{"title":"Handisport: Appel \u00e0 la cr\u00e9ation du Comit\u00e9 National Paralympique - La Sentinelle","robots":{"index":"index","follow":"follow","max-snippet":"max-snippet:-1","max-image-preview":"max-image-preview:large","max-video-preview":"max-video-preview:-1"},"canonical":"https:\/\/lasentinelle.dz\/index.php\/2024\/09\/19\/handisport-appel-a-la-creation-du-comite-national-paralympique\/","og_locale":"fr_FR","og_type":"article","og_title":"Handisport: Appel \u00e0 la cr\u00e9ation du Comit\u00e9 National Paralympique - La Sentinelle","og_description":"Dans la foul\u00e9e des r\u00e9cents succ\u00e8s des athl\u00e8tes alg\u00e9riens aux Jeux Paralympiques de Paris 2024, le pr\u00e9sident de la F\u00e9d\u00e9ration","og_url":"https:\/\/lasentinelle.dz\/index.php\/2024\/09\/19\/handisport-appel-a-la-creation-du-comite-national-paralympique\/","og_site_name":"La Sentinelle","article_publisher":"https:\/\/www.facebook.com\/La-Sentinelle-104059864394773","article_published_time":"2024-09-19T13:28:12+00:00","article_modified_time":"2024-09-20T13:28:26+00:00","og_image":[{"width":2048,"height":1536,"url":"https:\/\/lasentinelle.dz\/wp-content\/uploads\/2024\/08\/handisports.jpg","type":"image\/jpeg"}],"author":"admin","twitter_card":"summary_large_image","twitter_misc":{"\u00c9crit par":"admin","Dur\u00e9e de lecture estim\u00e9e":"4 minutes"},"schema":{"@context":"https:\/\/schema.org","@graph":[{"@type":"Article","@id":"https:\/\/lasentinelle.dz\/index.php\/2024\/09\/19\/handisport-appel-a-la-creation-du-comite-national-paralympique\/#article","isPartOf":{"@id":"https:\/\/lasentinelle.dz\/index.php\/2024\/09\/19\/handisport-appel-a-la-creation-du-comite-national-paralympique\/"},"author":{"name":"admin","@id":"https:\/\/lasentinelle.dz\/#\/schema\/person\/729ee0024f24e0b8c5ec17232f8e8b41"},"headline":"Handisport: Appel \u00e0 la cr\u00e9ation du Comit\u00e9 National Paralympique","datePublished":"2024-09-19T13:28:12+00:00","dateModified":"2024-09-20T13:28:26+00:00","mainEntityOfPage":{"@id":"https:\/\/lasentinelle.dz\/index.php\/2024\/09\/19\/handisport-appel-a-la-creation-du-comite-national-paralympique\/"},"wordCount":695,"commentCount":0,"publisher":{"@id":"https:\/\/lasentinelle.dz\/#organization"},"image":{"@id":"https:\/\/lasentinelle.dz\/index.php\/2024\/09\/19\/handisport-appel-a-la-creation-du-comite-national-paralympique\/#primaryimage"},"thumbnailUrl":"https:\/\/lasentinelle.dz\/wp-content\/uploads\/2024\/08\/handisports.jpg","articleSection":["Sports"],"inLanguage":"fr-FR","potentialAction":[{"@type":"CommentAction","name":"Comment","target":["https:\/\/lasentinelle.dz\/index.php\/2024\/09\/19\/handisport-appel-a-la-creation-du-comite-national-paralympique\/#respond"]}]},{"@type":"WebPage","@id":"https:\/\/lasentinelle.dz\/index.php\/2024\/09\/19\/handisport-appel-a-la-creation-du-comite-national-paralympique\/","url":"https:\/\/lasentinelle.dz\/index.php\/2024\/09\/19\/handisport-appel-a-la-creation-du-comite-national-paralympique\/","name":"Handisport: Appel \u00e0 la cr\u00e9ation du Comit\u00e9 National Paralympique - La Sentinelle","isPartOf":{"@id":"https:\/\/lasentinelle.dz\/#website"},"primaryImageOfPage":{"@id":"https:\/\/lasentinelle.dz\/index.php\/2024\/09\/19\/handisport-appel-a-la-creation-du-comite-national-paralympique\/#primaryimage"},"image":{"@id":"https:\/\/lasentinelle.dz\/index.php\/2024\/09\/19\/handisport-appel-a-la-creation-du-comite-national-paralympique\/#primaryimage"},"thumbnailUrl":"https:\/\/lasentinelle.dz\/wp-content\/uploads\/2024\/08\/handisports.jpg","datePublished":"2024-09-19T13:28:12+00:00","dateModified":"2024-09-20T13:28:26+00:00","breadcrumb":{"@id":"https:\/\/lasentinelle.dz\/index.php\/2024\/09\/19\/handisport-appel-a-la-creation-du-comite-national-paralympique\/#breadcrumb"},"inLanguage":"fr-FR","potentialAction":[{"@type":"ReadAction","target":["https:\/\/lasentinelle.dz\/index.php\/2024\/09\/19\/handisport-appel-a-la-creation-du-comite-national-paralympique\/"]}]},{"@type":"ImageObject","inLanguage":"fr-FR","@id":"https:\/\/lasentinelle.dz\/index.php\/2024\/09\/19\/handisport-appel-a-la-creation-du-comite-national-paralympique\/#primaryimage","url":"https:\/\/lasentinelle.dz\/wp-content\/uploads\/2024\/08\/handisports.jpg","contentUrl":"https:\/\/lasentinelle.dz\/wp-content\/uploads\/2024\/08\/handisports.jpg","width":2048,"height":1536},{"@type":"BreadcrumbList","@id":"https:\/\/lasentinelle.dz\/index.php\/2024\/09\/19\/handisport-appel-a-la-creation-du-comite-national-paralympique\/#breadcrumb","itemListElement":[{"@type":"ListItem","position":1,"name":"Accueil","item":"https:\/\/lasentinelle.dz\/"},{"@type":"ListItem","position":2,"name":"Handisport: Appel \u00e0 la cr\u00e9ation du Comit\u00e9 National Paralympique"}]},{"@type":"WebSite","@id":"https:\/\/lasentinelle.dz\/#website","url":"https:\/\/lasentinelle.dz\/","name":"La Sentinelle","description":"Quotidien national d&#039;information","publisher":{"@id":"https:\/\/lasentinelle.dz\/#organization"},"potentialAction":[{"@type":"SearchAction","target":{"@type":"EntryPoint","urlTemplate":"https:\/\/lasentinelle.dz\/?s={search_term_string}"},"query-input":{"@type":"PropertyValueSpecification","valueRequired":true,"valueName":"search_term_string"}}],"inLanguage":"fr-FR"},{"@type":"Organization","@id":"https:\/\/lasentinelle.dz\/#organization","name":"Quotidien La Sentinelle","url":"https:\/\/lasentinelle.dz\/","logo":{"@type":"ImageObject","inLanguage":"fr-FR","@id":"https:\/\/lasentinelle.dz\/#\/schema\/logo\/image\/","url":"https:\/\/lasentinelle.dz\/wp-content\/uploads\/2021\/09\/logo-sentinelleSLOGAN-1.png","contentUrl":"https:\/\/lasentinelle.dz\/wp-content\/uploads\/2021\/09\/logo-sentinelleSLOGAN-1.png","width":615,"height":142,"caption":"Quotidien La Sentinelle"},"image":{"@id":"https:\/\/lasentinelle.dz\/#\/schema\/logo\/image\/"},"sameAs":["https:\/\/www.facebook.com\/La-Sentinelle-104059864394773"]},{"@type":"Person","@id":"https:\/\/lasentinelle.dz\/#\/schema\/person\/729ee0024f24e0b8c5ec17232f8e8b41","name":"admin","image":{"@type":"ImageObject","inLanguage":"fr-FR","@id":"https:\/\/secure.gravatar.com\/avatar\/4c81fed838786e9b53f540bf46533e750f5d292099ae3b66cfc6fb1982e29df7?s=96&d=mm&r=g","url":"https:\/\/secure.gravatar.com\/avatar\/4c81fed838786e9b53f540bf46533e750f5d292099ae3b66cfc6fb1982e29df7?s=96&d=mm&r=g","contentUrl":"https:\/\/secure.gravatar.com\/avatar\/4c81fed838786e9b53f540bf46533e750f5d292099ae3b66cfc6fb1982e29df7?s=96&d=mm&r=g","caption":"admin"},"description":"admin","url":"https:\/\/lasentinelle.dz\/author\/admin\/"}]}},"_links":{"self":[{"href":"https:\/\/lasentinelle.dz\/index.php\/wp-json\/wp\/v2\/posts\/57192","targetHints":{"allow":["GET"]}}],"collection":[{"href":"https:\/\/lasentinelle.dz\/index.php\/wp-json\/wp\/v2\/posts"}],"about":[{"href":"https:\/\/lasentinelle.dz\/index.php\/wp-json\/wp\/v2\/types\/post"}],"author":[{"embeddable":true,"href":"https:\/\/lasentinelle.dz\/index.php\/wp-json\/wp\/v2\/users\/6"}],"replies":[{"embeddable":true,"href":"https:\/\/lasentinelle.dz\/index.php\/wp-json\/wp\/v2\/comments?post=57192"}],"version-history":[{"count":1,"href":"https:\/\/lasentinelle.dz\/index.php\/wp-json\/wp\/v2\/posts\/57192\/revisions"}],"predecessor-version":[{"id":57193,"href":"https:\/\/lasentinelle.dz\/index.php\/wp-json\/wp\/v2\/posts\/57192\/revisions\/57193"}],"wp:featuredmedia":[{"embeddable":true,"href":"https:\/\/lasentinelle.dz\/index.php\/wp-json\/wp\/v2\/media\/56179"}],"wp:attachment":[{"href":"https:\/\/lasentinelle.dz\/index.php\/wp-json\/wp\/v2\/media?parent=57192"}],"wp:term":[{"taxonomy":"category","embeddable":true,"href":"https:\/\/lasentinelle.dz\/index.php\/wp-json\/wp\/v2\/categories?post=57192"},{"taxonomy":"post_tag","embeddable":true,"href":"https:\/\/lasentinelle.dz\/index.php\/wp-json\/wp\/v2\/tags?post=57192"}],"curies":[{"name":"wp","href":"https:\/\/api.w.org\/{rel}","templated":true}]}}