{"id":57194,"date":"2024-09-19T14:28:58","date_gmt":"2024-09-19T13:28:58","guid":{"rendered":"https:\/\/lasentinelle.dz\/?p=57194"},"modified":"2024-09-20T14:29:29","modified_gmt":"2024-09-20T13:29:29","slug":"competitions-africaines-interclubs-les-clubs-algeriens-a-lheure-de-verite","status":"publish","type":"post","link":"https:\/\/lasentinelle.dz\/index.php\/2024\/09\/19\/competitions-africaines-interclubs-les-clubs-algeriens-a-lheure-de-verite\/","title":{"rendered":"Comp\u00e9titions africaines interclubs : Les clubs alg\u00e9riens \u00e0 l&rsquo;heure de v\u00e9rit\u00e9"},"content":{"rendered":"\n<p>Ce week-end s&rsquo;annonce crucial pour les repr\u00e9sentants alg\u00e9riens engag\u00e9s dans les comp\u00e9titions africaines interclubs. Avec des enjeux consid\u00e9rables et des situations vari\u00e9es, le MC Alger, le CR Belouizdad, l&rsquo;USM Alger et le CS Constantine abordent leurs matchs retour du 2e tour pr\u00e9liminaire avec un objectif commun : se qualifier pour la phase de poules.<\/p>\n\n\n\n<p>En Ligue des Champions, le CR Belouizdad et le MC Alger se retrouvent dans une situation d\u00e9licate apr\u00e8s leurs d\u00e9faites respectives \u00e0 l&rsquo;ext\u00e9rieur lors des matchs aller. Le Chabab, quintuple participant cons\u00e9cutif \u00e0 la C1 (un record national), re\u00e7oit l&rsquo;AS Douanes du Burkina Faso vendredi au stade Miloud-Hadefi d&rsquo;Oran. Battu 1-0 \u00e0 l&rsquo;aller \u00e0 Bamako, le CRB n&rsquo;a pas d&rsquo;autre choix que de l&#8217;emporter pour poursuivre son aventure dans cette comp\u00e9tition prestigieuse. L&rsquo;enjeu est de taille pour les hommes de Corentin Martins. Une \u00e9limination \u00e0 ce stade serait per\u00e7ue comme un \u00e9chec cuisant pour un club qui a fait de la Ligue des Champions l&rsquo;un de ses objectifs majeurs cette saison. Face \u00e0 une \u00e9quipe burkinab\u00e9 invaincue depuis 8 matchs, le Chabab devra sortir le grand jeu et faire preuve d&rsquo;une efficacit\u00e9 offensive qui lui a fait d\u00e9faut \u00e0 l&rsquo;aller.<\/p>\n\n\n\n<p>Le Mouloudia, de son c\u00f4t\u00e9, a une double motivation pour son match retour contre l&rsquo;US Monastir samedi. Non seulement les Alg\u00e9rois doivent renverser le score d\u00e9favorable du match aller (0-1), mais ils ont \u00e9galement l&rsquo;opportunit\u00e9 d&rsquo;inaugurer leur nouveau stade Chahid Ali Ammar dit \u00ab\u00a0Ali la Pointe\u00a0\u00bb de Douera par une qualification. L&rsquo;entra\u00eeneur Amir Beaumelle devrait apporter des changements \u00e0 son onze de d\u00e9part, notamment en attaque o\u00f9 Tayeb Meziani et Amine Messoussa pourraient \u00eatre titularis\u00e9s. L&rsquo;inefficacit\u00e9 offensive constat\u00e9e \u00e0 l&rsquo;aller doit imp\u00e9rativement \u00eatre corrig\u00e9e si le MCA veut \u00e9viter une crise pr\u00e9coce dans sa saison.<\/p>\n\n\n\n<p>En Coupe de la Conf\u00e9d\u00e9ration, l&rsquo;USM Alger et le CS Constantine vivent des situations diam\u00e9tralement oppos\u00e9es. Vainqueur du troph\u00e9e en 2023 et demi-finaliste en 2024, l&rsquo;USMA se retrouve dos au mur apr\u00e8s sa d\u00e9faite 1-0 \u00e0 Tunis face au Stade Tunisien. Les hommes de Nabil Ma\u00e2loul n&rsquo;ont plus le droit \u00e0 l&rsquo;erreur dimanche au stade Miloud-Hadefi d&rsquo;Oran. Malgr\u00e9 une prestation correcte \u00e0 l&rsquo;aller, les Alg\u00e9rois ont manqu\u00e9 d&rsquo;efficacit\u00e9 et de concentration dans les moments cl\u00e9s. L&rsquo;entra\u00eeneur tunisien devra revoir sa copie pour aligner un onze capable de renverser la situation. L&rsquo;USMA, habitu\u00e9 des joutes continentales, jouera gros dans ce match retour qui pourrait d\u00e9finir la suite de sa saison. \u00c0 l&rsquo;inverse, le CS Constantine aborde son match retour contre les Ghan\u00e9ens de Nsoatreman dans une position confortable. Forts de leur victoire 2-0 \u00e0 l&rsquo;ext\u00e9rieur, les Sanafir ont l&rsquo;opportunit\u00e9 de valider leur billet pour la phase de groupes devant leur public au stade Chahid-Hamlaoui. Avec trois victoires en autant de matchs depuis le d\u00e9but de leur campagne africaine, les Constantinois font figure de favoris. Cependant, ils devront se m\u00e9fier de tout exc\u00e8s de confiance et terminer le travail avec s\u00e9rieux pour ne pas g\u00e2cher leur avantage.<\/p>\n\n\n\n<p>Ce week-end s&rsquo;annonce donc d\u00e9cisif pour les clubs alg\u00e9riens alg\u00e9riens. Entre espoirs de remontada pour le CRB et le MCA, besoin de r\u00e9action pour l&rsquo;USMA, et confirmation attendue pour le CSC, les sc\u00e9narios sont multiples.<\/p>\n\n\n\n<p>M. Dahleb<\/p>\n\n\n\n<p><strong>CR Belouizdad<\/strong><\/p>\n\n\n\n<p><strong>Housseyn Selmi indisponible 45 jours<\/strong><\/p>\n\n\n\n<p>&nbsp;Le CR Belouizdad, soci\u00e9taire de la Ligue 1 Mobilis de football, a annonc\u00e9 mercredi que son milieu de terrain Housseyn Selmi sera indisponible 45 jours, \u00e0 cause d&rsquo;une fracture au bras droit. \u00ab\u00a0Les examens m\u00e9dicaux pass\u00e9s derni\u00e8rement par notre joueur Housseyn Selmi ont r\u00e9v\u00e9l\u00e9 la pr\u00e9sence d&rsquo;une fracture au bras droit. Il aura besoin de 45 jours pour se r\u00e9tablir enti\u00e8rement\u00a0\u00bb a indiqu\u00e9 la Direction des Rouge et Blanc dans un communiqu\u00e9. Le porteur d&rsquo;eau belouizdadi a contract\u00e9 cette blessure apr\u00e8s seulement sept minutes de jeu lors du match aller du deuxi\u00e8me tour pr\u00e9liminaire de la Ligue des champions, contre la formation burkinab\u00e9 de l&rsquo;AS Douanes. Il avait \u00e9t\u00e9 remplac\u00e9 par l&rsquo;Ivoirien Arafat Doumbia. Le match s&rsquo;\u00e9tait jou\u00e9 samedi dernier au stade Mamadou Konat\u00e9 de Bamako (Mali) et malgr\u00e9 une belle prestation dans l&rsquo;ensemble, le repr\u00e9sentant alg\u00e9rien s&rsquo;\u00e9tait inclin\u00e9 (1-0). \u00ab\u00a0Nous souhaitons un prompt r\u00e9tablissement \u00e0 Selmi et de revenir encore plus fort, pour r\u00e9ussir d&rsquo;autres exploits avec le Chabab\u00a0\u00bb a-t-on ajout\u00e9 de m\u00eame source. Ag\u00e9 de 31 ans, Selmi fait partie des joueurs-cadres du CRB, avec lequel il est sous contrat jusqu&rsquo;au 1er janvier 2027. A cause de cette blessure, il manquera aussi bien le match retour du deuxi\u00e8me tour pr\u00e9liminaire de la Ligue des champions pr\u00e9vu ce vendredi \u00e0 Oran, que le d\u00e9but du championnat de Ligue 1, dont le coup d&rsquo;envoi sera donn\u00e9 ce jeudi.<\/p>\n","protected":false},"excerpt":{"rendered":"<p>Ce week-end s&rsquo;annonce crucial pour les repr\u00e9sentants alg\u00e9riens engag\u00e9s dans les comp\u00e9titions africaines interclubs. Avec des enjeux consid\u00e9rables et des<\/p>\n","protected":false},"author":6,"featured_media":44801,"comment_status":"open","ping_status":"closed","sticky":false,"template":"","format":"standard","meta":{"colormag_page_container_layout":"default_layout","colormag_page_sidebar_layout":"default_layout","om_disable_all_campaigns":false,"_monsterinsights_skip_tracking":false,"_monsterinsights_sitenote_active":false,"_monsterinsights_sitenote_note":"","_monsterinsights_sitenote_category":0,"footnotes":"","_wpscppro_dont_share_socialmedia":false,"_wpscppro_custom_social_share_image":0,"_facebook_share_type":"default","_twitter_share_type":"default","_linkedin_share_type":"default","_pinterest_share_type":"default","_linkedin_share_type_page":"","_instagram_share_type":"default","_medium_share_type":"","_threads_share_type":"","_google_business_share_type":"","_selected_social_profile":[],"_wpsp_enable_custom_social_template":false,"_wpsp_social_scheduling":{"enabled":false,"datetime":null,"platforms":[],"status":"template_only","dateOption":"today","timeOption":"now","customDays":"","customHours":"","customDate":"","customTime":"","schedulingType":"absolute"},"_wpsp_active_default_template":true},"categories":[33],"tags":[],"class_list":["post-57194","post","type-post","status-publish","format-standard","has-post-thumbnail","hentry","category-sports"],"aioseo_notices":[],"yoast_head":"<!-- This site is optimized with the Yoast SEO plugin v27.5 - https:\/\/yoast.com\/product\/yoast-seo-wordpress\/ -->\n<title>Comp\u00e9titions africaines interclubs : Les clubs alg\u00e9riens \u00e0 l&rsquo;heure de v\u00e9rit\u00e9 - La Sentinelle<\/title>\n<meta name=\"robots\" content=\"index, follow, max-snippet:-1, max-image-preview:large, max-video-preview:-1\" \/>\n<link rel=\"canonical\" href=\"https:\/\/lasentinelle.dz\/index.php\/2024\/09\/19\/competitions-africaines-interclubs-les-clubs-algeriens-a-lheure-de-verite\/\" \/>\n<meta property=\"og:locale\" content=\"fr_FR\" \/>\n<meta property=\"og:type\" content=\"article\" \/>\n<meta property=\"og:title\" content=\"Comp\u00e9titions africaines interclubs : Les clubs alg\u00e9riens \u00e0 l&rsquo;heure de v\u00e9rit\u00e9 - La Sentinelle\" \/>\n<meta property=\"og:description\" content=\"Ce week-end s&rsquo;annonce crucial pour les repr\u00e9sentants alg\u00e9riens engag\u00e9s dans les comp\u00e9titions africaines interclubs. Avec des enjeux consid\u00e9rables et des\" \/>\n<meta property=\"og:url\" content=\"https:\/\/lasentinelle.dz\/index.php\/2024\/09\/19\/competitions-africaines-interclubs-les-clubs-algeriens-a-lheure-de-verite\/\" \/>\n<meta property=\"og:site_name\" content=\"La Sentinelle\" \/>\n<meta property=\"article:publisher\" content=\"https:\/\/www.facebook.com\/La-Sentinelle-104059864394773\" \/>\n<meta property=\"article:published_time\" content=\"2024-09-19T13:28:58+00:00\" \/>\n<meta property=\"article:modified_time\" content=\"2024-09-20T13:29:29+00:00\" \/>\n<meta property=\"og:image\" content=\"https:\/\/lasentinelle.dz\/wp-content\/uploads\/2023\/08\/Caf.jpeg\" \/>\n\t<meta property=\"og:image:width\" content=\"908\" \/>\n\t<meta property=\"og:image:height\" content=\"605\" \/>\n\t<meta property=\"og:image:type\" content=\"image\/jpeg\" \/>\n<meta name=\"author\" content=\"admin\" \/>\n<meta name=\"twitter:card\" content=\"summary_large_image\" \/>\n<meta name=\"twitter:label1\" content=\"\u00c9crit par\" \/>\n\t<meta name=\"twitter:data1\" content=\"admin\" \/>\n\t<meta name=\"twitter:label2\" content=\"Dur\u00e9e de lecture estim\u00e9e\" \/>\n\t<meta name=\"twitter:data2\" content=\"5 minutes\" \/>\n<script type=\"application\/ld+json\" class=\"yoast-schema-graph\">{\"@context\":\"https:\\\/\\\/schema.org\",\"@graph\":[{\"@type\":\"Article\",\"@id\":\"https:\\\/\\\/lasentinelle.dz\\\/index.php\\\/2024\\\/09\\\/19\\\/competitions-africaines-interclubs-les-clubs-algeriens-a-lheure-de-verite\\\/#article\",\"isPartOf\":{\"@id\":\"https:\\\/\\\/lasentinelle.dz\\\/index.php\\\/2024\\\/09\\\/19\\\/competitions-africaines-interclubs-les-clubs-algeriens-a-lheure-de-verite\\\/\"},\"author\":{\"name\":\"admin\",\"@id\":\"https:\\\/\\\/lasentinelle.dz\\\/#\\\/schema\\\/person\\\/729ee0024f24e0b8c5ec17232f8e8b41\"},\"headline\":\"Comp\u00e9titions africaines interclubs : Les clubs alg\u00e9riens \u00e0 l&rsquo;heure de v\u00e9rit\u00e9\",\"datePublished\":\"2024-09-19T13:28:58+00:00\",\"dateModified\":\"2024-09-20T13:29:29+00:00\",\"mainEntityOfPage\":{\"@id\":\"https:\\\/\\\/lasentinelle.dz\\\/index.php\\\/2024\\\/09\\\/19\\\/competitions-africaines-interclubs-les-clubs-algeriens-a-lheure-de-verite\\\/\"},\"wordCount\":858,\"commentCount\":0,\"publisher\":{\"@id\":\"https:\\\/\\\/lasentinelle.dz\\\/#organization\"},\"image\":{\"@id\":\"https:\\\/\\\/lasentinelle.dz\\\/index.php\\\/2024\\\/09\\\/19\\\/competitions-africaines-interclubs-les-clubs-algeriens-a-lheure-de-verite\\\/#primaryimage\"},\"thumbnailUrl\":\"https:\\\/\\\/lasentinelle.dz\\\/wp-content\\\/uploads\\\/2023\\\/08\\\/Caf.jpeg\",\"articleSection\":[\"Sports\"],\"inLanguage\":\"fr-FR\",\"potentialAction\":[{\"@type\":\"CommentAction\",\"name\":\"Comment\",\"target\":[\"https:\\\/\\\/lasentinelle.dz\\\/index.php\\\/2024\\\/09\\\/19\\\/competitions-africaines-interclubs-les-clubs-algeriens-a-lheure-de-verite\\\/#respond\"]}]},{\"@type\":\"WebPage\",\"@id\":\"https:\\\/\\\/lasentinelle.dz\\\/index.php\\\/2024\\\/09\\\/19\\\/competitions-africaines-interclubs-les-clubs-algeriens-a-lheure-de-verite\\\/\",\"url\":\"https:\\\/\\\/lasentinelle.dz\\\/index.php\\\/2024\\\/09\\\/19\\\/competitions-africaines-interclubs-les-clubs-algeriens-a-lheure-de-verite\\\/\",\"name\":\"Comp\u00e9titions africaines interclubs : Les clubs alg\u00e9riens \u00e0 l&rsquo;heure de v\u00e9rit\u00e9 - La Sentinelle\",\"isPartOf\":{\"@id\":\"https:\\\/\\\/lasentinelle.dz\\\/#website\"},\"primaryImageOfPage\":{\"@id\":\"https:\\\/\\\/lasentinelle.dz\\\/index.php\\\/2024\\\/09\\\/19\\\/competitions-africaines-interclubs-les-clubs-algeriens-a-lheure-de-verite\\\/#primaryimage\"},\"image\":{\"@id\":\"https:\\\/\\\/lasentinelle.dz\\\/index.php\\\/2024\\\/09\\\/19\\\/competitions-africaines-interclubs-les-clubs-algeriens-a-lheure-de-verite\\\/#primaryimage\"},\"thumbnailUrl\":\"https:\\\/\\\/lasentinelle.dz\\\/wp-content\\\/uploads\\\/2023\\\/08\\\/Caf.jpeg\",\"datePublished\":\"2024-09-19T13:28:58+00:00\",\"dateModified\":\"2024-09-20T13:29:29+00:00\",\"breadcrumb\":{\"@id\":\"https:\\\/\\\/lasentinelle.dz\\\/index.php\\\/2024\\\/09\\\/19\\\/competitions-africaines-interclubs-les-clubs-algeriens-a-lheure-de-verite\\\/#breadcrumb\"},\"inLanguage\":\"fr-FR\",\"potentialAction\":[{\"@type\":\"ReadAction\",\"target\":[\"https:\\\/\\\/lasentinelle.dz\\\/index.php\\\/2024\\\/09\\\/19\\\/competitions-africaines-interclubs-les-clubs-algeriens-a-lheure-de-verite\\\/\"]}]},{\"@type\":\"ImageObject\",\"inLanguage\":\"fr-FR\",\"@id\":\"https:\\\/\\\/lasentinelle.dz\\\/index.php\\\/2024\\\/09\\\/19\\\/competitions-africaines-interclubs-les-clubs-algeriens-a-lheure-de-verite\\\/#primaryimage\",\"url\":\"https:\\\/\\\/lasentinelle.dz\\\/wp-content\\\/uploads\\\/2023\\\/08\\\/Caf.jpeg\",\"contentUrl\":\"https:\\\/\\\/lasentinelle.dz\\\/wp-content\\\/uploads\\\/2023\\\/08\\\/Caf.jpeg\",\"width\":908,\"height\":605},{\"@type\":\"BreadcrumbList\",\"@id\":\"https:\\\/\\\/lasentinelle.dz\\\/index.php\\\/2024\\\/09\\\/19\\\/competitions-africaines-interclubs-les-clubs-algeriens-a-lheure-de-verite\\\/#breadcrumb\",\"itemListElement\":[{\"@type\":\"ListItem\",\"position\":1,\"name\":\"Accueil\",\"item\":\"https:\\\/\\\/lasentinelle.dz\\\/\"},{\"@type\":\"ListItem\",\"position\":2,\"name\":\"Comp\u00e9titions africaines interclubs : Les clubs alg\u00e9riens \u00e0 l&rsquo;heure de v\u00e9rit\u00e9\"}]},{\"@type\":\"WebSite\",\"@id\":\"https:\\\/\\\/lasentinelle.dz\\\/#website\",\"url\":\"https:\\\/\\\/lasentinelle.dz\\\/\",\"name\":\"La Sentinelle\",\"description\":\"Quotidien national d&#039;information\",\"publisher\":{\"@id\":\"https:\\\/\\\/lasentinelle.dz\\\/#organization\"},\"potentialAction\":[{\"@type\":\"SearchAction\",\"target\":{\"@type\":\"EntryPoint\",\"urlTemplate\":\"https:\\\/\\\/lasentinelle.dz\\\/?s={search_term_string}\"},\"query-input\":{\"@type\":\"PropertyValueSpecification\",\"valueRequired\":true,\"valueName\":\"search_term_string\"}}],\"inLanguage\":\"fr-FR\"},{\"@type\":\"Organization\",\"@id\":\"https:\\\/\\\/lasentinelle.dz\\\/#organization\",\"name\":\"Quotidien La Sentinelle\",\"url\":\"https:\\\/\\\/lasentinelle.dz\\\/\",\"logo\":{\"@type\":\"ImageObject\",\"inLanguage\":\"fr-FR\",\"@id\":\"https:\\\/\\\/lasentinelle.dz\\\/#\\\/schema\\\/logo\\\/image\\\/\",\"url\":\"https:\\\/\\\/lasentinelle.dz\\\/wp-content\\\/uploads\\\/2021\\\/09\\\/logo-sentinelleSLOGAN-1.png\",\"contentUrl\":\"https:\\\/\\\/lasentinelle.dz\\\/wp-content\\\/uploads\\\/2021\\\/09\\\/logo-sentinelleSLOGAN-1.png\",\"width\":615,\"height\":142,\"caption\":\"Quotidien La Sentinelle\"},\"image\":{\"@id\":\"https:\\\/\\\/lasentinelle.dz\\\/#\\\/schema\\\/logo\\\/image\\\/\"},\"sameAs\":[\"https:\\\/\\\/www.facebook.com\\\/La-Sentinelle-104059864394773\"]},{\"@type\":\"Person\",\"@id\":\"https:\\\/\\\/lasentinelle.dz\\\/#\\\/schema\\\/person\\\/729ee0024f24e0b8c5ec17232f8e8b41\",\"name\":\"admin\",\"image\":{\"@type\":\"ImageObject\",\"inLanguage\":\"fr-FR\",\"@id\":\"https:\\\/\\\/secure.gravatar.com\\\/avatar\\\/4c81fed838786e9b53f540bf46533e750f5d292099ae3b66cfc6fb1982e29df7?s=96&d=mm&r=g\",\"url\":\"https:\\\/\\\/secure.gravatar.com\\\/avatar\\\/4c81fed838786e9b53f540bf46533e750f5d292099ae3b66cfc6fb1982e29df7?s=96&d=mm&r=g\",\"contentUrl\":\"https:\\\/\\\/secure.gravatar.com\\\/avatar\\\/4c81fed838786e9b53f540bf46533e750f5d292099ae3b66cfc6fb1982e29df7?s=96&d=mm&r=g\",\"caption\":\"admin\"},\"description\":\"admin\",\"url\":\"https:\\\/\\\/lasentinelle.dz\\\/author\\\/admin\\\/\"}]}<\/script>\n<!-- \/ Yoast SEO plugin. -->","yoast_head_json":{"title":"Comp\u00e9titions africaines interclubs : Les clubs alg\u00e9riens \u00e0 l&rsquo;heure de v\u00e9rit\u00e9 - La Sentinelle","robots":{"index":"index","follow":"follow","max-snippet":"max-snippet:-1","max-image-preview":"max-image-preview:large","max-video-preview":"max-video-preview:-1"},"canonical":"https:\/\/lasentinelle.dz\/index.php\/2024\/09\/19\/competitions-africaines-interclubs-les-clubs-algeriens-a-lheure-de-verite\/","og_locale":"fr_FR","og_type":"article","og_title":"Comp\u00e9titions africaines interclubs : Les clubs alg\u00e9riens \u00e0 l&rsquo;heure de v\u00e9rit\u00e9 - La Sentinelle","og_description":"Ce week-end s&rsquo;annonce crucial pour les repr\u00e9sentants alg\u00e9riens engag\u00e9s dans les comp\u00e9titions africaines interclubs. Avec des enjeux consid\u00e9rables et des","og_url":"https:\/\/lasentinelle.dz\/index.php\/2024\/09\/19\/competitions-africaines-interclubs-les-clubs-algeriens-a-lheure-de-verite\/","og_site_name":"La Sentinelle","article_publisher":"https:\/\/www.facebook.com\/La-Sentinelle-104059864394773","article_published_time":"2024-09-19T13:28:58+00:00","article_modified_time":"2024-09-20T13:29:29+00:00","og_image":[{"width":908,"height":605,"url":"https:\/\/lasentinelle.dz\/wp-content\/uploads\/2023\/08\/Caf.jpeg","type":"image\/jpeg"}],"author":"admin","twitter_card":"summary_large_image","twitter_misc":{"\u00c9crit par":"admin","Dur\u00e9e de lecture estim\u00e9e":"5 minutes"},"schema":{"@context":"https:\/\/schema.org","@graph":[{"@type":"Article","@id":"https:\/\/lasentinelle.dz\/index.php\/2024\/09\/19\/competitions-africaines-interclubs-les-clubs-algeriens-a-lheure-de-verite\/#article","isPartOf":{"@id":"https:\/\/lasentinelle.dz\/index.php\/2024\/09\/19\/competitions-africaines-interclubs-les-clubs-algeriens-a-lheure-de-verite\/"},"author":{"name":"admin","@id":"https:\/\/lasentinelle.dz\/#\/schema\/person\/729ee0024f24e0b8c5ec17232f8e8b41"},"headline":"Comp\u00e9titions africaines interclubs : Les clubs alg\u00e9riens \u00e0 l&rsquo;heure de v\u00e9rit\u00e9","datePublished":"2024-09-19T13:28:58+00:00","dateModified":"2024-09-20T13:29:29+00:00","mainEntityOfPage":{"@id":"https:\/\/lasentinelle.dz\/index.php\/2024\/09\/19\/competitions-africaines-interclubs-les-clubs-algeriens-a-lheure-de-verite\/"},"wordCount":858,"commentCount":0,"publisher":{"@id":"https:\/\/lasentinelle.dz\/#organization"},"image":{"@id":"https:\/\/lasentinelle.dz\/index.php\/2024\/09\/19\/competitions-africaines-interclubs-les-clubs-algeriens-a-lheure-de-verite\/#primaryimage"},"thumbnailUrl":"https:\/\/lasentinelle.dz\/wp-content\/uploads\/2023\/08\/Caf.jpeg","articleSection":["Sports"],"inLanguage":"fr-FR","potentialAction":[{"@type":"CommentAction","name":"Comment","target":["https:\/\/lasentinelle.dz\/index.php\/2024\/09\/19\/competitions-africaines-interclubs-les-clubs-algeriens-a-lheure-de-verite\/#respond"]}]},{"@type":"WebPage","@id":"https:\/\/lasentinelle.dz\/index.php\/2024\/09\/19\/competitions-africaines-interclubs-les-clubs-algeriens-a-lheure-de-verite\/","url":"https:\/\/lasentinelle.dz\/index.php\/2024\/09\/19\/competitions-africaines-interclubs-les-clubs-algeriens-a-lheure-de-verite\/","name":"Comp\u00e9titions africaines interclubs : Les clubs alg\u00e9riens \u00e0 l&rsquo;heure de v\u00e9rit\u00e9 - La Sentinelle","isPartOf":{"@id":"https:\/\/lasentinelle.dz\/#website"},"primaryImageOfPage":{"@id":"https:\/\/lasentinelle.dz\/index.php\/2024\/09\/19\/competitions-africaines-interclubs-les-clubs-algeriens-a-lheure-de-verite\/#primaryimage"},"image":{"@id":"https:\/\/lasentinelle.dz\/index.php\/2024\/09\/19\/competitions-africaines-interclubs-les-clubs-algeriens-a-lheure-de-verite\/#primaryimage"},"thumbnailUrl":"https:\/\/lasentinelle.dz\/wp-content\/uploads\/2023\/08\/Caf.jpeg","datePublished":"2024-09-19T13:28:58+00:00","dateModified":"2024-09-20T13:29:29+00:00","breadcrumb":{"@id":"https:\/\/lasentinelle.dz\/index.php\/2024\/09\/19\/competitions-africaines-interclubs-les-clubs-algeriens-a-lheure-de-verite\/#breadcrumb"},"inLanguage":"fr-FR","potentialAction":[{"@type":"ReadAction","target":["https:\/\/lasentinelle.dz\/index.php\/2024\/09\/19\/competitions-africaines-interclubs-les-clubs-algeriens-a-lheure-de-verite\/"]}]},{"@type":"ImageObject","inLanguage":"fr-FR","@id":"https:\/\/lasentinelle.dz\/index.php\/2024\/09\/19\/competitions-africaines-interclubs-les-clubs-algeriens-a-lheure-de-verite\/#primaryimage","url":"https:\/\/lasentinelle.dz\/wp-content\/uploads\/2023\/08\/Caf.jpeg","contentUrl":"https:\/\/lasentinelle.dz\/wp-content\/uploads\/2023\/08\/Caf.jpeg","width":908,"height":605},{"@type":"BreadcrumbList","@id":"https:\/\/lasentinelle.dz\/index.php\/2024\/09\/19\/competitions-africaines-interclubs-les-clubs-algeriens-a-lheure-de-verite\/#breadcrumb","itemListElement":[{"@type":"ListItem","position":1,"name":"Accueil","item":"https:\/\/lasentinelle.dz\/"},{"@type":"ListItem","position":2,"name":"Comp\u00e9titions africaines interclubs : Les clubs alg\u00e9riens \u00e0 l&rsquo;heure de v\u00e9rit\u00e9"}]},{"@type":"WebSite","@id":"https:\/\/lasentinelle.dz\/#website","url":"https:\/\/lasentinelle.dz\/","name":"La Sentinelle","description":"Quotidien national d&#039;information","publisher":{"@id":"https:\/\/lasentinelle.dz\/#organization"},"potentialAction":[{"@type":"SearchAction","target":{"@type":"EntryPoint","urlTemplate":"https:\/\/lasentinelle.dz\/?s={search_term_string}"},"query-input":{"@type":"PropertyValueSpecification","valueRequired":true,"valueName":"search_term_string"}}],"inLanguage":"fr-FR"},{"@type":"Organization","@id":"https:\/\/lasentinelle.dz\/#organization","name":"Quotidien La Sentinelle","url":"https:\/\/lasentinelle.dz\/","logo":{"@type":"ImageObject","inLanguage":"fr-FR","@id":"https:\/\/lasentinelle.dz\/#\/schema\/logo\/image\/","url":"https:\/\/lasentinelle.dz\/wp-content\/uploads\/2021\/09\/logo-sentinelleSLOGAN-1.png","contentUrl":"https:\/\/lasentinelle.dz\/wp-content\/uploads\/2021\/09\/logo-sentinelleSLOGAN-1.png","width":615,"height":142,"caption":"Quotidien La Sentinelle"},"image":{"@id":"https:\/\/lasentinelle.dz\/#\/schema\/logo\/image\/"},"sameAs":["https:\/\/www.facebook.com\/La-Sentinelle-104059864394773"]},{"@type":"Person","@id":"https:\/\/lasentinelle.dz\/#\/schema\/person\/729ee0024f24e0b8c5ec17232f8e8b41","name":"admin","image":{"@type":"ImageObject","inLanguage":"fr-FR","@id":"https:\/\/secure.gravatar.com\/avatar\/4c81fed838786e9b53f540bf46533e750f5d292099ae3b66cfc6fb1982e29df7?s=96&d=mm&r=g","url":"https:\/\/secure.gravatar.com\/avatar\/4c81fed838786e9b53f540bf46533e750f5d292099ae3b66cfc6fb1982e29df7?s=96&d=mm&r=g","contentUrl":"https:\/\/secure.gravatar.com\/avatar\/4c81fed838786e9b53f540bf46533e750f5d292099ae3b66cfc6fb1982e29df7?s=96&d=mm&r=g","caption":"admin"},"description":"admin","url":"https:\/\/lasentinelle.dz\/author\/admin\/"}]}},"_links":{"self":[{"href":"https:\/\/lasentinelle.dz\/index.php\/wp-json\/wp\/v2\/posts\/57194","targetHints":{"allow":["GET"]}}],"collection":[{"href":"https:\/\/lasentinelle.dz\/index.php\/wp-json\/wp\/v2\/posts"}],"about":[{"href":"https:\/\/lasentinelle.dz\/index.php\/wp-json\/wp\/v2\/types\/post"}],"author":[{"embeddable":true,"href":"https:\/\/lasentinelle.dz\/index.php\/wp-json\/wp\/v2\/users\/6"}],"replies":[{"embeddable":true,"href":"https:\/\/lasentinelle.dz\/index.php\/wp-json\/wp\/v2\/comments?post=57194"}],"version-history":[{"count":2,"href":"https:\/\/lasentinelle.dz\/index.php\/wp-json\/wp\/v2\/posts\/57194\/revisions"}],"predecessor-version":[{"id":57196,"href":"https:\/\/lasentinelle.dz\/index.php\/wp-json\/wp\/v2\/posts\/57194\/revisions\/57196"}],"wp:featuredmedia":[{"embeddable":true,"href":"https:\/\/lasentinelle.dz\/index.php\/wp-json\/wp\/v2\/media\/44801"}],"wp:attachment":[{"href":"https:\/\/lasentinelle.dz\/index.php\/wp-json\/wp\/v2\/media?parent=57194"}],"wp:term":[{"taxonomy":"category","embeddable":true,"href":"https:\/\/lasentinelle.dz\/index.php\/wp-json\/wp\/v2\/categories?post=57194"},{"taxonomy":"post_tag","embeddable":true,"href":"https:\/\/lasentinelle.dz\/index.php\/wp-json\/wp\/v2\/tags?post=57194"}],"curies":[{"name":"wp","href":"https:\/\/api.w.org\/{rel}","templated":true}]}}