{"id":57212,"date":"2024-09-19T14:46:52","date_gmt":"2024-09-19T13:46:52","guid":{"rendered":"https:\/\/lasentinelle.dz\/?p=57212"},"modified":"2024-09-20T14:47:38","modified_gmt":"2024-09-20T13:47:38","slug":"gecf-hausse-de-22-de-la-consommation-de-gaz-en-2024","status":"publish","type":"post","link":"https:\/\/lasentinelle.dz\/index.php\/2024\/09\/19\/gecf-hausse-de-22-de-la-consommation-de-gaz-en-2024\/","title":{"rendered":"GECF: Hausse de 2,2 % de la consommation de gaz en 2024"},"content":{"rendered":"\n<p class=\"wp-block-paragraph\">Le rapport mensuel de septembre 2024 du Forum des Pays Exportateurs de Gaz (GECF) met en lumi\u00e8re une augmentation significative de la demande de gaz naturel, tir\u00e9e principalement par l&rsquo;Asie et la Chine. Sur les sept premiers mois de 2024, la consommation globale dans les principaux pays consommateurs a augment\u00e9 de 2,2% par rapport \u00e0 l&rsquo;ann\u00e9e pr\u00e9c\u00e9dente. En juillet 2024, la demande apparente de gaz en Chine a bondi de 7,4% par rapport \u00e0 l&rsquo;ann\u00e9e pr\u00e9c\u00e9dente, atteignant 35 milliards de m\u00e8tres cubes (bcm). Cette hausse est attribu\u00e9e \u00e0 l&rsquo;augmentation des temp\u00e9ratures, particuli\u00e8rement \u00e0 Shenzhen, une r\u00e9gion cl\u00e9 pour la production d&rsquo;\u00e9lectricit\u00e9 \u00e0 partir du gaz.<\/p>\n\n\n\n<p class=\"wp-block-paragraph\">Cette tendance en Asie contraste avec les \u00e9volutions observ\u00e9es dans d&rsquo;autres r\u00e9gions du monde. En ao\u00fbt 2024, l&rsquo;Union Europ\u00e9enne a enregistr\u00e9 une baisse de 4,6% de sa consommation de gaz, tandis que les \u00c9tats-Unis ont connu une diminution de 2,3%. Ces baisses sont principalement dues \u00e0 une production accrue d&rsquo;\u00e9nergies alternatives dans le secteur \u00e9lectrique.<\/p>\n\n\n\n<p class=\"wp-block-paragraph\">Malgr\u00e9 ces variations r\u00e9gionales, la consommation globale de gaz dans les principaux pays consommateurs, repr\u00e9sentant 60% de la demande mondiale, a augment\u00e9 de 2,2% sur les sept premiers mois de 2024, atteignant 1 390 bcm. Les importations de gaz par gazoduc de l&rsquo;UE ont augment\u00e9 de 4% entre janvier et ao\u00fbt 2024, principalement gr\u00e2ce \u00e0 la Russie et \u00e0 la Norv\u00e8ge.<\/p>\n\n\n\n<p class=\"wp-block-paragraph\">Les exportations de l&rsquo;Alg\u00e9rie vers l&rsquo;Espagne ont connu une hausse significative de 18%.<\/p>\n\n\n\n<p class=\"wp-block-paragraph\">Du c\u00f4t\u00e9 de la production, la Chine maintient une forte croissance (+9% sur un an), notamment gr\u00e2ce au gaz non conventionnel. En revanche, les \u00c9tats-Unis ont vu leur production baisser de 1% en ao\u00fbt, et l&rsquo;Europe a enregistr\u00e9 une l\u00e9g\u00e8re diminution de 0,7% en juillet. Globalement, la production dans les principaux pays producteurs a augment\u00e9 de 2,3% sur les sept premiers mois de 2024. Le commerce du gaz naturel liqu\u00e9fi\u00e9 (GNL) a connu une l\u00e9g\u00e8re baisse (-0,3%) en ao\u00fbt 2024, principalement due \u00e0 une r\u00e9duction des importations en Europe. Cependant, cette baisse a \u00e9t\u00e9 partiellement compens\u00e9e par des augmentations dans les r\u00e9gions Asie-Pacifique et MENA. Pour l&rsquo;ensemble de l&rsquo;ann\u00e9e 2024, le commerce mondial de GNL devrait cro\u00eetre de 1 \u00e0 1,5%, port\u00e9 par une demande plus forte dans la r\u00e9gion Asie-Pacifique.<\/p>\n\n\n\n<p class=\"wp-block-paragraph\">Les prix du gaz ont fortement augment\u00e9 en Europe et en Asie en ao\u00fbt, atteignant leurs plus hauts niveaux de l&rsquo;ann\u00e9e. Le TTF europ\u00e9en a atteint 12,21 $\/MMBtu (+19% sur un mois), tandis que le GNL en Asie du Nord-Est s&rsquo;est \u00e9tabli \u00e0 13,20 $\/MMBtu (+10%). Aux \u00c9tats-Unis, en revanche, les prix du Henry Hub ont baiss\u00e9 \u00e0 1,99 $\/MMBtu.<\/p>\n\n\n\n<p class=\"wp-block-paragraph\">Sabrina Aziouez<\/p>\n","protected":false},"excerpt":{"rendered":"<p>Le rapport mensuel de septembre 2024 du Forum des Pays Exportateurs de Gaz (GECF) met en lumi\u00e8re une augmentation significative<\/p>\n","protected":false},"author":6,"featured_media":46184,"comment_status":"open","ping_status":"closed","sticky":false,"template":"","format":"standard","meta":{"colormag_page_container_layout":"default_layout","colormag_page_sidebar_layout":"default_layout","om_disable_all_campaigns":false,"_monsterinsights_skip_tracking":false,"footnotes":"","_wpscppro_dont_share_socialmedia":false,"_wpscppro_custom_social_share_image":0,"_facebook_share_type":"default","_twitter_share_type":"default","_linkedin_share_type":"default","_pinterest_share_type":"default","_linkedin_share_type_page":"","_instagram_share_type":"default","_medium_share_type":"","_threads_share_type":"","_google_business_share_type":"","_bluesky_share_type":"","_mastodon_share_type":"","_selected_social_profile":[],"_wpsp_enable_custom_social_template":false,"_wpsp_social_scheduling":{"enabled":false,"datetime":null,"platforms":[],"status":"template_only","dateOption":"today","timeOption":"now","customDays":"","customHours":"","customDate":"","customTime":"","schedulingType":"absolute"},"_wpsp_active_default_template":true},"categories":[29],"tags":[],"class_list":["post-57212","post","type-post","status-publish","format-standard","has-post-thumbnail","hentry","category-economie"],"aioseo_notices":[],"aioseo_head":"\n\t\t<!-- All in One SEO 5.0.0.1 - aioseo.com -->\n\t<meta name=\"description\" content=\"Le rapport mensuel de septembre 2024 du Forum des Pays Exportateurs de Gaz (GECF) met en lumi\u00e8re une augmentation significative de la demande de gaz naturel, tir\u00e9e principalement par l&#039;Asie et la Chine. Sur les sept premiers mois de 2024, la consommation globale dans les principaux pays consommateurs a augment\u00e9 de 2,2% par rapport \u00e0\" \/>\n\t<meta name=\"robots\" content=\"max-image-preview:large\" \/>\n\t<meta name=\"author\" content=\"admin\"\/>\n\t<link rel=\"canonical\" href=\"https:\/\/lasentinelle.dz\/index.php\/2024\/09\/19\/gecf-hausse-de-22-de-la-consommation-de-gaz-en-2024\/\" \/>\n\t<meta name=\"generator\" content=\"All in One SEO (AIOSEO) 5.0.0.1\" \/>\n\t\t<meta property=\"og:locale\" content=\"fr_FR\" \/>\n\t\t<meta property=\"og:site_name\" content=\"La Sentinelle - Quotidien national d&#039;information\" \/>\n\t\t<meta property=\"og:type\" content=\"article\" \/>\n\t\t<meta property=\"og:title\" content=\"GECF: Hausse de 2,2 % de la consommation de gaz en 2024 - La Sentinelle\" \/>\n\t\t<meta property=\"og:description\" content=\"Le rapport mensuel de septembre 2024 du Forum des Pays Exportateurs de Gaz (GECF) met en lumi\u00e8re une augmentation significative de la demande de gaz naturel, tir\u00e9e principalement par l&#039;Asie et la Chine. Sur les sept premiers mois de 2024, la consommation globale dans les principaux pays consommateurs a augment\u00e9 de 2,2% par rapport \u00e0\" \/>\n\t\t<meta property=\"og:url\" content=\"https:\/\/lasentinelle.dz\/index.php\/2024\/09\/19\/gecf-hausse-de-22-de-la-consommation-de-gaz-en-2024\/\" \/>\n\t\t<meta property=\"og:image\" content=\"https:\/\/lasentinelle.dz\/wp-content\/uploads\/2021\/09\/cropped-la-sentinelle-earth-golden-anima-5.gif\" \/>\n\t\t<meta property=\"og:image:secure_url\" content=\"https:\/\/lasentinelle.dz\/wp-content\/uploads\/2021\/09\/cropped-la-sentinelle-earth-golden-anima-5.gif\" \/>\n\t\t<meta property=\"og:image:width\" content=\"450\" \/>\n\t\t<meta property=\"og:image:height\" content=\"213\" \/>\n\t\t<meta property=\"article:published_time\" content=\"2024-09-19T13:46:52+00:00\" \/>\n\t\t<meta property=\"article:modified_time\" content=\"2024-09-20T13:47:38+00:00\" \/>\n\t\t<meta property=\"article:publisher\" content=\"https:\/\/www.facebook.com\/azzedine.lasentinelle.1\" \/>\n\t\t<meta name=\"twitter:card\" content=\"summary_large_image\" \/>\n\t\t<meta name=\"twitter:title\" content=\"GECF: Hausse de 2,2 % de la consommation de gaz en 2024 - La Sentinelle\" \/>\n\t\t<meta name=\"twitter:description\" content=\"Le rapport mensuel de septembre 2024 du Forum des Pays Exportateurs de Gaz (GECF) met en lumi\u00e8re une augmentation significative de la demande de gaz naturel, tir\u00e9e principalement par l&#039;Asie et la Chine. Sur les sept premiers mois de 2024, la consommation globale dans les principaux pays consommateurs a augment\u00e9 de 2,2% par rapport \u00e0\" \/>\n\t\t<meta name=\"twitter:image\" content=\"https:\/\/lasentinelle.dz\/wp-content\/uploads\/2021\/09\/cropped-la-sentinelle-earth-golden-anima-5.gif\" \/>\n\t\t<script type=\"application\/ld+json\" class=\"aioseo-schema\">\n\t\t\t{\"@context\":\"https:\\\/\\\/schema.org\",\"@graph\":[{\"@type\":\"BlogPosting\",\"@id\":\"https:\\\/\\\/lasentinelle.dz\\\/index.php\\\/2024\\\/09\\\/19\\\/gecf-hausse-de-22-de-la-consommation-de-gaz-en-2024\\\/#blogposting\",\"name\":\"GECF: Hausse de 2,2 % de la consommation de gaz en 2024 - La Sentinelle\",\"headline\":\"GECF: Hausse de 2,2 % de la consommation de gaz en 2024\",\"author\":{\"@id\":\"https:\\\/\\\/lasentinelle.dz\\\/author\\\/admin\\\/#author\"},\"publisher\":{\"@id\":\"https:\\\/\\\/lasentinelle.dz\\\/#organization\"},\"image\":{\"@type\":\"ImageObject\",\"url\":\"https:\\\/\\\/lasentinelle.dz\\\/wp-content\\\/uploads\\\/2023\\\/10\\\/GECF.jpeg\",\"width\":340,\"height\":200},\"datePublished\":\"2024-09-19T14:46:52+01:00\",\"dateModified\":\"2024-09-20T14:47:38+01:00\",\"inLanguage\":\"fr-FR\",\"mainEntityOfPage\":{\"@id\":\"https:\\\/\\\/lasentinelle.dz\\\/index.php\\\/2024\\\/09\\\/19\\\/gecf-hausse-de-22-de-la-consommation-de-gaz-en-2024\\\/#webpage\"},\"isPartOf\":{\"@id\":\"https:\\\/\\\/lasentinelle.dz\\\/index.php\\\/2024\\\/09\\\/19\\\/gecf-hausse-de-22-de-la-consommation-de-gaz-en-2024\\\/#webpage\"},\"articleSection\":\"\\u00c9conomie\"},{\"@type\":\"BreadcrumbList\",\"@id\":\"https:\\\/\\\/lasentinelle.dz\\\/index.php\\\/2024\\\/09\\\/19\\\/gecf-hausse-de-22-de-la-consommation-de-gaz-en-2024\\\/#breadcrumblist\",\"itemListElement\":[{\"@type\":\"ListItem\",\"@id\":\"https:\\\/\\\/lasentinelle.dz#listItem\",\"position\":1,\"name\":\"Home\",\"item\":\"https:\\\/\\\/lasentinelle.dz\",\"nextItem\":{\"@type\":\"ListItem\",\"@id\":\"https:\\\/\\\/lasentinelle.dz\\\/index.php\\\/category\\\/economie\\\/#listItem\",\"name\":\"\\u00c9conomie\"}},{\"@type\":\"ListItem\",\"@id\":\"https:\\\/\\\/lasentinelle.dz\\\/index.php\\\/category\\\/economie\\\/#listItem\",\"position\":2,\"name\":\"\\u00c9conomie\",\"item\":\"https:\\\/\\\/lasentinelle.dz\\\/index.php\\\/category\\\/economie\\\/\",\"nextItem\":{\"@type\":\"ListItem\",\"@id\":\"https:\\\/\\\/lasentinelle.dz\\\/index.php\\\/2024\\\/09\\\/19\\\/gecf-hausse-de-22-de-la-consommation-de-gaz-en-2024\\\/#listItem\",\"name\":\"GECF: Hausse de 2,2 % de la consommation de gaz en 2024\"},\"previousItem\":{\"@type\":\"ListItem\",\"@id\":\"https:\\\/\\\/lasentinelle.dz#listItem\",\"name\":\"Home\"}},{\"@type\":\"ListItem\",\"@id\":\"https:\\\/\\\/lasentinelle.dz\\\/index.php\\\/2024\\\/09\\\/19\\\/gecf-hausse-de-22-de-la-consommation-de-gaz-en-2024\\\/#listItem\",\"position\":3,\"name\":\"GECF: Hausse de 2,2 % de la consommation de gaz en 2024\",\"previousItem\":{\"@type\":\"ListItem\",\"@id\":\"https:\\\/\\\/lasentinelle.dz\\\/index.php\\\/category\\\/economie\\\/#listItem\",\"name\":\"\\u00c9conomie\"}}]},{\"@type\":\"Organization\",\"@id\":\"https:\\\/\\\/lasentinelle.dz\\\/#organization\",\"name\":\"La Sentinelle La Sentinelle\",\"description\":\"Quotidien national d'information\",\"url\":\"https:\\\/\\\/lasentinelle.dz\\\/\",\"logo\":{\"@type\":\"ImageObject\",\"url\":\"https:\\\/\\\/lasentinelle.dz\\\/wp-content\\\/uploads\\\/2021\\\/09\\\/cropped-la-sentinelle-earth-golden-anima-5.gif\",\"@id\":\"https:\\\/\\\/lasentinelle.dz\\\/index.php\\\/2024\\\/09\\\/19\\\/gecf-hausse-de-22-de-la-consommation-de-gaz-en-2024\\\/#organizationLogo\",\"width\":450,\"height\":213},\"image\":{\"@id\":\"https:\\\/\\\/lasentinelle.dz\\\/index.php\\\/2024\\\/09\\\/19\\\/gecf-hausse-de-22-de-la-consommation-de-gaz-en-2024\\\/#organizationLogo\"},\"sameAs\":[\"https:\\\/\\\/www.facebook.com\\\/azzedine.lasentinelle.1\"]},{\"@type\":\"Person\",\"@id\":\"https:\\\/\\\/lasentinelle.dz\\\/author\\\/admin\\\/#author\",\"url\":\"https:\\\/\\\/lasentinelle.dz\\\/author\\\/admin\\\/\",\"name\":\"admin\",\"image\":{\"@type\":\"ImageObject\",\"@id\":\"https:\\\/\\\/lasentinelle.dz\\\/index.php\\\/2024\\\/09\\\/19\\\/gecf-hausse-de-22-de-la-consommation-de-gaz-en-2024\\\/#authorImage\",\"url\":\"https:\\\/\\\/secure.gravatar.com\\\/avatar\\\/4c81fed838786e9b53f540bf46533e750f5d292099ae3b66cfc6fb1982e29df7?s=96&d=mm&r=g\",\"width\":96,\"height\":96,\"caption\":\"admin\"}},{\"@type\":\"WebPage\",\"@id\":\"https:\\\/\\\/lasentinelle.dz\\\/index.php\\\/2024\\\/09\\\/19\\\/gecf-hausse-de-22-de-la-consommation-de-gaz-en-2024\\\/#webpage\",\"url\":\"https:\\\/\\\/lasentinelle.dz\\\/index.php\\\/2024\\\/09\\\/19\\\/gecf-hausse-de-22-de-la-consommation-de-gaz-en-2024\\\/\",\"name\":\"GECF: Hausse de 2,2 % de la consommation de gaz en 2024 - La Sentinelle\",\"description\":\"Le rapport mensuel de septembre 2024 du Forum des Pays Exportateurs de Gaz (GECF) met en lumi\\u00e8re une augmentation significative de la demande de gaz naturel, tir\\u00e9e principalement par l'Asie et la Chine. Sur les sept premiers mois de 2024, la consommation globale dans les principaux pays consommateurs a augment\\u00e9 de 2,2% par rapport \\u00e0\",\"inLanguage\":\"fr-FR\",\"isPartOf\":{\"@id\":\"https:\\\/\\\/lasentinelle.dz\\\/#website\"},\"breadcrumb\":{\"@id\":\"https:\\\/\\\/lasentinelle.dz\\\/index.php\\\/2024\\\/09\\\/19\\\/gecf-hausse-de-22-de-la-consommation-de-gaz-en-2024\\\/#breadcrumblist\"},\"author\":{\"@id\":\"https:\\\/\\\/lasentinelle.dz\\\/author\\\/admin\\\/#author\"},\"creator\":{\"@id\":\"https:\\\/\\\/lasentinelle.dz\\\/author\\\/admin\\\/#author\"},\"image\":{\"@type\":\"ImageObject\",\"url\":\"https:\\\/\\\/lasentinelle.dz\\\/wp-content\\\/uploads\\\/2023\\\/10\\\/GECF.jpeg\",\"@id\":\"https:\\\/\\\/lasentinelle.dz\\\/index.php\\\/2024\\\/09\\\/19\\\/gecf-hausse-de-22-de-la-consommation-de-gaz-en-2024\\\/#mainImage\",\"width\":340,\"height\":200},\"primaryImageOfPage\":{\"@id\":\"https:\\\/\\\/lasentinelle.dz\\\/index.php\\\/2024\\\/09\\\/19\\\/gecf-hausse-de-22-de-la-consommation-de-gaz-en-2024\\\/#mainImage\"},\"datePublished\":\"2024-09-19T14:46:52+01:00\",\"dateModified\":\"2024-09-20T14:47:38+01:00\"},{\"@type\":\"WebSite\",\"@id\":\"https:\\\/\\\/lasentinelle.dz\\\/#website\",\"url\":\"https:\\\/\\\/lasentinelle.dz\\\/\",\"name\":\"La Sentinelle\",\"description\":\"Quotidien national d'information\",\"inLanguage\":\"fr-FR\",\"publisher\":{\"@id\":\"https:\\\/\\\/lasentinelle.dz\\\/#organization\"}}]}\n\t\t<\/script>\n\t\t<!-- All in One SEO -->\n\n","aioseo_head_json":{"title":"GECF: Hausse de 2,2 % de la consommation de gaz en 2024 - La Sentinelle","description":"Le rapport mensuel de septembre 2024 du Forum des Pays Exportateurs de Gaz (GECF) met en lumi\u00e8re une augmentation significative de la demande de gaz naturel, tir\u00e9e principalement par l'Asie et la Chine. Sur les sept premiers mois de 2024, la consommation globale dans les principaux pays consommateurs a augment\u00e9 de 2,2% par rapport \u00e0","canonical_url":"https:\/\/lasentinelle.dz\/index.php\/2024\/09\/19\/gecf-hausse-de-22-de-la-consommation-de-gaz-en-2024\/","robots":"max-image-preview:large","keywords":"","webmasterTools":{"miscellaneous":""},"schema":{"@context":"https:\/\/schema.org","@graph":[{"@type":"BlogPosting","@id":"https:\/\/lasentinelle.dz\/index.php\/2024\/09\/19\/gecf-hausse-de-22-de-la-consommation-de-gaz-en-2024\/#blogposting","name":"GECF: Hausse de 2,2 % de la consommation de gaz en 2024 - La Sentinelle","headline":"GECF: Hausse de 2,2 % de la consommation de gaz en 2024","author":{"@id":"https:\/\/lasentinelle.dz\/author\/admin\/#author"},"publisher":{"@id":"https:\/\/lasentinelle.dz\/#organization"},"image":{"@type":"ImageObject","url":"https:\/\/lasentinelle.dz\/wp-content\/uploads\/2023\/10\/GECF.jpeg","width":340,"height":200},"datePublished":"2024-09-19T14:46:52+01:00","dateModified":"2024-09-20T14:47:38+01:00","inLanguage":"fr-FR","mainEntityOfPage":{"@id":"https:\/\/lasentinelle.dz\/index.php\/2024\/09\/19\/gecf-hausse-de-22-de-la-consommation-de-gaz-en-2024\/#webpage"},"isPartOf":{"@id":"https:\/\/lasentinelle.dz\/index.php\/2024\/09\/19\/gecf-hausse-de-22-de-la-consommation-de-gaz-en-2024\/#webpage"},"articleSection":"\u00c9conomie"},{"@type":"BreadcrumbList","@id":"https:\/\/lasentinelle.dz\/index.php\/2024\/09\/19\/gecf-hausse-de-22-de-la-consommation-de-gaz-en-2024\/#breadcrumblist","itemListElement":[{"@type":"ListItem","@id":"https:\/\/lasentinelle.dz#listItem","position":1,"name":"Home","item":"https:\/\/lasentinelle.dz","nextItem":{"@type":"ListItem","@id":"https:\/\/lasentinelle.dz\/index.php\/category\/economie\/#listItem","name":"\u00c9conomie"}},{"@type":"ListItem","@id":"https:\/\/lasentinelle.dz\/index.php\/category\/economie\/#listItem","position":2,"name":"\u00c9conomie","item":"https:\/\/lasentinelle.dz\/index.php\/category\/economie\/","nextItem":{"@type":"ListItem","@id":"https:\/\/lasentinelle.dz\/index.php\/2024\/09\/19\/gecf-hausse-de-22-de-la-consommation-de-gaz-en-2024\/#listItem","name":"GECF: Hausse de 2,2 % de la consommation de gaz en 2024"},"previousItem":{"@type":"ListItem","@id":"https:\/\/lasentinelle.dz#listItem","name":"Home"}},{"@type":"ListItem","@id":"https:\/\/lasentinelle.dz\/index.php\/2024\/09\/19\/gecf-hausse-de-22-de-la-consommation-de-gaz-en-2024\/#listItem","position":3,"name":"GECF: Hausse de 2,2 % de la consommation de gaz en 2024","previousItem":{"@type":"ListItem","@id":"https:\/\/lasentinelle.dz\/index.php\/category\/economie\/#listItem","name":"\u00c9conomie"}}]},{"@type":"Organization","@id":"https:\/\/lasentinelle.dz\/#organization","name":"La Sentinelle La Sentinelle","description":"Quotidien national d'information","url":"https:\/\/lasentinelle.dz\/","logo":{"@type":"ImageObject","url":"https:\/\/lasentinelle.dz\/wp-content\/uploads\/2021\/09\/cropped-la-sentinelle-earth-golden-anima-5.gif","@id":"https:\/\/lasentinelle.dz\/index.php\/2024\/09\/19\/gecf-hausse-de-22-de-la-consommation-de-gaz-en-2024\/#organizationLogo","width":450,"height":213},"image":{"@id":"https:\/\/lasentinelle.dz\/index.php\/2024\/09\/19\/gecf-hausse-de-22-de-la-consommation-de-gaz-en-2024\/#organizationLogo"},"sameAs":["https:\/\/www.facebook.com\/azzedine.lasentinelle.1"]},{"@type":"Person","@id":"https:\/\/lasentinelle.dz\/author\/admin\/#author","url":"https:\/\/lasentinelle.dz\/author\/admin\/","name":"admin","image":{"@type":"ImageObject","@id":"https:\/\/lasentinelle.dz\/index.php\/2024\/09\/19\/gecf-hausse-de-22-de-la-consommation-de-gaz-en-2024\/#authorImage","url":"https:\/\/secure.gravatar.com\/avatar\/4c81fed838786e9b53f540bf46533e750f5d292099ae3b66cfc6fb1982e29df7?s=96&d=mm&r=g","width":96,"height":96,"caption":"admin"}},{"@type":"WebPage","@id":"https:\/\/lasentinelle.dz\/index.php\/2024\/09\/19\/gecf-hausse-de-22-de-la-consommation-de-gaz-en-2024\/#webpage","url":"https:\/\/lasentinelle.dz\/index.php\/2024\/09\/19\/gecf-hausse-de-22-de-la-consommation-de-gaz-en-2024\/","name":"GECF: Hausse de 2,2 % de la consommation de gaz en 2024 - La Sentinelle","description":"Le rapport mensuel de septembre 2024 du Forum des Pays Exportateurs de Gaz (GECF) met en lumi\u00e8re une augmentation significative de la demande de gaz naturel, tir\u00e9e principalement par l'Asie et la Chine. Sur les sept premiers mois de 2024, la consommation globale dans les principaux pays consommateurs a augment\u00e9 de 2,2% par rapport \u00e0","inLanguage":"fr-FR","isPartOf":{"@id":"https:\/\/lasentinelle.dz\/#website"},"breadcrumb":{"@id":"https:\/\/lasentinelle.dz\/index.php\/2024\/09\/19\/gecf-hausse-de-22-de-la-consommation-de-gaz-en-2024\/#breadcrumblist"},"author":{"@id":"https:\/\/lasentinelle.dz\/author\/admin\/#author"},"creator":{"@id":"https:\/\/lasentinelle.dz\/author\/admin\/#author"},"image":{"@type":"ImageObject","url":"https:\/\/lasentinelle.dz\/wp-content\/uploads\/2023\/10\/GECF.jpeg","@id":"https:\/\/lasentinelle.dz\/index.php\/2024\/09\/19\/gecf-hausse-de-22-de-la-consommation-de-gaz-en-2024\/#mainImage","width":340,"height":200},"primaryImageOfPage":{"@id":"https:\/\/lasentinelle.dz\/index.php\/2024\/09\/19\/gecf-hausse-de-22-de-la-consommation-de-gaz-en-2024\/#mainImage"},"datePublished":"2024-09-19T14:46:52+01:00","dateModified":"2024-09-20T14:47:38+01:00"},{"@type":"WebSite","@id":"https:\/\/lasentinelle.dz\/#website","url":"https:\/\/lasentinelle.dz\/","name":"La Sentinelle","description":"Quotidien national d'information","inLanguage":"fr-FR","publisher":{"@id":"https:\/\/lasentinelle.dz\/#organization"}}]},"og:locale":"fr_FR","og:site_name":"La Sentinelle - Quotidien national d'information","og:type":"article","og:title":"GECF: Hausse de 2,2 % de la consommation de gaz en 2024 - La Sentinelle","og:description":"Le rapport mensuel de septembre 2024 du Forum des Pays Exportateurs de Gaz (GECF) met en lumi\u00e8re une augmentation significative de la demande de gaz naturel, tir\u00e9e principalement par l'Asie et la Chine. Sur les sept premiers mois de 2024, la consommation globale dans les principaux pays consommateurs a augment\u00e9 de 2,2% par rapport \u00e0","og:url":"https:\/\/lasentinelle.dz\/index.php\/2024\/09\/19\/gecf-hausse-de-22-de-la-consommation-de-gaz-en-2024\/","og:image":"https:\/\/lasentinelle.dz\/wp-content\/uploads\/2021\/09\/cropped-la-sentinelle-earth-golden-anima-5.gif","og:image:secure_url":"https:\/\/lasentinelle.dz\/wp-content\/uploads\/2021\/09\/cropped-la-sentinelle-earth-golden-anima-5.gif","og:image:width":450,"og:image:height":213,"article:published_time":"2024-09-19T13:46:52+00:00","article:modified_time":"2024-09-20T13:47:38+00:00","article:publisher":"https:\/\/www.facebook.com\/azzedine.lasentinelle.1","twitter:card":"summary_large_image","twitter:title":"GECF: Hausse de 2,2 % de la consommation de gaz en 2024 - La Sentinelle","twitter:description":"Le rapport mensuel de septembre 2024 du Forum des Pays Exportateurs de Gaz (GECF) met en lumi\u00e8re une augmentation significative de la demande de gaz naturel, tir\u00e9e principalement par l'Asie et la Chine. Sur les sept premiers mois de 2024, la consommation globale dans les principaux pays consommateurs a augment\u00e9 de 2,2% par rapport \u00e0","twitter:image":"https:\/\/lasentinelle.dz\/wp-content\/uploads\/2021\/09\/cropped-la-sentinelle-earth-golden-anima-5.gif"},"aioseo_meta_data":{"post_id":"57212","title":null,"description":null,"keywords":null,"keyphrases":null,"primary_term":null,"canonical_url":null,"og_title":null,"og_description":null,"og_object_type":"default","og_image_type":"default","og_image_url":null,"og_image_width":null,"og_image_height":null,"og_image_custom_url":null,"og_image_custom_fields":null,"og_video":null,"og_custom_url":null,"og_article_section":null,"og_article_tags":null,"twitter_use_og":false,"twitter_card":"default","twitter_image_type":"default","twitter_image_url":null,"twitter_image_custom_url":null,"twitter_image_custom_fields":null,"twitter_title":null,"twitter_description":null,"schema":{"blockGraphs":[],"customGraphs":[],"default":{"data":{"Article":[],"Course":[],"Dataset":[],"FAQPage":[],"Movie":[],"Person":[],"Product":[],"ProductReview":[],"Car":[],"Recipe":[],"Service":[],"SoftwareApplication":[],"WebPage":[]},"graphName":"","isEnabled":true},"graphs":[]},"schema_type":"default","schema_type_options":null,"pillar_content":false,"robots_default":true,"robots_noindex":false,"robots_noarchive":false,"robots_nosnippet":false,"robots_nofollow":false,"robots_noimageindex":false,"robots_noodp":false,"robots_notranslate":false,"robots_max_snippet":null,"robots_max_videopreview":null,"robots_max_imagepreview":"large","priority":null,"frequency":null,"local_seo":null,"breadcrumb_settings":null,"limit_modified_date":false,"ai":null,"created":"2026-05-09 21:30:39","updated":"2026-05-09 21:30:39","focus_keyword":null,"additional_keywords":null,"truseo_locale":null,"seo_analyzer_scan_date":null},"aioseo_breadcrumb":"<div class=\"aioseo-breadcrumbs\"><span class=\"aioseo-breadcrumb\">\n\t\t\t<a href=\"https:\/\/lasentinelle.dz\" title=\"Home\">Home<\/a>\n\t\t<\/span><span class=\"aioseo-breadcrumb-separator\">&raquo;<\/span><span class=\"aioseo-breadcrumb\">\n\t\t\t<a href=\"https:\/\/lasentinelle.dz\/index.php\/category\/economie\/\" title=\"\u00c9conomie\">\u00c9conomie<\/a>\n\t\t<\/span><span class=\"aioseo-breadcrumb-separator\">&raquo;<\/span><span class=\"aioseo-breadcrumb\">\n\t\t\tGECF: Hausse de 2,2 % de la consommation de gaz en 2024\n\t\t<\/span><\/div>","aioseo_breadcrumb_json":[{"label":"Home","link":"https:\/\/lasentinelle.dz"},{"label":"\u00c9conomie","link":"https:\/\/lasentinelle.dz\/index.php\/category\/economie\/"},{"label":"GECF: Hausse de 2,2 % de la consommation de gaz en 2024","link":"https:\/\/lasentinelle.dz\/index.php\/2024\/09\/19\/gecf-hausse-de-22-de-la-consommation-de-gaz-en-2024\/"}],"yoast_head":"<!-- This site is optimized with the Yoast SEO plugin v28.3 - https:\/\/yoast.com\/product\/yoast-seo-wordpress\/ -->\n<title>GECF: Hausse de 2,2 % de la consommation de gaz en 2024 - La Sentinelle<\/title>\n<meta name=\"robots\" content=\"index, follow, max-snippet:-1, max-image-preview:large, max-video-preview:-1\" \/>\n<link rel=\"canonical\" href=\"https:\/\/lasentinelle.dz\/index.php\/2024\/09\/19\/gecf-hausse-de-22-de-la-consommation-de-gaz-en-2024\/\" \/>\n<meta property=\"og:locale\" content=\"fr_FR\" \/>\n<meta property=\"og:type\" content=\"article\" \/>\n<meta property=\"og:title\" content=\"GECF: Hausse de 2,2 % de la consommation de gaz en 2024 - La Sentinelle\" \/>\n<meta property=\"og:description\" content=\"Le rapport mensuel de septembre 2024 du Forum des Pays Exportateurs de Gaz (GECF) met en lumi\u00e8re une augmentation significative\" \/>\n<meta property=\"og:url\" content=\"https:\/\/lasentinelle.dz\/index.php\/2024\/09\/19\/gecf-hausse-de-22-de-la-consommation-de-gaz-en-2024\/\" \/>\n<meta property=\"og:site_name\" content=\"La Sentinelle\" \/>\n<meta property=\"article:publisher\" content=\"https:\/\/www.facebook.com\/La-Sentinelle-104059864394773\" \/>\n<meta property=\"article:published_time\" content=\"2024-09-19T13:46:52+00:00\" \/>\n<meta property=\"article:modified_time\" content=\"2024-09-20T13:47:38+00:00\" \/>\n<meta property=\"og:image\" content=\"https:\/\/lasentinelle.dz\/wp-content\/uploads\/2023\/10\/GECF.jpeg\" \/>\n\t<meta property=\"og:image:width\" content=\"340\" \/>\n\t<meta property=\"og:image:height\" content=\"200\" \/>\n\t<meta property=\"og:image:type\" content=\"image\/jpeg\" \/>\n<meta name=\"author\" content=\"admin\" \/>\n<meta name=\"twitter:card\" content=\"summary_large_image\" \/>\n<meta name=\"twitter:label1\" content=\"\u00c9crit par\" \/>\n\t<meta name=\"twitter:data1\" content=\"admin\" \/>\n\t<meta name=\"twitter:label2\" content=\"Dur\u00e9e de lecture estim\u00e9e\" \/>\n\t<meta name=\"twitter:data2\" content=\"3 minutes\" \/>\n<script type=\"application\/ld+json\" class=\"yoast-schema-graph\">{\"@context\":\"https:\\\/\\\/schema.org\",\"@graph\":[{\"@type\":\"Article\",\"@id\":\"https:\\\/\\\/lasentinelle.dz\\\/index.php\\\/2024\\\/09\\\/19\\\/gecf-hausse-de-22-de-la-consommation-de-gaz-en-2024\\\/#article\",\"isPartOf\":{\"@id\":\"https:\\\/\\\/lasentinelle.dz\\\/index.php\\\/2024\\\/09\\\/19\\\/gecf-hausse-de-22-de-la-consommation-de-gaz-en-2024\\\/\"},\"author\":{\"name\":\"admin\",\"@id\":\"https:\\\/\\\/lasentinelle.dz\\\/#\\\/schema\\\/person\\\/729ee0024f24e0b8c5ec17232f8e8b41\"},\"headline\":\"GECF: Hausse de 2,2 % de la consommation de gaz en 2024\",\"datePublished\":\"2024-09-19T13:46:52+00:00\",\"dateModified\":\"2024-09-20T13:47:38+00:00\",\"mainEntityOfPage\":{\"@id\":\"https:\\\/\\\/lasentinelle.dz\\\/index.php\\\/2024\\\/09\\\/19\\\/gecf-hausse-de-22-de-la-consommation-de-gaz-en-2024\\\/\"},\"wordCount\":450,\"commentCount\":0,\"publisher\":{\"@id\":\"https:\\\/\\\/lasentinelle.dz\\\/#organization\"},\"image\":{\"@id\":\"https:\\\/\\\/lasentinelle.dz\\\/index.php\\\/2024\\\/09\\\/19\\\/gecf-hausse-de-22-de-la-consommation-de-gaz-en-2024\\\/#primaryimage\"},\"thumbnailUrl\":\"https:\\\/\\\/lasentinelle.dz\\\/wp-content\\\/uploads\\\/2023\\\/10\\\/GECF.jpeg\",\"articleSection\":[\"\u00c9conomie\"],\"inLanguage\":\"fr-FR\",\"potentialAction\":[{\"@type\":\"CommentAction\",\"name\":\"Comment\",\"target\":[\"https:\\\/\\\/lasentinelle.dz\\\/index.php\\\/2024\\\/09\\\/19\\\/gecf-hausse-de-22-de-la-consommation-de-gaz-en-2024\\\/#respond\"]}]},{\"@type\":\"WebPage\",\"@id\":\"https:\\\/\\\/lasentinelle.dz\\\/index.php\\\/2024\\\/09\\\/19\\\/gecf-hausse-de-22-de-la-consommation-de-gaz-en-2024\\\/\",\"url\":\"https:\\\/\\\/lasentinelle.dz\\\/index.php\\\/2024\\\/09\\\/19\\\/gecf-hausse-de-22-de-la-consommation-de-gaz-en-2024\\\/\",\"name\":\"GECF: Hausse de 2,2 % de la consommation de gaz en 2024 - La Sentinelle\",\"isPartOf\":{\"@id\":\"https:\\\/\\\/lasentinelle.dz\\\/#website\"},\"primaryImageOfPage\":{\"@id\":\"https:\\\/\\\/lasentinelle.dz\\\/index.php\\\/2024\\\/09\\\/19\\\/gecf-hausse-de-22-de-la-consommation-de-gaz-en-2024\\\/#primaryimage\"},\"image\":{\"@id\":\"https:\\\/\\\/lasentinelle.dz\\\/index.php\\\/2024\\\/09\\\/19\\\/gecf-hausse-de-22-de-la-consommation-de-gaz-en-2024\\\/#primaryimage\"},\"thumbnailUrl\":\"https:\\\/\\\/lasentinelle.dz\\\/wp-content\\\/uploads\\\/2023\\\/10\\\/GECF.jpeg\",\"datePublished\":\"2024-09-19T13:46:52+00:00\",\"dateModified\":\"2024-09-20T13:47:38+00:00\",\"breadcrumb\":{\"@id\":\"https:\\\/\\\/lasentinelle.dz\\\/index.php\\\/2024\\\/09\\\/19\\\/gecf-hausse-de-22-de-la-consommation-de-gaz-en-2024\\\/#breadcrumb\"},\"inLanguage\":\"fr-FR\",\"potentialAction\":[{\"@type\":\"ReadAction\",\"target\":[\"https:\\\/\\\/lasentinelle.dz\\\/index.php\\\/2024\\\/09\\\/19\\\/gecf-hausse-de-22-de-la-consommation-de-gaz-en-2024\\\/\"]}]},{\"@type\":\"ImageObject\",\"inLanguage\":\"fr-FR\",\"@id\":\"https:\\\/\\\/lasentinelle.dz\\\/index.php\\\/2024\\\/09\\\/19\\\/gecf-hausse-de-22-de-la-consommation-de-gaz-en-2024\\\/#primaryimage\",\"url\":\"https:\\\/\\\/lasentinelle.dz\\\/wp-content\\\/uploads\\\/2023\\\/10\\\/GECF.jpeg\",\"contentUrl\":\"https:\\\/\\\/lasentinelle.dz\\\/wp-content\\\/uploads\\\/2023\\\/10\\\/GECF.jpeg\",\"width\":340,\"height\":200},{\"@type\":\"BreadcrumbList\",\"@id\":\"https:\\\/\\\/lasentinelle.dz\\\/index.php\\\/2024\\\/09\\\/19\\\/gecf-hausse-de-22-de-la-consommation-de-gaz-en-2024\\\/#breadcrumb\",\"itemListElement\":[{\"@type\":\"ListItem\",\"position\":1,\"name\":\"Accueil\",\"item\":\"https:\\\/\\\/lasentinelle.dz\\\/\"},{\"@type\":\"ListItem\",\"position\":2,\"name\":\"GECF: Hausse de 2,2 % de la consommation de gaz en 2024\"}]},{\"@type\":\"WebSite\",\"@id\":\"https:\\\/\\\/lasentinelle.dz\\\/#website\",\"url\":\"https:\\\/\\\/lasentinelle.dz\\\/\",\"name\":\"La Sentinelle\",\"description\":\"Quotidien national d&#039;information\",\"publisher\":{\"@id\":\"https:\\\/\\\/lasentinelle.dz\\\/#organization\"},\"potentialAction\":[{\"@type\":\"SearchAction\",\"target\":{\"@type\":\"EntryPoint\",\"urlTemplate\":\"https:\\\/\\\/lasentinelle.dz\\\/?s={search_term_string}\"},\"query-input\":{\"@type\":\"PropertyValueSpecification\",\"valueRequired\":true,\"valueName\":\"search_term_string\"}}],\"inLanguage\":\"fr-FR\"},{\"@type\":\"Organization\",\"@id\":\"https:\\\/\\\/lasentinelle.dz\\\/#organization\",\"name\":\"Quotidien La Sentinelle\",\"url\":\"https:\\\/\\\/lasentinelle.dz\\\/\",\"logo\":{\"@type\":\"ImageObject\",\"inLanguage\":\"fr-FR\",\"@id\":\"https:\\\/\\\/lasentinelle.dz\\\/#\\\/schema\\\/logo\\\/image\\\/\",\"url\":\"https:\\\/\\\/lasentinelle.dz\\\/wp-content\\\/uploads\\\/2021\\\/09\\\/logo-sentinelleSLOGAN-1.png\",\"contentUrl\":\"https:\\\/\\\/lasentinelle.dz\\\/wp-content\\\/uploads\\\/2021\\\/09\\\/logo-sentinelleSLOGAN-1.png\",\"width\":615,\"height\":142,\"caption\":\"Quotidien La Sentinelle\"},\"image\":{\"@id\":\"https:\\\/\\\/lasentinelle.dz\\\/#\\\/schema\\\/logo\\\/image\\\/\"},\"sameAs\":[\"https:\\\/\\\/www.facebook.com\\\/La-Sentinelle-104059864394773\"]},{\"@type\":\"Person\",\"@id\":\"https:\\\/\\\/lasentinelle.dz\\\/#\\\/schema\\\/person\\\/729ee0024f24e0b8c5ec17232f8e8b41\",\"name\":\"admin\",\"image\":{\"@type\":\"ImageObject\",\"inLanguage\":\"fr-FR\",\"@id\":\"https:\\\/\\\/secure.gravatar.com\\\/avatar\\\/4c81fed838786e9b53f540bf46533e750f5d292099ae3b66cfc6fb1982e29df7?s=96&d=mm&r=g\",\"url\":\"https:\\\/\\\/secure.gravatar.com\\\/avatar\\\/4c81fed838786e9b53f540bf46533e750f5d292099ae3b66cfc6fb1982e29df7?s=96&d=mm&r=g\",\"contentUrl\":\"https:\\\/\\\/secure.gravatar.com\\\/avatar\\\/4c81fed838786e9b53f540bf46533e750f5d292099ae3b66cfc6fb1982e29df7?s=96&d=mm&r=g\",\"caption\":\"admin\"},\"description\":\"admin\",\"url\":\"https:\\\/\\\/lasentinelle.dz\\\/author\\\/admin\\\/\"}]}<\/script>\n<!-- \/ Yoast SEO plugin. -->","yoast_head_json":{"title":"GECF: Hausse de 2,2 % de la consommation de gaz en 2024 - La Sentinelle","robots":{"index":"index","follow":"follow","max-snippet":"max-snippet:-1","max-image-preview":"max-image-preview:large","max-video-preview":"max-video-preview:-1"},"canonical":"https:\/\/lasentinelle.dz\/index.php\/2024\/09\/19\/gecf-hausse-de-22-de-la-consommation-de-gaz-en-2024\/","og_locale":"fr_FR","og_type":"article","og_title":"GECF: Hausse de 2,2 % de la consommation de gaz en 2024 - La Sentinelle","og_description":"Le rapport mensuel de septembre 2024 du Forum des Pays Exportateurs de Gaz (GECF) met en lumi\u00e8re une augmentation significative","og_url":"https:\/\/lasentinelle.dz\/index.php\/2024\/09\/19\/gecf-hausse-de-22-de-la-consommation-de-gaz-en-2024\/","og_site_name":"La Sentinelle","article_publisher":"https:\/\/www.facebook.com\/La-Sentinelle-104059864394773","article_published_time":"2024-09-19T13:46:52+00:00","article_modified_time":"2024-09-20T13:47:38+00:00","og_image":[{"width":340,"height":200,"url":"https:\/\/lasentinelle.dz\/wp-content\/uploads\/2023\/10\/GECF.jpeg","type":"image\/jpeg"}],"author":"admin","twitter_card":"summary_large_image","twitter_misc":{"\u00c9crit par":"admin","Dur\u00e9e de lecture estim\u00e9e":"3 minutes"},"schema":{"@context":"https:\/\/schema.org","@graph":[{"@type":"Article","@id":"https:\/\/lasentinelle.dz\/index.php\/2024\/09\/19\/gecf-hausse-de-22-de-la-consommation-de-gaz-en-2024\/#article","isPartOf":{"@id":"https:\/\/lasentinelle.dz\/index.php\/2024\/09\/19\/gecf-hausse-de-22-de-la-consommation-de-gaz-en-2024\/"},"author":{"name":"admin","@id":"https:\/\/lasentinelle.dz\/#\/schema\/person\/729ee0024f24e0b8c5ec17232f8e8b41"},"headline":"GECF: Hausse de 2,2 % de la consommation de gaz en 2024","datePublished":"2024-09-19T13:46:52+00:00","dateModified":"2024-09-20T13:47:38+00:00","mainEntityOfPage":{"@id":"https:\/\/lasentinelle.dz\/index.php\/2024\/09\/19\/gecf-hausse-de-22-de-la-consommation-de-gaz-en-2024\/"},"wordCount":450,"commentCount":0,"publisher":{"@id":"https:\/\/lasentinelle.dz\/#organization"},"image":{"@id":"https:\/\/lasentinelle.dz\/index.php\/2024\/09\/19\/gecf-hausse-de-22-de-la-consommation-de-gaz-en-2024\/#primaryimage"},"thumbnailUrl":"https:\/\/lasentinelle.dz\/wp-content\/uploads\/2023\/10\/GECF.jpeg","articleSection":["\u00c9conomie"],"inLanguage":"fr-FR","potentialAction":[{"@type":"CommentAction","name":"Comment","target":["https:\/\/lasentinelle.dz\/index.php\/2024\/09\/19\/gecf-hausse-de-22-de-la-consommation-de-gaz-en-2024\/#respond"]}]},{"@type":"WebPage","@id":"https:\/\/lasentinelle.dz\/index.php\/2024\/09\/19\/gecf-hausse-de-22-de-la-consommation-de-gaz-en-2024\/","url":"https:\/\/lasentinelle.dz\/index.php\/2024\/09\/19\/gecf-hausse-de-22-de-la-consommation-de-gaz-en-2024\/","name":"GECF: Hausse de 2,2 % de la consommation de gaz en 2024 - La Sentinelle","isPartOf":{"@id":"https:\/\/lasentinelle.dz\/#website"},"primaryImageOfPage":{"@id":"https:\/\/lasentinelle.dz\/index.php\/2024\/09\/19\/gecf-hausse-de-22-de-la-consommation-de-gaz-en-2024\/#primaryimage"},"image":{"@id":"https:\/\/lasentinelle.dz\/index.php\/2024\/09\/19\/gecf-hausse-de-22-de-la-consommation-de-gaz-en-2024\/#primaryimage"},"thumbnailUrl":"https:\/\/lasentinelle.dz\/wp-content\/uploads\/2023\/10\/GECF.jpeg","datePublished":"2024-09-19T13:46:52+00:00","dateModified":"2024-09-20T13:47:38+00:00","breadcrumb":{"@id":"https:\/\/lasentinelle.dz\/index.php\/2024\/09\/19\/gecf-hausse-de-22-de-la-consommation-de-gaz-en-2024\/#breadcrumb"},"inLanguage":"fr-FR","potentialAction":[{"@type":"ReadAction","target":["https:\/\/lasentinelle.dz\/index.php\/2024\/09\/19\/gecf-hausse-de-22-de-la-consommation-de-gaz-en-2024\/"]}]},{"@type":"ImageObject","inLanguage":"fr-FR","@id":"https:\/\/lasentinelle.dz\/index.php\/2024\/09\/19\/gecf-hausse-de-22-de-la-consommation-de-gaz-en-2024\/#primaryimage","url":"https:\/\/lasentinelle.dz\/wp-content\/uploads\/2023\/10\/GECF.jpeg","contentUrl":"https:\/\/lasentinelle.dz\/wp-content\/uploads\/2023\/10\/GECF.jpeg","width":340,"height":200},{"@type":"BreadcrumbList","@id":"https:\/\/lasentinelle.dz\/index.php\/2024\/09\/19\/gecf-hausse-de-22-de-la-consommation-de-gaz-en-2024\/#breadcrumb","itemListElement":[{"@type":"ListItem","position":1,"name":"Accueil","item":"https:\/\/lasentinelle.dz\/"},{"@type":"ListItem","position":2,"name":"GECF: Hausse de 2,2 % de la consommation de gaz en 2024"}]},{"@type":"WebSite","@id":"https:\/\/lasentinelle.dz\/#website","url":"https:\/\/lasentinelle.dz\/","name":"La Sentinelle","description":"Quotidien national d&#039;information","publisher":{"@id":"https:\/\/lasentinelle.dz\/#organization"},"potentialAction":[{"@type":"SearchAction","target":{"@type":"EntryPoint","urlTemplate":"https:\/\/lasentinelle.dz\/?s={search_term_string}"},"query-input":{"@type":"PropertyValueSpecification","valueRequired":true,"valueName":"search_term_string"}}],"inLanguage":"fr-FR"},{"@type":"Organization","@id":"https:\/\/lasentinelle.dz\/#organization","name":"Quotidien La Sentinelle","url":"https:\/\/lasentinelle.dz\/","logo":{"@type":"ImageObject","inLanguage":"fr-FR","@id":"https:\/\/lasentinelle.dz\/#\/schema\/logo\/image\/","url":"https:\/\/lasentinelle.dz\/wp-content\/uploads\/2021\/09\/logo-sentinelleSLOGAN-1.png","contentUrl":"https:\/\/lasentinelle.dz\/wp-content\/uploads\/2021\/09\/logo-sentinelleSLOGAN-1.png","width":615,"height":142,"caption":"Quotidien La Sentinelle"},"image":{"@id":"https:\/\/lasentinelle.dz\/#\/schema\/logo\/image\/"},"sameAs":["https:\/\/www.facebook.com\/La-Sentinelle-104059864394773"]},{"@type":"Person","@id":"https:\/\/lasentinelle.dz\/#\/schema\/person\/729ee0024f24e0b8c5ec17232f8e8b41","name":"admin","image":{"@type":"ImageObject","inLanguage":"fr-FR","@id":"https:\/\/secure.gravatar.com\/avatar\/4c81fed838786e9b53f540bf46533e750f5d292099ae3b66cfc6fb1982e29df7?s=96&d=mm&r=g","url":"https:\/\/secure.gravatar.com\/avatar\/4c81fed838786e9b53f540bf46533e750f5d292099ae3b66cfc6fb1982e29df7?s=96&d=mm&r=g","contentUrl":"https:\/\/secure.gravatar.com\/avatar\/4c81fed838786e9b53f540bf46533e750f5d292099ae3b66cfc6fb1982e29df7?s=96&d=mm&r=g","caption":"admin"},"description":"admin","url":"https:\/\/lasentinelle.dz\/author\/admin\/"}]}},"_links":{"self":[{"href":"https:\/\/lasentinelle.dz\/index.php\/wp-json\/wp\/v2\/posts\/57212","targetHints":{"allow":["GET"]}}],"collection":[{"href":"https:\/\/lasentinelle.dz\/index.php\/wp-json\/wp\/v2\/posts"}],"about":[{"href":"https:\/\/lasentinelle.dz\/index.php\/wp-json\/wp\/v2\/types\/post"}],"author":[{"embeddable":true,"href":"https:\/\/lasentinelle.dz\/index.php\/wp-json\/wp\/v2\/users\/6"}],"replies":[{"embeddable":true,"href":"https:\/\/lasentinelle.dz\/index.php\/wp-json\/wp\/v2\/comments?post=57212"}],"version-history":[{"count":1,"href":"https:\/\/lasentinelle.dz\/index.php\/wp-json\/wp\/v2\/posts\/57212\/revisions"}],"predecessor-version":[{"id":57213,"href":"https:\/\/lasentinelle.dz\/index.php\/wp-json\/wp\/v2\/posts\/57212\/revisions\/57213"}],"wp:featuredmedia":[{"embeddable":true,"href":"https:\/\/lasentinelle.dz\/index.php\/wp-json\/wp\/v2\/media\/46184"}],"wp:attachment":[{"href":"https:\/\/lasentinelle.dz\/index.php\/wp-json\/wp\/v2\/media?parent=57212"}],"wp:term":[{"taxonomy":"category","embeddable":true,"href":"https:\/\/lasentinelle.dz\/index.php\/wp-json\/wp\/v2\/categories?post=57212"},{"taxonomy":"post_tag","embeddable":true,"href":"https:\/\/lasentinelle.dz\/index.php\/wp-json\/wp\/v2\/tags?post=57212"}],"curies":[{"name":"wp","href":"https:\/\/api.w.org\/{rel}","templated":true}]}}