{"id":57223,"date":"2024-09-19T15:10:01","date_gmt":"2024-09-19T14:10:01","guid":{"rendered":"https:\/\/lasentinelle.dz\/?p=57223"},"modified":"2024-09-20T15:11:25","modified_gmt":"2024-09-20T14:11:25","slug":"des-morts-et-plus-de-3-000-blesses-dans-une-serie-dexplosions-dappareils-de-communication-civils-au-liban-une-nouvelle-violation-sioniste-grave","status":"publish","type":"post","link":"https:\/\/lasentinelle.dz\/index.php\/2024\/09\/19\/des-morts-et-plus-de-3-000-blesses-dans-une-serie-dexplosions-dappareils-de-communication-civils-au-liban-une-nouvelle-violation-sioniste-grave\/","title":{"rendered":"Des morts et plus de 3.000 bless\u00e9s dans une s\u00e9rie d&rsquo;explosions d&rsquo;appareils de communication civils au Liban: Une nouvelle violation sioniste grave"},"content":{"rendered":"\n<p>Le Liban se trouve plong\u00e9 dans une crise s\u00e9curitaire sans pr\u00e9c\u00e9dent suite \u00e0 deux vagues d&rsquo;explosions myst\u00e9rieuses ayant frapp\u00e9 le pays mardi et hier. Ces incidents, attribu\u00e9s \u00e0 des actes de piratage d&rsquo;origine isra\u00e9lienne, ont sem\u00e9 la panique et fait de nombreuses victimes, aggravant une situation r\u00e9gionale d\u00e9j\u00e0 extr\u00eamement tendue.<\/p>\n\n\n\n<p>Mardi, une premi\u00e8re s\u00e9rie d&rsquo;explosions a vis\u00e9 des bipeurs dans plusieurs r\u00e9gions du Liban, notamment dans la banlieue sud de Beyrouth. Le bilan de cette attaque s&rsquo;est alourdi \u00e0 12 morts, dont deux enfants, et entre 2750 et 2800 bless\u00e9s, selon le ministre libanais de la Sant\u00e9, Firass Abiad. Le lendemain, une nouvelle vague d&rsquo;explosions a touch\u00e9 cette fois-ci des talkie-walkies, faisant 9 morts suppl\u00e9mentaires et 300 bless\u00e9s. Ces explosions sont survenues alors que se d\u00e9roulaient les obs\u00e8ques de quatre membres du Hezbollah tu\u00e9s la veille, amplifiant le choc et la confusion au sein de la population. L&rsquo;Agence nationale de presse libanaise (ANI) a qualifi\u00e9 ces \u00e9v\u00e9nements d'\u00a0\u00bbincident de s\u00e9curit\u00e9 sans pr\u00e9c\u00e9dent\u00a0\u00bb, pointant du doigt l&rsquo;entit\u00e9 sioniste comme responsable de ces attaques. Le gouvernement libanais a fermement condamn\u00e9 ces actes, les consid\u00e9rant comme une \u00ab\u00a0violation flagrante de la souverainet\u00e9 nationale\u00a0\u00bb. Ces explosions soul\u00e8vent de graves inqui\u00e9tudes quant \u00e0 la vuln\u00e9rabilit\u00e9 des syst\u00e8mes de communication et \u00e0 la possibilit\u00e9 d&rsquo;utiliser des appareils \u00e9lectroniques comme armes \u00e0 distance. Le recours de l&rsquo;entit\u00e9 sioniste au piratage et \u00e0 faire exploser des appareils de communication civils \u00e0 grande \u00e9chelle repr\u00e9sente une nouvelle forme d&rsquo;agression, brouillant les lignes entre guerre conventionnelle et cyberguerre.<\/p>\n\n\n\n<p>Ces attaques interviennent dans un contexte g\u00e9opolitique d\u00e9j\u00e0 extr\u00eamement tendu, alors que l&rsquo;entit\u00e9 sioniste affiche clairement son intention d&rsquo;\u00e9largir le conflit dans la r\u00e9gion, alors qu&rsquo;elle d\u00e9sign\u00e9 le Liban comme un nouvel objectif de guerre. Cette vague d&rsquo;attaques exacerbe la situation au moment o\u00f9 le Hezbollah libanais a promis de riposter.<\/p>\n\n\n\n<p><strong>Appel \u00e0 une enqu\u00eate ind\u00e9pendante<\/strong><\/p>\n\n\n\n<p>La communaut\u00e9 internationale a rapidement r\u00e9agi \u00e0 ces \u00e9v\u00e9nements. Le porte-parole du secr\u00e9taire g\u00e9n\u00e9ral de l&rsquo;ONU, St\u00e9phane Dujarric, a qualifi\u00e9 la situation d'\u00a0\u00bbextr\u00eamement pr\u00e9occupante\u00a0\u00bb. Le Haut-Commissaire des Nations Unies aux droits de l&rsquo;homme, Volker T\u00fcrk, a appel\u00e9 \u00e0 l&rsquo;ouverture d&rsquo;une enqu\u00eate \u00ab\u00a0ind\u00e9pendante, compl\u00e8te et transparente\u00a0\u00bb sur ces attaques, soulignant que le ciblage aveugle de civils constitue une violation du droit international. La Coordonnatrice sp\u00e9ciale de l&rsquo;ONU pour le Liban, Jeanine Hennis-Plasschaert, a quant \u00e0 elle appel\u00e9 au calme, insistant sur l&rsquo;urgence de r\u00e9tablir la stabilit\u00e9 dans un contexte d\u00e9j\u00e0 instable. Elle a rappel\u00e9 que les civils ne doivent en aucun cas \u00eatre pris pour cible, conform\u00e9ment au droit international. Au-del\u00e0 du bilan humain imm\u00e9diat, ces attaques ont des r\u00e9percussions importantes sur le syst\u00e8me de sant\u00e9 libanais, d\u00e9j\u00e0 fragilis\u00e9 par des ann\u00e9es de crise \u00e9conomique et politique. Le ministre de la Sant\u00e9 a indiqu\u00e9 que certains bless\u00e9s ont d\u00fb \u00eatre transf\u00e9r\u00e9s en Syrie, tandis que d&rsquo;autres pourraient \u00eatre \u00e9vacu\u00e9s vers l&rsquo;Iran.<\/p>\n\n\n\n<p>Ces attaques sans pr\u00e9c\u00e9dent contre des appareils de communication civils au Liban marquent une dangereuse escalade dans la r\u00e9gion.<\/p>\n\n\n\n<p>Samir Benisid<\/p>\n","protected":false},"excerpt":{"rendered":"<p>Le Liban se trouve plong\u00e9 dans une crise s\u00e9curitaire sans pr\u00e9c\u00e9dent suite \u00e0 deux vagues d&rsquo;explosions myst\u00e9rieuses ayant frapp\u00e9 le<\/p>\n","protected":false},"author":2,"featured_media":57224,"comment_status":"open","ping_status":"closed","sticky":false,"template":"","format":"standard","meta":{"colormag_page_container_layout":"default_layout","colormag_page_sidebar_layout":"default_layout","om_disable_all_campaigns":false,"_monsterinsights_skip_tracking":false,"_monsterinsights_sitenote_active":false,"_monsterinsights_sitenote_note":"","_monsterinsights_sitenote_category":0,"footnotes":"","_wpscppro_dont_share_socialmedia":false,"_wpscppro_custom_social_share_image":0,"_facebook_share_type":"default","_twitter_share_type":"default","_linkedin_share_type":"default","_pinterest_share_type":"default","_linkedin_share_type_page":"","_instagram_share_type":"default","_medium_share_type":"","_threads_share_type":"","_google_business_share_type":"","_selected_social_profile":[],"_wpsp_enable_custom_social_template":false,"_wpsp_social_scheduling":{"enabled":false,"datetime":null,"platforms":[],"status":"template_only","dateOption":"today","timeOption":"now","customDays":"","customHours":"","customDate":"","customTime":"","schedulingType":"absolute"},"_wpsp_active_default_template":true},"categories":[27],"tags":[],"class_list":["post-57223","post","type-post","status-publish","format-standard","has-post-thumbnail","hentry","category-actualite"],"aioseo_notices":[],"yoast_head":"<!-- This site is optimized with the Yoast SEO plugin v27.5 - https:\/\/yoast.com\/product\/yoast-seo-wordpress\/ -->\n<title>Des morts et plus de 3.000 bless\u00e9s dans une s\u00e9rie d&rsquo;explosions d&rsquo;appareils de communication civils au Liban: Une nouvelle violation sioniste grave - La Sentinelle<\/title>\n<meta name=\"robots\" content=\"index, follow, max-snippet:-1, max-image-preview:large, max-video-preview:-1\" \/>\n<link rel=\"canonical\" href=\"https:\/\/lasentinelle.dz\/index.php\/2024\/09\/19\/des-morts-et-plus-de-3-000-blesses-dans-une-serie-dexplosions-dappareils-de-communication-civils-au-liban-une-nouvelle-violation-sioniste-grave\/\" \/>\n<meta property=\"og:locale\" content=\"fr_FR\" \/>\n<meta property=\"og:type\" content=\"article\" \/>\n<meta property=\"og:title\" content=\"Des morts et plus de 3.000 bless\u00e9s dans une s\u00e9rie d&rsquo;explosions d&rsquo;appareils de communication civils au Liban: Une nouvelle violation sioniste grave - La Sentinelle\" \/>\n<meta property=\"og:description\" content=\"Le Liban se trouve plong\u00e9 dans une crise s\u00e9curitaire sans pr\u00e9c\u00e9dent suite \u00e0 deux vagues d&rsquo;explosions myst\u00e9rieuses ayant frapp\u00e9 le\" \/>\n<meta property=\"og:url\" content=\"https:\/\/lasentinelle.dz\/index.php\/2024\/09\/19\/des-morts-et-plus-de-3-000-blesses-dans-une-serie-dexplosions-dappareils-de-communication-civils-au-liban-une-nouvelle-violation-sioniste-grave\/\" \/>\n<meta property=\"og:site_name\" content=\"La Sentinelle\" \/>\n<meta property=\"article:publisher\" content=\"https:\/\/www.facebook.com\/La-Sentinelle-104059864394773\" \/>\n<meta property=\"article:published_time\" content=\"2024-09-19T14:10:01+00:00\" \/>\n<meta property=\"article:modified_time\" content=\"2024-09-20T14:11:25+00:00\" \/>\n<meta property=\"og:image\" content=\"https:\/\/lasentinelle.dz\/wp-content\/uploads\/2024\/09\/Liban.jpg\" \/>\n\t<meta property=\"og:image:width\" content=\"1000\" \/>\n\t<meta property=\"og:image:height\" content=\"500\" \/>\n\t<meta property=\"og:image:type\" content=\"image\/jpeg\" \/>\n<meta name=\"author\" content=\"Azzedine Belferag\" \/>\n<meta name=\"twitter:card\" content=\"summary_large_image\" \/>\n<meta name=\"twitter:label1\" content=\"\u00c9crit par\" \/>\n\t<meta name=\"twitter:data1\" content=\"Azzedine Belferag\" \/>\n\t<meta name=\"twitter:label2\" content=\"Dur\u00e9e de lecture estim\u00e9e\" \/>\n\t<meta name=\"twitter:data2\" content=\"3 minutes\" \/>\n<script type=\"application\/ld+json\" class=\"yoast-schema-graph\">{\"@context\":\"https:\\\/\\\/schema.org\",\"@graph\":[{\"@type\":\"Article\",\"@id\":\"https:\\\/\\\/lasentinelle.dz\\\/index.php\\\/2024\\\/09\\\/19\\\/des-morts-et-plus-de-3-000-blesses-dans-une-serie-dexplosions-dappareils-de-communication-civils-au-liban-une-nouvelle-violation-sioniste-grave\\\/#article\",\"isPartOf\":{\"@id\":\"https:\\\/\\\/lasentinelle.dz\\\/index.php\\\/2024\\\/09\\\/19\\\/des-morts-et-plus-de-3-000-blesses-dans-une-serie-dexplosions-dappareils-de-communication-civils-au-liban-une-nouvelle-violation-sioniste-grave\\\/\"},\"author\":{\"name\":\"Azzedine Belferag\",\"@id\":\"https:\\\/\\\/lasentinelle.dz\\\/#\\\/schema\\\/person\\\/e22c868643946ece5f328ac9d185b29f\"},\"headline\":\"Des morts et plus de 3.000 bless\u00e9s dans une s\u00e9rie d&rsquo;explosions d&rsquo;appareils de communication civils au Liban: Une nouvelle violation sioniste grave\",\"datePublished\":\"2024-09-19T14:10:01+00:00\",\"dateModified\":\"2024-09-20T14:11:25+00:00\",\"mainEntityOfPage\":{\"@id\":\"https:\\\/\\\/lasentinelle.dz\\\/index.php\\\/2024\\\/09\\\/19\\\/des-morts-et-plus-de-3-000-blesses-dans-une-serie-dexplosions-dappareils-de-communication-civils-au-liban-une-nouvelle-violation-sioniste-grave\\\/\"},\"wordCount\":582,\"commentCount\":0,\"publisher\":{\"@id\":\"https:\\\/\\\/lasentinelle.dz\\\/#organization\"},\"image\":{\"@id\":\"https:\\\/\\\/lasentinelle.dz\\\/index.php\\\/2024\\\/09\\\/19\\\/des-morts-et-plus-de-3-000-blesses-dans-une-serie-dexplosions-dappareils-de-communication-civils-au-liban-une-nouvelle-violation-sioniste-grave\\\/#primaryimage\"},\"thumbnailUrl\":\"https:\\\/\\\/lasentinelle.dz\\\/wp-content\\\/uploads\\\/2024\\\/09\\\/Liban.jpg\",\"articleSection\":[\"Actualit\u00e9\"],\"inLanguage\":\"fr-FR\",\"potentialAction\":[{\"@type\":\"CommentAction\",\"name\":\"Comment\",\"target\":[\"https:\\\/\\\/lasentinelle.dz\\\/index.php\\\/2024\\\/09\\\/19\\\/des-morts-et-plus-de-3-000-blesses-dans-une-serie-dexplosions-dappareils-de-communication-civils-au-liban-une-nouvelle-violation-sioniste-grave\\\/#respond\"]}]},{\"@type\":\"WebPage\",\"@id\":\"https:\\\/\\\/lasentinelle.dz\\\/index.php\\\/2024\\\/09\\\/19\\\/des-morts-et-plus-de-3-000-blesses-dans-une-serie-dexplosions-dappareils-de-communication-civils-au-liban-une-nouvelle-violation-sioniste-grave\\\/\",\"url\":\"https:\\\/\\\/lasentinelle.dz\\\/index.php\\\/2024\\\/09\\\/19\\\/des-morts-et-plus-de-3-000-blesses-dans-une-serie-dexplosions-dappareils-de-communication-civils-au-liban-une-nouvelle-violation-sioniste-grave\\\/\",\"name\":\"Des morts et plus de 3.000 bless\u00e9s dans une s\u00e9rie d&rsquo;explosions d&rsquo;appareils de communication civils au Liban: Une nouvelle violation sioniste grave - La Sentinelle\",\"isPartOf\":{\"@id\":\"https:\\\/\\\/lasentinelle.dz\\\/#website\"},\"primaryImageOfPage\":{\"@id\":\"https:\\\/\\\/lasentinelle.dz\\\/index.php\\\/2024\\\/09\\\/19\\\/des-morts-et-plus-de-3-000-blesses-dans-une-serie-dexplosions-dappareils-de-communication-civils-au-liban-une-nouvelle-violation-sioniste-grave\\\/#primaryimage\"},\"image\":{\"@id\":\"https:\\\/\\\/lasentinelle.dz\\\/index.php\\\/2024\\\/09\\\/19\\\/des-morts-et-plus-de-3-000-blesses-dans-une-serie-dexplosions-dappareils-de-communication-civils-au-liban-une-nouvelle-violation-sioniste-grave\\\/#primaryimage\"},\"thumbnailUrl\":\"https:\\\/\\\/lasentinelle.dz\\\/wp-content\\\/uploads\\\/2024\\\/09\\\/Liban.jpg\",\"datePublished\":\"2024-09-19T14:10:01+00:00\",\"dateModified\":\"2024-09-20T14:11:25+00:00\",\"breadcrumb\":{\"@id\":\"https:\\\/\\\/lasentinelle.dz\\\/index.php\\\/2024\\\/09\\\/19\\\/des-morts-et-plus-de-3-000-blesses-dans-une-serie-dexplosions-dappareils-de-communication-civils-au-liban-une-nouvelle-violation-sioniste-grave\\\/#breadcrumb\"},\"inLanguage\":\"fr-FR\",\"potentialAction\":[{\"@type\":\"ReadAction\",\"target\":[\"https:\\\/\\\/lasentinelle.dz\\\/index.php\\\/2024\\\/09\\\/19\\\/des-morts-et-plus-de-3-000-blesses-dans-une-serie-dexplosions-dappareils-de-communication-civils-au-liban-une-nouvelle-violation-sioniste-grave\\\/\"]}]},{\"@type\":\"ImageObject\",\"inLanguage\":\"fr-FR\",\"@id\":\"https:\\\/\\\/lasentinelle.dz\\\/index.php\\\/2024\\\/09\\\/19\\\/des-morts-et-plus-de-3-000-blesses-dans-une-serie-dexplosions-dappareils-de-communication-civils-au-liban-une-nouvelle-violation-sioniste-grave\\\/#primaryimage\",\"url\":\"https:\\\/\\\/lasentinelle.dz\\\/wp-content\\\/uploads\\\/2024\\\/09\\\/Liban.jpg\",\"contentUrl\":\"https:\\\/\\\/lasentinelle.dz\\\/wp-content\\\/uploads\\\/2024\\\/09\\\/Liban.jpg\",\"width\":1000,\"height\":500,\"caption\":\"People inspect the site of an Israeli strike in the southern suburbs of Beirut, Lebanon, September 20, 2024. REUTERS\\\/Mohamed Azakir TPX IMAGES OF THE DAY\"},{\"@type\":\"BreadcrumbList\",\"@id\":\"https:\\\/\\\/lasentinelle.dz\\\/index.php\\\/2024\\\/09\\\/19\\\/des-morts-et-plus-de-3-000-blesses-dans-une-serie-dexplosions-dappareils-de-communication-civils-au-liban-une-nouvelle-violation-sioniste-grave\\\/#breadcrumb\",\"itemListElement\":[{\"@type\":\"ListItem\",\"position\":1,\"name\":\"Accueil\",\"item\":\"https:\\\/\\\/lasentinelle.dz\\\/\"},{\"@type\":\"ListItem\",\"position\":2,\"name\":\"Des morts et plus de 3.000 bless\u00e9s dans une s\u00e9rie d&rsquo;explosions d&rsquo;appareils de communication civils au Liban: Une nouvelle violation sioniste grave\"}]},{\"@type\":\"WebSite\",\"@id\":\"https:\\\/\\\/lasentinelle.dz\\\/#website\",\"url\":\"https:\\\/\\\/lasentinelle.dz\\\/\",\"name\":\"La Sentinelle\",\"description\":\"Quotidien national d&#039;information\",\"publisher\":{\"@id\":\"https:\\\/\\\/lasentinelle.dz\\\/#organization\"},\"potentialAction\":[{\"@type\":\"SearchAction\",\"target\":{\"@type\":\"EntryPoint\",\"urlTemplate\":\"https:\\\/\\\/lasentinelle.dz\\\/?s={search_term_string}\"},\"query-input\":{\"@type\":\"PropertyValueSpecification\",\"valueRequired\":true,\"valueName\":\"search_term_string\"}}],\"inLanguage\":\"fr-FR\"},{\"@type\":\"Organization\",\"@id\":\"https:\\\/\\\/lasentinelle.dz\\\/#organization\",\"name\":\"Quotidien La Sentinelle\",\"url\":\"https:\\\/\\\/lasentinelle.dz\\\/\",\"logo\":{\"@type\":\"ImageObject\",\"inLanguage\":\"fr-FR\",\"@id\":\"https:\\\/\\\/lasentinelle.dz\\\/#\\\/schema\\\/logo\\\/image\\\/\",\"url\":\"https:\\\/\\\/lasentinelle.dz\\\/wp-content\\\/uploads\\\/2021\\\/09\\\/logo-sentinelleSLOGAN-1.png\",\"contentUrl\":\"https:\\\/\\\/lasentinelle.dz\\\/wp-content\\\/uploads\\\/2021\\\/09\\\/logo-sentinelleSLOGAN-1.png\",\"width\":615,\"height\":142,\"caption\":\"Quotidien La Sentinelle\"},\"image\":{\"@id\":\"https:\\\/\\\/lasentinelle.dz\\\/#\\\/schema\\\/logo\\\/image\\\/\"},\"sameAs\":[\"https:\\\/\\\/www.facebook.com\\\/La-Sentinelle-104059864394773\"]},{\"@type\":\"Person\",\"@id\":\"https:\\\/\\\/lasentinelle.dz\\\/#\\\/schema\\\/person\\\/e22c868643946ece5f328ac9d185b29f\",\"name\":\"Azzedine Belferag\",\"image\":{\"@type\":\"ImageObject\",\"inLanguage\":\"fr-FR\",\"@id\":\"https:\\\/\\\/secure.gravatar.com\\\/avatar\\\/767ecc3bfcf23cd6d0dae1705f124feb13a88fded1daa56498e4fb3aa3fc36a1?s=96&d=mm&r=g\",\"url\":\"https:\\\/\\\/secure.gravatar.com\\\/avatar\\\/767ecc3bfcf23cd6d0dae1705f124feb13a88fded1daa56498e4fb3aa3fc36a1?s=96&d=mm&r=g\",\"contentUrl\":\"https:\\\/\\\/secure.gravatar.com\\\/avatar\\\/767ecc3bfcf23cd6d0dae1705f124feb13a88fded1daa56498e4fb3aa3fc36a1?s=96&d=mm&r=g\",\"caption\":\"Azzedine Belferag\"},\"sameAs\":[\"http:\\\/\\\/www.lasentinelle.dz\"],\"url\":\"https:\\\/\\\/lasentinelle.dz\\\/author\\\/belferag\\\/\"}]}<\/script>\n<!-- \/ Yoast SEO plugin. -->","yoast_head_json":{"title":"Des morts et plus de 3.000 bless\u00e9s dans une s\u00e9rie d&rsquo;explosions d&rsquo;appareils de communication civils au Liban: Une nouvelle violation sioniste grave - La Sentinelle","robots":{"index":"index","follow":"follow","max-snippet":"max-snippet:-1","max-image-preview":"max-image-preview:large","max-video-preview":"max-video-preview:-1"},"canonical":"https:\/\/lasentinelle.dz\/index.php\/2024\/09\/19\/des-morts-et-plus-de-3-000-blesses-dans-une-serie-dexplosions-dappareils-de-communication-civils-au-liban-une-nouvelle-violation-sioniste-grave\/","og_locale":"fr_FR","og_type":"article","og_title":"Des morts et plus de 3.000 bless\u00e9s dans une s\u00e9rie d&rsquo;explosions d&rsquo;appareils de communication civils au Liban: Une nouvelle violation sioniste grave - La Sentinelle","og_description":"Le Liban se trouve plong\u00e9 dans une crise s\u00e9curitaire sans pr\u00e9c\u00e9dent suite \u00e0 deux vagues d&rsquo;explosions myst\u00e9rieuses ayant frapp\u00e9 le","og_url":"https:\/\/lasentinelle.dz\/index.php\/2024\/09\/19\/des-morts-et-plus-de-3-000-blesses-dans-une-serie-dexplosions-dappareils-de-communication-civils-au-liban-une-nouvelle-violation-sioniste-grave\/","og_site_name":"La Sentinelle","article_publisher":"https:\/\/www.facebook.com\/La-Sentinelle-104059864394773","article_published_time":"2024-09-19T14:10:01+00:00","article_modified_time":"2024-09-20T14:11:25+00:00","og_image":[{"width":1000,"height":500,"url":"https:\/\/lasentinelle.dz\/wp-content\/uploads\/2024\/09\/Liban.jpg","type":"image\/jpeg"}],"author":"Azzedine Belferag","twitter_card":"summary_large_image","twitter_misc":{"\u00c9crit par":"Azzedine Belferag","Dur\u00e9e de lecture estim\u00e9e":"3 minutes"},"schema":{"@context":"https:\/\/schema.org","@graph":[{"@type":"Article","@id":"https:\/\/lasentinelle.dz\/index.php\/2024\/09\/19\/des-morts-et-plus-de-3-000-blesses-dans-une-serie-dexplosions-dappareils-de-communication-civils-au-liban-une-nouvelle-violation-sioniste-grave\/#article","isPartOf":{"@id":"https:\/\/lasentinelle.dz\/index.php\/2024\/09\/19\/des-morts-et-plus-de-3-000-blesses-dans-une-serie-dexplosions-dappareils-de-communication-civils-au-liban-une-nouvelle-violation-sioniste-grave\/"},"author":{"name":"Azzedine Belferag","@id":"https:\/\/lasentinelle.dz\/#\/schema\/person\/e22c868643946ece5f328ac9d185b29f"},"headline":"Des morts et plus de 3.000 bless\u00e9s dans une s\u00e9rie d&rsquo;explosions d&rsquo;appareils de communication civils au Liban: Une nouvelle violation sioniste grave","datePublished":"2024-09-19T14:10:01+00:00","dateModified":"2024-09-20T14:11:25+00:00","mainEntityOfPage":{"@id":"https:\/\/lasentinelle.dz\/index.php\/2024\/09\/19\/des-morts-et-plus-de-3-000-blesses-dans-une-serie-dexplosions-dappareils-de-communication-civils-au-liban-une-nouvelle-violation-sioniste-grave\/"},"wordCount":582,"commentCount":0,"publisher":{"@id":"https:\/\/lasentinelle.dz\/#organization"},"image":{"@id":"https:\/\/lasentinelle.dz\/index.php\/2024\/09\/19\/des-morts-et-plus-de-3-000-blesses-dans-une-serie-dexplosions-dappareils-de-communication-civils-au-liban-une-nouvelle-violation-sioniste-grave\/#primaryimage"},"thumbnailUrl":"https:\/\/lasentinelle.dz\/wp-content\/uploads\/2024\/09\/Liban.jpg","articleSection":["Actualit\u00e9"],"inLanguage":"fr-FR","potentialAction":[{"@type":"CommentAction","name":"Comment","target":["https:\/\/lasentinelle.dz\/index.php\/2024\/09\/19\/des-morts-et-plus-de-3-000-blesses-dans-une-serie-dexplosions-dappareils-de-communication-civils-au-liban-une-nouvelle-violation-sioniste-grave\/#respond"]}]},{"@type":"WebPage","@id":"https:\/\/lasentinelle.dz\/index.php\/2024\/09\/19\/des-morts-et-plus-de-3-000-blesses-dans-une-serie-dexplosions-dappareils-de-communication-civils-au-liban-une-nouvelle-violation-sioniste-grave\/","url":"https:\/\/lasentinelle.dz\/index.php\/2024\/09\/19\/des-morts-et-plus-de-3-000-blesses-dans-une-serie-dexplosions-dappareils-de-communication-civils-au-liban-une-nouvelle-violation-sioniste-grave\/","name":"Des morts et plus de 3.000 bless\u00e9s dans une s\u00e9rie d&rsquo;explosions d&rsquo;appareils de communication civils au Liban: Une nouvelle violation sioniste grave - La Sentinelle","isPartOf":{"@id":"https:\/\/lasentinelle.dz\/#website"},"primaryImageOfPage":{"@id":"https:\/\/lasentinelle.dz\/index.php\/2024\/09\/19\/des-morts-et-plus-de-3-000-blesses-dans-une-serie-dexplosions-dappareils-de-communication-civils-au-liban-une-nouvelle-violation-sioniste-grave\/#primaryimage"},"image":{"@id":"https:\/\/lasentinelle.dz\/index.php\/2024\/09\/19\/des-morts-et-plus-de-3-000-blesses-dans-une-serie-dexplosions-dappareils-de-communication-civils-au-liban-une-nouvelle-violation-sioniste-grave\/#primaryimage"},"thumbnailUrl":"https:\/\/lasentinelle.dz\/wp-content\/uploads\/2024\/09\/Liban.jpg","datePublished":"2024-09-19T14:10:01+00:00","dateModified":"2024-09-20T14:11:25+00:00","breadcrumb":{"@id":"https:\/\/lasentinelle.dz\/index.php\/2024\/09\/19\/des-morts-et-plus-de-3-000-blesses-dans-une-serie-dexplosions-dappareils-de-communication-civils-au-liban-une-nouvelle-violation-sioniste-grave\/#breadcrumb"},"inLanguage":"fr-FR","potentialAction":[{"@type":"ReadAction","target":["https:\/\/lasentinelle.dz\/index.php\/2024\/09\/19\/des-morts-et-plus-de-3-000-blesses-dans-une-serie-dexplosions-dappareils-de-communication-civils-au-liban-une-nouvelle-violation-sioniste-grave\/"]}]},{"@type":"ImageObject","inLanguage":"fr-FR","@id":"https:\/\/lasentinelle.dz\/index.php\/2024\/09\/19\/des-morts-et-plus-de-3-000-blesses-dans-une-serie-dexplosions-dappareils-de-communication-civils-au-liban-une-nouvelle-violation-sioniste-grave\/#primaryimage","url":"https:\/\/lasentinelle.dz\/wp-content\/uploads\/2024\/09\/Liban.jpg","contentUrl":"https:\/\/lasentinelle.dz\/wp-content\/uploads\/2024\/09\/Liban.jpg","width":1000,"height":500,"caption":"People inspect the site of an Israeli strike in the southern suburbs of Beirut, Lebanon, September 20, 2024. REUTERS\/Mohamed Azakir TPX IMAGES OF THE DAY"},{"@type":"BreadcrumbList","@id":"https:\/\/lasentinelle.dz\/index.php\/2024\/09\/19\/des-morts-et-plus-de-3-000-blesses-dans-une-serie-dexplosions-dappareils-de-communication-civils-au-liban-une-nouvelle-violation-sioniste-grave\/#breadcrumb","itemListElement":[{"@type":"ListItem","position":1,"name":"Accueil","item":"https:\/\/lasentinelle.dz\/"},{"@type":"ListItem","position":2,"name":"Des morts et plus de 3.000 bless\u00e9s dans une s\u00e9rie d&rsquo;explosions d&rsquo;appareils de communication civils au Liban: Une nouvelle violation sioniste grave"}]},{"@type":"WebSite","@id":"https:\/\/lasentinelle.dz\/#website","url":"https:\/\/lasentinelle.dz\/","name":"La Sentinelle","description":"Quotidien national d&#039;information","publisher":{"@id":"https:\/\/lasentinelle.dz\/#organization"},"potentialAction":[{"@type":"SearchAction","target":{"@type":"EntryPoint","urlTemplate":"https:\/\/lasentinelle.dz\/?s={search_term_string}"},"query-input":{"@type":"PropertyValueSpecification","valueRequired":true,"valueName":"search_term_string"}}],"inLanguage":"fr-FR"},{"@type":"Organization","@id":"https:\/\/lasentinelle.dz\/#organization","name":"Quotidien La Sentinelle","url":"https:\/\/lasentinelle.dz\/","logo":{"@type":"ImageObject","inLanguage":"fr-FR","@id":"https:\/\/lasentinelle.dz\/#\/schema\/logo\/image\/","url":"https:\/\/lasentinelle.dz\/wp-content\/uploads\/2021\/09\/logo-sentinelleSLOGAN-1.png","contentUrl":"https:\/\/lasentinelle.dz\/wp-content\/uploads\/2021\/09\/logo-sentinelleSLOGAN-1.png","width":615,"height":142,"caption":"Quotidien La Sentinelle"},"image":{"@id":"https:\/\/lasentinelle.dz\/#\/schema\/logo\/image\/"},"sameAs":["https:\/\/www.facebook.com\/La-Sentinelle-104059864394773"]},{"@type":"Person","@id":"https:\/\/lasentinelle.dz\/#\/schema\/person\/e22c868643946ece5f328ac9d185b29f","name":"Azzedine Belferag","image":{"@type":"ImageObject","inLanguage":"fr-FR","@id":"https:\/\/secure.gravatar.com\/avatar\/767ecc3bfcf23cd6d0dae1705f124feb13a88fded1daa56498e4fb3aa3fc36a1?s=96&d=mm&r=g","url":"https:\/\/secure.gravatar.com\/avatar\/767ecc3bfcf23cd6d0dae1705f124feb13a88fded1daa56498e4fb3aa3fc36a1?s=96&d=mm&r=g","contentUrl":"https:\/\/secure.gravatar.com\/avatar\/767ecc3bfcf23cd6d0dae1705f124feb13a88fded1daa56498e4fb3aa3fc36a1?s=96&d=mm&r=g","caption":"Azzedine Belferag"},"sameAs":["http:\/\/www.lasentinelle.dz"],"url":"https:\/\/lasentinelle.dz\/author\/belferag\/"}]}},"_links":{"self":[{"href":"https:\/\/lasentinelle.dz\/index.php\/wp-json\/wp\/v2\/posts\/57223","targetHints":{"allow":["GET"]}}],"collection":[{"href":"https:\/\/lasentinelle.dz\/index.php\/wp-json\/wp\/v2\/posts"}],"about":[{"href":"https:\/\/lasentinelle.dz\/index.php\/wp-json\/wp\/v2\/types\/post"}],"author":[{"embeddable":true,"href":"https:\/\/lasentinelle.dz\/index.php\/wp-json\/wp\/v2\/users\/2"}],"replies":[{"embeddable":true,"href":"https:\/\/lasentinelle.dz\/index.php\/wp-json\/wp\/v2\/comments?post=57223"}],"version-history":[{"count":2,"href":"https:\/\/lasentinelle.dz\/index.php\/wp-json\/wp\/v2\/posts\/57223\/revisions"}],"predecessor-version":[{"id":57226,"href":"https:\/\/lasentinelle.dz\/index.php\/wp-json\/wp\/v2\/posts\/57223\/revisions\/57226"}],"wp:featuredmedia":[{"embeddable":true,"href":"https:\/\/lasentinelle.dz\/index.php\/wp-json\/wp\/v2\/media\/57224"}],"wp:attachment":[{"href":"https:\/\/lasentinelle.dz\/index.php\/wp-json\/wp\/v2\/media?parent=57223"}],"wp:term":[{"taxonomy":"category","embeddable":true,"href":"https:\/\/lasentinelle.dz\/index.php\/wp-json\/wp\/v2\/categories?post=57223"},{"taxonomy":"post_tag","embeddable":true,"href":"https:\/\/lasentinelle.dz\/index.php\/wp-json\/wp\/v2\/tags?post=57223"}],"curies":[{"name":"wp","href":"https:\/\/api.w.org\/{rel}","templated":true}]}}