{"id":57247,"date":"2024-09-22T11:48:06","date_gmt":"2024-09-22T10:48:06","guid":{"rendered":"https:\/\/lasentinelle.dz\/?p=57247"},"modified":"2024-09-22T11:48:07","modified_gmt":"2024-09-22T10:48:07","slug":"scandale-a-la-cnas-el-tarf-un-prejudice-de-600-millions-de-centimes","status":"publish","type":"post","link":"https:\/\/lasentinelle.dz\/index.php\/2024\/09\/22\/scandale-a-la-cnas-el-tarf-un-prejudice-de-600-millions-de-centimes\/","title":{"rendered":"Scandale \u00e0 la CNAS El Tarf\u00a0: Un pr\u00e9judice de 600 millions de centimes"},"content":{"rendered":"\n<p>Un scandale vient d&rsquo;\u00e9clabousser l&rsquo;agence Cnas d&rsquo;El Tarf. L\u2019affaire se rapporte \u00e0 des actes de malversations touchant des retenues sur salaires, entre autres. L\u2019affaire a \u00e9clat\u00e9 lorsque le directeur de la caisse nationale des assurances sociales(CNAS), en visite au centre de Ben M\u2019Hidi, a remarqu\u00e9 l\u2019absence d\u2019un fonctionnaire, ordonnant une retenue sur son salaire, nous confie une source s\u00e9curitaire. Or, \u00e0 la v\u00e9rification des fiches de paie, de cet employ\u00e9 absent, il s\u2019est av\u00e9r\u00e9 qu\u2019il avait per\u00e7u la totalit\u00e9 de son salaire. Une v\u00e9rification approfondie a, d\u00e8s lors, \u00e9t\u00e9 effectu\u00e9e, mettant \u00e0 nu plusieurs irr\u00e9gularit\u00e9s concernant les absences, les arr\u00eats de travail et l\u2019octroi de pr\u00eats sociaux, a expliqu\u00e9 notre source. Suite \u00e0 quoi, nous dit-on, la direction g\u00e9n\u00e9rale de la CNAS a \u00e9t\u00e9 aussit\u00f4t inform\u00e9e et une commission a \u00e9t\u00e9 d\u00e9p\u00each\u00e9e par la tutelle. L\u2019enqu\u00eate men\u00e9e par la commission a d\u00e9bouch\u00e9 sur la d\u00e9couverte d\u2019un pr\u00e9judice estim\u00e9 \u00e0 plus de 600 millions de centimes. Auditionn\u00e9 par les enqu\u00eateurs de la commission, le responsable de la gestion des salaires a reconnu les faits. Selon la m\u00eame source, les mesures qui s\u2019imposent en pareils cas ont \u00e9t\u00e9 aussit\u00f4t prises, et l\u2019ind\u00e9licat responsable a \u00e9t\u00e9 relev\u00e9 de ses fonctions. Pour sa part, la caisse nationale des assurances sociales (CNAS) a saisi la justice et s\u2019est constitu\u00e9e partie civile. Sur d\u00e9cision du parquet de la circonscription de comp\u00e9tence, une information judiciaire a \u00e9t\u00e9 ouverte par la brigade \u00e9conomique et financi\u00e8re relevant de la S\u00fbret\u00e9 de wilaya d\u2019El Tarf. Jusqu\u2019\u00e0 la mise sous presse nous apprenons que pas moins de 30&nbsp;employ\u00e9s ont \u00e9t\u00e9 convoqu\u00e9s pour les besoins de l\u2019enqu\u00eate. A suivre&#8230;<\/p>\n\n\n\n<p><strong>Sofia Chahine<\/strong><\/p>\n","protected":false},"excerpt":{"rendered":"<p>Un scandale vient d&rsquo;\u00e9clabousser l&rsquo;agence Cnas d&rsquo;El Tarf. L\u2019affaire se rapporte \u00e0 des actes de malversations touchant des retenues sur<\/p>\n","protected":false},"author":3,"featured_media":6126,"comment_status":"open","ping_status":"closed","sticky":false,"template":"","format":"standard","meta":{"colormag_page_container_layout":"default_layout","colormag_page_sidebar_layout":"default_layout","om_disable_all_campaigns":false,"_monsterinsights_skip_tracking":false,"_monsterinsights_sitenote_active":false,"_monsterinsights_sitenote_note":"","_monsterinsights_sitenote_category":0,"footnotes":"","_wpscppro_dont_share_socialmedia":false,"_wpscppro_custom_social_share_image":0,"_facebook_share_type":"default","_twitter_share_type":"default","_linkedin_share_type":"default","_pinterest_share_type":"default","_linkedin_share_type_page":"","_instagram_share_type":"default","_medium_share_type":"","_threads_share_type":"","_google_business_share_type":"","_selected_social_profile":[],"_wpsp_enable_custom_social_template":false,"_wpsp_social_scheduling":{"enabled":false,"datetime":null,"platforms":[],"status":"template_only","dateOption":"today","timeOption":"now","customDays":"","customHours":"","customDate":"","customTime":"","schedulingType":"absolute"},"_wpsp_active_default_template":true},"categories":[31],"tags":[],"class_list":["post-57247","post","type-post","status-publish","format-standard","has-post-thumbnail","hentry","category-regions"],"aioseo_notices":[],"yoast_head":"<!-- This site is optimized with the Yoast SEO plugin v27.5 - https:\/\/yoast.com\/product\/yoast-seo-wordpress\/ -->\n<title>Scandale \u00e0 la CNAS El Tarf\u00a0: Un pr\u00e9judice de 600 millions de centimes - La Sentinelle<\/title>\n<meta name=\"robots\" content=\"index, follow, max-snippet:-1, max-image-preview:large, max-video-preview:-1\" \/>\n<link rel=\"canonical\" href=\"https:\/\/lasentinelle.dz\/index.php\/2024\/09\/22\/scandale-a-la-cnas-el-tarf-un-prejudice-de-600-millions-de-centimes\/\" \/>\n<meta property=\"og:locale\" content=\"fr_FR\" \/>\n<meta property=\"og:type\" content=\"article\" \/>\n<meta property=\"og:title\" content=\"Scandale \u00e0 la CNAS El Tarf\u00a0: Un pr\u00e9judice de 600 millions de centimes - La Sentinelle\" \/>\n<meta property=\"og:description\" content=\"Un scandale vient d&rsquo;\u00e9clabousser l&rsquo;agence Cnas d&rsquo;El Tarf. L\u2019affaire se rapporte \u00e0 des actes de malversations touchant des retenues sur\" \/>\n<meta property=\"og:url\" content=\"https:\/\/lasentinelle.dz\/index.php\/2024\/09\/22\/scandale-a-la-cnas-el-tarf-un-prejudice-de-600-millions-de-centimes\/\" \/>\n<meta property=\"og:site_name\" content=\"La Sentinelle\" \/>\n<meta property=\"article:publisher\" content=\"https:\/\/www.facebook.com\/La-Sentinelle-104059864394773\" \/>\n<meta property=\"article:published_time\" content=\"2024-09-22T10:48:06+00:00\" \/>\n<meta property=\"article:modified_time\" content=\"2024-09-22T10:48:07+00:00\" \/>\n<meta property=\"og:image\" content=\"https:\/\/lasentinelle.dz\/wp-content\/uploads\/2021\/08\/CNAS.jpg\" \/>\n\t<meta property=\"og:image:width\" content=\"2000\" \/>\n\t<meta property=\"og:image:height\" content=\"1000\" \/>\n\t<meta property=\"og:image:type\" content=\"image\/jpeg\" \/>\n<meta name=\"author\" content=\"La Sentinelle\" \/>\n<meta name=\"twitter:card\" content=\"summary_large_image\" \/>\n<meta name=\"twitter:label1\" content=\"\u00c9crit par\" \/>\n\t<meta name=\"twitter:data1\" content=\"La Sentinelle\" \/>\n\t<meta name=\"twitter:label2\" content=\"Dur\u00e9e de lecture estim\u00e9e\" \/>\n\t<meta name=\"twitter:data2\" content=\"2 minutes\" \/>\n<script type=\"application\/ld+json\" class=\"yoast-schema-graph\">{\"@context\":\"https:\\\/\\\/schema.org\",\"@graph\":[{\"@type\":\"Article\",\"@id\":\"https:\\\/\\\/lasentinelle.dz\\\/index.php\\\/2024\\\/09\\\/22\\\/scandale-a-la-cnas-el-tarf-un-prejudice-de-600-millions-de-centimes\\\/#article\",\"isPartOf\":{\"@id\":\"https:\\\/\\\/lasentinelle.dz\\\/index.php\\\/2024\\\/09\\\/22\\\/scandale-a-la-cnas-el-tarf-un-prejudice-de-600-millions-de-centimes\\\/\"},\"author\":{\"name\":\"La Sentinelle\",\"@id\":\"https:\\\/\\\/lasentinelle.dz\\\/#\\\/schema\\\/person\\\/d865044e22e70a75174ce8bcad3acfb3\"},\"headline\":\"Scandale \u00e0 la CNAS El Tarf\u00a0: Un pr\u00e9judice de 600 millions de centimes\",\"datePublished\":\"2024-09-22T10:48:06+00:00\",\"dateModified\":\"2024-09-22T10:48:07+00:00\",\"mainEntityOfPage\":{\"@id\":\"https:\\\/\\\/lasentinelle.dz\\\/index.php\\\/2024\\\/09\\\/22\\\/scandale-a-la-cnas-el-tarf-un-prejudice-de-600-millions-de-centimes\\\/\"},\"wordCount\":330,\"commentCount\":0,\"publisher\":{\"@id\":\"https:\\\/\\\/lasentinelle.dz\\\/#organization\"},\"image\":{\"@id\":\"https:\\\/\\\/lasentinelle.dz\\\/index.php\\\/2024\\\/09\\\/22\\\/scandale-a-la-cnas-el-tarf-un-prejudice-de-600-millions-de-centimes\\\/#primaryimage\"},\"thumbnailUrl\":\"https:\\\/\\\/lasentinelle.dz\\\/wp-content\\\/uploads\\\/2021\\\/08\\\/CNAS.jpg\",\"articleSection\":[\"R\u00e9gions\"],\"inLanguage\":\"fr-FR\",\"potentialAction\":[{\"@type\":\"CommentAction\",\"name\":\"Comment\",\"target\":[\"https:\\\/\\\/lasentinelle.dz\\\/index.php\\\/2024\\\/09\\\/22\\\/scandale-a-la-cnas-el-tarf-un-prejudice-de-600-millions-de-centimes\\\/#respond\"]}]},{\"@type\":\"WebPage\",\"@id\":\"https:\\\/\\\/lasentinelle.dz\\\/index.php\\\/2024\\\/09\\\/22\\\/scandale-a-la-cnas-el-tarf-un-prejudice-de-600-millions-de-centimes\\\/\",\"url\":\"https:\\\/\\\/lasentinelle.dz\\\/index.php\\\/2024\\\/09\\\/22\\\/scandale-a-la-cnas-el-tarf-un-prejudice-de-600-millions-de-centimes\\\/\",\"name\":\"Scandale \u00e0 la CNAS El Tarf\u00a0: Un pr\u00e9judice de 600 millions de centimes - La Sentinelle\",\"isPartOf\":{\"@id\":\"https:\\\/\\\/lasentinelle.dz\\\/#website\"},\"primaryImageOfPage\":{\"@id\":\"https:\\\/\\\/lasentinelle.dz\\\/index.php\\\/2024\\\/09\\\/22\\\/scandale-a-la-cnas-el-tarf-un-prejudice-de-600-millions-de-centimes\\\/#primaryimage\"},\"image\":{\"@id\":\"https:\\\/\\\/lasentinelle.dz\\\/index.php\\\/2024\\\/09\\\/22\\\/scandale-a-la-cnas-el-tarf-un-prejudice-de-600-millions-de-centimes\\\/#primaryimage\"},\"thumbnailUrl\":\"https:\\\/\\\/lasentinelle.dz\\\/wp-content\\\/uploads\\\/2021\\\/08\\\/CNAS.jpg\",\"datePublished\":\"2024-09-22T10:48:06+00:00\",\"dateModified\":\"2024-09-22T10:48:07+00:00\",\"breadcrumb\":{\"@id\":\"https:\\\/\\\/lasentinelle.dz\\\/index.php\\\/2024\\\/09\\\/22\\\/scandale-a-la-cnas-el-tarf-un-prejudice-de-600-millions-de-centimes\\\/#breadcrumb\"},\"inLanguage\":\"fr-FR\",\"potentialAction\":[{\"@type\":\"ReadAction\",\"target\":[\"https:\\\/\\\/lasentinelle.dz\\\/index.php\\\/2024\\\/09\\\/22\\\/scandale-a-la-cnas-el-tarf-un-prejudice-de-600-millions-de-centimes\\\/\"]}]},{\"@type\":\"ImageObject\",\"inLanguage\":\"fr-FR\",\"@id\":\"https:\\\/\\\/lasentinelle.dz\\\/index.php\\\/2024\\\/09\\\/22\\\/scandale-a-la-cnas-el-tarf-un-prejudice-de-600-millions-de-centimes\\\/#primaryimage\",\"url\":\"https:\\\/\\\/lasentinelle.dz\\\/wp-content\\\/uploads\\\/2021\\\/08\\\/CNAS.jpg\",\"contentUrl\":\"https:\\\/\\\/lasentinelle.dz\\\/wp-content\\\/uploads\\\/2021\\\/08\\\/CNAS.jpg\",\"width\":2000,\"height\":1000},{\"@type\":\"BreadcrumbList\",\"@id\":\"https:\\\/\\\/lasentinelle.dz\\\/index.php\\\/2024\\\/09\\\/22\\\/scandale-a-la-cnas-el-tarf-un-prejudice-de-600-millions-de-centimes\\\/#breadcrumb\",\"itemListElement\":[{\"@type\":\"ListItem\",\"position\":1,\"name\":\"Accueil\",\"item\":\"https:\\\/\\\/lasentinelle.dz\\\/\"},{\"@type\":\"ListItem\",\"position\":2,\"name\":\"Scandale \u00e0 la CNAS El Tarf\u00a0: Un pr\u00e9judice de 600 millions de centimes\"}]},{\"@type\":\"WebSite\",\"@id\":\"https:\\\/\\\/lasentinelle.dz\\\/#website\",\"url\":\"https:\\\/\\\/lasentinelle.dz\\\/\",\"name\":\"La Sentinelle\",\"description\":\"Quotidien national d&#039;information\",\"publisher\":{\"@id\":\"https:\\\/\\\/lasentinelle.dz\\\/#organization\"},\"potentialAction\":[{\"@type\":\"SearchAction\",\"target\":{\"@type\":\"EntryPoint\",\"urlTemplate\":\"https:\\\/\\\/lasentinelle.dz\\\/?s={search_term_string}\"},\"query-input\":{\"@type\":\"PropertyValueSpecification\",\"valueRequired\":true,\"valueName\":\"search_term_string\"}}],\"inLanguage\":\"fr-FR\"},{\"@type\":\"Organization\",\"@id\":\"https:\\\/\\\/lasentinelle.dz\\\/#organization\",\"name\":\"Quotidien La Sentinelle\",\"url\":\"https:\\\/\\\/lasentinelle.dz\\\/\",\"logo\":{\"@type\":\"ImageObject\",\"inLanguage\":\"fr-FR\",\"@id\":\"https:\\\/\\\/lasentinelle.dz\\\/#\\\/schema\\\/logo\\\/image\\\/\",\"url\":\"https:\\\/\\\/lasentinelle.dz\\\/wp-content\\\/uploads\\\/2021\\\/09\\\/logo-sentinelleSLOGAN-1.png\",\"contentUrl\":\"https:\\\/\\\/lasentinelle.dz\\\/wp-content\\\/uploads\\\/2021\\\/09\\\/logo-sentinelleSLOGAN-1.png\",\"width\":615,\"height\":142,\"caption\":\"Quotidien La Sentinelle\"},\"image\":{\"@id\":\"https:\\\/\\\/lasentinelle.dz\\\/#\\\/schema\\\/logo\\\/image\\\/\"},\"sameAs\":[\"https:\\\/\\\/www.facebook.com\\\/La-Sentinelle-104059864394773\"]},{\"@type\":\"Person\",\"@id\":\"https:\\\/\\\/lasentinelle.dz\\\/#\\\/schema\\\/person\\\/d865044e22e70a75174ce8bcad3acfb3\",\"name\":\"La Sentinelle\",\"image\":{\"@type\":\"ImageObject\",\"inLanguage\":\"fr-FR\",\"@id\":\"https:\\\/\\\/secure.gravatar.com\\\/avatar\\\/57de8e5d4b15d43fb361a71fbb36338450fe67865b528a43dd10ef7c51a20392?s=96&d=mm&r=g\",\"url\":\"https:\\\/\\\/secure.gravatar.com\\\/avatar\\\/57de8e5d4b15d43fb361a71fbb36338450fe67865b528a43dd10ef7c51a20392?s=96&d=mm&r=g\",\"contentUrl\":\"https:\\\/\\\/secure.gravatar.com\\\/avatar\\\/57de8e5d4b15d43fb361a71fbb36338450fe67865b528a43dd10ef7c51a20392?s=96&d=mm&r=g\",\"caption\":\"La Sentinelle\"},\"sameAs\":[\"http:\\\/\\\/www.lasentinelle.dz\"],\"url\":\"https:\\\/\\\/lasentinelle.dz\\\/author\\\/redaction\\\/\"}]}<\/script>\n<!-- \/ Yoast SEO plugin. -->","yoast_head_json":{"title":"Scandale \u00e0 la CNAS El Tarf\u00a0: Un pr\u00e9judice de 600 millions de centimes - La Sentinelle","robots":{"index":"index","follow":"follow","max-snippet":"max-snippet:-1","max-image-preview":"max-image-preview:large","max-video-preview":"max-video-preview:-1"},"canonical":"https:\/\/lasentinelle.dz\/index.php\/2024\/09\/22\/scandale-a-la-cnas-el-tarf-un-prejudice-de-600-millions-de-centimes\/","og_locale":"fr_FR","og_type":"article","og_title":"Scandale \u00e0 la CNAS El Tarf\u00a0: Un pr\u00e9judice de 600 millions de centimes - La Sentinelle","og_description":"Un scandale vient d&rsquo;\u00e9clabousser l&rsquo;agence Cnas d&rsquo;El Tarf. L\u2019affaire se rapporte \u00e0 des actes de malversations touchant des retenues sur","og_url":"https:\/\/lasentinelle.dz\/index.php\/2024\/09\/22\/scandale-a-la-cnas-el-tarf-un-prejudice-de-600-millions-de-centimes\/","og_site_name":"La Sentinelle","article_publisher":"https:\/\/www.facebook.com\/La-Sentinelle-104059864394773","article_published_time":"2024-09-22T10:48:06+00:00","article_modified_time":"2024-09-22T10:48:07+00:00","og_image":[{"width":2000,"height":1000,"url":"https:\/\/lasentinelle.dz\/wp-content\/uploads\/2021\/08\/CNAS.jpg","type":"image\/jpeg"}],"author":"La Sentinelle","twitter_card":"summary_large_image","twitter_misc":{"\u00c9crit par":"La Sentinelle","Dur\u00e9e de lecture estim\u00e9e":"2 minutes"},"schema":{"@context":"https:\/\/schema.org","@graph":[{"@type":"Article","@id":"https:\/\/lasentinelle.dz\/index.php\/2024\/09\/22\/scandale-a-la-cnas-el-tarf-un-prejudice-de-600-millions-de-centimes\/#article","isPartOf":{"@id":"https:\/\/lasentinelle.dz\/index.php\/2024\/09\/22\/scandale-a-la-cnas-el-tarf-un-prejudice-de-600-millions-de-centimes\/"},"author":{"name":"La Sentinelle","@id":"https:\/\/lasentinelle.dz\/#\/schema\/person\/d865044e22e70a75174ce8bcad3acfb3"},"headline":"Scandale \u00e0 la CNAS El Tarf\u00a0: Un pr\u00e9judice de 600 millions de centimes","datePublished":"2024-09-22T10:48:06+00:00","dateModified":"2024-09-22T10:48:07+00:00","mainEntityOfPage":{"@id":"https:\/\/lasentinelle.dz\/index.php\/2024\/09\/22\/scandale-a-la-cnas-el-tarf-un-prejudice-de-600-millions-de-centimes\/"},"wordCount":330,"commentCount":0,"publisher":{"@id":"https:\/\/lasentinelle.dz\/#organization"},"image":{"@id":"https:\/\/lasentinelle.dz\/index.php\/2024\/09\/22\/scandale-a-la-cnas-el-tarf-un-prejudice-de-600-millions-de-centimes\/#primaryimage"},"thumbnailUrl":"https:\/\/lasentinelle.dz\/wp-content\/uploads\/2021\/08\/CNAS.jpg","articleSection":["R\u00e9gions"],"inLanguage":"fr-FR","potentialAction":[{"@type":"CommentAction","name":"Comment","target":["https:\/\/lasentinelle.dz\/index.php\/2024\/09\/22\/scandale-a-la-cnas-el-tarf-un-prejudice-de-600-millions-de-centimes\/#respond"]}]},{"@type":"WebPage","@id":"https:\/\/lasentinelle.dz\/index.php\/2024\/09\/22\/scandale-a-la-cnas-el-tarf-un-prejudice-de-600-millions-de-centimes\/","url":"https:\/\/lasentinelle.dz\/index.php\/2024\/09\/22\/scandale-a-la-cnas-el-tarf-un-prejudice-de-600-millions-de-centimes\/","name":"Scandale \u00e0 la CNAS El Tarf\u00a0: Un pr\u00e9judice de 600 millions de centimes - La Sentinelle","isPartOf":{"@id":"https:\/\/lasentinelle.dz\/#website"},"primaryImageOfPage":{"@id":"https:\/\/lasentinelle.dz\/index.php\/2024\/09\/22\/scandale-a-la-cnas-el-tarf-un-prejudice-de-600-millions-de-centimes\/#primaryimage"},"image":{"@id":"https:\/\/lasentinelle.dz\/index.php\/2024\/09\/22\/scandale-a-la-cnas-el-tarf-un-prejudice-de-600-millions-de-centimes\/#primaryimage"},"thumbnailUrl":"https:\/\/lasentinelle.dz\/wp-content\/uploads\/2021\/08\/CNAS.jpg","datePublished":"2024-09-22T10:48:06+00:00","dateModified":"2024-09-22T10:48:07+00:00","breadcrumb":{"@id":"https:\/\/lasentinelle.dz\/index.php\/2024\/09\/22\/scandale-a-la-cnas-el-tarf-un-prejudice-de-600-millions-de-centimes\/#breadcrumb"},"inLanguage":"fr-FR","potentialAction":[{"@type":"ReadAction","target":["https:\/\/lasentinelle.dz\/index.php\/2024\/09\/22\/scandale-a-la-cnas-el-tarf-un-prejudice-de-600-millions-de-centimes\/"]}]},{"@type":"ImageObject","inLanguage":"fr-FR","@id":"https:\/\/lasentinelle.dz\/index.php\/2024\/09\/22\/scandale-a-la-cnas-el-tarf-un-prejudice-de-600-millions-de-centimes\/#primaryimage","url":"https:\/\/lasentinelle.dz\/wp-content\/uploads\/2021\/08\/CNAS.jpg","contentUrl":"https:\/\/lasentinelle.dz\/wp-content\/uploads\/2021\/08\/CNAS.jpg","width":2000,"height":1000},{"@type":"BreadcrumbList","@id":"https:\/\/lasentinelle.dz\/index.php\/2024\/09\/22\/scandale-a-la-cnas-el-tarf-un-prejudice-de-600-millions-de-centimes\/#breadcrumb","itemListElement":[{"@type":"ListItem","position":1,"name":"Accueil","item":"https:\/\/lasentinelle.dz\/"},{"@type":"ListItem","position":2,"name":"Scandale \u00e0 la CNAS El Tarf\u00a0: Un pr\u00e9judice de 600 millions de centimes"}]},{"@type":"WebSite","@id":"https:\/\/lasentinelle.dz\/#website","url":"https:\/\/lasentinelle.dz\/","name":"La Sentinelle","description":"Quotidien national d&#039;information","publisher":{"@id":"https:\/\/lasentinelle.dz\/#organization"},"potentialAction":[{"@type":"SearchAction","target":{"@type":"EntryPoint","urlTemplate":"https:\/\/lasentinelle.dz\/?s={search_term_string}"},"query-input":{"@type":"PropertyValueSpecification","valueRequired":true,"valueName":"search_term_string"}}],"inLanguage":"fr-FR"},{"@type":"Organization","@id":"https:\/\/lasentinelle.dz\/#organization","name":"Quotidien La Sentinelle","url":"https:\/\/lasentinelle.dz\/","logo":{"@type":"ImageObject","inLanguage":"fr-FR","@id":"https:\/\/lasentinelle.dz\/#\/schema\/logo\/image\/","url":"https:\/\/lasentinelle.dz\/wp-content\/uploads\/2021\/09\/logo-sentinelleSLOGAN-1.png","contentUrl":"https:\/\/lasentinelle.dz\/wp-content\/uploads\/2021\/09\/logo-sentinelleSLOGAN-1.png","width":615,"height":142,"caption":"Quotidien La Sentinelle"},"image":{"@id":"https:\/\/lasentinelle.dz\/#\/schema\/logo\/image\/"},"sameAs":["https:\/\/www.facebook.com\/La-Sentinelle-104059864394773"]},{"@type":"Person","@id":"https:\/\/lasentinelle.dz\/#\/schema\/person\/d865044e22e70a75174ce8bcad3acfb3","name":"La Sentinelle","image":{"@type":"ImageObject","inLanguage":"fr-FR","@id":"https:\/\/secure.gravatar.com\/avatar\/57de8e5d4b15d43fb361a71fbb36338450fe67865b528a43dd10ef7c51a20392?s=96&d=mm&r=g","url":"https:\/\/secure.gravatar.com\/avatar\/57de8e5d4b15d43fb361a71fbb36338450fe67865b528a43dd10ef7c51a20392?s=96&d=mm&r=g","contentUrl":"https:\/\/secure.gravatar.com\/avatar\/57de8e5d4b15d43fb361a71fbb36338450fe67865b528a43dd10ef7c51a20392?s=96&d=mm&r=g","caption":"La Sentinelle"},"sameAs":["http:\/\/www.lasentinelle.dz"],"url":"https:\/\/lasentinelle.dz\/author\/redaction\/"}]}},"_links":{"self":[{"href":"https:\/\/lasentinelle.dz\/index.php\/wp-json\/wp\/v2\/posts\/57247","targetHints":{"allow":["GET"]}}],"collection":[{"href":"https:\/\/lasentinelle.dz\/index.php\/wp-json\/wp\/v2\/posts"}],"about":[{"href":"https:\/\/lasentinelle.dz\/index.php\/wp-json\/wp\/v2\/types\/post"}],"author":[{"embeddable":true,"href":"https:\/\/lasentinelle.dz\/index.php\/wp-json\/wp\/v2\/users\/3"}],"replies":[{"embeddable":true,"href":"https:\/\/lasentinelle.dz\/index.php\/wp-json\/wp\/v2\/comments?post=57247"}],"version-history":[{"count":1,"href":"https:\/\/lasentinelle.dz\/index.php\/wp-json\/wp\/v2\/posts\/57247\/revisions"}],"predecessor-version":[{"id":57248,"href":"https:\/\/lasentinelle.dz\/index.php\/wp-json\/wp\/v2\/posts\/57247\/revisions\/57248"}],"wp:featuredmedia":[{"embeddable":true,"href":"https:\/\/lasentinelle.dz\/index.php\/wp-json\/wp\/v2\/media\/6126"}],"wp:attachment":[{"href":"https:\/\/lasentinelle.dz\/index.php\/wp-json\/wp\/v2\/media?parent=57247"}],"wp:term":[{"taxonomy":"category","embeddable":true,"href":"https:\/\/lasentinelle.dz\/index.php\/wp-json\/wp\/v2\/categories?post=57247"},{"taxonomy":"post_tag","embeddable":true,"href":"https:\/\/lasentinelle.dz\/index.php\/wp-json\/wp\/v2\/tags?post=57247"}],"curies":[{"name":"wp","href":"https:\/\/api.w.org\/{rel}","templated":true}]}}