{"id":57254,"date":"2024-09-22T11:51:54","date_gmt":"2024-09-22T10:51:54","guid":{"rendered":"https:\/\/lasentinelle.dz\/?p=57254"},"modified":"2024-09-22T11:51:55","modified_gmt":"2024-09-22T10:51:55","slug":"speculation-sur-laliment-de-betail-a-msila-un-cadre-de-la-direction-de-commerce-et-un-importateur-en-detention","status":"publish","type":"post","link":"https:\/\/lasentinelle.dz\/index.php\/2024\/09\/22\/speculation-sur-laliment-de-betail-a-msila-un-cadre-de-la-direction-de-commerce-et-un-importateur-en-detention\/","title":{"rendered":"Sp\u00e9culation sur l&rsquo;aliment de b\u00e9tail \u00e0 M&rsquo;sila: Un cadre de la direction de commerce et un importateur en d\u00e9tention"},"content":{"rendered":"\n<p>Un cadre de la direction de commerce et un importateur ainsi que des employ\u00e9s dans diverses directions et des commer\u00e7ants sont impliqu\u00e9s dans cette affaire de manipulation de 162.000 tonnes de ma\u00efs import\u00e9 destin\u00e9 \u00e0 l&rsquo;usage en tant qu\u2019aliment de b\u00e9tails.&nbsp;<\/p>\n\n\n\n<p>le juge d&rsquo;instruction pr\u00e8s le tribunal de M&rsquo;sila a ordonn\u00e9, jeudi, le placement en d\u00e9tention d&rsquo;un cadre de la Direction du Commerce et de la Promotion des Exportations, ainsi qu&rsquo;un importateur, tandis que des commer\u00e7ants et autres employ\u00e9s ont \u00e9t\u00e9 plac\u00e9s sous contr\u00f4le judiciaire, dans une affaire de sp\u00e9culation, selon une source s\u00e9curitaire. Les informations apport\u00e9es sur cette affaire se rapportent \u00e0 la sp\u00e9culation et \u00e0 la manipulation de plus de 160.000 tonnes de ma\u00efs. Cette importante quantit\u00e9 de produit strat\u00e9gique import\u00e9e, \u00e0 l&rsquo;usage en tant qu&rsquo;aliment du b\u00e9tail, a disparu, nous dit-on. Des cadres et des employ\u00e9s des directions de la wilaya de M\u2019Sila et des gestionnaires d\u2019une soci\u00e9t\u00e9 d\u2019importation sont accus\u00e9s d\u2019implication dans cette affaire, a ajout\u00e9 notre source. Pris en charge par les \u00e9l\u00e9ments de la section e recherches et d\u2019investigations du Groupement de la Gendarmerie Nationale de la wilaya de M&rsquo;Sila, l\u2019enqu\u00eate a abouti \u00e0 des faits de corruption, mauvais usage de la fonction de mani\u00e8re \u00e0 violer les lois et les r\u00e9glementations, dilapidation et d\u00e9tournement de fonds et de biens publics, exon\u00e9rations et r\u00e9ductions ill\u00e9gales d&rsquo;imp\u00f4ts et de taxes, de sp\u00e9culation ill\u00e9gale sur le ma\u00efs, de d\u00e9tournement de marchandise de sa destination initiale, revente des mati\u00e8res premi\u00e8res acquise, dans l&rsquo;intention de les d\u00e9tourner et les vendre dans leur \u00e9tat d&rsquo;origine, perturbation du march\u00e9 en y provoquant des perturbations, a d\u00e9taill\u00e9 la m\u00eame source. Les responsables pr\u00e9sum\u00e9s impliqu\u00e9s dans cette affaire sont \u00e9galement accus\u00e9s, a t-on-ajout\u00e9 de \u00e9tablissement de fausses factures ou fictives,&nbsp;pratiques commerciales frauduleuses, r\u00e9alisation d&rsquo;op\u00e9rations commerciales en dehors des cercles l\u00e9gitimes de distribution,&nbsp;exploitation d&rsquo;une installation class\u00e9e sans l\u2019obtention d\u2019une autorisation de la part de l\u2019autorit\u00e9 l\u00e9galement habilit\u00e9e. Les pr\u00e9venus sont aussi accus\u00e9s de non obtention d&rsquo;un certificat d&rsquo;accr\u00e9ditation v\u00e9t\u00e9rinaire et d&rsquo;une attestation d&rsquo;assurance. La mise \u00e0 nue de cette affaire fait suite, a-t-on fait savoir, sur la base de l\u2019ouverture d\u2019une enqu\u00eate administrative, par la direction du commerce de la wilaya de M\u2019Sila et la direction r\u00e9gionale du commerce de S\u00e9tif, sur des suspicions de manipulation sur le ma\u00efs import\u00e9 par la soci\u00e9t\u00e9 \u00ab\u00a0B&nbsp;N Tracom\u2019\u2019, dont le si\u00e8ge est domicili\u00e9e \u00e0 Magra, dans la wilaya de M\u2019Sila. Ladite soci\u00e9t\u00e9 est sp\u00e9cialis\u00e9e dans la production et la fabrication de produits alimentaires animaliers. Aussit\u00f4t inform\u00e9, le parquet de M\u2019Sila ordonne l\u2019ouverture d\u2019une information judiciaire. L\u2019enqu\u00eate qui est remont\u00e9e dans le temps est revenue aux ann\u00e9es 2021-2023 a r\u00e9v\u00e9l\u00e9 que de grandes quantit\u00e9s de ma\u00efs \u00e9taient import\u00e9es et d\u00e9tourn\u00e9es vers une destination autre que celle pr\u00e9vue. L\u2019enqu\u00eate a r\u00e9v\u00e9l\u00e9 qu\u2019en 5 mois seulement plus de 162 000 tonnes ont \u00e9t\u00e9 import\u00e9es et revendues \u00e0 d&rsquo;autres commer\u00e7ants \u00e0 des prix \u00e9lev\u00e9s. Des agissements impliquant des d\u2019employ\u00e9s des secteurs du commerce et du fisc. A l\u2019issue de l\u2019audition, la magistrat instructeur \u00e0 retenu le placement en d\u00e9tention pr\u00e9ventive pour le chef de l&rsquo;Inspection r\u00e9gionale du commerce de la da\u00efra de Magra et le g\u00e9rant de la soci\u00e9t\u00e9 d&rsquo;importation d\u2019aliments de b\u00e9tails. Le m\u00eame magistrat a d\u00e9cid\u00e9 de placer sous contr\u00f4le judiciaire 7 personnes, dont 3 membres des directions du commerce et des imp\u00f4ts. Il s\u2019agit d\u2019un chef d\u2019inspection des imp\u00f4ts, un sous-directeur de la direction des Imp\u00f4ts et un \u00e9l\u00e9ment de la brigade mixte, ainsi qu&rsquo;un autre employ\u00e9 du m\u00eame secteur. Ont \u00e9galement \u00e9t\u00e9 plac\u00e9s sous contr\u00f4le judiciaire les 4 fr\u00e8res du g\u00e9rant de la soci\u00e9t\u00e9, alors que 5 autres commer\u00e7ants sous-traitants dans la vente de ma\u00efs ont \u00e9t\u00e9 lib\u00e9r\u00e9s. Pour l\u2019heure l\u2019enqu\u00eate est encore en cours et pourrait d\u00e9boucher sur d\u2019autres donn\u00e9es, susceptibles d\u2019apporter d\u2019autres r\u00e9v\u00e9lations et d\u00e9passements et peut-\u00eatre l&rsquo;implication d\u2019autres personnes. \u00c0 suivre&#8230;<\/p>\n\n\n\n<p><strong>Sofia Chahine<\/strong><\/p>\n","protected":false},"excerpt":{"rendered":"<p>Un cadre de la direction de commerce et un importateur ainsi que des employ\u00e9s dans diverses directions et des commer\u00e7ants<\/p>\n","protected":false},"author":6,"featured_media":54967,"comment_status":"open","ping_status":"closed","sticky":false,"template":"","format":"standard","meta":{"colormag_page_container_layout":"default_layout","colormag_page_sidebar_layout":"default_layout","om_disable_all_campaigns":false,"_monsterinsights_skip_tracking":false,"_monsterinsights_sitenote_active":false,"_monsterinsights_sitenote_note":"","_monsterinsights_sitenote_category":0,"footnotes":"","_wpscppro_dont_share_socialmedia":false,"_wpscppro_custom_social_share_image":0,"_facebook_share_type":"default","_twitter_share_type":"default","_linkedin_share_type":"default","_pinterest_share_type":"default","_linkedin_share_type_page":"","_instagram_share_type":"default","_medium_share_type":"","_threads_share_type":"","_google_business_share_type":"","_selected_social_profile":[],"_wpsp_enable_custom_social_template":false,"_wpsp_social_scheduling":{"enabled":false,"datetime":null,"platforms":[],"status":"template_only","dateOption":"today","timeOption":"now","customDays":"","customHours":"","customDate":"","customTime":"","schedulingType":"absolute"},"_wpsp_active_default_template":true},"categories":[31],"tags":[],"class_list":["post-57254","post","type-post","status-publish","format-standard","has-post-thumbnail","hentry","category-regions"],"aioseo_notices":[],"yoast_head":"<!-- This site is optimized with the Yoast SEO plugin v27.5 - https:\/\/yoast.com\/product\/yoast-seo-wordpress\/ -->\n<title>Sp\u00e9culation sur l&rsquo;aliment de b\u00e9tail \u00e0 M&rsquo;sila: Un cadre de la direction de commerce et un importateur en d\u00e9tention - La Sentinelle<\/title>\n<meta name=\"robots\" content=\"index, follow, max-snippet:-1, max-image-preview:large, max-video-preview:-1\" \/>\n<link rel=\"canonical\" href=\"https:\/\/lasentinelle.dz\/index.php\/2024\/09\/22\/speculation-sur-laliment-de-betail-a-msila-un-cadre-de-la-direction-de-commerce-et-un-importateur-en-detention\/\" \/>\n<meta property=\"og:locale\" content=\"fr_FR\" \/>\n<meta property=\"og:type\" content=\"article\" \/>\n<meta property=\"og:title\" content=\"Sp\u00e9culation sur l&rsquo;aliment de b\u00e9tail \u00e0 M&rsquo;sila: Un cadre de la direction de commerce et un importateur en d\u00e9tention - La Sentinelle\" \/>\n<meta property=\"og:description\" content=\"Un cadre de la direction de commerce et un importateur ainsi que des employ\u00e9s dans diverses directions et des commer\u00e7ants\" \/>\n<meta property=\"og:url\" content=\"https:\/\/lasentinelle.dz\/index.php\/2024\/09\/22\/speculation-sur-laliment-de-betail-a-msila-un-cadre-de-la-direction-de-commerce-et-un-importateur-en-detention\/\" \/>\n<meta property=\"og:site_name\" content=\"La Sentinelle\" \/>\n<meta property=\"article:publisher\" content=\"https:\/\/www.facebook.com\/La-Sentinelle-104059864394773\" \/>\n<meta property=\"article:published_time\" content=\"2024-09-22T10:51:54+00:00\" \/>\n<meta property=\"article:modified_time\" content=\"2024-09-22T10:51:55+00:00\" \/>\n<meta property=\"og:image\" content=\"https:\/\/lasentinelle.dz\/wp-content\/uploads\/2024\/07\/justice.jpg\" \/>\n\t<meta property=\"og:image:width\" content=\"1023\" \/>\n\t<meta property=\"og:image:height\" content=\"583\" \/>\n\t<meta property=\"og:image:type\" content=\"image\/jpeg\" \/>\n<meta name=\"author\" content=\"admin\" \/>\n<meta name=\"twitter:card\" content=\"summary_large_image\" \/>\n<meta name=\"twitter:label1\" content=\"\u00c9crit par\" \/>\n\t<meta name=\"twitter:data1\" content=\"admin\" \/>\n\t<meta name=\"twitter:label2\" content=\"Dur\u00e9e de lecture estim\u00e9e\" \/>\n\t<meta name=\"twitter:data2\" content=\"4 minutes\" \/>\n<script type=\"application\/ld+json\" class=\"yoast-schema-graph\">{\"@context\":\"https:\\\/\\\/schema.org\",\"@graph\":[{\"@type\":\"Article\",\"@id\":\"https:\\\/\\\/lasentinelle.dz\\\/index.php\\\/2024\\\/09\\\/22\\\/speculation-sur-laliment-de-betail-a-msila-un-cadre-de-la-direction-de-commerce-et-un-importateur-en-detention\\\/#article\",\"isPartOf\":{\"@id\":\"https:\\\/\\\/lasentinelle.dz\\\/index.php\\\/2024\\\/09\\\/22\\\/speculation-sur-laliment-de-betail-a-msila-un-cadre-de-la-direction-de-commerce-et-un-importateur-en-detention\\\/\"},\"author\":{\"name\":\"admin\",\"@id\":\"https:\\\/\\\/lasentinelle.dz\\\/#\\\/schema\\\/person\\\/729ee0024f24e0b8c5ec17232f8e8b41\"},\"headline\":\"Sp\u00e9culation sur l&rsquo;aliment de b\u00e9tail \u00e0 M&rsquo;sila: Un cadre de la direction de commerce et un importateur en d\u00e9tention\",\"datePublished\":\"2024-09-22T10:51:54+00:00\",\"dateModified\":\"2024-09-22T10:51:55+00:00\",\"mainEntityOfPage\":{\"@id\":\"https:\\\/\\\/lasentinelle.dz\\\/index.php\\\/2024\\\/09\\\/22\\\/speculation-sur-laliment-de-betail-a-msila-un-cadre-de-la-direction-de-commerce-et-un-importateur-en-detention\\\/\"},\"wordCount\":811,\"commentCount\":0,\"publisher\":{\"@id\":\"https:\\\/\\\/lasentinelle.dz\\\/#organization\"},\"image\":{\"@id\":\"https:\\\/\\\/lasentinelle.dz\\\/index.php\\\/2024\\\/09\\\/22\\\/speculation-sur-laliment-de-betail-a-msila-un-cadre-de-la-direction-de-commerce-et-un-importateur-en-detention\\\/#primaryimage\"},\"thumbnailUrl\":\"https:\\\/\\\/lasentinelle.dz\\\/wp-content\\\/uploads\\\/2024\\\/07\\\/justice.jpg\",\"articleSection\":[\"R\u00e9gions\"],\"inLanguage\":\"fr-FR\",\"potentialAction\":[{\"@type\":\"CommentAction\",\"name\":\"Comment\",\"target\":[\"https:\\\/\\\/lasentinelle.dz\\\/index.php\\\/2024\\\/09\\\/22\\\/speculation-sur-laliment-de-betail-a-msila-un-cadre-de-la-direction-de-commerce-et-un-importateur-en-detention\\\/#respond\"]}]},{\"@type\":\"WebPage\",\"@id\":\"https:\\\/\\\/lasentinelle.dz\\\/index.php\\\/2024\\\/09\\\/22\\\/speculation-sur-laliment-de-betail-a-msila-un-cadre-de-la-direction-de-commerce-et-un-importateur-en-detention\\\/\",\"url\":\"https:\\\/\\\/lasentinelle.dz\\\/index.php\\\/2024\\\/09\\\/22\\\/speculation-sur-laliment-de-betail-a-msila-un-cadre-de-la-direction-de-commerce-et-un-importateur-en-detention\\\/\",\"name\":\"Sp\u00e9culation sur l&rsquo;aliment de b\u00e9tail \u00e0 M&rsquo;sila: Un cadre de la direction de commerce et un importateur en d\u00e9tention - La Sentinelle\",\"isPartOf\":{\"@id\":\"https:\\\/\\\/lasentinelle.dz\\\/#website\"},\"primaryImageOfPage\":{\"@id\":\"https:\\\/\\\/lasentinelle.dz\\\/index.php\\\/2024\\\/09\\\/22\\\/speculation-sur-laliment-de-betail-a-msila-un-cadre-de-la-direction-de-commerce-et-un-importateur-en-detention\\\/#primaryimage\"},\"image\":{\"@id\":\"https:\\\/\\\/lasentinelle.dz\\\/index.php\\\/2024\\\/09\\\/22\\\/speculation-sur-laliment-de-betail-a-msila-un-cadre-de-la-direction-de-commerce-et-un-importateur-en-detention\\\/#primaryimage\"},\"thumbnailUrl\":\"https:\\\/\\\/lasentinelle.dz\\\/wp-content\\\/uploads\\\/2024\\\/07\\\/justice.jpg\",\"datePublished\":\"2024-09-22T10:51:54+00:00\",\"dateModified\":\"2024-09-22T10:51:55+00:00\",\"breadcrumb\":{\"@id\":\"https:\\\/\\\/lasentinelle.dz\\\/index.php\\\/2024\\\/09\\\/22\\\/speculation-sur-laliment-de-betail-a-msila-un-cadre-de-la-direction-de-commerce-et-un-importateur-en-detention\\\/#breadcrumb\"},\"inLanguage\":\"fr-FR\",\"potentialAction\":[{\"@type\":\"ReadAction\",\"target\":[\"https:\\\/\\\/lasentinelle.dz\\\/index.php\\\/2024\\\/09\\\/22\\\/speculation-sur-laliment-de-betail-a-msila-un-cadre-de-la-direction-de-commerce-et-un-importateur-en-detention\\\/\"]}]},{\"@type\":\"ImageObject\",\"inLanguage\":\"fr-FR\",\"@id\":\"https:\\\/\\\/lasentinelle.dz\\\/index.php\\\/2024\\\/09\\\/22\\\/speculation-sur-laliment-de-betail-a-msila-un-cadre-de-la-direction-de-commerce-et-un-importateur-en-detention\\\/#primaryimage\",\"url\":\"https:\\\/\\\/lasentinelle.dz\\\/wp-content\\\/uploads\\\/2024\\\/07\\\/justice.jpg\",\"contentUrl\":\"https:\\\/\\\/lasentinelle.dz\\\/wp-content\\\/uploads\\\/2024\\\/07\\\/justice.jpg\",\"width\":1023,\"height\":583},{\"@type\":\"BreadcrumbList\",\"@id\":\"https:\\\/\\\/lasentinelle.dz\\\/index.php\\\/2024\\\/09\\\/22\\\/speculation-sur-laliment-de-betail-a-msila-un-cadre-de-la-direction-de-commerce-et-un-importateur-en-detention\\\/#breadcrumb\",\"itemListElement\":[{\"@type\":\"ListItem\",\"position\":1,\"name\":\"Accueil\",\"item\":\"https:\\\/\\\/lasentinelle.dz\\\/\"},{\"@type\":\"ListItem\",\"position\":2,\"name\":\"Sp\u00e9culation sur l&rsquo;aliment de b\u00e9tail \u00e0 M&rsquo;sila: Un cadre de la direction de commerce et un importateur en d\u00e9tention\"}]},{\"@type\":\"WebSite\",\"@id\":\"https:\\\/\\\/lasentinelle.dz\\\/#website\",\"url\":\"https:\\\/\\\/lasentinelle.dz\\\/\",\"name\":\"La Sentinelle\",\"description\":\"Quotidien national d&#039;information\",\"publisher\":{\"@id\":\"https:\\\/\\\/lasentinelle.dz\\\/#organization\"},\"potentialAction\":[{\"@type\":\"SearchAction\",\"target\":{\"@type\":\"EntryPoint\",\"urlTemplate\":\"https:\\\/\\\/lasentinelle.dz\\\/?s={search_term_string}\"},\"query-input\":{\"@type\":\"PropertyValueSpecification\",\"valueRequired\":true,\"valueName\":\"search_term_string\"}}],\"inLanguage\":\"fr-FR\"},{\"@type\":\"Organization\",\"@id\":\"https:\\\/\\\/lasentinelle.dz\\\/#organization\",\"name\":\"Quotidien La Sentinelle\",\"url\":\"https:\\\/\\\/lasentinelle.dz\\\/\",\"logo\":{\"@type\":\"ImageObject\",\"inLanguage\":\"fr-FR\",\"@id\":\"https:\\\/\\\/lasentinelle.dz\\\/#\\\/schema\\\/logo\\\/image\\\/\",\"url\":\"https:\\\/\\\/lasentinelle.dz\\\/wp-content\\\/uploads\\\/2021\\\/09\\\/logo-sentinelleSLOGAN-1.png\",\"contentUrl\":\"https:\\\/\\\/lasentinelle.dz\\\/wp-content\\\/uploads\\\/2021\\\/09\\\/logo-sentinelleSLOGAN-1.png\",\"width\":615,\"height\":142,\"caption\":\"Quotidien La Sentinelle\"},\"image\":{\"@id\":\"https:\\\/\\\/lasentinelle.dz\\\/#\\\/schema\\\/logo\\\/image\\\/\"},\"sameAs\":[\"https:\\\/\\\/www.facebook.com\\\/La-Sentinelle-104059864394773\"]},{\"@type\":\"Person\",\"@id\":\"https:\\\/\\\/lasentinelle.dz\\\/#\\\/schema\\\/person\\\/729ee0024f24e0b8c5ec17232f8e8b41\",\"name\":\"admin\",\"image\":{\"@type\":\"ImageObject\",\"inLanguage\":\"fr-FR\",\"@id\":\"https:\\\/\\\/secure.gravatar.com\\\/avatar\\\/4c81fed838786e9b53f540bf46533e750f5d292099ae3b66cfc6fb1982e29df7?s=96&d=mm&r=g\",\"url\":\"https:\\\/\\\/secure.gravatar.com\\\/avatar\\\/4c81fed838786e9b53f540bf46533e750f5d292099ae3b66cfc6fb1982e29df7?s=96&d=mm&r=g\",\"contentUrl\":\"https:\\\/\\\/secure.gravatar.com\\\/avatar\\\/4c81fed838786e9b53f540bf46533e750f5d292099ae3b66cfc6fb1982e29df7?s=96&d=mm&r=g\",\"caption\":\"admin\"},\"description\":\"admin\",\"url\":\"https:\\\/\\\/lasentinelle.dz\\\/author\\\/admin\\\/\"}]}<\/script>\n<!-- \/ Yoast SEO plugin. -->","yoast_head_json":{"title":"Sp\u00e9culation sur l&rsquo;aliment de b\u00e9tail \u00e0 M&rsquo;sila: Un cadre de la direction de commerce et un importateur en d\u00e9tention - La Sentinelle","robots":{"index":"index","follow":"follow","max-snippet":"max-snippet:-1","max-image-preview":"max-image-preview:large","max-video-preview":"max-video-preview:-1"},"canonical":"https:\/\/lasentinelle.dz\/index.php\/2024\/09\/22\/speculation-sur-laliment-de-betail-a-msila-un-cadre-de-la-direction-de-commerce-et-un-importateur-en-detention\/","og_locale":"fr_FR","og_type":"article","og_title":"Sp\u00e9culation sur l&rsquo;aliment de b\u00e9tail \u00e0 M&rsquo;sila: Un cadre de la direction de commerce et un importateur en d\u00e9tention - La Sentinelle","og_description":"Un cadre de la direction de commerce et un importateur ainsi que des employ\u00e9s dans diverses directions et des commer\u00e7ants","og_url":"https:\/\/lasentinelle.dz\/index.php\/2024\/09\/22\/speculation-sur-laliment-de-betail-a-msila-un-cadre-de-la-direction-de-commerce-et-un-importateur-en-detention\/","og_site_name":"La Sentinelle","article_publisher":"https:\/\/www.facebook.com\/La-Sentinelle-104059864394773","article_published_time":"2024-09-22T10:51:54+00:00","article_modified_time":"2024-09-22T10:51:55+00:00","og_image":[{"width":1023,"height":583,"url":"https:\/\/lasentinelle.dz\/wp-content\/uploads\/2024\/07\/justice.jpg","type":"image\/jpeg"}],"author":"admin","twitter_card":"summary_large_image","twitter_misc":{"\u00c9crit par":"admin","Dur\u00e9e de lecture estim\u00e9e":"4 minutes"},"schema":{"@context":"https:\/\/schema.org","@graph":[{"@type":"Article","@id":"https:\/\/lasentinelle.dz\/index.php\/2024\/09\/22\/speculation-sur-laliment-de-betail-a-msila-un-cadre-de-la-direction-de-commerce-et-un-importateur-en-detention\/#article","isPartOf":{"@id":"https:\/\/lasentinelle.dz\/index.php\/2024\/09\/22\/speculation-sur-laliment-de-betail-a-msila-un-cadre-de-la-direction-de-commerce-et-un-importateur-en-detention\/"},"author":{"name":"admin","@id":"https:\/\/lasentinelle.dz\/#\/schema\/person\/729ee0024f24e0b8c5ec17232f8e8b41"},"headline":"Sp\u00e9culation sur l&rsquo;aliment de b\u00e9tail \u00e0 M&rsquo;sila: Un cadre de la direction de commerce et un importateur en d\u00e9tention","datePublished":"2024-09-22T10:51:54+00:00","dateModified":"2024-09-22T10:51:55+00:00","mainEntityOfPage":{"@id":"https:\/\/lasentinelle.dz\/index.php\/2024\/09\/22\/speculation-sur-laliment-de-betail-a-msila-un-cadre-de-la-direction-de-commerce-et-un-importateur-en-detention\/"},"wordCount":811,"commentCount":0,"publisher":{"@id":"https:\/\/lasentinelle.dz\/#organization"},"image":{"@id":"https:\/\/lasentinelle.dz\/index.php\/2024\/09\/22\/speculation-sur-laliment-de-betail-a-msila-un-cadre-de-la-direction-de-commerce-et-un-importateur-en-detention\/#primaryimage"},"thumbnailUrl":"https:\/\/lasentinelle.dz\/wp-content\/uploads\/2024\/07\/justice.jpg","articleSection":["R\u00e9gions"],"inLanguage":"fr-FR","potentialAction":[{"@type":"CommentAction","name":"Comment","target":["https:\/\/lasentinelle.dz\/index.php\/2024\/09\/22\/speculation-sur-laliment-de-betail-a-msila-un-cadre-de-la-direction-de-commerce-et-un-importateur-en-detention\/#respond"]}]},{"@type":"WebPage","@id":"https:\/\/lasentinelle.dz\/index.php\/2024\/09\/22\/speculation-sur-laliment-de-betail-a-msila-un-cadre-de-la-direction-de-commerce-et-un-importateur-en-detention\/","url":"https:\/\/lasentinelle.dz\/index.php\/2024\/09\/22\/speculation-sur-laliment-de-betail-a-msila-un-cadre-de-la-direction-de-commerce-et-un-importateur-en-detention\/","name":"Sp\u00e9culation sur l&rsquo;aliment de b\u00e9tail \u00e0 M&rsquo;sila: Un cadre de la direction de commerce et un importateur en d\u00e9tention - La Sentinelle","isPartOf":{"@id":"https:\/\/lasentinelle.dz\/#website"},"primaryImageOfPage":{"@id":"https:\/\/lasentinelle.dz\/index.php\/2024\/09\/22\/speculation-sur-laliment-de-betail-a-msila-un-cadre-de-la-direction-de-commerce-et-un-importateur-en-detention\/#primaryimage"},"image":{"@id":"https:\/\/lasentinelle.dz\/index.php\/2024\/09\/22\/speculation-sur-laliment-de-betail-a-msila-un-cadre-de-la-direction-de-commerce-et-un-importateur-en-detention\/#primaryimage"},"thumbnailUrl":"https:\/\/lasentinelle.dz\/wp-content\/uploads\/2024\/07\/justice.jpg","datePublished":"2024-09-22T10:51:54+00:00","dateModified":"2024-09-22T10:51:55+00:00","breadcrumb":{"@id":"https:\/\/lasentinelle.dz\/index.php\/2024\/09\/22\/speculation-sur-laliment-de-betail-a-msila-un-cadre-de-la-direction-de-commerce-et-un-importateur-en-detention\/#breadcrumb"},"inLanguage":"fr-FR","potentialAction":[{"@type":"ReadAction","target":["https:\/\/lasentinelle.dz\/index.php\/2024\/09\/22\/speculation-sur-laliment-de-betail-a-msila-un-cadre-de-la-direction-de-commerce-et-un-importateur-en-detention\/"]}]},{"@type":"ImageObject","inLanguage":"fr-FR","@id":"https:\/\/lasentinelle.dz\/index.php\/2024\/09\/22\/speculation-sur-laliment-de-betail-a-msila-un-cadre-de-la-direction-de-commerce-et-un-importateur-en-detention\/#primaryimage","url":"https:\/\/lasentinelle.dz\/wp-content\/uploads\/2024\/07\/justice.jpg","contentUrl":"https:\/\/lasentinelle.dz\/wp-content\/uploads\/2024\/07\/justice.jpg","width":1023,"height":583},{"@type":"BreadcrumbList","@id":"https:\/\/lasentinelle.dz\/index.php\/2024\/09\/22\/speculation-sur-laliment-de-betail-a-msila-un-cadre-de-la-direction-de-commerce-et-un-importateur-en-detention\/#breadcrumb","itemListElement":[{"@type":"ListItem","position":1,"name":"Accueil","item":"https:\/\/lasentinelle.dz\/"},{"@type":"ListItem","position":2,"name":"Sp\u00e9culation sur l&rsquo;aliment de b\u00e9tail \u00e0 M&rsquo;sila: Un cadre de la direction de commerce et un importateur en d\u00e9tention"}]},{"@type":"WebSite","@id":"https:\/\/lasentinelle.dz\/#website","url":"https:\/\/lasentinelle.dz\/","name":"La Sentinelle","description":"Quotidien national d&#039;information","publisher":{"@id":"https:\/\/lasentinelle.dz\/#organization"},"potentialAction":[{"@type":"SearchAction","target":{"@type":"EntryPoint","urlTemplate":"https:\/\/lasentinelle.dz\/?s={search_term_string}"},"query-input":{"@type":"PropertyValueSpecification","valueRequired":true,"valueName":"search_term_string"}}],"inLanguage":"fr-FR"},{"@type":"Organization","@id":"https:\/\/lasentinelle.dz\/#organization","name":"Quotidien La Sentinelle","url":"https:\/\/lasentinelle.dz\/","logo":{"@type":"ImageObject","inLanguage":"fr-FR","@id":"https:\/\/lasentinelle.dz\/#\/schema\/logo\/image\/","url":"https:\/\/lasentinelle.dz\/wp-content\/uploads\/2021\/09\/logo-sentinelleSLOGAN-1.png","contentUrl":"https:\/\/lasentinelle.dz\/wp-content\/uploads\/2021\/09\/logo-sentinelleSLOGAN-1.png","width":615,"height":142,"caption":"Quotidien La Sentinelle"},"image":{"@id":"https:\/\/lasentinelle.dz\/#\/schema\/logo\/image\/"},"sameAs":["https:\/\/www.facebook.com\/La-Sentinelle-104059864394773"]},{"@type":"Person","@id":"https:\/\/lasentinelle.dz\/#\/schema\/person\/729ee0024f24e0b8c5ec17232f8e8b41","name":"admin","image":{"@type":"ImageObject","inLanguage":"fr-FR","@id":"https:\/\/secure.gravatar.com\/avatar\/4c81fed838786e9b53f540bf46533e750f5d292099ae3b66cfc6fb1982e29df7?s=96&d=mm&r=g","url":"https:\/\/secure.gravatar.com\/avatar\/4c81fed838786e9b53f540bf46533e750f5d292099ae3b66cfc6fb1982e29df7?s=96&d=mm&r=g","contentUrl":"https:\/\/secure.gravatar.com\/avatar\/4c81fed838786e9b53f540bf46533e750f5d292099ae3b66cfc6fb1982e29df7?s=96&d=mm&r=g","caption":"admin"},"description":"admin","url":"https:\/\/lasentinelle.dz\/author\/admin\/"}]}},"_links":{"self":[{"href":"https:\/\/lasentinelle.dz\/index.php\/wp-json\/wp\/v2\/posts\/57254","targetHints":{"allow":["GET"]}}],"collection":[{"href":"https:\/\/lasentinelle.dz\/index.php\/wp-json\/wp\/v2\/posts"}],"about":[{"href":"https:\/\/lasentinelle.dz\/index.php\/wp-json\/wp\/v2\/types\/post"}],"author":[{"embeddable":true,"href":"https:\/\/lasentinelle.dz\/index.php\/wp-json\/wp\/v2\/users\/6"}],"replies":[{"embeddable":true,"href":"https:\/\/lasentinelle.dz\/index.php\/wp-json\/wp\/v2\/comments?post=57254"}],"version-history":[{"count":2,"href":"https:\/\/lasentinelle.dz\/index.php\/wp-json\/wp\/v2\/posts\/57254\/revisions"}],"predecessor-version":[{"id":57256,"href":"https:\/\/lasentinelle.dz\/index.php\/wp-json\/wp\/v2\/posts\/57254\/revisions\/57256"}],"wp:featuredmedia":[{"embeddable":true,"href":"https:\/\/lasentinelle.dz\/index.php\/wp-json\/wp\/v2\/media\/54967"}],"wp:attachment":[{"href":"https:\/\/lasentinelle.dz\/index.php\/wp-json\/wp\/v2\/media?parent=57254"}],"wp:term":[{"taxonomy":"category","embeddable":true,"href":"https:\/\/lasentinelle.dz\/index.php\/wp-json\/wp\/v2\/categories?post=57254"},{"taxonomy":"post_tag","embeddable":true,"href":"https:\/\/lasentinelle.dz\/index.php\/wp-json\/wp\/v2\/tags?post=57254"}],"curies":[{"name":"wp","href":"https:\/\/api.w.org\/{rel}","templated":true}]}}