{"id":57319,"date":"2024-09-23T12:30:00","date_gmt":"2024-09-23T11:30:00","guid":{"rendered":"https:\/\/lasentinelle.dz\/?p=57319"},"modified":"2024-09-23T12:52:12","modified_gmt":"2024-09-23T11:52:12","slug":"explosion-dune-mine-en-iran-au-moins-51-morts","status":"publish","type":"post","link":"https:\/\/lasentinelle.dz\/index.php\/2024\/09\/23\/explosion-dune-mine-en-iran-au-moins-51-morts\/","title":{"rendered":"Explosion d&rsquo;une mine en Iran : Au moins 51 morts"},"content":{"rendered":"\n<p>Une explosion dans une mine de charbon de l&rsquo;est de l&rsquo;Iran samedi soir a fait au moins 51 morts, selon un nouveau bilan rapport\u00e9 par des m\u00e9dias locaux. \u00ab\u00a0Le nombre d&rsquo;ouvriers tu\u00e9s s&rsquo;est alourdi \u00e0 51 et celui des bless\u00e9s \u00e0 20\u00a0\u00bb dans cet accident survenu dans la mine de Tabas, a indiqu\u00e9 l&rsquo;agence de presse iranienne, IRNA. Un pr\u00e9c\u00e9dent bilan de l&rsquo;explosion faisait \u00e9tat d&rsquo;au moins 30 morts. Cet accident a \u00e9t\u00e9 provoqu\u00e9 par une fuite de m\u00e9thane survenue samedi \u00e0 21H00 locale (05H30 GMT), qui a entra\u00een\u00e9 une explosion dans deux blocs de la mine, o\u00f9 se trouvaient 69 employ\u00e9s. &nbsp;Javad Ghenaat, gouverneur de la province du Khorasan du Sud, o\u00f9 se situe la mine, a d\u00e9clar\u00e9 \u00e0 la t\u00e9l\u00e9vision d&rsquo;Etat que les \u00e9quipes de secours s&rsquo;effor\u00e7aient de sauver des personnes prises au pi\u00e8ge. La t\u00e9l\u00e9vision d&rsquo;Etat a diffus\u00e9 des images d&rsquo;ambulances et d&rsquo;h\u00e9licopt\u00e8res transportant les bless\u00e9s vers les h\u00f4pitaux de la province. Des images en ligne partag\u00e9es par Irna montrent les corps de certaines victimes, en tenue de travail, \u00e9vacu\u00e9s du site sur des chariots miniers. Avant son d\u00e9part pour l&rsquo;Assembl\u00e9e g\u00e9n\u00e9rale des Nations unies \u00e0 New York, le pr\u00e9sident Massoud Pezeshkian a pr\u00e9sent\u00e9 ses condol\u00e9ances aux familles et ordonn\u00e9 une enqu\u00eate. \u00ab\u00a0Nous avons malheureusement appris qu&rsquo;un accident s&rsquo;\u00e9tait produit dans l&rsquo;une des mines de charbon de Tabas et qu&rsquo;un certain nombre de nos compatriotes avaient perdu la vie. Je pr\u00e9sente mes condol\u00e9ances \u00e0 leurs familles\u00a0\u00bb, a-t-il soulign\u00e9. Le gouverneur local a d\u00e9cr\u00e9t\u00e9 \u00ab\u00a0trois jours de deuil public dans la province \u00e0 partir de lundi\u00a0\u00bb, a annonc\u00e9 l&rsquo;agence Irna.<\/p>\n\n\n\n<p>De son c\u00f4t\u00e9, le premier vice-pr\u00e9sident, Mohammad Reza Aref, s&rsquo;est entretenu avec les membres du cabinet afin d&rsquo;assurer un \u00ab\u00a0suivi d&rsquo;urgence\u00a0\u00bb et un soutien aux victimes et \u00e0 leurs familles, selon Irna. Le Croissant-Rouge iranien a fait \u00e9tat d&rsquo;op\u00e9rations de recherche et de sauvetage en cours pour secourir les derniers travailleurs pi\u00e9g\u00e9s. Ces op\u00e9rations sont compliqu\u00e9es par \u00ab\u00a0l&rsquo;accumulation de gaz dans la mine\u00a0\u00bb, a expliqu\u00e9 le procureur local, Ali Nesaei. \u00ab\u00a0Actuellement, notre priorit\u00e9 est d&rsquo;aider les bless\u00e9s et de lib\u00e9rer les personnes coinc\u00e9es sous les d\u00e9combres\u00a0\u00bb, a-t-il dit, cit\u00e9 par Irna. \u00ab\u00a0La n\u00e9gligence et la faute des agents concern\u00e9s seront trait\u00e9es\u00a0\u00bb ult\u00e9rieurement, a ajout\u00e9 le procureur. L&rsquo;an dernier, une explosion dans une mine de charbon \u00e0 Damghan, dans le nord du pays, a fait six morts, probablement \u00e0 cause d&rsquo;une fuite de m\u00e9thane, selon les m\u00e9dias locaux. En mai 2021, deux mineurs ont perdu la vie dans un effondrement sur le m\u00eame site. En 2017, une explosion avait tu\u00e9 43 mineurs \u00e0 Azad Shahr, suscitant la col\u00e8re des autorit\u00e9s iraniennes.<\/p>\n\n\n\n<p>R.I. avec agences<\/p>\n","protected":false},"excerpt":{"rendered":"<p>Une explosion dans une mine de charbon de l&rsquo;est de l&rsquo;Iran samedi soir a fait au moins 51 morts, selon<\/p>\n","protected":false},"author":6,"featured_media":57320,"comment_status":"open","ping_status":"closed","sticky":false,"template":"","format":"standard","meta":{"colormag_page_container_layout":"default_layout","colormag_page_sidebar_layout":"default_layout","om_disable_all_campaigns":false,"_monsterinsights_skip_tracking":false,"_monsterinsights_sitenote_active":false,"_monsterinsights_sitenote_note":"","_monsterinsights_sitenote_category":0,"footnotes":"","_wpscppro_dont_share_socialmedia":false,"_wpscppro_custom_social_share_image":0,"_facebook_share_type":"default","_twitter_share_type":"default","_linkedin_share_type":"default","_pinterest_share_type":"default","_linkedin_share_type_page":"","_instagram_share_type":"default","_medium_share_type":"","_threads_share_type":"","_google_business_share_type":"","_selected_social_profile":[],"_wpsp_enable_custom_social_template":false,"_wpsp_social_scheduling":{"enabled":false,"datetime":null,"platforms":[],"status":"template_only","dateOption":"today","timeOption":"now","customDays":"","customHours":"","customDate":"","customTime":"","schedulingType":"absolute"},"_wpsp_active_default_template":true},"categories":[37],"tags":[],"class_list":["post-57319","post","type-post","status-publish","format-standard","has-post-thumbnail","hentry","category-monde"],"aioseo_notices":[],"yoast_head":"<!-- This site is optimized with the Yoast SEO plugin v27.5 - https:\/\/yoast.com\/product\/yoast-seo-wordpress\/ -->\n<title>Explosion d&rsquo;une mine en Iran : Au moins 51 morts - La Sentinelle<\/title>\n<meta name=\"robots\" content=\"index, follow, max-snippet:-1, max-image-preview:large, max-video-preview:-1\" \/>\n<link rel=\"canonical\" href=\"https:\/\/lasentinelle.dz\/index.php\/2024\/09\/23\/explosion-dune-mine-en-iran-au-moins-51-morts\/\" \/>\n<meta property=\"og:locale\" content=\"fr_FR\" \/>\n<meta property=\"og:type\" content=\"article\" \/>\n<meta property=\"og:title\" content=\"Explosion d&rsquo;une mine en Iran : Au moins 51 morts - La Sentinelle\" \/>\n<meta property=\"og:description\" content=\"Une explosion dans une mine de charbon de l&rsquo;est de l&rsquo;Iran samedi soir a fait au moins 51 morts, selon\" \/>\n<meta property=\"og:url\" content=\"https:\/\/lasentinelle.dz\/index.php\/2024\/09\/23\/explosion-dune-mine-en-iran-au-moins-51-morts\/\" \/>\n<meta property=\"og:site_name\" content=\"La Sentinelle\" \/>\n<meta property=\"article:publisher\" content=\"https:\/\/www.facebook.com\/La-Sentinelle-104059864394773\" \/>\n<meta property=\"article:published_time\" content=\"2024-09-23T11:30:00+00:00\" \/>\n<meta property=\"article:modified_time\" content=\"2024-09-23T11:52:12+00:00\" \/>\n<meta property=\"og:image\" content=\"https:\/\/lasentinelle.dz\/wp-content\/uploads\/2024\/09\/mine-iran.webp\" \/>\n\t<meta property=\"og:image:width\" content=\"1600\" \/>\n\t<meta property=\"og:image:height\" content=\"900\" \/>\n\t<meta property=\"og:image:type\" content=\"image\/webp\" \/>\n<meta name=\"author\" content=\"admin\" \/>\n<meta name=\"twitter:card\" content=\"summary_large_image\" \/>\n<meta name=\"twitter:label1\" content=\"\u00c9crit par\" \/>\n\t<meta name=\"twitter:data1\" content=\"admin\" \/>\n\t<meta name=\"twitter:label2\" content=\"Dur\u00e9e de lecture estim\u00e9e\" \/>\n\t<meta name=\"twitter:data2\" content=\"3 minutes\" \/>\n<script type=\"application\/ld+json\" class=\"yoast-schema-graph\">{\"@context\":\"https:\\\/\\\/schema.org\",\"@graph\":[{\"@type\":\"Article\",\"@id\":\"https:\\\/\\\/lasentinelle.dz\\\/index.php\\\/2024\\\/09\\\/23\\\/explosion-dune-mine-en-iran-au-moins-51-morts\\\/#article\",\"isPartOf\":{\"@id\":\"https:\\\/\\\/lasentinelle.dz\\\/index.php\\\/2024\\\/09\\\/23\\\/explosion-dune-mine-en-iran-au-moins-51-morts\\\/\"},\"author\":{\"name\":\"admin\",\"@id\":\"https:\\\/\\\/lasentinelle.dz\\\/#\\\/schema\\\/person\\\/729ee0024f24e0b8c5ec17232f8e8b41\"},\"headline\":\"Explosion d&rsquo;une mine en Iran : Au moins 51 morts\",\"datePublished\":\"2024-09-23T11:30:00+00:00\",\"dateModified\":\"2024-09-23T11:52:12+00:00\",\"mainEntityOfPage\":{\"@id\":\"https:\\\/\\\/lasentinelle.dz\\\/index.php\\\/2024\\\/09\\\/23\\\/explosion-dune-mine-en-iran-au-moins-51-morts\\\/\"},\"wordCount\":507,\"commentCount\":0,\"publisher\":{\"@id\":\"https:\\\/\\\/lasentinelle.dz\\\/#organization\"},\"image\":{\"@id\":\"https:\\\/\\\/lasentinelle.dz\\\/index.php\\\/2024\\\/09\\\/23\\\/explosion-dune-mine-en-iran-au-moins-51-morts\\\/#primaryimage\"},\"thumbnailUrl\":\"https:\\\/\\\/lasentinelle.dz\\\/wp-content\\\/uploads\\\/2024\\\/09\\\/mine-iran.webp\",\"articleSection\":[\"Monde\"],\"inLanguage\":\"fr-FR\",\"potentialAction\":[{\"@type\":\"CommentAction\",\"name\":\"Comment\",\"target\":[\"https:\\\/\\\/lasentinelle.dz\\\/index.php\\\/2024\\\/09\\\/23\\\/explosion-dune-mine-en-iran-au-moins-51-morts\\\/#respond\"]}]},{\"@type\":\"WebPage\",\"@id\":\"https:\\\/\\\/lasentinelle.dz\\\/index.php\\\/2024\\\/09\\\/23\\\/explosion-dune-mine-en-iran-au-moins-51-morts\\\/\",\"url\":\"https:\\\/\\\/lasentinelle.dz\\\/index.php\\\/2024\\\/09\\\/23\\\/explosion-dune-mine-en-iran-au-moins-51-morts\\\/\",\"name\":\"Explosion d&rsquo;une mine en Iran : Au moins 51 morts - La Sentinelle\",\"isPartOf\":{\"@id\":\"https:\\\/\\\/lasentinelle.dz\\\/#website\"},\"primaryImageOfPage\":{\"@id\":\"https:\\\/\\\/lasentinelle.dz\\\/index.php\\\/2024\\\/09\\\/23\\\/explosion-dune-mine-en-iran-au-moins-51-morts\\\/#primaryimage\"},\"image\":{\"@id\":\"https:\\\/\\\/lasentinelle.dz\\\/index.php\\\/2024\\\/09\\\/23\\\/explosion-dune-mine-en-iran-au-moins-51-morts\\\/#primaryimage\"},\"thumbnailUrl\":\"https:\\\/\\\/lasentinelle.dz\\\/wp-content\\\/uploads\\\/2024\\\/09\\\/mine-iran.webp\",\"datePublished\":\"2024-09-23T11:30:00+00:00\",\"dateModified\":\"2024-09-23T11:52:12+00:00\",\"breadcrumb\":{\"@id\":\"https:\\\/\\\/lasentinelle.dz\\\/index.php\\\/2024\\\/09\\\/23\\\/explosion-dune-mine-en-iran-au-moins-51-morts\\\/#breadcrumb\"},\"inLanguage\":\"fr-FR\",\"potentialAction\":[{\"@type\":\"ReadAction\",\"target\":[\"https:\\\/\\\/lasentinelle.dz\\\/index.php\\\/2024\\\/09\\\/23\\\/explosion-dune-mine-en-iran-au-moins-51-morts\\\/\"]}]},{\"@type\":\"ImageObject\",\"inLanguage\":\"fr-FR\",\"@id\":\"https:\\\/\\\/lasentinelle.dz\\\/index.php\\\/2024\\\/09\\\/23\\\/explosion-dune-mine-en-iran-au-moins-51-morts\\\/#primaryimage\",\"url\":\"https:\\\/\\\/lasentinelle.dz\\\/wp-content\\\/uploads\\\/2024\\\/09\\\/mine-iran.webp\",\"contentUrl\":\"https:\\\/\\\/lasentinelle.dz\\\/wp-content\\\/uploads\\\/2024\\\/09\\\/mine-iran.webp\",\"width\":1600,\"height\":900},{\"@type\":\"BreadcrumbList\",\"@id\":\"https:\\\/\\\/lasentinelle.dz\\\/index.php\\\/2024\\\/09\\\/23\\\/explosion-dune-mine-en-iran-au-moins-51-morts\\\/#breadcrumb\",\"itemListElement\":[{\"@type\":\"ListItem\",\"position\":1,\"name\":\"Accueil\",\"item\":\"https:\\\/\\\/lasentinelle.dz\\\/\"},{\"@type\":\"ListItem\",\"position\":2,\"name\":\"Explosion d&rsquo;une mine en Iran : Au moins 51 morts\"}]},{\"@type\":\"WebSite\",\"@id\":\"https:\\\/\\\/lasentinelle.dz\\\/#website\",\"url\":\"https:\\\/\\\/lasentinelle.dz\\\/\",\"name\":\"La Sentinelle\",\"description\":\"Quotidien national d&#039;information\",\"publisher\":{\"@id\":\"https:\\\/\\\/lasentinelle.dz\\\/#organization\"},\"potentialAction\":[{\"@type\":\"SearchAction\",\"target\":{\"@type\":\"EntryPoint\",\"urlTemplate\":\"https:\\\/\\\/lasentinelle.dz\\\/?s={search_term_string}\"},\"query-input\":{\"@type\":\"PropertyValueSpecification\",\"valueRequired\":true,\"valueName\":\"search_term_string\"}}],\"inLanguage\":\"fr-FR\"},{\"@type\":\"Organization\",\"@id\":\"https:\\\/\\\/lasentinelle.dz\\\/#organization\",\"name\":\"Quotidien La Sentinelle\",\"url\":\"https:\\\/\\\/lasentinelle.dz\\\/\",\"logo\":{\"@type\":\"ImageObject\",\"inLanguage\":\"fr-FR\",\"@id\":\"https:\\\/\\\/lasentinelle.dz\\\/#\\\/schema\\\/logo\\\/image\\\/\",\"url\":\"https:\\\/\\\/lasentinelle.dz\\\/wp-content\\\/uploads\\\/2021\\\/09\\\/logo-sentinelleSLOGAN-1.png\",\"contentUrl\":\"https:\\\/\\\/lasentinelle.dz\\\/wp-content\\\/uploads\\\/2021\\\/09\\\/logo-sentinelleSLOGAN-1.png\",\"width\":615,\"height\":142,\"caption\":\"Quotidien La Sentinelle\"},\"image\":{\"@id\":\"https:\\\/\\\/lasentinelle.dz\\\/#\\\/schema\\\/logo\\\/image\\\/\"},\"sameAs\":[\"https:\\\/\\\/www.facebook.com\\\/La-Sentinelle-104059864394773\"]},{\"@type\":\"Person\",\"@id\":\"https:\\\/\\\/lasentinelle.dz\\\/#\\\/schema\\\/person\\\/729ee0024f24e0b8c5ec17232f8e8b41\",\"name\":\"admin\",\"image\":{\"@type\":\"ImageObject\",\"inLanguage\":\"fr-FR\",\"@id\":\"https:\\\/\\\/secure.gravatar.com\\\/avatar\\\/4c81fed838786e9b53f540bf46533e750f5d292099ae3b66cfc6fb1982e29df7?s=96&d=mm&r=g\",\"url\":\"https:\\\/\\\/secure.gravatar.com\\\/avatar\\\/4c81fed838786e9b53f540bf46533e750f5d292099ae3b66cfc6fb1982e29df7?s=96&d=mm&r=g\",\"contentUrl\":\"https:\\\/\\\/secure.gravatar.com\\\/avatar\\\/4c81fed838786e9b53f540bf46533e750f5d292099ae3b66cfc6fb1982e29df7?s=96&d=mm&r=g\",\"caption\":\"admin\"},\"description\":\"admin\",\"url\":\"https:\\\/\\\/lasentinelle.dz\\\/author\\\/admin\\\/\"}]}<\/script>\n<!-- \/ Yoast SEO plugin. -->","yoast_head_json":{"title":"Explosion d&rsquo;une mine en Iran : Au moins 51 morts - La Sentinelle","robots":{"index":"index","follow":"follow","max-snippet":"max-snippet:-1","max-image-preview":"max-image-preview:large","max-video-preview":"max-video-preview:-1"},"canonical":"https:\/\/lasentinelle.dz\/index.php\/2024\/09\/23\/explosion-dune-mine-en-iran-au-moins-51-morts\/","og_locale":"fr_FR","og_type":"article","og_title":"Explosion d&rsquo;une mine en Iran : Au moins 51 morts - La Sentinelle","og_description":"Une explosion dans une mine de charbon de l&rsquo;est de l&rsquo;Iran samedi soir a fait au moins 51 morts, selon","og_url":"https:\/\/lasentinelle.dz\/index.php\/2024\/09\/23\/explosion-dune-mine-en-iran-au-moins-51-morts\/","og_site_name":"La Sentinelle","article_publisher":"https:\/\/www.facebook.com\/La-Sentinelle-104059864394773","article_published_time":"2024-09-23T11:30:00+00:00","article_modified_time":"2024-09-23T11:52:12+00:00","og_image":[{"width":1600,"height":900,"url":"https:\/\/lasentinelle.dz\/wp-content\/uploads\/2024\/09\/mine-iran.webp","type":"image\/webp"}],"author":"admin","twitter_card":"summary_large_image","twitter_misc":{"\u00c9crit par":"admin","Dur\u00e9e de lecture estim\u00e9e":"3 minutes"},"schema":{"@context":"https:\/\/schema.org","@graph":[{"@type":"Article","@id":"https:\/\/lasentinelle.dz\/index.php\/2024\/09\/23\/explosion-dune-mine-en-iran-au-moins-51-morts\/#article","isPartOf":{"@id":"https:\/\/lasentinelle.dz\/index.php\/2024\/09\/23\/explosion-dune-mine-en-iran-au-moins-51-morts\/"},"author":{"name":"admin","@id":"https:\/\/lasentinelle.dz\/#\/schema\/person\/729ee0024f24e0b8c5ec17232f8e8b41"},"headline":"Explosion d&rsquo;une mine en Iran : Au moins 51 morts","datePublished":"2024-09-23T11:30:00+00:00","dateModified":"2024-09-23T11:52:12+00:00","mainEntityOfPage":{"@id":"https:\/\/lasentinelle.dz\/index.php\/2024\/09\/23\/explosion-dune-mine-en-iran-au-moins-51-morts\/"},"wordCount":507,"commentCount":0,"publisher":{"@id":"https:\/\/lasentinelle.dz\/#organization"},"image":{"@id":"https:\/\/lasentinelle.dz\/index.php\/2024\/09\/23\/explosion-dune-mine-en-iran-au-moins-51-morts\/#primaryimage"},"thumbnailUrl":"https:\/\/lasentinelle.dz\/wp-content\/uploads\/2024\/09\/mine-iran.webp","articleSection":["Monde"],"inLanguage":"fr-FR","potentialAction":[{"@type":"CommentAction","name":"Comment","target":["https:\/\/lasentinelle.dz\/index.php\/2024\/09\/23\/explosion-dune-mine-en-iran-au-moins-51-morts\/#respond"]}]},{"@type":"WebPage","@id":"https:\/\/lasentinelle.dz\/index.php\/2024\/09\/23\/explosion-dune-mine-en-iran-au-moins-51-morts\/","url":"https:\/\/lasentinelle.dz\/index.php\/2024\/09\/23\/explosion-dune-mine-en-iran-au-moins-51-morts\/","name":"Explosion d&rsquo;une mine en Iran : Au moins 51 morts - La Sentinelle","isPartOf":{"@id":"https:\/\/lasentinelle.dz\/#website"},"primaryImageOfPage":{"@id":"https:\/\/lasentinelle.dz\/index.php\/2024\/09\/23\/explosion-dune-mine-en-iran-au-moins-51-morts\/#primaryimage"},"image":{"@id":"https:\/\/lasentinelle.dz\/index.php\/2024\/09\/23\/explosion-dune-mine-en-iran-au-moins-51-morts\/#primaryimage"},"thumbnailUrl":"https:\/\/lasentinelle.dz\/wp-content\/uploads\/2024\/09\/mine-iran.webp","datePublished":"2024-09-23T11:30:00+00:00","dateModified":"2024-09-23T11:52:12+00:00","breadcrumb":{"@id":"https:\/\/lasentinelle.dz\/index.php\/2024\/09\/23\/explosion-dune-mine-en-iran-au-moins-51-morts\/#breadcrumb"},"inLanguage":"fr-FR","potentialAction":[{"@type":"ReadAction","target":["https:\/\/lasentinelle.dz\/index.php\/2024\/09\/23\/explosion-dune-mine-en-iran-au-moins-51-morts\/"]}]},{"@type":"ImageObject","inLanguage":"fr-FR","@id":"https:\/\/lasentinelle.dz\/index.php\/2024\/09\/23\/explosion-dune-mine-en-iran-au-moins-51-morts\/#primaryimage","url":"https:\/\/lasentinelle.dz\/wp-content\/uploads\/2024\/09\/mine-iran.webp","contentUrl":"https:\/\/lasentinelle.dz\/wp-content\/uploads\/2024\/09\/mine-iran.webp","width":1600,"height":900},{"@type":"BreadcrumbList","@id":"https:\/\/lasentinelle.dz\/index.php\/2024\/09\/23\/explosion-dune-mine-en-iran-au-moins-51-morts\/#breadcrumb","itemListElement":[{"@type":"ListItem","position":1,"name":"Accueil","item":"https:\/\/lasentinelle.dz\/"},{"@type":"ListItem","position":2,"name":"Explosion d&rsquo;une mine en Iran : Au moins 51 morts"}]},{"@type":"WebSite","@id":"https:\/\/lasentinelle.dz\/#website","url":"https:\/\/lasentinelle.dz\/","name":"La Sentinelle","description":"Quotidien national d&#039;information","publisher":{"@id":"https:\/\/lasentinelle.dz\/#organization"},"potentialAction":[{"@type":"SearchAction","target":{"@type":"EntryPoint","urlTemplate":"https:\/\/lasentinelle.dz\/?s={search_term_string}"},"query-input":{"@type":"PropertyValueSpecification","valueRequired":true,"valueName":"search_term_string"}}],"inLanguage":"fr-FR"},{"@type":"Organization","@id":"https:\/\/lasentinelle.dz\/#organization","name":"Quotidien La Sentinelle","url":"https:\/\/lasentinelle.dz\/","logo":{"@type":"ImageObject","inLanguage":"fr-FR","@id":"https:\/\/lasentinelle.dz\/#\/schema\/logo\/image\/","url":"https:\/\/lasentinelle.dz\/wp-content\/uploads\/2021\/09\/logo-sentinelleSLOGAN-1.png","contentUrl":"https:\/\/lasentinelle.dz\/wp-content\/uploads\/2021\/09\/logo-sentinelleSLOGAN-1.png","width":615,"height":142,"caption":"Quotidien La Sentinelle"},"image":{"@id":"https:\/\/lasentinelle.dz\/#\/schema\/logo\/image\/"},"sameAs":["https:\/\/www.facebook.com\/La-Sentinelle-104059864394773"]},{"@type":"Person","@id":"https:\/\/lasentinelle.dz\/#\/schema\/person\/729ee0024f24e0b8c5ec17232f8e8b41","name":"admin","image":{"@type":"ImageObject","inLanguage":"fr-FR","@id":"https:\/\/secure.gravatar.com\/avatar\/4c81fed838786e9b53f540bf46533e750f5d292099ae3b66cfc6fb1982e29df7?s=96&d=mm&r=g","url":"https:\/\/secure.gravatar.com\/avatar\/4c81fed838786e9b53f540bf46533e750f5d292099ae3b66cfc6fb1982e29df7?s=96&d=mm&r=g","contentUrl":"https:\/\/secure.gravatar.com\/avatar\/4c81fed838786e9b53f540bf46533e750f5d292099ae3b66cfc6fb1982e29df7?s=96&d=mm&r=g","caption":"admin"},"description":"admin","url":"https:\/\/lasentinelle.dz\/author\/admin\/"}]}},"_links":{"self":[{"href":"https:\/\/lasentinelle.dz\/index.php\/wp-json\/wp\/v2\/posts\/57319","targetHints":{"allow":["GET"]}}],"collection":[{"href":"https:\/\/lasentinelle.dz\/index.php\/wp-json\/wp\/v2\/posts"}],"about":[{"href":"https:\/\/lasentinelle.dz\/index.php\/wp-json\/wp\/v2\/types\/post"}],"author":[{"embeddable":true,"href":"https:\/\/lasentinelle.dz\/index.php\/wp-json\/wp\/v2\/users\/6"}],"replies":[{"embeddable":true,"href":"https:\/\/lasentinelle.dz\/index.php\/wp-json\/wp\/v2\/comments?post=57319"}],"version-history":[{"count":2,"href":"https:\/\/lasentinelle.dz\/index.php\/wp-json\/wp\/v2\/posts\/57319\/revisions"}],"predecessor-version":[{"id":57322,"href":"https:\/\/lasentinelle.dz\/index.php\/wp-json\/wp\/v2\/posts\/57319\/revisions\/57322"}],"wp:featuredmedia":[{"embeddable":true,"href":"https:\/\/lasentinelle.dz\/index.php\/wp-json\/wp\/v2\/media\/57320"}],"wp:attachment":[{"href":"https:\/\/lasentinelle.dz\/index.php\/wp-json\/wp\/v2\/media?parent=57319"}],"wp:term":[{"taxonomy":"category","embeddable":true,"href":"https:\/\/lasentinelle.dz\/index.php\/wp-json\/wp\/v2\/categories?post=57319"},{"taxonomy":"post_tag","embeddable":true,"href":"https:\/\/lasentinelle.dz\/index.php\/wp-json\/wp\/v2\/tags?post=57319"}],"curies":[{"name":"wp","href":"https:\/\/api.w.org\/{rel}","templated":true}]}}