{"id":57348,"date":"2024-09-23T13:06:01","date_gmt":"2024-09-23T12:06:01","guid":{"rendered":"https:\/\/lasentinelle.dz\/?p=57348"},"modified":"2024-09-23T13:06:02","modified_gmt":"2024-09-23T12:06:02","slug":"atrocites-sionistes-a-ghaza-et-au-liban-une-longue-histoire-de-terrorisme-et-de-violence","status":"publish","type":"post","link":"https:\/\/lasentinelle.dz\/index.php\/2024\/09\/23\/atrocites-sionistes-a-ghaza-et-au-liban-une-longue-histoire-de-terrorisme-et-de-violence\/","title":{"rendered":"Atrocit\u00e9s sionistes \u00e0 Ghaza et au Liban: Une longue histoire de terrorisme et de violence"},"content":{"rendered":"\n<p>L&rsquo;amiral fran\u00e7ais Jean-Louis Vichot vient de jeter un pav\u00e9 dans la marre. Dans une interview avec la chaine de t\u00e9l\u00e9vision \u00ab\u00a0Ne jamais oublier que la tradition de l&rsquo;arm\u00e9e de Tsahal (l&rsquo;arm\u00e9e d&rsquo;occupation sioniste -NDLR), l&rsquo;arm\u00e9e isra\u00e9lienne, est avant tout une tradition terroriste, sa tradition et les bases de son fondement\u00a0\u00bb, a indiqu\u00e9 l&rsquo;amiral.<\/p>\n\n\n\n<p>L&rsquo;histoire du conflit isra\u00e9lo-palestinien est marqu\u00e9e par des actes de terrorisme et de violences perp\u00e9tr\u00e9es par les forces d\u2019occupation isra\u00e9liennes contre les Palestiniens. Du terrorisme qui trouve son origine dans les attaques men\u00e9es par les groupes sionistes contre les Britanniques, \u00e0 l&rsquo;\u00e9poque de leur mandat et occupation de la Palestine historique. Il est essentiel de rappeler ces \u00e9v\u00e9nements pour comprendre les racines de la situation actuelle. L&rsquo;un des exemples les plus marquants est l&rsquo;attentat de l&rsquo;h\u00f4tel King David, perp\u00e9tr\u00e9 en 1946 par l&rsquo;Irgoun, une organisation sioniste. Cette attaque a fait 91 morts et plus de 45 bless\u00e9s, principalement des civils britanniques. Cet acte de terrorisme a \u00e9t\u00e9 condamn\u00e9 par la communaut\u00e9 internationale, mais il n&rsquo;a pas emp\u00each\u00e9 la poursuite de la violence. Par la suite, des personnalit\u00e9s politiques palestiniennes, telles que le Dr. Chaim Arlosoroff, qui a \u00e9t\u00e9 assassin\u00e9 en 1933 ainsi que de l&rsquo;assassinat de personnalit\u00e9s politiques britanniques qui ont \u00e9t\u00e9 assassin\u00e9es, comme Lord Moyne, ministre r\u00e9sident britannique au Moyen-Orient, tu\u00e9 en 1944 par des membres du groupe sioniste Lehi. Ces actes de terrorisme ont contribu\u00e9 \u00e0 cr\u00e9er un climat de peur et d&rsquo;ins\u00e9curit\u00e9 dans la r\u00e9gion. La cr\u00e9ation artificielle de l&rsquo;entit\u00e9 sioniste en 1948 a \u00e9t\u00e9 marqu\u00e9e par des attaques contre les Palestiniens, qui ont \u00e9t\u00e9 contraints de fuir leurs terres. Les forces d\u2019occupation isra\u00e9liennes ont perp\u00e9tr\u00e9 des massacres, comme celui de Deir Yassin, o\u00f9 plus de 100 Palestiniens ont \u00e9t\u00e9 tu\u00e9s. Ces \u00e9v\u00e9nements ont abouti \u00e0 l&rsquo;exode de centaines de milliers de Palestiniens, qui sont devenus des r\u00e9fugi\u00e9s.<\/p>\n\n\n\n<p>Depuis, les atrocit\u00e9s commises contre les Palestiniens se sont poursuivies. Les forces d\u2019occupation ont utilis\u00e9 la force excessive contre les manifestants palestiniens, tuant et blessant des centaines de personnes. Les colonies sionistes ont \u00e9t\u00e9 \u00e9tablies sur les terres palestiniennes, en violation du droit international. Les Palestiniens ont \u00e9t\u00e9 soumis \u00e0 un blocus qui les emp\u00eache d&rsquo;acc\u00e9der aux biens de premi\u00e8re n\u00e9cessit\u00e9.<\/p>\n\n\n\n<p>Dans ce contexte, la d\u00e9claration de l&rsquo;amiral Jean-Louis Vichot, qui a r\u00e9agi \u00e0 la cyberattaque isra\u00e9lienne contre le Liban, qui a fait des dizaines de morts et des milliers de bless\u00e9s apr\u00e8s l&rsquo;explosion d&rsquo;appareils de t\u00e9l\u00e9communications civiles prend tout son sens. \u00ab\u00a0Ne jamais oublier que la tradition de l&rsquo;arm\u00e9e de Tsahal, l&rsquo;arm\u00e9e isra\u00e9lienne, est avant tout une tradition terroriste, sa tradition et les bases de son fondement\u00a0\u00bb, a-t-il d\u00e9clar\u00e9.<\/p>\n\n\n\n<p>Cette d\u00e9claration met en lumi\u00e8re la nature profonde de l&rsquo;arm\u00e9e d\u2019occupation.<\/p>\n\n\n\n<p>La d\u00e9claration de l&rsquo;amiral Vichot est loin d&rsquo;\u00eatre exag\u00e9r\u00e9e. C\u2019est une d\u00e9claration courageuse qui rappelle les atrocit\u00e9s commises par l&rsquo;arm\u00e9e d\u2019occupation d&rsquo;abord en Palestine et aujourd&rsquo;hui au Liban, et il est important de rappeler ces faits pour comprendre la situation actuelle au Moyen-Orient.<\/p>\n\n\n\n<p>Samir Benisid<\/p>\n","protected":false},"excerpt":{"rendered":"<p>L&rsquo;amiral fran\u00e7ais Jean-Louis Vichot vient de jeter un pav\u00e9 dans la marre. Dans une interview avec la chaine de t\u00e9l\u00e9vision<\/p>\n","protected":false},"author":6,"featured_media":57349,"comment_status":"open","ping_status":"closed","sticky":false,"template":"","format":"standard","meta":{"colormag_page_container_layout":"default_layout","colormag_page_sidebar_layout":"default_layout","om_disable_all_campaigns":false,"_monsterinsights_skip_tracking":false,"_monsterinsights_sitenote_active":false,"_monsterinsights_sitenote_note":"","_monsterinsights_sitenote_category":0,"footnotes":"","_wpscppro_dont_share_socialmedia":false,"_wpscppro_custom_social_share_image":0,"_facebook_share_type":"default","_twitter_share_type":"default","_linkedin_share_type":"default","_pinterest_share_type":"default","_linkedin_share_type_page":"","_instagram_share_type":"default","_medium_share_type":"","_threads_share_type":"","_google_business_share_type":"","_selected_social_profile":[],"_wpsp_enable_custom_social_template":false,"_wpsp_social_scheduling":{"enabled":false,"datetime":null,"platforms":[],"status":"template_only","dateOption":"today","timeOption":"now","customDays":"","customHours":"","customDate":"","customTime":"","schedulingType":"absolute"},"_wpsp_active_default_template":true},"categories":[27],"tags":[],"class_list":["post-57348","post","type-post","status-publish","format-standard","has-post-thumbnail","hentry","category-actualite"],"aioseo_notices":[],"yoast_head":"<!-- This site is optimized with the Yoast SEO plugin v27.5 - https:\/\/yoast.com\/product\/yoast-seo-wordpress\/ -->\n<title>Atrocit\u00e9s sionistes \u00e0 Ghaza et au Liban: Une longue histoire de terrorisme et de violence - La Sentinelle<\/title>\n<meta name=\"robots\" content=\"index, follow, max-snippet:-1, max-image-preview:large, max-video-preview:-1\" \/>\n<link rel=\"canonical\" href=\"https:\/\/lasentinelle.dz\/index.php\/2024\/09\/23\/atrocites-sionistes-a-ghaza-et-au-liban-une-longue-histoire-de-terrorisme-et-de-violence\/\" \/>\n<meta property=\"og:locale\" content=\"fr_FR\" \/>\n<meta property=\"og:type\" content=\"article\" \/>\n<meta property=\"og:title\" content=\"Atrocit\u00e9s sionistes \u00e0 Ghaza et au Liban: Une longue histoire de terrorisme et de violence - La Sentinelle\" \/>\n<meta property=\"og:description\" content=\"L&rsquo;amiral fran\u00e7ais Jean-Louis Vichot vient de jeter un pav\u00e9 dans la marre. Dans une interview avec la chaine de t\u00e9l\u00e9vision\" \/>\n<meta property=\"og:url\" content=\"https:\/\/lasentinelle.dz\/index.php\/2024\/09\/23\/atrocites-sionistes-a-ghaza-et-au-liban-une-longue-histoire-de-terrorisme-et-de-violence\/\" \/>\n<meta property=\"og:site_name\" content=\"La Sentinelle\" \/>\n<meta property=\"article:publisher\" content=\"https:\/\/www.facebook.com\/La-Sentinelle-104059864394773\" \/>\n<meta property=\"article:published_time\" content=\"2024-09-23T12:06:01+00:00\" \/>\n<meta property=\"article:modified_time\" content=\"2024-09-23T12:06:02+00:00\" \/>\n<meta property=\"og:image\" content=\"https:\/\/lasentinelle.dz\/wp-content\/uploads\/2024\/09\/armee-sioniste-terroriste.jpg\" \/>\n\t<meta property=\"og:image:width\" content=\"1400\" \/>\n\t<meta property=\"og:image:height\" content=\"931\" \/>\n\t<meta property=\"og:image:type\" content=\"image\/jpeg\" \/>\n<meta name=\"author\" content=\"admin\" \/>\n<meta name=\"twitter:card\" content=\"summary_large_image\" \/>\n<meta name=\"twitter:label1\" content=\"\u00c9crit par\" \/>\n\t<meta name=\"twitter:data1\" content=\"admin\" \/>\n\t<meta name=\"twitter:label2\" content=\"Dur\u00e9e de lecture estim\u00e9e\" \/>\n\t<meta name=\"twitter:data2\" content=\"3 minutes\" \/>\n<script type=\"application\/ld+json\" class=\"yoast-schema-graph\">{\"@context\":\"https:\\\/\\\/schema.org\",\"@graph\":[{\"@type\":\"Article\",\"@id\":\"https:\\\/\\\/lasentinelle.dz\\\/index.php\\\/2024\\\/09\\\/23\\\/atrocites-sionistes-a-ghaza-et-au-liban-une-longue-histoire-de-terrorisme-et-de-violence\\\/#article\",\"isPartOf\":{\"@id\":\"https:\\\/\\\/lasentinelle.dz\\\/index.php\\\/2024\\\/09\\\/23\\\/atrocites-sionistes-a-ghaza-et-au-liban-une-longue-histoire-de-terrorisme-et-de-violence\\\/\"},\"author\":{\"name\":\"admin\",\"@id\":\"https:\\\/\\\/lasentinelle.dz\\\/#\\\/schema\\\/person\\\/729ee0024f24e0b8c5ec17232f8e8b41\"},\"headline\":\"Atrocit\u00e9s sionistes \u00e0 Ghaza et au Liban: Une longue histoire de terrorisme et de violence\",\"datePublished\":\"2024-09-23T12:06:01+00:00\",\"dateModified\":\"2024-09-23T12:06:02+00:00\",\"mainEntityOfPage\":{\"@id\":\"https:\\\/\\\/lasentinelle.dz\\\/index.php\\\/2024\\\/09\\\/23\\\/atrocites-sionistes-a-ghaza-et-au-liban-une-longue-histoire-de-terrorisme-et-de-violence\\\/\"},\"wordCount\":586,\"commentCount\":0,\"publisher\":{\"@id\":\"https:\\\/\\\/lasentinelle.dz\\\/#organization\"},\"image\":{\"@id\":\"https:\\\/\\\/lasentinelle.dz\\\/index.php\\\/2024\\\/09\\\/23\\\/atrocites-sionistes-a-ghaza-et-au-liban-une-longue-histoire-de-terrorisme-et-de-violence\\\/#primaryimage\"},\"thumbnailUrl\":\"https:\\\/\\\/lasentinelle.dz\\\/wp-content\\\/uploads\\\/2024\\\/09\\\/armee-sioniste-terroriste.jpg\",\"articleSection\":[\"Actualit\u00e9\"],\"inLanguage\":\"fr-FR\",\"potentialAction\":[{\"@type\":\"CommentAction\",\"name\":\"Comment\",\"target\":[\"https:\\\/\\\/lasentinelle.dz\\\/index.php\\\/2024\\\/09\\\/23\\\/atrocites-sionistes-a-ghaza-et-au-liban-une-longue-histoire-de-terrorisme-et-de-violence\\\/#respond\"]}]},{\"@type\":\"WebPage\",\"@id\":\"https:\\\/\\\/lasentinelle.dz\\\/index.php\\\/2024\\\/09\\\/23\\\/atrocites-sionistes-a-ghaza-et-au-liban-une-longue-histoire-de-terrorisme-et-de-violence\\\/\",\"url\":\"https:\\\/\\\/lasentinelle.dz\\\/index.php\\\/2024\\\/09\\\/23\\\/atrocites-sionistes-a-ghaza-et-au-liban-une-longue-histoire-de-terrorisme-et-de-violence\\\/\",\"name\":\"Atrocit\u00e9s sionistes \u00e0 Ghaza et au Liban: Une longue histoire de terrorisme et de violence - La Sentinelle\",\"isPartOf\":{\"@id\":\"https:\\\/\\\/lasentinelle.dz\\\/#website\"},\"primaryImageOfPage\":{\"@id\":\"https:\\\/\\\/lasentinelle.dz\\\/index.php\\\/2024\\\/09\\\/23\\\/atrocites-sionistes-a-ghaza-et-au-liban-une-longue-histoire-de-terrorisme-et-de-violence\\\/#primaryimage\"},\"image\":{\"@id\":\"https:\\\/\\\/lasentinelle.dz\\\/index.php\\\/2024\\\/09\\\/23\\\/atrocites-sionistes-a-ghaza-et-au-liban-une-longue-histoire-de-terrorisme-et-de-violence\\\/#primaryimage\"},\"thumbnailUrl\":\"https:\\\/\\\/lasentinelle.dz\\\/wp-content\\\/uploads\\\/2024\\\/09\\\/armee-sioniste-terroriste.jpg\",\"datePublished\":\"2024-09-23T12:06:01+00:00\",\"dateModified\":\"2024-09-23T12:06:02+00:00\",\"breadcrumb\":{\"@id\":\"https:\\\/\\\/lasentinelle.dz\\\/index.php\\\/2024\\\/09\\\/23\\\/atrocites-sionistes-a-ghaza-et-au-liban-une-longue-histoire-de-terrorisme-et-de-violence\\\/#breadcrumb\"},\"inLanguage\":\"fr-FR\",\"potentialAction\":[{\"@type\":\"ReadAction\",\"target\":[\"https:\\\/\\\/lasentinelle.dz\\\/index.php\\\/2024\\\/09\\\/23\\\/atrocites-sionistes-a-ghaza-et-au-liban-une-longue-histoire-de-terrorisme-et-de-violence\\\/\"]}]},{\"@type\":\"ImageObject\",\"inLanguage\":\"fr-FR\",\"@id\":\"https:\\\/\\\/lasentinelle.dz\\\/index.php\\\/2024\\\/09\\\/23\\\/atrocites-sionistes-a-ghaza-et-au-liban-une-longue-histoire-de-terrorisme-et-de-violence\\\/#primaryimage\",\"url\":\"https:\\\/\\\/lasentinelle.dz\\\/wp-content\\\/uploads\\\/2024\\\/09\\\/armee-sioniste-terroriste.jpg\",\"contentUrl\":\"https:\\\/\\\/lasentinelle.dz\\\/wp-content\\\/uploads\\\/2024\\\/09\\\/armee-sioniste-terroriste.jpg\",\"width\":1400,\"height\":931},{\"@type\":\"BreadcrumbList\",\"@id\":\"https:\\\/\\\/lasentinelle.dz\\\/index.php\\\/2024\\\/09\\\/23\\\/atrocites-sionistes-a-ghaza-et-au-liban-une-longue-histoire-de-terrorisme-et-de-violence\\\/#breadcrumb\",\"itemListElement\":[{\"@type\":\"ListItem\",\"position\":1,\"name\":\"Accueil\",\"item\":\"https:\\\/\\\/lasentinelle.dz\\\/\"},{\"@type\":\"ListItem\",\"position\":2,\"name\":\"Atrocit\u00e9s sionistes \u00e0 Ghaza et au Liban: Une longue histoire de terrorisme et de violence\"}]},{\"@type\":\"WebSite\",\"@id\":\"https:\\\/\\\/lasentinelle.dz\\\/#website\",\"url\":\"https:\\\/\\\/lasentinelle.dz\\\/\",\"name\":\"La Sentinelle\",\"description\":\"Quotidien national d&#039;information\",\"publisher\":{\"@id\":\"https:\\\/\\\/lasentinelle.dz\\\/#organization\"},\"potentialAction\":[{\"@type\":\"SearchAction\",\"target\":{\"@type\":\"EntryPoint\",\"urlTemplate\":\"https:\\\/\\\/lasentinelle.dz\\\/?s={search_term_string}\"},\"query-input\":{\"@type\":\"PropertyValueSpecification\",\"valueRequired\":true,\"valueName\":\"search_term_string\"}}],\"inLanguage\":\"fr-FR\"},{\"@type\":\"Organization\",\"@id\":\"https:\\\/\\\/lasentinelle.dz\\\/#organization\",\"name\":\"Quotidien La Sentinelle\",\"url\":\"https:\\\/\\\/lasentinelle.dz\\\/\",\"logo\":{\"@type\":\"ImageObject\",\"inLanguage\":\"fr-FR\",\"@id\":\"https:\\\/\\\/lasentinelle.dz\\\/#\\\/schema\\\/logo\\\/image\\\/\",\"url\":\"https:\\\/\\\/lasentinelle.dz\\\/wp-content\\\/uploads\\\/2021\\\/09\\\/logo-sentinelleSLOGAN-1.png\",\"contentUrl\":\"https:\\\/\\\/lasentinelle.dz\\\/wp-content\\\/uploads\\\/2021\\\/09\\\/logo-sentinelleSLOGAN-1.png\",\"width\":615,\"height\":142,\"caption\":\"Quotidien La Sentinelle\"},\"image\":{\"@id\":\"https:\\\/\\\/lasentinelle.dz\\\/#\\\/schema\\\/logo\\\/image\\\/\"},\"sameAs\":[\"https:\\\/\\\/www.facebook.com\\\/La-Sentinelle-104059864394773\"]},{\"@type\":\"Person\",\"@id\":\"https:\\\/\\\/lasentinelle.dz\\\/#\\\/schema\\\/person\\\/729ee0024f24e0b8c5ec17232f8e8b41\",\"name\":\"admin\",\"image\":{\"@type\":\"ImageObject\",\"inLanguage\":\"fr-FR\",\"@id\":\"https:\\\/\\\/secure.gravatar.com\\\/avatar\\\/4c81fed838786e9b53f540bf46533e750f5d292099ae3b66cfc6fb1982e29df7?s=96&d=mm&r=g\",\"url\":\"https:\\\/\\\/secure.gravatar.com\\\/avatar\\\/4c81fed838786e9b53f540bf46533e750f5d292099ae3b66cfc6fb1982e29df7?s=96&d=mm&r=g\",\"contentUrl\":\"https:\\\/\\\/secure.gravatar.com\\\/avatar\\\/4c81fed838786e9b53f540bf46533e750f5d292099ae3b66cfc6fb1982e29df7?s=96&d=mm&r=g\",\"caption\":\"admin\"},\"description\":\"admin\",\"url\":\"https:\\\/\\\/lasentinelle.dz\\\/author\\\/admin\\\/\"}]}<\/script>\n<!-- \/ Yoast SEO plugin. -->","yoast_head_json":{"title":"Atrocit\u00e9s sionistes \u00e0 Ghaza et au Liban: Une longue histoire de terrorisme et de violence - La Sentinelle","robots":{"index":"index","follow":"follow","max-snippet":"max-snippet:-1","max-image-preview":"max-image-preview:large","max-video-preview":"max-video-preview:-1"},"canonical":"https:\/\/lasentinelle.dz\/index.php\/2024\/09\/23\/atrocites-sionistes-a-ghaza-et-au-liban-une-longue-histoire-de-terrorisme-et-de-violence\/","og_locale":"fr_FR","og_type":"article","og_title":"Atrocit\u00e9s sionistes \u00e0 Ghaza et au Liban: Une longue histoire de terrorisme et de violence - La Sentinelle","og_description":"L&rsquo;amiral fran\u00e7ais Jean-Louis Vichot vient de jeter un pav\u00e9 dans la marre. Dans une interview avec la chaine de t\u00e9l\u00e9vision","og_url":"https:\/\/lasentinelle.dz\/index.php\/2024\/09\/23\/atrocites-sionistes-a-ghaza-et-au-liban-une-longue-histoire-de-terrorisme-et-de-violence\/","og_site_name":"La Sentinelle","article_publisher":"https:\/\/www.facebook.com\/La-Sentinelle-104059864394773","article_published_time":"2024-09-23T12:06:01+00:00","article_modified_time":"2024-09-23T12:06:02+00:00","og_image":[{"width":1400,"height":931,"url":"https:\/\/lasentinelle.dz\/wp-content\/uploads\/2024\/09\/armee-sioniste-terroriste.jpg","type":"image\/jpeg"}],"author":"admin","twitter_card":"summary_large_image","twitter_misc":{"\u00c9crit par":"admin","Dur\u00e9e de lecture estim\u00e9e":"3 minutes"},"schema":{"@context":"https:\/\/schema.org","@graph":[{"@type":"Article","@id":"https:\/\/lasentinelle.dz\/index.php\/2024\/09\/23\/atrocites-sionistes-a-ghaza-et-au-liban-une-longue-histoire-de-terrorisme-et-de-violence\/#article","isPartOf":{"@id":"https:\/\/lasentinelle.dz\/index.php\/2024\/09\/23\/atrocites-sionistes-a-ghaza-et-au-liban-une-longue-histoire-de-terrorisme-et-de-violence\/"},"author":{"name":"admin","@id":"https:\/\/lasentinelle.dz\/#\/schema\/person\/729ee0024f24e0b8c5ec17232f8e8b41"},"headline":"Atrocit\u00e9s sionistes \u00e0 Ghaza et au Liban: Une longue histoire de terrorisme et de violence","datePublished":"2024-09-23T12:06:01+00:00","dateModified":"2024-09-23T12:06:02+00:00","mainEntityOfPage":{"@id":"https:\/\/lasentinelle.dz\/index.php\/2024\/09\/23\/atrocites-sionistes-a-ghaza-et-au-liban-une-longue-histoire-de-terrorisme-et-de-violence\/"},"wordCount":586,"commentCount":0,"publisher":{"@id":"https:\/\/lasentinelle.dz\/#organization"},"image":{"@id":"https:\/\/lasentinelle.dz\/index.php\/2024\/09\/23\/atrocites-sionistes-a-ghaza-et-au-liban-une-longue-histoire-de-terrorisme-et-de-violence\/#primaryimage"},"thumbnailUrl":"https:\/\/lasentinelle.dz\/wp-content\/uploads\/2024\/09\/armee-sioniste-terroriste.jpg","articleSection":["Actualit\u00e9"],"inLanguage":"fr-FR","potentialAction":[{"@type":"CommentAction","name":"Comment","target":["https:\/\/lasentinelle.dz\/index.php\/2024\/09\/23\/atrocites-sionistes-a-ghaza-et-au-liban-une-longue-histoire-de-terrorisme-et-de-violence\/#respond"]}]},{"@type":"WebPage","@id":"https:\/\/lasentinelle.dz\/index.php\/2024\/09\/23\/atrocites-sionistes-a-ghaza-et-au-liban-une-longue-histoire-de-terrorisme-et-de-violence\/","url":"https:\/\/lasentinelle.dz\/index.php\/2024\/09\/23\/atrocites-sionistes-a-ghaza-et-au-liban-une-longue-histoire-de-terrorisme-et-de-violence\/","name":"Atrocit\u00e9s sionistes \u00e0 Ghaza et au Liban: Une longue histoire de terrorisme et de violence - La Sentinelle","isPartOf":{"@id":"https:\/\/lasentinelle.dz\/#website"},"primaryImageOfPage":{"@id":"https:\/\/lasentinelle.dz\/index.php\/2024\/09\/23\/atrocites-sionistes-a-ghaza-et-au-liban-une-longue-histoire-de-terrorisme-et-de-violence\/#primaryimage"},"image":{"@id":"https:\/\/lasentinelle.dz\/index.php\/2024\/09\/23\/atrocites-sionistes-a-ghaza-et-au-liban-une-longue-histoire-de-terrorisme-et-de-violence\/#primaryimage"},"thumbnailUrl":"https:\/\/lasentinelle.dz\/wp-content\/uploads\/2024\/09\/armee-sioniste-terroriste.jpg","datePublished":"2024-09-23T12:06:01+00:00","dateModified":"2024-09-23T12:06:02+00:00","breadcrumb":{"@id":"https:\/\/lasentinelle.dz\/index.php\/2024\/09\/23\/atrocites-sionistes-a-ghaza-et-au-liban-une-longue-histoire-de-terrorisme-et-de-violence\/#breadcrumb"},"inLanguage":"fr-FR","potentialAction":[{"@type":"ReadAction","target":["https:\/\/lasentinelle.dz\/index.php\/2024\/09\/23\/atrocites-sionistes-a-ghaza-et-au-liban-une-longue-histoire-de-terrorisme-et-de-violence\/"]}]},{"@type":"ImageObject","inLanguage":"fr-FR","@id":"https:\/\/lasentinelle.dz\/index.php\/2024\/09\/23\/atrocites-sionistes-a-ghaza-et-au-liban-une-longue-histoire-de-terrorisme-et-de-violence\/#primaryimage","url":"https:\/\/lasentinelle.dz\/wp-content\/uploads\/2024\/09\/armee-sioniste-terroriste.jpg","contentUrl":"https:\/\/lasentinelle.dz\/wp-content\/uploads\/2024\/09\/armee-sioniste-terroriste.jpg","width":1400,"height":931},{"@type":"BreadcrumbList","@id":"https:\/\/lasentinelle.dz\/index.php\/2024\/09\/23\/atrocites-sionistes-a-ghaza-et-au-liban-une-longue-histoire-de-terrorisme-et-de-violence\/#breadcrumb","itemListElement":[{"@type":"ListItem","position":1,"name":"Accueil","item":"https:\/\/lasentinelle.dz\/"},{"@type":"ListItem","position":2,"name":"Atrocit\u00e9s sionistes \u00e0 Ghaza et au Liban: Une longue histoire de terrorisme et de violence"}]},{"@type":"WebSite","@id":"https:\/\/lasentinelle.dz\/#website","url":"https:\/\/lasentinelle.dz\/","name":"La Sentinelle","description":"Quotidien national d&#039;information","publisher":{"@id":"https:\/\/lasentinelle.dz\/#organization"},"potentialAction":[{"@type":"SearchAction","target":{"@type":"EntryPoint","urlTemplate":"https:\/\/lasentinelle.dz\/?s={search_term_string}"},"query-input":{"@type":"PropertyValueSpecification","valueRequired":true,"valueName":"search_term_string"}}],"inLanguage":"fr-FR"},{"@type":"Organization","@id":"https:\/\/lasentinelle.dz\/#organization","name":"Quotidien La Sentinelle","url":"https:\/\/lasentinelle.dz\/","logo":{"@type":"ImageObject","inLanguage":"fr-FR","@id":"https:\/\/lasentinelle.dz\/#\/schema\/logo\/image\/","url":"https:\/\/lasentinelle.dz\/wp-content\/uploads\/2021\/09\/logo-sentinelleSLOGAN-1.png","contentUrl":"https:\/\/lasentinelle.dz\/wp-content\/uploads\/2021\/09\/logo-sentinelleSLOGAN-1.png","width":615,"height":142,"caption":"Quotidien La Sentinelle"},"image":{"@id":"https:\/\/lasentinelle.dz\/#\/schema\/logo\/image\/"},"sameAs":["https:\/\/www.facebook.com\/La-Sentinelle-104059864394773"]},{"@type":"Person","@id":"https:\/\/lasentinelle.dz\/#\/schema\/person\/729ee0024f24e0b8c5ec17232f8e8b41","name":"admin","image":{"@type":"ImageObject","inLanguage":"fr-FR","@id":"https:\/\/secure.gravatar.com\/avatar\/4c81fed838786e9b53f540bf46533e750f5d292099ae3b66cfc6fb1982e29df7?s=96&d=mm&r=g","url":"https:\/\/secure.gravatar.com\/avatar\/4c81fed838786e9b53f540bf46533e750f5d292099ae3b66cfc6fb1982e29df7?s=96&d=mm&r=g","contentUrl":"https:\/\/secure.gravatar.com\/avatar\/4c81fed838786e9b53f540bf46533e750f5d292099ae3b66cfc6fb1982e29df7?s=96&d=mm&r=g","caption":"admin"},"description":"admin","url":"https:\/\/lasentinelle.dz\/author\/admin\/"}]}},"_links":{"self":[{"href":"https:\/\/lasentinelle.dz\/index.php\/wp-json\/wp\/v2\/posts\/57348","targetHints":{"allow":["GET"]}}],"collection":[{"href":"https:\/\/lasentinelle.dz\/index.php\/wp-json\/wp\/v2\/posts"}],"about":[{"href":"https:\/\/lasentinelle.dz\/index.php\/wp-json\/wp\/v2\/types\/post"}],"author":[{"embeddable":true,"href":"https:\/\/lasentinelle.dz\/index.php\/wp-json\/wp\/v2\/users\/6"}],"replies":[{"embeddable":true,"href":"https:\/\/lasentinelle.dz\/index.php\/wp-json\/wp\/v2\/comments?post=57348"}],"version-history":[{"count":1,"href":"https:\/\/lasentinelle.dz\/index.php\/wp-json\/wp\/v2\/posts\/57348\/revisions"}],"predecessor-version":[{"id":57350,"href":"https:\/\/lasentinelle.dz\/index.php\/wp-json\/wp\/v2\/posts\/57348\/revisions\/57350"}],"wp:featuredmedia":[{"embeddable":true,"href":"https:\/\/lasentinelle.dz\/index.php\/wp-json\/wp\/v2\/media\/57349"}],"wp:attachment":[{"href":"https:\/\/lasentinelle.dz\/index.php\/wp-json\/wp\/v2\/media?parent=57348"}],"wp:term":[{"taxonomy":"category","embeddable":true,"href":"https:\/\/lasentinelle.dz\/index.php\/wp-json\/wp\/v2\/categories?post=57348"},{"taxonomy":"post_tag","embeddable":true,"href":"https:\/\/lasentinelle.dz\/index.php\/wp-json\/wp\/v2\/tags?post=57348"}],"curies":[{"name":"wp","href":"https:\/\/api.w.org\/{rel}","templated":true}]}}