{"id":57373,"date":"2024-09-24T13:41:31","date_gmt":"2024-09-24T12:41:31","guid":{"rendered":"https:\/\/lasentinelle.dz\/?p=57373"},"modified":"2024-09-24T13:41:32","modified_gmt":"2024-09-24T12:41:32","slug":"bilan-des-intemperies-deux-morts-et-de-nombreux-sauvetages","status":"publish","type":"post","link":"https:\/\/lasentinelle.dz\/index.php\/2024\/09\/24\/bilan-des-intemperies-deux-morts-et-de-nombreux-sauvetages\/","title":{"rendered":"Bilan des intemp\u00e9ries : Deux morts et de nombreux sauvetages"},"content":{"rendered":"\n<p>De fortes pluies orageuses se sont abattues sur plusieurs wilayas du pays entra\u00eenant des crues soudaines, des inondations et de nombreux incidents. Le bilan provisoire de ces derni\u00e8res 24 heures fait \u00e9tat de deux morts et de multiples op\u00e9rations de sauvetage \u00e0 travers le pays. \u00c0 M\u00e9d\u00e9a, une personne est port\u00e9e disparue suite au d\u00e9bordement d&rsquo;un cours d&rsquo;eau traversant la commune d&rsquo;Ain-Boucif. Deux v\u00e9hicules ont \u00e9t\u00e9 emport\u00e9s par les flots sur le chemin de wilaya 38, au lieu-dit El-Menchar. Une premi\u00e8re victime a \u00e9t\u00e9 retrouv\u00e9e vivante \u00e0 4 km du lieu de l&rsquo;incident, tandis que deux autres personnes ont r\u00e9ussi \u00e0 s&rsquo;extraire de leur v\u00e9hicule et ont \u00e9t\u00e9 hospitalis\u00e9es. Un important dispositif de recherche, mobilisant plus de 130 secouristes de la Protection civile, a \u00e9t\u00e9 d\u00e9ploy\u00e9 pour retrouver la personne disparue. Les recherches s&rsquo;\u00e9tendent sur un rayon de 25 km, supervis\u00e9es par un poste de commandement op\u00e9rationnel sur place.<\/p>\n\n\n\n<p>Dans la wilaya de Tlemcen, un homme de 68 ans a perdu la vie, emport\u00e9 par les eaux de l&rsquo;oued Boughadou dans la commune de Sidi Djillali. La r\u00e9gion a connu une hausse significative du niveau des oueds Boughedou, Sidi Yahia et Laouedj. Les \u00e9quipes de secours ont r\u00e9ussi \u00e0 sauver 21 personnes, dont certaines se trouvaient \u00e0 bord d&rsquo;une dizaine de v\u00e9hicules et d&rsquo;un camion emport\u00e9s par les torrents. Au total, 24 victimes ont \u00e9t\u00e9 secourues suite au d\u00e9bordement de l&rsquo;oued Sebdou, qui traverse les communes de Sebdou et Sidi El Djillali. Les op\u00e9rations de sauvetage se sont d\u00e9roul\u00e9es \u00e0 diff\u00e9rents endroits le long des axes routiers RN22 et CW107. D&rsquo;autres wilayas ont \u00e9galement \u00e9t\u00e9 touch\u00e9es par ces intemp\u00e9ries, notamment Bechar, Ouled Djellal, Tindouf, Sidi Bel Abbes, Djelfa, Mila, M&rsquo;sila, Saida, Beni Abbes, Tiaret, Blida, Laghouat, El Bayadh et Ouargla. Les services de la Protection civile ont men\u00e9 de nombreuses op\u00e9rations d&rsquo;\u00e9puisement et de pompage des eaux pluviales dans des habitations et des \u00e9difices publics et priv\u00e9s. Les services de la Protection civiles ont men\u00e9 plusieurs op\u00e9rations de sauvetage notables. \u00c0 Saida, un enseignant et 14 \u00e9coliers ont \u00e9t\u00e9 \u00e9vacu\u00e9s \u00e0 titre pr\u00e9ventif d&rsquo;une \u00e9cole primaire du village de Sidi Youcef, dans la commune d&rsquo;El Maamoura, en raison de la mont\u00e9e des eaux \u00e0 proximit\u00e9. Dans la wilaya de Tiaret, trois personnes ont \u00e9t\u00e9 sauv\u00e9es alors qu&rsquo;elles \u00e9taient cern\u00e9es par les eaux d&rsquo;un oued dans leur v\u00e9hicule, au lieu-dit zone Zerzour, commune de Djebilet Resfa. \u00c0 Laghouat, une camionnette sans passager a \u00e9t\u00e9 d\u00e9gag\u00e9e suite \u00e0 la mont\u00e9e des eaux de l&rsquo;oued Kaslane dans la commune de Brida. Dans la wilaya de M&rsquo;sila, deux personnes ont \u00e9t\u00e9 secourues \u00e0 l&rsquo;int\u00e9rieur d&rsquo;une habitation inond\u00e9e par la mont\u00e9e des eaux de l&rsquo;oued Keterini, dans la commune de Sidi Aissa. Les services de la Protection civile restent mobilis\u00e9s sur l&rsquo;ensemble du territoire pour faire face aux cons\u00e9quences de ces intemp\u00e9ries. Ils appellent les citoyens \u00e0 la plus grande vigilance, particuli\u00e8rement \u00e0 proximit\u00e9 des cours d&rsquo;eau et dans les zones \u00e0 risque d&rsquo;inondation. Les autorit\u00e9s recommandent d&rsquo;\u00e9viter les d\u00e9placements non essentiels et de suivre les consignes de s\u00e9curit\u00e9 \u00e9mises par les services comp\u00e9tents.<\/p>\n\n\n\n<p>Salim Mokrane<\/p>\n","protected":false},"excerpt":{"rendered":"<p>De fortes pluies orageuses se sont abattues sur plusieurs wilayas du pays entra\u00eenant des crues soudaines, des inondations et de<\/p>\n","protected":false},"author":6,"featured_media":45207,"comment_status":"open","ping_status":"closed","sticky":false,"template":"","format":"standard","meta":{"colormag_page_container_layout":"default_layout","colormag_page_sidebar_layout":"default_layout","om_disable_all_campaigns":false,"_monsterinsights_skip_tracking":false,"_monsterinsights_sitenote_active":false,"_monsterinsights_sitenote_note":"","_monsterinsights_sitenote_category":0,"footnotes":"","_wpscppro_dont_share_socialmedia":false,"_wpscppro_custom_social_share_image":0,"_facebook_share_type":"default","_twitter_share_type":"default","_linkedin_share_type":"default","_pinterest_share_type":"default","_linkedin_share_type_page":"","_instagram_share_type":"default","_medium_share_type":"","_threads_share_type":"","_google_business_share_type":"","_selected_social_profile":[],"_wpsp_enable_custom_social_template":false,"_wpsp_social_scheduling":{"enabled":false,"datetime":null,"platforms":[],"status":"template_only","dateOption":"today","timeOption":"now","customDays":"","customHours":"","customDate":"","customTime":"","schedulingType":"absolute"},"_wpsp_active_default_template":true},"categories":[27],"tags":[],"class_list":["post-57373","post","type-post","status-publish","format-standard","has-post-thumbnail","hentry","category-actualite"],"aioseo_notices":[],"yoast_head":"<!-- This site is optimized with the Yoast SEO plugin v27.5 - https:\/\/yoast.com\/product\/yoast-seo-wordpress\/ -->\n<title>Bilan des intemp\u00e9ries : Deux morts et de nombreux sauvetages - La Sentinelle<\/title>\n<meta name=\"robots\" content=\"index, follow, max-snippet:-1, max-image-preview:large, max-video-preview:-1\" \/>\n<link rel=\"canonical\" href=\"https:\/\/lasentinelle.dz\/index.php\/2024\/09\/24\/bilan-des-intemperies-deux-morts-et-de-nombreux-sauvetages\/\" \/>\n<meta property=\"og:locale\" content=\"fr_FR\" \/>\n<meta property=\"og:type\" content=\"article\" \/>\n<meta property=\"og:title\" content=\"Bilan des intemp\u00e9ries : Deux morts et de nombreux sauvetages - La Sentinelle\" \/>\n<meta property=\"og:description\" content=\"De fortes pluies orageuses se sont abattues sur plusieurs wilayas du pays entra\u00eenant des crues soudaines, des inondations et de\" \/>\n<meta property=\"og:url\" content=\"https:\/\/lasentinelle.dz\/index.php\/2024\/09\/24\/bilan-des-intemperies-deux-morts-et-de-nombreux-sauvetages\/\" \/>\n<meta property=\"og:site_name\" content=\"La Sentinelle\" \/>\n<meta property=\"article:publisher\" content=\"https:\/\/www.facebook.com\/La-Sentinelle-104059864394773\" \/>\n<meta property=\"article:published_time\" content=\"2024-09-24T12:41:31+00:00\" \/>\n<meta property=\"article:modified_time\" content=\"2024-09-24T12:41:32+00:00\" \/>\n<meta property=\"og:image\" content=\"https:\/\/lasentinelle.dz\/wp-content\/uploads\/2023\/09\/intemperies.webp\" \/>\n\t<meta property=\"og:image:width\" content=\"900\" \/>\n\t<meta property=\"og:image:height\" content=\"675\" \/>\n\t<meta property=\"og:image:type\" content=\"image\/webp\" \/>\n<meta name=\"author\" content=\"admin\" \/>\n<meta name=\"twitter:card\" content=\"summary_large_image\" \/>\n<meta name=\"twitter:label1\" content=\"\u00c9crit par\" \/>\n\t<meta name=\"twitter:data1\" content=\"admin\" \/>\n\t<meta name=\"twitter:label2\" content=\"Dur\u00e9e de lecture estim\u00e9e\" \/>\n\t<meta name=\"twitter:data2\" content=\"3 minutes\" \/>\n<script type=\"application\/ld+json\" class=\"yoast-schema-graph\">{\"@context\":\"https:\\\/\\\/schema.org\",\"@graph\":[{\"@type\":\"Article\",\"@id\":\"https:\\\/\\\/lasentinelle.dz\\\/index.php\\\/2024\\\/09\\\/24\\\/bilan-des-intemperies-deux-morts-et-de-nombreux-sauvetages\\\/#article\",\"isPartOf\":{\"@id\":\"https:\\\/\\\/lasentinelle.dz\\\/index.php\\\/2024\\\/09\\\/24\\\/bilan-des-intemperies-deux-morts-et-de-nombreux-sauvetages\\\/\"},\"author\":{\"name\":\"admin\",\"@id\":\"https:\\\/\\\/lasentinelle.dz\\\/#\\\/schema\\\/person\\\/729ee0024f24e0b8c5ec17232f8e8b41\"},\"headline\":\"Bilan des intemp\u00e9ries : Deux morts et de nombreux sauvetages\",\"datePublished\":\"2024-09-24T12:41:31+00:00\",\"dateModified\":\"2024-09-24T12:41:32+00:00\",\"mainEntityOfPage\":{\"@id\":\"https:\\\/\\\/lasentinelle.dz\\\/index.php\\\/2024\\\/09\\\/24\\\/bilan-des-intemperies-deux-morts-et-de-nombreux-sauvetages\\\/\"},\"wordCount\":573,\"commentCount\":0,\"publisher\":{\"@id\":\"https:\\\/\\\/lasentinelle.dz\\\/#organization\"},\"image\":{\"@id\":\"https:\\\/\\\/lasentinelle.dz\\\/index.php\\\/2024\\\/09\\\/24\\\/bilan-des-intemperies-deux-morts-et-de-nombreux-sauvetages\\\/#primaryimage\"},\"thumbnailUrl\":\"https:\\\/\\\/lasentinelle.dz\\\/wp-content\\\/uploads\\\/2023\\\/09\\\/intemperies.webp\",\"articleSection\":[\"Actualit\u00e9\"],\"inLanguage\":\"fr-FR\",\"potentialAction\":[{\"@type\":\"CommentAction\",\"name\":\"Comment\",\"target\":[\"https:\\\/\\\/lasentinelle.dz\\\/index.php\\\/2024\\\/09\\\/24\\\/bilan-des-intemperies-deux-morts-et-de-nombreux-sauvetages\\\/#respond\"]}]},{\"@type\":\"WebPage\",\"@id\":\"https:\\\/\\\/lasentinelle.dz\\\/index.php\\\/2024\\\/09\\\/24\\\/bilan-des-intemperies-deux-morts-et-de-nombreux-sauvetages\\\/\",\"url\":\"https:\\\/\\\/lasentinelle.dz\\\/index.php\\\/2024\\\/09\\\/24\\\/bilan-des-intemperies-deux-morts-et-de-nombreux-sauvetages\\\/\",\"name\":\"Bilan des intemp\u00e9ries : Deux morts et de nombreux sauvetages - La Sentinelle\",\"isPartOf\":{\"@id\":\"https:\\\/\\\/lasentinelle.dz\\\/#website\"},\"primaryImageOfPage\":{\"@id\":\"https:\\\/\\\/lasentinelle.dz\\\/index.php\\\/2024\\\/09\\\/24\\\/bilan-des-intemperies-deux-morts-et-de-nombreux-sauvetages\\\/#primaryimage\"},\"image\":{\"@id\":\"https:\\\/\\\/lasentinelle.dz\\\/index.php\\\/2024\\\/09\\\/24\\\/bilan-des-intemperies-deux-morts-et-de-nombreux-sauvetages\\\/#primaryimage\"},\"thumbnailUrl\":\"https:\\\/\\\/lasentinelle.dz\\\/wp-content\\\/uploads\\\/2023\\\/09\\\/intemperies.webp\",\"datePublished\":\"2024-09-24T12:41:31+00:00\",\"dateModified\":\"2024-09-24T12:41:32+00:00\",\"breadcrumb\":{\"@id\":\"https:\\\/\\\/lasentinelle.dz\\\/index.php\\\/2024\\\/09\\\/24\\\/bilan-des-intemperies-deux-morts-et-de-nombreux-sauvetages\\\/#breadcrumb\"},\"inLanguage\":\"fr-FR\",\"potentialAction\":[{\"@type\":\"ReadAction\",\"target\":[\"https:\\\/\\\/lasentinelle.dz\\\/index.php\\\/2024\\\/09\\\/24\\\/bilan-des-intemperies-deux-morts-et-de-nombreux-sauvetages\\\/\"]}]},{\"@type\":\"ImageObject\",\"inLanguage\":\"fr-FR\",\"@id\":\"https:\\\/\\\/lasentinelle.dz\\\/index.php\\\/2024\\\/09\\\/24\\\/bilan-des-intemperies-deux-morts-et-de-nombreux-sauvetages\\\/#primaryimage\",\"url\":\"https:\\\/\\\/lasentinelle.dz\\\/wp-content\\\/uploads\\\/2023\\\/09\\\/intemperies.webp\",\"contentUrl\":\"https:\\\/\\\/lasentinelle.dz\\\/wp-content\\\/uploads\\\/2023\\\/09\\\/intemperies.webp\",\"width\":900,\"height\":675},{\"@type\":\"BreadcrumbList\",\"@id\":\"https:\\\/\\\/lasentinelle.dz\\\/index.php\\\/2024\\\/09\\\/24\\\/bilan-des-intemperies-deux-morts-et-de-nombreux-sauvetages\\\/#breadcrumb\",\"itemListElement\":[{\"@type\":\"ListItem\",\"position\":1,\"name\":\"Accueil\",\"item\":\"https:\\\/\\\/lasentinelle.dz\\\/\"},{\"@type\":\"ListItem\",\"position\":2,\"name\":\"Bilan des intemp\u00e9ries : Deux morts et de nombreux sauvetages\"}]},{\"@type\":\"WebSite\",\"@id\":\"https:\\\/\\\/lasentinelle.dz\\\/#website\",\"url\":\"https:\\\/\\\/lasentinelle.dz\\\/\",\"name\":\"La Sentinelle\",\"description\":\"Quotidien national d&#039;information\",\"publisher\":{\"@id\":\"https:\\\/\\\/lasentinelle.dz\\\/#organization\"},\"potentialAction\":[{\"@type\":\"SearchAction\",\"target\":{\"@type\":\"EntryPoint\",\"urlTemplate\":\"https:\\\/\\\/lasentinelle.dz\\\/?s={search_term_string}\"},\"query-input\":{\"@type\":\"PropertyValueSpecification\",\"valueRequired\":true,\"valueName\":\"search_term_string\"}}],\"inLanguage\":\"fr-FR\"},{\"@type\":\"Organization\",\"@id\":\"https:\\\/\\\/lasentinelle.dz\\\/#organization\",\"name\":\"Quotidien La Sentinelle\",\"url\":\"https:\\\/\\\/lasentinelle.dz\\\/\",\"logo\":{\"@type\":\"ImageObject\",\"inLanguage\":\"fr-FR\",\"@id\":\"https:\\\/\\\/lasentinelle.dz\\\/#\\\/schema\\\/logo\\\/image\\\/\",\"url\":\"https:\\\/\\\/lasentinelle.dz\\\/wp-content\\\/uploads\\\/2021\\\/09\\\/logo-sentinelleSLOGAN-1.png\",\"contentUrl\":\"https:\\\/\\\/lasentinelle.dz\\\/wp-content\\\/uploads\\\/2021\\\/09\\\/logo-sentinelleSLOGAN-1.png\",\"width\":615,\"height\":142,\"caption\":\"Quotidien La Sentinelle\"},\"image\":{\"@id\":\"https:\\\/\\\/lasentinelle.dz\\\/#\\\/schema\\\/logo\\\/image\\\/\"},\"sameAs\":[\"https:\\\/\\\/www.facebook.com\\\/La-Sentinelle-104059864394773\"]},{\"@type\":\"Person\",\"@id\":\"https:\\\/\\\/lasentinelle.dz\\\/#\\\/schema\\\/person\\\/729ee0024f24e0b8c5ec17232f8e8b41\",\"name\":\"admin\",\"image\":{\"@type\":\"ImageObject\",\"inLanguage\":\"fr-FR\",\"@id\":\"https:\\\/\\\/secure.gravatar.com\\\/avatar\\\/4c81fed838786e9b53f540bf46533e750f5d292099ae3b66cfc6fb1982e29df7?s=96&d=mm&r=g\",\"url\":\"https:\\\/\\\/secure.gravatar.com\\\/avatar\\\/4c81fed838786e9b53f540bf46533e750f5d292099ae3b66cfc6fb1982e29df7?s=96&d=mm&r=g\",\"contentUrl\":\"https:\\\/\\\/secure.gravatar.com\\\/avatar\\\/4c81fed838786e9b53f540bf46533e750f5d292099ae3b66cfc6fb1982e29df7?s=96&d=mm&r=g\",\"caption\":\"admin\"},\"description\":\"admin\",\"url\":\"https:\\\/\\\/lasentinelle.dz\\\/author\\\/admin\\\/\"}]}<\/script>\n<!-- \/ Yoast SEO plugin. -->","yoast_head_json":{"title":"Bilan des intemp\u00e9ries : Deux morts et de nombreux sauvetages - La Sentinelle","robots":{"index":"index","follow":"follow","max-snippet":"max-snippet:-1","max-image-preview":"max-image-preview:large","max-video-preview":"max-video-preview:-1"},"canonical":"https:\/\/lasentinelle.dz\/index.php\/2024\/09\/24\/bilan-des-intemperies-deux-morts-et-de-nombreux-sauvetages\/","og_locale":"fr_FR","og_type":"article","og_title":"Bilan des intemp\u00e9ries : Deux morts et de nombreux sauvetages - La Sentinelle","og_description":"De fortes pluies orageuses se sont abattues sur plusieurs wilayas du pays entra\u00eenant des crues soudaines, des inondations et de","og_url":"https:\/\/lasentinelle.dz\/index.php\/2024\/09\/24\/bilan-des-intemperies-deux-morts-et-de-nombreux-sauvetages\/","og_site_name":"La Sentinelle","article_publisher":"https:\/\/www.facebook.com\/La-Sentinelle-104059864394773","article_published_time":"2024-09-24T12:41:31+00:00","article_modified_time":"2024-09-24T12:41:32+00:00","og_image":[{"width":900,"height":675,"url":"https:\/\/lasentinelle.dz\/wp-content\/uploads\/2023\/09\/intemperies.webp","type":"image\/webp"}],"author":"admin","twitter_card":"summary_large_image","twitter_misc":{"\u00c9crit par":"admin","Dur\u00e9e de lecture estim\u00e9e":"3 minutes"},"schema":{"@context":"https:\/\/schema.org","@graph":[{"@type":"Article","@id":"https:\/\/lasentinelle.dz\/index.php\/2024\/09\/24\/bilan-des-intemperies-deux-morts-et-de-nombreux-sauvetages\/#article","isPartOf":{"@id":"https:\/\/lasentinelle.dz\/index.php\/2024\/09\/24\/bilan-des-intemperies-deux-morts-et-de-nombreux-sauvetages\/"},"author":{"name":"admin","@id":"https:\/\/lasentinelle.dz\/#\/schema\/person\/729ee0024f24e0b8c5ec17232f8e8b41"},"headline":"Bilan des intemp\u00e9ries : Deux morts et de nombreux sauvetages","datePublished":"2024-09-24T12:41:31+00:00","dateModified":"2024-09-24T12:41:32+00:00","mainEntityOfPage":{"@id":"https:\/\/lasentinelle.dz\/index.php\/2024\/09\/24\/bilan-des-intemperies-deux-morts-et-de-nombreux-sauvetages\/"},"wordCount":573,"commentCount":0,"publisher":{"@id":"https:\/\/lasentinelle.dz\/#organization"},"image":{"@id":"https:\/\/lasentinelle.dz\/index.php\/2024\/09\/24\/bilan-des-intemperies-deux-morts-et-de-nombreux-sauvetages\/#primaryimage"},"thumbnailUrl":"https:\/\/lasentinelle.dz\/wp-content\/uploads\/2023\/09\/intemperies.webp","articleSection":["Actualit\u00e9"],"inLanguage":"fr-FR","potentialAction":[{"@type":"CommentAction","name":"Comment","target":["https:\/\/lasentinelle.dz\/index.php\/2024\/09\/24\/bilan-des-intemperies-deux-morts-et-de-nombreux-sauvetages\/#respond"]}]},{"@type":"WebPage","@id":"https:\/\/lasentinelle.dz\/index.php\/2024\/09\/24\/bilan-des-intemperies-deux-morts-et-de-nombreux-sauvetages\/","url":"https:\/\/lasentinelle.dz\/index.php\/2024\/09\/24\/bilan-des-intemperies-deux-morts-et-de-nombreux-sauvetages\/","name":"Bilan des intemp\u00e9ries : Deux morts et de nombreux sauvetages - La Sentinelle","isPartOf":{"@id":"https:\/\/lasentinelle.dz\/#website"},"primaryImageOfPage":{"@id":"https:\/\/lasentinelle.dz\/index.php\/2024\/09\/24\/bilan-des-intemperies-deux-morts-et-de-nombreux-sauvetages\/#primaryimage"},"image":{"@id":"https:\/\/lasentinelle.dz\/index.php\/2024\/09\/24\/bilan-des-intemperies-deux-morts-et-de-nombreux-sauvetages\/#primaryimage"},"thumbnailUrl":"https:\/\/lasentinelle.dz\/wp-content\/uploads\/2023\/09\/intemperies.webp","datePublished":"2024-09-24T12:41:31+00:00","dateModified":"2024-09-24T12:41:32+00:00","breadcrumb":{"@id":"https:\/\/lasentinelle.dz\/index.php\/2024\/09\/24\/bilan-des-intemperies-deux-morts-et-de-nombreux-sauvetages\/#breadcrumb"},"inLanguage":"fr-FR","potentialAction":[{"@type":"ReadAction","target":["https:\/\/lasentinelle.dz\/index.php\/2024\/09\/24\/bilan-des-intemperies-deux-morts-et-de-nombreux-sauvetages\/"]}]},{"@type":"ImageObject","inLanguage":"fr-FR","@id":"https:\/\/lasentinelle.dz\/index.php\/2024\/09\/24\/bilan-des-intemperies-deux-morts-et-de-nombreux-sauvetages\/#primaryimage","url":"https:\/\/lasentinelle.dz\/wp-content\/uploads\/2023\/09\/intemperies.webp","contentUrl":"https:\/\/lasentinelle.dz\/wp-content\/uploads\/2023\/09\/intemperies.webp","width":900,"height":675},{"@type":"BreadcrumbList","@id":"https:\/\/lasentinelle.dz\/index.php\/2024\/09\/24\/bilan-des-intemperies-deux-morts-et-de-nombreux-sauvetages\/#breadcrumb","itemListElement":[{"@type":"ListItem","position":1,"name":"Accueil","item":"https:\/\/lasentinelle.dz\/"},{"@type":"ListItem","position":2,"name":"Bilan des intemp\u00e9ries : Deux morts et de nombreux sauvetages"}]},{"@type":"WebSite","@id":"https:\/\/lasentinelle.dz\/#website","url":"https:\/\/lasentinelle.dz\/","name":"La Sentinelle","description":"Quotidien national d&#039;information","publisher":{"@id":"https:\/\/lasentinelle.dz\/#organization"},"potentialAction":[{"@type":"SearchAction","target":{"@type":"EntryPoint","urlTemplate":"https:\/\/lasentinelle.dz\/?s={search_term_string}"},"query-input":{"@type":"PropertyValueSpecification","valueRequired":true,"valueName":"search_term_string"}}],"inLanguage":"fr-FR"},{"@type":"Organization","@id":"https:\/\/lasentinelle.dz\/#organization","name":"Quotidien La Sentinelle","url":"https:\/\/lasentinelle.dz\/","logo":{"@type":"ImageObject","inLanguage":"fr-FR","@id":"https:\/\/lasentinelle.dz\/#\/schema\/logo\/image\/","url":"https:\/\/lasentinelle.dz\/wp-content\/uploads\/2021\/09\/logo-sentinelleSLOGAN-1.png","contentUrl":"https:\/\/lasentinelle.dz\/wp-content\/uploads\/2021\/09\/logo-sentinelleSLOGAN-1.png","width":615,"height":142,"caption":"Quotidien La Sentinelle"},"image":{"@id":"https:\/\/lasentinelle.dz\/#\/schema\/logo\/image\/"},"sameAs":["https:\/\/www.facebook.com\/La-Sentinelle-104059864394773"]},{"@type":"Person","@id":"https:\/\/lasentinelle.dz\/#\/schema\/person\/729ee0024f24e0b8c5ec17232f8e8b41","name":"admin","image":{"@type":"ImageObject","inLanguage":"fr-FR","@id":"https:\/\/secure.gravatar.com\/avatar\/4c81fed838786e9b53f540bf46533e750f5d292099ae3b66cfc6fb1982e29df7?s=96&d=mm&r=g","url":"https:\/\/secure.gravatar.com\/avatar\/4c81fed838786e9b53f540bf46533e750f5d292099ae3b66cfc6fb1982e29df7?s=96&d=mm&r=g","contentUrl":"https:\/\/secure.gravatar.com\/avatar\/4c81fed838786e9b53f540bf46533e750f5d292099ae3b66cfc6fb1982e29df7?s=96&d=mm&r=g","caption":"admin"},"description":"admin","url":"https:\/\/lasentinelle.dz\/author\/admin\/"}]}},"_links":{"self":[{"href":"https:\/\/lasentinelle.dz\/index.php\/wp-json\/wp\/v2\/posts\/57373","targetHints":{"allow":["GET"]}}],"collection":[{"href":"https:\/\/lasentinelle.dz\/index.php\/wp-json\/wp\/v2\/posts"}],"about":[{"href":"https:\/\/lasentinelle.dz\/index.php\/wp-json\/wp\/v2\/types\/post"}],"author":[{"embeddable":true,"href":"https:\/\/lasentinelle.dz\/index.php\/wp-json\/wp\/v2\/users\/6"}],"replies":[{"embeddable":true,"href":"https:\/\/lasentinelle.dz\/index.php\/wp-json\/wp\/v2\/comments?post=57373"}],"version-history":[{"count":1,"href":"https:\/\/lasentinelle.dz\/index.php\/wp-json\/wp\/v2\/posts\/57373\/revisions"}],"predecessor-version":[{"id":57374,"href":"https:\/\/lasentinelle.dz\/index.php\/wp-json\/wp\/v2\/posts\/57373\/revisions\/57374"}],"wp:featuredmedia":[{"embeddable":true,"href":"https:\/\/lasentinelle.dz\/index.php\/wp-json\/wp\/v2\/media\/45207"}],"wp:attachment":[{"href":"https:\/\/lasentinelle.dz\/index.php\/wp-json\/wp\/v2\/media?parent=57373"}],"wp:term":[{"taxonomy":"category","embeddable":true,"href":"https:\/\/lasentinelle.dz\/index.php\/wp-json\/wp\/v2\/categories?post=57373"},{"taxonomy":"post_tag","embeddable":true,"href":"https:\/\/lasentinelle.dz\/index.php\/wp-json\/wp\/v2\/tags?post=57373"}],"curies":[{"name":"wp","href":"https:\/\/api.w.org\/{rel}","templated":true}]}}