{"id":57382,"date":"2024-09-24T13:46:16","date_gmt":"2024-09-24T12:46:16","guid":{"rendered":"https:\/\/lasentinelle.dz\/?p=57382"},"modified":"2024-09-24T13:46:16","modified_gmt":"2024-09-24T12:46:16","slug":"preservation-du-patrimoine-materiel-et-immateriel-le-comite-national-installe-aujourdhui","status":"publish","type":"post","link":"https:\/\/lasentinelle.dz\/index.php\/2024\/09\/24\/preservation-du-patrimoine-materiel-et-immateriel-le-comite-national-installe-aujourdhui\/","title":{"rendered":"Pr\u00e9servation du patrimoine mat\u00e9riel et immat\u00e9riel: Le Comit\u00e9 national install\u00e9 aujourd&rsquo;hui"},"content":{"rendered":"\n<p>La pr\u00e9servation du patrimoine culturel, \u00e9l\u00e9ment fondamental de l&rsquo;identit\u00e9 et de l&rsquo;histoire nationales, s&rsquo;affirme comme une priorit\u00e9 nationale. Cette volont\u00e9 se concr\u00e9tise notamment par la cr\u00e9ation d&rsquo;un Comit\u00e9 national pour la pr\u00e9servation du patrimoine mat\u00e9riel et immat\u00e9riel, annonc\u00e9e par la ministre de la Culture et des Arts, Soraya Mouloudji.<\/p>\n\n\n\n<p>Ce comit\u00e9, dont l&rsquo;installation est pr\u00e9vue pour aujourd&rsquo;hui, r\u00e9unira divers secteurs et organismes, a expliqu\u00e9 hier la ministre en marge de l&rsquo;ouverture de la session parlementaire 2024-2025 \u00e0 Alger. Sa mise en place s&rsquo;inscrit dans une strat\u00e9gie globale visant \u00e0 renforcer la protection et la valorisation du riche h\u00e9ritage culturel alg\u00e9rien. Parmi ses missions figurera la pr\u00e9paration des dossiers pour la mise \u00e0 jour de la liste du patrimoine culturel immat\u00e9riel alg\u00e9rien aupr\u00e8s de l&rsquo;UNESCO. Cette initiative s&rsquo;accompagne d&rsquo;une r\u00e9vision de la loi sur la protection du patrimoine culturel. Un atelier sp\u00e9cial a \u00e9t\u00e9 ouvert pour mettre \u00e0 jour la loi 98-04, afin de l&rsquo;adapter aux r\u00e9alit\u00e9s contemporaines et aux engagements internationaux de l&rsquo;Alg\u00e9rie. Le nouveau texte vise \u00e0 simplifier les proc\u00e9dures de classement, \u00e0 int\u00e9grer une dimension \u00e9conomique dans l&rsquo;exploitation du patrimoine, et \u00e0 renforcer la mise en \u0153uvre des conventions internationales ratifi\u00e9es par l&rsquo;Alg\u00e9rie. Madame Mouloudji a soulign\u00e9 la n\u00e9cessit\u00e9 pour ce nouveau texte de loi de r\u00e9pondre aux d\u00e9fis et enjeux actuels, de simplifier les proc\u00e9dures de classement du patrimoine culturel mat\u00e9riel et immat\u00e9riel, d&rsquo;int\u00e9grer une dimension \u00e9conomique dans l&rsquo;exploitation du patrimoine culturel, et de mettre en \u0153uvre les engagements internationaux de l&rsquo;Alg\u00e9rie en mati\u00e8re de sauvegarde et de protection du patrimoine culturel.<\/p>\n\n\n\n<p>Concr\u00e8tement, la strat\u00e9gie de pr\u00e9servation se traduit par plusieurs actions. Quatre nouvelles antennes de l&rsquo;Agence nationale des Secteurs sauvegard\u00e9s ont \u00e9t\u00e9 ouvertes cette ann\u00e9es, charg\u00e9es d&rsquo;\u00e9laborer des plans de pr\u00e9servation et de superviser les op\u00e9rations d&rsquo;am\u00e9nagement des sites arch\u00e9ologiques. De plus, les directions de la culture de chaque wilaya ont \u00e9t\u00e9 sollicit\u00e9es pour pr\u00e9parer au moins cinq dossiers de classement et de protection de nouveaux sites, \u00e9largissant ainsi le r\u00e9seau de sites prot\u00e9g\u00e9s.<\/p>\n\n\n\n<p>L&rsquo;inventaire national du patrimoine fait l&rsquo;objet d&rsquo;une attention particuli\u00e8re. Son renforcement et sa mise \u00e0 jour r\u00e9guli\u00e8re sont men\u00e9s en collaboration avec experts, chercheurs, acteurs de la soci\u00e9t\u00e9 civile et autorit\u00e9s locales. Cette approche inclusive garantit une d\u00e9marche scientifique dans la pr\u00e9paration des dossiers de classement.<\/p>\n\n\n\n<p>Au niveau international, l&rsquo;Alg\u00e9rie intensifie ses efforts pour faire reconna\u00eetre son patrimoine exceptionnel. Plusieurs biens culturels alg\u00e9riens ont d\u00e9j\u00e0 \u00e9t\u00e9 inscrits sur la Liste du patrimoine mondial de l&rsquo;UNESCO, dont la Casbah d&rsquo;Alger, le Tassili n&rsquo;Ajjer et la Vall\u00e9e du M&rsquo;Zab. En 2024, l&rsquo;Alg\u00e9rie compte onze \u00e9l\u00e9ments immat\u00e9riels sur les listes du patrimoine culturel mondial de l&rsquo;UNESCO et ambitionne d&rsquo;en inscrire davantage. Un dossier pour la classification de la tenue traditionnelle de l&rsquo;Est alg\u00e9rien a \u00e9t\u00e9 d\u00e9pos\u00e9 en mars 2023, et le dossier arabe commun relatif au henn\u00e9 sera examin\u00e9 en d\u00e9cembre 2024, alors que le minist\u00e8re de la Culture a annonc\u00e9 la pr\u00e9sentation d&rsquo;un dossier pour le classement du Zellige.<\/p>\n\n\n\n<p>La Commission nationale des biens culturels joue un r\u00f4le crucial dans ce processus. Elle a r\u00e9cemment examin\u00e9 11 propositions de classement de monuments culturels et historiques, incluant des sites comme le \u00ab Kasr Draa \u00bb \u00e0 Timimoune, la \u00ab Mosqu\u00e9e et Zaouia de Sidi Yakoub \u00bb \u00e0 Ain Temouchent, et \u00ab Dar El Khaznaji \u00bb \u00e0 Alger. Des sites arch\u00e9ologiques majeurs, tels que \u00ab Tanezrouft \u00bb dans la wilaya d&rsquo;Illizi et la station de gravures rupestres de Taghit \u00e0 B\u00e9char, ont \u00e9galement \u00e9t\u00e9 propos\u00e9s au classement.<\/p>\n\n\n\n<p>La cr\u00e9ation de secteurs sauvegard\u00e9s, comme celui du \u00ab Ksar El-Boukhari \u00bb dans la wilaya de M\u00e9d\u00e9a, illustre la volont\u00e9 de prot\u00e9ger des ensembles urbains historiques dans leur int\u00e9gralit\u00e9. Ces initiatives de classement et de protection s&rsquo;inscrivent dans une vision \u00e0 long terme, visant non seulement \u00e0 pr\u00e9server l&rsquo;h\u00e9ritage culturel pour les g\u00e9n\u00e9rations futures, mais aussi \u00e0 en faire un vecteur de d\u00e9veloppement \u00e9conomique et touristique durable. En somme, la cr\u00e9ation du Comit\u00e9 National pour la Pr\u00e9servation du Patrimoine Mat\u00e9riel et Immat\u00e9riel marque une \u00e9tape importante dans la strat\u00e9gie nationale de protection du patrimoine. Elle t\u00e9moigne d&rsquo;une approche globale et ambitieuse, alliant pr\u00e9servation, valorisation et rayonnement international du riche h\u00e9ritage culturel alg\u00e9rien.<\/p>\n\n\n\n<p>Mohamed Seghir<\/p>\n","protected":false},"excerpt":{"rendered":"<p>La pr\u00e9servation du patrimoine culturel, \u00e9l\u00e9ment fondamental de l&rsquo;identit\u00e9 et de l&rsquo;histoire nationales, s&rsquo;affirme comme une priorit\u00e9 nationale. Cette volont\u00e9<\/p>\n","protected":false},"author":6,"featured_media":57383,"comment_status":"open","ping_status":"closed","sticky":false,"template":"","format":"standard","meta":{"colormag_page_container_layout":"default_layout","colormag_page_sidebar_layout":"default_layout","om_disable_all_campaigns":false,"_monsterinsights_skip_tracking":false,"_monsterinsights_sitenote_active":false,"_monsterinsights_sitenote_note":"","_monsterinsights_sitenote_category":0,"footnotes":"","_wpscppro_dont_share_socialmedia":false,"_wpscppro_custom_social_share_image":0,"_facebook_share_type":"default","_twitter_share_type":"default","_linkedin_share_type":"default","_pinterest_share_type":"default","_linkedin_share_type_page":"","_instagram_share_type":"default","_medium_share_type":"","_threads_share_type":"","_google_business_share_type":"","_selected_social_profile":[],"_wpsp_enable_custom_social_template":false,"_wpsp_social_scheduling":{"enabled":false,"datetime":null,"platforms":[],"status":"template_only","dateOption":"today","timeOption":"now","customDays":"","customHours":"","customDate":"","customTime":"","schedulingType":"absolute"},"_wpsp_active_default_template":true},"categories":[36],"tags":[],"class_list":["post-57382","post","type-post","status-publish","format-standard","has-post-thumbnail","hentry","category-culture"],"aioseo_notices":[],"yoast_head":"<!-- This site is optimized with the Yoast SEO plugin v27.5 - https:\/\/yoast.com\/product\/yoast-seo-wordpress\/ -->\n<title>Pr\u00e9servation du patrimoine mat\u00e9riel et immat\u00e9riel: Le Comit\u00e9 national install\u00e9 aujourd&rsquo;hui - La Sentinelle<\/title>\n<meta name=\"robots\" content=\"index, follow, max-snippet:-1, max-image-preview:large, max-video-preview:-1\" \/>\n<link rel=\"canonical\" href=\"https:\/\/lasentinelle.dz\/index.php\/2024\/09\/24\/preservation-du-patrimoine-materiel-et-immateriel-le-comite-national-installe-aujourdhui\/\" \/>\n<meta property=\"og:locale\" content=\"fr_FR\" \/>\n<meta property=\"og:type\" content=\"article\" \/>\n<meta property=\"og:title\" content=\"Pr\u00e9servation du patrimoine mat\u00e9riel et immat\u00e9riel: Le Comit\u00e9 national install\u00e9 aujourd&rsquo;hui - La Sentinelle\" \/>\n<meta property=\"og:description\" content=\"La pr\u00e9servation du patrimoine culturel, \u00e9l\u00e9ment fondamental de l&rsquo;identit\u00e9 et de l&rsquo;histoire nationales, s&rsquo;affirme comme une priorit\u00e9 nationale. Cette volont\u00e9\" \/>\n<meta property=\"og:url\" content=\"https:\/\/lasentinelle.dz\/index.php\/2024\/09\/24\/preservation-du-patrimoine-materiel-et-immateriel-le-comite-national-installe-aujourdhui\/\" \/>\n<meta property=\"og:site_name\" content=\"La Sentinelle\" \/>\n<meta property=\"article:publisher\" content=\"https:\/\/www.facebook.com\/La-Sentinelle-104059864394773\" \/>\n<meta property=\"article:published_time\" content=\"2024-09-24T12:46:16+00:00\" \/>\n<meta property=\"og:image\" content=\"https:\/\/lasentinelle.dz\/wp-content\/uploads\/2024\/09\/Mouloudji.jpg\" \/>\n\t<meta property=\"og:image:width\" content=\"2048\" \/>\n\t<meta property=\"og:image:height\" content=\"1328\" \/>\n\t<meta property=\"og:image:type\" content=\"image\/jpeg\" \/>\n<meta name=\"author\" content=\"admin\" \/>\n<meta name=\"twitter:card\" content=\"summary_large_image\" \/>\n<meta name=\"twitter:label1\" content=\"\u00c9crit par\" \/>\n\t<meta name=\"twitter:data1\" content=\"admin\" \/>\n\t<meta name=\"twitter:label2\" content=\"Dur\u00e9e de lecture estim\u00e9e\" \/>\n\t<meta name=\"twitter:data2\" content=\"4 minutes\" \/>\n<script type=\"application\/ld+json\" class=\"yoast-schema-graph\">{\"@context\":\"https:\\\/\\\/schema.org\",\"@graph\":[{\"@type\":\"Article\",\"@id\":\"https:\\\/\\\/lasentinelle.dz\\\/index.php\\\/2024\\\/09\\\/24\\\/preservation-du-patrimoine-materiel-et-immateriel-le-comite-national-installe-aujourdhui\\\/#article\",\"isPartOf\":{\"@id\":\"https:\\\/\\\/lasentinelle.dz\\\/index.php\\\/2024\\\/09\\\/24\\\/preservation-du-patrimoine-materiel-et-immateriel-le-comite-national-installe-aujourdhui\\\/\"},\"author\":{\"name\":\"admin\",\"@id\":\"https:\\\/\\\/lasentinelle.dz\\\/#\\\/schema\\\/person\\\/729ee0024f24e0b8c5ec17232f8e8b41\"},\"headline\":\"Pr\u00e9servation du patrimoine mat\u00e9riel et immat\u00e9riel: Le Comit\u00e9 national install\u00e9 aujourd&rsquo;hui\",\"datePublished\":\"2024-09-24T12:46:16+00:00\",\"mainEntityOfPage\":{\"@id\":\"https:\\\/\\\/lasentinelle.dz\\\/index.php\\\/2024\\\/09\\\/24\\\/preservation-du-patrimoine-materiel-et-immateriel-le-comite-national-installe-aujourdhui\\\/\"},\"wordCount\":807,\"commentCount\":0,\"publisher\":{\"@id\":\"https:\\\/\\\/lasentinelle.dz\\\/#organization\"},\"image\":{\"@id\":\"https:\\\/\\\/lasentinelle.dz\\\/index.php\\\/2024\\\/09\\\/24\\\/preservation-du-patrimoine-materiel-et-immateriel-le-comite-national-installe-aujourdhui\\\/#primaryimage\"},\"thumbnailUrl\":\"https:\\\/\\\/lasentinelle.dz\\\/wp-content\\\/uploads\\\/2024\\\/09\\\/Mouloudji.jpg\",\"articleSection\":[\"Culture\"],\"inLanguage\":\"fr-FR\",\"potentialAction\":[{\"@type\":\"CommentAction\",\"name\":\"Comment\",\"target\":[\"https:\\\/\\\/lasentinelle.dz\\\/index.php\\\/2024\\\/09\\\/24\\\/preservation-du-patrimoine-materiel-et-immateriel-le-comite-national-installe-aujourdhui\\\/#respond\"]}]},{\"@type\":\"WebPage\",\"@id\":\"https:\\\/\\\/lasentinelle.dz\\\/index.php\\\/2024\\\/09\\\/24\\\/preservation-du-patrimoine-materiel-et-immateriel-le-comite-national-installe-aujourdhui\\\/\",\"url\":\"https:\\\/\\\/lasentinelle.dz\\\/index.php\\\/2024\\\/09\\\/24\\\/preservation-du-patrimoine-materiel-et-immateriel-le-comite-national-installe-aujourdhui\\\/\",\"name\":\"Pr\u00e9servation du patrimoine mat\u00e9riel et immat\u00e9riel: Le Comit\u00e9 national install\u00e9 aujourd&rsquo;hui - La Sentinelle\",\"isPartOf\":{\"@id\":\"https:\\\/\\\/lasentinelle.dz\\\/#website\"},\"primaryImageOfPage\":{\"@id\":\"https:\\\/\\\/lasentinelle.dz\\\/index.php\\\/2024\\\/09\\\/24\\\/preservation-du-patrimoine-materiel-et-immateriel-le-comite-national-installe-aujourdhui\\\/#primaryimage\"},\"image\":{\"@id\":\"https:\\\/\\\/lasentinelle.dz\\\/index.php\\\/2024\\\/09\\\/24\\\/preservation-du-patrimoine-materiel-et-immateriel-le-comite-national-installe-aujourdhui\\\/#primaryimage\"},\"thumbnailUrl\":\"https:\\\/\\\/lasentinelle.dz\\\/wp-content\\\/uploads\\\/2024\\\/09\\\/Mouloudji.jpg\",\"datePublished\":\"2024-09-24T12:46:16+00:00\",\"breadcrumb\":{\"@id\":\"https:\\\/\\\/lasentinelle.dz\\\/index.php\\\/2024\\\/09\\\/24\\\/preservation-du-patrimoine-materiel-et-immateriel-le-comite-national-installe-aujourdhui\\\/#breadcrumb\"},\"inLanguage\":\"fr-FR\",\"potentialAction\":[{\"@type\":\"ReadAction\",\"target\":[\"https:\\\/\\\/lasentinelle.dz\\\/index.php\\\/2024\\\/09\\\/24\\\/preservation-du-patrimoine-materiel-et-immateriel-le-comite-national-installe-aujourdhui\\\/\"]}]},{\"@type\":\"ImageObject\",\"inLanguage\":\"fr-FR\",\"@id\":\"https:\\\/\\\/lasentinelle.dz\\\/index.php\\\/2024\\\/09\\\/24\\\/preservation-du-patrimoine-materiel-et-immateriel-le-comite-national-installe-aujourdhui\\\/#primaryimage\",\"url\":\"https:\\\/\\\/lasentinelle.dz\\\/wp-content\\\/uploads\\\/2024\\\/09\\\/Mouloudji.jpg\",\"contentUrl\":\"https:\\\/\\\/lasentinelle.dz\\\/wp-content\\\/uploads\\\/2024\\\/09\\\/Mouloudji.jpg\",\"width\":2048,\"height\":1328},{\"@type\":\"BreadcrumbList\",\"@id\":\"https:\\\/\\\/lasentinelle.dz\\\/index.php\\\/2024\\\/09\\\/24\\\/preservation-du-patrimoine-materiel-et-immateriel-le-comite-national-installe-aujourdhui\\\/#breadcrumb\",\"itemListElement\":[{\"@type\":\"ListItem\",\"position\":1,\"name\":\"Accueil\",\"item\":\"https:\\\/\\\/lasentinelle.dz\\\/\"},{\"@type\":\"ListItem\",\"position\":2,\"name\":\"Pr\u00e9servation du patrimoine mat\u00e9riel et immat\u00e9riel: Le Comit\u00e9 national install\u00e9 aujourd&rsquo;hui\"}]},{\"@type\":\"WebSite\",\"@id\":\"https:\\\/\\\/lasentinelle.dz\\\/#website\",\"url\":\"https:\\\/\\\/lasentinelle.dz\\\/\",\"name\":\"La Sentinelle\",\"description\":\"Quotidien national d&#039;information\",\"publisher\":{\"@id\":\"https:\\\/\\\/lasentinelle.dz\\\/#organization\"},\"potentialAction\":[{\"@type\":\"SearchAction\",\"target\":{\"@type\":\"EntryPoint\",\"urlTemplate\":\"https:\\\/\\\/lasentinelle.dz\\\/?s={search_term_string}\"},\"query-input\":{\"@type\":\"PropertyValueSpecification\",\"valueRequired\":true,\"valueName\":\"search_term_string\"}}],\"inLanguage\":\"fr-FR\"},{\"@type\":\"Organization\",\"@id\":\"https:\\\/\\\/lasentinelle.dz\\\/#organization\",\"name\":\"Quotidien La Sentinelle\",\"url\":\"https:\\\/\\\/lasentinelle.dz\\\/\",\"logo\":{\"@type\":\"ImageObject\",\"inLanguage\":\"fr-FR\",\"@id\":\"https:\\\/\\\/lasentinelle.dz\\\/#\\\/schema\\\/logo\\\/image\\\/\",\"url\":\"https:\\\/\\\/lasentinelle.dz\\\/wp-content\\\/uploads\\\/2021\\\/09\\\/logo-sentinelleSLOGAN-1.png\",\"contentUrl\":\"https:\\\/\\\/lasentinelle.dz\\\/wp-content\\\/uploads\\\/2021\\\/09\\\/logo-sentinelleSLOGAN-1.png\",\"width\":615,\"height\":142,\"caption\":\"Quotidien La Sentinelle\"},\"image\":{\"@id\":\"https:\\\/\\\/lasentinelle.dz\\\/#\\\/schema\\\/logo\\\/image\\\/\"},\"sameAs\":[\"https:\\\/\\\/www.facebook.com\\\/La-Sentinelle-104059864394773\"]},{\"@type\":\"Person\",\"@id\":\"https:\\\/\\\/lasentinelle.dz\\\/#\\\/schema\\\/person\\\/729ee0024f24e0b8c5ec17232f8e8b41\",\"name\":\"admin\",\"image\":{\"@type\":\"ImageObject\",\"inLanguage\":\"fr-FR\",\"@id\":\"https:\\\/\\\/secure.gravatar.com\\\/avatar\\\/4c81fed838786e9b53f540bf46533e750f5d292099ae3b66cfc6fb1982e29df7?s=96&d=mm&r=g\",\"url\":\"https:\\\/\\\/secure.gravatar.com\\\/avatar\\\/4c81fed838786e9b53f540bf46533e750f5d292099ae3b66cfc6fb1982e29df7?s=96&d=mm&r=g\",\"contentUrl\":\"https:\\\/\\\/secure.gravatar.com\\\/avatar\\\/4c81fed838786e9b53f540bf46533e750f5d292099ae3b66cfc6fb1982e29df7?s=96&d=mm&r=g\",\"caption\":\"admin\"},\"description\":\"admin\",\"url\":\"https:\\\/\\\/lasentinelle.dz\\\/author\\\/admin\\\/\"}]}<\/script>\n<!-- \/ Yoast SEO plugin. -->","yoast_head_json":{"title":"Pr\u00e9servation du patrimoine mat\u00e9riel et immat\u00e9riel: Le Comit\u00e9 national install\u00e9 aujourd&rsquo;hui - La Sentinelle","robots":{"index":"index","follow":"follow","max-snippet":"max-snippet:-1","max-image-preview":"max-image-preview:large","max-video-preview":"max-video-preview:-1"},"canonical":"https:\/\/lasentinelle.dz\/index.php\/2024\/09\/24\/preservation-du-patrimoine-materiel-et-immateriel-le-comite-national-installe-aujourdhui\/","og_locale":"fr_FR","og_type":"article","og_title":"Pr\u00e9servation du patrimoine mat\u00e9riel et immat\u00e9riel: Le Comit\u00e9 national install\u00e9 aujourd&rsquo;hui - La Sentinelle","og_description":"La pr\u00e9servation du patrimoine culturel, \u00e9l\u00e9ment fondamental de l&rsquo;identit\u00e9 et de l&rsquo;histoire nationales, s&rsquo;affirme comme une priorit\u00e9 nationale. Cette volont\u00e9","og_url":"https:\/\/lasentinelle.dz\/index.php\/2024\/09\/24\/preservation-du-patrimoine-materiel-et-immateriel-le-comite-national-installe-aujourdhui\/","og_site_name":"La Sentinelle","article_publisher":"https:\/\/www.facebook.com\/La-Sentinelle-104059864394773","article_published_time":"2024-09-24T12:46:16+00:00","og_image":[{"width":2048,"height":1328,"url":"https:\/\/lasentinelle.dz\/wp-content\/uploads\/2024\/09\/Mouloudji.jpg","type":"image\/jpeg"}],"author":"admin","twitter_card":"summary_large_image","twitter_misc":{"\u00c9crit par":"admin","Dur\u00e9e de lecture estim\u00e9e":"4 minutes"},"schema":{"@context":"https:\/\/schema.org","@graph":[{"@type":"Article","@id":"https:\/\/lasentinelle.dz\/index.php\/2024\/09\/24\/preservation-du-patrimoine-materiel-et-immateriel-le-comite-national-installe-aujourdhui\/#article","isPartOf":{"@id":"https:\/\/lasentinelle.dz\/index.php\/2024\/09\/24\/preservation-du-patrimoine-materiel-et-immateriel-le-comite-national-installe-aujourdhui\/"},"author":{"name":"admin","@id":"https:\/\/lasentinelle.dz\/#\/schema\/person\/729ee0024f24e0b8c5ec17232f8e8b41"},"headline":"Pr\u00e9servation du patrimoine mat\u00e9riel et immat\u00e9riel: Le Comit\u00e9 national install\u00e9 aujourd&rsquo;hui","datePublished":"2024-09-24T12:46:16+00:00","mainEntityOfPage":{"@id":"https:\/\/lasentinelle.dz\/index.php\/2024\/09\/24\/preservation-du-patrimoine-materiel-et-immateriel-le-comite-national-installe-aujourdhui\/"},"wordCount":807,"commentCount":0,"publisher":{"@id":"https:\/\/lasentinelle.dz\/#organization"},"image":{"@id":"https:\/\/lasentinelle.dz\/index.php\/2024\/09\/24\/preservation-du-patrimoine-materiel-et-immateriel-le-comite-national-installe-aujourdhui\/#primaryimage"},"thumbnailUrl":"https:\/\/lasentinelle.dz\/wp-content\/uploads\/2024\/09\/Mouloudji.jpg","articleSection":["Culture"],"inLanguage":"fr-FR","potentialAction":[{"@type":"CommentAction","name":"Comment","target":["https:\/\/lasentinelle.dz\/index.php\/2024\/09\/24\/preservation-du-patrimoine-materiel-et-immateriel-le-comite-national-installe-aujourdhui\/#respond"]}]},{"@type":"WebPage","@id":"https:\/\/lasentinelle.dz\/index.php\/2024\/09\/24\/preservation-du-patrimoine-materiel-et-immateriel-le-comite-national-installe-aujourdhui\/","url":"https:\/\/lasentinelle.dz\/index.php\/2024\/09\/24\/preservation-du-patrimoine-materiel-et-immateriel-le-comite-national-installe-aujourdhui\/","name":"Pr\u00e9servation du patrimoine mat\u00e9riel et immat\u00e9riel: Le Comit\u00e9 national install\u00e9 aujourd&rsquo;hui - La Sentinelle","isPartOf":{"@id":"https:\/\/lasentinelle.dz\/#website"},"primaryImageOfPage":{"@id":"https:\/\/lasentinelle.dz\/index.php\/2024\/09\/24\/preservation-du-patrimoine-materiel-et-immateriel-le-comite-national-installe-aujourdhui\/#primaryimage"},"image":{"@id":"https:\/\/lasentinelle.dz\/index.php\/2024\/09\/24\/preservation-du-patrimoine-materiel-et-immateriel-le-comite-national-installe-aujourdhui\/#primaryimage"},"thumbnailUrl":"https:\/\/lasentinelle.dz\/wp-content\/uploads\/2024\/09\/Mouloudji.jpg","datePublished":"2024-09-24T12:46:16+00:00","breadcrumb":{"@id":"https:\/\/lasentinelle.dz\/index.php\/2024\/09\/24\/preservation-du-patrimoine-materiel-et-immateriel-le-comite-national-installe-aujourdhui\/#breadcrumb"},"inLanguage":"fr-FR","potentialAction":[{"@type":"ReadAction","target":["https:\/\/lasentinelle.dz\/index.php\/2024\/09\/24\/preservation-du-patrimoine-materiel-et-immateriel-le-comite-national-installe-aujourdhui\/"]}]},{"@type":"ImageObject","inLanguage":"fr-FR","@id":"https:\/\/lasentinelle.dz\/index.php\/2024\/09\/24\/preservation-du-patrimoine-materiel-et-immateriel-le-comite-national-installe-aujourdhui\/#primaryimage","url":"https:\/\/lasentinelle.dz\/wp-content\/uploads\/2024\/09\/Mouloudji.jpg","contentUrl":"https:\/\/lasentinelle.dz\/wp-content\/uploads\/2024\/09\/Mouloudji.jpg","width":2048,"height":1328},{"@type":"BreadcrumbList","@id":"https:\/\/lasentinelle.dz\/index.php\/2024\/09\/24\/preservation-du-patrimoine-materiel-et-immateriel-le-comite-national-installe-aujourdhui\/#breadcrumb","itemListElement":[{"@type":"ListItem","position":1,"name":"Accueil","item":"https:\/\/lasentinelle.dz\/"},{"@type":"ListItem","position":2,"name":"Pr\u00e9servation du patrimoine mat\u00e9riel et immat\u00e9riel: Le Comit\u00e9 national install\u00e9 aujourd&rsquo;hui"}]},{"@type":"WebSite","@id":"https:\/\/lasentinelle.dz\/#website","url":"https:\/\/lasentinelle.dz\/","name":"La Sentinelle","description":"Quotidien national d&#039;information","publisher":{"@id":"https:\/\/lasentinelle.dz\/#organization"},"potentialAction":[{"@type":"SearchAction","target":{"@type":"EntryPoint","urlTemplate":"https:\/\/lasentinelle.dz\/?s={search_term_string}"},"query-input":{"@type":"PropertyValueSpecification","valueRequired":true,"valueName":"search_term_string"}}],"inLanguage":"fr-FR"},{"@type":"Organization","@id":"https:\/\/lasentinelle.dz\/#organization","name":"Quotidien La Sentinelle","url":"https:\/\/lasentinelle.dz\/","logo":{"@type":"ImageObject","inLanguage":"fr-FR","@id":"https:\/\/lasentinelle.dz\/#\/schema\/logo\/image\/","url":"https:\/\/lasentinelle.dz\/wp-content\/uploads\/2021\/09\/logo-sentinelleSLOGAN-1.png","contentUrl":"https:\/\/lasentinelle.dz\/wp-content\/uploads\/2021\/09\/logo-sentinelleSLOGAN-1.png","width":615,"height":142,"caption":"Quotidien La Sentinelle"},"image":{"@id":"https:\/\/lasentinelle.dz\/#\/schema\/logo\/image\/"},"sameAs":["https:\/\/www.facebook.com\/La-Sentinelle-104059864394773"]},{"@type":"Person","@id":"https:\/\/lasentinelle.dz\/#\/schema\/person\/729ee0024f24e0b8c5ec17232f8e8b41","name":"admin","image":{"@type":"ImageObject","inLanguage":"fr-FR","@id":"https:\/\/secure.gravatar.com\/avatar\/4c81fed838786e9b53f540bf46533e750f5d292099ae3b66cfc6fb1982e29df7?s=96&d=mm&r=g","url":"https:\/\/secure.gravatar.com\/avatar\/4c81fed838786e9b53f540bf46533e750f5d292099ae3b66cfc6fb1982e29df7?s=96&d=mm&r=g","contentUrl":"https:\/\/secure.gravatar.com\/avatar\/4c81fed838786e9b53f540bf46533e750f5d292099ae3b66cfc6fb1982e29df7?s=96&d=mm&r=g","caption":"admin"},"description":"admin","url":"https:\/\/lasentinelle.dz\/author\/admin\/"}]}},"_links":{"self":[{"href":"https:\/\/lasentinelle.dz\/index.php\/wp-json\/wp\/v2\/posts\/57382","targetHints":{"allow":["GET"]}}],"collection":[{"href":"https:\/\/lasentinelle.dz\/index.php\/wp-json\/wp\/v2\/posts"}],"about":[{"href":"https:\/\/lasentinelle.dz\/index.php\/wp-json\/wp\/v2\/types\/post"}],"author":[{"embeddable":true,"href":"https:\/\/lasentinelle.dz\/index.php\/wp-json\/wp\/v2\/users\/6"}],"replies":[{"embeddable":true,"href":"https:\/\/lasentinelle.dz\/index.php\/wp-json\/wp\/v2\/comments?post=57382"}],"version-history":[{"count":2,"href":"https:\/\/lasentinelle.dz\/index.php\/wp-json\/wp\/v2\/posts\/57382\/revisions"}],"predecessor-version":[{"id":57385,"href":"https:\/\/lasentinelle.dz\/index.php\/wp-json\/wp\/v2\/posts\/57382\/revisions\/57385"}],"wp:featuredmedia":[{"embeddable":true,"href":"https:\/\/lasentinelle.dz\/index.php\/wp-json\/wp\/v2\/media\/57383"}],"wp:attachment":[{"href":"https:\/\/lasentinelle.dz\/index.php\/wp-json\/wp\/v2\/media?parent=57382"}],"wp:term":[{"taxonomy":"category","embeddable":true,"href":"https:\/\/lasentinelle.dz\/index.php\/wp-json\/wp\/v2\/categories?post=57382"},{"taxonomy":"post_tag","embeddable":true,"href":"https:\/\/lasentinelle.dz\/index.php\/wp-json\/wp\/v2\/tags?post=57382"}],"curies":[{"name":"wp","href":"https:\/\/api.w.org\/{rel}","templated":true}]}}