{"id":57442,"date":"2024-09-25T13:59:58","date_gmt":"2024-09-25T12:59:58","guid":{"rendered":"https:\/\/lasentinelle.dz\/?p=57442"},"modified":"2024-09-25T13:59:58","modified_gmt":"2024-09-25T12:59:58","slug":"institut-technologique-de-la-peche-et-de-laquaculture-de-skikda-laquaculture-integre-le-programme-de-formation","status":"publish","type":"post","link":"https:\/\/lasentinelle.dz\/index.php\/2024\/09\/25\/institut-technologique-de-la-peche-et-de-laquaculture-de-skikda-laquaculture-integre-le-programme-de-formation\/","title":{"rendered":"Institut technologique de la p\u00eache et de l\u2019aquaculture de Skikda: L\u2019aquaculture int\u00e8gre le programme de formation"},"content":{"rendered":"\n<p>Le secteur de la formation et de l\u2019enseignement et de la formation professionnelle continue de renforcer son offre de formation, avec chaque ann\u00e9e, de nouvelles&nbsp;sp\u00e9cialit\u00e9s, proposant ainsi aux nouveaux stagiaires, un \u00e9ventail de choix&nbsp;compatibles avec les besoins de l&rsquo;\u00e9conomie nationale et les besoins exprim\u00e9s par les entreprises \u00e9conomiques en termes de main-d&rsquo;\u0153uvre qualifi\u00e9e.<\/p>\n\n\n\n<p>Dans cette optique, l\u2019Institut technologique de la p\u00eache et de l\u2019aquaculture (ITPA) de la wilaya de Skikda a diversifi\u00e9 les offres de son cycle de formation professionnelle, en introduisant une nouvelle fili\u00e8re sp\u00e9cialis\u00e9e en l\u2019aquaculture. L\u2019introduction de cette nouvelle sp\u00e9cialit\u00e9, vient r\u00e9pondre \u00e0 l\u2019engouement pour le secteur de la p\u00eache et des ressources halieutiques. Au cours des deux derni\u00e8res ann\u00e9es, il a \u00e9t\u00e9 constat\u00e9 et enregistr\u00e9 l\u2019entr\u00e9e en exploitation de plusieurs projets d\u2019investissement prometteurs en dans le domaine de l\u2019aquaculture. Une opportunit\u00e9 ouvrant des horizons aux jeunes d\u00e9sireux de s\u2019engager dans le d\u00e9veloppement de cette fili\u00e8re. Celle-ci n\u00e9cessitant une ma\u00eetrise et un savoir faire que seule la formation professionnelle est capable de d\u00e9velopper. Ainsi, les stagiaires dont le niveau d\u2019\u00e9ducation minimal est la troisi\u00e8me ann\u00e9e secondaire et dont l&rsquo;\u00e2ge est de 17 \u00e0 34 ans peuvent b\u00e9n\u00e9ficier d\u2019une formation en la mati\u00e8re. Cette frange de stagiaires pourra au bout d\u2019une formation de deux ans, obtenir un certificat de technicien sup\u00e9rieur en aquaculture. Un second niveau de formation est r\u00e9serv\u00e9 aux \u00e9l\u00e8ves \u00e2g\u00e9s au moins de 16 ans et ayant au minimum un niveau d\u2019instruction de deuxi\u00e8me ann\u00e9e du cycle secondaire. La m\u00eame dur\u00e9e de formation leur est r\u00e9serv\u00e9e, avec au bout un certificat d\u2019assistant technique en aquaculture. Les deux cat\u00e9gories de stagiaires suivront une formation pour un volume horaire de 675 heures, incluant la formation pratique. Par ailleurs, une bourse est offerte par le secteur de la p\u00eache et de l\u2019aquaculture, afin de garantir l\u2019accompagnement des \u00e9tudiants, d\u2019organiser des formations appliqu\u00e9es. Au-del\u00e0, un syst\u00e8me d&rsquo;h\u00e9bergement est assur\u00e9 par l\u2019ITPA aux jeunes des wilayas de l\u2019Est et du Sud-Est venant y \u00e9tudier. En outre, et afin d\u2019optimiser le cycle de formation pour cette nouvelle sp\u00e9cialit\u00e9 , la direction de la P\u00eache et des Produits halieutiques de la wilaya a, d\u2019ores et d\u00e9j\u00e0, commenc\u00e9 \u00e0 organiser une s\u00e9rie de sorties sur le terrain, \u00e0 la demande de certains investisseurs, pour le suivi et l\u2019encouragement des pisciculteurs, tout en les informant des incitations que l\u2019\u00c9tat a mis en place, notamment au profit des \u00e9leveurs de tilapias, en leur accordant notamment une subvention de cinquante dinars par kilogramme. Rappelons que pour cette, le secteur de la formation et de l\u2019enseignement professionnels, dont la rentr\u00e9e est pr\u00e9vue pour le 8 octobre prochain, a introduit de nouvelles sp\u00e9cialit\u00e9s dans plusieurs wilayas, selon les sp\u00e9cificit\u00e9s de chaque r\u00e9gion et les exigences de l&rsquo;\u00e9conomie nationale. Parmi ces nouvelles sp\u00e9cialit\u00e9s, on trouve notamment l&rsquo;intensification des semences de bl\u00e9 et de tournesol ainsi que la culture du safran (en mode de formation qualifiante de courte dur\u00e9e). Nombre de sp\u00e9cialit\u00e9s ont \u00e9galement \u00e9t\u00e9 introduites dans le programme de formation en vue d&rsquo;accompagner les projets de d\u00e9veloppement \u00e0 l&rsquo;instar de la sp\u00e9cialit\u00e9 de maintenance de la voie ferr\u00e9e et celle du domaine du dessalement de l&rsquo;eau de mer. Il faut noter que le secteur focalise, \u00e0 travers les offres de formation, sur les \u2018\u2019branches professionnelles prioritaires\u2019\u2019, dont l&rsquo;agriculture, l&rsquo;agroalimentaire, la num\u00e9risation, le b\u00e2timent et les travaux publics (BTP), l&rsquo;\u00e9lectricit\u00e9, la restauration, l&rsquo;h\u00f4tellerie et l&rsquo;artisanat, les ressources hydriques et l&rsquo;environnement, ainsi que les \u00e9nergies renouvelables, veille \u00e0 l&rsquo;adaptation des offres de formation aux besoins de l&rsquo;\u00e9conomie nationale, et au d\u00e9veloppement de l&rsquo;apprentissage et de la formation \u00e0 distance. \u00c0 cet effet, toutes les mesures ont \u00e9t\u00e9 prises par le d\u00e9partement de la formation et l\u2019enseignement professionnels afin d\u2019assurer au secteur la formation des sp\u00e9cialit\u00e9s compatibles avec les besoins de l&rsquo;\u00e9conomie nationale et les besoins exprim\u00e9s par les entreprises \u00e9conomiques en termes de main-d&rsquo;\u0153uvre qualifi\u00e9e.<\/p>\n\n\n\n<p><strong>Sofia Chahine<\/strong><\/p>\n","protected":false},"excerpt":{"rendered":"<p>Le secteur de la formation et de l\u2019enseignement et de la formation professionnelle continue de renforcer son offre de formation,<\/p>\n","protected":false},"author":6,"featured_media":57443,"comment_status":"open","ping_status":"closed","sticky":false,"template":"","format":"standard","meta":{"colormag_page_container_layout":"default_layout","colormag_page_sidebar_layout":"default_layout","om_disable_all_campaigns":false,"_monsterinsights_skip_tracking":false,"_monsterinsights_sitenote_active":false,"_monsterinsights_sitenote_note":"","_monsterinsights_sitenote_category":0,"footnotes":"","_wpscppro_dont_share_socialmedia":false,"_wpscppro_custom_social_share_image":0,"_facebook_share_type":"default","_twitter_share_type":"default","_linkedin_share_type":"default","_pinterest_share_type":"default","_linkedin_share_type_page":"","_instagram_share_type":"default","_medium_share_type":"","_threads_share_type":"","_google_business_share_type":"","_selected_social_profile":[],"_wpsp_enable_custom_social_template":false,"_wpsp_social_scheduling":{"enabled":false,"datetime":null,"platforms":[],"status":"template_only","dateOption":"today","timeOption":"now","customDays":"","customHours":"","customDate":"","customTime":"","schedulingType":"absolute"},"_wpsp_active_default_template":true},"categories":[31],"tags":[],"class_list":["post-57442","post","type-post","status-publish","format-standard","has-post-thumbnail","hentry","category-regions"],"aioseo_notices":[],"yoast_head":"<!-- This site is optimized with the Yoast SEO plugin v27.4 - https:\/\/yoast.com\/product\/yoast-seo-wordpress\/ -->\n<title>Institut technologique de la p\u00eache et de l\u2019aquaculture de Skikda: L\u2019aquaculture int\u00e8gre le programme de formation - La Sentinelle<\/title>\n<meta name=\"robots\" content=\"index, follow, max-snippet:-1, max-image-preview:large, max-video-preview:-1\" \/>\n<link rel=\"canonical\" href=\"https:\/\/lasentinelle.dz\/index.php\/2024\/09\/25\/institut-technologique-de-la-peche-et-de-laquaculture-de-skikda-laquaculture-integre-le-programme-de-formation\/\" \/>\n<meta property=\"og:locale\" content=\"fr_FR\" \/>\n<meta property=\"og:type\" content=\"article\" \/>\n<meta property=\"og:title\" content=\"Institut technologique de la p\u00eache et de l\u2019aquaculture de Skikda: L\u2019aquaculture int\u00e8gre le programme de formation - La Sentinelle\" \/>\n<meta property=\"og:description\" content=\"Le secteur de la formation et de l\u2019enseignement et de la formation professionnelle continue de renforcer son offre de formation,\" \/>\n<meta property=\"og:url\" content=\"https:\/\/lasentinelle.dz\/index.php\/2024\/09\/25\/institut-technologique-de-la-peche-et-de-laquaculture-de-skikda-laquaculture-integre-le-programme-de-formation\/\" \/>\n<meta property=\"og:site_name\" content=\"La Sentinelle\" \/>\n<meta property=\"article:publisher\" content=\"https:\/\/www.facebook.com\/La-Sentinelle-104059864394773\" \/>\n<meta property=\"article:published_time\" content=\"2024-09-25T12:59:58+00:00\" \/>\n<meta property=\"og:image\" content=\"https:\/\/lasentinelle.dz\/wp-content\/uploads\/2024\/09\/institut-skikda.jpg\" \/>\n\t<meta property=\"og:image:width\" content=\"2048\" \/>\n\t<meta property=\"og:image:height\" content=\"1536\" \/>\n\t<meta property=\"og:image:type\" content=\"image\/jpeg\" \/>\n<meta name=\"author\" content=\"admin\" \/>\n<meta name=\"twitter:card\" content=\"summary_large_image\" \/>\n<meta name=\"twitter:label1\" content=\"\u00c9crit par\" \/>\n\t<meta name=\"twitter:data1\" content=\"admin\" \/>\n\t<meta name=\"twitter:label2\" content=\"Dur\u00e9e de lecture estim\u00e9e\" \/>\n\t<meta name=\"twitter:data2\" content=\"4 minutes\" \/>\n<script type=\"application\/ld+json\" class=\"yoast-schema-graph\">{\"@context\":\"https:\\\/\\\/schema.org\",\"@graph\":[{\"@type\":\"Article\",\"@id\":\"https:\\\/\\\/lasentinelle.dz\\\/index.php\\\/2024\\\/09\\\/25\\\/institut-technologique-de-la-peche-et-de-laquaculture-de-skikda-laquaculture-integre-le-programme-de-formation\\\/#article\",\"isPartOf\":{\"@id\":\"https:\\\/\\\/lasentinelle.dz\\\/index.php\\\/2024\\\/09\\\/25\\\/institut-technologique-de-la-peche-et-de-laquaculture-de-skikda-laquaculture-integre-le-programme-de-formation\\\/\"},\"author\":{\"name\":\"admin\",\"@id\":\"https:\\\/\\\/lasentinelle.dz\\\/#\\\/schema\\\/person\\\/729ee0024f24e0b8c5ec17232f8e8b41\"},\"headline\":\"Institut technologique de la p\u00eache et de l\u2019aquaculture de Skikda: L\u2019aquaculture int\u00e8gre le programme de formation\",\"datePublished\":\"2024-09-25T12:59:58+00:00\",\"mainEntityOfPage\":{\"@id\":\"https:\\\/\\\/lasentinelle.dz\\\/index.php\\\/2024\\\/09\\\/25\\\/institut-technologique-de-la-peche-et-de-laquaculture-de-skikda-laquaculture-integre-le-programme-de-formation\\\/\"},\"wordCount\":761,\"commentCount\":0,\"publisher\":{\"@id\":\"https:\\\/\\\/lasentinelle.dz\\\/#organization\"},\"image\":{\"@id\":\"https:\\\/\\\/lasentinelle.dz\\\/index.php\\\/2024\\\/09\\\/25\\\/institut-technologique-de-la-peche-et-de-laquaculture-de-skikda-laquaculture-integre-le-programme-de-formation\\\/#primaryimage\"},\"thumbnailUrl\":\"https:\\\/\\\/lasentinelle.dz\\\/wp-content\\\/uploads\\\/2024\\\/09\\\/institut-skikda.jpg\",\"articleSection\":[\"R\u00e9gions\"],\"inLanguage\":\"fr-FR\",\"potentialAction\":[{\"@type\":\"CommentAction\",\"name\":\"Comment\",\"target\":[\"https:\\\/\\\/lasentinelle.dz\\\/index.php\\\/2024\\\/09\\\/25\\\/institut-technologique-de-la-peche-et-de-laquaculture-de-skikda-laquaculture-integre-le-programme-de-formation\\\/#respond\"]}]},{\"@type\":\"WebPage\",\"@id\":\"https:\\\/\\\/lasentinelle.dz\\\/index.php\\\/2024\\\/09\\\/25\\\/institut-technologique-de-la-peche-et-de-laquaculture-de-skikda-laquaculture-integre-le-programme-de-formation\\\/\",\"url\":\"https:\\\/\\\/lasentinelle.dz\\\/index.php\\\/2024\\\/09\\\/25\\\/institut-technologique-de-la-peche-et-de-laquaculture-de-skikda-laquaculture-integre-le-programme-de-formation\\\/\",\"name\":\"Institut technologique de la p\u00eache et de l\u2019aquaculture de Skikda: L\u2019aquaculture int\u00e8gre le programme de formation - La Sentinelle\",\"isPartOf\":{\"@id\":\"https:\\\/\\\/lasentinelle.dz\\\/#website\"},\"primaryImageOfPage\":{\"@id\":\"https:\\\/\\\/lasentinelle.dz\\\/index.php\\\/2024\\\/09\\\/25\\\/institut-technologique-de-la-peche-et-de-laquaculture-de-skikda-laquaculture-integre-le-programme-de-formation\\\/#primaryimage\"},\"image\":{\"@id\":\"https:\\\/\\\/lasentinelle.dz\\\/index.php\\\/2024\\\/09\\\/25\\\/institut-technologique-de-la-peche-et-de-laquaculture-de-skikda-laquaculture-integre-le-programme-de-formation\\\/#primaryimage\"},\"thumbnailUrl\":\"https:\\\/\\\/lasentinelle.dz\\\/wp-content\\\/uploads\\\/2024\\\/09\\\/institut-skikda.jpg\",\"datePublished\":\"2024-09-25T12:59:58+00:00\",\"breadcrumb\":{\"@id\":\"https:\\\/\\\/lasentinelle.dz\\\/index.php\\\/2024\\\/09\\\/25\\\/institut-technologique-de-la-peche-et-de-laquaculture-de-skikda-laquaculture-integre-le-programme-de-formation\\\/#breadcrumb\"},\"inLanguage\":\"fr-FR\",\"potentialAction\":[{\"@type\":\"ReadAction\",\"target\":[\"https:\\\/\\\/lasentinelle.dz\\\/index.php\\\/2024\\\/09\\\/25\\\/institut-technologique-de-la-peche-et-de-laquaculture-de-skikda-laquaculture-integre-le-programme-de-formation\\\/\"]}]},{\"@type\":\"ImageObject\",\"inLanguage\":\"fr-FR\",\"@id\":\"https:\\\/\\\/lasentinelle.dz\\\/index.php\\\/2024\\\/09\\\/25\\\/institut-technologique-de-la-peche-et-de-laquaculture-de-skikda-laquaculture-integre-le-programme-de-formation\\\/#primaryimage\",\"url\":\"https:\\\/\\\/lasentinelle.dz\\\/wp-content\\\/uploads\\\/2024\\\/09\\\/institut-skikda.jpg\",\"contentUrl\":\"https:\\\/\\\/lasentinelle.dz\\\/wp-content\\\/uploads\\\/2024\\\/09\\\/institut-skikda.jpg\",\"width\":2048,\"height\":1536},{\"@type\":\"BreadcrumbList\",\"@id\":\"https:\\\/\\\/lasentinelle.dz\\\/index.php\\\/2024\\\/09\\\/25\\\/institut-technologique-de-la-peche-et-de-laquaculture-de-skikda-laquaculture-integre-le-programme-de-formation\\\/#breadcrumb\",\"itemListElement\":[{\"@type\":\"ListItem\",\"position\":1,\"name\":\"Accueil\",\"item\":\"https:\\\/\\\/lasentinelle.dz\\\/\"},{\"@type\":\"ListItem\",\"position\":2,\"name\":\"Institut technologique de la p\u00eache et de l\u2019aquaculture de Skikda: L\u2019aquaculture int\u00e8gre le programme de formation\"}]},{\"@type\":\"WebSite\",\"@id\":\"https:\\\/\\\/lasentinelle.dz\\\/#website\",\"url\":\"https:\\\/\\\/lasentinelle.dz\\\/\",\"name\":\"La Sentinelle\",\"description\":\"Quotidien national d&#039;information\",\"publisher\":{\"@id\":\"https:\\\/\\\/lasentinelle.dz\\\/#organization\"},\"potentialAction\":[{\"@type\":\"SearchAction\",\"target\":{\"@type\":\"EntryPoint\",\"urlTemplate\":\"https:\\\/\\\/lasentinelle.dz\\\/?s={search_term_string}\"},\"query-input\":{\"@type\":\"PropertyValueSpecification\",\"valueRequired\":true,\"valueName\":\"search_term_string\"}}],\"inLanguage\":\"fr-FR\"},{\"@type\":\"Organization\",\"@id\":\"https:\\\/\\\/lasentinelle.dz\\\/#organization\",\"name\":\"Quotidien La Sentinelle\",\"url\":\"https:\\\/\\\/lasentinelle.dz\\\/\",\"logo\":{\"@type\":\"ImageObject\",\"inLanguage\":\"fr-FR\",\"@id\":\"https:\\\/\\\/lasentinelle.dz\\\/#\\\/schema\\\/logo\\\/image\\\/\",\"url\":\"https:\\\/\\\/lasentinelle.dz\\\/wp-content\\\/uploads\\\/2021\\\/09\\\/logo-sentinelleSLOGAN-1.png\",\"contentUrl\":\"https:\\\/\\\/lasentinelle.dz\\\/wp-content\\\/uploads\\\/2021\\\/09\\\/logo-sentinelleSLOGAN-1.png\",\"width\":615,\"height\":142,\"caption\":\"Quotidien La Sentinelle\"},\"image\":{\"@id\":\"https:\\\/\\\/lasentinelle.dz\\\/#\\\/schema\\\/logo\\\/image\\\/\"},\"sameAs\":[\"https:\\\/\\\/www.facebook.com\\\/La-Sentinelle-104059864394773\"]},{\"@type\":\"Person\",\"@id\":\"https:\\\/\\\/lasentinelle.dz\\\/#\\\/schema\\\/person\\\/729ee0024f24e0b8c5ec17232f8e8b41\",\"name\":\"admin\",\"image\":{\"@type\":\"ImageObject\",\"inLanguage\":\"fr-FR\",\"@id\":\"https:\\\/\\\/secure.gravatar.com\\\/avatar\\\/4c81fed838786e9b53f540bf46533e750f5d292099ae3b66cfc6fb1982e29df7?s=96&d=mm&r=g\",\"url\":\"https:\\\/\\\/secure.gravatar.com\\\/avatar\\\/4c81fed838786e9b53f540bf46533e750f5d292099ae3b66cfc6fb1982e29df7?s=96&d=mm&r=g\",\"contentUrl\":\"https:\\\/\\\/secure.gravatar.com\\\/avatar\\\/4c81fed838786e9b53f540bf46533e750f5d292099ae3b66cfc6fb1982e29df7?s=96&d=mm&r=g\",\"caption\":\"admin\"},\"description\":\"admin\",\"url\":\"https:\\\/\\\/lasentinelle.dz\\\/author\\\/admin\\\/\"}]}<\/script>\n<!-- \/ Yoast SEO plugin. -->","yoast_head_json":{"title":"Institut technologique de la p\u00eache et de l\u2019aquaculture de Skikda: L\u2019aquaculture int\u00e8gre le programme de formation - La Sentinelle","robots":{"index":"index","follow":"follow","max-snippet":"max-snippet:-1","max-image-preview":"max-image-preview:large","max-video-preview":"max-video-preview:-1"},"canonical":"https:\/\/lasentinelle.dz\/index.php\/2024\/09\/25\/institut-technologique-de-la-peche-et-de-laquaculture-de-skikda-laquaculture-integre-le-programme-de-formation\/","og_locale":"fr_FR","og_type":"article","og_title":"Institut technologique de la p\u00eache et de l\u2019aquaculture de Skikda: L\u2019aquaculture int\u00e8gre le programme de formation - La Sentinelle","og_description":"Le secteur de la formation et de l\u2019enseignement et de la formation professionnelle continue de renforcer son offre de formation,","og_url":"https:\/\/lasentinelle.dz\/index.php\/2024\/09\/25\/institut-technologique-de-la-peche-et-de-laquaculture-de-skikda-laquaculture-integre-le-programme-de-formation\/","og_site_name":"La Sentinelle","article_publisher":"https:\/\/www.facebook.com\/La-Sentinelle-104059864394773","article_published_time":"2024-09-25T12:59:58+00:00","og_image":[{"width":2048,"height":1536,"url":"https:\/\/lasentinelle.dz\/wp-content\/uploads\/2024\/09\/institut-skikda.jpg","type":"image\/jpeg"}],"author":"admin","twitter_card":"summary_large_image","twitter_misc":{"\u00c9crit par":"admin","Dur\u00e9e de lecture estim\u00e9e":"4 minutes"},"schema":{"@context":"https:\/\/schema.org","@graph":[{"@type":"Article","@id":"https:\/\/lasentinelle.dz\/index.php\/2024\/09\/25\/institut-technologique-de-la-peche-et-de-laquaculture-de-skikda-laquaculture-integre-le-programme-de-formation\/#article","isPartOf":{"@id":"https:\/\/lasentinelle.dz\/index.php\/2024\/09\/25\/institut-technologique-de-la-peche-et-de-laquaculture-de-skikda-laquaculture-integre-le-programme-de-formation\/"},"author":{"name":"admin","@id":"https:\/\/lasentinelle.dz\/#\/schema\/person\/729ee0024f24e0b8c5ec17232f8e8b41"},"headline":"Institut technologique de la p\u00eache et de l\u2019aquaculture de Skikda: L\u2019aquaculture int\u00e8gre le programme de formation","datePublished":"2024-09-25T12:59:58+00:00","mainEntityOfPage":{"@id":"https:\/\/lasentinelle.dz\/index.php\/2024\/09\/25\/institut-technologique-de-la-peche-et-de-laquaculture-de-skikda-laquaculture-integre-le-programme-de-formation\/"},"wordCount":761,"commentCount":0,"publisher":{"@id":"https:\/\/lasentinelle.dz\/#organization"},"image":{"@id":"https:\/\/lasentinelle.dz\/index.php\/2024\/09\/25\/institut-technologique-de-la-peche-et-de-laquaculture-de-skikda-laquaculture-integre-le-programme-de-formation\/#primaryimage"},"thumbnailUrl":"https:\/\/lasentinelle.dz\/wp-content\/uploads\/2024\/09\/institut-skikda.jpg","articleSection":["R\u00e9gions"],"inLanguage":"fr-FR","potentialAction":[{"@type":"CommentAction","name":"Comment","target":["https:\/\/lasentinelle.dz\/index.php\/2024\/09\/25\/institut-technologique-de-la-peche-et-de-laquaculture-de-skikda-laquaculture-integre-le-programme-de-formation\/#respond"]}]},{"@type":"WebPage","@id":"https:\/\/lasentinelle.dz\/index.php\/2024\/09\/25\/institut-technologique-de-la-peche-et-de-laquaculture-de-skikda-laquaculture-integre-le-programme-de-formation\/","url":"https:\/\/lasentinelle.dz\/index.php\/2024\/09\/25\/institut-technologique-de-la-peche-et-de-laquaculture-de-skikda-laquaculture-integre-le-programme-de-formation\/","name":"Institut technologique de la p\u00eache et de l\u2019aquaculture de Skikda: L\u2019aquaculture int\u00e8gre le programme de formation - La Sentinelle","isPartOf":{"@id":"https:\/\/lasentinelle.dz\/#website"},"primaryImageOfPage":{"@id":"https:\/\/lasentinelle.dz\/index.php\/2024\/09\/25\/institut-technologique-de-la-peche-et-de-laquaculture-de-skikda-laquaculture-integre-le-programme-de-formation\/#primaryimage"},"image":{"@id":"https:\/\/lasentinelle.dz\/index.php\/2024\/09\/25\/institut-technologique-de-la-peche-et-de-laquaculture-de-skikda-laquaculture-integre-le-programme-de-formation\/#primaryimage"},"thumbnailUrl":"https:\/\/lasentinelle.dz\/wp-content\/uploads\/2024\/09\/institut-skikda.jpg","datePublished":"2024-09-25T12:59:58+00:00","breadcrumb":{"@id":"https:\/\/lasentinelle.dz\/index.php\/2024\/09\/25\/institut-technologique-de-la-peche-et-de-laquaculture-de-skikda-laquaculture-integre-le-programme-de-formation\/#breadcrumb"},"inLanguage":"fr-FR","potentialAction":[{"@type":"ReadAction","target":["https:\/\/lasentinelle.dz\/index.php\/2024\/09\/25\/institut-technologique-de-la-peche-et-de-laquaculture-de-skikda-laquaculture-integre-le-programme-de-formation\/"]}]},{"@type":"ImageObject","inLanguage":"fr-FR","@id":"https:\/\/lasentinelle.dz\/index.php\/2024\/09\/25\/institut-technologique-de-la-peche-et-de-laquaculture-de-skikda-laquaculture-integre-le-programme-de-formation\/#primaryimage","url":"https:\/\/lasentinelle.dz\/wp-content\/uploads\/2024\/09\/institut-skikda.jpg","contentUrl":"https:\/\/lasentinelle.dz\/wp-content\/uploads\/2024\/09\/institut-skikda.jpg","width":2048,"height":1536},{"@type":"BreadcrumbList","@id":"https:\/\/lasentinelle.dz\/index.php\/2024\/09\/25\/institut-technologique-de-la-peche-et-de-laquaculture-de-skikda-laquaculture-integre-le-programme-de-formation\/#breadcrumb","itemListElement":[{"@type":"ListItem","position":1,"name":"Accueil","item":"https:\/\/lasentinelle.dz\/"},{"@type":"ListItem","position":2,"name":"Institut technologique de la p\u00eache et de l\u2019aquaculture de Skikda: L\u2019aquaculture int\u00e8gre le programme de formation"}]},{"@type":"WebSite","@id":"https:\/\/lasentinelle.dz\/#website","url":"https:\/\/lasentinelle.dz\/","name":"La Sentinelle","description":"Quotidien national d&#039;information","publisher":{"@id":"https:\/\/lasentinelle.dz\/#organization"},"potentialAction":[{"@type":"SearchAction","target":{"@type":"EntryPoint","urlTemplate":"https:\/\/lasentinelle.dz\/?s={search_term_string}"},"query-input":{"@type":"PropertyValueSpecification","valueRequired":true,"valueName":"search_term_string"}}],"inLanguage":"fr-FR"},{"@type":"Organization","@id":"https:\/\/lasentinelle.dz\/#organization","name":"Quotidien La Sentinelle","url":"https:\/\/lasentinelle.dz\/","logo":{"@type":"ImageObject","inLanguage":"fr-FR","@id":"https:\/\/lasentinelle.dz\/#\/schema\/logo\/image\/","url":"https:\/\/lasentinelle.dz\/wp-content\/uploads\/2021\/09\/logo-sentinelleSLOGAN-1.png","contentUrl":"https:\/\/lasentinelle.dz\/wp-content\/uploads\/2021\/09\/logo-sentinelleSLOGAN-1.png","width":615,"height":142,"caption":"Quotidien La Sentinelle"},"image":{"@id":"https:\/\/lasentinelle.dz\/#\/schema\/logo\/image\/"},"sameAs":["https:\/\/www.facebook.com\/La-Sentinelle-104059864394773"]},{"@type":"Person","@id":"https:\/\/lasentinelle.dz\/#\/schema\/person\/729ee0024f24e0b8c5ec17232f8e8b41","name":"admin","image":{"@type":"ImageObject","inLanguage":"fr-FR","@id":"https:\/\/secure.gravatar.com\/avatar\/4c81fed838786e9b53f540bf46533e750f5d292099ae3b66cfc6fb1982e29df7?s=96&d=mm&r=g","url":"https:\/\/secure.gravatar.com\/avatar\/4c81fed838786e9b53f540bf46533e750f5d292099ae3b66cfc6fb1982e29df7?s=96&d=mm&r=g","contentUrl":"https:\/\/secure.gravatar.com\/avatar\/4c81fed838786e9b53f540bf46533e750f5d292099ae3b66cfc6fb1982e29df7?s=96&d=mm&r=g","caption":"admin"},"description":"admin","url":"https:\/\/lasentinelle.dz\/author\/admin\/"}]}},"_links":{"self":[{"href":"https:\/\/lasentinelle.dz\/index.php\/wp-json\/wp\/v2\/posts\/57442","targetHints":{"allow":["GET"]}}],"collection":[{"href":"https:\/\/lasentinelle.dz\/index.php\/wp-json\/wp\/v2\/posts"}],"about":[{"href":"https:\/\/lasentinelle.dz\/index.php\/wp-json\/wp\/v2\/types\/post"}],"author":[{"embeddable":true,"href":"https:\/\/lasentinelle.dz\/index.php\/wp-json\/wp\/v2\/users\/6"}],"replies":[{"embeddable":true,"href":"https:\/\/lasentinelle.dz\/index.php\/wp-json\/wp\/v2\/comments?post=57442"}],"version-history":[{"count":1,"href":"https:\/\/lasentinelle.dz\/index.php\/wp-json\/wp\/v2\/posts\/57442\/revisions"}],"predecessor-version":[{"id":57444,"href":"https:\/\/lasentinelle.dz\/index.php\/wp-json\/wp\/v2\/posts\/57442\/revisions\/57444"}],"wp:featuredmedia":[{"embeddable":true,"href":"https:\/\/lasentinelle.dz\/index.php\/wp-json\/wp\/v2\/media\/57443"}],"wp:attachment":[{"href":"https:\/\/lasentinelle.dz\/index.php\/wp-json\/wp\/v2\/media?parent=57442"}],"wp:term":[{"taxonomy":"category","embeddable":true,"href":"https:\/\/lasentinelle.dz\/index.php\/wp-json\/wp\/v2\/categories?post=57442"},{"taxonomy":"post_tag","embeddable":true,"href":"https:\/\/lasentinelle.dz\/index.php\/wp-json\/wp\/v2\/tags?post=57442"}],"curies":[{"name":"wp","href":"https:\/\/api.w.org\/{rel}","templated":true}]}}