{"id":57453,"date":"2024-09-25T14:05:13","date_gmt":"2024-09-25T13:05:13","guid":{"rendered":"https:\/\/lasentinelle.dz\/?p=57453"},"modified":"2024-09-25T14:05:14","modified_gmt":"2024-09-25T13:05:14","slug":"ouverture-de-lannee-universitaire-2024-2025-luniversite-au-coeur-des-priorites","status":"publish","type":"post","link":"https:\/\/lasentinelle.dz\/index.php\/2024\/09\/25\/ouverture-de-lannee-universitaire-2024-2025-luniversite-au-coeur-des-priorites\/","title":{"rendered":"Ouverture de l&rsquo;ann\u00e9e universitaire 2024-2025 : L&rsquo;Universit\u00e9 au c\u0153ur des priorit\u00e9s"},"content":{"rendered":"\n<p>Le ministre de l&rsquo;Enseignement sup\u00e9rieur et de la Recherche scientifique, Kamel Baddari, a pr\u00e9sid\u00e9 hier l&rsquo;ouverture de l&rsquo;ann\u00e9e universitaire 2024-2025 \u00e0 l&rsquo;Ecole nationale sup\u00e9rieure de cybers\u00e9curit\u00e9, en pr\u00e9sence du conseiller du pr\u00e9sident de la R\u00e9publique charg\u00e9 de l&rsquo;\u00e9ducation, de l&rsquo;enseignement sup\u00e9rieur, de la formation professionnelle et de la culture, Mohamed Seghir Sa\u00e2daoui. Dans son allocution, M. Baddari a affirm\u00e9 que le pr\u00e9sident de la R\u00e9publique, M. Abdelmadjid Tebboune, \u00ab\u00a0place l&rsquo;Universit\u00e9 alg\u00e9rienne au centre de ses int\u00e9r\u00eats et des priorit\u00e9s de l&rsquo;action du gouvernement\u00a0\u00bb. Il a soulign\u00e9 que \u00ab\u00a0l&rsquo;Alg\u00e9rie victorieuse a besoin d&rsquo;un syst\u00e8me \u00e9ducatif universitaire solide\u00a0\u00bb et a mis en avant la poursuite des efforts visant \u00e0 atteindre un syst\u00e8me de qualit\u00e9 de l&rsquo;enseignement sup\u00e9rieur et de la recherche scientifique, \u00e0 travers le d\u00e9veloppement du r\u00e9seau des \u00e9coles nationales sup\u00e9rieures et la diversification des programmes de formation. Rappelant les \u00e9tapes historiques de l&rsquo;\u00e9volution de l&rsquo;Universit\u00e9, le ministre a mis en avant \u00ab\u00a0le r\u00f4le et la dimension strat\u00e9gique de l&rsquo;Universit\u00e9 alg\u00e9rienne aujourd&rsquo;hui en tant que levier de l&rsquo;\u00e9conomie nationale\u00a0\u00bb. Il a insist\u00e9 sur l&rsquo;importance de \u00ab\u00a0rapprocher l&rsquo;Universit\u00e9 de son environnement socio\u00e9conomique, et de former des dipl\u00f4m\u00e9s capables de cr\u00e9er des opportunit\u00e9s d&#8217;emploi et de contribuer efficacement au d\u00e9veloppement aux niveaux local et national\u00a0\u00bb, appelant la communaut\u00e9 universitaire \u00e0 \u00ab\u00a0conjuguer les efforts pour gagner les enjeux et hisser l&rsquo;universit\u00e9 alg\u00e9rienne au plus haut niveau\u00a0\u00bb.<\/p>\n\n\n\n<p><strong>Augmenter la qualit\u00e9 de l&rsquo;enseignement<\/strong><\/p>\n\n\n\n<p>Lundi soir, Baddari a soulign\u00e9, lors d&rsquo;une interview t\u00e9l\u00e9vis\u00e9e, que l&rsquo;ann\u00e9e universitaire 2024-2025 verra une am\u00e9lioration de la qualit\u00e9 de l&rsquo;enseignement sup\u00e9rieur pour promouvoir la place de l&rsquo;universit\u00e9 alg\u00e9rienne. Il a rappel\u00e9 les remerciements adress\u00e9s par le pr\u00e9sident de la R\u00e9publique aux cadres du secteur de l&rsquo;enseignement sup\u00e9rieur, enseignants et administrateurs, pour leur contribution \u00e0 la promotion de l&rsquo;universit\u00e9 alg\u00e9rienne au niveau r\u00e9gional et international. Cette nouvelle ann\u00e9e universitaire conna\u00eetra un renforcement du r\u00e9seau des \u00e9coles nationales sup\u00e9rieures, notamment avec l&rsquo;inauguration de l&rsquo;Ecole nationale de la cybers\u00e9curit\u00e9. Elle verra \u00e9galement la r\u00e9ception de 31 000 places p\u00e9dagogiques et de 12 000 lits, refl\u00e9tant l&rsquo;int\u00e9r\u00eat croissant port\u00e9 aux \u00e9tudiants, avec le renforcement du recrutement des enseignants universitaires et l&rsquo;augmentation de 60% du budget du secteur entre 2020 et 2024. Le ministre a soulign\u00e9 les efforts pour rapprocher l&rsquo;universit\u00e9 de son environnement \u00e9conomique, en cr\u00e9ant 117 incubateurs pour accompagner les porteurs d&rsquo;id\u00e9es innovantes et 107 centres de d\u00e9veloppement entrepreneurial, afin que chaque dipl\u00f4m\u00e9 ait l&rsquo;opportunit\u00e9 d&rsquo;\u00eatre un acteur sur le march\u00e9 et de contribuer au d\u00e9veloppement \u00e9conomique. Concernant l&rsquo;am\u00e9lioration de la visibilit\u00e9 de l&rsquo;universit\u00e9 alg\u00e9rienne, M. Baddari a indiqu\u00e9 que des milliers d&rsquo;\u00e9tudiants \u00e9trangers ont rejoint les universit\u00e9s alg\u00e9riennes cette ann\u00e9e, gr\u00e2ce au \u00ab\u00a0Label Study in Algeria\u00a0\u00bb, visant \u00e0 faire de l&rsquo;universit\u00e9 alg\u00e9rienne une destination de choix pour les \u00e9tudiants de diff\u00e9rents pays. Enfin, le ministre a \u00e9voqu\u00e9 le dossier de la num\u00e9risation du secteur, avec la cr\u00e9ation de 60 plateformes num\u00e9riques permettant aux \u00e9tudiants de s&rsquo;inscrire avec \u00ab\u00a0z\u00e9ro papier\u00a0\u00bb et la rationalisation des d\u00e9penses li\u00e9es aux inscriptions et aux \u0153uvres universitaires.<\/p>\n\n\n\n<p>Dans ce contexte, la communaut\u00e9 universitaire, syndicats et unions estudiantines, s&rsquo;est f\u00e9licit\u00e9e des orientations donn\u00e9es par le pr\u00e9sident de la R\u00e9publique pour la promotion du secteur, la pr\u00e9servation de sa stabilit\u00e9 et la modernisation des \u0153uvres universitaires, t\u00e9moignant de l&rsquo;int\u00e9r\u00eat constant accord\u00e9 \u00e0 l&rsquo;enseignement sup\u00e9rieur.<\/p>\n\n\n\n<p><strong>Chokri Hafed<\/strong><\/p>\n","protected":false},"excerpt":{"rendered":"<p>Le ministre de l&rsquo;Enseignement sup\u00e9rieur et de la Recherche scientifique, Kamel Baddari, a pr\u00e9sid\u00e9 hier l&rsquo;ouverture de l&rsquo;ann\u00e9e universitaire 2024-2025<\/p>\n","protected":false},"author":6,"featured_media":57454,"comment_status":"open","ping_status":"closed","sticky":false,"template":"","format":"standard","meta":{"colormag_page_container_layout":"default_layout","colormag_page_sidebar_layout":"default_layout","om_disable_all_campaigns":false,"_monsterinsights_skip_tracking":false,"_monsterinsights_sitenote_active":false,"_monsterinsights_sitenote_note":"","_monsterinsights_sitenote_category":0,"footnotes":"","_wpscppro_dont_share_socialmedia":false,"_wpscppro_custom_social_share_image":0,"_facebook_share_type":"default","_twitter_share_type":"default","_linkedin_share_type":"default","_pinterest_share_type":"default","_linkedin_share_type_page":"","_instagram_share_type":"default","_medium_share_type":"","_threads_share_type":"","_google_business_share_type":"","_selected_social_profile":[],"_wpsp_enable_custom_social_template":false,"_wpsp_social_scheduling":{"enabled":false,"datetime":null,"platforms":[],"status":"template_only","dateOption":"today","timeOption":"now","customDays":"","customHours":"","customDate":"","customTime":"","schedulingType":"absolute"},"_wpsp_active_default_template":true},"categories":[52,27],"tags":[],"class_list":["post-57453","post","type-post","status-publish","format-standard","has-post-thumbnail","hentry","category-a-la-une","category-actualite"],"aioseo_notices":[],"yoast_head":"<!-- This site is optimized with the Yoast SEO plugin v27.5 - https:\/\/yoast.com\/product\/yoast-seo-wordpress\/ -->\n<title>Ouverture de l&rsquo;ann\u00e9e universitaire 2024-2025 : L&rsquo;Universit\u00e9 au c\u0153ur des priorit\u00e9s - La Sentinelle<\/title>\n<meta name=\"robots\" content=\"index, follow, max-snippet:-1, max-image-preview:large, max-video-preview:-1\" \/>\n<link rel=\"canonical\" href=\"https:\/\/lasentinelle.dz\/index.php\/2024\/09\/25\/ouverture-de-lannee-universitaire-2024-2025-luniversite-au-coeur-des-priorites\/\" \/>\n<meta property=\"og:locale\" content=\"fr_FR\" \/>\n<meta property=\"og:type\" content=\"article\" \/>\n<meta property=\"og:title\" content=\"Ouverture de l&rsquo;ann\u00e9e universitaire 2024-2025 : L&rsquo;Universit\u00e9 au c\u0153ur des priorit\u00e9s - La Sentinelle\" \/>\n<meta property=\"og:description\" content=\"Le ministre de l&rsquo;Enseignement sup\u00e9rieur et de la Recherche scientifique, Kamel Baddari, a pr\u00e9sid\u00e9 hier l&rsquo;ouverture de l&rsquo;ann\u00e9e universitaire 2024-2025\" \/>\n<meta property=\"og:url\" content=\"https:\/\/lasentinelle.dz\/index.php\/2024\/09\/25\/ouverture-de-lannee-universitaire-2024-2025-luniversite-au-coeur-des-priorites\/\" \/>\n<meta property=\"og:site_name\" content=\"La Sentinelle\" \/>\n<meta property=\"article:publisher\" content=\"https:\/\/www.facebook.com\/La-Sentinelle-104059864394773\" \/>\n<meta property=\"article:published_time\" content=\"2024-09-25T13:05:13+00:00\" \/>\n<meta property=\"article:modified_time\" content=\"2024-09-25T13:05:14+00:00\" \/>\n<meta property=\"og:image\" content=\"https:\/\/lasentinelle.dz\/wp-content\/uploads\/2024\/09\/baddari.jpg\" \/>\n\t<meta property=\"og:image:width\" content=\"1754\" \/>\n\t<meta property=\"og:image:height\" content=\"1215\" \/>\n\t<meta property=\"og:image:type\" content=\"image\/jpeg\" \/>\n<meta name=\"author\" content=\"admin\" \/>\n<meta name=\"twitter:card\" content=\"summary_large_image\" \/>\n<meta name=\"twitter:label1\" content=\"\u00c9crit par\" \/>\n\t<meta name=\"twitter:data1\" content=\"admin\" \/>\n\t<meta name=\"twitter:label2\" content=\"Dur\u00e9e de lecture estim\u00e9e\" \/>\n\t<meta name=\"twitter:data2\" content=\"3 minutes\" \/>\n<script type=\"application\/ld+json\" class=\"yoast-schema-graph\">{\"@context\":\"https:\\\/\\\/schema.org\",\"@graph\":[{\"@type\":\"Article\",\"@id\":\"https:\\\/\\\/lasentinelle.dz\\\/index.php\\\/2024\\\/09\\\/25\\\/ouverture-de-lannee-universitaire-2024-2025-luniversite-au-coeur-des-priorites\\\/#article\",\"isPartOf\":{\"@id\":\"https:\\\/\\\/lasentinelle.dz\\\/index.php\\\/2024\\\/09\\\/25\\\/ouverture-de-lannee-universitaire-2024-2025-luniversite-au-coeur-des-priorites\\\/\"},\"author\":{\"name\":\"admin\",\"@id\":\"https:\\\/\\\/lasentinelle.dz\\\/#\\\/schema\\\/person\\\/729ee0024f24e0b8c5ec17232f8e8b41\"},\"headline\":\"Ouverture de l&rsquo;ann\u00e9e universitaire 2024-2025 : L&rsquo;Universit\u00e9 au c\u0153ur des priorit\u00e9s\",\"datePublished\":\"2024-09-25T13:05:13+00:00\",\"dateModified\":\"2024-09-25T13:05:14+00:00\",\"mainEntityOfPage\":{\"@id\":\"https:\\\/\\\/lasentinelle.dz\\\/index.php\\\/2024\\\/09\\\/25\\\/ouverture-de-lannee-universitaire-2024-2025-luniversite-au-coeur-des-priorites\\\/\"},\"wordCount\":662,\"commentCount\":0,\"publisher\":{\"@id\":\"https:\\\/\\\/lasentinelle.dz\\\/#organization\"},\"image\":{\"@id\":\"https:\\\/\\\/lasentinelle.dz\\\/index.php\\\/2024\\\/09\\\/25\\\/ouverture-de-lannee-universitaire-2024-2025-luniversite-au-coeur-des-priorites\\\/#primaryimage\"},\"thumbnailUrl\":\"https:\\\/\\\/lasentinelle.dz\\\/wp-content\\\/uploads\\\/2024\\\/09\\\/baddari.jpg\",\"articleSection\":[\"\u00c0 la Une\",\"Actualit\u00e9\"],\"inLanguage\":\"fr-FR\",\"potentialAction\":[{\"@type\":\"CommentAction\",\"name\":\"Comment\",\"target\":[\"https:\\\/\\\/lasentinelle.dz\\\/index.php\\\/2024\\\/09\\\/25\\\/ouverture-de-lannee-universitaire-2024-2025-luniversite-au-coeur-des-priorites\\\/#respond\"]}]},{\"@type\":\"WebPage\",\"@id\":\"https:\\\/\\\/lasentinelle.dz\\\/index.php\\\/2024\\\/09\\\/25\\\/ouverture-de-lannee-universitaire-2024-2025-luniversite-au-coeur-des-priorites\\\/\",\"url\":\"https:\\\/\\\/lasentinelle.dz\\\/index.php\\\/2024\\\/09\\\/25\\\/ouverture-de-lannee-universitaire-2024-2025-luniversite-au-coeur-des-priorites\\\/\",\"name\":\"Ouverture de l&rsquo;ann\u00e9e universitaire 2024-2025 : L&rsquo;Universit\u00e9 au c\u0153ur des priorit\u00e9s - La Sentinelle\",\"isPartOf\":{\"@id\":\"https:\\\/\\\/lasentinelle.dz\\\/#website\"},\"primaryImageOfPage\":{\"@id\":\"https:\\\/\\\/lasentinelle.dz\\\/index.php\\\/2024\\\/09\\\/25\\\/ouverture-de-lannee-universitaire-2024-2025-luniversite-au-coeur-des-priorites\\\/#primaryimage\"},\"image\":{\"@id\":\"https:\\\/\\\/lasentinelle.dz\\\/index.php\\\/2024\\\/09\\\/25\\\/ouverture-de-lannee-universitaire-2024-2025-luniversite-au-coeur-des-priorites\\\/#primaryimage\"},\"thumbnailUrl\":\"https:\\\/\\\/lasentinelle.dz\\\/wp-content\\\/uploads\\\/2024\\\/09\\\/baddari.jpg\",\"datePublished\":\"2024-09-25T13:05:13+00:00\",\"dateModified\":\"2024-09-25T13:05:14+00:00\",\"breadcrumb\":{\"@id\":\"https:\\\/\\\/lasentinelle.dz\\\/index.php\\\/2024\\\/09\\\/25\\\/ouverture-de-lannee-universitaire-2024-2025-luniversite-au-coeur-des-priorites\\\/#breadcrumb\"},\"inLanguage\":\"fr-FR\",\"potentialAction\":[{\"@type\":\"ReadAction\",\"target\":[\"https:\\\/\\\/lasentinelle.dz\\\/index.php\\\/2024\\\/09\\\/25\\\/ouverture-de-lannee-universitaire-2024-2025-luniversite-au-coeur-des-priorites\\\/\"]}]},{\"@type\":\"ImageObject\",\"inLanguage\":\"fr-FR\",\"@id\":\"https:\\\/\\\/lasentinelle.dz\\\/index.php\\\/2024\\\/09\\\/25\\\/ouverture-de-lannee-universitaire-2024-2025-luniversite-au-coeur-des-priorites\\\/#primaryimage\",\"url\":\"https:\\\/\\\/lasentinelle.dz\\\/wp-content\\\/uploads\\\/2024\\\/09\\\/baddari.jpg\",\"contentUrl\":\"https:\\\/\\\/lasentinelle.dz\\\/wp-content\\\/uploads\\\/2024\\\/09\\\/baddari.jpg\",\"width\":1754,\"height\":1215},{\"@type\":\"BreadcrumbList\",\"@id\":\"https:\\\/\\\/lasentinelle.dz\\\/index.php\\\/2024\\\/09\\\/25\\\/ouverture-de-lannee-universitaire-2024-2025-luniversite-au-coeur-des-priorites\\\/#breadcrumb\",\"itemListElement\":[{\"@type\":\"ListItem\",\"position\":1,\"name\":\"Accueil\",\"item\":\"https:\\\/\\\/lasentinelle.dz\\\/\"},{\"@type\":\"ListItem\",\"position\":2,\"name\":\"Ouverture de l&rsquo;ann\u00e9e universitaire 2024-2025 : L&rsquo;Universit\u00e9 au c\u0153ur des priorit\u00e9s\"}]},{\"@type\":\"WebSite\",\"@id\":\"https:\\\/\\\/lasentinelle.dz\\\/#website\",\"url\":\"https:\\\/\\\/lasentinelle.dz\\\/\",\"name\":\"La Sentinelle\",\"description\":\"Quotidien national d&#039;information\",\"publisher\":{\"@id\":\"https:\\\/\\\/lasentinelle.dz\\\/#organization\"},\"potentialAction\":[{\"@type\":\"SearchAction\",\"target\":{\"@type\":\"EntryPoint\",\"urlTemplate\":\"https:\\\/\\\/lasentinelle.dz\\\/?s={search_term_string}\"},\"query-input\":{\"@type\":\"PropertyValueSpecification\",\"valueRequired\":true,\"valueName\":\"search_term_string\"}}],\"inLanguage\":\"fr-FR\"},{\"@type\":\"Organization\",\"@id\":\"https:\\\/\\\/lasentinelle.dz\\\/#organization\",\"name\":\"Quotidien La Sentinelle\",\"url\":\"https:\\\/\\\/lasentinelle.dz\\\/\",\"logo\":{\"@type\":\"ImageObject\",\"inLanguage\":\"fr-FR\",\"@id\":\"https:\\\/\\\/lasentinelle.dz\\\/#\\\/schema\\\/logo\\\/image\\\/\",\"url\":\"https:\\\/\\\/lasentinelle.dz\\\/wp-content\\\/uploads\\\/2021\\\/09\\\/logo-sentinelleSLOGAN-1.png\",\"contentUrl\":\"https:\\\/\\\/lasentinelle.dz\\\/wp-content\\\/uploads\\\/2021\\\/09\\\/logo-sentinelleSLOGAN-1.png\",\"width\":615,\"height\":142,\"caption\":\"Quotidien La Sentinelle\"},\"image\":{\"@id\":\"https:\\\/\\\/lasentinelle.dz\\\/#\\\/schema\\\/logo\\\/image\\\/\"},\"sameAs\":[\"https:\\\/\\\/www.facebook.com\\\/La-Sentinelle-104059864394773\"]},{\"@type\":\"Person\",\"@id\":\"https:\\\/\\\/lasentinelle.dz\\\/#\\\/schema\\\/person\\\/729ee0024f24e0b8c5ec17232f8e8b41\",\"name\":\"admin\",\"image\":{\"@type\":\"ImageObject\",\"inLanguage\":\"fr-FR\",\"@id\":\"https:\\\/\\\/secure.gravatar.com\\\/avatar\\\/4c81fed838786e9b53f540bf46533e750f5d292099ae3b66cfc6fb1982e29df7?s=96&d=mm&r=g\",\"url\":\"https:\\\/\\\/secure.gravatar.com\\\/avatar\\\/4c81fed838786e9b53f540bf46533e750f5d292099ae3b66cfc6fb1982e29df7?s=96&d=mm&r=g\",\"contentUrl\":\"https:\\\/\\\/secure.gravatar.com\\\/avatar\\\/4c81fed838786e9b53f540bf46533e750f5d292099ae3b66cfc6fb1982e29df7?s=96&d=mm&r=g\",\"caption\":\"admin\"},\"description\":\"admin\",\"url\":\"https:\\\/\\\/lasentinelle.dz\\\/author\\\/admin\\\/\"}]}<\/script>\n<!-- \/ Yoast SEO plugin. -->","yoast_head_json":{"title":"Ouverture de l&rsquo;ann\u00e9e universitaire 2024-2025 : L&rsquo;Universit\u00e9 au c\u0153ur des priorit\u00e9s - La Sentinelle","robots":{"index":"index","follow":"follow","max-snippet":"max-snippet:-1","max-image-preview":"max-image-preview:large","max-video-preview":"max-video-preview:-1"},"canonical":"https:\/\/lasentinelle.dz\/index.php\/2024\/09\/25\/ouverture-de-lannee-universitaire-2024-2025-luniversite-au-coeur-des-priorites\/","og_locale":"fr_FR","og_type":"article","og_title":"Ouverture de l&rsquo;ann\u00e9e universitaire 2024-2025 : L&rsquo;Universit\u00e9 au c\u0153ur des priorit\u00e9s - La Sentinelle","og_description":"Le ministre de l&rsquo;Enseignement sup\u00e9rieur et de la Recherche scientifique, Kamel Baddari, a pr\u00e9sid\u00e9 hier l&rsquo;ouverture de l&rsquo;ann\u00e9e universitaire 2024-2025","og_url":"https:\/\/lasentinelle.dz\/index.php\/2024\/09\/25\/ouverture-de-lannee-universitaire-2024-2025-luniversite-au-coeur-des-priorites\/","og_site_name":"La Sentinelle","article_publisher":"https:\/\/www.facebook.com\/La-Sentinelle-104059864394773","article_published_time":"2024-09-25T13:05:13+00:00","article_modified_time":"2024-09-25T13:05:14+00:00","og_image":[{"width":1754,"height":1215,"url":"https:\/\/lasentinelle.dz\/wp-content\/uploads\/2024\/09\/baddari.jpg","type":"image\/jpeg"}],"author":"admin","twitter_card":"summary_large_image","twitter_misc":{"\u00c9crit par":"admin","Dur\u00e9e de lecture estim\u00e9e":"3 minutes"},"schema":{"@context":"https:\/\/schema.org","@graph":[{"@type":"Article","@id":"https:\/\/lasentinelle.dz\/index.php\/2024\/09\/25\/ouverture-de-lannee-universitaire-2024-2025-luniversite-au-coeur-des-priorites\/#article","isPartOf":{"@id":"https:\/\/lasentinelle.dz\/index.php\/2024\/09\/25\/ouverture-de-lannee-universitaire-2024-2025-luniversite-au-coeur-des-priorites\/"},"author":{"name":"admin","@id":"https:\/\/lasentinelle.dz\/#\/schema\/person\/729ee0024f24e0b8c5ec17232f8e8b41"},"headline":"Ouverture de l&rsquo;ann\u00e9e universitaire 2024-2025 : L&rsquo;Universit\u00e9 au c\u0153ur des priorit\u00e9s","datePublished":"2024-09-25T13:05:13+00:00","dateModified":"2024-09-25T13:05:14+00:00","mainEntityOfPage":{"@id":"https:\/\/lasentinelle.dz\/index.php\/2024\/09\/25\/ouverture-de-lannee-universitaire-2024-2025-luniversite-au-coeur-des-priorites\/"},"wordCount":662,"commentCount":0,"publisher":{"@id":"https:\/\/lasentinelle.dz\/#organization"},"image":{"@id":"https:\/\/lasentinelle.dz\/index.php\/2024\/09\/25\/ouverture-de-lannee-universitaire-2024-2025-luniversite-au-coeur-des-priorites\/#primaryimage"},"thumbnailUrl":"https:\/\/lasentinelle.dz\/wp-content\/uploads\/2024\/09\/baddari.jpg","articleSection":["\u00c0 la Une","Actualit\u00e9"],"inLanguage":"fr-FR","potentialAction":[{"@type":"CommentAction","name":"Comment","target":["https:\/\/lasentinelle.dz\/index.php\/2024\/09\/25\/ouverture-de-lannee-universitaire-2024-2025-luniversite-au-coeur-des-priorites\/#respond"]}]},{"@type":"WebPage","@id":"https:\/\/lasentinelle.dz\/index.php\/2024\/09\/25\/ouverture-de-lannee-universitaire-2024-2025-luniversite-au-coeur-des-priorites\/","url":"https:\/\/lasentinelle.dz\/index.php\/2024\/09\/25\/ouverture-de-lannee-universitaire-2024-2025-luniversite-au-coeur-des-priorites\/","name":"Ouverture de l&rsquo;ann\u00e9e universitaire 2024-2025 : L&rsquo;Universit\u00e9 au c\u0153ur des priorit\u00e9s - La Sentinelle","isPartOf":{"@id":"https:\/\/lasentinelle.dz\/#website"},"primaryImageOfPage":{"@id":"https:\/\/lasentinelle.dz\/index.php\/2024\/09\/25\/ouverture-de-lannee-universitaire-2024-2025-luniversite-au-coeur-des-priorites\/#primaryimage"},"image":{"@id":"https:\/\/lasentinelle.dz\/index.php\/2024\/09\/25\/ouverture-de-lannee-universitaire-2024-2025-luniversite-au-coeur-des-priorites\/#primaryimage"},"thumbnailUrl":"https:\/\/lasentinelle.dz\/wp-content\/uploads\/2024\/09\/baddari.jpg","datePublished":"2024-09-25T13:05:13+00:00","dateModified":"2024-09-25T13:05:14+00:00","breadcrumb":{"@id":"https:\/\/lasentinelle.dz\/index.php\/2024\/09\/25\/ouverture-de-lannee-universitaire-2024-2025-luniversite-au-coeur-des-priorites\/#breadcrumb"},"inLanguage":"fr-FR","potentialAction":[{"@type":"ReadAction","target":["https:\/\/lasentinelle.dz\/index.php\/2024\/09\/25\/ouverture-de-lannee-universitaire-2024-2025-luniversite-au-coeur-des-priorites\/"]}]},{"@type":"ImageObject","inLanguage":"fr-FR","@id":"https:\/\/lasentinelle.dz\/index.php\/2024\/09\/25\/ouverture-de-lannee-universitaire-2024-2025-luniversite-au-coeur-des-priorites\/#primaryimage","url":"https:\/\/lasentinelle.dz\/wp-content\/uploads\/2024\/09\/baddari.jpg","contentUrl":"https:\/\/lasentinelle.dz\/wp-content\/uploads\/2024\/09\/baddari.jpg","width":1754,"height":1215},{"@type":"BreadcrumbList","@id":"https:\/\/lasentinelle.dz\/index.php\/2024\/09\/25\/ouverture-de-lannee-universitaire-2024-2025-luniversite-au-coeur-des-priorites\/#breadcrumb","itemListElement":[{"@type":"ListItem","position":1,"name":"Accueil","item":"https:\/\/lasentinelle.dz\/"},{"@type":"ListItem","position":2,"name":"Ouverture de l&rsquo;ann\u00e9e universitaire 2024-2025 : L&rsquo;Universit\u00e9 au c\u0153ur des priorit\u00e9s"}]},{"@type":"WebSite","@id":"https:\/\/lasentinelle.dz\/#website","url":"https:\/\/lasentinelle.dz\/","name":"La Sentinelle","description":"Quotidien national d&#039;information","publisher":{"@id":"https:\/\/lasentinelle.dz\/#organization"},"potentialAction":[{"@type":"SearchAction","target":{"@type":"EntryPoint","urlTemplate":"https:\/\/lasentinelle.dz\/?s={search_term_string}"},"query-input":{"@type":"PropertyValueSpecification","valueRequired":true,"valueName":"search_term_string"}}],"inLanguage":"fr-FR"},{"@type":"Organization","@id":"https:\/\/lasentinelle.dz\/#organization","name":"Quotidien La Sentinelle","url":"https:\/\/lasentinelle.dz\/","logo":{"@type":"ImageObject","inLanguage":"fr-FR","@id":"https:\/\/lasentinelle.dz\/#\/schema\/logo\/image\/","url":"https:\/\/lasentinelle.dz\/wp-content\/uploads\/2021\/09\/logo-sentinelleSLOGAN-1.png","contentUrl":"https:\/\/lasentinelle.dz\/wp-content\/uploads\/2021\/09\/logo-sentinelleSLOGAN-1.png","width":615,"height":142,"caption":"Quotidien La Sentinelle"},"image":{"@id":"https:\/\/lasentinelle.dz\/#\/schema\/logo\/image\/"},"sameAs":["https:\/\/www.facebook.com\/La-Sentinelle-104059864394773"]},{"@type":"Person","@id":"https:\/\/lasentinelle.dz\/#\/schema\/person\/729ee0024f24e0b8c5ec17232f8e8b41","name":"admin","image":{"@type":"ImageObject","inLanguage":"fr-FR","@id":"https:\/\/secure.gravatar.com\/avatar\/4c81fed838786e9b53f540bf46533e750f5d292099ae3b66cfc6fb1982e29df7?s=96&d=mm&r=g","url":"https:\/\/secure.gravatar.com\/avatar\/4c81fed838786e9b53f540bf46533e750f5d292099ae3b66cfc6fb1982e29df7?s=96&d=mm&r=g","contentUrl":"https:\/\/secure.gravatar.com\/avatar\/4c81fed838786e9b53f540bf46533e750f5d292099ae3b66cfc6fb1982e29df7?s=96&d=mm&r=g","caption":"admin"},"description":"admin","url":"https:\/\/lasentinelle.dz\/author\/admin\/"}]}},"_links":{"self":[{"href":"https:\/\/lasentinelle.dz\/index.php\/wp-json\/wp\/v2\/posts\/57453","targetHints":{"allow":["GET"]}}],"collection":[{"href":"https:\/\/lasentinelle.dz\/index.php\/wp-json\/wp\/v2\/posts"}],"about":[{"href":"https:\/\/lasentinelle.dz\/index.php\/wp-json\/wp\/v2\/types\/post"}],"author":[{"embeddable":true,"href":"https:\/\/lasentinelle.dz\/index.php\/wp-json\/wp\/v2\/users\/6"}],"replies":[{"embeddable":true,"href":"https:\/\/lasentinelle.dz\/index.php\/wp-json\/wp\/v2\/comments?post=57453"}],"version-history":[{"count":2,"href":"https:\/\/lasentinelle.dz\/index.php\/wp-json\/wp\/v2\/posts\/57453\/revisions"}],"predecessor-version":[{"id":57456,"href":"https:\/\/lasentinelle.dz\/index.php\/wp-json\/wp\/v2\/posts\/57453\/revisions\/57456"}],"wp:featuredmedia":[{"embeddable":true,"href":"https:\/\/lasentinelle.dz\/index.php\/wp-json\/wp\/v2\/media\/57454"}],"wp:attachment":[{"href":"https:\/\/lasentinelle.dz\/index.php\/wp-json\/wp\/v2\/media?parent=57453"}],"wp:term":[{"taxonomy":"category","embeddable":true,"href":"https:\/\/lasentinelle.dz\/index.php\/wp-json\/wp\/v2\/categories?post=57453"},{"taxonomy":"post_tag","embeddable":true,"href":"https:\/\/lasentinelle.dz\/index.php\/wp-json\/wp\/v2\/tags?post=57453"}],"curies":[{"name":"wp","href":"https:\/\/api.w.org\/{rel}","templated":true}]}}