{"id":57459,"date":"2024-09-25T14:07:49","date_gmt":"2024-09-25T13:07:49","guid":{"rendered":"https:\/\/lasentinelle.dz\/?p=57459"},"modified":"2024-09-25T14:07:49","modified_gmt":"2024-09-25T13:07:49","slug":"lancien-ambassadeur-de-france-en-algerie-xavier-driencourt-implique-dans-une-affaire-de-corruption","status":"publish","type":"post","link":"https:\/\/lasentinelle.dz\/index.php\/2024\/09\/25\/lancien-ambassadeur-de-france-en-algerie-xavier-driencourt-implique-dans-une-affaire-de-corruption\/","title":{"rendered":"L&rsquo;ancien ambassadeur de France en Alg\u00e9rie, Xavier Driencourt impliqu\u00e9 dans une affaire de corruption"},"content":{"rendered":"\n<p>L&rsquo;ex-ambassadeur de France en Alg\u00e9rie, Xavier Driencourt, sous le feu des projecteurs pour ses diatribes et ses sorties m\u00e9diatiques virulentes contre l&rsquo;Alg\u00e9rie, est impliqu\u00e9 dans une affaire de corruption qui met en lumi\u00e8re ses liens avec l&rsquo;oligarchie qui a prosp\u00e9r\u00e9 sous le r\u00e9gime Bouteflika. Driencourt est aujourd&rsquo;hui impliqu\u00e9 dans une affaire de corruption, de transactions frauduleuses et d&rsquo;abus de fonction lors de son mandat entre 2008 et 2012.<\/p>\n\n\n\n<p>Selon les informations publi\u00e9es hier par nos confr\u00e8res d&rsquo;El Watan et du Soir D&rsquo;Alg\u00e9rie, Driencourt a vendu un bien immobilier appartenant \u00e0 l&rsquo;ambassade de France, une villa mauresque connue sous le nom d'\u00a0\u00bbEzzeboudj\u00a0\u00bb, \u00e0 l&rsquo;homme d&rsquo;affaires R\u00e9dha Kouninef, aujourd&rsquo;hui incarc\u00e9r\u00e9 pour corruption. La transaction s&rsquo;est faite pour un montant de 50 milliards de centimes, soit 47 545 DA\/m2, alors que les services des domaines l&rsquo;avaient estim\u00e9 \u00e0 230 000 DA\/m2. Une diff\u00e9rence abyssale qui a caus\u00e9 un pr\u00e9judice important aux Tr\u00e9sors alg\u00e9rien et fran\u00e7ais.<\/p>\n\n\n\n<p>Mais ce n&rsquo;est pas tout. L&rsquo;enqu\u00eate r\u00e9v\u00e8le que M. Driencourt aurait per\u00e7u une \u00ab\u00a0commission\u00a0\u00bb de 2 millions d&rsquo;euros de la part de M. Kouninef pour faciliter cette transaction, ajoute Le Soir. Un fait d&rsquo;autant plus troublant que la wilaya d&rsquo;Alger avait \u00e9mis le droit de pr\u00e9emption de l&rsquo;\u00c9tat alg\u00e9rien pour l&rsquo;acquisition de ce bien, mais ce droit a \u00e9t\u00e9 lev\u00e9 \u00e0 la suite de l&rsquo;intervention du Premier ministre de l&rsquo;\u00e9poque, pr\u00e9cise-t-on. Les sorties m\u00e9diatiques de l&rsquo;ancien diplomate fran\u00e7ais se retournent contre lui.<\/p>\n\n\n\n<p>R.N.<\/p>\n","protected":false},"excerpt":{"rendered":"<p>L&rsquo;ex-ambassadeur de France en Alg\u00e9rie, Xavier Driencourt, sous le feu des projecteurs pour ses diatribes et ses sorties m\u00e9diatiques virulentes<\/p>\n","protected":false},"author":6,"featured_media":57460,"comment_status":"open","ping_status":"closed","sticky":false,"template":"","format":"standard","meta":{"colormag_page_container_layout":"default_layout","colormag_page_sidebar_layout":"default_layout","om_disable_all_campaigns":false,"_monsterinsights_skip_tracking":false,"_monsterinsights_sitenote_active":false,"_monsterinsights_sitenote_note":"","_monsterinsights_sitenote_category":0,"footnotes":"","_wpscppro_dont_share_socialmedia":false,"_wpscppro_custom_social_share_image":0,"_facebook_share_type":"default","_twitter_share_type":"default","_linkedin_share_type":"default","_pinterest_share_type":"default","_linkedin_share_type_page":"","_instagram_share_type":"default","_medium_share_type":"","_threads_share_type":"","_google_business_share_type":"","_selected_social_profile":[],"_wpsp_enable_custom_social_template":false,"_wpsp_social_scheduling":{"enabled":false,"datetime":null,"platforms":[],"status":"template_only","dateOption":"today","timeOption":"now","customDays":"","customHours":"","customDate":"","customTime":"","schedulingType":"absolute"},"_wpsp_active_default_template":true},"categories":[27],"tags":[],"class_list":["post-57459","post","type-post","status-publish","format-standard","has-post-thumbnail","hentry","category-actualite"],"aioseo_notices":[],"yoast_head":"<!-- This site is optimized with the Yoast SEO plugin v27.4 - https:\/\/yoast.com\/product\/yoast-seo-wordpress\/ -->\n<title>L&rsquo;ancien ambassadeur de France en Alg\u00e9rie, Xavier Driencourt impliqu\u00e9 dans une affaire de corruption - La Sentinelle<\/title>\n<meta name=\"robots\" content=\"index, follow, max-snippet:-1, max-image-preview:large, max-video-preview:-1\" \/>\n<link rel=\"canonical\" href=\"https:\/\/lasentinelle.dz\/index.php\/2024\/09\/25\/lancien-ambassadeur-de-france-en-algerie-xavier-driencourt-implique-dans-une-affaire-de-corruption\/\" \/>\n<meta property=\"og:locale\" content=\"fr_FR\" \/>\n<meta property=\"og:type\" content=\"article\" \/>\n<meta property=\"og:title\" content=\"L&rsquo;ancien ambassadeur de France en Alg\u00e9rie, Xavier Driencourt impliqu\u00e9 dans une affaire de corruption - La Sentinelle\" \/>\n<meta property=\"og:description\" content=\"L&rsquo;ex-ambassadeur de France en Alg\u00e9rie, Xavier Driencourt, sous le feu des projecteurs pour ses diatribes et ses sorties m\u00e9diatiques virulentes\" \/>\n<meta property=\"og:url\" content=\"https:\/\/lasentinelle.dz\/index.php\/2024\/09\/25\/lancien-ambassadeur-de-france-en-algerie-xavier-driencourt-implique-dans-une-affaire-de-corruption\/\" \/>\n<meta property=\"og:site_name\" content=\"La Sentinelle\" \/>\n<meta property=\"article:publisher\" content=\"https:\/\/www.facebook.com\/La-Sentinelle-104059864394773\" \/>\n<meta property=\"article:published_time\" content=\"2024-09-25T13:07:49+00:00\" \/>\n<meta property=\"og:image\" content=\"https:\/\/lasentinelle.dz\/wp-content\/uploads\/2024\/09\/driencourt.jpeg\" \/>\n\t<meta property=\"og:image:width\" content=\"275\" \/>\n\t<meta property=\"og:image:height\" content=\"183\" \/>\n\t<meta property=\"og:image:type\" content=\"image\/jpeg\" \/>\n<meta name=\"author\" content=\"admin\" \/>\n<meta name=\"twitter:card\" content=\"summary_large_image\" \/>\n<meta name=\"twitter:label1\" content=\"\u00c9crit par\" \/>\n\t<meta name=\"twitter:data1\" content=\"admin\" \/>\n\t<meta name=\"twitter:label2\" content=\"Dur\u00e9e de lecture estim\u00e9e\" \/>\n\t<meta name=\"twitter:data2\" content=\"2 minutes\" \/>\n<script type=\"application\/ld+json\" class=\"yoast-schema-graph\">{\"@context\":\"https:\\\/\\\/schema.org\",\"@graph\":[{\"@type\":\"Article\",\"@id\":\"https:\\\/\\\/lasentinelle.dz\\\/index.php\\\/2024\\\/09\\\/25\\\/lancien-ambassadeur-de-france-en-algerie-xavier-driencourt-implique-dans-une-affaire-de-corruption\\\/#article\",\"isPartOf\":{\"@id\":\"https:\\\/\\\/lasentinelle.dz\\\/index.php\\\/2024\\\/09\\\/25\\\/lancien-ambassadeur-de-france-en-algerie-xavier-driencourt-implique-dans-une-affaire-de-corruption\\\/\"},\"author\":{\"name\":\"admin\",\"@id\":\"https:\\\/\\\/lasentinelle.dz\\\/#\\\/schema\\\/person\\\/729ee0024f24e0b8c5ec17232f8e8b41\"},\"headline\":\"L&rsquo;ancien ambassadeur de France en Alg\u00e9rie, Xavier Driencourt impliqu\u00e9 dans une affaire de corruption\",\"datePublished\":\"2024-09-25T13:07:49+00:00\",\"mainEntityOfPage\":{\"@id\":\"https:\\\/\\\/lasentinelle.dz\\\/index.php\\\/2024\\\/09\\\/25\\\/lancien-ambassadeur-de-france-en-algerie-xavier-driencourt-implique-dans-une-affaire-de-corruption\\\/\"},\"wordCount\":292,\"commentCount\":0,\"publisher\":{\"@id\":\"https:\\\/\\\/lasentinelle.dz\\\/#organization\"},\"image\":{\"@id\":\"https:\\\/\\\/lasentinelle.dz\\\/index.php\\\/2024\\\/09\\\/25\\\/lancien-ambassadeur-de-france-en-algerie-xavier-driencourt-implique-dans-une-affaire-de-corruption\\\/#primaryimage\"},\"thumbnailUrl\":\"https:\\\/\\\/lasentinelle.dz\\\/wp-content\\\/uploads\\\/2024\\\/09\\\/driencourt.jpeg\",\"articleSection\":[\"Actualit\u00e9\"],\"inLanguage\":\"fr-FR\",\"potentialAction\":[{\"@type\":\"CommentAction\",\"name\":\"Comment\",\"target\":[\"https:\\\/\\\/lasentinelle.dz\\\/index.php\\\/2024\\\/09\\\/25\\\/lancien-ambassadeur-de-france-en-algerie-xavier-driencourt-implique-dans-une-affaire-de-corruption\\\/#respond\"]}]},{\"@type\":\"WebPage\",\"@id\":\"https:\\\/\\\/lasentinelle.dz\\\/index.php\\\/2024\\\/09\\\/25\\\/lancien-ambassadeur-de-france-en-algerie-xavier-driencourt-implique-dans-une-affaire-de-corruption\\\/\",\"url\":\"https:\\\/\\\/lasentinelle.dz\\\/index.php\\\/2024\\\/09\\\/25\\\/lancien-ambassadeur-de-france-en-algerie-xavier-driencourt-implique-dans-une-affaire-de-corruption\\\/\",\"name\":\"L&rsquo;ancien ambassadeur de France en Alg\u00e9rie, Xavier Driencourt impliqu\u00e9 dans une affaire de corruption - La Sentinelle\",\"isPartOf\":{\"@id\":\"https:\\\/\\\/lasentinelle.dz\\\/#website\"},\"primaryImageOfPage\":{\"@id\":\"https:\\\/\\\/lasentinelle.dz\\\/index.php\\\/2024\\\/09\\\/25\\\/lancien-ambassadeur-de-france-en-algerie-xavier-driencourt-implique-dans-une-affaire-de-corruption\\\/#primaryimage\"},\"image\":{\"@id\":\"https:\\\/\\\/lasentinelle.dz\\\/index.php\\\/2024\\\/09\\\/25\\\/lancien-ambassadeur-de-france-en-algerie-xavier-driencourt-implique-dans-une-affaire-de-corruption\\\/#primaryimage\"},\"thumbnailUrl\":\"https:\\\/\\\/lasentinelle.dz\\\/wp-content\\\/uploads\\\/2024\\\/09\\\/driencourt.jpeg\",\"datePublished\":\"2024-09-25T13:07:49+00:00\",\"breadcrumb\":{\"@id\":\"https:\\\/\\\/lasentinelle.dz\\\/index.php\\\/2024\\\/09\\\/25\\\/lancien-ambassadeur-de-france-en-algerie-xavier-driencourt-implique-dans-une-affaire-de-corruption\\\/#breadcrumb\"},\"inLanguage\":\"fr-FR\",\"potentialAction\":[{\"@type\":\"ReadAction\",\"target\":[\"https:\\\/\\\/lasentinelle.dz\\\/index.php\\\/2024\\\/09\\\/25\\\/lancien-ambassadeur-de-france-en-algerie-xavier-driencourt-implique-dans-une-affaire-de-corruption\\\/\"]}]},{\"@type\":\"ImageObject\",\"inLanguage\":\"fr-FR\",\"@id\":\"https:\\\/\\\/lasentinelle.dz\\\/index.php\\\/2024\\\/09\\\/25\\\/lancien-ambassadeur-de-france-en-algerie-xavier-driencourt-implique-dans-une-affaire-de-corruption\\\/#primaryimage\",\"url\":\"https:\\\/\\\/lasentinelle.dz\\\/wp-content\\\/uploads\\\/2024\\\/09\\\/driencourt.jpeg\",\"contentUrl\":\"https:\\\/\\\/lasentinelle.dz\\\/wp-content\\\/uploads\\\/2024\\\/09\\\/driencourt.jpeg\",\"width\":275,\"height\":183},{\"@type\":\"BreadcrumbList\",\"@id\":\"https:\\\/\\\/lasentinelle.dz\\\/index.php\\\/2024\\\/09\\\/25\\\/lancien-ambassadeur-de-france-en-algerie-xavier-driencourt-implique-dans-une-affaire-de-corruption\\\/#breadcrumb\",\"itemListElement\":[{\"@type\":\"ListItem\",\"position\":1,\"name\":\"Accueil\",\"item\":\"https:\\\/\\\/lasentinelle.dz\\\/\"},{\"@type\":\"ListItem\",\"position\":2,\"name\":\"L&rsquo;ancien ambassadeur de France en Alg\u00e9rie, Xavier Driencourt impliqu\u00e9 dans une affaire de corruption\"}]},{\"@type\":\"WebSite\",\"@id\":\"https:\\\/\\\/lasentinelle.dz\\\/#website\",\"url\":\"https:\\\/\\\/lasentinelle.dz\\\/\",\"name\":\"La Sentinelle\",\"description\":\"Quotidien national d&#039;information\",\"publisher\":{\"@id\":\"https:\\\/\\\/lasentinelle.dz\\\/#organization\"},\"potentialAction\":[{\"@type\":\"SearchAction\",\"target\":{\"@type\":\"EntryPoint\",\"urlTemplate\":\"https:\\\/\\\/lasentinelle.dz\\\/?s={search_term_string}\"},\"query-input\":{\"@type\":\"PropertyValueSpecification\",\"valueRequired\":true,\"valueName\":\"search_term_string\"}}],\"inLanguage\":\"fr-FR\"},{\"@type\":\"Organization\",\"@id\":\"https:\\\/\\\/lasentinelle.dz\\\/#organization\",\"name\":\"Quotidien La Sentinelle\",\"url\":\"https:\\\/\\\/lasentinelle.dz\\\/\",\"logo\":{\"@type\":\"ImageObject\",\"inLanguage\":\"fr-FR\",\"@id\":\"https:\\\/\\\/lasentinelle.dz\\\/#\\\/schema\\\/logo\\\/image\\\/\",\"url\":\"https:\\\/\\\/lasentinelle.dz\\\/wp-content\\\/uploads\\\/2021\\\/09\\\/logo-sentinelleSLOGAN-1.png\",\"contentUrl\":\"https:\\\/\\\/lasentinelle.dz\\\/wp-content\\\/uploads\\\/2021\\\/09\\\/logo-sentinelleSLOGAN-1.png\",\"width\":615,\"height\":142,\"caption\":\"Quotidien La Sentinelle\"},\"image\":{\"@id\":\"https:\\\/\\\/lasentinelle.dz\\\/#\\\/schema\\\/logo\\\/image\\\/\"},\"sameAs\":[\"https:\\\/\\\/www.facebook.com\\\/La-Sentinelle-104059864394773\"]},{\"@type\":\"Person\",\"@id\":\"https:\\\/\\\/lasentinelle.dz\\\/#\\\/schema\\\/person\\\/729ee0024f24e0b8c5ec17232f8e8b41\",\"name\":\"admin\",\"image\":{\"@type\":\"ImageObject\",\"inLanguage\":\"fr-FR\",\"@id\":\"https:\\\/\\\/secure.gravatar.com\\\/avatar\\\/4c81fed838786e9b53f540bf46533e750f5d292099ae3b66cfc6fb1982e29df7?s=96&d=mm&r=g\",\"url\":\"https:\\\/\\\/secure.gravatar.com\\\/avatar\\\/4c81fed838786e9b53f540bf46533e750f5d292099ae3b66cfc6fb1982e29df7?s=96&d=mm&r=g\",\"contentUrl\":\"https:\\\/\\\/secure.gravatar.com\\\/avatar\\\/4c81fed838786e9b53f540bf46533e750f5d292099ae3b66cfc6fb1982e29df7?s=96&d=mm&r=g\",\"caption\":\"admin\"},\"description\":\"admin\",\"url\":\"https:\\\/\\\/lasentinelle.dz\\\/author\\\/admin\\\/\"}]}<\/script>\n<!-- \/ Yoast SEO plugin. -->","yoast_head_json":{"title":"L&rsquo;ancien ambassadeur de France en Alg\u00e9rie, Xavier Driencourt impliqu\u00e9 dans une affaire de corruption - La Sentinelle","robots":{"index":"index","follow":"follow","max-snippet":"max-snippet:-1","max-image-preview":"max-image-preview:large","max-video-preview":"max-video-preview:-1"},"canonical":"https:\/\/lasentinelle.dz\/index.php\/2024\/09\/25\/lancien-ambassadeur-de-france-en-algerie-xavier-driencourt-implique-dans-une-affaire-de-corruption\/","og_locale":"fr_FR","og_type":"article","og_title":"L&rsquo;ancien ambassadeur de France en Alg\u00e9rie, Xavier Driencourt impliqu\u00e9 dans une affaire de corruption - La Sentinelle","og_description":"L&rsquo;ex-ambassadeur de France en Alg\u00e9rie, Xavier Driencourt, sous le feu des projecteurs pour ses diatribes et ses sorties m\u00e9diatiques virulentes","og_url":"https:\/\/lasentinelle.dz\/index.php\/2024\/09\/25\/lancien-ambassadeur-de-france-en-algerie-xavier-driencourt-implique-dans-une-affaire-de-corruption\/","og_site_name":"La Sentinelle","article_publisher":"https:\/\/www.facebook.com\/La-Sentinelle-104059864394773","article_published_time":"2024-09-25T13:07:49+00:00","og_image":[{"width":275,"height":183,"url":"https:\/\/lasentinelle.dz\/wp-content\/uploads\/2024\/09\/driencourt.jpeg","type":"image\/jpeg"}],"author":"admin","twitter_card":"summary_large_image","twitter_misc":{"\u00c9crit par":"admin","Dur\u00e9e de lecture estim\u00e9e":"2 minutes"},"schema":{"@context":"https:\/\/schema.org","@graph":[{"@type":"Article","@id":"https:\/\/lasentinelle.dz\/index.php\/2024\/09\/25\/lancien-ambassadeur-de-france-en-algerie-xavier-driencourt-implique-dans-une-affaire-de-corruption\/#article","isPartOf":{"@id":"https:\/\/lasentinelle.dz\/index.php\/2024\/09\/25\/lancien-ambassadeur-de-france-en-algerie-xavier-driencourt-implique-dans-une-affaire-de-corruption\/"},"author":{"name":"admin","@id":"https:\/\/lasentinelle.dz\/#\/schema\/person\/729ee0024f24e0b8c5ec17232f8e8b41"},"headline":"L&rsquo;ancien ambassadeur de France en Alg\u00e9rie, Xavier Driencourt impliqu\u00e9 dans une affaire de corruption","datePublished":"2024-09-25T13:07:49+00:00","mainEntityOfPage":{"@id":"https:\/\/lasentinelle.dz\/index.php\/2024\/09\/25\/lancien-ambassadeur-de-france-en-algerie-xavier-driencourt-implique-dans-une-affaire-de-corruption\/"},"wordCount":292,"commentCount":0,"publisher":{"@id":"https:\/\/lasentinelle.dz\/#organization"},"image":{"@id":"https:\/\/lasentinelle.dz\/index.php\/2024\/09\/25\/lancien-ambassadeur-de-france-en-algerie-xavier-driencourt-implique-dans-une-affaire-de-corruption\/#primaryimage"},"thumbnailUrl":"https:\/\/lasentinelle.dz\/wp-content\/uploads\/2024\/09\/driencourt.jpeg","articleSection":["Actualit\u00e9"],"inLanguage":"fr-FR","potentialAction":[{"@type":"CommentAction","name":"Comment","target":["https:\/\/lasentinelle.dz\/index.php\/2024\/09\/25\/lancien-ambassadeur-de-france-en-algerie-xavier-driencourt-implique-dans-une-affaire-de-corruption\/#respond"]}]},{"@type":"WebPage","@id":"https:\/\/lasentinelle.dz\/index.php\/2024\/09\/25\/lancien-ambassadeur-de-france-en-algerie-xavier-driencourt-implique-dans-une-affaire-de-corruption\/","url":"https:\/\/lasentinelle.dz\/index.php\/2024\/09\/25\/lancien-ambassadeur-de-france-en-algerie-xavier-driencourt-implique-dans-une-affaire-de-corruption\/","name":"L&rsquo;ancien ambassadeur de France en Alg\u00e9rie, Xavier Driencourt impliqu\u00e9 dans une affaire de corruption - La Sentinelle","isPartOf":{"@id":"https:\/\/lasentinelle.dz\/#website"},"primaryImageOfPage":{"@id":"https:\/\/lasentinelle.dz\/index.php\/2024\/09\/25\/lancien-ambassadeur-de-france-en-algerie-xavier-driencourt-implique-dans-une-affaire-de-corruption\/#primaryimage"},"image":{"@id":"https:\/\/lasentinelle.dz\/index.php\/2024\/09\/25\/lancien-ambassadeur-de-france-en-algerie-xavier-driencourt-implique-dans-une-affaire-de-corruption\/#primaryimage"},"thumbnailUrl":"https:\/\/lasentinelle.dz\/wp-content\/uploads\/2024\/09\/driencourt.jpeg","datePublished":"2024-09-25T13:07:49+00:00","breadcrumb":{"@id":"https:\/\/lasentinelle.dz\/index.php\/2024\/09\/25\/lancien-ambassadeur-de-france-en-algerie-xavier-driencourt-implique-dans-une-affaire-de-corruption\/#breadcrumb"},"inLanguage":"fr-FR","potentialAction":[{"@type":"ReadAction","target":["https:\/\/lasentinelle.dz\/index.php\/2024\/09\/25\/lancien-ambassadeur-de-france-en-algerie-xavier-driencourt-implique-dans-une-affaire-de-corruption\/"]}]},{"@type":"ImageObject","inLanguage":"fr-FR","@id":"https:\/\/lasentinelle.dz\/index.php\/2024\/09\/25\/lancien-ambassadeur-de-france-en-algerie-xavier-driencourt-implique-dans-une-affaire-de-corruption\/#primaryimage","url":"https:\/\/lasentinelle.dz\/wp-content\/uploads\/2024\/09\/driencourt.jpeg","contentUrl":"https:\/\/lasentinelle.dz\/wp-content\/uploads\/2024\/09\/driencourt.jpeg","width":275,"height":183},{"@type":"BreadcrumbList","@id":"https:\/\/lasentinelle.dz\/index.php\/2024\/09\/25\/lancien-ambassadeur-de-france-en-algerie-xavier-driencourt-implique-dans-une-affaire-de-corruption\/#breadcrumb","itemListElement":[{"@type":"ListItem","position":1,"name":"Accueil","item":"https:\/\/lasentinelle.dz\/"},{"@type":"ListItem","position":2,"name":"L&rsquo;ancien ambassadeur de France en Alg\u00e9rie, Xavier Driencourt impliqu\u00e9 dans une affaire de corruption"}]},{"@type":"WebSite","@id":"https:\/\/lasentinelle.dz\/#website","url":"https:\/\/lasentinelle.dz\/","name":"La Sentinelle","description":"Quotidien national d&#039;information","publisher":{"@id":"https:\/\/lasentinelle.dz\/#organization"},"potentialAction":[{"@type":"SearchAction","target":{"@type":"EntryPoint","urlTemplate":"https:\/\/lasentinelle.dz\/?s={search_term_string}"},"query-input":{"@type":"PropertyValueSpecification","valueRequired":true,"valueName":"search_term_string"}}],"inLanguage":"fr-FR"},{"@type":"Organization","@id":"https:\/\/lasentinelle.dz\/#organization","name":"Quotidien La Sentinelle","url":"https:\/\/lasentinelle.dz\/","logo":{"@type":"ImageObject","inLanguage":"fr-FR","@id":"https:\/\/lasentinelle.dz\/#\/schema\/logo\/image\/","url":"https:\/\/lasentinelle.dz\/wp-content\/uploads\/2021\/09\/logo-sentinelleSLOGAN-1.png","contentUrl":"https:\/\/lasentinelle.dz\/wp-content\/uploads\/2021\/09\/logo-sentinelleSLOGAN-1.png","width":615,"height":142,"caption":"Quotidien La Sentinelle"},"image":{"@id":"https:\/\/lasentinelle.dz\/#\/schema\/logo\/image\/"},"sameAs":["https:\/\/www.facebook.com\/La-Sentinelle-104059864394773"]},{"@type":"Person","@id":"https:\/\/lasentinelle.dz\/#\/schema\/person\/729ee0024f24e0b8c5ec17232f8e8b41","name":"admin","image":{"@type":"ImageObject","inLanguage":"fr-FR","@id":"https:\/\/secure.gravatar.com\/avatar\/4c81fed838786e9b53f540bf46533e750f5d292099ae3b66cfc6fb1982e29df7?s=96&d=mm&r=g","url":"https:\/\/secure.gravatar.com\/avatar\/4c81fed838786e9b53f540bf46533e750f5d292099ae3b66cfc6fb1982e29df7?s=96&d=mm&r=g","contentUrl":"https:\/\/secure.gravatar.com\/avatar\/4c81fed838786e9b53f540bf46533e750f5d292099ae3b66cfc6fb1982e29df7?s=96&d=mm&r=g","caption":"admin"},"description":"admin","url":"https:\/\/lasentinelle.dz\/author\/admin\/"}]}},"_links":{"self":[{"href":"https:\/\/lasentinelle.dz\/index.php\/wp-json\/wp\/v2\/posts\/57459","targetHints":{"allow":["GET"]}}],"collection":[{"href":"https:\/\/lasentinelle.dz\/index.php\/wp-json\/wp\/v2\/posts"}],"about":[{"href":"https:\/\/lasentinelle.dz\/index.php\/wp-json\/wp\/v2\/types\/post"}],"author":[{"embeddable":true,"href":"https:\/\/lasentinelle.dz\/index.php\/wp-json\/wp\/v2\/users\/6"}],"replies":[{"embeddable":true,"href":"https:\/\/lasentinelle.dz\/index.php\/wp-json\/wp\/v2\/comments?post=57459"}],"version-history":[{"count":2,"href":"https:\/\/lasentinelle.dz\/index.php\/wp-json\/wp\/v2\/posts\/57459\/revisions"}],"predecessor-version":[{"id":57462,"href":"https:\/\/lasentinelle.dz\/index.php\/wp-json\/wp\/v2\/posts\/57459\/revisions\/57462"}],"wp:featuredmedia":[{"embeddable":true,"href":"https:\/\/lasentinelle.dz\/index.php\/wp-json\/wp\/v2\/media\/57460"}],"wp:attachment":[{"href":"https:\/\/lasentinelle.dz\/index.php\/wp-json\/wp\/v2\/media?parent=57459"}],"wp:term":[{"taxonomy":"category","embeddable":true,"href":"https:\/\/lasentinelle.dz\/index.php\/wp-json\/wp\/v2\/categories?post=57459"},{"taxonomy":"post_tag","embeddable":true,"href":"https:\/\/lasentinelle.dz\/index.php\/wp-json\/wp\/v2\/tags?post=57459"}],"curies":[{"name":"wp","href":"https:\/\/api.w.org\/{rel}","templated":true}]}}