{"id":57500,"date":"2024-09-26T13:07:00","date_gmt":"2024-09-26T12:07:00","guid":{"rendered":"https:\/\/lasentinelle.dz\/?p=57500"},"modified":"2024-09-26T13:07:01","modified_gmt":"2024-09-26T12:07:01","slug":"ligue-1-mobilis-le-mc-oran-demarre-en-trombe","status":"publish","type":"post","link":"https:\/\/lasentinelle.dz\/index.php\/2024\/09\/26\/ligue-1-mobilis-le-mc-oran-demarre-en-trombe\/","title":{"rendered":"Ligue 1 Mobilis : Le MC Oran d\u00e9marre en trombe"},"content":{"rendered":"\n<p>Le Mouloudia Club d&rsquo;Oran (MCO) a parfaitement lanc\u00e9 sa saison 2024-2025 en s&rsquo;imposant 2-0 face \u00e0 la JS Saoura, lors de la premi\u00e8re journ\u00e9e du championnat de Ligue 1 Mobilis. Dans un stade Miloud-Hadefi bien garni, les Hamraoua ont rapidement pris les devants gr\u00e2ce \u00e0 un but contre son camp de Kamel Belmiloud d\u00e8s la 10e minute.<\/p>\n\n\n\n<p>Ce d\u00e9but de match id\u00e9al aurait pu \u00eatre bonifi\u00e9 quelques minutes plus tard. B\u00e9n\u00e9ficiant de l&rsquo;assistance vid\u00e9o (VAR), l&rsquo;arbitre Billel Soltani a en effet accord\u00e9 un penalty au MCO \u00e0 la 17e minute. Malheureusement pour les locaux, la nouvelle recrue estivale Karim Aribi a but\u00e9 sur le gardien de la JSS Walid Ouabdi, manquant l&rsquo;occasion de faire le break. Malgr\u00e9 ce rat\u00e9, les Oranais ont su garder leur avantage jusqu&rsquo;\u00e0 la pause. Et c&rsquo;est finalement Ahmed Kerroum qui a d\u00e9livr\u00e9 les siens en inscrivant le but du 2-0 \u00e0 la 77e minute. L\u00e0 encore, la VAR est intervenue pour valider cette r\u00e9alisation synonyme de victoire pour le MCO. Un succ\u00e8s fondateur pour les hommes de Youcef Bouzidi, qui avaient d\u00fb attendre les ultimes journ\u00e9es la saison derni\u00e8re pour assurer leur maintien in extremis. \u00ab\u00a0Il s&rsquo;agit d&rsquo;un pr\u00e9cieux succ\u00e8s qui nous permet de continuer \u00e0 travailler dans le calme et la s\u00e9r\u00e9nit\u00e9. Il \u00e9tait tr\u00e8s important pour nous de d\u00e9marrer le championnat par une victoire\u00a0\u00bb, s&rsquo;est d&rsquo;ailleurs f\u00e9licit\u00e9 l&rsquo;entra\u00eeneur oranais en conf\u00e9rence de presse. Arriv\u00e9 en cours de saison pass\u00e9e, le technicien alg\u00e9rois a d\u00fb composer avec un effectif largement remani\u00e9 cet \u00e9t\u00e9, avec pas moins de 12 nouvelles recrues. \u00ab\u00a0Nous avons bien travaill\u00e9 durant l&rsquo;intersaison tout en jouant beaucoup de matchs amicaux pour \u00eatre pr\u00eats et pour parfaire nos automatismes\u00a0\u00bb, a-t-il expliqu\u00e9, soulignant l&rsquo;importance des stages de pr\u00e9paration effectu\u00e9s \u00e0 Tlemcen et en Turquie. Bouzidi n&rsquo;a pas cach\u00e9 sa satisfaction quant \u00e0 l&rsquo;ambiance qui a r\u00e9gn\u00e9 au stade Miloud-Hadefi : \u00ab\u00a0Je suis satisfait de l&rsquo;atmosph\u00e8re dans laquelle s&rsquo;est d\u00e9roul\u00e9 la partie, aussi bien sur le terrain que dans les tribunes\u00a0\u00bb. Une communion avec le public qui tranche avec les tensions de la saison pass\u00e9e. Le coach oranais a toutefois d\u00fb composer avec plusieurs absences, dont celle du Ghan\u00e9en Maxwell Bakooh, forfait de derni\u00e8re minute. Des p\u00e9pins qui n&rsquo;ont pas emp\u00each\u00e9 le MCO de lancer id\u00e9alement sa saison avant un d\u00e9placement p\u00e9rilleux samedi prochain chez le promu l&rsquo;ES Mostaganem. \u00ab\u00a0Ce n&rsquo;est pas facile de jouer deux rencontres en l&rsquo;espace de quatre jours\u00a0\u00bb, a pr\u00e9venu Bouzidi. De son c\u00f4t\u00e9, la JS Saoura devra se ressaisir d\u00e8s la prochaine journ\u00e9e \u00e0 domicile face \u00e0 l&rsquo;USM Khenchela pour effacer ce faux d\u00e9part. Cette premi\u00e8re journ\u00e9e de Ligue 1 Mobilis avait d\u00e9but\u00e9 jeudi par la victoire de l&rsquo;ES S\u00e9tif sur le MC El-Bayadh (1-0). Vendredi et samedi, l&rsquo;Olympique Akbou s&rsquo;est impos\u00e9 face au NC Magra (1-0), tandis que le Paradou AC a dispos\u00e9 de l&rsquo;ASO Chlef (2-0). &nbsp;Le point d&rsquo;orgue de cette journ\u00e9e inaugurale aura lieu le mardi 1er octobre avec l&rsquo;affiche entre la JS Kabylie et le MC Alger au nouveau stade Hocine A\u00eft-Ahmed de Tizi-Ouzou. Un choc qui s&rsquo;annonce d\u00e9j\u00e0 bouillant entre deux pr\u00e9tendants au titre. En attendant, le MC Oran prend provisoirement la t\u00eate du championnat gr\u00e2ce \u00e0 sa victoire nette et sans bavure. De quoi entretenir l&rsquo;espoir de vivre une saison plus sereine que la pr\u00e9c\u00e9dente pour le club phare de l&rsquo;Ouest alg\u00e9rien.<\/p>\n\n\n\n<p>R.S.<\/p>\n","protected":false},"excerpt":{"rendered":"<p>Le Mouloudia Club d&rsquo;Oran (MCO) a parfaitement lanc\u00e9 sa saison 2024-2025 en s&rsquo;imposant 2-0 face \u00e0 la JS Saoura, lors<\/p>\n","protected":false},"author":6,"featured_media":57501,"comment_status":"open","ping_status":"closed","sticky":false,"template":"","format":"standard","meta":{"colormag_page_container_layout":"default_layout","colormag_page_sidebar_layout":"default_layout","om_disable_all_campaigns":false,"_monsterinsights_skip_tracking":false,"_monsterinsights_sitenote_active":false,"_monsterinsights_sitenote_note":"","_monsterinsights_sitenote_category":0,"footnotes":"","_wpscppro_dont_share_socialmedia":false,"_wpscppro_custom_social_share_image":0,"_facebook_share_type":"default","_twitter_share_type":"default","_linkedin_share_type":"default","_pinterest_share_type":"default","_linkedin_share_type_page":"","_instagram_share_type":"default","_medium_share_type":"","_threads_share_type":"","_google_business_share_type":"","_selected_social_profile":[],"_wpsp_enable_custom_social_template":false,"_wpsp_social_scheduling":{"enabled":false,"datetime":null,"platforms":[],"status":"template_only","dateOption":"today","timeOption":"now","customDays":"","customHours":"","customDate":"","customTime":"","schedulingType":"absolute"},"_wpsp_active_default_template":true},"categories":[33],"tags":[],"class_list":["post-57500","post","type-post","status-publish","format-standard","has-post-thumbnail","hentry","category-sports"],"aioseo_notices":[],"yoast_head":"<!-- This site is optimized with the Yoast SEO plugin v27.5 - https:\/\/yoast.com\/product\/yoast-seo-wordpress\/ -->\n<title>Ligue 1 Mobilis : Le MC Oran d\u00e9marre en trombe - La Sentinelle<\/title>\n<meta name=\"robots\" content=\"index, follow, max-snippet:-1, max-image-preview:large, max-video-preview:-1\" \/>\n<link rel=\"canonical\" href=\"https:\/\/lasentinelle.dz\/index.php\/2024\/09\/26\/ligue-1-mobilis-le-mc-oran-demarre-en-trombe\/\" \/>\n<meta property=\"og:locale\" content=\"fr_FR\" \/>\n<meta property=\"og:type\" content=\"article\" \/>\n<meta property=\"og:title\" content=\"Ligue 1 Mobilis : Le MC Oran d\u00e9marre en trombe - La Sentinelle\" \/>\n<meta property=\"og:description\" content=\"Le Mouloudia Club d&rsquo;Oran (MCO) a parfaitement lanc\u00e9 sa saison 2024-2025 en s&rsquo;imposant 2-0 face \u00e0 la JS Saoura, lors\" \/>\n<meta property=\"og:url\" content=\"https:\/\/lasentinelle.dz\/index.php\/2024\/09\/26\/ligue-1-mobilis-le-mc-oran-demarre-en-trombe\/\" \/>\n<meta property=\"og:site_name\" content=\"La Sentinelle\" \/>\n<meta property=\"article:publisher\" content=\"https:\/\/www.facebook.com\/La-Sentinelle-104059864394773\" \/>\n<meta property=\"article:published_time\" content=\"2024-09-26T12:07:00+00:00\" \/>\n<meta property=\"article:modified_time\" content=\"2024-09-26T12:07:01+00:00\" \/>\n<meta property=\"og:image\" content=\"https:\/\/lasentinelle.dz\/wp-content\/uploads\/2024\/09\/Hmaraoua.jpg\" \/>\n\t<meta property=\"og:image:width\" content=\"1682\" \/>\n\t<meta property=\"og:image:height\" content=\"1346\" \/>\n\t<meta property=\"og:image:type\" content=\"image\/jpeg\" \/>\n<meta name=\"author\" content=\"admin\" \/>\n<meta name=\"twitter:card\" content=\"summary_large_image\" \/>\n<meta name=\"twitter:label1\" content=\"\u00c9crit par\" \/>\n\t<meta name=\"twitter:data1\" content=\"admin\" \/>\n\t<meta name=\"twitter:label2\" content=\"Dur\u00e9e de lecture estim\u00e9e\" \/>\n\t<meta name=\"twitter:data2\" content=\"4 minutes\" \/>\n<script type=\"application\/ld+json\" class=\"yoast-schema-graph\">{\"@context\":\"https:\\\/\\\/schema.org\",\"@graph\":[{\"@type\":\"Article\",\"@id\":\"https:\\\/\\\/lasentinelle.dz\\\/index.php\\\/2024\\\/09\\\/26\\\/ligue-1-mobilis-le-mc-oran-demarre-en-trombe\\\/#article\",\"isPartOf\":{\"@id\":\"https:\\\/\\\/lasentinelle.dz\\\/index.php\\\/2024\\\/09\\\/26\\\/ligue-1-mobilis-le-mc-oran-demarre-en-trombe\\\/\"},\"author\":{\"name\":\"admin\",\"@id\":\"https:\\\/\\\/lasentinelle.dz\\\/#\\\/schema\\\/person\\\/729ee0024f24e0b8c5ec17232f8e8b41\"},\"headline\":\"Ligue 1 Mobilis : Le MC Oran d\u00e9marre en trombe\",\"datePublished\":\"2024-09-26T12:07:00+00:00\",\"dateModified\":\"2024-09-26T12:07:01+00:00\",\"mainEntityOfPage\":{\"@id\":\"https:\\\/\\\/lasentinelle.dz\\\/index.php\\\/2024\\\/09\\\/26\\\/ligue-1-mobilis-le-mc-oran-demarre-en-trombe\\\/\"},\"wordCount\":635,\"commentCount\":0,\"publisher\":{\"@id\":\"https:\\\/\\\/lasentinelle.dz\\\/#organization\"},\"image\":{\"@id\":\"https:\\\/\\\/lasentinelle.dz\\\/index.php\\\/2024\\\/09\\\/26\\\/ligue-1-mobilis-le-mc-oran-demarre-en-trombe\\\/#primaryimage\"},\"thumbnailUrl\":\"https:\\\/\\\/lasentinelle.dz\\\/wp-content\\\/uploads\\\/2024\\\/09\\\/Hmaraoua.jpg\",\"articleSection\":[\"Sports\"],\"inLanguage\":\"fr-FR\",\"potentialAction\":[{\"@type\":\"CommentAction\",\"name\":\"Comment\",\"target\":[\"https:\\\/\\\/lasentinelle.dz\\\/index.php\\\/2024\\\/09\\\/26\\\/ligue-1-mobilis-le-mc-oran-demarre-en-trombe\\\/#respond\"]}]},{\"@type\":\"WebPage\",\"@id\":\"https:\\\/\\\/lasentinelle.dz\\\/index.php\\\/2024\\\/09\\\/26\\\/ligue-1-mobilis-le-mc-oran-demarre-en-trombe\\\/\",\"url\":\"https:\\\/\\\/lasentinelle.dz\\\/index.php\\\/2024\\\/09\\\/26\\\/ligue-1-mobilis-le-mc-oran-demarre-en-trombe\\\/\",\"name\":\"Ligue 1 Mobilis : Le MC Oran d\u00e9marre en trombe - La Sentinelle\",\"isPartOf\":{\"@id\":\"https:\\\/\\\/lasentinelle.dz\\\/#website\"},\"primaryImageOfPage\":{\"@id\":\"https:\\\/\\\/lasentinelle.dz\\\/index.php\\\/2024\\\/09\\\/26\\\/ligue-1-mobilis-le-mc-oran-demarre-en-trombe\\\/#primaryimage\"},\"image\":{\"@id\":\"https:\\\/\\\/lasentinelle.dz\\\/index.php\\\/2024\\\/09\\\/26\\\/ligue-1-mobilis-le-mc-oran-demarre-en-trombe\\\/#primaryimage\"},\"thumbnailUrl\":\"https:\\\/\\\/lasentinelle.dz\\\/wp-content\\\/uploads\\\/2024\\\/09\\\/Hmaraoua.jpg\",\"datePublished\":\"2024-09-26T12:07:00+00:00\",\"dateModified\":\"2024-09-26T12:07:01+00:00\",\"breadcrumb\":{\"@id\":\"https:\\\/\\\/lasentinelle.dz\\\/index.php\\\/2024\\\/09\\\/26\\\/ligue-1-mobilis-le-mc-oran-demarre-en-trombe\\\/#breadcrumb\"},\"inLanguage\":\"fr-FR\",\"potentialAction\":[{\"@type\":\"ReadAction\",\"target\":[\"https:\\\/\\\/lasentinelle.dz\\\/index.php\\\/2024\\\/09\\\/26\\\/ligue-1-mobilis-le-mc-oran-demarre-en-trombe\\\/\"]}]},{\"@type\":\"ImageObject\",\"inLanguage\":\"fr-FR\",\"@id\":\"https:\\\/\\\/lasentinelle.dz\\\/index.php\\\/2024\\\/09\\\/26\\\/ligue-1-mobilis-le-mc-oran-demarre-en-trombe\\\/#primaryimage\",\"url\":\"https:\\\/\\\/lasentinelle.dz\\\/wp-content\\\/uploads\\\/2024\\\/09\\\/Hmaraoua.jpg\",\"contentUrl\":\"https:\\\/\\\/lasentinelle.dz\\\/wp-content\\\/uploads\\\/2024\\\/09\\\/Hmaraoua.jpg\",\"width\":1682,\"height\":1346},{\"@type\":\"BreadcrumbList\",\"@id\":\"https:\\\/\\\/lasentinelle.dz\\\/index.php\\\/2024\\\/09\\\/26\\\/ligue-1-mobilis-le-mc-oran-demarre-en-trombe\\\/#breadcrumb\",\"itemListElement\":[{\"@type\":\"ListItem\",\"position\":1,\"name\":\"Accueil\",\"item\":\"https:\\\/\\\/lasentinelle.dz\\\/\"},{\"@type\":\"ListItem\",\"position\":2,\"name\":\"Ligue 1 Mobilis : Le MC Oran d\u00e9marre en trombe\"}]},{\"@type\":\"WebSite\",\"@id\":\"https:\\\/\\\/lasentinelle.dz\\\/#website\",\"url\":\"https:\\\/\\\/lasentinelle.dz\\\/\",\"name\":\"La Sentinelle\",\"description\":\"Quotidien national d&#039;information\",\"publisher\":{\"@id\":\"https:\\\/\\\/lasentinelle.dz\\\/#organization\"},\"potentialAction\":[{\"@type\":\"SearchAction\",\"target\":{\"@type\":\"EntryPoint\",\"urlTemplate\":\"https:\\\/\\\/lasentinelle.dz\\\/?s={search_term_string}\"},\"query-input\":{\"@type\":\"PropertyValueSpecification\",\"valueRequired\":true,\"valueName\":\"search_term_string\"}}],\"inLanguage\":\"fr-FR\"},{\"@type\":\"Organization\",\"@id\":\"https:\\\/\\\/lasentinelle.dz\\\/#organization\",\"name\":\"Quotidien La Sentinelle\",\"url\":\"https:\\\/\\\/lasentinelle.dz\\\/\",\"logo\":{\"@type\":\"ImageObject\",\"inLanguage\":\"fr-FR\",\"@id\":\"https:\\\/\\\/lasentinelle.dz\\\/#\\\/schema\\\/logo\\\/image\\\/\",\"url\":\"https:\\\/\\\/lasentinelle.dz\\\/wp-content\\\/uploads\\\/2021\\\/09\\\/logo-sentinelleSLOGAN-1.png\",\"contentUrl\":\"https:\\\/\\\/lasentinelle.dz\\\/wp-content\\\/uploads\\\/2021\\\/09\\\/logo-sentinelleSLOGAN-1.png\",\"width\":615,\"height\":142,\"caption\":\"Quotidien La Sentinelle\"},\"image\":{\"@id\":\"https:\\\/\\\/lasentinelle.dz\\\/#\\\/schema\\\/logo\\\/image\\\/\"},\"sameAs\":[\"https:\\\/\\\/www.facebook.com\\\/La-Sentinelle-104059864394773\"]},{\"@type\":\"Person\",\"@id\":\"https:\\\/\\\/lasentinelle.dz\\\/#\\\/schema\\\/person\\\/729ee0024f24e0b8c5ec17232f8e8b41\",\"name\":\"admin\",\"image\":{\"@type\":\"ImageObject\",\"inLanguage\":\"fr-FR\",\"@id\":\"https:\\\/\\\/secure.gravatar.com\\\/avatar\\\/4c81fed838786e9b53f540bf46533e750f5d292099ae3b66cfc6fb1982e29df7?s=96&d=mm&r=g\",\"url\":\"https:\\\/\\\/secure.gravatar.com\\\/avatar\\\/4c81fed838786e9b53f540bf46533e750f5d292099ae3b66cfc6fb1982e29df7?s=96&d=mm&r=g\",\"contentUrl\":\"https:\\\/\\\/secure.gravatar.com\\\/avatar\\\/4c81fed838786e9b53f540bf46533e750f5d292099ae3b66cfc6fb1982e29df7?s=96&d=mm&r=g\",\"caption\":\"admin\"},\"description\":\"admin\",\"url\":\"https:\\\/\\\/lasentinelle.dz\\\/author\\\/admin\\\/\"}]}<\/script>\n<!-- \/ Yoast SEO plugin. -->","yoast_head_json":{"title":"Ligue 1 Mobilis : Le MC Oran d\u00e9marre en trombe - La Sentinelle","robots":{"index":"index","follow":"follow","max-snippet":"max-snippet:-1","max-image-preview":"max-image-preview:large","max-video-preview":"max-video-preview:-1"},"canonical":"https:\/\/lasentinelle.dz\/index.php\/2024\/09\/26\/ligue-1-mobilis-le-mc-oran-demarre-en-trombe\/","og_locale":"fr_FR","og_type":"article","og_title":"Ligue 1 Mobilis : Le MC Oran d\u00e9marre en trombe - La Sentinelle","og_description":"Le Mouloudia Club d&rsquo;Oran (MCO) a parfaitement lanc\u00e9 sa saison 2024-2025 en s&rsquo;imposant 2-0 face \u00e0 la JS Saoura, lors","og_url":"https:\/\/lasentinelle.dz\/index.php\/2024\/09\/26\/ligue-1-mobilis-le-mc-oran-demarre-en-trombe\/","og_site_name":"La Sentinelle","article_publisher":"https:\/\/www.facebook.com\/La-Sentinelle-104059864394773","article_published_time":"2024-09-26T12:07:00+00:00","article_modified_time":"2024-09-26T12:07:01+00:00","og_image":[{"width":1682,"height":1346,"url":"https:\/\/lasentinelle.dz\/wp-content\/uploads\/2024\/09\/Hmaraoua.jpg","type":"image\/jpeg"}],"author":"admin","twitter_card":"summary_large_image","twitter_misc":{"\u00c9crit par":"admin","Dur\u00e9e de lecture estim\u00e9e":"4 minutes"},"schema":{"@context":"https:\/\/schema.org","@graph":[{"@type":"Article","@id":"https:\/\/lasentinelle.dz\/index.php\/2024\/09\/26\/ligue-1-mobilis-le-mc-oran-demarre-en-trombe\/#article","isPartOf":{"@id":"https:\/\/lasentinelle.dz\/index.php\/2024\/09\/26\/ligue-1-mobilis-le-mc-oran-demarre-en-trombe\/"},"author":{"name":"admin","@id":"https:\/\/lasentinelle.dz\/#\/schema\/person\/729ee0024f24e0b8c5ec17232f8e8b41"},"headline":"Ligue 1 Mobilis : Le MC Oran d\u00e9marre en trombe","datePublished":"2024-09-26T12:07:00+00:00","dateModified":"2024-09-26T12:07:01+00:00","mainEntityOfPage":{"@id":"https:\/\/lasentinelle.dz\/index.php\/2024\/09\/26\/ligue-1-mobilis-le-mc-oran-demarre-en-trombe\/"},"wordCount":635,"commentCount":0,"publisher":{"@id":"https:\/\/lasentinelle.dz\/#organization"},"image":{"@id":"https:\/\/lasentinelle.dz\/index.php\/2024\/09\/26\/ligue-1-mobilis-le-mc-oran-demarre-en-trombe\/#primaryimage"},"thumbnailUrl":"https:\/\/lasentinelle.dz\/wp-content\/uploads\/2024\/09\/Hmaraoua.jpg","articleSection":["Sports"],"inLanguage":"fr-FR","potentialAction":[{"@type":"CommentAction","name":"Comment","target":["https:\/\/lasentinelle.dz\/index.php\/2024\/09\/26\/ligue-1-mobilis-le-mc-oran-demarre-en-trombe\/#respond"]}]},{"@type":"WebPage","@id":"https:\/\/lasentinelle.dz\/index.php\/2024\/09\/26\/ligue-1-mobilis-le-mc-oran-demarre-en-trombe\/","url":"https:\/\/lasentinelle.dz\/index.php\/2024\/09\/26\/ligue-1-mobilis-le-mc-oran-demarre-en-trombe\/","name":"Ligue 1 Mobilis : Le MC Oran d\u00e9marre en trombe - La Sentinelle","isPartOf":{"@id":"https:\/\/lasentinelle.dz\/#website"},"primaryImageOfPage":{"@id":"https:\/\/lasentinelle.dz\/index.php\/2024\/09\/26\/ligue-1-mobilis-le-mc-oran-demarre-en-trombe\/#primaryimage"},"image":{"@id":"https:\/\/lasentinelle.dz\/index.php\/2024\/09\/26\/ligue-1-mobilis-le-mc-oran-demarre-en-trombe\/#primaryimage"},"thumbnailUrl":"https:\/\/lasentinelle.dz\/wp-content\/uploads\/2024\/09\/Hmaraoua.jpg","datePublished":"2024-09-26T12:07:00+00:00","dateModified":"2024-09-26T12:07:01+00:00","breadcrumb":{"@id":"https:\/\/lasentinelle.dz\/index.php\/2024\/09\/26\/ligue-1-mobilis-le-mc-oran-demarre-en-trombe\/#breadcrumb"},"inLanguage":"fr-FR","potentialAction":[{"@type":"ReadAction","target":["https:\/\/lasentinelle.dz\/index.php\/2024\/09\/26\/ligue-1-mobilis-le-mc-oran-demarre-en-trombe\/"]}]},{"@type":"ImageObject","inLanguage":"fr-FR","@id":"https:\/\/lasentinelle.dz\/index.php\/2024\/09\/26\/ligue-1-mobilis-le-mc-oran-demarre-en-trombe\/#primaryimage","url":"https:\/\/lasentinelle.dz\/wp-content\/uploads\/2024\/09\/Hmaraoua.jpg","contentUrl":"https:\/\/lasentinelle.dz\/wp-content\/uploads\/2024\/09\/Hmaraoua.jpg","width":1682,"height":1346},{"@type":"BreadcrumbList","@id":"https:\/\/lasentinelle.dz\/index.php\/2024\/09\/26\/ligue-1-mobilis-le-mc-oran-demarre-en-trombe\/#breadcrumb","itemListElement":[{"@type":"ListItem","position":1,"name":"Accueil","item":"https:\/\/lasentinelle.dz\/"},{"@type":"ListItem","position":2,"name":"Ligue 1 Mobilis : Le MC Oran d\u00e9marre en trombe"}]},{"@type":"WebSite","@id":"https:\/\/lasentinelle.dz\/#website","url":"https:\/\/lasentinelle.dz\/","name":"La Sentinelle","description":"Quotidien national d&#039;information","publisher":{"@id":"https:\/\/lasentinelle.dz\/#organization"},"potentialAction":[{"@type":"SearchAction","target":{"@type":"EntryPoint","urlTemplate":"https:\/\/lasentinelle.dz\/?s={search_term_string}"},"query-input":{"@type":"PropertyValueSpecification","valueRequired":true,"valueName":"search_term_string"}}],"inLanguage":"fr-FR"},{"@type":"Organization","@id":"https:\/\/lasentinelle.dz\/#organization","name":"Quotidien La Sentinelle","url":"https:\/\/lasentinelle.dz\/","logo":{"@type":"ImageObject","inLanguage":"fr-FR","@id":"https:\/\/lasentinelle.dz\/#\/schema\/logo\/image\/","url":"https:\/\/lasentinelle.dz\/wp-content\/uploads\/2021\/09\/logo-sentinelleSLOGAN-1.png","contentUrl":"https:\/\/lasentinelle.dz\/wp-content\/uploads\/2021\/09\/logo-sentinelleSLOGAN-1.png","width":615,"height":142,"caption":"Quotidien La Sentinelle"},"image":{"@id":"https:\/\/lasentinelle.dz\/#\/schema\/logo\/image\/"},"sameAs":["https:\/\/www.facebook.com\/La-Sentinelle-104059864394773"]},{"@type":"Person","@id":"https:\/\/lasentinelle.dz\/#\/schema\/person\/729ee0024f24e0b8c5ec17232f8e8b41","name":"admin","image":{"@type":"ImageObject","inLanguage":"fr-FR","@id":"https:\/\/secure.gravatar.com\/avatar\/4c81fed838786e9b53f540bf46533e750f5d292099ae3b66cfc6fb1982e29df7?s=96&d=mm&r=g","url":"https:\/\/secure.gravatar.com\/avatar\/4c81fed838786e9b53f540bf46533e750f5d292099ae3b66cfc6fb1982e29df7?s=96&d=mm&r=g","contentUrl":"https:\/\/secure.gravatar.com\/avatar\/4c81fed838786e9b53f540bf46533e750f5d292099ae3b66cfc6fb1982e29df7?s=96&d=mm&r=g","caption":"admin"},"description":"admin","url":"https:\/\/lasentinelle.dz\/author\/admin\/"}]}},"_links":{"self":[{"href":"https:\/\/lasentinelle.dz\/index.php\/wp-json\/wp\/v2\/posts\/57500","targetHints":{"allow":["GET"]}}],"collection":[{"href":"https:\/\/lasentinelle.dz\/index.php\/wp-json\/wp\/v2\/posts"}],"about":[{"href":"https:\/\/lasentinelle.dz\/index.php\/wp-json\/wp\/v2\/types\/post"}],"author":[{"embeddable":true,"href":"https:\/\/lasentinelle.dz\/index.php\/wp-json\/wp\/v2\/users\/6"}],"replies":[{"embeddable":true,"href":"https:\/\/lasentinelle.dz\/index.php\/wp-json\/wp\/v2\/comments?post=57500"}],"version-history":[{"count":1,"href":"https:\/\/lasentinelle.dz\/index.php\/wp-json\/wp\/v2\/posts\/57500\/revisions"}],"predecessor-version":[{"id":57502,"href":"https:\/\/lasentinelle.dz\/index.php\/wp-json\/wp\/v2\/posts\/57500\/revisions\/57502"}],"wp:featuredmedia":[{"embeddable":true,"href":"https:\/\/lasentinelle.dz\/index.php\/wp-json\/wp\/v2\/media\/57501"}],"wp:attachment":[{"href":"https:\/\/lasentinelle.dz\/index.php\/wp-json\/wp\/v2\/media?parent=57500"}],"wp:term":[{"taxonomy":"category","embeddable":true,"href":"https:\/\/lasentinelle.dz\/index.php\/wp-json\/wp\/v2\/categories?post=57500"},{"taxonomy":"post_tag","embeddable":true,"href":"https:\/\/lasentinelle.dz\/index.php\/wp-json\/wp\/v2\/tags?post=57500"}],"curies":[{"name":"wp","href":"https:\/\/api.w.org\/{rel}","templated":true}]}}