{"id":57508,"date":"2024-09-26T13:09:32","date_gmt":"2024-09-26T12:09:32","guid":{"rendered":"https:\/\/lasentinelle.dz\/?p=57508"},"modified":"2024-09-26T13:09:33","modified_gmt":"2024-09-26T12:09:33","slug":"pour-faute-de-livraison-des-recoltes-cerealieres-a-la-ccls-des-agriculteurs-mis-en-demeure-a-annaba","status":"publish","type":"post","link":"https:\/\/lasentinelle.dz\/index.php\/2024\/09\/26\/pour-faute-de-livraison-des-recoltes-cerealieres-a-la-ccls-des-agriculteurs-mis-en-demeure-a-annaba\/","title":{"rendered":"Pour faute de livraison des r\u00e9coltes c\u00e9r\u00e9ali\u00e8res \u00e0 la CCLS: Des agriculteurs mis en demeure \u00e0 Annaba"},"content":{"rendered":"\n<p>Des agriculteurs ayant b\u00e9n\u00e9fici\u00e9 de semences et d&rsquo;engrais gratuits au cours de la saison agricole \u00e9coul\u00e9e et qui n&rsquo;ont pas livr\u00e9 leurs r\u00e9coltes (bl\u00e9 et l\u00e9gumineuses) \u00e0 la Coop\u00e9rative de c\u00e9r\u00e9ales et des l\u00e9gumes secs d\u2019El Hadjar, ont \u00e9t\u00e9 mis en demeure.<\/p>\n\n\n\n<p>\u00c0 cet effet, et afin de se renseigner sur les raisons de ce retard, la direction des services agricoles (DSA) de la wilaya d\u2019Annaba a \u00e9mis plus de 65 mises en demeures \u00e0 l\u2019encontre des agriculteurs qui ont b\u00e9n\u00e9fici\u00e9 de la gratuit\u00e9 des semences et des intrants. La d\u00e9marche intervient, nous dit-on, avant l\u2019entame des proc\u00e9dures qui s\u2019imposent en pareils cas, apprend-on de sources relevant de la DSA. Selon les m\u00eames sources, l&rsquo;op\u00e9ration devra se poursuivre dans les prochains jours. Les m\u00eames sources ajoutent que la direction des services agricoles d&rsquo;Annaba avait invit\u00e9 et contraint les agriculteurs concern\u00e9s \u00e0 d\u00e9poser leurs r\u00e9coltes au niveau de la CCLS avant le 15 septembre courant. Par ailleurs, la direction des services agricoles \u00e0 mis en garde contre les cons\u00e9quences r\u00e9sultant du stockage ill\u00e9gal des c\u00e9r\u00e9ales dans les fermes (coop\u00e9ratives) et les entrep\u00f4ts et ce en application des textes de lois en vigueur. En outre, en mai dernier, la direction des services agricoles d&rsquo;Annaba a interdit \u00e0 tous les agriculteurs de proc\u00e9der au processus de \u00ab tonte \u00bb des superficies ensemenc\u00e9es en c\u00e9r\u00e9ales pour la campagne agricole pr\u00e9c\u00e9dente. L&rsquo;interdiction vise \u00e0 maintenir et pr\u00e9server la production c\u00e9r\u00e9ali\u00e8re, notamment, apr\u00e8s que des milliers d\u2019agriculteurs eurent b\u00e9n\u00e9fici\u00e9 gratuitement de semences et d\u2019engrais. Pour ce faire, la DSA de la wilaya d\u2019Annaba a charg\u00e9 des chefs de sections de suivre sur le terrain le ph\u00e9nom\u00e8ne de \u00ab fauche \u00bb des c\u00e9r\u00e9ales. Tout agriculteur qui violerait l&rsquo;instruction qui stipule une interdiction stricte de faucher les superficies plant\u00e9es en c\u00e9r\u00e9ales se verra infliger les mesures l\u00e9gales applicables \u00e0 son encontre, \u00e0 l&rsquo;exception des agriculteurs qui ont b\u00e9n\u00e9fici\u00e9 de rapports d&rsquo;inspection prouvant que le rendement est inf\u00e9rieur \u00e0 10 quintaux par hectare. A noter que la wilaya d&rsquo;Annaba a r\u00e9alis\u00e9 l&rsquo;ann\u00e9e derni\u00e8re un rendement estim\u00e9 \u00e0 environ 20 quintaux par hectare de divers types de c\u00e9r\u00e9ales, donnant lieu \u00e0 la collecte de plus de 200 mille quintaux de divers types de c\u00e9r\u00e9ales d\u00e9pos\u00e9s au niveau de la Coop\u00e9rative de c\u00e9r\u00e9ales et de l\u00e9gumes secs.<\/p>\n\n\n\n<p><strong>Sofia Chahine<\/strong><\/p>\n","protected":false},"excerpt":{"rendered":"<p>Des agriculteurs ayant b\u00e9n\u00e9fici\u00e9 de semences et d&rsquo;engrais gratuits au cours de la saison agricole \u00e9coul\u00e9e et qui n&rsquo;ont pas<\/p>\n","protected":false},"author":6,"featured_media":57509,"comment_status":"open","ping_status":"closed","sticky":false,"template":"","format":"standard","meta":{"colormag_page_container_layout":"default_layout","colormag_page_sidebar_layout":"default_layout","om_disable_all_campaigns":false,"_monsterinsights_skip_tracking":false,"_monsterinsights_sitenote_active":false,"_monsterinsights_sitenote_note":"","_monsterinsights_sitenote_category":0,"footnotes":"","_wpscppro_dont_share_socialmedia":false,"_wpscppro_custom_social_share_image":0,"_facebook_share_type":"default","_twitter_share_type":"default","_linkedin_share_type":"default","_pinterest_share_type":"default","_linkedin_share_type_page":"","_instagram_share_type":"default","_medium_share_type":"","_threads_share_type":"","_google_business_share_type":"","_selected_social_profile":[],"_wpsp_enable_custom_social_template":false,"_wpsp_social_scheduling":{"enabled":false,"datetime":null,"platforms":[],"status":"template_only","dateOption":"today","timeOption":"now","customDays":"","customHours":"","customDate":"","customTime":"","schedulingType":"absolute"},"_wpsp_active_default_template":true},"categories":[31],"tags":[],"class_list":["post-57508","post","type-post","status-publish","format-standard","has-post-thumbnail","hentry","category-regions"],"aioseo_notices":[],"yoast_head":"<!-- This site is optimized with the Yoast SEO plugin v27.5 - https:\/\/yoast.com\/product\/yoast-seo-wordpress\/ -->\n<title>Pour faute de livraison des r\u00e9coltes c\u00e9r\u00e9ali\u00e8res \u00e0 la CCLS: Des agriculteurs mis en demeure \u00e0 Annaba - La Sentinelle<\/title>\n<meta name=\"robots\" content=\"index, follow, max-snippet:-1, max-image-preview:large, max-video-preview:-1\" \/>\n<link rel=\"canonical\" href=\"https:\/\/lasentinelle.dz\/index.php\/2024\/09\/26\/pour-faute-de-livraison-des-recoltes-cerealieres-a-la-ccls-des-agriculteurs-mis-en-demeure-a-annaba\/\" \/>\n<meta property=\"og:locale\" content=\"fr_FR\" \/>\n<meta property=\"og:type\" content=\"article\" \/>\n<meta property=\"og:title\" content=\"Pour faute de livraison des r\u00e9coltes c\u00e9r\u00e9ali\u00e8res \u00e0 la CCLS: Des agriculteurs mis en demeure \u00e0 Annaba - La Sentinelle\" \/>\n<meta property=\"og:description\" content=\"Des agriculteurs ayant b\u00e9n\u00e9fici\u00e9 de semences et d&rsquo;engrais gratuits au cours de la saison agricole \u00e9coul\u00e9e et qui n&rsquo;ont pas\" \/>\n<meta property=\"og:url\" content=\"https:\/\/lasentinelle.dz\/index.php\/2024\/09\/26\/pour-faute-de-livraison-des-recoltes-cerealieres-a-la-ccls-des-agriculteurs-mis-en-demeure-a-annaba\/\" \/>\n<meta property=\"og:site_name\" content=\"La Sentinelle\" \/>\n<meta property=\"article:publisher\" content=\"https:\/\/www.facebook.com\/La-Sentinelle-104059864394773\" \/>\n<meta property=\"article:published_time\" content=\"2024-09-26T12:09:32+00:00\" \/>\n<meta property=\"article:modified_time\" content=\"2024-09-26T12:09:33+00:00\" \/>\n<meta property=\"og:image\" content=\"https:\/\/lasentinelle.dz\/wp-content\/uploads\/2024\/09\/cereales.jpeg\" \/>\n\t<meta property=\"og:image:width\" content=\"620\" \/>\n\t<meta property=\"og:image:height\" content=\"330\" \/>\n\t<meta property=\"og:image:type\" content=\"image\/jpeg\" \/>\n<meta name=\"author\" content=\"admin\" \/>\n<meta name=\"twitter:card\" content=\"summary_large_image\" \/>\n<meta name=\"twitter:label1\" content=\"\u00c9crit par\" \/>\n\t<meta name=\"twitter:data1\" content=\"admin\" \/>\n\t<meta name=\"twitter:label2\" content=\"Dur\u00e9e de lecture estim\u00e9e\" \/>\n\t<meta name=\"twitter:data2\" content=\"3 minutes\" \/>\n<script type=\"application\/ld+json\" class=\"yoast-schema-graph\">{\"@context\":\"https:\\\/\\\/schema.org\",\"@graph\":[{\"@type\":\"Article\",\"@id\":\"https:\\\/\\\/lasentinelle.dz\\\/index.php\\\/2024\\\/09\\\/26\\\/pour-faute-de-livraison-des-recoltes-cerealieres-a-la-ccls-des-agriculteurs-mis-en-demeure-a-annaba\\\/#article\",\"isPartOf\":{\"@id\":\"https:\\\/\\\/lasentinelle.dz\\\/index.php\\\/2024\\\/09\\\/26\\\/pour-faute-de-livraison-des-recoltes-cerealieres-a-la-ccls-des-agriculteurs-mis-en-demeure-a-annaba\\\/\"},\"author\":{\"name\":\"admin\",\"@id\":\"https:\\\/\\\/lasentinelle.dz\\\/#\\\/schema\\\/person\\\/729ee0024f24e0b8c5ec17232f8e8b41\"},\"headline\":\"Pour faute de livraison des r\u00e9coltes c\u00e9r\u00e9ali\u00e8res \u00e0 la CCLS: Des agriculteurs mis en demeure \u00e0 Annaba\",\"datePublished\":\"2024-09-26T12:09:32+00:00\",\"dateModified\":\"2024-09-26T12:09:33+00:00\",\"mainEntityOfPage\":{\"@id\":\"https:\\\/\\\/lasentinelle.dz\\\/index.php\\\/2024\\\/09\\\/26\\\/pour-faute-de-livraison-des-recoltes-cerealieres-a-la-ccls-des-agriculteurs-mis-en-demeure-a-annaba\\\/\"},\"wordCount\":458,\"commentCount\":0,\"publisher\":{\"@id\":\"https:\\\/\\\/lasentinelle.dz\\\/#organization\"},\"image\":{\"@id\":\"https:\\\/\\\/lasentinelle.dz\\\/index.php\\\/2024\\\/09\\\/26\\\/pour-faute-de-livraison-des-recoltes-cerealieres-a-la-ccls-des-agriculteurs-mis-en-demeure-a-annaba\\\/#primaryimage\"},\"thumbnailUrl\":\"https:\\\/\\\/lasentinelle.dz\\\/wp-content\\\/uploads\\\/2024\\\/09\\\/cereales.jpeg\",\"articleSection\":[\"R\u00e9gions\"],\"inLanguage\":\"fr-FR\",\"potentialAction\":[{\"@type\":\"CommentAction\",\"name\":\"Comment\",\"target\":[\"https:\\\/\\\/lasentinelle.dz\\\/index.php\\\/2024\\\/09\\\/26\\\/pour-faute-de-livraison-des-recoltes-cerealieres-a-la-ccls-des-agriculteurs-mis-en-demeure-a-annaba\\\/#respond\"]}]},{\"@type\":\"WebPage\",\"@id\":\"https:\\\/\\\/lasentinelle.dz\\\/index.php\\\/2024\\\/09\\\/26\\\/pour-faute-de-livraison-des-recoltes-cerealieres-a-la-ccls-des-agriculteurs-mis-en-demeure-a-annaba\\\/\",\"url\":\"https:\\\/\\\/lasentinelle.dz\\\/index.php\\\/2024\\\/09\\\/26\\\/pour-faute-de-livraison-des-recoltes-cerealieres-a-la-ccls-des-agriculteurs-mis-en-demeure-a-annaba\\\/\",\"name\":\"Pour faute de livraison des r\u00e9coltes c\u00e9r\u00e9ali\u00e8res \u00e0 la CCLS: Des agriculteurs mis en demeure \u00e0 Annaba - La Sentinelle\",\"isPartOf\":{\"@id\":\"https:\\\/\\\/lasentinelle.dz\\\/#website\"},\"primaryImageOfPage\":{\"@id\":\"https:\\\/\\\/lasentinelle.dz\\\/index.php\\\/2024\\\/09\\\/26\\\/pour-faute-de-livraison-des-recoltes-cerealieres-a-la-ccls-des-agriculteurs-mis-en-demeure-a-annaba\\\/#primaryimage\"},\"image\":{\"@id\":\"https:\\\/\\\/lasentinelle.dz\\\/index.php\\\/2024\\\/09\\\/26\\\/pour-faute-de-livraison-des-recoltes-cerealieres-a-la-ccls-des-agriculteurs-mis-en-demeure-a-annaba\\\/#primaryimage\"},\"thumbnailUrl\":\"https:\\\/\\\/lasentinelle.dz\\\/wp-content\\\/uploads\\\/2024\\\/09\\\/cereales.jpeg\",\"datePublished\":\"2024-09-26T12:09:32+00:00\",\"dateModified\":\"2024-09-26T12:09:33+00:00\",\"breadcrumb\":{\"@id\":\"https:\\\/\\\/lasentinelle.dz\\\/index.php\\\/2024\\\/09\\\/26\\\/pour-faute-de-livraison-des-recoltes-cerealieres-a-la-ccls-des-agriculteurs-mis-en-demeure-a-annaba\\\/#breadcrumb\"},\"inLanguage\":\"fr-FR\",\"potentialAction\":[{\"@type\":\"ReadAction\",\"target\":[\"https:\\\/\\\/lasentinelle.dz\\\/index.php\\\/2024\\\/09\\\/26\\\/pour-faute-de-livraison-des-recoltes-cerealieres-a-la-ccls-des-agriculteurs-mis-en-demeure-a-annaba\\\/\"]}]},{\"@type\":\"ImageObject\",\"inLanguage\":\"fr-FR\",\"@id\":\"https:\\\/\\\/lasentinelle.dz\\\/index.php\\\/2024\\\/09\\\/26\\\/pour-faute-de-livraison-des-recoltes-cerealieres-a-la-ccls-des-agriculteurs-mis-en-demeure-a-annaba\\\/#primaryimage\",\"url\":\"https:\\\/\\\/lasentinelle.dz\\\/wp-content\\\/uploads\\\/2024\\\/09\\\/cereales.jpeg\",\"contentUrl\":\"https:\\\/\\\/lasentinelle.dz\\\/wp-content\\\/uploads\\\/2024\\\/09\\\/cereales.jpeg\",\"width\":620,\"height\":330},{\"@type\":\"BreadcrumbList\",\"@id\":\"https:\\\/\\\/lasentinelle.dz\\\/index.php\\\/2024\\\/09\\\/26\\\/pour-faute-de-livraison-des-recoltes-cerealieres-a-la-ccls-des-agriculteurs-mis-en-demeure-a-annaba\\\/#breadcrumb\",\"itemListElement\":[{\"@type\":\"ListItem\",\"position\":1,\"name\":\"Accueil\",\"item\":\"https:\\\/\\\/lasentinelle.dz\\\/\"},{\"@type\":\"ListItem\",\"position\":2,\"name\":\"Pour faute de livraison des r\u00e9coltes c\u00e9r\u00e9ali\u00e8res \u00e0 la CCLS: Des agriculteurs mis en demeure \u00e0 Annaba\"}]},{\"@type\":\"WebSite\",\"@id\":\"https:\\\/\\\/lasentinelle.dz\\\/#website\",\"url\":\"https:\\\/\\\/lasentinelle.dz\\\/\",\"name\":\"La Sentinelle\",\"description\":\"Quotidien national d&#039;information\",\"publisher\":{\"@id\":\"https:\\\/\\\/lasentinelle.dz\\\/#organization\"},\"potentialAction\":[{\"@type\":\"SearchAction\",\"target\":{\"@type\":\"EntryPoint\",\"urlTemplate\":\"https:\\\/\\\/lasentinelle.dz\\\/?s={search_term_string}\"},\"query-input\":{\"@type\":\"PropertyValueSpecification\",\"valueRequired\":true,\"valueName\":\"search_term_string\"}}],\"inLanguage\":\"fr-FR\"},{\"@type\":\"Organization\",\"@id\":\"https:\\\/\\\/lasentinelle.dz\\\/#organization\",\"name\":\"Quotidien La Sentinelle\",\"url\":\"https:\\\/\\\/lasentinelle.dz\\\/\",\"logo\":{\"@type\":\"ImageObject\",\"inLanguage\":\"fr-FR\",\"@id\":\"https:\\\/\\\/lasentinelle.dz\\\/#\\\/schema\\\/logo\\\/image\\\/\",\"url\":\"https:\\\/\\\/lasentinelle.dz\\\/wp-content\\\/uploads\\\/2021\\\/09\\\/logo-sentinelleSLOGAN-1.png\",\"contentUrl\":\"https:\\\/\\\/lasentinelle.dz\\\/wp-content\\\/uploads\\\/2021\\\/09\\\/logo-sentinelleSLOGAN-1.png\",\"width\":615,\"height\":142,\"caption\":\"Quotidien La Sentinelle\"},\"image\":{\"@id\":\"https:\\\/\\\/lasentinelle.dz\\\/#\\\/schema\\\/logo\\\/image\\\/\"},\"sameAs\":[\"https:\\\/\\\/www.facebook.com\\\/La-Sentinelle-104059864394773\"]},{\"@type\":\"Person\",\"@id\":\"https:\\\/\\\/lasentinelle.dz\\\/#\\\/schema\\\/person\\\/729ee0024f24e0b8c5ec17232f8e8b41\",\"name\":\"admin\",\"image\":{\"@type\":\"ImageObject\",\"inLanguage\":\"fr-FR\",\"@id\":\"https:\\\/\\\/secure.gravatar.com\\\/avatar\\\/4c81fed838786e9b53f540bf46533e750f5d292099ae3b66cfc6fb1982e29df7?s=96&d=mm&r=g\",\"url\":\"https:\\\/\\\/secure.gravatar.com\\\/avatar\\\/4c81fed838786e9b53f540bf46533e750f5d292099ae3b66cfc6fb1982e29df7?s=96&d=mm&r=g\",\"contentUrl\":\"https:\\\/\\\/secure.gravatar.com\\\/avatar\\\/4c81fed838786e9b53f540bf46533e750f5d292099ae3b66cfc6fb1982e29df7?s=96&d=mm&r=g\",\"caption\":\"admin\"},\"description\":\"admin\",\"url\":\"https:\\\/\\\/lasentinelle.dz\\\/author\\\/admin\\\/\"}]}<\/script>\n<!-- \/ Yoast SEO plugin. -->","yoast_head_json":{"title":"Pour faute de livraison des r\u00e9coltes c\u00e9r\u00e9ali\u00e8res \u00e0 la CCLS: Des agriculteurs mis en demeure \u00e0 Annaba - La Sentinelle","robots":{"index":"index","follow":"follow","max-snippet":"max-snippet:-1","max-image-preview":"max-image-preview:large","max-video-preview":"max-video-preview:-1"},"canonical":"https:\/\/lasentinelle.dz\/index.php\/2024\/09\/26\/pour-faute-de-livraison-des-recoltes-cerealieres-a-la-ccls-des-agriculteurs-mis-en-demeure-a-annaba\/","og_locale":"fr_FR","og_type":"article","og_title":"Pour faute de livraison des r\u00e9coltes c\u00e9r\u00e9ali\u00e8res \u00e0 la CCLS: Des agriculteurs mis en demeure \u00e0 Annaba - La Sentinelle","og_description":"Des agriculteurs ayant b\u00e9n\u00e9fici\u00e9 de semences et d&rsquo;engrais gratuits au cours de la saison agricole \u00e9coul\u00e9e et qui n&rsquo;ont pas","og_url":"https:\/\/lasentinelle.dz\/index.php\/2024\/09\/26\/pour-faute-de-livraison-des-recoltes-cerealieres-a-la-ccls-des-agriculteurs-mis-en-demeure-a-annaba\/","og_site_name":"La Sentinelle","article_publisher":"https:\/\/www.facebook.com\/La-Sentinelle-104059864394773","article_published_time":"2024-09-26T12:09:32+00:00","article_modified_time":"2024-09-26T12:09:33+00:00","og_image":[{"width":620,"height":330,"url":"https:\/\/lasentinelle.dz\/wp-content\/uploads\/2024\/09\/cereales.jpeg","type":"image\/jpeg"}],"author":"admin","twitter_card":"summary_large_image","twitter_misc":{"\u00c9crit par":"admin","Dur\u00e9e de lecture estim\u00e9e":"3 minutes"},"schema":{"@context":"https:\/\/schema.org","@graph":[{"@type":"Article","@id":"https:\/\/lasentinelle.dz\/index.php\/2024\/09\/26\/pour-faute-de-livraison-des-recoltes-cerealieres-a-la-ccls-des-agriculteurs-mis-en-demeure-a-annaba\/#article","isPartOf":{"@id":"https:\/\/lasentinelle.dz\/index.php\/2024\/09\/26\/pour-faute-de-livraison-des-recoltes-cerealieres-a-la-ccls-des-agriculteurs-mis-en-demeure-a-annaba\/"},"author":{"name":"admin","@id":"https:\/\/lasentinelle.dz\/#\/schema\/person\/729ee0024f24e0b8c5ec17232f8e8b41"},"headline":"Pour faute de livraison des r\u00e9coltes c\u00e9r\u00e9ali\u00e8res \u00e0 la CCLS: Des agriculteurs mis en demeure \u00e0 Annaba","datePublished":"2024-09-26T12:09:32+00:00","dateModified":"2024-09-26T12:09:33+00:00","mainEntityOfPage":{"@id":"https:\/\/lasentinelle.dz\/index.php\/2024\/09\/26\/pour-faute-de-livraison-des-recoltes-cerealieres-a-la-ccls-des-agriculteurs-mis-en-demeure-a-annaba\/"},"wordCount":458,"commentCount":0,"publisher":{"@id":"https:\/\/lasentinelle.dz\/#organization"},"image":{"@id":"https:\/\/lasentinelle.dz\/index.php\/2024\/09\/26\/pour-faute-de-livraison-des-recoltes-cerealieres-a-la-ccls-des-agriculteurs-mis-en-demeure-a-annaba\/#primaryimage"},"thumbnailUrl":"https:\/\/lasentinelle.dz\/wp-content\/uploads\/2024\/09\/cereales.jpeg","articleSection":["R\u00e9gions"],"inLanguage":"fr-FR","potentialAction":[{"@type":"CommentAction","name":"Comment","target":["https:\/\/lasentinelle.dz\/index.php\/2024\/09\/26\/pour-faute-de-livraison-des-recoltes-cerealieres-a-la-ccls-des-agriculteurs-mis-en-demeure-a-annaba\/#respond"]}]},{"@type":"WebPage","@id":"https:\/\/lasentinelle.dz\/index.php\/2024\/09\/26\/pour-faute-de-livraison-des-recoltes-cerealieres-a-la-ccls-des-agriculteurs-mis-en-demeure-a-annaba\/","url":"https:\/\/lasentinelle.dz\/index.php\/2024\/09\/26\/pour-faute-de-livraison-des-recoltes-cerealieres-a-la-ccls-des-agriculteurs-mis-en-demeure-a-annaba\/","name":"Pour faute de livraison des r\u00e9coltes c\u00e9r\u00e9ali\u00e8res \u00e0 la CCLS: Des agriculteurs mis en demeure \u00e0 Annaba - La Sentinelle","isPartOf":{"@id":"https:\/\/lasentinelle.dz\/#website"},"primaryImageOfPage":{"@id":"https:\/\/lasentinelle.dz\/index.php\/2024\/09\/26\/pour-faute-de-livraison-des-recoltes-cerealieres-a-la-ccls-des-agriculteurs-mis-en-demeure-a-annaba\/#primaryimage"},"image":{"@id":"https:\/\/lasentinelle.dz\/index.php\/2024\/09\/26\/pour-faute-de-livraison-des-recoltes-cerealieres-a-la-ccls-des-agriculteurs-mis-en-demeure-a-annaba\/#primaryimage"},"thumbnailUrl":"https:\/\/lasentinelle.dz\/wp-content\/uploads\/2024\/09\/cereales.jpeg","datePublished":"2024-09-26T12:09:32+00:00","dateModified":"2024-09-26T12:09:33+00:00","breadcrumb":{"@id":"https:\/\/lasentinelle.dz\/index.php\/2024\/09\/26\/pour-faute-de-livraison-des-recoltes-cerealieres-a-la-ccls-des-agriculteurs-mis-en-demeure-a-annaba\/#breadcrumb"},"inLanguage":"fr-FR","potentialAction":[{"@type":"ReadAction","target":["https:\/\/lasentinelle.dz\/index.php\/2024\/09\/26\/pour-faute-de-livraison-des-recoltes-cerealieres-a-la-ccls-des-agriculteurs-mis-en-demeure-a-annaba\/"]}]},{"@type":"ImageObject","inLanguage":"fr-FR","@id":"https:\/\/lasentinelle.dz\/index.php\/2024\/09\/26\/pour-faute-de-livraison-des-recoltes-cerealieres-a-la-ccls-des-agriculteurs-mis-en-demeure-a-annaba\/#primaryimage","url":"https:\/\/lasentinelle.dz\/wp-content\/uploads\/2024\/09\/cereales.jpeg","contentUrl":"https:\/\/lasentinelle.dz\/wp-content\/uploads\/2024\/09\/cereales.jpeg","width":620,"height":330},{"@type":"BreadcrumbList","@id":"https:\/\/lasentinelle.dz\/index.php\/2024\/09\/26\/pour-faute-de-livraison-des-recoltes-cerealieres-a-la-ccls-des-agriculteurs-mis-en-demeure-a-annaba\/#breadcrumb","itemListElement":[{"@type":"ListItem","position":1,"name":"Accueil","item":"https:\/\/lasentinelle.dz\/"},{"@type":"ListItem","position":2,"name":"Pour faute de livraison des r\u00e9coltes c\u00e9r\u00e9ali\u00e8res \u00e0 la CCLS: Des agriculteurs mis en demeure \u00e0 Annaba"}]},{"@type":"WebSite","@id":"https:\/\/lasentinelle.dz\/#website","url":"https:\/\/lasentinelle.dz\/","name":"La Sentinelle","description":"Quotidien national d&#039;information","publisher":{"@id":"https:\/\/lasentinelle.dz\/#organization"},"potentialAction":[{"@type":"SearchAction","target":{"@type":"EntryPoint","urlTemplate":"https:\/\/lasentinelle.dz\/?s={search_term_string}"},"query-input":{"@type":"PropertyValueSpecification","valueRequired":true,"valueName":"search_term_string"}}],"inLanguage":"fr-FR"},{"@type":"Organization","@id":"https:\/\/lasentinelle.dz\/#organization","name":"Quotidien La Sentinelle","url":"https:\/\/lasentinelle.dz\/","logo":{"@type":"ImageObject","inLanguage":"fr-FR","@id":"https:\/\/lasentinelle.dz\/#\/schema\/logo\/image\/","url":"https:\/\/lasentinelle.dz\/wp-content\/uploads\/2021\/09\/logo-sentinelleSLOGAN-1.png","contentUrl":"https:\/\/lasentinelle.dz\/wp-content\/uploads\/2021\/09\/logo-sentinelleSLOGAN-1.png","width":615,"height":142,"caption":"Quotidien La Sentinelle"},"image":{"@id":"https:\/\/lasentinelle.dz\/#\/schema\/logo\/image\/"},"sameAs":["https:\/\/www.facebook.com\/La-Sentinelle-104059864394773"]},{"@type":"Person","@id":"https:\/\/lasentinelle.dz\/#\/schema\/person\/729ee0024f24e0b8c5ec17232f8e8b41","name":"admin","image":{"@type":"ImageObject","inLanguage":"fr-FR","@id":"https:\/\/secure.gravatar.com\/avatar\/4c81fed838786e9b53f540bf46533e750f5d292099ae3b66cfc6fb1982e29df7?s=96&d=mm&r=g","url":"https:\/\/secure.gravatar.com\/avatar\/4c81fed838786e9b53f540bf46533e750f5d292099ae3b66cfc6fb1982e29df7?s=96&d=mm&r=g","contentUrl":"https:\/\/secure.gravatar.com\/avatar\/4c81fed838786e9b53f540bf46533e750f5d292099ae3b66cfc6fb1982e29df7?s=96&d=mm&r=g","caption":"admin"},"description":"admin","url":"https:\/\/lasentinelle.dz\/author\/admin\/"}]}},"_links":{"self":[{"href":"https:\/\/lasentinelle.dz\/index.php\/wp-json\/wp\/v2\/posts\/57508","targetHints":{"allow":["GET"]}}],"collection":[{"href":"https:\/\/lasentinelle.dz\/index.php\/wp-json\/wp\/v2\/posts"}],"about":[{"href":"https:\/\/lasentinelle.dz\/index.php\/wp-json\/wp\/v2\/types\/post"}],"author":[{"embeddable":true,"href":"https:\/\/lasentinelle.dz\/index.php\/wp-json\/wp\/v2\/users\/6"}],"replies":[{"embeddable":true,"href":"https:\/\/lasentinelle.dz\/index.php\/wp-json\/wp\/v2\/comments?post=57508"}],"version-history":[{"count":1,"href":"https:\/\/lasentinelle.dz\/index.php\/wp-json\/wp\/v2\/posts\/57508\/revisions"}],"predecessor-version":[{"id":57510,"href":"https:\/\/lasentinelle.dz\/index.php\/wp-json\/wp\/v2\/posts\/57508\/revisions\/57510"}],"wp:featuredmedia":[{"embeddable":true,"href":"https:\/\/lasentinelle.dz\/index.php\/wp-json\/wp\/v2\/media\/57509"}],"wp:attachment":[{"href":"https:\/\/lasentinelle.dz\/index.php\/wp-json\/wp\/v2\/media?parent=57508"}],"wp:term":[{"taxonomy":"category","embeddable":true,"href":"https:\/\/lasentinelle.dz\/index.php\/wp-json\/wp\/v2\/categories?post=57508"},{"taxonomy":"post_tag","embeddable":true,"href":"https:\/\/lasentinelle.dz\/index.php\/wp-json\/wp\/v2\/tags?post=57508"}],"curies":[{"name":"wp","href":"https:\/\/api.w.org\/{rel}","templated":true}]}}