{"id":57532,"date":"2024-09-26T13:27:53","date_gmt":"2024-09-26T12:27:53","guid":{"rendered":"https:\/\/lasentinelle.dz\/?p=57532"},"modified":"2024-09-26T13:27:54","modified_gmt":"2024-09-26T12:27:54","slug":"anp-le-nouveau-directeur-general-de-la-documentation-et-de-la-securite-exterieure","status":"publish","type":"post","link":"https:\/\/lasentinelle.dz\/index.php\/2024\/09\/26\/anp-le-nouveau-directeur-general-de-la-documentation-et-de-la-securite-exterieure\/","title":{"rendered":"ANP: Le nouveau Directeur G\u00e9n\u00e9ral de la Documentation et de la S\u00e9curit\u00e9 Ext\u00e9rieure"},"content":{"rendered":"\n<p>Le G\u00e9n\u00e9ral d&rsquo;Arm\u00e9e Sa\u00efd Chanegriha, Chef d&rsquo;Etat-major de l&rsquo;Arm\u00e9e nationale populaire (ANP), a pr\u00e9sid\u00e9 mercredi, au nom du pr\u00e9sident de la R\u00e9publique, Chef supr\u00eame des Forces arm\u00e9es, ministre de la D\u00e9fense nationale, l&rsquo;installation officielle du G\u00e9n\u00e9ral Rochdi Fethi Moussaoui, dans les fonctions de Directeur G\u00e9n\u00e9ral de la Documentation et de la S\u00e9curit\u00e9 Ext\u00e9rieure en remplacement du G\u00e9n\u00e9ral-Major Mehena Djebbar, indique un communiqu\u00e9 du minist\u00e8re de la D\u00e9fense nationale. \u00ab\u00a0Au nom de Monsieur le pr\u00e9sident de la R\u00e9publique, Chef supr\u00eame des Forces arm\u00e9es, ministre de la D\u00e9fense nationale et conform\u00e9ment au d\u00e9cret pr\u00e9sidentiel du 19 septembre 2024, j&rsquo;installe officiellement le G\u00e9n\u00e9ral Rochdi Fethi Moussaoui, dans les fonctions de Directeur G\u00e9n\u00e9ral de la Documentation et de la S\u00e9curit\u00e9 Ext\u00e9rieure, en remplacement du G\u00e9n\u00e9ral-Major Mehena Djebbar. Aussi, je vous ordonne de travailler sous son autorit\u00e9 et d&rsquo;ex\u00e9cuter ses ordres et instructions dans l&rsquo;int\u00e9r\u00eat du service, conform\u00e9ment au r\u00e8glement militaire et aux lois r\u00e9publicaines en vigueur, et par fid\u00e9lit\u00e9 aux sacrifices de nos vaillants Chouhada et aux valeurs de notre Glorieuse R\u00e9volution\u00a0\u00bb, pr\u00e9cise la m\u00eame source. Cette occasion \u00e9tait une opportunit\u00e9 que le G\u00e9n\u00e9ral d&rsquo;Arm\u00e9e a saisie pour \u00ab\u00a0dispenser aux cadres de cette Direction un ensemble d&rsquo;instructions et d&rsquo;orientations afin de continuer \u00e0 consentir davantage d&rsquo;efforts au service de l&rsquo;Alg\u00e9rie et pour pr\u00e9server ses int\u00e9r\u00eats supr\u00eames, les exhortant \u00e0 soutenir leur nouveau Chef et l&rsquo;assister dans l&rsquo;accomplissement de ses missions, en s&rsquo;engageant totalement et fid\u00e8lement \u00e0 s&rsquo;acquitter des missions d\u00e9volues avec toute la rigueur et la pers\u00e9v\u00e9rance n\u00e9cessaires\u00a0\u00bb, note le communiqu\u00e9. Monsieur le G\u00e9n\u00e9ral d&rsquo;Arm\u00e9e \u00ab\u00a0a salu\u00e9 les qualit\u00e9s du G\u00e9n\u00e9ral-major Mehena Djebbar et les r\u00f4les importants qu&rsquo;il a tenus au sein de l&rsquo;institution militaire, comptant parmi ceux qui ont consacr\u00e9 leur vie au service de la Nation et \u00e0 la d\u00e9fense de la R\u00e9publique, en ce qu&rsquo;il a assum\u00e9 comme responsabilit\u00e9s avec succ\u00e8s et maitrise, faisant preuve, tout au long de son parcours professionnel, de hautes comp\u00e9tences, d&rsquo;un professionnalisme av\u00e9r\u00e9s et une grande capacit\u00e9 \u00e0 traiter minutieusement les diff\u00e9rents dossiers\u00a0\u00bb. Par la suite, Monsieur le G\u00e9n\u00e9ral d&rsquo;Arm\u00e9e a supervis\u00e9 la c\u00e9r\u00e9monie d&rsquo;approbation du proc\u00e8s-verbal de passation de consignes, conclut le communiqu\u00e9 du MDN.<\/p>\n\n\n\n<p>APS<\/p>\n\n\n\n<p><\/p>\n","protected":false},"excerpt":{"rendered":"<p>Le G\u00e9n\u00e9ral d&rsquo;Arm\u00e9e Sa\u00efd Chanegriha, Chef d&rsquo;Etat-major de l&rsquo;Arm\u00e9e nationale populaire (ANP), a pr\u00e9sid\u00e9 mercredi, au nom du pr\u00e9sident de<\/p>\n","protected":false},"author":6,"featured_media":57533,"comment_status":"open","ping_status":"closed","sticky":false,"template":"","format":"standard","meta":{"colormag_page_container_layout":"default_layout","colormag_page_sidebar_layout":"default_layout","om_disable_all_campaigns":false,"_monsterinsights_skip_tracking":false,"_monsterinsights_sitenote_active":false,"_monsterinsights_sitenote_note":"","_monsterinsights_sitenote_category":0,"footnotes":"","_wpscppro_dont_share_socialmedia":false,"_wpscppro_custom_social_share_image":0,"_facebook_share_type":"default","_twitter_share_type":"default","_linkedin_share_type":"default","_pinterest_share_type":"default","_linkedin_share_type_page":"","_instagram_share_type":"default","_medium_share_type":"","_threads_share_type":"","_google_business_share_type":"","_selected_social_profile":[],"_wpsp_enable_custom_social_template":false,"_wpsp_social_scheduling":{"enabled":false,"datetime":null,"platforms":[],"status":"template_only","dateOption":"today","timeOption":"now","customDays":"","customHours":"","customDate":"","customTime":"","schedulingType":"absolute"},"_wpsp_active_default_template":true},"categories":[27],"tags":[],"class_list":["post-57532","post","type-post","status-publish","format-standard","has-post-thumbnail","hentry","category-actualite"],"aioseo_notices":[],"yoast_head":"<!-- This site is optimized with the Yoast SEO plugin v27.5 - https:\/\/yoast.com\/product\/yoast-seo-wordpress\/ -->\n<title>ANP: Le nouveau Directeur G\u00e9n\u00e9ral de la Documentation et de la S\u00e9curit\u00e9 Ext\u00e9rieure - La Sentinelle<\/title>\n<meta name=\"robots\" content=\"index, follow, max-snippet:-1, max-image-preview:large, max-video-preview:-1\" \/>\n<link rel=\"canonical\" href=\"https:\/\/lasentinelle.dz\/index.php\/2024\/09\/26\/anp-le-nouveau-directeur-general-de-la-documentation-et-de-la-securite-exterieure\/\" \/>\n<meta property=\"og:locale\" content=\"fr_FR\" \/>\n<meta property=\"og:type\" content=\"article\" \/>\n<meta property=\"og:title\" content=\"ANP: Le nouveau Directeur G\u00e9n\u00e9ral de la Documentation et de la S\u00e9curit\u00e9 Ext\u00e9rieure - La Sentinelle\" \/>\n<meta property=\"og:description\" content=\"Le G\u00e9n\u00e9ral d&rsquo;Arm\u00e9e Sa\u00efd Chanegriha, Chef d&rsquo;Etat-major de l&rsquo;Arm\u00e9e nationale populaire (ANP), a pr\u00e9sid\u00e9 mercredi, au nom du pr\u00e9sident de\" \/>\n<meta property=\"og:url\" content=\"https:\/\/lasentinelle.dz\/index.php\/2024\/09\/26\/anp-le-nouveau-directeur-general-de-la-documentation-et-de-la-securite-exterieure\/\" \/>\n<meta property=\"og:site_name\" content=\"La Sentinelle\" \/>\n<meta property=\"article:publisher\" content=\"https:\/\/www.facebook.com\/La-Sentinelle-104059864394773\" \/>\n<meta property=\"article:published_time\" content=\"2024-09-26T12:27:53+00:00\" \/>\n<meta property=\"article:modified_time\" content=\"2024-09-26T12:27:54+00:00\" \/>\n<meta property=\"og:image\" content=\"https:\/\/lasentinelle.dz\/wp-content\/uploads\/2024\/09\/AAA5471.jpg\" \/>\n\t<meta property=\"og:image:width\" content=\"1670\" \/>\n\t<meta property=\"og:image:height\" content=\"1114\" \/>\n\t<meta property=\"og:image:type\" content=\"image\/jpeg\" \/>\n<meta name=\"author\" content=\"admin\" \/>\n<meta name=\"twitter:card\" content=\"summary_large_image\" \/>\n<meta name=\"twitter:label1\" content=\"\u00c9crit par\" \/>\n\t<meta name=\"twitter:data1\" content=\"admin\" \/>\n\t<meta name=\"twitter:label2\" content=\"Dur\u00e9e de lecture estim\u00e9e\" \/>\n\t<meta name=\"twitter:data2\" content=\"2 minutes\" \/>\n<script type=\"application\/ld+json\" class=\"yoast-schema-graph\">{\"@context\":\"https:\\\/\\\/schema.org\",\"@graph\":[{\"@type\":\"Article\",\"@id\":\"https:\\\/\\\/lasentinelle.dz\\\/index.php\\\/2024\\\/09\\\/26\\\/anp-le-nouveau-directeur-general-de-la-documentation-et-de-la-securite-exterieure\\\/#article\",\"isPartOf\":{\"@id\":\"https:\\\/\\\/lasentinelle.dz\\\/index.php\\\/2024\\\/09\\\/26\\\/anp-le-nouveau-directeur-general-de-la-documentation-et-de-la-securite-exterieure\\\/\"},\"author\":{\"name\":\"admin\",\"@id\":\"https:\\\/\\\/lasentinelle.dz\\\/#\\\/schema\\\/person\\\/729ee0024f24e0b8c5ec17232f8e8b41\"},\"headline\":\"ANP: Le nouveau Directeur G\u00e9n\u00e9ral de la Documentation et de la S\u00e9curit\u00e9 Ext\u00e9rieure\",\"datePublished\":\"2024-09-26T12:27:53+00:00\",\"dateModified\":\"2024-09-26T12:27:54+00:00\",\"mainEntityOfPage\":{\"@id\":\"https:\\\/\\\/lasentinelle.dz\\\/index.php\\\/2024\\\/09\\\/26\\\/anp-le-nouveau-directeur-general-de-la-documentation-et-de-la-securite-exterieure\\\/\"},\"wordCount\":465,\"commentCount\":0,\"publisher\":{\"@id\":\"https:\\\/\\\/lasentinelle.dz\\\/#organization\"},\"image\":{\"@id\":\"https:\\\/\\\/lasentinelle.dz\\\/index.php\\\/2024\\\/09\\\/26\\\/anp-le-nouveau-directeur-general-de-la-documentation-et-de-la-securite-exterieure\\\/#primaryimage\"},\"thumbnailUrl\":\"https:\\\/\\\/lasentinelle.dz\\\/wp-content\\\/uploads\\\/2024\\\/09\\\/AAA5471.jpg\",\"articleSection\":[\"Actualit\u00e9\"],\"inLanguage\":\"fr-FR\",\"potentialAction\":[{\"@type\":\"CommentAction\",\"name\":\"Comment\",\"target\":[\"https:\\\/\\\/lasentinelle.dz\\\/index.php\\\/2024\\\/09\\\/26\\\/anp-le-nouveau-directeur-general-de-la-documentation-et-de-la-securite-exterieure\\\/#respond\"]}]},{\"@type\":\"WebPage\",\"@id\":\"https:\\\/\\\/lasentinelle.dz\\\/index.php\\\/2024\\\/09\\\/26\\\/anp-le-nouveau-directeur-general-de-la-documentation-et-de-la-securite-exterieure\\\/\",\"url\":\"https:\\\/\\\/lasentinelle.dz\\\/index.php\\\/2024\\\/09\\\/26\\\/anp-le-nouveau-directeur-general-de-la-documentation-et-de-la-securite-exterieure\\\/\",\"name\":\"ANP: Le nouveau Directeur G\u00e9n\u00e9ral de la Documentation et de la S\u00e9curit\u00e9 Ext\u00e9rieure - La Sentinelle\",\"isPartOf\":{\"@id\":\"https:\\\/\\\/lasentinelle.dz\\\/#website\"},\"primaryImageOfPage\":{\"@id\":\"https:\\\/\\\/lasentinelle.dz\\\/index.php\\\/2024\\\/09\\\/26\\\/anp-le-nouveau-directeur-general-de-la-documentation-et-de-la-securite-exterieure\\\/#primaryimage\"},\"image\":{\"@id\":\"https:\\\/\\\/lasentinelle.dz\\\/index.php\\\/2024\\\/09\\\/26\\\/anp-le-nouveau-directeur-general-de-la-documentation-et-de-la-securite-exterieure\\\/#primaryimage\"},\"thumbnailUrl\":\"https:\\\/\\\/lasentinelle.dz\\\/wp-content\\\/uploads\\\/2024\\\/09\\\/AAA5471.jpg\",\"datePublished\":\"2024-09-26T12:27:53+00:00\",\"dateModified\":\"2024-09-26T12:27:54+00:00\",\"breadcrumb\":{\"@id\":\"https:\\\/\\\/lasentinelle.dz\\\/index.php\\\/2024\\\/09\\\/26\\\/anp-le-nouveau-directeur-general-de-la-documentation-et-de-la-securite-exterieure\\\/#breadcrumb\"},\"inLanguage\":\"fr-FR\",\"potentialAction\":[{\"@type\":\"ReadAction\",\"target\":[\"https:\\\/\\\/lasentinelle.dz\\\/index.php\\\/2024\\\/09\\\/26\\\/anp-le-nouveau-directeur-general-de-la-documentation-et-de-la-securite-exterieure\\\/\"]}]},{\"@type\":\"ImageObject\",\"inLanguage\":\"fr-FR\",\"@id\":\"https:\\\/\\\/lasentinelle.dz\\\/index.php\\\/2024\\\/09\\\/26\\\/anp-le-nouveau-directeur-general-de-la-documentation-et-de-la-securite-exterieure\\\/#primaryimage\",\"url\":\"https:\\\/\\\/lasentinelle.dz\\\/wp-content\\\/uploads\\\/2024\\\/09\\\/AAA5471.jpg\",\"contentUrl\":\"https:\\\/\\\/lasentinelle.dz\\\/wp-content\\\/uploads\\\/2024\\\/09\\\/AAA5471.jpg\",\"width\":1670,\"height\":1114},{\"@type\":\"BreadcrumbList\",\"@id\":\"https:\\\/\\\/lasentinelle.dz\\\/index.php\\\/2024\\\/09\\\/26\\\/anp-le-nouveau-directeur-general-de-la-documentation-et-de-la-securite-exterieure\\\/#breadcrumb\",\"itemListElement\":[{\"@type\":\"ListItem\",\"position\":1,\"name\":\"Accueil\",\"item\":\"https:\\\/\\\/lasentinelle.dz\\\/\"},{\"@type\":\"ListItem\",\"position\":2,\"name\":\"ANP: Le nouveau Directeur G\u00e9n\u00e9ral de la Documentation et de la S\u00e9curit\u00e9 Ext\u00e9rieure\"}]},{\"@type\":\"WebSite\",\"@id\":\"https:\\\/\\\/lasentinelle.dz\\\/#website\",\"url\":\"https:\\\/\\\/lasentinelle.dz\\\/\",\"name\":\"La Sentinelle\",\"description\":\"Quotidien national d&#039;information\",\"publisher\":{\"@id\":\"https:\\\/\\\/lasentinelle.dz\\\/#organization\"},\"potentialAction\":[{\"@type\":\"SearchAction\",\"target\":{\"@type\":\"EntryPoint\",\"urlTemplate\":\"https:\\\/\\\/lasentinelle.dz\\\/?s={search_term_string}\"},\"query-input\":{\"@type\":\"PropertyValueSpecification\",\"valueRequired\":true,\"valueName\":\"search_term_string\"}}],\"inLanguage\":\"fr-FR\"},{\"@type\":\"Organization\",\"@id\":\"https:\\\/\\\/lasentinelle.dz\\\/#organization\",\"name\":\"Quotidien La Sentinelle\",\"url\":\"https:\\\/\\\/lasentinelle.dz\\\/\",\"logo\":{\"@type\":\"ImageObject\",\"inLanguage\":\"fr-FR\",\"@id\":\"https:\\\/\\\/lasentinelle.dz\\\/#\\\/schema\\\/logo\\\/image\\\/\",\"url\":\"https:\\\/\\\/lasentinelle.dz\\\/wp-content\\\/uploads\\\/2021\\\/09\\\/logo-sentinelleSLOGAN-1.png\",\"contentUrl\":\"https:\\\/\\\/lasentinelle.dz\\\/wp-content\\\/uploads\\\/2021\\\/09\\\/logo-sentinelleSLOGAN-1.png\",\"width\":615,\"height\":142,\"caption\":\"Quotidien La Sentinelle\"},\"image\":{\"@id\":\"https:\\\/\\\/lasentinelle.dz\\\/#\\\/schema\\\/logo\\\/image\\\/\"},\"sameAs\":[\"https:\\\/\\\/www.facebook.com\\\/La-Sentinelle-104059864394773\"]},{\"@type\":\"Person\",\"@id\":\"https:\\\/\\\/lasentinelle.dz\\\/#\\\/schema\\\/person\\\/729ee0024f24e0b8c5ec17232f8e8b41\",\"name\":\"admin\",\"image\":{\"@type\":\"ImageObject\",\"inLanguage\":\"fr-FR\",\"@id\":\"https:\\\/\\\/secure.gravatar.com\\\/avatar\\\/4c81fed838786e9b53f540bf46533e750f5d292099ae3b66cfc6fb1982e29df7?s=96&d=mm&r=g\",\"url\":\"https:\\\/\\\/secure.gravatar.com\\\/avatar\\\/4c81fed838786e9b53f540bf46533e750f5d292099ae3b66cfc6fb1982e29df7?s=96&d=mm&r=g\",\"contentUrl\":\"https:\\\/\\\/secure.gravatar.com\\\/avatar\\\/4c81fed838786e9b53f540bf46533e750f5d292099ae3b66cfc6fb1982e29df7?s=96&d=mm&r=g\",\"caption\":\"admin\"},\"description\":\"admin\",\"url\":\"https:\\\/\\\/lasentinelle.dz\\\/author\\\/admin\\\/\"}]}<\/script>\n<!-- \/ Yoast SEO plugin. -->","yoast_head_json":{"title":"ANP: Le nouveau Directeur G\u00e9n\u00e9ral de la Documentation et de la S\u00e9curit\u00e9 Ext\u00e9rieure - La Sentinelle","robots":{"index":"index","follow":"follow","max-snippet":"max-snippet:-1","max-image-preview":"max-image-preview:large","max-video-preview":"max-video-preview:-1"},"canonical":"https:\/\/lasentinelle.dz\/index.php\/2024\/09\/26\/anp-le-nouveau-directeur-general-de-la-documentation-et-de-la-securite-exterieure\/","og_locale":"fr_FR","og_type":"article","og_title":"ANP: Le nouveau Directeur G\u00e9n\u00e9ral de la Documentation et de la S\u00e9curit\u00e9 Ext\u00e9rieure - La Sentinelle","og_description":"Le G\u00e9n\u00e9ral d&rsquo;Arm\u00e9e Sa\u00efd Chanegriha, Chef d&rsquo;Etat-major de l&rsquo;Arm\u00e9e nationale populaire (ANP), a pr\u00e9sid\u00e9 mercredi, au nom du pr\u00e9sident de","og_url":"https:\/\/lasentinelle.dz\/index.php\/2024\/09\/26\/anp-le-nouveau-directeur-general-de-la-documentation-et-de-la-securite-exterieure\/","og_site_name":"La Sentinelle","article_publisher":"https:\/\/www.facebook.com\/La-Sentinelle-104059864394773","article_published_time":"2024-09-26T12:27:53+00:00","article_modified_time":"2024-09-26T12:27:54+00:00","og_image":[{"width":1670,"height":1114,"url":"https:\/\/lasentinelle.dz\/wp-content\/uploads\/2024\/09\/AAA5471.jpg","type":"image\/jpeg"}],"author":"admin","twitter_card":"summary_large_image","twitter_misc":{"\u00c9crit par":"admin","Dur\u00e9e de lecture estim\u00e9e":"2 minutes"},"schema":{"@context":"https:\/\/schema.org","@graph":[{"@type":"Article","@id":"https:\/\/lasentinelle.dz\/index.php\/2024\/09\/26\/anp-le-nouveau-directeur-general-de-la-documentation-et-de-la-securite-exterieure\/#article","isPartOf":{"@id":"https:\/\/lasentinelle.dz\/index.php\/2024\/09\/26\/anp-le-nouveau-directeur-general-de-la-documentation-et-de-la-securite-exterieure\/"},"author":{"name":"admin","@id":"https:\/\/lasentinelle.dz\/#\/schema\/person\/729ee0024f24e0b8c5ec17232f8e8b41"},"headline":"ANP: Le nouveau Directeur G\u00e9n\u00e9ral de la Documentation et de la S\u00e9curit\u00e9 Ext\u00e9rieure","datePublished":"2024-09-26T12:27:53+00:00","dateModified":"2024-09-26T12:27:54+00:00","mainEntityOfPage":{"@id":"https:\/\/lasentinelle.dz\/index.php\/2024\/09\/26\/anp-le-nouveau-directeur-general-de-la-documentation-et-de-la-securite-exterieure\/"},"wordCount":465,"commentCount":0,"publisher":{"@id":"https:\/\/lasentinelle.dz\/#organization"},"image":{"@id":"https:\/\/lasentinelle.dz\/index.php\/2024\/09\/26\/anp-le-nouveau-directeur-general-de-la-documentation-et-de-la-securite-exterieure\/#primaryimage"},"thumbnailUrl":"https:\/\/lasentinelle.dz\/wp-content\/uploads\/2024\/09\/AAA5471.jpg","articleSection":["Actualit\u00e9"],"inLanguage":"fr-FR","potentialAction":[{"@type":"CommentAction","name":"Comment","target":["https:\/\/lasentinelle.dz\/index.php\/2024\/09\/26\/anp-le-nouveau-directeur-general-de-la-documentation-et-de-la-securite-exterieure\/#respond"]}]},{"@type":"WebPage","@id":"https:\/\/lasentinelle.dz\/index.php\/2024\/09\/26\/anp-le-nouveau-directeur-general-de-la-documentation-et-de-la-securite-exterieure\/","url":"https:\/\/lasentinelle.dz\/index.php\/2024\/09\/26\/anp-le-nouveau-directeur-general-de-la-documentation-et-de-la-securite-exterieure\/","name":"ANP: Le nouveau Directeur G\u00e9n\u00e9ral de la Documentation et de la S\u00e9curit\u00e9 Ext\u00e9rieure - La Sentinelle","isPartOf":{"@id":"https:\/\/lasentinelle.dz\/#website"},"primaryImageOfPage":{"@id":"https:\/\/lasentinelle.dz\/index.php\/2024\/09\/26\/anp-le-nouveau-directeur-general-de-la-documentation-et-de-la-securite-exterieure\/#primaryimage"},"image":{"@id":"https:\/\/lasentinelle.dz\/index.php\/2024\/09\/26\/anp-le-nouveau-directeur-general-de-la-documentation-et-de-la-securite-exterieure\/#primaryimage"},"thumbnailUrl":"https:\/\/lasentinelle.dz\/wp-content\/uploads\/2024\/09\/AAA5471.jpg","datePublished":"2024-09-26T12:27:53+00:00","dateModified":"2024-09-26T12:27:54+00:00","breadcrumb":{"@id":"https:\/\/lasentinelle.dz\/index.php\/2024\/09\/26\/anp-le-nouveau-directeur-general-de-la-documentation-et-de-la-securite-exterieure\/#breadcrumb"},"inLanguage":"fr-FR","potentialAction":[{"@type":"ReadAction","target":["https:\/\/lasentinelle.dz\/index.php\/2024\/09\/26\/anp-le-nouveau-directeur-general-de-la-documentation-et-de-la-securite-exterieure\/"]}]},{"@type":"ImageObject","inLanguage":"fr-FR","@id":"https:\/\/lasentinelle.dz\/index.php\/2024\/09\/26\/anp-le-nouveau-directeur-general-de-la-documentation-et-de-la-securite-exterieure\/#primaryimage","url":"https:\/\/lasentinelle.dz\/wp-content\/uploads\/2024\/09\/AAA5471.jpg","contentUrl":"https:\/\/lasentinelle.dz\/wp-content\/uploads\/2024\/09\/AAA5471.jpg","width":1670,"height":1114},{"@type":"BreadcrumbList","@id":"https:\/\/lasentinelle.dz\/index.php\/2024\/09\/26\/anp-le-nouveau-directeur-general-de-la-documentation-et-de-la-securite-exterieure\/#breadcrumb","itemListElement":[{"@type":"ListItem","position":1,"name":"Accueil","item":"https:\/\/lasentinelle.dz\/"},{"@type":"ListItem","position":2,"name":"ANP: Le nouveau Directeur G\u00e9n\u00e9ral de la Documentation et de la S\u00e9curit\u00e9 Ext\u00e9rieure"}]},{"@type":"WebSite","@id":"https:\/\/lasentinelle.dz\/#website","url":"https:\/\/lasentinelle.dz\/","name":"La Sentinelle","description":"Quotidien national d&#039;information","publisher":{"@id":"https:\/\/lasentinelle.dz\/#organization"},"potentialAction":[{"@type":"SearchAction","target":{"@type":"EntryPoint","urlTemplate":"https:\/\/lasentinelle.dz\/?s={search_term_string}"},"query-input":{"@type":"PropertyValueSpecification","valueRequired":true,"valueName":"search_term_string"}}],"inLanguage":"fr-FR"},{"@type":"Organization","@id":"https:\/\/lasentinelle.dz\/#organization","name":"Quotidien La Sentinelle","url":"https:\/\/lasentinelle.dz\/","logo":{"@type":"ImageObject","inLanguage":"fr-FR","@id":"https:\/\/lasentinelle.dz\/#\/schema\/logo\/image\/","url":"https:\/\/lasentinelle.dz\/wp-content\/uploads\/2021\/09\/logo-sentinelleSLOGAN-1.png","contentUrl":"https:\/\/lasentinelle.dz\/wp-content\/uploads\/2021\/09\/logo-sentinelleSLOGAN-1.png","width":615,"height":142,"caption":"Quotidien La Sentinelle"},"image":{"@id":"https:\/\/lasentinelle.dz\/#\/schema\/logo\/image\/"},"sameAs":["https:\/\/www.facebook.com\/La-Sentinelle-104059864394773"]},{"@type":"Person","@id":"https:\/\/lasentinelle.dz\/#\/schema\/person\/729ee0024f24e0b8c5ec17232f8e8b41","name":"admin","image":{"@type":"ImageObject","inLanguage":"fr-FR","@id":"https:\/\/secure.gravatar.com\/avatar\/4c81fed838786e9b53f540bf46533e750f5d292099ae3b66cfc6fb1982e29df7?s=96&d=mm&r=g","url":"https:\/\/secure.gravatar.com\/avatar\/4c81fed838786e9b53f540bf46533e750f5d292099ae3b66cfc6fb1982e29df7?s=96&d=mm&r=g","contentUrl":"https:\/\/secure.gravatar.com\/avatar\/4c81fed838786e9b53f540bf46533e750f5d292099ae3b66cfc6fb1982e29df7?s=96&d=mm&r=g","caption":"admin"},"description":"admin","url":"https:\/\/lasentinelle.dz\/author\/admin\/"}]}},"_links":{"self":[{"href":"https:\/\/lasentinelle.dz\/index.php\/wp-json\/wp\/v2\/posts\/57532","targetHints":{"allow":["GET"]}}],"collection":[{"href":"https:\/\/lasentinelle.dz\/index.php\/wp-json\/wp\/v2\/posts"}],"about":[{"href":"https:\/\/lasentinelle.dz\/index.php\/wp-json\/wp\/v2\/types\/post"}],"author":[{"embeddable":true,"href":"https:\/\/lasentinelle.dz\/index.php\/wp-json\/wp\/v2\/users\/6"}],"replies":[{"embeddable":true,"href":"https:\/\/lasentinelle.dz\/index.php\/wp-json\/wp\/v2\/comments?post=57532"}],"version-history":[{"count":1,"href":"https:\/\/lasentinelle.dz\/index.php\/wp-json\/wp\/v2\/posts\/57532\/revisions"}],"predecessor-version":[{"id":57534,"href":"https:\/\/lasentinelle.dz\/index.php\/wp-json\/wp\/v2\/posts\/57532\/revisions\/57534"}],"wp:featuredmedia":[{"embeddable":true,"href":"https:\/\/lasentinelle.dz\/index.php\/wp-json\/wp\/v2\/media\/57533"}],"wp:attachment":[{"href":"https:\/\/lasentinelle.dz\/index.php\/wp-json\/wp\/v2\/media?parent=57532"}],"wp:term":[{"taxonomy":"category","embeddable":true,"href":"https:\/\/lasentinelle.dz\/index.php\/wp-json\/wp\/v2\/categories?post=57532"},{"taxonomy":"post_tag","embeddable":true,"href":"https:\/\/lasentinelle.dz\/index.php\/wp-json\/wp\/v2\/tags?post=57532"}],"curies":[{"name":"wp","href":"https:\/\/api.w.org\/{rel}","templated":true}]}}