{"id":57546,"date":"2024-09-29T11:53:23","date_gmt":"2024-09-29T10:53:23","guid":{"rendered":"https:\/\/lasentinelle.dz\/?p=57546"},"modified":"2024-09-29T11:53:25","modified_gmt":"2024-09-29T10:53:25","slug":"diphterie-et-paludisme-dans-le-sud-letat-mobilise","status":"publish","type":"post","link":"https:\/\/lasentinelle.dz\/index.php\/2024\/09\/29\/diphterie-et-paludisme-dans-le-sud-letat-mobilise\/","title":{"rendered":"Dipht\u00e9rie et Paludisme dans le Sud : L&rsquo;\u00c9tat mobilis\u00e9"},"content":{"rendered":"\n<p>Face \u00e0 l&rsquo;apparition de cas de Dipht\u00e9rie et de Paludisme dans les wilayas du Sud, l&rsquo;\u00c9tat a d\u00e9montr\u00e9 sa r\u00e9activit\u00e9 et sa d\u00e9termination \u00e0 prot\u00e9ger la sant\u00e9 de ses citoyens. Une mobilisation \u00e9clair qui t\u00e9moigne de l&rsquo;importance accord\u00e9e par les plus hautes autorit\u00e9s du pays \u00e0 la ma\u00eetrise de la situation sanitaire.<\/p>\n\n\n\n<p>C&rsquo;est le Pr\u00e9sident de la R\u00e9publique lui-m\u00eame, M. Abdelmadjid Tebboune, qui a donn\u00e9 l&rsquo;ordre de d\u00e9ployer une commission m\u00e9dicale d&rsquo;urgence dans les wilayas concern\u00e9es.<\/p>\n\n\n\n<p>\u00ab\u00a0Sur ordre du pr\u00e9sident de la R\u00e9publique, M. Abdelmadjid Tebboune, et compte tenu de la situation actuelle, une commission m\u00e9dicale compos\u00e9e d&rsquo;un staff m\u00e9dical qualifi\u00e9, ainsi qu&rsquo;un avion charg\u00e9 d&rsquo;importantes quantit\u00e9s de m\u00e9dicaments, de s\u00e9rums antidipht\u00e9riques et de mat\u00e9riel de protection ont \u00e9t\u00e9 envoy\u00e9s, vendredi, dans les wilayas de Tamanrasset, In Guezzam et Bordj Badji Mokhtar\u00a0\u00bb, indique un communiqu\u00e9 du minist\u00e8re de la Sant\u00e9. La commission m\u00e9dicale d\u00e9p\u00each\u00e9e sur place ne fait pas les choses \u00e0 moiti\u00e9. Compos\u00e9e d&rsquo;un staff m\u00e9dical hautement qualifi\u00e9, elle est accompagn\u00e9e d&rsquo;un avion sp\u00e9cialement affr\u00e9t\u00e9, charg\u00e9 d&rsquo;importantes quantit\u00e9s de m\u00e9dicaments, de s\u00e9rums antidipht\u00e9riques et de mat\u00e9riel de protection. Cette mobilisation exceptionnelle de ressources humaines et mat\u00e9rielles t\u00e9moigne de la volont\u00e9 de l&rsquo;\u00c9tat d&rsquo;apporter une r\u00e9ponse rapide et efficace \u00e0 la situation. Les wilayas de Tamanrasset, In Guezzam et Bordj Badji Mokhtar b\u00e9n\u00e9ficient ainsi d&rsquo;un soutien m\u00e9dical de premier ordre pour faire face \u00e0 cette menace sanitaire. \u00ab\u00a0Compte tenu de la situation sanitaire que connaissent certaines wilayas du sud suite \u00e0 l&rsquo;apparition de cas de Dipht\u00e9rie et de Paludisme import\u00e9s, le minist\u00e8re de la Sant\u00e9 tient \u00e0 rassurer que tous les cas ont \u00e9t\u00e9 pris en charge conform\u00e9ment aux protocoles de soins en vigueur, soulignant qu'\u00a0\u00bbun suivi quotidien de la situation \u00e9pid\u00e9mique est assur\u00e9 aux niveaux central et local\u00a0\u00bb, pr\u00e9cise la m\u00eame source. Le minist\u00e8re de la Sant\u00e9 avait d\u00e9p\u00each\u00e9, jeudi, ajoute le communiqu\u00e9, une mission d&rsquo;experts \u00e0 Tamanrasset et In Guezzam pour s&rsquo;enqu\u00e9rir de la situation et fournir un quota de m\u00e9dicaments et de s\u00e9rums antidipht\u00e9riques\u00a0\u00bb. \u00ab\u00a0Une deuxi\u00e8me mission sera d\u00e9p\u00each\u00e9e, dimanche prochain, dans la wilaya de Bordj Badji Mokhtar, dot\u00e9e de m\u00e9dicaments et de s\u00e9rums contre la Dipht\u00e9rie\u00a0\u00bb, poursuit le minist\u00e8re, rappelant que \u00ab\u00a0ces produits sont distribu\u00e9s tout le long de l&rsquo;ann\u00e9e, dans le cadre de l&rsquo;approvisionnement des \u00e9tablissements de sant\u00e9 et que les quantit\u00e9s achemin\u00e9es \u00e0 travers ces missions ne sont que des quantit\u00e9s suppl\u00e9mentaires\u00a0\u00bb. &nbsp;Le ministre de la Sant\u00e9, M. Abdelhak Saihi, est personnellement impliqu\u00e9 dans le suivi de l&rsquo;op\u00e9ration. Il coordonne les efforts avec les walis des wilayas concern\u00e9es et les \u00e9tablissements de sant\u00e9 sur place, assurant ainsi une gestion optimale de la crise \u00e0 tous les niveaux de l&rsquo;administration.<\/p>\n\n\n\n<p>Il est important de noter que l&rsquo;Alg\u00e9rie a obtenu le certificat de l&rsquo;Organisation mondiale de lutte contre le Paludisme, une reconnaissance internationale de ses efforts dans ce domaine. Les cas actuellement enregistr\u00e9s sont des cas import\u00e9s de pays touch\u00e9s, ce qui souligne l&rsquo;efficacit\u00e9 des mesures pr\u00e9ventives mises en place par le pays.<\/p>\n\n\n\n<p>Lyna Larbi<\/p>\n","protected":false},"excerpt":{"rendered":"<p>Face \u00e0 l&rsquo;apparition de cas de Dipht\u00e9rie et de Paludisme dans les wilayas du Sud, l&rsquo;\u00c9tat a d\u00e9montr\u00e9 sa r\u00e9activit\u00e9<\/p>\n","protected":false},"author":6,"featured_media":24482,"comment_status":"open","ping_status":"closed","sticky":false,"template":"","format":"standard","meta":{"colormag_page_container_layout":"default_layout","colormag_page_sidebar_layout":"default_layout","om_disable_all_campaigns":false,"_monsterinsights_skip_tracking":false,"_monsterinsights_sitenote_active":false,"_monsterinsights_sitenote_note":"","_monsterinsights_sitenote_category":0,"footnotes":"","_wpscppro_dont_share_socialmedia":false,"_wpscppro_custom_social_share_image":0,"_facebook_share_type":"default","_twitter_share_type":"default","_linkedin_share_type":"default","_pinterest_share_type":"default","_linkedin_share_type_page":"","_instagram_share_type":"default","_medium_share_type":"","_threads_share_type":"","_google_business_share_type":"","_selected_social_profile":[],"_wpsp_enable_custom_social_template":false,"_wpsp_social_scheduling":{"enabled":false,"datetime":null,"platforms":[],"status":"template_only","dateOption":"today","timeOption":"now","customDays":"","customHours":"","customDate":"","customTime":"","schedulingType":"absolute"},"_wpsp_active_default_template":true},"categories":[27],"tags":[],"class_list":["post-57546","post","type-post","status-publish","format-standard","has-post-thumbnail","hentry","category-actualite"],"aioseo_notices":[],"yoast_head":"<!-- This site is optimized with the Yoast SEO plugin v27.5 - https:\/\/yoast.com\/product\/yoast-seo-wordpress\/ -->\n<title>Dipht\u00e9rie et Paludisme dans le Sud : L&rsquo;\u00c9tat mobilis\u00e9 - La Sentinelle<\/title>\n<meta name=\"robots\" content=\"index, follow, max-snippet:-1, max-image-preview:large, max-video-preview:-1\" \/>\n<link rel=\"canonical\" href=\"https:\/\/lasentinelle.dz\/index.php\/2024\/09\/29\/diphterie-et-paludisme-dans-le-sud-letat-mobilise\/\" \/>\n<meta property=\"og:locale\" content=\"fr_FR\" \/>\n<meta property=\"og:type\" content=\"article\" \/>\n<meta property=\"og:title\" content=\"Dipht\u00e9rie et Paludisme dans le Sud : L&rsquo;\u00c9tat mobilis\u00e9 - La Sentinelle\" \/>\n<meta property=\"og:description\" content=\"Face \u00e0 l&rsquo;apparition de cas de Dipht\u00e9rie et de Paludisme dans les wilayas du Sud, l&rsquo;\u00c9tat a d\u00e9montr\u00e9 sa r\u00e9activit\u00e9\" \/>\n<meta property=\"og:url\" content=\"https:\/\/lasentinelle.dz\/index.php\/2024\/09\/29\/diphterie-et-paludisme-dans-le-sud-letat-mobilise\/\" \/>\n<meta property=\"og:site_name\" content=\"La Sentinelle\" \/>\n<meta property=\"article:publisher\" content=\"https:\/\/www.facebook.com\/La-Sentinelle-104059864394773\" \/>\n<meta property=\"article:published_time\" content=\"2024-09-29T10:53:23+00:00\" \/>\n<meta property=\"article:modified_time\" content=\"2024-09-29T10:53:25+00:00\" \/>\n<meta property=\"og:image\" content=\"https:\/\/lasentinelle.dz\/wp-content\/uploads\/2022\/07\/Ministere-de-la-Sante.png\" \/>\n\t<meta property=\"og:image:width\" content=\"1599\" \/>\n\t<meta property=\"og:image:height\" content=\"900\" \/>\n\t<meta property=\"og:image:type\" content=\"image\/png\" \/>\n<meta name=\"author\" content=\"admin\" \/>\n<meta name=\"twitter:card\" content=\"summary_large_image\" \/>\n<meta name=\"twitter:label1\" content=\"\u00c9crit par\" \/>\n\t<meta name=\"twitter:data1\" content=\"admin\" \/>\n\t<meta name=\"twitter:label2\" content=\"Dur\u00e9e de lecture estim\u00e9e\" \/>\n\t<meta name=\"twitter:data2\" content=\"3 minutes\" \/>\n<script type=\"application\/ld+json\" class=\"yoast-schema-graph\">{\"@context\":\"https:\\\/\\\/schema.org\",\"@graph\":[{\"@type\":\"Article\",\"@id\":\"https:\\\/\\\/lasentinelle.dz\\\/index.php\\\/2024\\\/09\\\/29\\\/diphterie-et-paludisme-dans-le-sud-letat-mobilise\\\/#article\",\"isPartOf\":{\"@id\":\"https:\\\/\\\/lasentinelle.dz\\\/index.php\\\/2024\\\/09\\\/29\\\/diphterie-et-paludisme-dans-le-sud-letat-mobilise\\\/\"},\"author\":{\"name\":\"admin\",\"@id\":\"https:\\\/\\\/lasentinelle.dz\\\/#\\\/schema\\\/person\\\/729ee0024f24e0b8c5ec17232f8e8b41\"},\"headline\":\"Dipht\u00e9rie et Paludisme dans le Sud : L&rsquo;\u00c9tat mobilis\u00e9\",\"datePublished\":\"2024-09-29T10:53:23+00:00\",\"dateModified\":\"2024-09-29T10:53:25+00:00\",\"mainEntityOfPage\":{\"@id\":\"https:\\\/\\\/lasentinelle.dz\\\/index.php\\\/2024\\\/09\\\/29\\\/diphterie-et-paludisme-dans-le-sud-letat-mobilise\\\/\"},\"wordCount\":599,\"commentCount\":0,\"publisher\":{\"@id\":\"https:\\\/\\\/lasentinelle.dz\\\/#organization\"},\"image\":{\"@id\":\"https:\\\/\\\/lasentinelle.dz\\\/index.php\\\/2024\\\/09\\\/29\\\/diphterie-et-paludisme-dans-le-sud-letat-mobilise\\\/#primaryimage\"},\"thumbnailUrl\":\"https:\\\/\\\/lasentinelle.dz\\\/wp-content\\\/uploads\\\/2022\\\/07\\\/Ministere-de-la-Sante.png\",\"articleSection\":[\"Actualit\u00e9\"],\"inLanguage\":\"fr-FR\",\"potentialAction\":[{\"@type\":\"CommentAction\",\"name\":\"Comment\",\"target\":[\"https:\\\/\\\/lasentinelle.dz\\\/index.php\\\/2024\\\/09\\\/29\\\/diphterie-et-paludisme-dans-le-sud-letat-mobilise\\\/#respond\"]}]},{\"@type\":\"WebPage\",\"@id\":\"https:\\\/\\\/lasentinelle.dz\\\/index.php\\\/2024\\\/09\\\/29\\\/diphterie-et-paludisme-dans-le-sud-letat-mobilise\\\/\",\"url\":\"https:\\\/\\\/lasentinelle.dz\\\/index.php\\\/2024\\\/09\\\/29\\\/diphterie-et-paludisme-dans-le-sud-letat-mobilise\\\/\",\"name\":\"Dipht\u00e9rie et Paludisme dans le Sud : L&rsquo;\u00c9tat mobilis\u00e9 - La Sentinelle\",\"isPartOf\":{\"@id\":\"https:\\\/\\\/lasentinelle.dz\\\/#website\"},\"primaryImageOfPage\":{\"@id\":\"https:\\\/\\\/lasentinelle.dz\\\/index.php\\\/2024\\\/09\\\/29\\\/diphterie-et-paludisme-dans-le-sud-letat-mobilise\\\/#primaryimage\"},\"image\":{\"@id\":\"https:\\\/\\\/lasentinelle.dz\\\/index.php\\\/2024\\\/09\\\/29\\\/diphterie-et-paludisme-dans-le-sud-letat-mobilise\\\/#primaryimage\"},\"thumbnailUrl\":\"https:\\\/\\\/lasentinelle.dz\\\/wp-content\\\/uploads\\\/2022\\\/07\\\/Ministere-de-la-Sante.png\",\"datePublished\":\"2024-09-29T10:53:23+00:00\",\"dateModified\":\"2024-09-29T10:53:25+00:00\",\"breadcrumb\":{\"@id\":\"https:\\\/\\\/lasentinelle.dz\\\/index.php\\\/2024\\\/09\\\/29\\\/diphterie-et-paludisme-dans-le-sud-letat-mobilise\\\/#breadcrumb\"},\"inLanguage\":\"fr-FR\",\"potentialAction\":[{\"@type\":\"ReadAction\",\"target\":[\"https:\\\/\\\/lasentinelle.dz\\\/index.php\\\/2024\\\/09\\\/29\\\/diphterie-et-paludisme-dans-le-sud-letat-mobilise\\\/\"]}]},{\"@type\":\"ImageObject\",\"inLanguage\":\"fr-FR\",\"@id\":\"https:\\\/\\\/lasentinelle.dz\\\/index.php\\\/2024\\\/09\\\/29\\\/diphterie-et-paludisme-dans-le-sud-letat-mobilise\\\/#primaryimage\",\"url\":\"https:\\\/\\\/lasentinelle.dz\\\/wp-content\\\/uploads\\\/2022\\\/07\\\/Ministere-de-la-Sante.png\",\"contentUrl\":\"https:\\\/\\\/lasentinelle.dz\\\/wp-content\\\/uploads\\\/2022\\\/07\\\/Ministere-de-la-Sante.png\",\"width\":1599,\"height\":900},{\"@type\":\"BreadcrumbList\",\"@id\":\"https:\\\/\\\/lasentinelle.dz\\\/index.php\\\/2024\\\/09\\\/29\\\/diphterie-et-paludisme-dans-le-sud-letat-mobilise\\\/#breadcrumb\",\"itemListElement\":[{\"@type\":\"ListItem\",\"position\":1,\"name\":\"Accueil\",\"item\":\"https:\\\/\\\/lasentinelle.dz\\\/\"},{\"@type\":\"ListItem\",\"position\":2,\"name\":\"Dipht\u00e9rie et Paludisme dans le Sud : L&rsquo;\u00c9tat mobilis\u00e9\"}]},{\"@type\":\"WebSite\",\"@id\":\"https:\\\/\\\/lasentinelle.dz\\\/#website\",\"url\":\"https:\\\/\\\/lasentinelle.dz\\\/\",\"name\":\"La Sentinelle\",\"description\":\"Quotidien national d&#039;information\",\"publisher\":{\"@id\":\"https:\\\/\\\/lasentinelle.dz\\\/#organization\"},\"potentialAction\":[{\"@type\":\"SearchAction\",\"target\":{\"@type\":\"EntryPoint\",\"urlTemplate\":\"https:\\\/\\\/lasentinelle.dz\\\/?s={search_term_string}\"},\"query-input\":{\"@type\":\"PropertyValueSpecification\",\"valueRequired\":true,\"valueName\":\"search_term_string\"}}],\"inLanguage\":\"fr-FR\"},{\"@type\":\"Organization\",\"@id\":\"https:\\\/\\\/lasentinelle.dz\\\/#organization\",\"name\":\"Quotidien La Sentinelle\",\"url\":\"https:\\\/\\\/lasentinelle.dz\\\/\",\"logo\":{\"@type\":\"ImageObject\",\"inLanguage\":\"fr-FR\",\"@id\":\"https:\\\/\\\/lasentinelle.dz\\\/#\\\/schema\\\/logo\\\/image\\\/\",\"url\":\"https:\\\/\\\/lasentinelle.dz\\\/wp-content\\\/uploads\\\/2021\\\/09\\\/logo-sentinelleSLOGAN-1.png\",\"contentUrl\":\"https:\\\/\\\/lasentinelle.dz\\\/wp-content\\\/uploads\\\/2021\\\/09\\\/logo-sentinelleSLOGAN-1.png\",\"width\":615,\"height\":142,\"caption\":\"Quotidien La Sentinelle\"},\"image\":{\"@id\":\"https:\\\/\\\/lasentinelle.dz\\\/#\\\/schema\\\/logo\\\/image\\\/\"},\"sameAs\":[\"https:\\\/\\\/www.facebook.com\\\/La-Sentinelle-104059864394773\"]},{\"@type\":\"Person\",\"@id\":\"https:\\\/\\\/lasentinelle.dz\\\/#\\\/schema\\\/person\\\/729ee0024f24e0b8c5ec17232f8e8b41\",\"name\":\"admin\",\"image\":{\"@type\":\"ImageObject\",\"inLanguage\":\"fr-FR\",\"@id\":\"https:\\\/\\\/secure.gravatar.com\\\/avatar\\\/4c81fed838786e9b53f540bf46533e750f5d292099ae3b66cfc6fb1982e29df7?s=96&d=mm&r=g\",\"url\":\"https:\\\/\\\/secure.gravatar.com\\\/avatar\\\/4c81fed838786e9b53f540bf46533e750f5d292099ae3b66cfc6fb1982e29df7?s=96&d=mm&r=g\",\"contentUrl\":\"https:\\\/\\\/secure.gravatar.com\\\/avatar\\\/4c81fed838786e9b53f540bf46533e750f5d292099ae3b66cfc6fb1982e29df7?s=96&d=mm&r=g\",\"caption\":\"admin\"},\"description\":\"admin\",\"url\":\"https:\\\/\\\/lasentinelle.dz\\\/author\\\/admin\\\/\"}]}<\/script>\n<!-- \/ Yoast SEO plugin. -->","yoast_head_json":{"title":"Dipht\u00e9rie et Paludisme dans le Sud : L&rsquo;\u00c9tat mobilis\u00e9 - La Sentinelle","robots":{"index":"index","follow":"follow","max-snippet":"max-snippet:-1","max-image-preview":"max-image-preview:large","max-video-preview":"max-video-preview:-1"},"canonical":"https:\/\/lasentinelle.dz\/index.php\/2024\/09\/29\/diphterie-et-paludisme-dans-le-sud-letat-mobilise\/","og_locale":"fr_FR","og_type":"article","og_title":"Dipht\u00e9rie et Paludisme dans le Sud : L&rsquo;\u00c9tat mobilis\u00e9 - La Sentinelle","og_description":"Face \u00e0 l&rsquo;apparition de cas de Dipht\u00e9rie et de Paludisme dans les wilayas du Sud, l&rsquo;\u00c9tat a d\u00e9montr\u00e9 sa r\u00e9activit\u00e9","og_url":"https:\/\/lasentinelle.dz\/index.php\/2024\/09\/29\/diphterie-et-paludisme-dans-le-sud-letat-mobilise\/","og_site_name":"La Sentinelle","article_publisher":"https:\/\/www.facebook.com\/La-Sentinelle-104059864394773","article_published_time":"2024-09-29T10:53:23+00:00","article_modified_time":"2024-09-29T10:53:25+00:00","og_image":[{"width":1599,"height":900,"url":"https:\/\/lasentinelle.dz\/wp-content\/uploads\/2022\/07\/Ministere-de-la-Sante.png","type":"image\/png"}],"author":"admin","twitter_card":"summary_large_image","twitter_misc":{"\u00c9crit par":"admin","Dur\u00e9e de lecture estim\u00e9e":"3 minutes"},"schema":{"@context":"https:\/\/schema.org","@graph":[{"@type":"Article","@id":"https:\/\/lasentinelle.dz\/index.php\/2024\/09\/29\/diphterie-et-paludisme-dans-le-sud-letat-mobilise\/#article","isPartOf":{"@id":"https:\/\/lasentinelle.dz\/index.php\/2024\/09\/29\/diphterie-et-paludisme-dans-le-sud-letat-mobilise\/"},"author":{"name":"admin","@id":"https:\/\/lasentinelle.dz\/#\/schema\/person\/729ee0024f24e0b8c5ec17232f8e8b41"},"headline":"Dipht\u00e9rie et Paludisme dans le Sud : L&rsquo;\u00c9tat mobilis\u00e9","datePublished":"2024-09-29T10:53:23+00:00","dateModified":"2024-09-29T10:53:25+00:00","mainEntityOfPage":{"@id":"https:\/\/lasentinelle.dz\/index.php\/2024\/09\/29\/diphterie-et-paludisme-dans-le-sud-letat-mobilise\/"},"wordCount":599,"commentCount":0,"publisher":{"@id":"https:\/\/lasentinelle.dz\/#organization"},"image":{"@id":"https:\/\/lasentinelle.dz\/index.php\/2024\/09\/29\/diphterie-et-paludisme-dans-le-sud-letat-mobilise\/#primaryimage"},"thumbnailUrl":"https:\/\/lasentinelle.dz\/wp-content\/uploads\/2022\/07\/Ministere-de-la-Sante.png","articleSection":["Actualit\u00e9"],"inLanguage":"fr-FR","potentialAction":[{"@type":"CommentAction","name":"Comment","target":["https:\/\/lasentinelle.dz\/index.php\/2024\/09\/29\/diphterie-et-paludisme-dans-le-sud-letat-mobilise\/#respond"]}]},{"@type":"WebPage","@id":"https:\/\/lasentinelle.dz\/index.php\/2024\/09\/29\/diphterie-et-paludisme-dans-le-sud-letat-mobilise\/","url":"https:\/\/lasentinelle.dz\/index.php\/2024\/09\/29\/diphterie-et-paludisme-dans-le-sud-letat-mobilise\/","name":"Dipht\u00e9rie et Paludisme dans le Sud : L&rsquo;\u00c9tat mobilis\u00e9 - La Sentinelle","isPartOf":{"@id":"https:\/\/lasentinelle.dz\/#website"},"primaryImageOfPage":{"@id":"https:\/\/lasentinelle.dz\/index.php\/2024\/09\/29\/diphterie-et-paludisme-dans-le-sud-letat-mobilise\/#primaryimage"},"image":{"@id":"https:\/\/lasentinelle.dz\/index.php\/2024\/09\/29\/diphterie-et-paludisme-dans-le-sud-letat-mobilise\/#primaryimage"},"thumbnailUrl":"https:\/\/lasentinelle.dz\/wp-content\/uploads\/2022\/07\/Ministere-de-la-Sante.png","datePublished":"2024-09-29T10:53:23+00:00","dateModified":"2024-09-29T10:53:25+00:00","breadcrumb":{"@id":"https:\/\/lasentinelle.dz\/index.php\/2024\/09\/29\/diphterie-et-paludisme-dans-le-sud-letat-mobilise\/#breadcrumb"},"inLanguage":"fr-FR","potentialAction":[{"@type":"ReadAction","target":["https:\/\/lasentinelle.dz\/index.php\/2024\/09\/29\/diphterie-et-paludisme-dans-le-sud-letat-mobilise\/"]}]},{"@type":"ImageObject","inLanguage":"fr-FR","@id":"https:\/\/lasentinelle.dz\/index.php\/2024\/09\/29\/diphterie-et-paludisme-dans-le-sud-letat-mobilise\/#primaryimage","url":"https:\/\/lasentinelle.dz\/wp-content\/uploads\/2022\/07\/Ministere-de-la-Sante.png","contentUrl":"https:\/\/lasentinelle.dz\/wp-content\/uploads\/2022\/07\/Ministere-de-la-Sante.png","width":1599,"height":900},{"@type":"BreadcrumbList","@id":"https:\/\/lasentinelle.dz\/index.php\/2024\/09\/29\/diphterie-et-paludisme-dans-le-sud-letat-mobilise\/#breadcrumb","itemListElement":[{"@type":"ListItem","position":1,"name":"Accueil","item":"https:\/\/lasentinelle.dz\/"},{"@type":"ListItem","position":2,"name":"Dipht\u00e9rie et Paludisme dans le Sud : L&rsquo;\u00c9tat mobilis\u00e9"}]},{"@type":"WebSite","@id":"https:\/\/lasentinelle.dz\/#website","url":"https:\/\/lasentinelle.dz\/","name":"La Sentinelle","description":"Quotidien national d&#039;information","publisher":{"@id":"https:\/\/lasentinelle.dz\/#organization"},"potentialAction":[{"@type":"SearchAction","target":{"@type":"EntryPoint","urlTemplate":"https:\/\/lasentinelle.dz\/?s={search_term_string}"},"query-input":{"@type":"PropertyValueSpecification","valueRequired":true,"valueName":"search_term_string"}}],"inLanguage":"fr-FR"},{"@type":"Organization","@id":"https:\/\/lasentinelle.dz\/#organization","name":"Quotidien La Sentinelle","url":"https:\/\/lasentinelle.dz\/","logo":{"@type":"ImageObject","inLanguage":"fr-FR","@id":"https:\/\/lasentinelle.dz\/#\/schema\/logo\/image\/","url":"https:\/\/lasentinelle.dz\/wp-content\/uploads\/2021\/09\/logo-sentinelleSLOGAN-1.png","contentUrl":"https:\/\/lasentinelle.dz\/wp-content\/uploads\/2021\/09\/logo-sentinelleSLOGAN-1.png","width":615,"height":142,"caption":"Quotidien La Sentinelle"},"image":{"@id":"https:\/\/lasentinelle.dz\/#\/schema\/logo\/image\/"},"sameAs":["https:\/\/www.facebook.com\/La-Sentinelle-104059864394773"]},{"@type":"Person","@id":"https:\/\/lasentinelle.dz\/#\/schema\/person\/729ee0024f24e0b8c5ec17232f8e8b41","name":"admin","image":{"@type":"ImageObject","inLanguage":"fr-FR","@id":"https:\/\/secure.gravatar.com\/avatar\/4c81fed838786e9b53f540bf46533e750f5d292099ae3b66cfc6fb1982e29df7?s=96&d=mm&r=g","url":"https:\/\/secure.gravatar.com\/avatar\/4c81fed838786e9b53f540bf46533e750f5d292099ae3b66cfc6fb1982e29df7?s=96&d=mm&r=g","contentUrl":"https:\/\/secure.gravatar.com\/avatar\/4c81fed838786e9b53f540bf46533e750f5d292099ae3b66cfc6fb1982e29df7?s=96&d=mm&r=g","caption":"admin"},"description":"admin","url":"https:\/\/lasentinelle.dz\/author\/admin\/"}]}},"_links":{"self":[{"href":"https:\/\/lasentinelle.dz\/index.php\/wp-json\/wp\/v2\/posts\/57546","targetHints":{"allow":["GET"]}}],"collection":[{"href":"https:\/\/lasentinelle.dz\/index.php\/wp-json\/wp\/v2\/posts"}],"about":[{"href":"https:\/\/lasentinelle.dz\/index.php\/wp-json\/wp\/v2\/types\/post"}],"author":[{"embeddable":true,"href":"https:\/\/lasentinelle.dz\/index.php\/wp-json\/wp\/v2\/users\/6"}],"replies":[{"embeddable":true,"href":"https:\/\/lasentinelle.dz\/index.php\/wp-json\/wp\/v2\/comments?post=57546"}],"version-history":[{"count":2,"href":"https:\/\/lasentinelle.dz\/index.php\/wp-json\/wp\/v2\/posts\/57546\/revisions"}],"predecessor-version":[{"id":57548,"href":"https:\/\/lasentinelle.dz\/index.php\/wp-json\/wp\/v2\/posts\/57546\/revisions\/57548"}],"wp:featuredmedia":[{"embeddable":true,"href":"https:\/\/lasentinelle.dz\/index.php\/wp-json\/wp\/v2\/media\/24482"}],"wp:attachment":[{"href":"https:\/\/lasentinelle.dz\/index.php\/wp-json\/wp\/v2\/media?parent=57546"}],"wp:term":[{"taxonomy":"category","embeddable":true,"href":"https:\/\/lasentinelle.dz\/index.php\/wp-json\/wp\/v2\/categories?post=57546"},{"taxonomy":"post_tag","embeddable":true,"href":"https:\/\/lasentinelle.dz\/index.php\/wp-json\/wp\/v2\/tags?post=57546"}],"curies":[{"name":"wp","href":"https:\/\/api.w.org\/{rel}","templated":true}]}}