{"id":57561,"date":"2024-09-29T13:20:52","date_gmt":"2024-09-29T12:20:52","guid":{"rendered":"https:\/\/lasentinelle.dz\/?p=57561"},"modified":"2024-09-29T13:20:53","modified_gmt":"2024-09-29T12:20:53","slug":"ligue-2-les-cadors-montrent-les-crocs-les-promus-font-sensation","status":"publish","type":"post","link":"https:\/\/lasentinelle.dz\/index.php\/2024\/09\/29\/ligue-2-les-cadors-montrent-les-crocs-les-promus-font-sensation\/","title":{"rendered":"Ligue 2 : Les cadors montrent les crocs, les promus font sensation !"},"content":{"rendered":"\n<p>La deuxi\u00e8me journ\u00e9e du championnat de Ligue 2 amateur a tenu toutes ses promesses ce week-end, avec son lot de confirmations, de surprises et de buts qui ont fait vibrer les stades du pays. Petit tour d&rsquo;horizon de cette journ\u00e9e pleine de rebondissements.<\/p>\n\n\n\n<p>Dans le groupe Centre-Ouest, l&rsquo;ASM Oran et le MCB Oued Sly ont confirm\u00e9 leurs ambitions en signant un deuxi\u00e8me succ\u00e8s cons\u00e9cutif. Les As\u00e9mistes ont domin\u00e9 le SKAF Khemis Miliana sur le plus petit des scores (1-0), tandis que les gars d&rsquo;Oued Sly se sont impos\u00e9s \u00e0 l&rsquo;ext\u00e9rieur face au MC M\u00e9cheria (2-1). Avec 6 points au compteur, ces deux \u00e9quipes prennent les commandes du classement et envoient un message clair \u00e0 la concurrence : il faudra compter avec elles dans la course \u00e0 l&rsquo;accession. Le GC Mascara n&rsquo;est pas en reste, d\u00e9crochant sa premi\u00e8re victoire de la saison \u00e0 domicile contre le RC Kouba (1-0). Les Mascaris se hissent \u00e0 la troisi\u00e8me place et semblent bien d\u00e9cid\u00e9s \u00e0 jouer les trouble-f\u00eates cette saison. La surprise du jour est venue de la JS El Biar, qui a remport\u00e9 le duel des promus contre l&rsquo;US B\u00e9char Djedid sur le score sans appel de 2-0. Les Biarois ont livr\u00e9 une prestation convaincante, montrant qu&rsquo;ils avaient les armes pour se maintenir \u00e0 ce niveau. \u00ab\u00a0On avait \u00e0 c\u0153ur de prouver que notre place n&rsquo;\u00e9tait pas usurp\u00e9e\u00a0\u00bb, a d\u00e9clar\u00e9 le coach de la JSEB apr\u00e8s la rencontre. \u00ab\u00a0Les gars ont \u00e9t\u00e9 exemplaires et cette victoire va nous donner confiance pour la suite.\u00a0\u00bb La journ\u00e9e a \u00e9galement \u00e9t\u00e9 marqu\u00e9e par plusieurs performances notables d&rsquo;\u00e9quipes moins attendues. L&rsquo;ES Ben Aknoun a cr\u00e9\u00e9 la sensation en allant s&rsquo;imposer sur la pelouse du WA Mostaganem (1-0), tandis que la JSM Tiaret a r\u00e9alis\u00e9 un v\u00e9ritable exploit en arrachant la victoire chez le CR T\u00e9mouchent malgr\u00e9 une inf\u00e9riorit\u00e9 num\u00e9rique en fin de match. Ces r\u00e9sultats prouvent que la hi\u00e9rarchie est loin d&rsquo;\u00eatre \u00e9tablie dans cette Ligue 2 et que chaque journ\u00e9e pourrait r\u00e9server son lot de surprises.<\/p>\n\n\n\n<p>Apr\u00e8s seulement deux journ\u00e9es, il est encore trop t\u00f4t pour tirer des conclusions d\u00e9finitives. N\u00e9anmoins, cette entame de championnat laisse pr\u00e9sager une saison passionnante et ind\u00e9cise jusqu&rsquo;au bout. Entre les cadors qui assument leur statut, les promus qui cr\u00e9ent la surprise et les outsiders qui n&rsquo;ont pas dit leur dernier mot, tous les ingr\u00e9dients sont r\u00e9unis pour faire de cette Ligue 2 un v\u00e9ritable feuilleton \u00e0 suspense.<\/p>\n\n\n\n<p>Rendez-vous d\u00e8s la semaine prochaine pour la troisi\u00e8me journ\u00e9e, qui promet d\u00e9j\u00e0 son lot de duels explosifs et de retournements de situation. Une chose est s\u00fbre : dans cette Ligue 2, rien n&rsquo;est jou\u00e9 d&rsquo;avance !<\/p>\n\n\n\n<p>R.S.<\/p>\n","protected":false},"excerpt":{"rendered":"<p>La deuxi\u00e8me journ\u00e9e du championnat de Ligue 2 amateur a tenu toutes ses promesses ce week-end, avec son lot de<\/p>\n","protected":false},"author":2,"featured_media":56126,"comment_status":"open","ping_status":"closed","sticky":false,"template":"","format":"standard","meta":{"colormag_page_container_layout":"default_layout","colormag_page_sidebar_layout":"default_layout","om_disable_all_campaigns":false,"_monsterinsights_skip_tracking":false,"_monsterinsights_sitenote_active":false,"_monsterinsights_sitenote_note":"","_monsterinsights_sitenote_category":0,"footnotes":"","_wpscppro_dont_share_socialmedia":false,"_wpscppro_custom_social_share_image":0,"_facebook_share_type":"default","_twitter_share_type":"default","_linkedin_share_type":"default","_pinterest_share_type":"default","_linkedin_share_type_page":"","_instagram_share_type":"default","_medium_share_type":"","_threads_share_type":"","_google_business_share_type":"","_selected_social_profile":[],"_wpsp_enable_custom_social_template":false,"_wpsp_social_scheduling":{"enabled":false,"datetime":null,"platforms":[],"status":"template_only","dateOption":"today","timeOption":"now","customDays":"","customHours":"","customDate":"","customTime":"","schedulingType":"absolute"},"_wpsp_active_default_template":true},"categories":[33],"tags":[],"class_list":["post-57561","post","type-post","status-publish","format-standard","has-post-thumbnail","hentry","category-sports"],"aioseo_notices":[],"yoast_head":"<!-- This site is optimized with the Yoast SEO plugin v27.5 - https:\/\/yoast.com\/product\/yoast-seo-wordpress\/ -->\n<title>Ligue 2 : Les cadors montrent les crocs, les promus font sensation ! - La Sentinelle<\/title>\n<meta name=\"robots\" content=\"index, follow, max-snippet:-1, max-image-preview:large, max-video-preview:-1\" \/>\n<link rel=\"canonical\" href=\"https:\/\/lasentinelle.dz\/index.php\/2024\/09\/29\/ligue-2-les-cadors-montrent-les-crocs-les-promus-font-sensation\/\" \/>\n<meta property=\"og:locale\" content=\"fr_FR\" \/>\n<meta property=\"og:type\" content=\"article\" \/>\n<meta property=\"og:title\" content=\"Ligue 2 : Les cadors montrent les crocs, les promus font sensation ! - La Sentinelle\" \/>\n<meta property=\"og:description\" content=\"La deuxi\u00e8me journ\u00e9e du championnat de Ligue 2 amateur a tenu toutes ses promesses ce week-end, avec son lot de\" \/>\n<meta property=\"og:url\" content=\"https:\/\/lasentinelle.dz\/index.php\/2024\/09\/29\/ligue-2-les-cadors-montrent-les-crocs-les-promus-font-sensation\/\" \/>\n<meta property=\"og:site_name\" content=\"La Sentinelle\" \/>\n<meta property=\"article:publisher\" content=\"https:\/\/www.facebook.com\/La-Sentinelle-104059864394773\" \/>\n<meta property=\"article:published_time\" content=\"2024-09-29T12:20:52+00:00\" \/>\n<meta property=\"article:modified_time\" content=\"2024-09-29T12:20:53+00:00\" \/>\n<meta property=\"og:image\" content=\"https:\/\/lasentinelle.dz\/wp-content\/uploads\/2024\/08\/Ligue-2.jpg\" \/>\n\t<meta property=\"og:image:width\" content=\"300\" \/>\n\t<meta property=\"og:image:height\" content=\"200\" \/>\n\t<meta property=\"og:image:type\" content=\"image\/jpeg\" \/>\n<meta name=\"author\" content=\"Azzedine Belferag\" \/>\n<meta name=\"twitter:card\" content=\"summary_large_image\" \/>\n<meta name=\"twitter:label1\" content=\"\u00c9crit par\" \/>\n\t<meta name=\"twitter:data1\" content=\"Azzedine Belferag\" \/>\n\t<meta name=\"twitter:label2\" content=\"Dur\u00e9e de lecture estim\u00e9e\" \/>\n\t<meta name=\"twitter:data2\" content=\"3 minutes\" \/>\n<script type=\"application\/ld+json\" class=\"yoast-schema-graph\">{\"@context\":\"https:\\\/\\\/schema.org\",\"@graph\":[{\"@type\":\"Article\",\"@id\":\"https:\\\/\\\/lasentinelle.dz\\\/index.php\\\/2024\\\/09\\\/29\\\/ligue-2-les-cadors-montrent-les-crocs-les-promus-font-sensation\\\/#article\",\"isPartOf\":{\"@id\":\"https:\\\/\\\/lasentinelle.dz\\\/index.php\\\/2024\\\/09\\\/29\\\/ligue-2-les-cadors-montrent-les-crocs-les-promus-font-sensation\\\/\"},\"author\":{\"name\":\"Azzedine Belferag\",\"@id\":\"https:\\\/\\\/lasentinelle.dz\\\/#\\\/schema\\\/person\\\/e22c868643946ece5f328ac9d185b29f\"},\"headline\":\"Ligue 2 : Les cadors montrent les crocs, les promus font sensation !\",\"datePublished\":\"2024-09-29T12:20:52+00:00\",\"dateModified\":\"2024-09-29T12:20:53+00:00\",\"mainEntityOfPage\":{\"@id\":\"https:\\\/\\\/lasentinelle.dz\\\/index.php\\\/2024\\\/09\\\/29\\\/ligue-2-les-cadors-montrent-les-crocs-les-promus-font-sensation\\\/\"},\"wordCount\":493,\"commentCount\":0,\"publisher\":{\"@id\":\"https:\\\/\\\/lasentinelle.dz\\\/#organization\"},\"image\":{\"@id\":\"https:\\\/\\\/lasentinelle.dz\\\/index.php\\\/2024\\\/09\\\/29\\\/ligue-2-les-cadors-montrent-les-crocs-les-promus-font-sensation\\\/#primaryimage\"},\"thumbnailUrl\":\"https:\\\/\\\/lasentinelle.dz\\\/wp-content\\\/uploads\\\/2024\\\/08\\\/Ligue-2.jpg\",\"articleSection\":[\"Sports\"],\"inLanguage\":\"fr-FR\",\"potentialAction\":[{\"@type\":\"CommentAction\",\"name\":\"Comment\",\"target\":[\"https:\\\/\\\/lasentinelle.dz\\\/index.php\\\/2024\\\/09\\\/29\\\/ligue-2-les-cadors-montrent-les-crocs-les-promus-font-sensation\\\/#respond\"]}]},{\"@type\":\"WebPage\",\"@id\":\"https:\\\/\\\/lasentinelle.dz\\\/index.php\\\/2024\\\/09\\\/29\\\/ligue-2-les-cadors-montrent-les-crocs-les-promus-font-sensation\\\/\",\"url\":\"https:\\\/\\\/lasentinelle.dz\\\/index.php\\\/2024\\\/09\\\/29\\\/ligue-2-les-cadors-montrent-les-crocs-les-promus-font-sensation\\\/\",\"name\":\"Ligue 2 : Les cadors montrent les crocs, les promus font sensation ! - La Sentinelle\",\"isPartOf\":{\"@id\":\"https:\\\/\\\/lasentinelle.dz\\\/#website\"},\"primaryImageOfPage\":{\"@id\":\"https:\\\/\\\/lasentinelle.dz\\\/index.php\\\/2024\\\/09\\\/29\\\/ligue-2-les-cadors-montrent-les-crocs-les-promus-font-sensation\\\/#primaryimage\"},\"image\":{\"@id\":\"https:\\\/\\\/lasentinelle.dz\\\/index.php\\\/2024\\\/09\\\/29\\\/ligue-2-les-cadors-montrent-les-crocs-les-promus-font-sensation\\\/#primaryimage\"},\"thumbnailUrl\":\"https:\\\/\\\/lasentinelle.dz\\\/wp-content\\\/uploads\\\/2024\\\/08\\\/Ligue-2.jpg\",\"datePublished\":\"2024-09-29T12:20:52+00:00\",\"dateModified\":\"2024-09-29T12:20:53+00:00\",\"breadcrumb\":{\"@id\":\"https:\\\/\\\/lasentinelle.dz\\\/index.php\\\/2024\\\/09\\\/29\\\/ligue-2-les-cadors-montrent-les-crocs-les-promus-font-sensation\\\/#breadcrumb\"},\"inLanguage\":\"fr-FR\",\"potentialAction\":[{\"@type\":\"ReadAction\",\"target\":[\"https:\\\/\\\/lasentinelle.dz\\\/index.php\\\/2024\\\/09\\\/29\\\/ligue-2-les-cadors-montrent-les-crocs-les-promus-font-sensation\\\/\"]}]},{\"@type\":\"ImageObject\",\"inLanguage\":\"fr-FR\",\"@id\":\"https:\\\/\\\/lasentinelle.dz\\\/index.php\\\/2024\\\/09\\\/29\\\/ligue-2-les-cadors-montrent-les-crocs-les-promus-font-sensation\\\/#primaryimage\",\"url\":\"https:\\\/\\\/lasentinelle.dz\\\/wp-content\\\/uploads\\\/2024\\\/08\\\/Ligue-2.jpg\",\"contentUrl\":\"https:\\\/\\\/lasentinelle.dz\\\/wp-content\\\/uploads\\\/2024\\\/08\\\/Ligue-2.jpg\",\"width\":300,\"height\":200},{\"@type\":\"BreadcrumbList\",\"@id\":\"https:\\\/\\\/lasentinelle.dz\\\/index.php\\\/2024\\\/09\\\/29\\\/ligue-2-les-cadors-montrent-les-crocs-les-promus-font-sensation\\\/#breadcrumb\",\"itemListElement\":[{\"@type\":\"ListItem\",\"position\":1,\"name\":\"Accueil\",\"item\":\"https:\\\/\\\/lasentinelle.dz\\\/\"},{\"@type\":\"ListItem\",\"position\":2,\"name\":\"Ligue 2 : Les cadors montrent les crocs, les promus font sensation !\"}]},{\"@type\":\"WebSite\",\"@id\":\"https:\\\/\\\/lasentinelle.dz\\\/#website\",\"url\":\"https:\\\/\\\/lasentinelle.dz\\\/\",\"name\":\"La Sentinelle\",\"description\":\"Quotidien national d&#039;information\",\"publisher\":{\"@id\":\"https:\\\/\\\/lasentinelle.dz\\\/#organization\"},\"potentialAction\":[{\"@type\":\"SearchAction\",\"target\":{\"@type\":\"EntryPoint\",\"urlTemplate\":\"https:\\\/\\\/lasentinelle.dz\\\/?s={search_term_string}\"},\"query-input\":{\"@type\":\"PropertyValueSpecification\",\"valueRequired\":true,\"valueName\":\"search_term_string\"}}],\"inLanguage\":\"fr-FR\"},{\"@type\":\"Organization\",\"@id\":\"https:\\\/\\\/lasentinelle.dz\\\/#organization\",\"name\":\"Quotidien La Sentinelle\",\"url\":\"https:\\\/\\\/lasentinelle.dz\\\/\",\"logo\":{\"@type\":\"ImageObject\",\"inLanguage\":\"fr-FR\",\"@id\":\"https:\\\/\\\/lasentinelle.dz\\\/#\\\/schema\\\/logo\\\/image\\\/\",\"url\":\"https:\\\/\\\/lasentinelle.dz\\\/wp-content\\\/uploads\\\/2021\\\/09\\\/logo-sentinelleSLOGAN-1.png\",\"contentUrl\":\"https:\\\/\\\/lasentinelle.dz\\\/wp-content\\\/uploads\\\/2021\\\/09\\\/logo-sentinelleSLOGAN-1.png\",\"width\":615,\"height\":142,\"caption\":\"Quotidien La Sentinelle\"},\"image\":{\"@id\":\"https:\\\/\\\/lasentinelle.dz\\\/#\\\/schema\\\/logo\\\/image\\\/\"},\"sameAs\":[\"https:\\\/\\\/www.facebook.com\\\/La-Sentinelle-104059864394773\"]},{\"@type\":\"Person\",\"@id\":\"https:\\\/\\\/lasentinelle.dz\\\/#\\\/schema\\\/person\\\/e22c868643946ece5f328ac9d185b29f\",\"name\":\"Azzedine Belferag\",\"image\":{\"@type\":\"ImageObject\",\"inLanguage\":\"fr-FR\",\"@id\":\"https:\\\/\\\/secure.gravatar.com\\\/avatar\\\/767ecc3bfcf23cd6d0dae1705f124feb13a88fded1daa56498e4fb3aa3fc36a1?s=96&d=mm&r=g\",\"url\":\"https:\\\/\\\/secure.gravatar.com\\\/avatar\\\/767ecc3bfcf23cd6d0dae1705f124feb13a88fded1daa56498e4fb3aa3fc36a1?s=96&d=mm&r=g\",\"contentUrl\":\"https:\\\/\\\/secure.gravatar.com\\\/avatar\\\/767ecc3bfcf23cd6d0dae1705f124feb13a88fded1daa56498e4fb3aa3fc36a1?s=96&d=mm&r=g\",\"caption\":\"Azzedine Belferag\"},\"sameAs\":[\"http:\\\/\\\/www.lasentinelle.dz\"],\"url\":\"https:\\\/\\\/lasentinelle.dz\\\/author\\\/belferag\\\/\"}]}<\/script>\n<!-- \/ Yoast SEO plugin. -->","yoast_head_json":{"title":"Ligue 2 : Les cadors montrent les crocs, les promus font sensation ! - La Sentinelle","robots":{"index":"index","follow":"follow","max-snippet":"max-snippet:-1","max-image-preview":"max-image-preview:large","max-video-preview":"max-video-preview:-1"},"canonical":"https:\/\/lasentinelle.dz\/index.php\/2024\/09\/29\/ligue-2-les-cadors-montrent-les-crocs-les-promus-font-sensation\/","og_locale":"fr_FR","og_type":"article","og_title":"Ligue 2 : Les cadors montrent les crocs, les promus font sensation ! - La Sentinelle","og_description":"La deuxi\u00e8me journ\u00e9e du championnat de Ligue 2 amateur a tenu toutes ses promesses ce week-end, avec son lot de","og_url":"https:\/\/lasentinelle.dz\/index.php\/2024\/09\/29\/ligue-2-les-cadors-montrent-les-crocs-les-promus-font-sensation\/","og_site_name":"La Sentinelle","article_publisher":"https:\/\/www.facebook.com\/La-Sentinelle-104059864394773","article_published_time":"2024-09-29T12:20:52+00:00","article_modified_time":"2024-09-29T12:20:53+00:00","og_image":[{"width":300,"height":200,"url":"https:\/\/lasentinelle.dz\/wp-content\/uploads\/2024\/08\/Ligue-2.jpg","type":"image\/jpeg"}],"author":"Azzedine Belferag","twitter_card":"summary_large_image","twitter_misc":{"\u00c9crit par":"Azzedine Belferag","Dur\u00e9e de lecture estim\u00e9e":"3 minutes"},"schema":{"@context":"https:\/\/schema.org","@graph":[{"@type":"Article","@id":"https:\/\/lasentinelle.dz\/index.php\/2024\/09\/29\/ligue-2-les-cadors-montrent-les-crocs-les-promus-font-sensation\/#article","isPartOf":{"@id":"https:\/\/lasentinelle.dz\/index.php\/2024\/09\/29\/ligue-2-les-cadors-montrent-les-crocs-les-promus-font-sensation\/"},"author":{"name":"Azzedine Belferag","@id":"https:\/\/lasentinelle.dz\/#\/schema\/person\/e22c868643946ece5f328ac9d185b29f"},"headline":"Ligue 2 : Les cadors montrent les crocs, les promus font sensation !","datePublished":"2024-09-29T12:20:52+00:00","dateModified":"2024-09-29T12:20:53+00:00","mainEntityOfPage":{"@id":"https:\/\/lasentinelle.dz\/index.php\/2024\/09\/29\/ligue-2-les-cadors-montrent-les-crocs-les-promus-font-sensation\/"},"wordCount":493,"commentCount":0,"publisher":{"@id":"https:\/\/lasentinelle.dz\/#organization"},"image":{"@id":"https:\/\/lasentinelle.dz\/index.php\/2024\/09\/29\/ligue-2-les-cadors-montrent-les-crocs-les-promus-font-sensation\/#primaryimage"},"thumbnailUrl":"https:\/\/lasentinelle.dz\/wp-content\/uploads\/2024\/08\/Ligue-2.jpg","articleSection":["Sports"],"inLanguage":"fr-FR","potentialAction":[{"@type":"CommentAction","name":"Comment","target":["https:\/\/lasentinelle.dz\/index.php\/2024\/09\/29\/ligue-2-les-cadors-montrent-les-crocs-les-promus-font-sensation\/#respond"]}]},{"@type":"WebPage","@id":"https:\/\/lasentinelle.dz\/index.php\/2024\/09\/29\/ligue-2-les-cadors-montrent-les-crocs-les-promus-font-sensation\/","url":"https:\/\/lasentinelle.dz\/index.php\/2024\/09\/29\/ligue-2-les-cadors-montrent-les-crocs-les-promus-font-sensation\/","name":"Ligue 2 : Les cadors montrent les crocs, les promus font sensation ! - La Sentinelle","isPartOf":{"@id":"https:\/\/lasentinelle.dz\/#website"},"primaryImageOfPage":{"@id":"https:\/\/lasentinelle.dz\/index.php\/2024\/09\/29\/ligue-2-les-cadors-montrent-les-crocs-les-promus-font-sensation\/#primaryimage"},"image":{"@id":"https:\/\/lasentinelle.dz\/index.php\/2024\/09\/29\/ligue-2-les-cadors-montrent-les-crocs-les-promus-font-sensation\/#primaryimage"},"thumbnailUrl":"https:\/\/lasentinelle.dz\/wp-content\/uploads\/2024\/08\/Ligue-2.jpg","datePublished":"2024-09-29T12:20:52+00:00","dateModified":"2024-09-29T12:20:53+00:00","breadcrumb":{"@id":"https:\/\/lasentinelle.dz\/index.php\/2024\/09\/29\/ligue-2-les-cadors-montrent-les-crocs-les-promus-font-sensation\/#breadcrumb"},"inLanguage":"fr-FR","potentialAction":[{"@type":"ReadAction","target":["https:\/\/lasentinelle.dz\/index.php\/2024\/09\/29\/ligue-2-les-cadors-montrent-les-crocs-les-promus-font-sensation\/"]}]},{"@type":"ImageObject","inLanguage":"fr-FR","@id":"https:\/\/lasentinelle.dz\/index.php\/2024\/09\/29\/ligue-2-les-cadors-montrent-les-crocs-les-promus-font-sensation\/#primaryimage","url":"https:\/\/lasentinelle.dz\/wp-content\/uploads\/2024\/08\/Ligue-2.jpg","contentUrl":"https:\/\/lasentinelle.dz\/wp-content\/uploads\/2024\/08\/Ligue-2.jpg","width":300,"height":200},{"@type":"BreadcrumbList","@id":"https:\/\/lasentinelle.dz\/index.php\/2024\/09\/29\/ligue-2-les-cadors-montrent-les-crocs-les-promus-font-sensation\/#breadcrumb","itemListElement":[{"@type":"ListItem","position":1,"name":"Accueil","item":"https:\/\/lasentinelle.dz\/"},{"@type":"ListItem","position":2,"name":"Ligue 2 : Les cadors montrent les crocs, les promus font sensation !"}]},{"@type":"WebSite","@id":"https:\/\/lasentinelle.dz\/#website","url":"https:\/\/lasentinelle.dz\/","name":"La Sentinelle","description":"Quotidien national d&#039;information","publisher":{"@id":"https:\/\/lasentinelle.dz\/#organization"},"potentialAction":[{"@type":"SearchAction","target":{"@type":"EntryPoint","urlTemplate":"https:\/\/lasentinelle.dz\/?s={search_term_string}"},"query-input":{"@type":"PropertyValueSpecification","valueRequired":true,"valueName":"search_term_string"}}],"inLanguage":"fr-FR"},{"@type":"Organization","@id":"https:\/\/lasentinelle.dz\/#organization","name":"Quotidien La Sentinelle","url":"https:\/\/lasentinelle.dz\/","logo":{"@type":"ImageObject","inLanguage":"fr-FR","@id":"https:\/\/lasentinelle.dz\/#\/schema\/logo\/image\/","url":"https:\/\/lasentinelle.dz\/wp-content\/uploads\/2021\/09\/logo-sentinelleSLOGAN-1.png","contentUrl":"https:\/\/lasentinelle.dz\/wp-content\/uploads\/2021\/09\/logo-sentinelleSLOGAN-1.png","width":615,"height":142,"caption":"Quotidien La Sentinelle"},"image":{"@id":"https:\/\/lasentinelle.dz\/#\/schema\/logo\/image\/"},"sameAs":["https:\/\/www.facebook.com\/La-Sentinelle-104059864394773"]},{"@type":"Person","@id":"https:\/\/lasentinelle.dz\/#\/schema\/person\/e22c868643946ece5f328ac9d185b29f","name":"Azzedine Belferag","image":{"@type":"ImageObject","inLanguage":"fr-FR","@id":"https:\/\/secure.gravatar.com\/avatar\/767ecc3bfcf23cd6d0dae1705f124feb13a88fded1daa56498e4fb3aa3fc36a1?s=96&d=mm&r=g","url":"https:\/\/secure.gravatar.com\/avatar\/767ecc3bfcf23cd6d0dae1705f124feb13a88fded1daa56498e4fb3aa3fc36a1?s=96&d=mm&r=g","contentUrl":"https:\/\/secure.gravatar.com\/avatar\/767ecc3bfcf23cd6d0dae1705f124feb13a88fded1daa56498e4fb3aa3fc36a1?s=96&d=mm&r=g","caption":"Azzedine Belferag"},"sameAs":["http:\/\/www.lasentinelle.dz"],"url":"https:\/\/lasentinelle.dz\/author\/belferag\/"}]}},"_links":{"self":[{"href":"https:\/\/lasentinelle.dz\/index.php\/wp-json\/wp\/v2\/posts\/57561","targetHints":{"allow":["GET"]}}],"collection":[{"href":"https:\/\/lasentinelle.dz\/index.php\/wp-json\/wp\/v2\/posts"}],"about":[{"href":"https:\/\/lasentinelle.dz\/index.php\/wp-json\/wp\/v2\/types\/post"}],"author":[{"embeddable":true,"href":"https:\/\/lasentinelle.dz\/index.php\/wp-json\/wp\/v2\/users\/2"}],"replies":[{"embeddable":true,"href":"https:\/\/lasentinelle.dz\/index.php\/wp-json\/wp\/v2\/comments?post=57561"}],"version-history":[{"count":1,"href":"https:\/\/lasentinelle.dz\/index.php\/wp-json\/wp\/v2\/posts\/57561\/revisions"}],"predecessor-version":[{"id":57562,"href":"https:\/\/lasentinelle.dz\/index.php\/wp-json\/wp\/v2\/posts\/57561\/revisions\/57562"}],"wp:featuredmedia":[{"embeddable":true,"href":"https:\/\/lasentinelle.dz\/index.php\/wp-json\/wp\/v2\/media\/56126"}],"wp:attachment":[{"href":"https:\/\/lasentinelle.dz\/index.php\/wp-json\/wp\/v2\/media?parent=57561"}],"wp:term":[{"taxonomy":"category","embeddable":true,"href":"https:\/\/lasentinelle.dz\/index.php\/wp-json\/wp\/v2\/categories?post=57561"},{"taxonomy":"post_tag","embeddable":true,"href":"https:\/\/lasentinelle.dz\/index.php\/wp-json\/wp\/v2\/tags?post=57561"}],"curies":[{"name":"wp","href":"https:\/\/api.w.org\/{rel}","templated":true}]}}