{"id":57588,"date":"2024-09-29T13:49:19","date_gmt":"2024-09-29T12:49:19","guid":{"rendered":"https:\/\/lasentinelle.dz\/?p=57588"},"modified":"2024-09-29T13:49:20","modified_gmt":"2024-09-29T12:49:20","slug":"escalade-au-moyen-orient-lalgerie-appelle-le-conseil-de-securite-a-agir","status":"publish","type":"post","link":"https:\/\/lasentinelle.dz\/index.php\/2024\/09\/29\/escalade-au-moyen-orient-lalgerie-appelle-le-conseil-de-securite-a-agir\/","title":{"rendered":"Escalade au Moyen-Orient: L&rsquo;Alg\u00e9rie appelle le Conseil de s\u00e9curit\u00e9 \u00e0 agir"},"content":{"rendered":"\n<p>Dans un contexte d&rsquo;escalade des tensions au Moyen-Orient, l&rsquo;Alg\u00e9rie a pris l&rsquo;initiative de convoquer une r\u00e9union de haut niveau du Conseil de s\u00e9curit\u00e9 des Nations Unies vendredi \u00e0 New York. Cette r\u00e9union, qui a rassembl\u00e9 de nombreux ministres des Affaires \u00e9trang\u00e8res et hauts responsables, a permis de se pencher sur la situation critique dans la r\u00e9gion, en particulier de la question palestinienne et de l&rsquo;aggravation du conflit \u00e0 Ghaza, en Cisjordanie et au Liban.<\/p>\n\n\n\n<p>Le ministre des Affaires \u00e9trang\u00e8res, Ahmed Attaf, a prononc\u00e9 un discours percutant lors de cette r\u00e9union, mettant en lumi\u00e8re la responsabilit\u00e9 du Conseil de s\u00e9curit\u00e9 face aux d\u00e9veloppements dangereux dans la r\u00e9gion. Il a soulign\u00e9 que la gravit\u00e9 de la situation ne laissait aucune place \u00e0 l&rsquo;inaction ou \u00e0 l&rsquo;h\u00e9sitation de la part de cet organe crucial des Nations Unies. M. Attaf a notamment insist\u00e9 sur plusieurs points cl\u00e9s. Le chef de la diplomatie alg\u00e9rienne a rappel\u00e9 que le Conseil de s\u00e9curit\u00e9 avait une responsabilit\u00e9 juridique, politique, morale et humanitaire face aux crimes commis contre les Palestiniens et les autres peuples de la r\u00e9gion. Il a soulign\u00e9 qu&rsquo;aucune justification ne pouvait \u00eatre accept\u00e9e pour manquer \u00e0 cette responsabilit\u00e9, qu&rsquo;il a qualifi\u00e9e d&rsquo;imprescriptible.<\/p>\n\n\n\n<p>Attaf a critiqu\u00e9 l&rsquo;incapacit\u00e9 du Conseil \u00e0 rendre justice au peuple palestinien et \u00e0 faire valoir ses droits. Il a not\u00e9 que malgr\u00e9 de nombreuses r\u00e9unions depuis le d\u00e9but de l&rsquo;agression \u00e0 Ghaza, seules deux r\u00e9solutions r\u00e9clamant un cessez-le-feu avaient \u00e9t\u00e9 adopt\u00e9es, et que ces r\u00e9solutions avaient \u00e9t\u00e9 ignor\u00e9es par l&rsquo;entit\u00e9 sioniste. Les dangereux d\u00e9veloppements en cours ne laissent aucune place \u00e0 l\u2019atermoiement ou \u00e0 l&rsquo;inaction du Conseil de s\u00e9curit\u00e9, qui doit assumer \u00ab\u00a0la responsabilit\u00e9 juridique, politique, morale et humanitaire qui lui incombe face \u00e0 l&rsquo;horreur des crimes isra\u00e9liens \u00e0 l&rsquo;encontre des Palestiniens et des autres peuples et pays de la r\u00e9gion\u00a0\u00bb, a soulign\u00e9 le ministre. Aucun manquement \u00e0 cette responsabilit\u00e9 ne saurait \u00eatre justifi\u00e9. C\u2019est une responsabilit\u00e9 imprescriptible qui ne peut aucunement \u00eatre \u00e9lud\u00e9e, a-t-il insist\u00e9, \u00e9voquant \u00ab\u00a0l&rsquo;incapacit\u00e9 de cette instance centrale \u00e0 trouver les moyens de rendre justice au peuple palestinien et de faire valoir ses droits\u00a0\u00bb. En effet, le Conseil de s\u00e9curit\u00e9 s\u2019est r\u00e9uni des dizaines de fois depuis le d\u00e9but de l&rsquo;agression commise par l\u2019occupation sioniste \u00e0 Ghaza, n\u2019aboutissant qu\u2019\u00e0 l&rsquo;adoption de deux r\u00e9solutions r\u00e9clamant un cessez-le-feu, a-t-il fait observer. \u00ab\u00a0Deux r\u00e9solutions auxquelles, a-t-il dit, l\u2019occupation de peuplement isra\u00e9lienne n\u2019a pr\u00eat\u00e9 aucune attention ( ) continuant \u00e0 se livrer \u00e0 ses crimes odieux, ses violations flagrantes et ses pratiques inhumaines, sans aucune dissuasion ni condamnation explicite, ni le moindre reproche de la part de notre Conseil\u00a0\u00bb. Le ministre a attir\u00e9 \u00e9galement l&rsquo;attention sur l&rsquo;extension du conflit au-del\u00e0 de Ghaza, mentionnant l&rsquo;escalade en Cisjordanie et les actions isra\u00e9liennes au Y\u00e9men, en Syrie, en Iran et au Liban. Il a soulign\u00e9 que les crimes de l&rsquo;occupation avaient franchi de nouveaux seuils, notamment au Liban. M. Attaf a remis en question le traitement sp\u00e9cial dont b\u00e9n\u00e9ficie l&rsquo;entit\u00e9 sioniste en termes d&rsquo;impunit\u00e9. Il a compar\u00e9 cette situation \u00e0 d&rsquo;autres cas o\u00f9 le Conseil de s\u00e9curit\u00e9 avait fait preuve de fermet\u00e9 lorsque ses r\u00e9solutions contraignantes n&rsquo;\u00e9taient pas respect\u00e9es.<\/p>\n\n\n\n<p>Le ministre a averti que le maintien du statu quo encouragerait l&rsquo;h\u00e9g\u00e9monie de l&rsquo;occupant, consacrerait l&rsquo;\u00e9tat d&rsquo;occupation et d&rsquo;expansion par la force, et ouvrirait la voie \u00e0 un plan sioniste aux cons\u00e9quences catastrophiques pour toute la r\u00e9gion. M. Attaf a appel\u00e9 le Conseil de s\u00e9curit\u00e9 \u00e0 agir pour mettre fin aux violences, faire respecter ses r\u00e9solutions contraignantes et prioriser les r\u00e8gles du droit international. Il a insist\u00e9 sur l&rsquo;importance d&rsquo;appliquer ces r\u00e8gles de mani\u00e8re \u00e9gale \u00e0 tous les acteurs. Le ministre a conclu en r\u00e9affirmant que l&rsquo;\u00e9tablissement d&rsquo;un \u00c9tat palestinien ind\u00e9pendant et souverain \u00e9tait la seule solution juste, durable et d\u00e9finitive au conflit. Il a soulign\u00e9 que cette solution \u00e9tait essentielle pour restaurer la s\u00e9curit\u00e9 et la stabilit\u00e9 dans tout le Moyen-Orient. \u00ab\u00a0Le maintien d&rsquo;une telle situation c\u2019est parier sur le pire, encourager et ancrer l\u2019h\u00e9g\u00e9monie de l&rsquo;occupant, consacrer l\u2019\u00e9tat d&rsquo;occupation et d\u2019expansion par la force, et paver la voie au plan isra\u00e9lien qui, in\u00e9vitablement, m\u00e8nera les Palestiniens et tous les pays de la r\u00e9gion vers un destin dont on peut ais\u00e9ment pr\u00e9voir les cons\u00e9quences catastrophiques pour tous\u00a0\u00bb, a pr\u00e9venu le ministre des Affaires \u00e9trang\u00e8res. C\u2019est pourquoi, a-t-il dit, les Palestiniens, les Libanais et tous les pays et peuples de la r\u00e9gion demandent au Conseil de s\u00e9curit\u00e9 d\u2019agir pour mettre fin aux meurtres, aux exactions, \u00e0 la destruction et \u00e0 la d\u00e9vastation, faire respecter les r\u00e9solutions contraignantes qu&rsquo;il a adopt\u00e9es et prioriser les r\u00e8gles et normes du droit international, que tout un chacun doit observer et respecter sur un pied d\u2019\u00e9galit\u00e9. Cette r\u00e9union, demand\u00e9e par l&rsquo;Alg\u00e9rie, a permis de mettre en lumi\u00e8re l&rsquo;urgence de la situation au Moyen-Orient et la n\u00e9cessit\u00e9 d&rsquo;une action concert\u00e9e de la communaut\u00e9 internationale. La participation de nombreux ministres des Affaires \u00e9trang\u00e8res et hauts responsables, notamment de pays comme la Russie, la Chine, le Royaume-Uni, ainsi que des pays de la r\u00e9gion, souligne l&rsquo;importance accord\u00e9e \u00e0 cette initiative alg\u00e9rienne. L&rsquo;Alg\u00e9rie, par son action diplomatique, se positionne ainsi comme un acteur engag\u00e9 pour la paix et la justice au Moyen-Orient. En mettant l&rsquo;accent sur le respect du droit international et la n\u00e9cessit\u00e9 d&rsquo;une solution juste et durable, elle cherche \u00e0 mobiliser la communaut\u00e9 internationale pour mettre fin \u00e0 la spirale de violence et ouvrir la voie \u00e0 une paix v\u00e9ritable dans la r\u00e9gion. La position alg\u00e9rienne refl\u00e8te une approche \u00e9quilibr\u00e9e qui reconna\u00eet les souffrances du peuple palestinien tout en appelant \u00e0 une r\u00e9solution pacifique du conflit. En insistant sur la responsabilit\u00e9 du Conseil de s\u00e9curit\u00e9 et en critiquant son inaction, l&rsquo;Alg\u00e9rie cherche \u00e0 redynamiser le processus diplomatique et \u00e0 remettre la question palestinienne au c\u0153ur de l&rsquo;agenda international. Cette initiative diplomatique de l&rsquo;Alg\u00e9rie s&rsquo;inscrit dans une longue tradition de soutien \u00e0 la cause palestinienne et de promotion de la paix au Moyen-Orient. Elle t\u00e9moigne de l&rsquo;engagement continu du pays en faveur d&rsquo;un ordre international fond\u00e9 sur le droit et la justice, o\u00f9 les r\u00e9solutions de l&rsquo;ONU sont respect\u00e9es et appliqu\u00e9es de mani\u00e8re \u00e9quitable \u00e0 tous les \u00c9tats.<\/p>\n\n\n\n<p>Chokri Hafed<\/p>\n","protected":false},"excerpt":{"rendered":"<p>Dans un contexte d&rsquo;escalade des tensions au Moyen-Orient, l&rsquo;Alg\u00e9rie a pris l&rsquo;initiative de convoquer une r\u00e9union de haut niveau du<\/p>\n","protected":false},"author":6,"featured_media":57589,"comment_status":"open","ping_status":"closed","sticky":false,"template":"","format":"standard","meta":{"colormag_page_container_layout":"default_layout","colormag_page_sidebar_layout":"default_layout","om_disable_all_campaigns":false,"_monsterinsights_skip_tracking":false,"_monsterinsights_sitenote_active":false,"_monsterinsights_sitenote_note":"","_monsterinsights_sitenote_category":0,"footnotes":"","_wpscppro_dont_share_socialmedia":false,"_wpscppro_custom_social_share_image":0,"_facebook_share_type":"default","_twitter_share_type":"default","_linkedin_share_type":"default","_pinterest_share_type":"default","_linkedin_share_type_page":"","_instagram_share_type":"default","_medium_share_type":"","_threads_share_type":"","_google_business_share_type":"","_selected_social_profile":[],"_wpsp_enable_custom_social_template":false,"_wpsp_social_scheduling":{"enabled":false,"datetime":null,"platforms":[],"status":"template_only","dateOption":"today","timeOption":"now","customDays":"","customHours":"","customDate":"","customTime":"","schedulingType":"absolute"},"_wpsp_active_default_template":true},"categories":[27],"tags":[],"class_list":["post-57588","post","type-post","status-publish","format-standard","has-post-thumbnail","hentry","category-actualite"],"aioseo_notices":[],"yoast_head":"<!-- This site is optimized with the Yoast SEO plugin v27.5 - https:\/\/yoast.com\/product\/yoast-seo-wordpress\/ -->\n<title>Escalade au Moyen-Orient: L&rsquo;Alg\u00e9rie appelle le Conseil de s\u00e9curit\u00e9 \u00e0 agir - La Sentinelle<\/title>\n<meta name=\"robots\" content=\"index, follow, max-snippet:-1, max-image-preview:large, max-video-preview:-1\" \/>\n<link rel=\"canonical\" href=\"https:\/\/lasentinelle.dz\/index.php\/2024\/09\/29\/escalade-au-moyen-orient-lalgerie-appelle-le-conseil-de-securite-a-agir\/\" \/>\n<meta property=\"og:locale\" content=\"fr_FR\" \/>\n<meta property=\"og:type\" content=\"article\" \/>\n<meta property=\"og:title\" content=\"Escalade au Moyen-Orient: L&rsquo;Alg\u00e9rie appelle le Conseil de s\u00e9curit\u00e9 \u00e0 agir - La Sentinelle\" \/>\n<meta property=\"og:description\" content=\"Dans un contexte d&rsquo;escalade des tensions au Moyen-Orient, l&rsquo;Alg\u00e9rie a pris l&rsquo;initiative de convoquer une r\u00e9union de haut niveau du\" \/>\n<meta property=\"og:url\" content=\"https:\/\/lasentinelle.dz\/index.php\/2024\/09\/29\/escalade-au-moyen-orient-lalgerie-appelle-le-conseil-de-securite-a-agir\/\" \/>\n<meta property=\"og:site_name\" content=\"La Sentinelle\" \/>\n<meta property=\"article:publisher\" content=\"https:\/\/www.facebook.com\/La-Sentinelle-104059864394773\" \/>\n<meta property=\"article:published_time\" content=\"2024-09-29T12:49:19+00:00\" \/>\n<meta property=\"article:modified_time\" content=\"2024-09-29T12:49:20+00:00\" \/>\n<meta property=\"og:image\" content=\"https:\/\/lasentinelle.dz\/wp-content\/uploads\/2024\/09\/Attaf.jpeg\" \/>\n\t<meta property=\"og:image:width\" content=\"1000\" \/>\n\t<meta property=\"og:image:height\" content=\"522\" \/>\n\t<meta property=\"og:image:type\" content=\"image\/jpeg\" \/>\n<meta name=\"author\" content=\"admin\" \/>\n<meta name=\"twitter:card\" content=\"summary_large_image\" \/>\n<meta name=\"twitter:label1\" content=\"\u00c9crit par\" \/>\n\t<meta name=\"twitter:data1\" content=\"admin\" \/>\n\t<meta name=\"twitter:label2\" content=\"Dur\u00e9e de lecture estim\u00e9e\" \/>\n\t<meta name=\"twitter:data2\" content=\"6 minutes\" \/>\n<script type=\"application\/ld+json\" class=\"yoast-schema-graph\">{\"@context\":\"https:\\\/\\\/schema.org\",\"@graph\":[{\"@type\":\"Article\",\"@id\":\"https:\\\/\\\/lasentinelle.dz\\\/index.php\\\/2024\\\/09\\\/29\\\/escalade-au-moyen-orient-lalgerie-appelle-le-conseil-de-securite-a-agir\\\/#article\",\"isPartOf\":{\"@id\":\"https:\\\/\\\/lasentinelle.dz\\\/index.php\\\/2024\\\/09\\\/29\\\/escalade-au-moyen-orient-lalgerie-appelle-le-conseil-de-securite-a-agir\\\/\"},\"author\":{\"name\":\"admin\",\"@id\":\"https:\\\/\\\/lasentinelle.dz\\\/#\\\/schema\\\/person\\\/729ee0024f24e0b8c5ec17232f8e8b41\"},\"headline\":\"Escalade au Moyen-Orient: L&rsquo;Alg\u00e9rie appelle le Conseil de s\u00e9curit\u00e9 \u00e0 agir\",\"datePublished\":\"2024-09-29T12:49:19+00:00\",\"dateModified\":\"2024-09-29T12:49:20+00:00\",\"mainEntityOfPage\":{\"@id\":\"https:\\\/\\\/lasentinelle.dz\\\/index.php\\\/2024\\\/09\\\/29\\\/escalade-au-moyen-orient-lalgerie-appelle-le-conseil-de-securite-a-agir\\\/\"},\"wordCount\":1157,\"commentCount\":0,\"publisher\":{\"@id\":\"https:\\\/\\\/lasentinelle.dz\\\/#organization\"},\"image\":{\"@id\":\"https:\\\/\\\/lasentinelle.dz\\\/index.php\\\/2024\\\/09\\\/29\\\/escalade-au-moyen-orient-lalgerie-appelle-le-conseil-de-securite-a-agir\\\/#primaryimage\"},\"thumbnailUrl\":\"https:\\\/\\\/lasentinelle.dz\\\/wp-content\\\/uploads\\\/2024\\\/09\\\/Attaf.jpeg\",\"articleSection\":[\"Actualit\u00e9\"],\"inLanguage\":\"fr-FR\",\"potentialAction\":[{\"@type\":\"CommentAction\",\"name\":\"Comment\",\"target\":[\"https:\\\/\\\/lasentinelle.dz\\\/index.php\\\/2024\\\/09\\\/29\\\/escalade-au-moyen-orient-lalgerie-appelle-le-conseil-de-securite-a-agir\\\/#respond\"]}]},{\"@type\":\"WebPage\",\"@id\":\"https:\\\/\\\/lasentinelle.dz\\\/index.php\\\/2024\\\/09\\\/29\\\/escalade-au-moyen-orient-lalgerie-appelle-le-conseil-de-securite-a-agir\\\/\",\"url\":\"https:\\\/\\\/lasentinelle.dz\\\/index.php\\\/2024\\\/09\\\/29\\\/escalade-au-moyen-orient-lalgerie-appelle-le-conseil-de-securite-a-agir\\\/\",\"name\":\"Escalade au Moyen-Orient: L&rsquo;Alg\u00e9rie appelle le Conseil de s\u00e9curit\u00e9 \u00e0 agir - La Sentinelle\",\"isPartOf\":{\"@id\":\"https:\\\/\\\/lasentinelle.dz\\\/#website\"},\"primaryImageOfPage\":{\"@id\":\"https:\\\/\\\/lasentinelle.dz\\\/index.php\\\/2024\\\/09\\\/29\\\/escalade-au-moyen-orient-lalgerie-appelle-le-conseil-de-securite-a-agir\\\/#primaryimage\"},\"image\":{\"@id\":\"https:\\\/\\\/lasentinelle.dz\\\/index.php\\\/2024\\\/09\\\/29\\\/escalade-au-moyen-orient-lalgerie-appelle-le-conseil-de-securite-a-agir\\\/#primaryimage\"},\"thumbnailUrl\":\"https:\\\/\\\/lasentinelle.dz\\\/wp-content\\\/uploads\\\/2024\\\/09\\\/Attaf.jpeg\",\"datePublished\":\"2024-09-29T12:49:19+00:00\",\"dateModified\":\"2024-09-29T12:49:20+00:00\",\"breadcrumb\":{\"@id\":\"https:\\\/\\\/lasentinelle.dz\\\/index.php\\\/2024\\\/09\\\/29\\\/escalade-au-moyen-orient-lalgerie-appelle-le-conseil-de-securite-a-agir\\\/#breadcrumb\"},\"inLanguage\":\"fr-FR\",\"potentialAction\":[{\"@type\":\"ReadAction\",\"target\":[\"https:\\\/\\\/lasentinelle.dz\\\/index.php\\\/2024\\\/09\\\/29\\\/escalade-au-moyen-orient-lalgerie-appelle-le-conseil-de-securite-a-agir\\\/\"]}]},{\"@type\":\"ImageObject\",\"inLanguage\":\"fr-FR\",\"@id\":\"https:\\\/\\\/lasentinelle.dz\\\/index.php\\\/2024\\\/09\\\/29\\\/escalade-au-moyen-orient-lalgerie-appelle-le-conseil-de-securite-a-agir\\\/#primaryimage\",\"url\":\"https:\\\/\\\/lasentinelle.dz\\\/wp-content\\\/uploads\\\/2024\\\/09\\\/Attaf.jpeg\",\"contentUrl\":\"https:\\\/\\\/lasentinelle.dz\\\/wp-content\\\/uploads\\\/2024\\\/09\\\/Attaf.jpeg\",\"width\":1000,\"height\":522},{\"@type\":\"BreadcrumbList\",\"@id\":\"https:\\\/\\\/lasentinelle.dz\\\/index.php\\\/2024\\\/09\\\/29\\\/escalade-au-moyen-orient-lalgerie-appelle-le-conseil-de-securite-a-agir\\\/#breadcrumb\",\"itemListElement\":[{\"@type\":\"ListItem\",\"position\":1,\"name\":\"Accueil\",\"item\":\"https:\\\/\\\/lasentinelle.dz\\\/\"},{\"@type\":\"ListItem\",\"position\":2,\"name\":\"Escalade au Moyen-Orient: L&rsquo;Alg\u00e9rie appelle le Conseil de s\u00e9curit\u00e9 \u00e0 agir\"}]},{\"@type\":\"WebSite\",\"@id\":\"https:\\\/\\\/lasentinelle.dz\\\/#website\",\"url\":\"https:\\\/\\\/lasentinelle.dz\\\/\",\"name\":\"La Sentinelle\",\"description\":\"Quotidien national d&#039;information\",\"publisher\":{\"@id\":\"https:\\\/\\\/lasentinelle.dz\\\/#organization\"},\"potentialAction\":[{\"@type\":\"SearchAction\",\"target\":{\"@type\":\"EntryPoint\",\"urlTemplate\":\"https:\\\/\\\/lasentinelle.dz\\\/?s={search_term_string}\"},\"query-input\":{\"@type\":\"PropertyValueSpecification\",\"valueRequired\":true,\"valueName\":\"search_term_string\"}}],\"inLanguage\":\"fr-FR\"},{\"@type\":\"Organization\",\"@id\":\"https:\\\/\\\/lasentinelle.dz\\\/#organization\",\"name\":\"Quotidien La Sentinelle\",\"url\":\"https:\\\/\\\/lasentinelle.dz\\\/\",\"logo\":{\"@type\":\"ImageObject\",\"inLanguage\":\"fr-FR\",\"@id\":\"https:\\\/\\\/lasentinelle.dz\\\/#\\\/schema\\\/logo\\\/image\\\/\",\"url\":\"https:\\\/\\\/lasentinelle.dz\\\/wp-content\\\/uploads\\\/2021\\\/09\\\/logo-sentinelleSLOGAN-1.png\",\"contentUrl\":\"https:\\\/\\\/lasentinelle.dz\\\/wp-content\\\/uploads\\\/2021\\\/09\\\/logo-sentinelleSLOGAN-1.png\",\"width\":615,\"height\":142,\"caption\":\"Quotidien La Sentinelle\"},\"image\":{\"@id\":\"https:\\\/\\\/lasentinelle.dz\\\/#\\\/schema\\\/logo\\\/image\\\/\"},\"sameAs\":[\"https:\\\/\\\/www.facebook.com\\\/La-Sentinelle-104059864394773\"]},{\"@type\":\"Person\",\"@id\":\"https:\\\/\\\/lasentinelle.dz\\\/#\\\/schema\\\/person\\\/729ee0024f24e0b8c5ec17232f8e8b41\",\"name\":\"admin\",\"image\":{\"@type\":\"ImageObject\",\"inLanguage\":\"fr-FR\",\"@id\":\"https:\\\/\\\/secure.gravatar.com\\\/avatar\\\/4c81fed838786e9b53f540bf46533e750f5d292099ae3b66cfc6fb1982e29df7?s=96&d=mm&r=g\",\"url\":\"https:\\\/\\\/secure.gravatar.com\\\/avatar\\\/4c81fed838786e9b53f540bf46533e750f5d292099ae3b66cfc6fb1982e29df7?s=96&d=mm&r=g\",\"contentUrl\":\"https:\\\/\\\/secure.gravatar.com\\\/avatar\\\/4c81fed838786e9b53f540bf46533e750f5d292099ae3b66cfc6fb1982e29df7?s=96&d=mm&r=g\",\"caption\":\"admin\"},\"description\":\"admin\",\"url\":\"https:\\\/\\\/lasentinelle.dz\\\/author\\\/admin\\\/\"}]}<\/script>\n<!-- \/ Yoast SEO plugin. -->","yoast_head_json":{"title":"Escalade au Moyen-Orient: L&rsquo;Alg\u00e9rie appelle le Conseil de s\u00e9curit\u00e9 \u00e0 agir - La Sentinelle","robots":{"index":"index","follow":"follow","max-snippet":"max-snippet:-1","max-image-preview":"max-image-preview:large","max-video-preview":"max-video-preview:-1"},"canonical":"https:\/\/lasentinelle.dz\/index.php\/2024\/09\/29\/escalade-au-moyen-orient-lalgerie-appelle-le-conseil-de-securite-a-agir\/","og_locale":"fr_FR","og_type":"article","og_title":"Escalade au Moyen-Orient: L&rsquo;Alg\u00e9rie appelle le Conseil de s\u00e9curit\u00e9 \u00e0 agir - La Sentinelle","og_description":"Dans un contexte d&rsquo;escalade des tensions au Moyen-Orient, l&rsquo;Alg\u00e9rie a pris l&rsquo;initiative de convoquer une r\u00e9union de haut niveau du","og_url":"https:\/\/lasentinelle.dz\/index.php\/2024\/09\/29\/escalade-au-moyen-orient-lalgerie-appelle-le-conseil-de-securite-a-agir\/","og_site_name":"La Sentinelle","article_publisher":"https:\/\/www.facebook.com\/La-Sentinelle-104059864394773","article_published_time":"2024-09-29T12:49:19+00:00","article_modified_time":"2024-09-29T12:49:20+00:00","og_image":[{"width":1000,"height":522,"url":"https:\/\/lasentinelle.dz\/wp-content\/uploads\/2024\/09\/Attaf.jpeg","type":"image\/jpeg"}],"author":"admin","twitter_card":"summary_large_image","twitter_misc":{"\u00c9crit par":"admin","Dur\u00e9e de lecture estim\u00e9e":"6 minutes"},"schema":{"@context":"https:\/\/schema.org","@graph":[{"@type":"Article","@id":"https:\/\/lasentinelle.dz\/index.php\/2024\/09\/29\/escalade-au-moyen-orient-lalgerie-appelle-le-conseil-de-securite-a-agir\/#article","isPartOf":{"@id":"https:\/\/lasentinelle.dz\/index.php\/2024\/09\/29\/escalade-au-moyen-orient-lalgerie-appelle-le-conseil-de-securite-a-agir\/"},"author":{"name":"admin","@id":"https:\/\/lasentinelle.dz\/#\/schema\/person\/729ee0024f24e0b8c5ec17232f8e8b41"},"headline":"Escalade au Moyen-Orient: L&rsquo;Alg\u00e9rie appelle le Conseil de s\u00e9curit\u00e9 \u00e0 agir","datePublished":"2024-09-29T12:49:19+00:00","dateModified":"2024-09-29T12:49:20+00:00","mainEntityOfPage":{"@id":"https:\/\/lasentinelle.dz\/index.php\/2024\/09\/29\/escalade-au-moyen-orient-lalgerie-appelle-le-conseil-de-securite-a-agir\/"},"wordCount":1157,"commentCount":0,"publisher":{"@id":"https:\/\/lasentinelle.dz\/#organization"},"image":{"@id":"https:\/\/lasentinelle.dz\/index.php\/2024\/09\/29\/escalade-au-moyen-orient-lalgerie-appelle-le-conseil-de-securite-a-agir\/#primaryimage"},"thumbnailUrl":"https:\/\/lasentinelle.dz\/wp-content\/uploads\/2024\/09\/Attaf.jpeg","articleSection":["Actualit\u00e9"],"inLanguage":"fr-FR","potentialAction":[{"@type":"CommentAction","name":"Comment","target":["https:\/\/lasentinelle.dz\/index.php\/2024\/09\/29\/escalade-au-moyen-orient-lalgerie-appelle-le-conseil-de-securite-a-agir\/#respond"]}]},{"@type":"WebPage","@id":"https:\/\/lasentinelle.dz\/index.php\/2024\/09\/29\/escalade-au-moyen-orient-lalgerie-appelle-le-conseil-de-securite-a-agir\/","url":"https:\/\/lasentinelle.dz\/index.php\/2024\/09\/29\/escalade-au-moyen-orient-lalgerie-appelle-le-conseil-de-securite-a-agir\/","name":"Escalade au Moyen-Orient: L&rsquo;Alg\u00e9rie appelle le Conseil de s\u00e9curit\u00e9 \u00e0 agir - La Sentinelle","isPartOf":{"@id":"https:\/\/lasentinelle.dz\/#website"},"primaryImageOfPage":{"@id":"https:\/\/lasentinelle.dz\/index.php\/2024\/09\/29\/escalade-au-moyen-orient-lalgerie-appelle-le-conseil-de-securite-a-agir\/#primaryimage"},"image":{"@id":"https:\/\/lasentinelle.dz\/index.php\/2024\/09\/29\/escalade-au-moyen-orient-lalgerie-appelle-le-conseil-de-securite-a-agir\/#primaryimage"},"thumbnailUrl":"https:\/\/lasentinelle.dz\/wp-content\/uploads\/2024\/09\/Attaf.jpeg","datePublished":"2024-09-29T12:49:19+00:00","dateModified":"2024-09-29T12:49:20+00:00","breadcrumb":{"@id":"https:\/\/lasentinelle.dz\/index.php\/2024\/09\/29\/escalade-au-moyen-orient-lalgerie-appelle-le-conseil-de-securite-a-agir\/#breadcrumb"},"inLanguage":"fr-FR","potentialAction":[{"@type":"ReadAction","target":["https:\/\/lasentinelle.dz\/index.php\/2024\/09\/29\/escalade-au-moyen-orient-lalgerie-appelle-le-conseil-de-securite-a-agir\/"]}]},{"@type":"ImageObject","inLanguage":"fr-FR","@id":"https:\/\/lasentinelle.dz\/index.php\/2024\/09\/29\/escalade-au-moyen-orient-lalgerie-appelle-le-conseil-de-securite-a-agir\/#primaryimage","url":"https:\/\/lasentinelle.dz\/wp-content\/uploads\/2024\/09\/Attaf.jpeg","contentUrl":"https:\/\/lasentinelle.dz\/wp-content\/uploads\/2024\/09\/Attaf.jpeg","width":1000,"height":522},{"@type":"BreadcrumbList","@id":"https:\/\/lasentinelle.dz\/index.php\/2024\/09\/29\/escalade-au-moyen-orient-lalgerie-appelle-le-conseil-de-securite-a-agir\/#breadcrumb","itemListElement":[{"@type":"ListItem","position":1,"name":"Accueil","item":"https:\/\/lasentinelle.dz\/"},{"@type":"ListItem","position":2,"name":"Escalade au Moyen-Orient: L&rsquo;Alg\u00e9rie appelle le Conseil de s\u00e9curit\u00e9 \u00e0 agir"}]},{"@type":"WebSite","@id":"https:\/\/lasentinelle.dz\/#website","url":"https:\/\/lasentinelle.dz\/","name":"La Sentinelle","description":"Quotidien national d&#039;information","publisher":{"@id":"https:\/\/lasentinelle.dz\/#organization"},"potentialAction":[{"@type":"SearchAction","target":{"@type":"EntryPoint","urlTemplate":"https:\/\/lasentinelle.dz\/?s={search_term_string}"},"query-input":{"@type":"PropertyValueSpecification","valueRequired":true,"valueName":"search_term_string"}}],"inLanguage":"fr-FR"},{"@type":"Organization","@id":"https:\/\/lasentinelle.dz\/#organization","name":"Quotidien La Sentinelle","url":"https:\/\/lasentinelle.dz\/","logo":{"@type":"ImageObject","inLanguage":"fr-FR","@id":"https:\/\/lasentinelle.dz\/#\/schema\/logo\/image\/","url":"https:\/\/lasentinelle.dz\/wp-content\/uploads\/2021\/09\/logo-sentinelleSLOGAN-1.png","contentUrl":"https:\/\/lasentinelle.dz\/wp-content\/uploads\/2021\/09\/logo-sentinelleSLOGAN-1.png","width":615,"height":142,"caption":"Quotidien La Sentinelle"},"image":{"@id":"https:\/\/lasentinelle.dz\/#\/schema\/logo\/image\/"},"sameAs":["https:\/\/www.facebook.com\/La-Sentinelle-104059864394773"]},{"@type":"Person","@id":"https:\/\/lasentinelle.dz\/#\/schema\/person\/729ee0024f24e0b8c5ec17232f8e8b41","name":"admin","image":{"@type":"ImageObject","inLanguage":"fr-FR","@id":"https:\/\/secure.gravatar.com\/avatar\/4c81fed838786e9b53f540bf46533e750f5d292099ae3b66cfc6fb1982e29df7?s=96&d=mm&r=g","url":"https:\/\/secure.gravatar.com\/avatar\/4c81fed838786e9b53f540bf46533e750f5d292099ae3b66cfc6fb1982e29df7?s=96&d=mm&r=g","contentUrl":"https:\/\/secure.gravatar.com\/avatar\/4c81fed838786e9b53f540bf46533e750f5d292099ae3b66cfc6fb1982e29df7?s=96&d=mm&r=g","caption":"admin"},"description":"admin","url":"https:\/\/lasentinelle.dz\/author\/admin\/"}]}},"_links":{"self":[{"href":"https:\/\/lasentinelle.dz\/index.php\/wp-json\/wp\/v2\/posts\/57588","targetHints":{"allow":["GET"]}}],"collection":[{"href":"https:\/\/lasentinelle.dz\/index.php\/wp-json\/wp\/v2\/posts"}],"about":[{"href":"https:\/\/lasentinelle.dz\/index.php\/wp-json\/wp\/v2\/types\/post"}],"author":[{"embeddable":true,"href":"https:\/\/lasentinelle.dz\/index.php\/wp-json\/wp\/v2\/users\/6"}],"replies":[{"embeddable":true,"href":"https:\/\/lasentinelle.dz\/index.php\/wp-json\/wp\/v2\/comments?post=57588"}],"version-history":[{"count":2,"href":"https:\/\/lasentinelle.dz\/index.php\/wp-json\/wp\/v2\/posts\/57588\/revisions"}],"predecessor-version":[{"id":57591,"href":"https:\/\/lasentinelle.dz\/index.php\/wp-json\/wp\/v2\/posts\/57588\/revisions\/57591"}],"wp:featuredmedia":[{"embeddable":true,"href":"https:\/\/lasentinelle.dz\/index.php\/wp-json\/wp\/v2\/media\/57589"}],"wp:attachment":[{"href":"https:\/\/lasentinelle.dz\/index.php\/wp-json\/wp\/v2\/media?parent=57588"}],"wp:term":[{"taxonomy":"category","embeddable":true,"href":"https:\/\/lasentinelle.dz\/index.php\/wp-json\/wp\/v2\/categories?post=57588"},{"taxonomy":"post_tag","embeddable":true,"href":"https:\/\/lasentinelle.dz\/index.php\/wp-json\/wp\/v2\/tags?post=57588"}],"curies":[{"name":"wp","href":"https:\/\/api.w.org\/{rel}","templated":true}]}}