{"id":57592,"date":"2024-09-29T13:53:47","date_gmt":"2024-09-29T12:53:47","guid":{"rendered":"https:\/\/lasentinelle.dz\/?p=57592"},"modified":"2024-09-29T13:53:49","modified_gmt":"2024-09-29T12:53:49","slug":"la-bande-de-ghaza-sous-le-feu-des-bombardements","status":"publish","type":"post","link":"https:\/\/lasentinelle.dz\/index.php\/2024\/09\/29\/la-bande-de-ghaza-sous-le-feu-des-bombardements\/","title":{"rendered":"La bande de Ghaza sous le feu des bombardements"},"content":{"rendered":"\n<p>Alors que l&rsquo;attention internationale se focalise sur la situation au Liban suite \u00e0 l&rsquo;assassinat du chef du Hezbollah Hassan Nasrallah, la bande de Ghaza continue de subir une offensive sioniste d\u00e9vastatrice depuis pr\u00e8s d&rsquo;un an. Le bilan humain de cette agression g\u00e9nocidaire ne cesse de s&rsquo;alourdir, atteignant des proportions alarmantes.<\/p>\n\n\n\n<p>Selon les derniers chiffres communiqu\u00e9s hier par les autorit\u00e9s palestiniennes de la Sant\u00e9, l&rsquo;agression sioniste a fait 41 586 morts et 96 210 bless\u00e9s depuis le 7 octobre 2023. Ces statistiques effroyables t\u00e9moignent de l&rsquo;intensit\u00e9 des bombardements qui se poursuivent sans rel\u00e2che sur l&rsquo;enclave palestinienne. Les derni\u00e8res 24 heures ont \u00e9t\u00e9 particuli\u00e8rement meurtri\u00e8res, avec au moins 52 Palestiniens tu\u00e9s et 118 bless\u00e9s lors de quatre \u00ab\u00a0massacres\u00a0\u00bb perp\u00e9tr\u00e9s par les forces d&rsquo;occupation. Ces chiffres pourraient \u00eatre encore plus \u00e9lev\u00e9s, car de nombreux corps sont toujours pi\u00e9g\u00e9s sous les d\u00e9combres ou gisent sur les routes, les ambulances et les \u00e9quipes de la Protection civile \u00e9tant emp\u00each\u00e9es par l&rsquo;arm\u00e9e isra\u00e9lienne de leur porter secours.<\/p>\n\n\n\n<p>Les bombardements de l&rsquo;occupant touchent l&rsquo;ensemble de la bande de Ghaza, ne laissant aucun r\u00e9pit \u00e0 la population civile. Dans la nuit de vendredi \u00e0 samedi, neuf Palestiniens, dont des enfants, ont perdu la vie lors de frappes a\u00e9riennes et de tirs d&rsquo;artillerie visant plusieurs zones de l&rsquo;enclave.<\/p>\n\n\n\n<p>\u00c0 Khan Younes, dans le sud de Ghaza, deux enfants ont \u00e9t\u00e9 tu\u00e9s par des tirs d&rsquo;artillerie sur une habitation dans la ville d&rsquo;Al-Fokhari. \u00c0 Rafah, toujours dans le sud, trois Palestiniens ont p\u00e9ri dans le bombardement d&rsquo;une maison du quartier d&rsquo;Al-Mawasi. Dans le centre de la bande de Ghaza, quatre personnes ont trouv\u00e9 la mort et un enfant a \u00e9t\u00e9 bless\u00e9 lors d&rsquo;une frappe a\u00e9rienne \u00e0 l&rsquo;ouest du camp de r\u00e9fugi\u00e9s de Nuseirat.<\/p>\n\n\n\n<p>Les camps de r\u00e9fugi\u00e9s de Maghazi et Nuseirat, ainsi que la ville de Ghaza elle-m\u00eame, ont \u00e9galement \u00e9t\u00e9 la cible de violents bombardements au cours de la nuit, faisant plusieurs victimes et causant d&rsquo;importants d\u00e9g\u00e2ts mat\u00e9riels. L&rsquo;aviation sioniste a notamment vis\u00e9 le quartier de Zeitoun, au sud-est de Ghaza-ville, tandis que l&rsquo;artillerie pilonnait les zones sud du quartier de Sabra. Au-del\u00e0 du bilan humain, l&rsquo;agression isra\u00e9lienne a provoqu\u00e9 des destructions massives d&rsquo;infrastructures, plongeant la bande de Ghaza dans une catastrophe humanitaire sans pr\u00e9c\u00e9dent. Les conditions de vie de la population, d\u00e9j\u00e0 pr\u00e9caires avant le conflit, se sont consid\u00e9rablement d\u00e9t\u00e9rior\u00e9es, avec des p\u00e9nuries chroniques d&rsquo;eau, de nourriture, de m\u00e9dicaments et d&rsquo;\u00e9lectricit\u00e9.<\/p>\n\n\n\n<p>Un g\u00e9nocide en cours qui provoque de vive r\u00e9action de la part de la communaut\u00e9 internationale alors que l&rsquo;entit\u00e9 sioniste s&rsquo;isole et devient un paria. En effet, lors de la 79e session de l&rsquo;Assembl\u00e9e g\u00e9n\u00e9rale des Nations unies, vendredi, plusieurs d\u00e9l\u00e9gations diplomatiques ont choisi de boycotter l&rsquo;allocution du Premier ministre isra\u00e9lien Benjamin Netanyahu, quittant la salle en signe de protestation contre le g\u00e9nocide \u00e0 Ghaza.<\/p>\n\n\n\n<p>Salim Mokrane<\/p>\n\n\n\n<p><strong>L&rsquo;Etat de Palestine et l&rsquo;Arm\u00e9nie signent une d\u00e9claration commune pour \u00e9tablir des relations diplomatiques<\/strong><\/p>\n\n\n\n<p>Le Premier ministre palestinien et ministre des Affaires \u00e9trang\u00e8res Muhammad Mustafa a sign\u00e9, avec le ministre des Affaires \u00e9trang\u00e8res d&rsquo;Arm\u00e9nie, Ararat Mirzoyan, une d\u00e9claration commune concernant l&rsquo;\u00e9tablissement de relations diplomatiques entre l&rsquo;Etat de Palestine et la R\u00e9publique d&rsquo;Arm\u00e9nie, a rapport\u00e9 samedi l&rsquo;agence de presse Wafa. Selon Wafa, Mustafa a appr\u00e9ci\u00e9 la reconnaissance de l&rsquo;Etat de Palestine par la R\u00e9publique d&rsquo;Arm\u00e9nie, \u00ab\u00a0qui d\u00e9coule de la croyance en les principes d&rsquo;\u00e9galit\u00e9, de souverainet\u00e9 et de coexistence pacifique entre les peuples, et constitue un v\u00e9ritable investissement dans la paix et une \u00e9tape cl\u00e9 pour soutenir la solution \u00e0 deux Etats sur la voie de la fin de l\u2019occupation (sioniste) et de la cr\u00e9ation d\u2019un Etat palestinien ind\u00e9pendant\u00a0\u00bb avec El-Qods comme capitale. Le Premier ministre palestinien a salu\u00e9 aussi \u00ab\u00a0la profondeur des relations historiques et fraternelles entre les peuples arm\u00e9nien et palestinien, remerciant \u00e9galement le vote positif de l&rsquo;Arm\u00e9nie en faveur des r\u00e9solutions li\u00e9es \u00e0 la Palestine\u00a0\u00bb. Il a en outre soulign\u00e9 que l'\u00a0\u00bb\u00e9tablissement de relations diplomatiques entre les deux pays intervient dans le but de renforcer les relations bilat\u00e9rales \u00e0 tous les niveaux\u00a0\u00bb. En juin dernier, le minist\u00e8re arm\u00e9nien des Affaires \u00e9trang\u00e8res avait annonc\u00e9 dans un communiqu\u00e9 la reconnaissance de l&rsquo;Etat de Palestine dans le but d&rsquo;avancer vers la paix au Proche-Orient, insistant sur la \u00ab\u00a0situation critique \u00e0 Ghaza\u00a0\u00bb, th\u00e9\u00e2tre d&rsquo;une agression sioniste g\u00e9nocidaire depuis pr\u00e8s d&rsquo;un an.<\/p>\n","protected":false},"excerpt":{"rendered":"<p>Alors que l&rsquo;attention internationale se focalise sur la situation au Liban suite \u00e0 l&rsquo;assassinat du chef du Hezbollah Hassan Nasrallah,<\/p>\n","protected":false},"author":6,"featured_media":55080,"comment_status":"open","ping_status":"closed","sticky":false,"template":"","format":"standard","meta":{"colormag_page_container_layout":"default_layout","colormag_page_sidebar_layout":"default_layout","om_disable_all_campaigns":false,"_monsterinsights_skip_tracking":false,"_monsterinsights_sitenote_active":false,"_monsterinsights_sitenote_note":"","_monsterinsights_sitenote_category":0,"footnotes":"","_wpscppro_dont_share_socialmedia":false,"_wpscppro_custom_social_share_image":0,"_facebook_share_type":"default","_twitter_share_type":"default","_linkedin_share_type":"default","_pinterest_share_type":"default","_linkedin_share_type_page":"","_instagram_share_type":"default","_medium_share_type":"","_threads_share_type":"","_google_business_share_type":"","_selected_social_profile":[],"_wpsp_enable_custom_social_template":false,"_wpsp_social_scheduling":{"enabled":false,"datetime":null,"platforms":[],"status":"template_only","dateOption":"today","timeOption":"now","customDays":"","customHours":"","customDate":"","customTime":"","schedulingType":"absolute"},"_wpsp_active_default_template":true},"categories":[27],"tags":[],"class_list":["post-57592","post","type-post","status-publish","format-standard","has-post-thumbnail","hentry","category-actualite"],"aioseo_notices":[],"yoast_head":"<!-- This site is optimized with the Yoast SEO plugin v27.5 - https:\/\/yoast.com\/product\/yoast-seo-wordpress\/ -->\n<title>La bande de Ghaza sous le feu des bombardements - La Sentinelle<\/title>\n<meta name=\"robots\" content=\"index, follow, max-snippet:-1, max-image-preview:large, max-video-preview:-1\" \/>\n<link rel=\"canonical\" href=\"https:\/\/lasentinelle.dz\/index.php\/2024\/09\/29\/la-bande-de-ghaza-sous-le-feu-des-bombardements\/\" \/>\n<meta property=\"og:locale\" content=\"fr_FR\" \/>\n<meta property=\"og:type\" content=\"article\" \/>\n<meta property=\"og:title\" content=\"La bande de Ghaza sous le feu des bombardements - La Sentinelle\" \/>\n<meta property=\"og:description\" content=\"Alors que l&rsquo;attention internationale se focalise sur la situation au Liban suite \u00e0 l&rsquo;assassinat du chef du Hezbollah Hassan Nasrallah,\" \/>\n<meta property=\"og:url\" content=\"https:\/\/lasentinelle.dz\/index.php\/2024\/09\/29\/la-bande-de-ghaza-sous-le-feu-des-bombardements\/\" \/>\n<meta property=\"og:site_name\" content=\"La Sentinelle\" \/>\n<meta property=\"article:publisher\" content=\"https:\/\/www.facebook.com\/La-Sentinelle-104059864394773\" \/>\n<meta property=\"article:published_time\" content=\"2024-09-29T12:53:47+00:00\" \/>\n<meta property=\"article:modified_time\" content=\"2024-09-29T12:53:49+00:00\" \/>\n<meta property=\"og:image\" content=\"https:\/\/lasentinelle.dz\/wp-content\/uploads\/2024\/07\/Ghaza.jpg\" \/>\n\t<meta property=\"og:image:width\" content=\"864\" \/>\n\t<meta property=\"og:image:height\" content=\"486\" \/>\n\t<meta property=\"og:image:type\" content=\"image\/jpeg\" \/>\n<meta name=\"author\" content=\"admin\" \/>\n<meta name=\"twitter:card\" content=\"summary_large_image\" \/>\n<meta name=\"twitter:label1\" content=\"\u00c9crit par\" \/>\n\t<meta name=\"twitter:data1\" content=\"admin\" \/>\n\t<meta name=\"twitter:label2\" content=\"Dur\u00e9e de lecture estim\u00e9e\" \/>\n\t<meta name=\"twitter:data2\" content=\"4 minutes\" \/>\n<script type=\"application\/ld+json\" class=\"yoast-schema-graph\">{\"@context\":\"https:\\\/\\\/schema.org\",\"@graph\":[{\"@type\":\"Article\",\"@id\":\"https:\\\/\\\/lasentinelle.dz\\\/index.php\\\/2024\\\/09\\\/29\\\/la-bande-de-ghaza-sous-le-feu-des-bombardements\\\/#article\",\"isPartOf\":{\"@id\":\"https:\\\/\\\/lasentinelle.dz\\\/index.php\\\/2024\\\/09\\\/29\\\/la-bande-de-ghaza-sous-le-feu-des-bombardements\\\/\"},\"author\":{\"name\":\"admin\",\"@id\":\"https:\\\/\\\/lasentinelle.dz\\\/#\\\/schema\\\/person\\\/729ee0024f24e0b8c5ec17232f8e8b41\"},\"headline\":\"La bande de Ghaza sous le feu des bombardements\",\"datePublished\":\"2024-09-29T12:53:47+00:00\",\"dateModified\":\"2024-09-29T12:53:49+00:00\",\"mainEntityOfPage\":{\"@id\":\"https:\\\/\\\/lasentinelle.dz\\\/index.php\\\/2024\\\/09\\\/29\\\/la-bande-de-ghaza-sous-le-feu-des-bombardements\\\/\"},\"wordCount\":818,\"commentCount\":0,\"publisher\":{\"@id\":\"https:\\\/\\\/lasentinelle.dz\\\/#organization\"},\"image\":{\"@id\":\"https:\\\/\\\/lasentinelle.dz\\\/index.php\\\/2024\\\/09\\\/29\\\/la-bande-de-ghaza-sous-le-feu-des-bombardements\\\/#primaryimage\"},\"thumbnailUrl\":\"https:\\\/\\\/lasentinelle.dz\\\/wp-content\\\/uploads\\\/2024\\\/07\\\/Ghaza.jpg\",\"articleSection\":[\"Actualit\u00e9\"],\"inLanguage\":\"fr-FR\",\"potentialAction\":[{\"@type\":\"CommentAction\",\"name\":\"Comment\",\"target\":[\"https:\\\/\\\/lasentinelle.dz\\\/index.php\\\/2024\\\/09\\\/29\\\/la-bande-de-ghaza-sous-le-feu-des-bombardements\\\/#respond\"]}]},{\"@type\":\"WebPage\",\"@id\":\"https:\\\/\\\/lasentinelle.dz\\\/index.php\\\/2024\\\/09\\\/29\\\/la-bande-de-ghaza-sous-le-feu-des-bombardements\\\/\",\"url\":\"https:\\\/\\\/lasentinelle.dz\\\/index.php\\\/2024\\\/09\\\/29\\\/la-bande-de-ghaza-sous-le-feu-des-bombardements\\\/\",\"name\":\"La bande de Ghaza sous le feu des bombardements - La Sentinelle\",\"isPartOf\":{\"@id\":\"https:\\\/\\\/lasentinelle.dz\\\/#website\"},\"primaryImageOfPage\":{\"@id\":\"https:\\\/\\\/lasentinelle.dz\\\/index.php\\\/2024\\\/09\\\/29\\\/la-bande-de-ghaza-sous-le-feu-des-bombardements\\\/#primaryimage\"},\"image\":{\"@id\":\"https:\\\/\\\/lasentinelle.dz\\\/index.php\\\/2024\\\/09\\\/29\\\/la-bande-de-ghaza-sous-le-feu-des-bombardements\\\/#primaryimage\"},\"thumbnailUrl\":\"https:\\\/\\\/lasentinelle.dz\\\/wp-content\\\/uploads\\\/2024\\\/07\\\/Ghaza.jpg\",\"datePublished\":\"2024-09-29T12:53:47+00:00\",\"dateModified\":\"2024-09-29T12:53:49+00:00\",\"breadcrumb\":{\"@id\":\"https:\\\/\\\/lasentinelle.dz\\\/index.php\\\/2024\\\/09\\\/29\\\/la-bande-de-ghaza-sous-le-feu-des-bombardements\\\/#breadcrumb\"},\"inLanguage\":\"fr-FR\",\"potentialAction\":[{\"@type\":\"ReadAction\",\"target\":[\"https:\\\/\\\/lasentinelle.dz\\\/index.php\\\/2024\\\/09\\\/29\\\/la-bande-de-ghaza-sous-le-feu-des-bombardements\\\/\"]}]},{\"@type\":\"ImageObject\",\"inLanguage\":\"fr-FR\",\"@id\":\"https:\\\/\\\/lasentinelle.dz\\\/index.php\\\/2024\\\/09\\\/29\\\/la-bande-de-ghaza-sous-le-feu-des-bombardements\\\/#primaryimage\",\"url\":\"https:\\\/\\\/lasentinelle.dz\\\/wp-content\\\/uploads\\\/2024\\\/07\\\/Ghaza.jpg\",\"contentUrl\":\"https:\\\/\\\/lasentinelle.dz\\\/wp-content\\\/uploads\\\/2024\\\/07\\\/Ghaza.jpg\",\"width\":864,\"height\":486},{\"@type\":\"BreadcrumbList\",\"@id\":\"https:\\\/\\\/lasentinelle.dz\\\/index.php\\\/2024\\\/09\\\/29\\\/la-bande-de-ghaza-sous-le-feu-des-bombardements\\\/#breadcrumb\",\"itemListElement\":[{\"@type\":\"ListItem\",\"position\":1,\"name\":\"Accueil\",\"item\":\"https:\\\/\\\/lasentinelle.dz\\\/\"},{\"@type\":\"ListItem\",\"position\":2,\"name\":\"La bande de Ghaza sous le feu des bombardements\"}]},{\"@type\":\"WebSite\",\"@id\":\"https:\\\/\\\/lasentinelle.dz\\\/#website\",\"url\":\"https:\\\/\\\/lasentinelle.dz\\\/\",\"name\":\"La Sentinelle\",\"description\":\"Quotidien national d&#039;information\",\"publisher\":{\"@id\":\"https:\\\/\\\/lasentinelle.dz\\\/#organization\"},\"potentialAction\":[{\"@type\":\"SearchAction\",\"target\":{\"@type\":\"EntryPoint\",\"urlTemplate\":\"https:\\\/\\\/lasentinelle.dz\\\/?s={search_term_string}\"},\"query-input\":{\"@type\":\"PropertyValueSpecification\",\"valueRequired\":true,\"valueName\":\"search_term_string\"}}],\"inLanguage\":\"fr-FR\"},{\"@type\":\"Organization\",\"@id\":\"https:\\\/\\\/lasentinelle.dz\\\/#organization\",\"name\":\"Quotidien La Sentinelle\",\"url\":\"https:\\\/\\\/lasentinelle.dz\\\/\",\"logo\":{\"@type\":\"ImageObject\",\"inLanguage\":\"fr-FR\",\"@id\":\"https:\\\/\\\/lasentinelle.dz\\\/#\\\/schema\\\/logo\\\/image\\\/\",\"url\":\"https:\\\/\\\/lasentinelle.dz\\\/wp-content\\\/uploads\\\/2021\\\/09\\\/logo-sentinelleSLOGAN-1.png\",\"contentUrl\":\"https:\\\/\\\/lasentinelle.dz\\\/wp-content\\\/uploads\\\/2021\\\/09\\\/logo-sentinelleSLOGAN-1.png\",\"width\":615,\"height\":142,\"caption\":\"Quotidien La Sentinelle\"},\"image\":{\"@id\":\"https:\\\/\\\/lasentinelle.dz\\\/#\\\/schema\\\/logo\\\/image\\\/\"},\"sameAs\":[\"https:\\\/\\\/www.facebook.com\\\/La-Sentinelle-104059864394773\"]},{\"@type\":\"Person\",\"@id\":\"https:\\\/\\\/lasentinelle.dz\\\/#\\\/schema\\\/person\\\/729ee0024f24e0b8c5ec17232f8e8b41\",\"name\":\"admin\",\"image\":{\"@type\":\"ImageObject\",\"inLanguage\":\"fr-FR\",\"@id\":\"https:\\\/\\\/secure.gravatar.com\\\/avatar\\\/4c81fed838786e9b53f540bf46533e750f5d292099ae3b66cfc6fb1982e29df7?s=96&d=mm&r=g\",\"url\":\"https:\\\/\\\/secure.gravatar.com\\\/avatar\\\/4c81fed838786e9b53f540bf46533e750f5d292099ae3b66cfc6fb1982e29df7?s=96&d=mm&r=g\",\"contentUrl\":\"https:\\\/\\\/secure.gravatar.com\\\/avatar\\\/4c81fed838786e9b53f540bf46533e750f5d292099ae3b66cfc6fb1982e29df7?s=96&d=mm&r=g\",\"caption\":\"admin\"},\"description\":\"admin\",\"url\":\"https:\\\/\\\/lasentinelle.dz\\\/author\\\/admin\\\/\"}]}<\/script>\n<!-- \/ Yoast SEO plugin. -->","yoast_head_json":{"title":"La bande de Ghaza sous le feu des bombardements - La Sentinelle","robots":{"index":"index","follow":"follow","max-snippet":"max-snippet:-1","max-image-preview":"max-image-preview:large","max-video-preview":"max-video-preview:-1"},"canonical":"https:\/\/lasentinelle.dz\/index.php\/2024\/09\/29\/la-bande-de-ghaza-sous-le-feu-des-bombardements\/","og_locale":"fr_FR","og_type":"article","og_title":"La bande de Ghaza sous le feu des bombardements - La Sentinelle","og_description":"Alors que l&rsquo;attention internationale se focalise sur la situation au Liban suite \u00e0 l&rsquo;assassinat du chef du Hezbollah Hassan Nasrallah,","og_url":"https:\/\/lasentinelle.dz\/index.php\/2024\/09\/29\/la-bande-de-ghaza-sous-le-feu-des-bombardements\/","og_site_name":"La Sentinelle","article_publisher":"https:\/\/www.facebook.com\/La-Sentinelle-104059864394773","article_published_time":"2024-09-29T12:53:47+00:00","article_modified_time":"2024-09-29T12:53:49+00:00","og_image":[{"width":864,"height":486,"url":"https:\/\/lasentinelle.dz\/wp-content\/uploads\/2024\/07\/Ghaza.jpg","type":"image\/jpeg"}],"author":"admin","twitter_card":"summary_large_image","twitter_misc":{"\u00c9crit par":"admin","Dur\u00e9e de lecture estim\u00e9e":"4 minutes"},"schema":{"@context":"https:\/\/schema.org","@graph":[{"@type":"Article","@id":"https:\/\/lasentinelle.dz\/index.php\/2024\/09\/29\/la-bande-de-ghaza-sous-le-feu-des-bombardements\/#article","isPartOf":{"@id":"https:\/\/lasentinelle.dz\/index.php\/2024\/09\/29\/la-bande-de-ghaza-sous-le-feu-des-bombardements\/"},"author":{"name":"admin","@id":"https:\/\/lasentinelle.dz\/#\/schema\/person\/729ee0024f24e0b8c5ec17232f8e8b41"},"headline":"La bande de Ghaza sous le feu des bombardements","datePublished":"2024-09-29T12:53:47+00:00","dateModified":"2024-09-29T12:53:49+00:00","mainEntityOfPage":{"@id":"https:\/\/lasentinelle.dz\/index.php\/2024\/09\/29\/la-bande-de-ghaza-sous-le-feu-des-bombardements\/"},"wordCount":818,"commentCount":0,"publisher":{"@id":"https:\/\/lasentinelle.dz\/#organization"},"image":{"@id":"https:\/\/lasentinelle.dz\/index.php\/2024\/09\/29\/la-bande-de-ghaza-sous-le-feu-des-bombardements\/#primaryimage"},"thumbnailUrl":"https:\/\/lasentinelle.dz\/wp-content\/uploads\/2024\/07\/Ghaza.jpg","articleSection":["Actualit\u00e9"],"inLanguage":"fr-FR","potentialAction":[{"@type":"CommentAction","name":"Comment","target":["https:\/\/lasentinelle.dz\/index.php\/2024\/09\/29\/la-bande-de-ghaza-sous-le-feu-des-bombardements\/#respond"]}]},{"@type":"WebPage","@id":"https:\/\/lasentinelle.dz\/index.php\/2024\/09\/29\/la-bande-de-ghaza-sous-le-feu-des-bombardements\/","url":"https:\/\/lasentinelle.dz\/index.php\/2024\/09\/29\/la-bande-de-ghaza-sous-le-feu-des-bombardements\/","name":"La bande de Ghaza sous le feu des bombardements - La Sentinelle","isPartOf":{"@id":"https:\/\/lasentinelle.dz\/#website"},"primaryImageOfPage":{"@id":"https:\/\/lasentinelle.dz\/index.php\/2024\/09\/29\/la-bande-de-ghaza-sous-le-feu-des-bombardements\/#primaryimage"},"image":{"@id":"https:\/\/lasentinelle.dz\/index.php\/2024\/09\/29\/la-bande-de-ghaza-sous-le-feu-des-bombardements\/#primaryimage"},"thumbnailUrl":"https:\/\/lasentinelle.dz\/wp-content\/uploads\/2024\/07\/Ghaza.jpg","datePublished":"2024-09-29T12:53:47+00:00","dateModified":"2024-09-29T12:53:49+00:00","breadcrumb":{"@id":"https:\/\/lasentinelle.dz\/index.php\/2024\/09\/29\/la-bande-de-ghaza-sous-le-feu-des-bombardements\/#breadcrumb"},"inLanguage":"fr-FR","potentialAction":[{"@type":"ReadAction","target":["https:\/\/lasentinelle.dz\/index.php\/2024\/09\/29\/la-bande-de-ghaza-sous-le-feu-des-bombardements\/"]}]},{"@type":"ImageObject","inLanguage":"fr-FR","@id":"https:\/\/lasentinelle.dz\/index.php\/2024\/09\/29\/la-bande-de-ghaza-sous-le-feu-des-bombardements\/#primaryimage","url":"https:\/\/lasentinelle.dz\/wp-content\/uploads\/2024\/07\/Ghaza.jpg","contentUrl":"https:\/\/lasentinelle.dz\/wp-content\/uploads\/2024\/07\/Ghaza.jpg","width":864,"height":486},{"@type":"BreadcrumbList","@id":"https:\/\/lasentinelle.dz\/index.php\/2024\/09\/29\/la-bande-de-ghaza-sous-le-feu-des-bombardements\/#breadcrumb","itemListElement":[{"@type":"ListItem","position":1,"name":"Accueil","item":"https:\/\/lasentinelle.dz\/"},{"@type":"ListItem","position":2,"name":"La bande de Ghaza sous le feu des bombardements"}]},{"@type":"WebSite","@id":"https:\/\/lasentinelle.dz\/#website","url":"https:\/\/lasentinelle.dz\/","name":"La Sentinelle","description":"Quotidien national d&#039;information","publisher":{"@id":"https:\/\/lasentinelle.dz\/#organization"},"potentialAction":[{"@type":"SearchAction","target":{"@type":"EntryPoint","urlTemplate":"https:\/\/lasentinelle.dz\/?s={search_term_string}"},"query-input":{"@type":"PropertyValueSpecification","valueRequired":true,"valueName":"search_term_string"}}],"inLanguage":"fr-FR"},{"@type":"Organization","@id":"https:\/\/lasentinelle.dz\/#organization","name":"Quotidien La Sentinelle","url":"https:\/\/lasentinelle.dz\/","logo":{"@type":"ImageObject","inLanguage":"fr-FR","@id":"https:\/\/lasentinelle.dz\/#\/schema\/logo\/image\/","url":"https:\/\/lasentinelle.dz\/wp-content\/uploads\/2021\/09\/logo-sentinelleSLOGAN-1.png","contentUrl":"https:\/\/lasentinelle.dz\/wp-content\/uploads\/2021\/09\/logo-sentinelleSLOGAN-1.png","width":615,"height":142,"caption":"Quotidien La Sentinelle"},"image":{"@id":"https:\/\/lasentinelle.dz\/#\/schema\/logo\/image\/"},"sameAs":["https:\/\/www.facebook.com\/La-Sentinelle-104059864394773"]},{"@type":"Person","@id":"https:\/\/lasentinelle.dz\/#\/schema\/person\/729ee0024f24e0b8c5ec17232f8e8b41","name":"admin","image":{"@type":"ImageObject","inLanguage":"fr-FR","@id":"https:\/\/secure.gravatar.com\/avatar\/4c81fed838786e9b53f540bf46533e750f5d292099ae3b66cfc6fb1982e29df7?s=96&d=mm&r=g","url":"https:\/\/secure.gravatar.com\/avatar\/4c81fed838786e9b53f540bf46533e750f5d292099ae3b66cfc6fb1982e29df7?s=96&d=mm&r=g","contentUrl":"https:\/\/secure.gravatar.com\/avatar\/4c81fed838786e9b53f540bf46533e750f5d292099ae3b66cfc6fb1982e29df7?s=96&d=mm&r=g","caption":"admin"},"description":"admin","url":"https:\/\/lasentinelle.dz\/author\/admin\/"}]}},"_links":{"self":[{"href":"https:\/\/lasentinelle.dz\/index.php\/wp-json\/wp\/v2\/posts\/57592","targetHints":{"allow":["GET"]}}],"collection":[{"href":"https:\/\/lasentinelle.dz\/index.php\/wp-json\/wp\/v2\/posts"}],"about":[{"href":"https:\/\/lasentinelle.dz\/index.php\/wp-json\/wp\/v2\/types\/post"}],"author":[{"embeddable":true,"href":"https:\/\/lasentinelle.dz\/index.php\/wp-json\/wp\/v2\/users\/6"}],"replies":[{"embeddable":true,"href":"https:\/\/lasentinelle.dz\/index.php\/wp-json\/wp\/v2\/comments?post=57592"}],"version-history":[{"count":1,"href":"https:\/\/lasentinelle.dz\/index.php\/wp-json\/wp\/v2\/posts\/57592\/revisions"}],"predecessor-version":[{"id":57593,"href":"https:\/\/lasentinelle.dz\/index.php\/wp-json\/wp\/v2\/posts\/57592\/revisions\/57593"}],"wp:featuredmedia":[{"embeddable":true,"href":"https:\/\/lasentinelle.dz\/index.php\/wp-json\/wp\/v2\/media\/55080"}],"wp:attachment":[{"href":"https:\/\/lasentinelle.dz\/index.php\/wp-json\/wp\/v2\/media?parent=57592"}],"wp:term":[{"taxonomy":"category","embeddable":true,"href":"https:\/\/lasentinelle.dz\/index.php\/wp-json\/wp\/v2\/categories?post=57592"},{"taxonomy":"post_tag","embeddable":true,"href":"https:\/\/lasentinelle.dz\/index.php\/wp-json\/wp\/v2\/tags?post=57592"}],"curies":[{"name":"wp","href":"https:\/\/api.w.org\/{rel}","templated":true}]}}