{"id":57631,"date":"2024-09-30T12:58:31","date_gmt":"2024-09-30T11:58:31","guid":{"rendered":"https:\/\/lasentinelle.dz\/?p=57631"},"modified":"2024-09-30T12:58:33","modified_gmt":"2024-09-30T11:58:33","slug":"la-resolution-de-la-question-palestinienne-cle-de-la-paix-au-moyen-orient","status":"publish","type":"post","link":"https:\/\/lasentinelle.dz\/index.php\/2024\/09\/30\/la-resolution-de-la-question-palestinienne-cle-de-la-paix-au-moyen-orient\/","title":{"rendered":"La r\u00e9solution de la question palestinienne : cl\u00e9 de la paix au Moyen-Orient"},"content":{"rendered":"\n<p>Dans un contexte d&rsquo;escalade de violence sans pr\u00e9c\u00e9dent au Moyen-Orient, la n\u00e9cessit\u00e9 d&rsquo;un r\u00e8glement juste de la question palestinienne s&rsquo;impose comme l&rsquo;unique voie vers une paix durable dans la r\u00e9gion. La solution \u00e0 deux \u00c9tats demeure le fondement d&rsquo;une r\u00e9solution \u00e9quitable du conflit, alors que l&rsquo;occupation s&rsquo;intensifie en Cisjordanie et que le g\u00e9nocide se poursuit \u00e0 Ghaza. Nabil Abou Roudaina, porte-parole de la pr\u00e9sidence palestinienne, a ainsi d\u00e9clar\u00e9 que \u00ab\u00a0la r\u00e9gion toute enti\u00e8re est entr\u00e9e dans une nouvelle et dangereuse phase d&rsquo;instabilit\u00e9\u00a0\u00bb. Face \u00e0 cette situation alarmante, il souligne que \u00ab\u00a0la seule solution pour y garantir un avenir s\u00fbr et stable est de r\u00e9soudre la question palestinienne de mani\u00e8re juste, conform\u00e9ment \u00e0 la l\u00e9galit\u00e9 internationale et \u00e0 l&rsquo;initiative de paix arabe\u00a0\u00bb. Cette analyse est corrobor\u00e9e par les r\u00e9cents d\u00e9veloppements sur le terrain. L&rsquo;intensification de la colonisation en Cisjordanie occup\u00e9e et \u00e0 El-Qods-Est, avec plus de 80 nouveaux projets approuv\u00e9s depuis fin 2022, illustre le m\u00e9pris de l&rsquo;entit\u00e9 sioniste pour le droit international et les r\u00e9solutions de l&rsquo;ONU. Cette expansion continue des colonies menace directement la viabilit\u00e9 de la solution \u00e0 deux \u00c9tats, pourtant consid\u00e9r\u00e9e comme essentielle par la communaut\u00e9 internationale.<\/p>\n\n\n\n<p>Le bilan humain de l&rsquo;agression g\u00e9nocidaire sioniste \u00e0 Ghaza est catastrophique. Selon les derni\u00e8res donn\u00e9es des autorit\u00e9s palestiniennes de la Sant\u00e9, on d\u00e9nombre 41 595 martyrs et 96 251 bless\u00e9s depuis le d\u00e9but de l&rsquo;offensive le 7 octobre 2023. Plus alarmant encore, pr\u00e8s de 17 000 enfants palestiniens sont tomb\u00e9s en martyrs, soulignant l&rsquo;intention g\u00e9nocidaire des attaques. Isma\u00efl al-Thawebta, directeur g\u00e9n\u00e9ral du bureau des m\u00e9dias \u00e0 Ghaza, r\u00e9v\u00e8le que \u00ab\u00a0pr\u00e8s de 25 973 enfants palestiniens \u00e0 Ghaza se retrouveront d\u00e9sormais sans leurs parents ou sans l&rsquo;un d&rsquo;eux\u00a0\u00bb. Ces chiffres effarants t\u00e9moignent d&rsquo;une g\u00e9n\u00e9ration enti\u00e8re marqu\u00e9e \u00e0 jamais par le conflit. Face \u00e0 cette situation dramatique, la communaut\u00e9 internationale r\u00e9affirme l&rsquo;importance de la solution \u00e0 deux \u00c9tats. L&rsquo;Assembl\u00e9e g\u00e9n\u00e9rale des Nations Unies a adopt\u00e9 le 18 septembre une r\u00e9solution appelant l&rsquo;entit\u00e9 sioniste \u00e0 mettre fin \u00e0 sa \u00ab\u00a0pr\u00e9sence ill\u00e9gale dans le territoire palestinien occup\u00e9 dans les 12 mois\u00a0\u00bb. Cette d\u00e9cision fait \u00e9cho au jugement de la Cour internationale de justice (CIJ) qui, en juillet dernier, a d\u00e9clar\u00e9 ill\u00e9gale l&rsquo;occupation des territoires palestiniens. Abou Roudaina insiste sur le fait que \u00ab\u00a0tant qu&rsquo;El Qods restera occup\u00e9e, les guerres auxquelles nous assistons aujourd&rsquo;hui continueront comme elles \u00e9taient il y a cent ans\u00a0\u00bb. Il souligne que \u00ab\u00a0la seule alternative est la cr\u00e9ation d&rsquo;un \u00c9tat palestinien ind\u00e9pendant avec El-Qods-Est pour capitale\u00a0\u00bb. La gravit\u00e9 de la situation exige une action imm\u00e9diate et concert\u00e9e de la communaut\u00e9 internationale. Les violations r\u00e9p\u00e9t\u00e9es du droit international par l&rsquo;entit\u00e9 sioniste, notamment l&rsquo;expansion des colonies et les attaques contre les civils, doivent \u00eatre condamn\u00e9es et sanctionn\u00e9es.<\/p>\n\n\n\n<p>Hocine Fadheli<\/p>\n","protected":false},"excerpt":{"rendered":"<p>Dans un contexte d&rsquo;escalade de violence sans pr\u00e9c\u00e9dent au Moyen-Orient, la n\u00e9cessit\u00e9 d&rsquo;un r\u00e8glement juste de la question palestinienne s&rsquo;impose<\/p>\n","protected":false},"author":6,"featured_media":55481,"comment_status":"open","ping_status":"closed","sticky":false,"template":"","format":"standard","meta":{"colormag_page_container_layout":"default_layout","colormag_page_sidebar_layout":"default_layout","om_disable_all_campaigns":false,"_monsterinsights_skip_tracking":false,"_monsterinsights_sitenote_active":false,"_monsterinsights_sitenote_note":"","_monsterinsights_sitenote_category":0,"footnotes":"","_wpscppro_dont_share_socialmedia":false,"_wpscppro_custom_social_share_image":0,"_facebook_share_type":"default","_twitter_share_type":"default","_linkedin_share_type":"default","_pinterest_share_type":"default","_linkedin_share_type_page":"","_instagram_share_type":"default","_medium_share_type":"","_threads_share_type":"","_google_business_share_type":"","_selected_social_profile":[],"_wpsp_enable_custom_social_template":false,"_wpsp_social_scheduling":{"enabled":false,"datetime":null,"platforms":[],"status":"template_only","dateOption":"today","timeOption":"now","customDays":"","customHours":"","customDate":"","customTime":"","schedulingType":"absolute"},"_wpsp_active_default_template":true},"categories":[27],"tags":[],"class_list":["post-57631","post","type-post","status-publish","format-standard","has-post-thumbnail","hentry","category-actualite"],"aioseo_notices":[],"yoast_head":"<!-- This site is optimized with the Yoast SEO plugin v27.5 - https:\/\/yoast.com\/product\/yoast-seo-wordpress\/ -->\n<title>La r\u00e9solution de la question palestinienne : cl\u00e9 de la paix au Moyen-Orient - La Sentinelle<\/title>\n<meta name=\"robots\" content=\"index, follow, max-snippet:-1, max-image-preview:large, max-video-preview:-1\" \/>\n<link rel=\"canonical\" href=\"https:\/\/lasentinelle.dz\/index.php\/2024\/09\/30\/la-resolution-de-la-question-palestinienne-cle-de-la-paix-au-moyen-orient\/\" \/>\n<meta property=\"og:locale\" content=\"fr_FR\" \/>\n<meta property=\"og:type\" content=\"article\" \/>\n<meta property=\"og:title\" content=\"La r\u00e9solution de la question palestinienne : cl\u00e9 de la paix au Moyen-Orient - La Sentinelle\" \/>\n<meta property=\"og:description\" content=\"Dans un contexte d&rsquo;escalade de violence sans pr\u00e9c\u00e9dent au Moyen-Orient, la n\u00e9cessit\u00e9 d&rsquo;un r\u00e8glement juste de la question palestinienne s&rsquo;impose\" \/>\n<meta property=\"og:url\" content=\"https:\/\/lasentinelle.dz\/index.php\/2024\/09\/30\/la-resolution-de-la-question-palestinienne-cle-de-la-paix-au-moyen-orient\/\" \/>\n<meta property=\"og:site_name\" content=\"La Sentinelle\" \/>\n<meta property=\"article:publisher\" content=\"https:\/\/www.facebook.com\/La-Sentinelle-104059864394773\" \/>\n<meta property=\"article:published_time\" content=\"2024-09-30T11:58:31+00:00\" \/>\n<meta property=\"article:modified_time\" content=\"2024-09-30T11:58:33+00:00\" \/>\n<meta property=\"og:image\" content=\"https:\/\/lasentinelle.dz\/wp-content\/uploads\/2024\/08\/ghaza.jpg\" \/>\n\t<meta property=\"og:image:width\" content=\"1500\" \/>\n\t<meta property=\"og:image:height\" content=\"999\" \/>\n\t<meta property=\"og:image:type\" content=\"image\/jpeg\" \/>\n<meta name=\"author\" content=\"admin\" \/>\n<meta name=\"twitter:card\" content=\"summary_large_image\" \/>\n<meta name=\"twitter:label1\" content=\"\u00c9crit par\" \/>\n\t<meta name=\"twitter:data1\" content=\"admin\" \/>\n\t<meta name=\"twitter:label2\" content=\"Dur\u00e9e de lecture estim\u00e9e\" \/>\n\t<meta name=\"twitter:data2\" content=\"3 minutes\" \/>\n<script type=\"application\/ld+json\" class=\"yoast-schema-graph\">{\"@context\":\"https:\\\/\\\/schema.org\",\"@graph\":[{\"@type\":\"Article\",\"@id\":\"https:\\\/\\\/lasentinelle.dz\\\/index.php\\\/2024\\\/09\\\/30\\\/la-resolution-de-la-question-palestinienne-cle-de-la-paix-au-moyen-orient\\\/#article\",\"isPartOf\":{\"@id\":\"https:\\\/\\\/lasentinelle.dz\\\/index.php\\\/2024\\\/09\\\/30\\\/la-resolution-de-la-question-palestinienne-cle-de-la-paix-au-moyen-orient\\\/\"},\"author\":{\"name\":\"admin\",\"@id\":\"https:\\\/\\\/lasentinelle.dz\\\/#\\\/schema\\\/person\\\/729ee0024f24e0b8c5ec17232f8e8b41\"},\"headline\":\"La r\u00e9solution de la question palestinienne : cl\u00e9 de la paix au Moyen-Orient\",\"datePublished\":\"2024-09-30T11:58:31+00:00\",\"dateModified\":\"2024-09-30T11:58:33+00:00\",\"mainEntityOfPage\":{\"@id\":\"https:\\\/\\\/lasentinelle.dz\\\/index.php\\\/2024\\\/09\\\/30\\\/la-resolution-de-la-question-palestinienne-cle-de-la-paix-au-moyen-orient\\\/\"},\"wordCount\":526,\"commentCount\":0,\"publisher\":{\"@id\":\"https:\\\/\\\/lasentinelle.dz\\\/#organization\"},\"image\":{\"@id\":\"https:\\\/\\\/lasentinelle.dz\\\/index.php\\\/2024\\\/09\\\/30\\\/la-resolution-de-la-question-palestinienne-cle-de-la-paix-au-moyen-orient\\\/#primaryimage\"},\"thumbnailUrl\":\"https:\\\/\\\/lasentinelle.dz\\\/wp-content\\\/uploads\\\/2024\\\/08\\\/ghaza.jpg\",\"articleSection\":[\"Actualit\u00e9\"],\"inLanguage\":\"fr-FR\",\"potentialAction\":[{\"@type\":\"CommentAction\",\"name\":\"Comment\",\"target\":[\"https:\\\/\\\/lasentinelle.dz\\\/index.php\\\/2024\\\/09\\\/30\\\/la-resolution-de-la-question-palestinienne-cle-de-la-paix-au-moyen-orient\\\/#respond\"]}]},{\"@type\":\"WebPage\",\"@id\":\"https:\\\/\\\/lasentinelle.dz\\\/index.php\\\/2024\\\/09\\\/30\\\/la-resolution-de-la-question-palestinienne-cle-de-la-paix-au-moyen-orient\\\/\",\"url\":\"https:\\\/\\\/lasentinelle.dz\\\/index.php\\\/2024\\\/09\\\/30\\\/la-resolution-de-la-question-palestinienne-cle-de-la-paix-au-moyen-orient\\\/\",\"name\":\"La r\u00e9solution de la question palestinienne : cl\u00e9 de la paix au Moyen-Orient - La Sentinelle\",\"isPartOf\":{\"@id\":\"https:\\\/\\\/lasentinelle.dz\\\/#website\"},\"primaryImageOfPage\":{\"@id\":\"https:\\\/\\\/lasentinelle.dz\\\/index.php\\\/2024\\\/09\\\/30\\\/la-resolution-de-la-question-palestinienne-cle-de-la-paix-au-moyen-orient\\\/#primaryimage\"},\"image\":{\"@id\":\"https:\\\/\\\/lasentinelle.dz\\\/index.php\\\/2024\\\/09\\\/30\\\/la-resolution-de-la-question-palestinienne-cle-de-la-paix-au-moyen-orient\\\/#primaryimage\"},\"thumbnailUrl\":\"https:\\\/\\\/lasentinelle.dz\\\/wp-content\\\/uploads\\\/2024\\\/08\\\/ghaza.jpg\",\"datePublished\":\"2024-09-30T11:58:31+00:00\",\"dateModified\":\"2024-09-30T11:58:33+00:00\",\"breadcrumb\":{\"@id\":\"https:\\\/\\\/lasentinelle.dz\\\/index.php\\\/2024\\\/09\\\/30\\\/la-resolution-de-la-question-palestinienne-cle-de-la-paix-au-moyen-orient\\\/#breadcrumb\"},\"inLanguage\":\"fr-FR\",\"potentialAction\":[{\"@type\":\"ReadAction\",\"target\":[\"https:\\\/\\\/lasentinelle.dz\\\/index.php\\\/2024\\\/09\\\/30\\\/la-resolution-de-la-question-palestinienne-cle-de-la-paix-au-moyen-orient\\\/\"]}]},{\"@type\":\"ImageObject\",\"inLanguage\":\"fr-FR\",\"@id\":\"https:\\\/\\\/lasentinelle.dz\\\/index.php\\\/2024\\\/09\\\/30\\\/la-resolution-de-la-question-palestinienne-cle-de-la-paix-au-moyen-orient\\\/#primaryimage\",\"url\":\"https:\\\/\\\/lasentinelle.dz\\\/wp-content\\\/uploads\\\/2024\\\/08\\\/ghaza.jpg\",\"contentUrl\":\"https:\\\/\\\/lasentinelle.dz\\\/wp-content\\\/uploads\\\/2024\\\/08\\\/ghaza.jpg\",\"width\":1500,\"height\":999},{\"@type\":\"BreadcrumbList\",\"@id\":\"https:\\\/\\\/lasentinelle.dz\\\/index.php\\\/2024\\\/09\\\/30\\\/la-resolution-de-la-question-palestinienne-cle-de-la-paix-au-moyen-orient\\\/#breadcrumb\",\"itemListElement\":[{\"@type\":\"ListItem\",\"position\":1,\"name\":\"Accueil\",\"item\":\"https:\\\/\\\/lasentinelle.dz\\\/\"},{\"@type\":\"ListItem\",\"position\":2,\"name\":\"La r\u00e9solution de la question palestinienne : cl\u00e9 de la paix au Moyen-Orient\"}]},{\"@type\":\"WebSite\",\"@id\":\"https:\\\/\\\/lasentinelle.dz\\\/#website\",\"url\":\"https:\\\/\\\/lasentinelle.dz\\\/\",\"name\":\"La Sentinelle\",\"description\":\"Quotidien national d&#039;information\",\"publisher\":{\"@id\":\"https:\\\/\\\/lasentinelle.dz\\\/#organization\"},\"potentialAction\":[{\"@type\":\"SearchAction\",\"target\":{\"@type\":\"EntryPoint\",\"urlTemplate\":\"https:\\\/\\\/lasentinelle.dz\\\/?s={search_term_string}\"},\"query-input\":{\"@type\":\"PropertyValueSpecification\",\"valueRequired\":true,\"valueName\":\"search_term_string\"}}],\"inLanguage\":\"fr-FR\"},{\"@type\":\"Organization\",\"@id\":\"https:\\\/\\\/lasentinelle.dz\\\/#organization\",\"name\":\"Quotidien La Sentinelle\",\"url\":\"https:\\\/\\\/lasentinelle.dz\\\/\",\"logo\":{\"@type\":\"ImageObject\",\"inLanguage\":\"fr-FR\",\"@id\":\"https:\\\/\\\/lasentinelle.dz\\\/#\\\/schema\\\/logo\\\/image\\\/\",\"url\":\"https:\\\/\\\/lasentinelle.dz\\\/wp-content\\\/uploads\\\/2021\\\/09\\\/logo-sentinelleSLOGAN-1.png\",\"contentUrl\":\"https:\\\/\\\/lasentinelle.dz\\\/wp-content\\\/uploads\\\/2021\\\/09\\\/logo-sentinelleSLOGAN-1.png\",\"width\":615,\"height\":142,\"caption\":\"Quotidien La Sentinelle\"},\"image\":{\"@id\":\"https:\\\/\\\/lasentinelle.dz\\\/#\\\/schema\\\/logo\\\/image\\\/\"},\"sameAs\":[\"https:\\\/\\\/www.facebook.com\\\/La-Sentinelle-104059864394773\"]},{\"@type\":\"Person\",\"@id\":\"https:\\\/\\\/lasentinelle.dz\\\/#\\\/schema\\\/person\\\/729ee0024f24e0b8c5ec17232f8e8b41\",\"name\":\"admin\",\"image\":{\"@type\":\"ImageObject\",\"inLanguage\":\"fr-FR\",\"@id\":\"https:\\\/\\\/secure.gravatar.com\\\/avatar\\\/4c81fed838786e9b53f540bf46533e750f5d292099ae3b66cfc6fb1982e29df7?s=96&d=mm&r=g\",\"url\":\"https:\\\/\\\/secure.gravatar.com\\\/avatar\\\/4c81fed838786e9b53f540bf46533e750f5d292099ae3b66cfc6fb1982e29df7?s=96&d=mm&r=g\",\"contentUrl\":\"https:\\\/\\\/secure.gravatar.com\\\/avatar\\\/4c81fed838786e9b53f540bf46533e750f5d292099ae3b66cfc6fb1982e29df7?s=96&d=mm&r=g\",\"caption\":\"admin\"},\"description\":\"admin\",\"url\":\"https:\\\/\\\/lasentinelle.dz\\\/author\\\/admin\\\/\"}]}<\/script>\n<!-- \/ Yoast SEO plugin. -->","yoast_head_json":{"title":"La r\u00e9solution de la question palestinienne : cl\u00e9 de la paix au Moyen-Orient - La Sentinelle","robots":{"index":"index","follow":"follow","max-snippet":"max-snippet:-1","max-image-preview":"max-image-preview:large","max-video-preview":"max-video-preview:-1"},"canonical":"https:\/\/lasentinelle.dz\/index.php\/2024\/09\/30\/la-resolution-de-la-question-palestinienne-cle-de-la-paix-au-moyen-orient\/","og_locale":"fr_FR","og_type":"article","og_title":"La r\u00e9solution de la question palestinienne : cl\u00e9 de la paix au Moyen-Orient - La Sentinelle","og_description":"Dans un contexte d&rsquo;escalade de violence sans pr\u00e9c\u00e9dent au Moyen-Orient, la n\u00e9cessit\u00e9 d&rsquo;un r\u00e8glement juste de la question palestinienne s&rsquo;impose","og_url":"https:\/\/lasentinelle.dz\/index.php\/2024\/09\/30\/la-resolution-de-la-question-palestinienne-cle-de-la-paix-au-moyen-orient\/","og_site_name":"La Sentinelle","article_publisher":"https:\/\/www.facebook.com\/La-Sentinelle-104059864394773","article_published_time":"2024-09-30T11:58:31+00:00","article_modified_time":"2024-09-30T11:58:33+00:00","og_image":[{"width":1500,"height":999,"url":"https:\/\/lasentinelle.dz\/wp-content\/uploads\/2024\/08\/ghaza.jpg","type":"image\/jpeg"}],"author":"admin","twitter_card":"summary_large_image","twitter_misc":{"\u00c9crit par":"admin","Dur\u00e9e de lecture estim\u00e9e":"3 minutes"},"schema":{"@context":"https:\/\/schema.org","@graph":[{"@type":"Article","@id":"https:\/\/lasentinelle.dz\/index.php\/2024\/09\/30\/la-resolution-de-la-question-palestinienne-cle-de-la-paix-au-moyen-orient\/#article","isPartOf":{"@id":"https:\/\/lasentinelle.dz\/index.php\/2024\/09\/30\/la-resolution-de-la-question-palestinienne-cle-de-la-paix-au-moyen-orient\/"},"author":{"name":"admin","@id":"https:\/\/lasentinelle.dz\/#\/schema\/person\/729ee0024f24e0b8c5ec17232f8e8b41"},"headline":"La r\u00e9solution de la question palestinienne : cl\u00e9 de la paix au Moyen-Orient","datePublished":"2024-09-30T11:58:31+00:00","dateModified":"2024-09-30T11:58:33+00:00","mainEntityOfPage":{"@id":"https:\/\/lasentinelle.dz\/index.php\/2024\/09\/30\/la-resolution-de-la-question-palestinienne-cle-de-la-paix-au-moyen-orient\/"},"wordCount":526,"commentCount":0,"publisher":{"@id":"https:\/\/lasentinelle.dz\/#organization"},"image":{"@id":"https:\/\/lasentinelle.dz\/index.php\/2024\/09\/30\/la-resolution-de-la-question-palestinienne-cle-de-la-paix-au-moyen-orient\/#primaryimage"},"thumbnailUrl":"https:\/\/lasentinelle.dz\/wp-content\/uploads\/2024\/08\/ghaza.jpg","articleSection":["Actualit\u00e9"],"inLanguage":"fr-FR","potentialAction":[{"@type":"CommentAction","name":"Comment","target":["https:\/\/lasentinelle.dz\/index.php\/2024\/09\/30\/la-resolution-de-la-question-palestinienne-cle-de-la-paix-au-moyen-orient\/#respond"]}]},{"@type":"WebPage","@id":"https:\/\/lasentinelle.dz\/index.php\/2024\/09\/30\/la-resolution-de-la-question-palestinienne-cle-de-la-paix-au-moyen-orient\/","url":"https:\/\/lasentinelle.dz\/index.php\/2024\/09\/30\/la-resolution-de-la-question-palestinienne-cle-de-la-paix-au-moyen-orient\/","name":"La r\u00e9solution de la question palestinienne : cl\u00e9 de la paix au Moyen-Orient - La Sentinelle","isPartOf":{"@id":"https:\/\/lasentinelle.dz\/#website"},"primaryImageOfPage":{"@id":"https:\/\/lasentinelle.dz\/index.php\/2024\/09\/30\/la-resolution-de-la-question-palestinienne-cle-de-la-paix-au-moyen-orient\/#primaryimage"},"image":{"@id":"https:\/\/lasentinelle.dz\/index.php\/2024\/09\/30\/la-resolution-de-la-question-palestinienne-cle-de-la-paix-au-moyen-orient\/#primaryimage"},"thumbnailUrl":"https:\/\/lasentinelle.dz\/wp-content\/uploads\/2024\/08\/ghaza.jpg","datePublished":"2024-09-30T11:58:31+00:00","dateModified":"2024-09-30T11:58:33+00:00","breadcrumb":{"@id":"https:\/\/lasentinelle.dz\/index.php\/2024\/09\/30\/la-resolution-de-la-question-palestinienne-cle-de-la-paix-au-moyen-orient\/#breadcrumb"},"inLanguage":"fr-FR","potentialAction":[{"@type":"ReadAction","target":["https:\/\/lasentinelle.dz\/index.php\/2024\/09\/30\/la-resolution-de-la-question-palestinienne-cle-de-la-paix-au-moyen-orient\/"]}]},{"@type":"ImageObject","inLanguage":"fr-FR","@id":"https:\/\/lasentinelle.dz\/index.php\/2024\/09\/30\/la-resolution-de-la-question-palestinienne-cle-de-la-paix-au-moyen-orient\/#primaryimage","url":"https:\/\/lasentinelle.dz\/wp-content\/uploads\/2024\/08\/ghaza.jpg","contentUrl":"https:\/\/lasentinelle.dz\/wp-content\/uploads\/2024\/08\/ghaza.jpg","width":1500,"height":999},{"@type":"BreadcrumbList","@id":"https:\/\/lasentinelle.dz\/index.php\/2024\/09\/30\/la-resolution-de-la-question-palestinienne-cle-de-la-paix-au-moyen-orient\/#breadcrumb","itemListElement":[{"@type":"ListItem","position":1,"name":"Accueil","item":"https:\/\/lasentinelle.dz\/"},{"@type":"ListItem","position":2,"name":"La r\u00e9solution de la question palestinienne : cl\u00e9 de la paix au Moyen-Orient"}]},{"@type":"WebSite","@id":"https:\/\/lasentinelle.dz\/#website","url":"https:\/\/lasentinelle.dz\/","name":"La Sentinelle","description":"Quotidien national d&#039;information","publisher":{"@id":"https:\/\/lasentinelle.dz\/#organization"},"potentialAction":[{"@type":"SearchAction","target":{"@type":"EntryPoint","urlTemplate":"https:\/\/lasentinelle.dz\/?s={search_term_string}"},"query-input":{"@type":"PropertyValueSpecification","valueRequired":true,"valueName":"search_term_string"}}],"inLanguage":"fr-FR"},{"@type":"Organization","@id":"https:\/\/lasentinelle.dz\/#organization","name":"Quotidien La Sentinelle","url":"https:\/\/lasentinelle.dz\/","logo":{"@type":"ImageObject","inLanguage":"fr-FR","@id":"https:\/\/lasentinelle.dz\/#\/schema\/logo\/image\/","url":"https:\/\/lasentinelle.dz\/wp-content\/uploads\/2021\/09\/logo-sentinelleSLOGAN-1.png","contentUrl":"https:\/\/lasentinelle.dz\/wp-content\/uploads\/2021\/09\/logo-sentinelleSLOGAN-1.png","width":615,"height":142,"caption":"Quotidien La Sentinelle"},"image":{"@id":"https:\/\/lasentinelle.dz\/#\/schema\/logo\/image\/"},"sameAs":["https:\/\/www.facebook.com\/La-Sentinelle-104059864394773"]},{"@type":"Person","@id":"https:\/\/lasentinelle.dz\/#\/schema\/person\/729ee0024f24e0b8c5ec17232f8e8b41","name":"admin","image":{"@type":"ImageObject","inLanguage":"fr-FR","@id":"https:\/\/secure.gravatar.com\/avatar\/4c81fed838786e9b53f540bf46533e750f5d292099ae3b66cfc6fb1982e29df7?s=96&d=mm&r=g","url":"https:\/\/secure.gravatar.com\/avatar\/4c81fed838786e9b53f540bf46533e750f5d292099ae3b66cfc6fb1982e29df7?s=96&d=mm&r=g","contentUrl":"https:\/\/secure.gravatar.com\/avatar\/4c81fed838786e9b53f540bf46533e750f5d292099ae3b66cfc6fb1982e29df7?s=96&d=mm&r=g","caption":"admin"},"description":"admin","url":"https:\/\/lasentinelle.dz\/author\/admin\/"}]}},"_links":{"self":[{"href":"https:\/\/lasentinelle.dz\/index.php\/wp-json\/wp\/v2\/posts\/57631","targetHints":{"allow":["GET"]}}],"collection":[{"href":"https:\/\/lasentinelle.dz\/index.php\/wp-json\/wp\/v2\/posts"}],"about":[{"href":"https:\/\/lasentinelle.dz\/index.php\/wp-json\/wp\/v2\/types\/post"}],"author":[{"embeddable":true,"href":"https:\/\/lasentinelle.dz\/index.php\/wp-json\/wp\/v2\/users\/6"}],"replies":[{"embeddable":true,"href":"https:\/\/lasentinelle.dz\/index.php\/wp-json\/wp\/v2\/comments?post=57631"}],"version-history":[{"count":1,"href":"https:\/\/lasentinelle.dz\/index.php\/wp-json\/wp\/v2\/posts\/57631\/revisions"}],"predecessor-version":[{"id":57632,"href":"https:\/\/lasentinelle.dz\/index.php\/wp-json\/wp\/v2\/posts\/57631\/revisions\/57632"}],"wp:featuredmedia":[{"embeddable":true,"href":"https:\/\/lasentinelle.dz\/index.php\/wp-json\/wp\/v2\/media\/55481"}],"wp:attachment":[{"href":"https:\/\/lasentinelle.dz\/index.php\/wp-json\/wp\/v2\/media?parent=57631"}],"wp:term":[{"taxonomy":"category","embeddable":true,"href":"https:\/\/lasentinelle.dz\/index.php\/wp-json\/wp\/v2\/categories?post=57631"},{"taxonomy":"post_tag","embeddable":true,"href":"https:\/\/lasentinelle.dz\/index.php\/wp-json\/wp\/v2\/tags?post=57631"}],"curies":[{"name":"wp","href":"https:\/\/api.w.org\/{rel}","templated":true}]}}