{"id":57646,"date":"2024-09-30T13:12:24","date_gmt":"2024-09-30T12:12:24","guid":{"rendered":"https:\/\/lasentinelle.dz\/?p=57646"},"modified":"2024-09-30T13:12:25","modified_gmt":"2024-09-30T12:12:25","slug":"la-presidente-de-lassemblee-nationale-de-slovenie-a-alger-nous-luttons-pour-les-memes-valeurs","status":"publish","type":"post","link":"https:\/\/lasentinelle.dz\/index.php\/2024\/09\/30\/la-presidente-de-lassemblee-nationale-de-slovenie-a-alger-nous-luttons-pour-les-memes-valeurs\/","title":{"rendered":"La pr\u00e9sidente de l&rsquo;Assembl\u00e9e nationale de Slov\u00e9nie \u00e0 Alger: \u00ab\u00a0Nous luttons pour les m\u00eames valeurs\u00a0\u00bb"},"content":{"rendered":"\n<p>La pr\u00e9sidente de l&rsquo;Assembl\u00e9e nationale de Slov\u00e9nie, Or\u0161ka Klako\u010dar Zupan\u010di\u010d, qui effectue une visite officielle en Alg\u00e9rie depuis samedi a soulign\u00e9 les convergences des vues entre les deux pays sur les questions de paix et de s\u00e9curit\u00e9 et qui sous-tend leur coordination au sein du Conseil de s\u00e9curit\u00e9.<\/p>\n\n\n\n<p>La pr\u00e9sidente de l&rsquo;Assembl\u00e9e nationale de Slov\u00e9nie a d&rsquo;ailleurs \u00e9t\u00e9 re\u00e7ue hier par le pr\u00e9sident de la R\u00e9publique, M. Abdelmadjid Tebboune, avec lequel elle a eu des entretiens qui ont permis de r\u00e9affirmer les valeurs communes et la volont\u00e9 de coop\u00e9ration entre Alger et Ljubljana, notamment au sein du Conseil de s\u00e9curit\u00e9 des Nations unies. \u00c0 l&rsquo;issue de son audience avec le pr\u00e9sident Tebboune, Mme Klako\u010dar a livr\u00e9 des d\u00e9clarations qui t\u00e9moignent de la profondeur des liens unissant l&rsquo;Alg\u00e9rie et la Slov\u00e9nie. \u00ab\u00a0J&rsquo;ai eu l&rsquo;honneur de rencontrer le pr\u00e9sident de la R\u00e9publique, que je f\u00e9licite pour sa r\u00e9\u00e9lection pour un second mandat\u00a0\u00bb, a-t-elle d\u00e9clar\u00e9, soulignant d&#8217;embl\u00e9e la cordialit\u00e9 des \u00e9changes. La responsable slov\u00e8ne a mis en exergue la convergence de vues entre les deux nations : \u00ab\u00a0Nous avons abord\u00e9 plusieurs questions relatives \u00e0 nos relations bilat\u00e9rales. Nos deux pays partagent les m\u00eames id\u00e9es concernant le respect et les liens de solidarit\u00e9.\u00a0\u00bb Cette affirmation illustre une vision commune sur des enjeux internationaux majeurs.<\/p>\n\n\n\n<p>Mme Zupan\u010di\u010d n&rsquo;a pas manqu\u00e9 de rappeler la profondeur historique des relations alg\u00e9ro-slov\u00e8nes : \u00ab\u00a0Je suis heureuse de constater l&rsquo;appr\u00e9ciation des autorit\u00e9s alg\u00e9riennes pour cette histoire commune et les valeurs que nos deux pays ont construites ensemble.\u00a0\u00bb<\/p>\n\n\n\n<p>L&rsquo;un des points saillants de la d\u00e9claration de Mme Klako\u010dar concerne la coop\u00e9ration au sein du Conseil de s\u00e9curit\u00e9 de l&rsquo;ONU. \u00ab\u00a0Nous avons une coop\u00e9ration \u00e9troite, notamment apr\u00e8s notre accession \u00e0 des si\u00e8ges au Conseil de s\u00e9curit\u00e9 des Nations unies en tant que membres non permanents\u00a0\u00bb, a-t-elle affirm\u00e9. Cette collaboration rev\u00eat une importance particuli\u00e8re dans le contexte g\u00e9opolitique actuel. La pr\u00e9sidente de l&rsquo;Assembl\u00e9e nationale slov\u00e8ne a pr\u00e9cis\u00e9 : \u00ab\u00a0Nous luttons pour les m\u00eames valeurs et nous nous soutenons mutuellement\u00a0\u00bb au sein des instances onusiennes. Cette d\u00e9claration met en lumi\u00e8re une alliance strat\u00e9gique entre l&rsquo;Alg\u00e9rie et la Slov\u00e9nie sur la sc\u00e8ne internationale, bas\u00e9e sur des principes partag\u00e9s.<\/p>\n\n\n\n<p>Mme Klako\u010dar a r\u00e9affirm\u00e9 avec force l&rsquo;engagement des deux pays en faveur du droit international : \u00ab\u00a0Nous devons rester fermes et forts dans notre lutte pour le respect du droit international et nous serons la voix des opprim\u00e9s qui ne peuvent pas se d\u00e9fendre eux-m\u00eames.\u00a0\u00bb Cette position illustre la volont\u00e9 de l&rsquo;Alg\u00e9rie et de la Slov\u00e9nie de jouer un r\u00f4le actif dans la d\u00e9fense des principes fondamentaux du droit international.<\/p>\n\n\n\n<p><strong>La situation au Moyen-Orient au c\u0153ur des pr\u00e9occupations<\/strong><\/p>\n\n\n\n<p>La responsable slov\u00e8ne a particuli\u00e8rement insist\u00e9 sur la situation au Moyen-Orient, faisant r\u00e9f\u00e9rence aux \u00ab\u00a0\u00e9v\u00e9nements catastrophiques qui secouent la r\u00e9gion depuis pr\u00e8s d&rsquo;un an\u00a0\u00bb. Elle a rappel\u00e9 la position de son pays sur la question palestinienne : \u00ab\u00a0La Slov\u00e9nie est l&rsquo;un des pays qui reconnaissent l&rsquo;ind\u00e9pendance et la souverainet\u00e9 de l&rsquo;\u00c9tat palestinien, et c&rsquo;est la juste chose \u00e0 faire.\u00a0\u00bb Mme Zupan\u010di\u010d a exprim\u00e9 son \u00ab\u00a0profond regret\u00a0\u00bb face \u00e0 la \u00ab\u00a0poursuite du massacre et de l&rsquo;extermination des enfants dans la guerre en cours \u00e0 Ghaza\u00a0\u00bb, estimant que \u00ab\u00a0c&rsquo;est tr\u00e8s regrettable pour l&rsquo;humanit\u00e9, et cela signifie l&rsquo;\u00e9limination de notre avenir.\u00a0\u00bb Ces propos forts t\u00e9moignent d&rsquo;une position commune avec l&rsquo;Alg\u00e9rie sur ce conflit. En conclusion de ses d\u00e9clarations, la pr\u00e9sidente de l&rsquo;Assembl\u00e9e nationale slov\u00e8ne a soulign\u00e9 que l&rsquo;Alg\u00e9rie et la Slov\u00e9nie travailleront ensemble sur \u00ab\u00a0toutes les questions en cours\u00a0\u00bb afin d&rsquo;avoir \u00ab\u00a0une voix forte\u00a0\u00bb pour instaurer la paix dans le monde.<\/p>\n\n\n\n<p>Lyna Larbi<\/p>\n","protected":false},"excerpt":{"rendered":"<p>La pr\u00e9sidente de l&rsquo;Assembl\u00e9e nationale de Slov\u00e9nie, Or\u0161ka Klako\u010dar Zupan\u010di\u010d, qui effectue une visite officielle en Alg\u00e9rie depuis samedi a<\/p>\n","protected":false},"author":6,"featured_media":57647,"comment_status":"open","ping_status":"closed","sticky":false,"template":"","format":"standard","meta":{"colormag_page_container_layout":"default_layout","colormag_page_sidebar_layout":"default_layout","om_disable_all_campaigns":false,"_monsterinsights_skip_tracking":false,"_monsterinsights_sitenote_active":false,"_monsterinsights_sitenote_note":"","_monsterinsights_sitenote_category":0,"footnotes":"","_wpscppro_dont_share_socialmedia":false,"_wpscppro_custom_social_share_image":0,"_facebook_share_type":"default","_twitter_share_type":"default","_linkedin_share_type":"default","_pinterest_share_type":"default","_linkedin_share_type_page":"","_instagram_share_type":"default","_medium_share_type":"","_threads_share_type":"","_google_business_share_type":"","_selected_social_profile":[],"_wpsp_enable_custom_social_template":false,"_wpsp_social_scheduling":{"enabled":false,"datetime":null,"platforms":[],"status":"template_only","dateOption":"today","timeOption":"now","customDays":"","customHours":"","customDate":"","customTime":"","schedulingType":"absolute"},"_wpsp_active_default_template":true},"categories":[27],"tags":[],"class_list":["post-57646","post","type-post","status-publish","format-standard","has-post-thumbnail","hentry","category-actualite"],"aioseo_notices":[],"yoast_head":"<!-- This site is optimized with the Yoast SEO plugin v27.5 - https:\/\/yoast.com\/product\/yoast-seo-wordpress\/ -->\n<title>La pr\u00e9sidente de l&rsquo;Assembl\u00e9e nationale de Slov\u00e9nie \u00e0 Alger: \u00ab\u00a0Nous luttons pour les m\u00eames valeurs\u00a0\u00bb - La Sentinelle<\/title>\n<meta name=\"robots\" content=\"index, follow, max-snippet:-1, max-image-preview:large, max-video-preview:-1\" \/>\n<link rel=\"canonical\" href=\"https:\/\/lasentinelle.dz\/index.php\/2024\/09\/30\/la-presidente-de-lassemblee-nationale-de-slovenie-a-alger-nous-luttons-pour-les-memes-valeurs\/\" \/>\n<meta property=\"og:locale\" content=\"fr_FR\" \/>\n<meta property=\"og:type\" content=\"article\" \/>\n<meta property=\"og:title\" content=\"La pr\u00e9sidente de l&rsquo;Assembl\u00e9e nationale de Slov\u00e9nie \u00e0 Alger: \u00ab\u00a0Nous luttons pour les m\u00eames valeurs\u00a0\u00bb - La Sentinelle\" \/>\n<meta property=\"og:description\" content=\"La pr\u00e9sidente de l&rsquo;Assembl\u00e9e nationale de Slov\u00e9nie, Or\u0161ka Klako\u010dar Zupan\u010di\u010d, qui effectue une visite officielle en Alg\u00e9rie depuis samedi a\" \/>\n<meta property=\"og:url\" content=\"https:\/\/lasentinelle.dz\/index.php\/2024\/09\/30\/la-presidente-de-lassemblee-nationale-de-slovenie-a-alger-nous-luttons-pour-les-memes-valeurs\/\" \/>\n<meta property=\"og:site_name\" content=\"La Sentinelle\" \/>\n<meta property=\"article:publisher\" content=\"https:\/\/www.facebook.com\/La-Sentinelle-104059864394773\" \/>\n<meta property=\"article:published_time\" content=\"2024-09-30T12:12:24+00:00\" \/>\n<meta property=\"article:modified_time\" content=\"2024-09-30T12:12:25+00:00\" \/>\n<meta property=\"og:image\" content=\"https:\/\/lasentinelle.dz\/wp-content\/uploads\/2024\/09\/tebboune-slovene.png\" \/>\n\t<meta property=\"og:image:width\" content=\"1554\" \/>\n\t<meta property=\"og:image:height\" content=\"930\" \/>\n\t<meta property=\"og:image:type\" content=\"image\/png\" \/>\n<meta name=\"author\" content=\"admin\" \/>\n<meta name=\"twitter:card\" content=\"summary_large_image\" \/>\n<meta name=\"twitter:label1\" content=\"\u00c9crit par\" \/>\n\t<meta name=\"twitter:data1\" content=\"admin\" \/>\n\t<meta name=\"twitter:label2\" content=\"Dur\u00e9e de lecture estim\u00e9e\" \/>\n\t<meta name=\"twitter:data2\" content=\"4 minutes\" \/>\n<script type=\"application\/ld+json\" class=\"yoast-schema-graph\">{\"@context\":\"https:\\\/\\\/schema.org\",\"@graph\":[{\"@type\":\"Article\",\"@id\":\"https:\\\/\\\/lasentinelle.dz\\\/index.php\\\/2024\\\/09\\\/30\\\/la-presidente-de-lassemblee-nationale-de-slovenie-a-alger-nous-luttons-pour-les-memes-valeurs\\\/#article\",\"isPartOf\":{\"@id\":\"https:\\\/\\\/lasentinelle.dz\\\/index.php\\\/2024\\\/09\\\/30\\\/la-presidente-de-lassemblee-nationale-de-slovenie-a-alger-nous-luttons-pour-les-memes-valeurs\\\/\"},\"author\":{\"name\":\"admin\",\"@id\":\"https:\\\/\\\/lasentinelle.dz\\\/#\\\/schema\\\/person\\\/729ee0024f24e0b8c5ec17232f8e8b41\"},\"headline\":\"La pr\u00e9sidente de l&rsquo;Assembl\u00e9e nationale de Slov\u00e9nie \u00e0 Alger: \u00ab\u00a0Nous luttons pour les m\u00eames valeurs\u00a0\u00bb\",\"datePublished\":\"2024-09-30T12:12:24+00:00\",\"dateModified\":\"2024-09-30T12:12:25+00:00\",\"mainEntityOfPage\":{\"@id\":\"https:\\\/\\\/lasentinelle.dz\\\/index.php\\\/2024\\\/09\\\/30\\\/la-presidente-de-lassemblee-nationale-de-slovenie-a-alger-nous-luttons-pour-les-memes-valeurs\\\/\"},\"wordCount\":714,\"commentCount\":0,\"publisher\":{\"@id\":\"https:\\\/\\\/lasentinelle.dz\\\/#organization\"},\"image\":{\"@id\":\"https:\\\/\\\/lasentinelle.dz\\\/index.php\\\/2024\\\/09\\\/30\\\/la-presidente-de-lassemblee-nationale-de-slovenie-a-alger-nous-luttons-pour-les-memes-valeurs\\\/#primaryimage\"},\"thumbnailUrl\":\"https:\\\/\\\/lasentinelle.dz\\\/wp-content\\\/uploads\\\/2024\\\/09\\\/tebboune-slovene.png\",\"articleSection\":[\"Actualit\u00e9\"],\"inLanguage\":\"fr-FR\",\"potentialAction\":[{\"@type\":\"CommentAction\",\"name\":\"Comment\",\"target\":[\"https:\\\/\\\/lasentinelle.dz\\\/index.php\\\/2024\\\/09\\\/30\\\/la-presidente-de-lassemblee-nationale-de-slovenie-a-alger-nous-luttons-pour-les-memes-valeurs\\\/#respond\"]}]},{\"@type\":\"WebPage\",\"@id\":\"https:\\\/\\\/lasentinelle.dz\\\/index.php\\\/2024\\\/09\\\/30\\\/la-presidente-de-lassemblee-nationale-de-slovenie-a-alger-nous-luttons-pour-les-memes-valeurs\\\/\",\"url\":\"https:\\\/\\\/lasentinelle.dz\\\/index.php\\\/2024\\\/09\\\/30\\\/la-presidente-de-lassemblee-nationale-de-slovenie-a-alger-nous-luttons-pour-les-memes-valeurs\\\/\",\"name\":\"La pr\u00e9sidente de l&rsquo;Assembl\u00e9e nationale de Slov\u00e9nie \u00e0 Alger: \u00ab\u00a0Nous luttons pour les m\u00eames valeurs\u00a0\u00bb - La Sentinelle\",\"isPartOf\":{\"@id\":\"https:\\\/\\\/lasentinelle.dz\\\/#website\"},\"primaryImageOfPage\":{\"@id\":\"https:\\\/\\\/lasentinelle.dz\\\/index.php\\\/2024\\\/09\\\/30\\\/la-presidente-de-lassemblee-nationale-de-slovenie-a-alger-nous-luttons-pour-les-memes-valeurs\\\/#primaryimage\"},\"image\":{\"@id\":\"https:\\\/\\\/lasentinelle.dz\\\/index.php\\\/2024\\\/09\\\/30\\\/la-presidente-de-lassemblee-nationale-de-slovenie-a-alger-nous-luttons-pour-les-memes-valeurs\\\/#primaryimage\"},\"thumbnailUrl\":\"https:\\\/\\\/lasentinelle.dz\\\/wp-content\\\/uploads\\\/2024\\\/09\\\/tebboune-slovene.png\",\"datePublished\":\"2024-09-30T12:12:24+00:00\",\"dateModified\":\"2024-09-30T12:12:25+00:00\",\"breadcrumb\":{\"@id\":\"https:\\\/\\\/lasentinelle.dz\\\/index.php\\\/2024\\\/09\\\/30\\\/la-presidente-de-lassemblee-nationale-de-slovenie-a-alger-nous-luttons-pour-les-memes-valeurs\\\/#breadcrumb\"},\"inLanguage\":\"fr-FR\",\"potentialAction\":[{\"@type\":\"ReadAction\",\"target\":[\"https:\\\/\\\/lasentinelle.dz\\\/index.php\\\/2024\\\/09\\\/30\\\/la-presidente-de-lassemblee-nationale-de-slovenie-a-alger-nous-luttons-pour-les-memes-valeurs\\\/\"]}]},{\"@type\":\"ImageObject\",\"inLanguage\":\"fr-FR\",\"@id\":\"https:\\\/\\\/lasentinelle.dz\\\/index.php\\\/2024\\\/09\\\/30\\\/la-presidente-de-lassemblee-nationale-de-slovenie-a-alger-nous-luttons-pour-les-memes-valeurs\\\/#primaryimage\",\"url\":\"https:\\\/\\\/lasentinelle.dz\\\/wp-content\\\/uploads\\\/2024\\\/09\\\/tebboune-slovene.png\",\"contentUrl\":\"https:\\\/\\\/lasentinelle.dz\\\/wp-content\\\/uploads\\\/2024\\\/09\\\/tebboune-slovene.png\",\"width\":1554,\"height\":930},{\"@type\":\"BreadcrumbList\",\"@id\":\"https:\\\/\\\/lasentinelle.dz\\\/index.php\\\/2024\\\/09\\\/30\\\/la-presidente-de-lassemblee-nationale-de-slovenie-a-alger-nous-luttons-pour-les-memes-valeurs\\\/#breadcrumb\",\"itemListElement\":[{\"@type\":\"ListItem\",\"position\":1,\"name\":\"Accueil\",\"item\":\"https:\\\/\\\/lasentinelle.dz\\\/\"},{\"@type\":\"ListItem\",\"position\":2,\"name\":\"La pr\u00e9sidente de l&rsquo;Assembl\u00e9e nationale de Slov\u00e9nie \u00e0 Alger: \u00ab\u00a0Nous luttons pour les m\u00eames valeurs\u00a0\u00bb\"}]},{\"@type\":\"WebSite\",\"@id\":\"https:\\\/\\\/lasentinelle.dz\\\/#website\",\"url\":\"https:\\\/\\\/lasentinelle.dz\\\/\",\"name\":\"La Sentinelle\",\"description\":\"Quotidien national d&#039;information\",\"publisher\":{\"@id\":\"https:\\\/\\\/lasentinelle.dz\\\/#organization\"},\"potentialAction\":[{\"@type\":\"SearchAction\",\"target\":{\"@type\":\"EntryPoint\",\"urlTemplate\":\"https:\\\/\\\/lasentinelle.dz\\\/?s={search_term_string}\"},\"query-input\":{\"@type\":\"PropertyValueSpecification\",\"valueRequired\":true,\"valueName\":\"search_term_string\"}}],\"inLanguage\":\"fr-FR\"},{\"@type\":\"Organization\",\"@id\":\"https:\\\/\\\/lasentinelle.dz\\\/#organization\",\"name\":\"Quotidien La Sentinelle\",\"url\":\"https:\\\/\\\/lasentinelle.dz\\\/\",\"logo\":{\"@type\":\"ImageObject\",\"inLanguage\":\"fr-FR\",\"@id\":\"https:\\\/\\\/lasentinelle.dz\\\/#\\\/schema\\\/logo\\\/image\\\/\",\"url\":\"https:\\\/\\\/lasentinelle.dz\\\/wp-content\\\/uploads\\\/2021\\\/09\\\/logo-sentinelleSLOGAN-1.png\",\"contentUrl\":\"https:\\\/\\\/lasentinelle.dz\\\/wp-content\\\/uploads\\\/2021\\\/09\\\/logo-sentinelleSLOGAN-1.png\",\"width\":615,\"height\":142,\"caption\":\"Quotidien La Sentinelle\"},\"image\":{\"@id\":\"https:\\\/\\\/lasentinelle.dz\\\/#\\\/schema\\\/logo\\\/image\\\/\"},\"sameAs\":[\"https:\\\/\\\/www.facebook.com\\\/La-Sentinelle-104059864394773\"]},{\"@type\":\"Person\",\"@id\":\"https:\\\/\\\/lasentinelle.dz\\\/#\\\/schema\\\/person\\\/729ee0024f24e0b8c5ec17232f8e8b41\",\"name\":\"admin\",\"image\":{\"@type\":\"ImageObject\",\"inLanguage\":\"fr-FR\",\"@id\":\"https:\\\/\\\/secure.gravatar.com\\\/avatar\\\/4c81fed838786e9b53f540bf46533e750f5d292099ae3b66cfc6fb1982e29df7?s=96&d=mm&r=g\",\"url\":\"https:\\\/\\\/secure.gravatar.com\\\/avatar\\\/4c81fed838786e9b53f540bf46533e750f5d292099ae3b66cfc6fb1982e29df7?s=96&d=mm&r=g\",\"contentUrl\":\"https:\\\/\\\/secure.gravatar.com\\\/avatar\\\/4c81fed838786e9b53f540bf46533e750f5d292099ae3b66cfc6fb1982e29df7?s=96&d=mm&r=g\",\"caption\":\"admin\"},\"description\":\"admin\",\"url\":\"https:\\\/\\\/lasentinelle.dz\\\/author\\\/admin\\\/\"}]}<\/script>\n<!-- \/ Yoast SEO plugin. -->","yoast_head_json":{"title":"La pr\u00e9sidente de l&rsquo;Assembl\u00e9e nationale de Slov\u00e9nie \u00e0 Alger: \u00ab\u00a0Nous luttons pour les m\u00eames valeurs\u00a0\u00bb - La Sentinelle","robots":{"index":"index","follow":"follow","max-snippet":"max-snippet:-1","max-image-preview":"max-image-preview:large","max-video-preview":"max-video-preview:-1"},"canonical":"https:\/\/lasentinelle.dz\/index.php\/2024\/09\/30\/la-presidente-de-lassemblee-nationale-de-slovenie-a-alger-nous-luttons-pour-les-memes-valeurs\/","og_locale":"fr_FR","og_type":"article","og_title":"La pr\u00e9sidente de l&rsquo;Assembl\u00e9e nationale de Slov\u00e9nie \u00e0 Alger: \u00ab\u00a0Nous luttons pour les m\u00eames valeurs\u00a0\u00bb - La Sentinelle","og_description":"La pr\u00e9sidente de l&rsquo;Assembl\u00e9e nationale de Slov\u00e9nie, Or\u0161ka Klako\u010dar Zupan\u010di\u010d, qui effectue une visite officielle en Alg\u00e9rie depuis samedi a","og_url":"https:\/\/lasentinelle.dz\/index.php\/2024\/09\/30\/la-presidente-de-lassemblee-nationale-de-slovenie-a-alger-nous-luttons-pour-les-memes-valeurs\/","og_site_name":"La Sentinelle","article_publisher":"https:\/\/www.facebook.com\/La-Sentinelle-104059864394773","article_published_time":"2024-09-30T12:12:24+00:00","article_modified_time":"2024-09-30T12:12:25+00:00","og_image":[{"width":1554,"height":930,"url":"https:\/\/lasentinelle.dz\/wp-content\/uploads\/2024\/09\/tebboune-slovene.png","type":"image\/png"}],"author":"admin","twitter_card":"summary_large_image","twitter_misc":{"\u00c9crit par":"admin","Dur\u00e9e de lecture estim\u00e9e":"4 minutes"},"schema":{"@context":"https:\/\/schema.org","@graph":[{"@type":"Article","@id":"https:\/\/lasentinelle.dz\/index.php\/2024\/09\/30\/la-presidente-de-lassemblee-nationale-de-slovenie-a-alger-nous-luttons-pour-les-memes-valeurs\/#article","isPartOf":{"@id":"https:\/\/lasentinelle.dz\/index.php\/2024\/09\/30\/la-presidente-de-lassemblee-nationale-de-slovenie-a-alger-nous-luttons-pour-les-memes-valeurs\/"},"author":{"name":"admin","@id":"https:\/\/lasentinelle.dz\/#\/schema\/person\/729ee0024f24e0b8c5ec17232f8e8b41"},"headline":"La pr\u00e9sidente de l&rsquo;Assembl\u00e9e nationale de Slov\u00e9nie \u00e0 Alger: \u00ab\u00a0Nous luttons pour les m\u00eames valeurs\u00a0\u00bb","datePublished":"2024-09-30T12:12:24+00:00","dateModified":"2024-09-30T12:12:25+00:00","mainEntityOfPage":{"@id":"https:\/\/lasentinelle.dz\/index.php\/2024\/09\/30\/la-presidente-de-lassemblee-nationale-de-slovenie-a-alger-nous-luttons-pour-les-memes-valeurs\/"},"wordCount":714,"commentCount":0,"publisher":{"@id":"https:\/\/lasentinelle.dz\/#organization"},"image":{"@id":"https:\/\/lasentinelle.dz\/index.php\/2024\/09\/30\/la-presidente-de-lassemblee-nationale-de-slovenie-a-alger-nous-luttons-pour-les-memes-valeurs\/#primaryimage"},"thumbnailUrl":"https:\/\/lasentinelle.dz\/wp-content\/uploads\/2024\/09\/tebboune-slovene.png","articleSection":["Actualit\u00e9"],"inLanguage":"fr-FR","potentialAction":[{"@type":"CommentAction","name":"Comment","target":["https:\/\/lasentinelle.dz\/index.php\/2024\/09\/30\/la-presidente-de-lassemblee-nationale-de-slovenie-a-alger-nous-luttons-pour-les-memes-valeurs\/#respond"]}]},{"@type":"WebPage","@id":"https:\/\/lasentinelle.dz\/index.php\/2024\/09\/30\/la-presidente-de-lassemblee-nationale-de-slovenie-a-alger-nous-luttons-pour-les-memes-valeurs\/","url":"https:\/\/lasentinelle.dz\/index.php\/2024\/09\/30\/la-presidente-de-lassemblee-nationale-de-slovenie-a-alger-nous-luttons-pour-les-memes-valeurs\/","name":"La pr\u00e9sidente de l&rsquo;Assembl\u00e9e nationale de Slov\u00e9nie \u00e0 Alger: \u00ab\u00a0Nous luttons pour les m\u00eames valeurs\u00a0\u00bb - La Sentinelle","isPartOf":{"@id":"https:\/\/lasentinelle.dz\/#website"},"primaryImageOfPage":{"@id":"https:\/\/lasentinelle.dz\/index.php\/2024\/09\/30\/la-presidente-de-lassemblee-nationale-de-slovenie-a-alger-nous-luttons-pour-les-memes-valeurs\/#primaryimage"},"image":{"@id":"https:\/\/lasentinelle.dz\/index.php\/2024\/09\/30\/la-presidente-de-lassemblee-nationale-de-slovenie-a-alger-nous-luttons-pour-les-memes-valeurs\/#primaryimage"},"thumbnailUrl":"https:\/\/lasentinelle.dz\/wp-content\/uploads\/2024\/09\/tebboune-slovene.png","datePublished":"2024-09-30T12:12:24+00:00","dateModified":"2024-09-30T12:12:25+00:00","breadcrumb":{"@id":"https:\/\/lasentinelle.dz\/index.php\/2024\/09\/30\/la-presidente-de-lassemblee-nationale-de-slovenie-a-alger-nous-luttons-pour-les-memes-valeurs\/#breadcrumb"},"inLanguage":"fr-FR","potentialAction":[{"@type":"ReadAction","target":["https:\/\/lasentinelle.dz\/index.php\/2024\/09\/30\/la-presidente-de-lassemblee-nationale-de-slovenie-a-alger-nous-luttons-pour-les-memes-valeurs\/"]}]},{"@type":"ImageObject","inLanguage":"fr-FR","@id":"https:\/\/lasentinelle.dz\/index.php\/2024\/09\/30\/la-presidente-de-lassemblee-nationale-de-slovenie-a-alger-nous-luttons-pour-les-memes-valeurs\/#primaryimage","url":"https:\/\/lasentinelle.dz\/wp-content\/uploads\/2024\/09\/tebboune-slovene.png","contentUrl":"https:\/\/lasentinelle.dz\/wp-content\/uploads\/2024\/09\/tebboune-slovene.png","width":1554,"height":930},{"@type":"BreadcrumbList","@id":"https:\/\/lasentinelle.dz\/index.php\/2024\/09\/30\/la-presidente-de-lassemblee-nationale-de-slovenie-a-alger-nous-luttons-pour-les-memes-valeurs\/#breadcrumb","itemListElement":[{"@type":"ListItem","position":1,"name":"Accueil","item":"https:\/\/lasentinelle.dz\/"},{"@type":"ListItem","position":2,"name":"La pr\u00e9sidente de l&rsquo;Assembl\u00e9e nationale de Slov\u00e9nie \u00e0 Alger: \u00ab\u00a0Nous luttons pour les m\u00eames valeurs\u00a0\u00bb"}]},{"@type":"WebSite","@id":"https:\/\/lasentinelle.dz\/#website","url":"https:\/\/lasentinelle.dz\/","name":"La Sentinelle","description":"Quotidien national d&#039;information","publisher":{"@id":"https:\/\/lasentinelle.dz\/#organization"},"potentialAction":[{"@type":"SearchAction","target":{"@type":"EntryPoint","urlTemplate":"https:\/\/lasentinelle.dz\/?s={search_term_string}"},"query-input":{"@type":"PropertyValueSpecification","valueRequired":true,"valueName":"search_term_string"}}],"inLanguage":"fr-FR"},{"@type":"Organization","@id":"https:\/\/lasentinelle.dz\/#organization","name":"Quotidien La Sentinelle","url":"https:\/\/lasentinelle.dz\/","logo":{"@type":"ImageObject","inLanguage":"fr-FR","@id":"https:\/\/lasentinelle.dz\/#\/schema\/logo\/image\/","url":"https:\/\/lasentinelle.dz\/wp-content\/uploads\/2021\/09\/logo-sentinelleSLOGAN-1.png","contentUrl":"https:\/\/lasentinelle.dz\/wp-content\/uploads\/2021\/09\/logo-sentinelleSLOGAN-1.png","width":615,"height":142,"caption":"Quotidien La Sentinelle"},"image":{"@id":"https:\/\/lasentinelle.dz\/#\/schema\/logo\/image\/"},"sameAs":["https:\/\/www.facebook.com\/La-Sentinelle-104059864394773"]},{"@type":"Person","@id":"https:\/\/lasentinelle.dz\/#\/schema\/person\/729ee0024f24e0b8c5ec17232f8e8b41","name":"admin","image":{"@type":"ImageObject","inLanguage":"fr-FR","@id":"https:\/\/secure.gravatar.com\/avatar\/4c81fed838786e9b53f540bf46533e750f5d292099ae3b66cfc6fb1982e29df7?s=96&d=mm&r=g","url":"https:\/\/secure.gravatar.com\/avatar\/4c81fed838786e9b53f540bf46533e750f5d292099ae3b66cfc6fb1982e29df7?s=96&d=mm&r=g","contentUrl":"https:\/\/secure.gravatar.com\/avatar\/4c81fed838786e9b53f540bf46533e750f5d292099ae3b66cfc6fb1982e29df7?s=96&d=mm&r=g","caption":"admin"},"description":"admin","url":"https:\/\/lasentinelle.dz\/author\/admin\/"}]}},"_links":{"self":[{"href":"https:\/\/lasentinelle.dz\/index.php\/wp-json\/wp\/v2\/posts\/57646","targetHints":{"allow":["GET"]}}],"collection":[{"href":"https:\/\/lasentinelle.dz\/index.php\/wp-json\/wp\/v2\/posts"}],"about":[{"href":"https:\/\/lasentinelle.dz\/index.php\/wp-json\/wp\/v2\/types\/post"}],"author":[{"embeddable":true,"href":"https:\/\/lasentinelle.dz\/index.php\/wp-json\/wp\/v2\/users\/6"}],"replies":[{"embeddable":true,"href":"https:\/\/lasentinelle.dz\/index.php\/wp-json\/wp\/v2\/comments?post=57646"}],"version-history":[{"count":2,"href":"https:\/\/lasentinelle.dz\/index.php\/wp-json\/wp\/v2\/posts\/57646\/revisions"}],"predecessor-version":[{"id":57649,"href":"https:\/\/lasentinelle.dz\/index.php\/wp-json\/wp\/v2\/posts\/57646\/revisions\/57649"}],"wp:featuredmedia":[{"embeddable":true,"href":"https:\/\/lasentinelle.dz\/index.php\/wp-json\/wp\/v2\/media\/57647"}],"wp:attachment":[{"href":"https:\/\/lasentinelle.dz\/index.php\/wp-json\/wp\/v2\/media?parent=57646"}],"wp:term":[{"taxonomy":"category","embeddable":true,"href":"https:\/\/lasentinelle.dz\/index.php\/wp-json\/wp\/v2\/categories?post=57646"},{"taxonomy":"post_tag","embeddable":true,"href":"https:\/\/lasentinelle.dz\/index.php\/wp-json\/wp\/v2\/tags?post=57646"}],"curies":[{"name":"wp","href":"https:\/\/api.w.org\/{rel}","templated":true}]}}