{"id":57650,"date":"2024-09-30T13:16:54","date_gmt":"2024-09-30T12:16:54","guid":{"rendered":"https:\/\/lasentinelle.dz\/?p=57650"},"modified":"2024-09-30T13:16:55","modified_gmt":"2024-09-30T12:16:55","slug":"intemperies-qui-ont-affecte-le-sud-du-pays-le-processus-dindemnisation-des-sinistres-lance","status":"publish","type":"post","link":"https:\/\/lasentinelle.dz\/index.php\/2024\/09\/30\/intemperies-qui-ont-affecte-le-sud-du-pays-le-processus-dindemnisation-des-sinistres-lance\/","title":{"rendered":"Intemp\u00e9ries qui ont affect\u00e9 le sud du pays: Le processus d&rsquo;indemnisation des sinistr\u00e9s lanc\u00e9"},"content":{"rendered":"\n<p>Les inondations qui ont frapp\u00e9 plusieurs wilayas du sud de l&rsquo;Alg\u00e9rie d\u00e9but septembre ont mobilis\u00e9 une r\u00e9ponse rapide et coordonn\u00e9e des autorit\u00e9s, conform\u00e9ment aux instructions du pr\u00e9sident de la R\u00e9publique, Abdelmadjid Tebboune. Le gouvernement a mis en \u0153uvre un plan d&rsquo;action visant \u00e0 indemniser les sinistr\u00e9s et \u00e0 restaurer les infrastructures endommag\u00e9es dans les plus brefs d\u00e9lais. \u00c0 B\u00e9char, l&rsquo;une des wilayas les plus touch\u00e9es, le versement des aides financi\u00e8res aux familles sinistr\u00e9es a d\u00e9but\u00e9 &nbsp;samedi. Cette op\u00e9ration, qui fait suite aux d\u00e9cisions prises lors du dernier Conseil des ministres, concerne sept collectivit\u00e9s de la wilaya. Les aides sont destin\u00e9es \u00e0 la r\u00e9habilitation des habitations gravement impact\u00e9es par les inondations, ainsi qu&rsquo;\u00e0 l&rsquo;acquisition d&rsquo;\u00e9quipements et de mobilier pour les logements endommag\u00e9s. Le processus d&rsquo;indemnisation s&rsquo;appuie sur un travail minutieux de recensement effectu\u00e9 par des commissions communales. \u00c0 ce jour, 300 familles ont \u00e9t\u00e9 identifi\u00e9es comme b\u00e9n\u00e9ficiaires, mais les op\u00e9rations de recensement et de diagnostic des habitations touch\u00e9es se poursuivent. Cette approche m\u00e9thodique vise \u00e0 garantir une distribution \u00e9quitable et efficace des aides. Parall\u00e8lement aux indemnisations, des efforts consid\u00e9rables sont d\u00e9ploy\u00e9s pour restaurer les infrastructures essentielles. Dans le secteur des travaux publics, les interventions ont permis un retour \u00e0 la normale du trafic routier sur la majorit\u00e9 des axes touch\u00e9s. Ali Boulrabah, secr\u00e9taire g\u00e9n\u00e9ral du minist\u00e8re des Travaux publics et des Infrastructures de base, a soulign\u00e9 que 24 heures apr\u00e8s les inondations, la plupart des principaux axes routiers avaient \u00e9t\u00e9 rouverts. Une cellule centrale a \u00e9t\u00e9 mise en place pour superviser les travaux et suivre la situation du r\u00e9seau routier en temps r\u00e9el. Les directions des travaux publics des wilayas affect\u00e9es ont mobilis\u00e9 plus de 475 travailleurs et 220 unit\u00e9s de mat\u00e9riel pour assurer la maintenance et la r\u00e9habilitation des routes nationales et de wilaya endommag\u00e9es. Des axes majeurs comme la RN 6 reliant B\u00e9char \u00e0 Na\u00e2ma et \u00e0 B\u00e9ni Abb\u00e8s, ainsi que plusieurs autres routes nationales dans les wilayas de Na\u00e2ma, Tamanrasset, Illizi et Tindouf, ont fait l&rsquo;objet d&rsquo;interventions prioritaires. Le r\u00e9seau ferroviaire n&rsquo;a pas \u00e9t\u00e9 \u00e9pargn\u00e9, avec des d\u00e9g\u00e2ts enregistr\u00e9s sur 20 kilom\u00e8tres de trac\u00e9 dans le sud-ouest du pays. Les travaux de r\u00e9habilitation sont en cours, supervis\u00e9s par l&rsquo;Agence nationale d&rsquo;\u00e9tudes et de suivi de la r\u00e9alisation des investissements ferroviaires (ANESRIF). La r\u00e9ouverture de la ligne ferroviaire B\u00e9char-Na\u00e2ma est pr\u00e9vue pour octobre. Dans le domaine hydraulique, les mesures prises par le minist\u00e8re ont permis la remise en service des syst\u00e8mes de distribution d&rsquo;eau potable dans la plupart des zones affect\u00e9es. Des \u00e9quipes techniques sp\u00e9cialis\u00e9es ont \u00e9t\u00e9 d\u00e9p\u00each\u00e9es pour \u00e9valuer les d\u00e9g\u00e2ts et \u00e9laborer des plans d&rsquo;action en coordination avec le minist\u00e8re de l&rsquo;Int\u00e9rieur. \u00c0 B\u00e9char, les efforts se sont concentr\u00e9s sur la r\u00e9paration des principaux syst\u00e8mes d&rsquo;approvisionnement en eau potable des communes de B\u00e9char, Kenadsa et Abadla, ainsi que sur la remise en \u00e9tat des canaux de transfert d&rsquo;eau endommag\u00e9s. Le pr\u00e9sident Tebboune a insist\u00e9 sur la n\u00e9cessit\u00e9 de r\u00e9tablir rapidement les services essentiels dans les wilayas touch\u00e9es. Cette directive a conduit \u00e0 une mobilisation intersectorielle, impliquant diff\u00e9rents minist\u00e8res et agences gouvernementales. L&rsquo;objectif est non seulement de r\u00e9parer les d\u00e9g\u00e2ts \u00e0 court terme, mais aussi de mettre en place des solutions durables pour pr\u00e9venir et mieux g\u00e9rer de futures catastrophes naturelles. Les autorit\u00e9s locales travaillent actuellement \u00e0 l&rsquo;\u00e9laboration d&rsquo;\u00e9tudes d&rsquo;expertise pour d\u00e9terminer le co\u00fbt final des travaux de r\u00e9habilitation. Ces estimations, accompagn\u00e9es de fiches techniques d\u00e9taill\u00e9es, seront pr\u00e9sent\u00e9es aux services comp\u00e9tents pour l&rsquo;allocation des enveloppes financi\u00e8res n\u00e9cessaires.<\/p>\n\n\n\n<p>Salim Mokrane<\/p>\n","protected":false},"excerpt":{"rendered":"<p>Les inondations qui ont frapp\u00e9 plusieurs wilayas du sud de l&rsquo;Alg\u00e9rie d\u00e9but septembre ont mobilis\u00e9 une r\u00e9ponse rapide et coordonn\u00e9e<\/p>\n","protected":false},"author":6,"featured_media":57000,"comment_status":"open","ping_status":"closed","sticky":false,"template":"","format":"standard","meta":{"colormag_page_container_layout":"default_layout","colormag_page_sidebar_layout":"default_layout","om_disable_all_campaigns":false,"_monsterinsights_skip_tracking":false,"_monsterinsights_sitenote_active":false,"_monsterinsights_sitenote_note":"","_monsterinsights_sitenote_category":0,"footnotes":"","_wpscppro_dont_share_socialmedia":false,"_wpscppro_custom_social_share_image":0,"_facebook_share_type":"default","_twitter_share_type":"default","_linkedin_share_type":"default","_pinterest_share_type":"default","_linkedin_share_type_page":"","_instagram_share_type":"default","_medium_share_type":"","_threads_share_type":"","_google_business_share_type":"","_selected_social_profile":[],"_wpsp_enable_custom_social_template":false,"_wpsp_social_scheduling":{"enabled":false,"datetime":null,"platforms":[],"status":"template_only","dateOption":"today","timeOption":"now","customDays":"","customHours":"","customDate":"","customTime":"","schedulingType":"absolute"},"_wpsp_active_default_template":true},"categories":[27],"tags":[],"class_list":["post-57650","post","type-post","status-publish","format-standard","has-post-thumbnail","hentry","category-actualite"],"aioseo_notices":[],"yoast_head":"<!-- This site is optimized with the Yoast SEO plugin v27.5 - https:\/\/yoast.com\/product\/yoast-seo-wordpress\/ -->\n<title>Intemp\u00e9ries qui ont affect\u00e9 le sud du pays: Le processus d&rsquo;indemnisation des sinistr\u00e9s lanc\u00e9 - La Sentinelle<\/title>\n<meta name=\"robots\" content=\"index, follow, max-snippet:-1, max-image-preview:large, max-video-preview:-1\" \/>\n<link rel=\"canonical\" href=\"https:\/\/lasentinelle.dz\/index.php\/2024\/09\/30\/intemperies-qui-ont-affecte-le-sud-du-pays-le-processus-dindemnisation-des-sinistres-lance\/\" \/>\n<meta property=\"og:locale\" content=\"fr_FR\" \/>\n<meta property=\"og:type\" content=\"article\" \/>\n<meta property=\"og:title\" content=\"Intemp\u00e9ries qui ont affect\u00e9 le sud du pays: Le processus d&rsquo;indemnisation des sinistr\u00e9s lanc\u00e9 - La Sentinelle\" \/>\n<meta property=\"og:description\" content=\"Les inondations qui ont frapp\u00e9 plusieurs wilayas du sud de l&rsquo;Alg\u00e9rie d\u00e9but septembre ont mobilis\u00e9 une r\u00e9ponse rapide et coordonn\u00e9e\" \/>\n<meta property=\"og:url\" content=\"https:\/\/lasentinelle.dz\/index.php\/2024\/09\/30\/intemperies-qui-ont-affecte-le-sud-du-pays-le-processus-dindemnisation-des-sinistres-lance\/\" \/>\n<meta property=\"og:site_name\" content=\"La Sentinelle\" \/>\n<meta property=\"article:publisher\" content=\"https:\/\/www.facebook.com\/La-Sentinelle-104059864394773\" \/>\n<meta property=\"article:published_time\" content=\"2024-09-30T12:16:54+00:00\" \/>\n<meta property=\"article:modified_time\" content=\"2024-09-30T12:16:55+00:00\" \/>\n<meta property=\"og:image\" content=\"https:\/\/lasentinelle.dz\/wp-content\/uploads\/2024\/09\/intemperes.jpg\" \/>\n\t<meta property=\"og:image:width\" content=\"1080\" \/>\n\t<meta property=\"og:image:height\" content=\"720\" \/>\n\t<meta property=\"og:image:type\" content=\"image\/jpeg\" \/>\n<meta name=\"author\" content=\"admin\" \/>\n<meta name=\"twitter:card\" content=\"summary_large_image\" \/>\n<meta name=\"twitter:label1\" content=\"\u00c9crit par\" \/>\n\t<meta name=\"twitter:data1\" content=\"admin\" \/>\n\t<meta name=\"twitter:label2\" content=\"Dur\u00e9e de lecture estim\u00e9e\" \/>\n\t<meta name=\"twitter:data2\" content=\"4 minutes\" \/>\n<script type=\"application\/ld+json\" class=\"yoast-schema-graph\">{\"@context\":\"https:\\\/\\\/schema.org\",\"@graph\":[{\"@type\":\"Article\",\"@id\":\"https:\\\/\\\/lasentinelle.dz\\\/index.php\\\/2024\\\/09\\\/30\\\/intemperies-qui-ont-affecte-le-sud-du-pays-le-processus-dindemnisation-des-sinistres-lance\\\/#article\",\"isPartOf\":{\"@id\":\"https:\\\/\\\/lasentinelle.dz\\\/index.php\\\/2024\\\/09\\\/30\\\/intemperies-qui-ont-affecte-le-sud-du-pays-le-processus-dindemnisation-des-sinistres-lance\\\/\"},\"author\":{\"name\":\"admin\",\"@id\":\"https:\\\/\\\/lasentinelle.dz\\\/#\\\/schema\\\/person\\\/729ee0024f24e0b8c5ec17232f8e8b41\"},\"headline\":\"Intemp\u00e9ries qui ont affect\u00e9 le sud du pays: Le processus d&rsquo;indemnisation des sinistr\u00e9s lanc\u00e9\",\"datePublished\":\"2024-09-30T12:16:54+00:00\",\"dateModified\":\"2024-09-30T12:16:55+00:00\",\"mainEntityOfPage\":{\"@id\":\"https:\\\/\\\/lasentinelle.dz\\\/index.php\\\/2024\\\/09\\\/30\\\/intemperies-qui-ont-affecte-le-sud-du-pays-le-processus-dindemnisation-des-sinistres-lance\\\/\"},\"wordCount\":697,\"commentCount\":0,\"publisher\":{\"@id\":\"https:\\\/\\\/lasentinelle.dz\\\/#organization\"},\"image\":{\"@id\":\"https:\\\/\\\/lasentinelle.dz\\\/index.php\\\/2024\\\/09\\\/30\\\/intemperies-qui-ont-affecte-le-sud-du-pays-le-processus-dindemnisation-des-sinistres-lance\\\/#primaryimage\"},\"thumbnailUrl\":\"https:\\\/\\\/lasentinelle.dz\\\/wp-content\\\/uploads\\\/2024\\\/09\\\/intemperes.jpg\",\"articleSection\":[\"Actualit\u00e9\"],\"inLanguage\":\"fr-FR\",\"potentialAction\":[{\"@type\":\"CommentAction\",\"name\":\"Comment\",\"target\":[\"https:\\\/\\\/lasentinelle.dz\\\/index.php\\\/2024\\\/09\\\/30\\\/intemperies-qui-ont-affecte-le-sud-du-pays-le-processus-dindemnisation-des-sinistres-lance\\\/#respond\"]}]},{\"@type\":\"WebPage\",\"@id\":\"https:\\\/\\\/lasentinelle.dz\\\/index.php\\\/2024\\\/09\\\/30\\\/intemperies-qui-ont-affecte-le-sud-du-pays-le-processus-dindemnisation-des-sinistres-lance\\\/\",\"url\":\"https:\\\/\\\/lasentinelle.dz\\\/index.php\\\/2024\\\/09\\\/30\\\/intemperies-qui-ont-affecte-le-sud-du-pays-le-processus-dindemnisation-des-sinistres-lance\\\/\",\"name\":\"Intemp\u00e9ries qui ont affect\u00e9 le sud du pays: Le processus d&rsquo;indemnisation des sinistr\u00e9s lanc\u00e9 - La Sentinelle\",\"isPartOf\":{\"@id\":\"https:\\\/\\\/lasentinelle.dz\\\/#website\"},\"primaryImageOfPage\":{\"@id\":\"https:\\\/\\\/lasentinelle.dz\\\/index.php\\\/2024\\\/09\\\/30\\\/intemperies-qui-ont-affecte-le-sud-du-pays-le-processus-dindemnisation-des-sinistres-lance\\\/#primaryimage\"},\"image\":{\"@id\":\"https:\\\/\\\/lasentinelle.dz\\\/index.php\\\/2024\\\/09\\\/30\\\/intemperies-qui-ont-affecte-le-sud-du-pays-le-processus-dindemnisation-des-sinistres-lance\\\/#primaryimage\"},\"thumbnailUrl\":\"https:\\\/\\\/lasentinelle.dz\\\/wp-content\\\/uploads\\\/2024\\\/09\\\/intemperes.jpg\",\"datePublished\":\"2024-09-30T12:16:54+00:00\",\"dateModified\":\"2024-09-30T12:16:55+00:00\",\"breadcrumb\":{\"@id\":\"https:\\\/\\\/lasentinelle.dz\\\/index.php\\\/2024\\\/09\\\/30\\\/intemperies-qui-ont-affecte-le-sud-du-pays-le-processus-dindemnisation-des-sinistres-lance\\\/#breadcrumb\"},\"inLanguage\":\"fr-FR\",\"potentialAction\":[{\"@type\":\"ReadAction\",\"target\":[\"https:\\\/\\\/lasentinelle.dz\\\/index.php\\\/2024\\\/09\\\/30\\\/intemperies-qui-ont-affecte-le-sud-du-pays-le-processus-dindemnisation-des-sinistres-lance\\\/\"]}]},{\"@type\":\"ImageObject\",\"inLanguage\":\"fr-FR\",\"@id\":\"https:\\\/\\\/lasentinelle.dz\\\/index.php\\\/2024\\\/09\\\/30\\\/intemperies-qui-ont-affecte-le-sud-du-pays-le-processus-dindemnisation-des-sinistres-lance\\\/#primaryimage\",\"url\":\"https:\\\/\\\/lasentinelle.dz\\\/wp-content\\\/uploads\\\/2024\\\/09\\\/intemperes.jpg\",\"contentUrl\":\"https:\\\/\\\/lasentinelle.dz\\\/wp-content\\\/uploads\\\/2024\\\/09\\\/intemperes.jpg\",\"width\":1080,\"height\":720},{\"@type\":\"BreadcrumbList\",\"@id\":\"https:\\\/\\\/lasentinelle.dz\\\/index.php\\\/2024\\\/09\\\/30\\\/intemperies-qui-ont-affecte-le-sud-du-pays-le-processus-dindemnisation-des-sinistres-lance\\\/#breadcrumb\",\"itemListElement\":[{\"@type\":\"ListItem\",\"position\":1,\"name\":\"Accueil\",\"item\":\"https:\\\/\\\/lasentinelle.dz\\\/\"},{\"@type\":\"ListItem\",\"position\":2,\"name\":\"Intemp\u00e9ries qui ont affect\u00e9 le sud du pays: Le processus d&rsquo;indemnisation des sinistr\u00e9s lanc\u00e9\"}]},{\"@type\":\"WebSite\",\"@id\":\"https:\\\/\\\/lasentinelle.dz\\\/#website\",\"url\":\"https:\\\/\\\/lasentinelle.dz\\\/\",\"name\":\"La Sentinelle\",\"description\":\"Quotidien national d&#039;information\",\"publisher\":{\"@id\":\"https:\\\/\\\/lasentinelle.dz\\\/#organization\"},\"potentialAction\":[{\"@type\":\"SearchAction\",\"target\":{\"@type\":\"EntryPoint\",\"urlTemplate\":\"https:\\\/\\\/lasentinelle.dz\\\/?s={search_term_string}\"},\"query-input\":{\"@type\":\"PropertyValueSpecification\",\"valueRequired\":true,\"valueName\":\"search_term_string\"}}],\"inLanguage\":\"fr-FR\"},{\"@type\":\"Organization\",\"@id\":\"https:\\\/\\\/lasentinelle.dz\\\/#organization\",\"name\":\"Quotidien La Sentinelle\",\"url\":\"https:\\\/\\\/lasentinelle.dz\\\/\",\"logo\":{\"@type\":\"ImageObject\",\"inLanguage\":\"fr-FR\",\"@id\":\"https:\\\/\\\/lasentinelle.dz\\\/#\\\/schema\\\/logo\\\/image\\\/\",\"url\":\"https:\\\/\\\/lasentinelle.dz\\\/wp-content\\\/uploads\\\/2021\\\/09\\\/logo-sentinelleSLOGAN-1.png\",\"contentUrl\":\"https:\\\/\\\/lasentinelle.dz\\\/wp-content\\\/uploads\\\/2021\\\/09\\\/logo-sentinelleSLOGAN-1.png\",\"width\":615,\"height\":142,\"caption\":\"Quotidien La Sentinelle\"},\"image\":{\"@id\":\"https:\\\/\\\/lasentinelle.dz\\\/#\\\/schema\\\/logo\\\/image\\\/\"},\"sameAs\":[\"https:\\\/\\\/www.facebook.com\\\/La-Sentinelle-104059864394773\"]},{\"@type\":\"Person\",\"@id\":\"https:\\\/\\\/lasentinelle.dz\\\/#\\\/schema\\\/person\\\/729ee0024f24e0b8c5ec17232f8e8b41\",\"name\":\"admin\",\"image\":{\"@type\":\"ImageObject\",\"inLanguage\":\"fr-FR\",\"@id\":\"https:\\\/\\\/secure.gravatar.com\\\/avatar\\\/4c81fed838786e9b53f540bf46533e750f5d292099ae3b66cfc6fb1982e29df7?s=96&d=mm&r=g\",\"url\":\"https:\\\/\\\/secure.gravatar.com\\\/avatar\\\/4c81fed838786e9b53f540bf46533e750f5d292099ae3b66cfc6fb1982e29df7?s=96&d=mm&r=g\",\"contentUrl\":\"https:\\\/\\\/secure.gravatar.com\\\/avatar\\\/4c81fed838786e9b53f540bf46533e750f5d292099ae3b66cfc6fb1982e29df7?s=96&d=mm&r=g\",\"caption\":\"admin\"},\"description\":\"admin\",\"url\":\"https:\\\/\\\/lasentinelle.dz\\\/author\\\/admin\\\/\"}]}<\/script>\n<!-- \/ Yoast SEO plugin. -->","yoast_head_json":{"title":"Intemp\u00e9ries qui ont affect\u00e9 le sud du pays: Le processus d&rsquo;indemnisation des sinistr\u00e9s lanc\u00e9 - La Sentinelle","robots":{"index":"index","follow":"follow","max-snippet":"max-snippet:-1","max-image-preview":"max-image-preview:large","max-video-preview":"max-video-preview:-1"},"canonical":"https:\/\/lasentinelle.dz\/index.php\/2024\/09\/30\/intemperies-qui-ont-affecte-le-sud-du-pays-le-processus-dindemnisation-des-sinistres-lance\/","og_locale":"fr_FR","og_type":"article","og_title":"Intemp\u00e9ries qui ont affect\u00e9 le sud du pays: Le processus d&rsquo;indemnisation des sinistr\u00e9s lanc\u00e9 - La Sentinelle","og_description":"Les inondations qui ont frapp\u00e9 plusieurs wilayas du sud de l&rsquo;Alg\u00e9rie d\u00e9but septembre ont mobilis\u00e9 une r\u00e9ponse rapide et coordonn\u00e9e","og_url":"https:\/\/lasentinelle.dz\/index.php\/2024\/09\/30\/intemperies-qui-ont-affecte-le-sud-du-pays-le-processus-dindemnisation-des-sinistres-lance\/","og_site_name":"La Sentinelle","article_publisher":"https:\/\/www.facebook.com\/La-Sentinelle-104059864394773","article_published_time":"2024-09-30T12:16:54+00:00","article_modified_time":"2024-09-30T12:16:55+00:00","og_image":[{"width":1080,"height":720,"url":"https:\/\/lasentinelle.dz\/wp-content\/uploads\/2024\/09\/intemperes.jpg","type":"image\/jpeg"}],"author":"admin","twitter_card":"summary_large_image","twitter_misc":{"\u00c9crit par":"admin","Dur\u00e9e de lecture estim\u00e9e":"4 minutes"},"schema":{"@context":"https:\/\/schema.org","@graph":[{"@type":"Article","@id":"https:\/\/lasentinelle.dz\/index.php\/2024\/09\/30\/intemperies-qui-ont-affecte-le-sud-du-pays-le-processus-dindemnisation-des-sinistres-lance\/#article","isPartOf":{"@id":"https:\/\/lasentinelle.dz\/index.php\/2024\/09\/30\/intemperies-qui-ont-affecte-le-sud-du-pays-le-processus-dindemnisation-des-sinistres-lance\/"},"author":{"name":"admin","@id":"https:\/\/lasentinelle.dz\/#\/schema\/person\/729ee0024f24e0b8c5ec17232f8e8b41"},"headline":"Intemp\u00e9ries qui ont affect\u00e9 le sud du pays: Le processus d&rsquo;indemnisation des sinistr\u00e9s lanc\u00e9","datePublished":"2024-09-30T12:16:54+00:00","dateModified":"2024-09-30T12:16:55+00:00","mainEntityOfPage":{"@id":"https:\/\/lasentinelle.dz\/index.php\/2024\/09\/30\/intemperies-qui-ont-affecte-le-sud-du-pays-le-processus-dindemnisation-des-sinistres-lance\/"},"wordCount":697,"commentCount":0,"publisher":{"@id":"https:\/\/lasentinelle.dz\/#organization"},"image":{"@id":"https:\/\/lasentinelle.dz\/index.php\/2024\/09\/30\/intemperies-qui-ont-affecte-le-sud-du-pays-le-processus-dindemnisation-des-sinistres-lance\/#primaryimage"},"thumbnailUrl":"https:\/\/lasentinelle.dz\/wp-content\/uploads\/2024\/09\/intemperes.jpg","articleSection":["Actualit\u00e9"],"inLanguage":"fr-FR","potentialAction":[{"@type":"CommentAction","name":"Comment","target":["https:\/\/lasentinelle.dz\/index.php\/2024\/09\/30\/intemperies-qui-ont-affecte-le-sud-du-pays-le-processus-dindemnisation-des-sinistres-lance\/#respond"]}]},{"@type":"WebPage","@id":"https:\/\/lasentinelle.dz\/index.php\/2024\/09\/30\/intemperies-qui-ont-affecte-le-sud-du-pays-le-processus-dindemnisation-des-sinistres-lance\/","url":"https:\/\/lasentinelle.dz\/index.php\/2024\/09\/30\/intemperies-qui-ont-affecte-le-sud-du-pays-le-processus-dindemnisation-des-sinistres-lance\/","name":"Intemp\u00e9ries qui ont affect\u00e9 le sud du pays: Le processus d&rsquo;indemnisation des sinistr\u00e9s lanc\u00e9 - La Sentinelle","isPartOf":{"@id":"https:\/\/lasentinelle.dz\/#website"},"primaryImageOfPage":{"@id":"https:\/\/lasentinelle.dz\/index.php\/2024\/09\/30\/intemperies-qui-ont-affecte-le-sud-du-pays-le-processus-dindemnisation-des-sinistres-lance\/#primaryimage"},"image":{"@id":"https:\/\/lasentinelle.dz\/index.php\/2024\/09\/30\/intemperies-qui-ont-affecte-le-sud-du-pays-le-processus-dindemnisation-des-sinistres-lance\/#primaryimage"},"thumbnailUrl":"https:\/\/lasentinelle.dz\/wp-content\/uploads\/2024\/09\/intemperes.jpg","datePublished":"2024-09-30T12:16:54+00:00","dateModified":"2024-09-30T12:16:55+00:00","breadcrumb":{"@id":"https:\/\/lasentinelle.dz\/index.php\/2024\/09\/30\/intemperies-qui-ont-affecte-le-sud-du-pays-le-processus-dindemnisation-des-sinistres-lance\/#breadcrumb"},"inLanguage":"fr-FR","potentialAction":[{"@type":"ReadAction","target":["https:\/\/lasentinelle.dz\/index.php\/2024\/09\/30\/intemperies-qui-ont-affecte-le-sud-du-pays-le-processus-dindemnisation-des-sinistres-lance\/"]}]},{"@type":"ImageObject","inLanguage":"fr-FR","@id":"https:\/\/lasentinelle.dz\/index.php\/2024\/09\/30\/intemperies-qui-ont-affecte-le-sud-du-pays-le-processus-dindemnisation-des-sinistres-lance\/#primaryimage","url":"https:\/\/lasentinelle.dz\/wp-content\/uploads\/2024\/09\/intemperes.jpg","contentUrl":"https:\/\/lasentinelle.dz\/wp-content\/uploads\/2024\/09\/intemperes.jpg","width":1080,"height":720},{"@type":"BreadcrumbList","@id":"https:\/\/lasentinelle.dz\/index.php\/2024\/09\/30\/intemperies-qui-ont-affecte-le-sud-du-pays-le-processus-dindemnisation-des-sinistres-lance\/#breadcrumb","itemListElement":[{"@type":"ListItem","position":1,"name":"Accueil","item":"https:\/\/lasentinelle.dz\/"},{"@type":"ListItem","position":2,"name":"Intemp\u00e9ries qui ont affect\u00e9 le sud du pays: Le processus d&rsquo;indemnisation des sinistr\u00e9s lanc\u00e9"}]},{"@type":"WebSite","@id":"https:\/\/lasentinelle.dz\/#website","url":"https:\/\/lasentinelle.dz\/","name":"La Sentinelle","description":"Quotidien national d&#039;information","publisher":{"@id":"https:\/\/lasentinelle.dz\/#organization"},"potentialAction":[{"@type":"SearchAction","target":{"@type":"EntryPoint","urlTemplate":"https:\/\/lasentinelle.dz\/?s={search_term_string}"},"query-input":{"@type":"PropertyValueSpecification","valueRequired":true,"valueName":"search_term_string"}}],"inLanguage":"fr-FR"},{"@type":"Organization","@id":"https:\/\/lasentinelle.dz\/#organization","name":"Quotidien La Sentinelle","url":"https:\/\/lasentinelle.dz\/","logo":{"@type":"ImageObject","inLanguage":"fr-FR","@id":"https:\/\/lasentinelle.dz\/#\/schema\/logo\/image\/","url":"https:\/\/lasentinelle.dz\/wp-content\/uploads\/2021\/09\/logo-sentinelleSLOGAN-1.png","contentUrl":"https:\/\/lasentinelle.dz\/wp-content\/uploads\/2021\/09\/logo-sentinelleSLOGAN-1.png","width":615,"height":142,"caption":"Quotidien La Sentinelle"},"image":{"@id":"https:\/\/lasentinelle.dz\/#\/schema\/logo\/image\/"},"sameAs":["https:\/\/www.facebook.com\/La-Sentinelle-104059864394773"]},{"@type":"Person","@id":"https:\/\/lasentinelle.dz\/#\/schema\/person\/729ee0024f24e0b8c5ec17232f8e8b41","name":"admin","image":{"@type":"ImageObject","inLanguage":"fr-FR","@id":"https:\/\/secure.gravatar.com\/avatar\/4c81fed838786e9b53f540bf46533e750f5d292099ae3b66cfc6fb1982e29df7?s=96&d=mm&r=g","url":"https:\/\/secure.gravatar.com\/avatar\/4c81fed838786e9b53f540bf46533e750f5d292099ae3b66cfc6fb1982e29df7?s=96&d=mm&r=g","contentUrl":"https:\/\/secure.gravatar.com\/avatar\/4c81fed838786e9b53f540bf46533e750f5d292099ae3b66cfc6fb1982e29df7?s=96&d=mm&r=g","caption":"admin"},"description":"admin","url":"https:\/\/lasentinelle.dz\/author\/admin\/"}]}},"_links":{"self":[{"href":"https:\/\/lasentinelle.dz\/index.php\/wp-json\/wp\/v2\/posts\/57650","targetHints":{"allow":["GET"]}}],"collection":[{"href":"https:\/\/lasentinelle.dz\/index.php\/wp-json\/wp\/v2\/posts"}],"about":[{"href":"https:\/\/lasentinelle.dz\/index.php\/wp-json\/wp\/v2\/types\/post"}],"author":[{"embeddable":true,"href":"https:\/\/lasentinelle.dz\/index.php\/wp-json\/wp\/v2\/users\/6"}],"replies":[{"embeddable":true,"href":"https:\/\/lasentinelle.dz\/index.php\/wp-json\/wp\/v2\/comments?post=57650"}],"version-history":[{"count":2,"href":"https:\/\/lasentinelle.dz\/index.php\/wp-json\/wp\/v2\/posts\/57650\/revisions"}],"predecessor-version":[{"id":57652,"href":"https:\/\/lasentinelle.dz\/index.php\/wp-json\/wp\/v2\/posts\/57650\/revisions\/57652"}],"wp:featuredmedia":[{"embeddable":true,"href":"https:\/\/lasentinelle.dz\/index.php\/wp-json\/wp\/v2\/media\/57000"}],"wp:attachment":[{"href":"https:\/\/lasentinelle.dz\/index.php\/wp-json\/wp\/v2\/media?parent=57650"}],"wp:term":[{"taxonomy":"category","embeddable":true,"href":"https:\/\/lasentinelle.dz\/index.php\/wp-json\/wp\/v2\/categories?post=57650"},{"taxonomy":"post_tag","embeddable":true,"href":"https:\/\/lasentinelle.dz\/index.php\/wp-json\/wp\/v2\/tags?post=57650"}],"curies":[{"name":"wp","href":"https:\/\/api.w.org\/{rel}","templated":true}]}}