{"id":5767,"date":"2021-08-30T00:01:00","date_gmt":"2021-08-29T23:01:00","guid":{"rendered":"https:\/\/lasentinelle.dz\/?p=5767"},"modified":"2021-08-29T15:47:45","modified_gmt":"2021-08-29T14:47:45","slug":"constantine-collecte-de-plus-de-26-t-de-dechets-a-djebel-el-ouahch","status":"publish","type":"post","link":"https:\/\/lasentinelle.dz\/index.php\/2021\/08\/30\/constantine-collecte-de-plus-de-26-t-de-dechets-a-djebel-el-ouahch\/","title":{"rendered":"Constantine : Collecte de plus de 26 t de d\u00e9chets \u00e0 Djebel El Ouahch"},"content":{"rendered":"\n<p>Plus de 26 tonnes de d\u00e9chets m\u00e9nagers et inertes ont \u00e9t\u00e9 collect\u00e9es samedi lors d&rsquo;une vaste op\u00e9ration de nettoyage du lac n 4 dans la r\u00e9serve de Djebel El Ouahch, sur les hauteurs de Constantine.L&rsquo;op\u00e9ration, organis\u00e9e en coordination avec la direction locale de l&rsquo;Environnement et des entreprises sp\u00e9cialis\u00e9es dans le nettoiement et la collecte des d\u00e9chets, a permis la collecte de plus de 26 tonnes de d\u00e9chets m\u00e9nagers l\u00e9gers et inertes, a indiqu\u00e9 \u00e0 l&rsquo;APS le charg\u00e9 de l&rsquo;information et de la communication \u00e0 la Conservation des For\u00eats, l&rsquo;inspecteur en chef Ali Zegrour.<\/p>\n\n\n\n<p>Inscrite dans le cadre des sorties de terrain de la Conservation des forets organis\u00e9e chaque samedi, elle vise \u00e0 nettoyer le lac ass\u00e9ch\u00e9 des divers d\u00e9chets, en pr\u00e9vision des orages de la saison automnale et les pluies hivernales, p\u00e9riode \u00e0 laquelle le lac pourra se revitaliser.La m\u00eame source a indiqu\u00e9 que la Conservation des forets a r\u00e9cemment proc\u00e9d\u00e9 \u00e0 un grand nettoyage de la for\u00eat Haj Baba, au 13 eme km dans la commune d&rsquo;Ain S&rsquo;mara, o\u00f9 30 tonnes de d\u00e9chets m\u00e9nagers et inertes ont \u00e9t\u00e9 collect\u00e9es.<\/p>\n\n\n\n<p>Cette d\u00e9marche vise \u00e9galement \u00e0 pr\u00e9server le couvert v\u00e9g\u00e9tal et les espaces verts, et contribue \u00e0 assurer la propret\u00e9 des berges de ce grand lac, a-t-on ajout\u00e9, relevant que l&rsquo;initiative a \u00e9t\u00e9 lanc\u00e9e en coordination avec les repr\u00e9sentants de 6 associations, dont certaines activant dans le domaine de la protection de l&rsquo;environnement.De son c\u00f4t\u00e9, le directeur local par int\u00e9rim de l&rsquo;Environnement, Salim Grine, a expliqu\u00e9 que le nettoyage de ce lac est \u00ab\u00a0n\u00e9cessaire compte tenu de la valeur touristique de cette zone, qui est une destination de pr\u00e9dilection pour de nombreux habitants de la wilaya de Constantine\u00a0\u00bb, en plus de son importance \u00e9cologique de par sa biodiversit\u00e9, d&rsquo;autant que cette r\u00e9serve occupe environ 50 hectares, au sein d&rsquo;une for\u00eat de plus de 500 hectares contenant environ 48 esp\u00e8ces de plantes.Le pr\u00e9sident de l&rsquo;association pour la protection de la nature et de l&rsquo;environnement (APNE), Abdelmadjid Sebih, a soulign\u00e9, pour sa part, la n\u00e9cessit\u00e9 de r\u00e9server des espaces aux familles qui visitent ce site forestier pour mieux le prot\u00e9ger, rappelant que le site est consid\u00e9r\u00e9 comme le poumon de Constantine.<\/p>\n\n\n\n<p>APS<\/p>\n","protected":false},"excerpt":{"rendered":"<p>Plus de 26 tonnes de d\u00e9chets m\u00e9nagers et inertes ont \u00e9t\u00e9 collect\u00e9es samedi lors d&rsquo;une vaste op\u00e9ration de nettoyage du<\/p>\n","protected":false},"author":3,"featured_media":5769,"comment_status":"open","ping_status":"closed","sticky":false,"template":"","format":"standard","meta":{"colormag_page_container_layout":"default_layout","colormag_page_sidebar_layout":"default_layout","om_disable_all_campaigns":false,"_monsterinsights_skip_tracking":false,"_monsterinsights_sitenote_active":false,"_monsterinsights_sitenote_note":"","_monsterinsights_sitenote_category":0,"footnotes":"","_wpscppro_dont_share_socialmedia":false,"_wpscppro_custom_social_share_image":0,"_facebook_share_type":"","_twitter_share_type":"","_linkedin_share_type":"","_pinterest_share_type":"","_linkedin_share_type_page":"","_instagram_share_type":"","_medium_share_type":"","_threads_share_type":"","_google_business_share_type":"","_selected_social_profile":[],"_wpsp_enable_custom_social_template":false,"_wpsp_social_scheduling":{"enabled":false,"datetime":null,"platforms":[],"status":"template_only","dateOption":"today","timeOption":"now","customDays":"","customHours":"","customDate":"","customTime":"","schedulingType":"absolute"},"_wpsp_active_default_template":true},"categories":[31],"tags":[],"class_list":["post-5767","post","type-post","status-publish","format-standard","has-post-thumbnail","hentry","category-regions"],"aioseo_notices":[],"yoast_head":"<!-- This site is optimized with the Yoast SEO plugin v27.5 - https:\/\/yoast.com\/product\/yoast-seo-wordpress\/ -->\n<title>Constantine : Collecte de plus de 26 t de d\u00e9chets \u00e0 Djebel El Ouahch - La Sentinelle<\/title>\n<meta name=\"robots\" content=\"index, follow, max-snippet:-1, max-image-preview:large, max-video-preview:-1\" \/>\n<link rel=\"canonical\" href=\"https:\/\/lasentinelle.dz\/index.php\/2021\/08\/30\/constantine-collecte-de-plus-de-26-t-de-dechets-a-djebel-el-ouahch\/\" \/>\n<meta property=\"og:locale\" content=\"fr_FR\" \/>\n<meta property=\"og:type\" content=\"article\" \/>\n<meta property=\"og:title\" content=\"Constantine : Collecte de plus de 26 t de d\u00e9chets \u00e0 Djebel El Ouahch - La Sentinelle\" \/>\n<meta property=\"og:description\" content=\"Plus de 26 tonnes de d\u00e9chets m\u00e9nagers et inertes ont \u00e9t\u00e9 collect\u00e9es samedi lors d&rsquo;une vaste op\u00e9ration de nettoyage du\" \/>\n<meta property=\"og:url\" content=\"https:\/\/lasentinelle.dz\/index.php\/2021\/08\/30\/constantine-collecte-de-plus-de-26-t-de-dechets-a-djebel-el-ouahch\/\" \/>\n<meta property=\"og:site_name\" content=\"La Sentinelle\" \/>\n<meta property=\"article:publisher\" content=\"https:\/\/www.facebook.com\/La-Sentinelle-104059864394773\" \/>\n<meta property=\"article:published_time\" content=\"2021-08-29T23:01:00+00:00\" \/>\n<meta property=\"og:image\" content=\"https:\/\/lasentinelle.dz\/wp-content\/uploads\/2021\/08\/image_2021-08-29_154727.png\" \/>\n\t<meta property=\"og:image:width\" content=\"1200\" \/>\n\t<meta property=\"og:image:height\" content=\"675\" \/>\n\t<meta property=\"og:image:type\" content=\"image\/png\" \/>\n<meta name=\"author\" content=\"La Sentinelle\" \/>\n<meta name=\"twitter:card\" content=\"summary_large_image\" \/>\n<meta name=\"twitter:label1\" content=\"\u00c9crit par\" \/>\n\t<meta name=\"twitter:data1\" content=\"La Sentinelle\" \/>\n\t<meta name=\"twitter:label2\" content=\"Dur\u00e9e de lecture estim\u00e9e\" \/>\n\t<meta name=\"twitter:data2\" content=\"2 minutes\" \/>\n<script type=\"application\/ld+json\" class=\"yoast-schema-graph\">{\"@context\":\"https:\\\/\\\/schema.org\",\"@graph\":[{\"@type\":\"Article\",\"@id\":\"https:\\\/\\\/lasentinelle.dz\\\/index.php\\\/2021\\\/08\\\/30\\\/constantine-collecte-de-plus-de-26-t-de-dechets-a-djebel-el-ouahch\\\/#article\",\"isPartOf\":{\"@id\":\"https:\\\/\\\/lasentinelle.dz\\\/index.php\\\/2021\\\/08\\\/30\\\/constantine-collecte-de-plus-de-26-t-de-dechets-a-djebel-el-ouahch\\\/\"},\"author\":{\"name\":\"La Sentinelle\",\"@id\":\"https:\\\/\\\/lasentinelle.dz\\\/#\\\/schema\\\/person\\\/d865044e22e70a75174ce8bcad3acfb3\"},\"headline\":\"Constantine : Collecte de plus de 26 t de d\u00e9chets \u00e0 Djebel El Ouahch\",\"datePublished\":\"2021-08-29T23:01:00+00:00\",\"mainEntityOfPage\":{\"@id\":\"https:\\\/\\\/lasentinelle.dz\\\/index.php\\\/2021\\\/08\\\/30\\\/constantine-collecte-de-plus-de-26-t-de-dechets-a-djebel-el-ouahch\\\/\"},\"wordCount\":418,\"commentCount\":0,\"publisher\":{\"@id\":\"https:\\\/\\\/lasentinelle.dz\\\/#organization\"},\"image\":{\"@id\":\"https:\\\/\\\/lasentinelle.dz\\\/index.php\\\/2021\\\/08\\\/30\\\/constantine-collecte-de-plus-de-26-t-de-dechets-a-djebel-el-ouahch\\\/#primaryimage\"},\"thumbnailUrl\":\"https:\\\/\\\/lasentinelle.dz\\\/wp-content\\\/uploads\\\/2021\\\/08\\\/image_2021-08-29_154727.png\",\"articleSection\":[\"R\u00e9gions\"],\"inLanguage\":\"fr-FR\",\"potentialAction\":[{\"@type\":\"CommentAction\",\"name\":\"Comment\",\"target\":[\"https:\\\/\\\/lasentinelle.dz\\\/index.php\\\/2021\\\/08\\\/30\\\/constantine-collecte-de-plus-de-26-t-de-dechets-a-djebel-el-ouahch\\\/#respond\"]}]},{\"@type\":\"WebPage\",\"@id\":\"https:\\\/\\\/lasentinelle.dz\\\/index.php\\\/2021\\\/08\\\/30\\\/constantine-collecte-de-plus-de-26-t-de-dechets-a-djebel-el-ouahch\\\/\",\"url\":\"https:\\\/\\\/lasentinelle.dz\\\/index.php\\\/2021\\\/08\\\/30\\\/constantine-collecte-de-plus-de-26-t-de-dechets-a-djebel-el-ouahch\\\/\",\"name\":\"Constantine : Collecte de plus de 26 t de d\u00e9chets \u00e0 Djebel El Ouahch - La Sentinelle\",\"isPartOf\":{\"@id\":\"https:\\\/\\\/lasentinelle.dz\\\/#website\"},\"primaryImageOfPage\":{\"@id\":\"https:\\\/\\\/lasentinelle.dz\\\/index.php\\\/2021\\\/08\\\/30\\\/constantine-collecte-de-plus-de-26-t-de-dechets-a-djebel-el-ouahch\\\/#primaryimage\"},\"image\":{\"@id\":\"https:\\\/\\\/lasentinelle.dz\\\/index.php\\\/2021\\\/08\\\/30\\\/constantine-collecte-de-plus-de-26-t-de-dechets-a-djebel-el-ouahch\\\/#primaryimage\"},\"thumbnailUrl\":\"https:\\\/\\\/lasentinelle.dz\\\/wp-content\\\/uploads\\\/2021\\\/08\\\/image_2021-08-29_154727.png\",\"datePublished\":\"2021-08-29T23:01:00+00:00\",\"breadcrumb\":{\"@id\":\"https:\\\/\\\/lasentinelle.dz\\\/index.php\\\/2021\\\/08\\\/30\\\/constantine-collecte-de-plus-de-26-t-de-dechets-a-djebel-el-ouahch\\\/#breadcrumb\"},\"inLanguage\":\"fr-FR\",\"potentialAction\":[{\"@type\":\"ReadAction\",\"target\":[\"https:\\\/\\\/lasentinelle.dz\\\/index.php\\\/2021\\\/08\\\/30\\\/constantine-collecte-de-plus-de-26-t-de-dechets-a-djebel-el-ouahch\\\/\"]}]},{\"@type\":\"ImageObject\",\"inLanguage\":\"fr-FR\",\"@id\":\"https:\\\/\\\/lasentinelle.dz\\\/index.php\\\/2021\\\/08\\\/30\\\/constantine-collecte-de-plus-de-26-t-de-dechets-a-djebel-el-ouahch\\\/#primaryimage\",\"url\":\"https:\\\/\\\/lasentinelle.dz\\\/wp-content\\\/uploads\\\/2021\\\/08\\\/image_2021-08-29_154727.png\",\"contentUrl\":\"https:\\\/\\\/lasentinelle.dz\\\/wp-content\\\/uploads\\\/2021\\\/08\\\/image_2021-08-29_154727.png\",\"width\":1200,\"height\":675},{\"@type\":\"BreadcrumbList\",\"@id\":\"https:\\\/\\\/lasentinelle.dz\\\/index.php\\\/2021\\\/08\\\/30\\\/constantine-collecte-de-plus-de-26-t-de-dechets-a-djebel-el-ouahch\\\/#breadcrumb\",\"itemListElement\":[{\"@type\":\"ListItem\",\"position\":1,\"name\":\"Accueil\",\"item\":\"https:\\\/\\\/lasentinelle.dz\\\/\"},{\"@type\":\"ListItem\",\"position\":2,\"name\":\"Constantine : Collecte de plus de 26 t de d\u00e9chets \u00e0 Djebel El Ouahch\"}]},{\"@type\":\"WebSite\",\"@id\":\"https:\\\/\\\/lasentinelle.dz\\\/#website\",\"url\":\"https:\\\/\\\/lasentinelle.dz\\\/\",\"name\":\"La Sentinelle\",\"description\":\"Quotidien national d&#039;information\",\"publisher\":{\"@id\":\"https:\\\/\\\/lasentinelle.dz\\\/#organization\"},\"potentialAction\":[{\"@type\":\"SearchAction\",\"target\":{\"@type\":\"EntryPoint\",\"urlTemplate\":\"https:\\\/\\\/lasentinelle.dz\\\/?s={search_term_string}\"},\"query-input\":{\"@type\":\"PropertyValueSpecification\",\"valueRequired\":true,\"valueName\":\"search_term_string\"}}],\"inLanguage\":\"fr-FR\"},{\"@type\":\"Organization\",\"@id\":\"https:\\\/\\\/lasentinelle.dz\\\/#organization\",\"name\":\"Quotidien La Sentinelle\",\"url\":\"https:\\\/\\\/lasentinelle.dz\\\/\",\"logo\":{\"@type\":\"ImageObject\",\"inLanguage\":\"fr-FR\",\"@id\":\"https:\\\/\\\/lasentinelle.dz\\\/#\\\/schema\\\/logo\\\/image\\\/\",\"url\":\"https:\\\/\\\/lasentinelle.dz\\\/wp-content\\\/uploads\\\/2021\\\/09\\\/logo-sentinelleSLOGAN-1.png\",\"contentUrl\":\"https:\\\/\\\/lasentinelle.dz\\\/wp-content\\\/uploads\\\/2021\\\/09\\\/logo-sentinelleSLOGAN-1.png\",\"width\":615,\"height\":142,\"caption\":\"Quotidien La Sentinelle\"},\"image\":{\"@id\":\"https:\\\/\\\/lasentinelle.dz\\\/#\\\/schema\\\/logo\\\/image\\\/\"},\"sameAs\":[\"https:\\\/\\\/www.facebook.com\\\/La-Sentinelle-104059864394773\"]},{\"@type\":\"Person\",\"@id\":\"https:\\\/\\\/lasentinelle.dz\\\/#\\\/schema\\\/person\\\/d865044e22e70a75174ce8bcad3acfb3\",\"name\":\"La Sentinelle\",\"image\":{\"@type\":\"ImageObject\",\"inLanguage\":\"fr-FR\",\"@id\":\"https:\\\/\\\/secure.gravatar.com\\\/avatar\\\/57de8e5d4b15d43fb361a71fbb36338450fe67865b528a43dd10ef7c51a20392?s=96&d=mm&r=g\",\"url\":\"https:\\\/\\\/secure.gravatar.com\\\/avatar\\\/57de8e5d4b15d43fb361a71fbb36338450fe67865b528a43dd10ef7c51a20392?s=96&d=mm&r=g\",\"contentUrl\":\"https:\\\/\\\/secure.gravatar.com\\\/avatar\\\/57de8e5d4b15d43fb361a71fbb36338450fe67865b528a43dd10ef7c51a20392?s=96&d=mm&r=g\",\"caption\":\"La Sentinelle\"},\"sameAs\":[\"http:\\\/\\\/www.lasentinelle.dz\"],\"url\":\"https:\\\/\\\/lasentinelle.dz\\\/author\\\/redaction\\\/\"}]}<\/script>\n<!-- \/ Yoast SEO plugin. -->","yoast_head_json":{"title":"Constantine : Collecte de plus de 26 t de d\u00e9chets \u00e0 Djebel El Ouahch - La Sentinelle","robots":{"index":"index","follow":"follow","max-snippet":"max-snippet:-1","max-image-preview":"max-image-preview:large","max-video-preview":"max-video-preview:-1"},"canonical":"https:\/\/lasentinelle.dz\/index.php\/2021\/08\/30\/constantine-collecte-de-plus-de-26-t-de-dechets-a-djebel-el-ouahch\/","og_locale":"fr_FR","og_type":"article","og_title":"Constantine : Collecte de plus de 26 t de d\u00e9chets \u00e0 Djebel El Ouahch - La Sentinelle","og_description":"Plus de 26 tonnes de d\u00e9chets m\u00e9nagers et inertes ont \u00e9t\u00e9 collect\u00e9es samedi lors d&rsquo;une vaste op\u00e9ration de nettoyage du","og_url":"https:\/\/lasentinelle.dz\/index.php\/2021\/08\/30\/constantine-collecte-de-plus-de-26-t-de-dechets-a-djebel-el-ouahch\/","og_site_name":"La Sentinelle","article_publisher":"https:\/\/www.facebook.com\/La-Sentinelle-104059864394773","article_published_time":"2021-08-29T23:01:00+00:00","og_image":[{"width":1200,"height":675,"url":"https:\/\/lasentinelle.dz\/wp-content\/uploads\/2021\/08\/image_2021-08-29_154727.png","type":"image\/png"}],"author":"La Sentinelle","twitter_card":"summary_large_image","twitter_misc":{"\u00c9crit par":"La Sentinelle","Dur\u00e9e de lecture estim\u00e9e":"2 minutes"},"schema":{"@context":"https:\/\/schema.org","@graph":[{"@type":"Article","@id":"https:\/\/lasentinelle.dz\/index.php\/2021\/08\/30\/constantine-collecte-de-plus-de-26-t-de-dechets-a-djebel-el-ouahch\/#article","isPartOf":{"@id":"https:\/\/lasentinelle.dz\/index.php\/2021\/08\/30\/constantine-collecte-de-plus-de-26-t-de-dechets-a-djebel-el-ouahch\/"},"author":{"name":"La Sentinelle","@id":"https:\/\/lasentinelle.dz\/#\/schema\/person\/d865044e22e70a75174ce8bcad3acfb3"},"headline":"Constantine : Collecte de plus de 26 t de d\u00e9chets \u00e0 Djebel El Ouahch","datePublished":"2021-08-29T23:01:00+00:00","mainEntityOfPage":{"@id":"https:\/\/lasentinelle.dz\/index.php\/2021\/08\/30\/constantine-collecte-de-plus-de-26-t-de-dechets-a-djebel-el-ouahch\/"},"wordCount":418,"commentCount":0,"publisher":{"@id":"https:\/\/lasentinelle.dz\/#organization"},"image":{"@id":"https:\/\/lasentinelle.dz\/index.php\/2021\/08\/30\/constantine-collecte-de-plus-de-26-t-de-dechets-a-djebel-el-ouahch\/#primaryimage"},"thumbnailUrl":"https:\/\/lasentinelle.dz\/wp-content\/uploads\/2021\/08\/image_2021-08-29_154727.png","articleSection":["R\u00e9gions"],"inLanguage":"fr-FR","potentialAction":[{"@type":"CommentAction","name":"Comment","target":["https:\/\/lasentinelle.dz\/index.php\/2021\/08\/30\/constantine-collecte-de-plus-de-26-t-de-dechets-a-djebel-el-ouahch\/#respond"]}]},{"@type":"WebPage","@id":"https:\/\/lasentinelle.dz\/index.php\/2021\/08\/30\/constantine-collecte-de-plus-de-26-t-de-dechets-a-djebel-el-ouahch\/","url":"https:\/\/lasentinelle.dz\/index.php\/2021\/08\/30\/constantine-collecte-de-plus-de-26-t-de-dechets-a-djebel-el-ouahch\/","name":"Constantine : Collecte de plus de 26 t de d\u00e9chets \u00e0 Djebel El Ouahch - La Sentinelle","isPartOf":{"@id":"https:\/\/lasentinelle.dz\/#website"},"primaryImageOfPage":{"@id":"https:\/\/lasentinelle.dz\/index.php\/2021\/08\/30\/constantine-collecte-de-plus-de-26-t-de-dechets-a-djebel-el-ouahch\/#primaryimage"},"image":{"@id":"https:\/\/lasentinelle.dz\/index.php\/2021\/08\/30\/constantine-collecte-de-plus-de-26-t-de-dechets-a-djebel-el-ouahch\/#primaryimage"},"thumbnailUrl":"https:\/\/lasentinelle.dz\/wp-content\/uploads\/2021\/08\/image_2021-08-29_154727.png","datePublished":"2021-08-29T23:01:00+00:00","breadcrumb":{"@id":"https:\/\/lasentinelle.dz\/index.php\/2021\/08\/30\/constantine-collecte-de-plus-de-26-t-de-dechets-a-djebel-el-ouahch\/#breadcrumb"},"inLanguage":"fr-FR","potentialAction":[{"@type":"ReadAction","target":["https:\/\/lasentinelle.dz\/index.php\/2021\/08\/30\/constantine-collecte-de-plus-de-26-t-de-dechets-a-djebel-el-ouahch\/"]}]},{"@type":"ImageObject","inLanguage":"fr-FR","@id":"https:\/\/lasentinelle.dz\/index.php\/2021\/08\/30\/constantine-collecte-de-plus-de-26-t-de-dechets-a-djebel-el-ouahch\/#primaryimage","url":"https:\/\/lasentinelle.dz\/wp-content\/uploads\/2021\/08\/image_2021-08-29_154727.png","contentUrl":"https:\/\/lasentinelle.dz\/wp-content\/uploads\/2021\/08\/image_2021-08-29_154727.png","width":1200,"height":675},{"@type":"BreadcrumbList","@id":"https:\/\/lasentinelle.dz\/index.php\/2021\/08\/30\/constantine-collecte-de-plus-de-26-t-de-dechets-a-djebel-el-ouahch\/#breadcrumb","itemListElement":[{"@type":"ListItem","position":1,"name":"Accueil","item":"https:\/\/lasentinelle.dz\/"},{"@type":"ListItem","position":2,"name":"Constantine : Collecte de plus de 26 t de d\u00e9chets \u00e0 Djebel El Ouahch"}]},{"@type":"WebSite","@id":"https:\/\/lasentinelle.dz\/#website","url":"https:\/\/lasentinelle.dz\/","name":"La Sentinelle","description":"Quotidien national d&#039;information","publisher":{"@id":"https:\/\/lasentinelle.dz\/#organization"},"potentialAction":[{"@type":"SearchAction","target":{"@type":"EntryPoint","urlTemplate":"https:\/\/lasentinelle.dz\/?s={search_term_string}"},"query-input":{"@type":"PropertyValueSpecification","valueRequired":true,"valueName":"search_term_string"}}],"inLanguage":"fr-FR"},{"@type":"Organization","@id":"https:\/\/lasentinelle.dz\/#organization","name":"Quotidien La Sentinelle","url":"https:\/\/lasentinelle.dz\/","logo":{"@type":"ImageObject","inLanguage":"fr-FR","@id":"https:\/\/lasentinelle.dz\/#\/schema\/logo\/image\/","url":"https:\/\/lasentinelle.dz\/wp-content\/uploads\/2021\/09\/logo-sentinelleSLOGAN-1.png","contentUrl":"https:\/\/lasentinelle.dz\/wp-content\/uploads\/2021\/09\/logo-sentinelleSLOGAN-1.png","width":615,"height":142,"caption":"Quotidien La Sentinelle"},"image":{"@id":"https:\/\/lasentinelle.dz\/#\/schema\/logo\/image\/"},"sameAs":["https:\/\/www.facebook.com\/La-Sentinelle-104059864394773"]},{"@type":"Person","@id":"https:\/\/lasentinelle.dz\/#\/schema\/person\/d865044e22e70a75174ce8bcad3acfb3","name":"La Sentinelle","image":{"@type":"ImageObject","inLanguage":"fr-FR","@id":"https:\/\/secure.gravatar.com\/avatar\/57de8e5d4b15d43fb361a71fbb36338450fe67865b528a43dd10ef7c51a20392?s=96&d=mm&r=g","url":"https:\/\/secure.gravatar.com\/avatar\/57de8e5d4b15d43fb361a71fbb36338450fe67865b528a43dd10ef7c51a20392?s=96&d=mm&r=g","contentUrl":"https:\/\/secure.gravatar.com\/avatar\/57de8e5d4b15d43fb361a71fbb36338450fe67865b528a43dd10ef7c51a20392?s=96&d=mm&r=g","caption":"La Sentinelle"},"sameAs":["http:\/\/www.lasentinelle.dz"],"url":"https:\/\/lasentinelle.dz\/author\/redaction\/"}]}},"_links":{"self":[{"href":"https:\/\/lasentinelle.dz\/index.php\/wp-json\/wp\/v2\/posts\/5767","targetHints":{"allow":["GET"]}}],"collection":[{"href":"https:\/\/lasentinelle.dz\/index.php\/wp-json\/wp\/v2\/posts"}],"about":[{"href":"https:\/\/lasentinelle.dz\/index.php\/wp-json\/wp\/v2\/types\/post"}],"author":[{"embeddable":true,"href":"https:\/\/lasentinelle.dz\/index.php\/wp-json\/wp\/v2\/users\/3"}],"replies":[{"embeddable":true,"href":"https:\/\/lasentinelle.dz\/index.php\/wp-json\/wp\/v2\/comments?post=5767"}],"version-history":[{"count":1,"href":"https:\/\/lasentinelle.dz\/index.php\/wp-json\/wp\/v2\/posts\/5767\/revisions"}],"predecessor-version":[{"id":5770,"href":"https:\/\/lasentinelle.dz\/index.php\/wp-json\/wp\/v2\/posts\/5767\/revisions\/5770"}],"wp:featuredmedia":[{"embeddable":true,"href":"https:\/\/lasentinelle.dz\/index.php\/wp-json\/wp\/v2\/media\/5769"}],"wp:attachment":[{"href":"https:\/\/lasentinelle.dz\/index.php\/wp-json\/wp\/v2\/media?parent=5767"}],"wp:term":[{"taxonomy":"category","embeddable":true,"href":"https:\/\/lasentinelle.dz\/index.php\/wp-json\/wp\/v2\/categories?post=5767"},{"taxonomy":"post_tag","embeddable":true,"href":"https:\/\/lasentinelle.dz\/index.php\/wp-json\/wp\/v2\/tags?post=5767"}],"curies":[{"name":"wp","href":"https:\/\/api.w.org\/{rel}","templated":true}]}}