{"id":57680,"date":"2024-10-01T11:31:49","date_gmt":"2024-10-01T10:31:49","guid":{"rendered":"https:\/\/lasentinelle.dz\/?p=57680"},"modified":"2024-10-01T11:31:50","modified_gmt":"2024-10-01T10:31:50","slug":"un-colloque-organise-par-luniversite-dannaba-les-startups-au-coeur-de-la-diversification-economique","status":"publish","type":"post","link":"https:\/\/lasentinelle.dz\/index.php\/2024\/10\/01\/un-colloque-organise-par-luniversite-dannaba-les-startups-au-coeur-de-la-diversification-economique\/","title":{"rendered":"Un colloque organis\u00e9 par l&rsquo;universit\u00e9 d&rsquo;Annaba\u00a0: Les startups au c\u0153ur de la diversification \u00e9conomique"},"content":{"rendered":"\n<p>L&rsquo;universit\u00e9 d&rsquo;Annaba a abrit\u00e9 un colloque d\u00e9di\u00e9 aux m\u00e9canismes de d\u00e9veloppement des startups en Alg\u00e9rie et l&rsquo;\u00e9tendue de leurs interactions avec les grandes entreprises et le syst\u00e8me \u00e9conomique.<\/p>\n\n\n\n<p>Organis\u00e9e hier par l&rsquo;universit\u00e9 Badji Mokhtar d&rsquo;Annaba (UBMA), l&rsquo;\u00e9v\u00e8nement a plac\u00e9 les \u00a0\u00bbstartups au c\u0153ur du pari de la diversification \u00e9conomique\u00a0\u00bb. Ainsi, la facult\u00e9 des sciences \u00e9conomiques, commerciales et des sciences de gestion de l&rsquo;universit\u00e9 Badji Mokhtar d&rsquo;Annaba (UBMA) a accueilli ce colloque scientifique national, dont l&rsquo;objectif est de clarifier le terme \u00a0\u00bbstartup\u00a0\u00bb, \u00e0 travers la pr\u00e9sentation d&rsquo;une s\u00e9rie de concepts. Ces derniers permettent d&rsquo;identifier la nature et les caract\u00e9ristiques de ce type d&rsquo;entreprises, tout en soulignant les diff\u00e9rences entre une startup et les petites et moyennes entreprises (PME), soit sur le plan de l&rsquo;innovation et du financement ou sur le plan des objectifs. Au-del\u00e0, la rencontre vise \u00e9galement de mettre en lumi\u00e8re de la nature des startups en Alg\u00e9rie ainsi que les d\u00e9fis auxquels elles sont confront\u00e9es. Lors de ce colloque national, il a \u00e9t\u00e9 soulign\u00e9 le r\u00f4le fondamental que jouent les universit\u00e9s alg\u00e9riennes dans l&rsquo;encadrement des porteurs de projets innovants. Pour atteindre ces objectifs, les intervenants ont propos\u00e9 un riche contenu, dont les nombreuses interventions ont eu trait \u00e0 plusieurs axes en lien avec la th\u00e9matique du colloque. Gr\u00e2ce \u00e0 la contribution d&rsquo;un panel d&rsquo;enseignants universitaires et d&rsquo;acteurs de l&rsquo;\u00e9cosyst\u00e8me des startups, diverses th\u00e8mes ont \u00e9t\u00e9 soulev\u00e9s. Parmi les axes abord\u00e9s, on retient le contexte th\u00e9orique de la notion de startup, sa d\u00e9finition, ses caract\u00e9ristiques, ses objectifs, ses exigences, les phases initiales de sa cr\u00e9ation ainsi que ses modalit\u00e9s de financement. Autre volet \u00e9galement d\u00e9battu et pas des moindres, celui relatif au syst\u00e8me \u00e9conomique et juridique des startups en Alg\u00e9rie, ainsi que les m\u00e9canismes et les cl\u00e9s de leur r\u00e9ussite dans le pays. L&rsquo;ordre du jour des travaux de cette rencontre nationale a aussi abord\u00e9 les nouvelles mesures pour le d\u00e9veloppement des startups en Alg\u00e9rie. Au titre de ce segment, les obstacles les plus courants auxquels les startups sont confront\u00e9es ont \u00e9t\u00e9 \u00e9galement soulev\u00e9es. Les participants \u00e0 cet \u00e9v\u00e9nement, qui a enregistr\u00e9 une tr\u00e8s forte assistance, n&rsquo;ont pas omis d&rsquo;\u00e9voquer et surtout de mettre en relief le r\u00f4le des universit\u00e9s alg\u00e9riennes dans l&rsquo;encadrement des porteurs de projets innovants ainsi que les proc\u00e9dures de gestion des startups. Plusieurs exp\u00e9riences d&rsquo;investissements r\u00e9ussies dans les startups ont \u00e9t\u00e9 cit\u00e9es en exemples, une mani\u00e8re d&rsquo;encourager tout porteur de projet innovant de s&rsquo;engager en tant que startup. Les intervenants ont soulign\u00e9, \u00e0 l&rsquo;unanimit\u00e9, que l&rsquo;\u00c9tat accorde un int\u00e9r\u00eat particulier aux startups en leur assurant tous les moyens n\u00e9cessaires pour int\u00e9grer l&rsquo;environnement \u00e9conomique dans le pays. Ce qui explique la pr\u00e9sence remarqu\u00e9e des \u00e9tudiants, notamment ceux porteurs de projets pour qui ce colloque national \u00e9tait un espace \u00e0 m\u00eame de procurer des opportunit\u00e9s leur permettant de d\u00e9couvrir l&rsquo;environnement \u00e9conomique, de comprendre les m\u00e9canismes du fonctionnement des startups, et surtout d&rsquo;\u00eatre en contact direct avec des experts du domaine. Les d\u00e9bats ont pu procurer, un tant soit peu, les r\u00e9ponses aux questions soulev\u00e9es, notamment sur, entre autres, les modalit\u00e9s de financement des startups. Au terme de cette rencontre nationale, plusieurs recommandations ont \u00e9t\u00e9 formul\u00e9es par les participants, dont en particulier la cr\u00e9ation d&rsquo;un incubateur d&rsquo;id\u00e9es charg\u00e9 de d\u00e9couvrir de jeunes talents, de les accompagner et de les d\u00e9velopper jusqu&rsquo;\u00e0 ce que leurs id\u00e9es soient d\u00e9velopp\u00e9es en projets innovants. Il a \u00e9t\u00e9 \u00e9galement recommand\u00e9 la r\u00e9vision du cadre juridique des startups en Alg\u00e9rie et l&rsquo;analyse des textes l\u00e9gislatifs actuels ayant un impact sur la cr\u00e9ation et le fonctionnement des startups.<\/p>\n\n\n\n<p><strong>Sofia Chahine<\/strong><\/p>\n","protected":false},"excerpt":{"rendered":"<p>L&rsquo;universit\u00e9 d&rsquo;Annaba a abrit\u00e9 un colloque d\u00e9di\u00e9 aux m\u00e9canismes de d\u00e9veloppement des startups en Alg\u00e9rie et l&rsquo;\u00e9tendue de leurs interactions<\/p>\n","protected":false},"author":6,"featured_media":10678,"comment_status":"open","ping_status":"closed","sticky":false,"template":"","format":"standard","meta":{"colormag_page_container_layout":"default_layout","colormag_page_sidebar_layout":"default_layout","om_disable_all_campaigns":false,"_monsterinsights_skip_tracking":false,"_monsterinsights_sitenote_active":false,"_monsterinsights_sitenote_note":"","_monsterinsights_sitenote_category":0,"footnotes":"","_wpscppro_dont_share_socialmedia":false,"_wpscppro_custom_social_share_image":0,"_facebook_share_type":"default","_twitter_share_type":"default","_linkedin_share_type":"default","_pinterest_share_type":"default","_linkedin_share_type_page":"","_instagram_share_type":"default","_medium_share_type":"","_threads_share_type":"","_google_business_share_type":"","_selected_social_profile":[],"_wpsp_enable_custom_social_template":false,"_wpsp_social_scheduling":{"enabled":false,"datetime":null,"platforms":[],"status":"template_only","dateOption":"today","timeOption":"now","customDays":"","customHours":"","customDate":"","customTime":"","schedulingType":"absolute"},"_wpsp_active_default_template":true},"categories":[31],"tags":[],"class_list":["post-57680","post","type-post","status-publish","format-standard","has-post-thumbnail","hentry","category-regions"],"aioseo_notices":[],"yoast_head":"<!-- This site is optimized with the Yoast SEO plugin v27.5 - https:\/\/yoast.com\/product\/yoast-seo-wordpress\/ -->\n<title>Un colloque organis\u00e9 par l&rsquo;universit\u00e9 d&rsquo;Annaba\u00a0: Les startups au c\u0153ur de la diversification \u00e9conomique - La Sentinelle<\/title>\n<meta name=\"robots\" content=\"index, follow, max-snippet:-1, max-image-preview:large, max-video-preview:-1\" \/>\n<link rel=\"canonical\" href=\"https:\/\/lasentinelle.dz\/index.php\/2024\/10\/01\/un-colloque-organise-par-luniversite-dannaba-les-startups-au-coeur-de-la-diversification-economique\/\" \/>\n<meta property=\"og:locale\" content=\"fr_FR\" \/>\n<meta property=\"og:type\" content=\"article\" \/>\n<meta property=\"og:title\" content=\"Un colloque organis\u00e9 par l&rsquo;universit\u00e9 d&rsquo;Annaba\u00a0: Les startups au c\u0153ur de la diversification \u00e9conomique - La Sentinelle\" \/>\n<meta property=\"og:description\" content=\"L&rsquo;universit\u00e9 d&rsquo;Annaba a abrit\u00e9 un colloque d\u00e9di\u00e9 aux m\u00e9canismes de d\u00e9veloppement des startups en Alg\u00e9rie et l&rsquo;\u00e9tendue de leurs interactions\" \/>\n<meta property=\"og:url\" content=\"https:\/\/lasentinelle.dz\/index.php\/2024\/10\/01\/un-colloque-organise-par-luniversite-dannaba-les-startups-au-coeur-de-la-diversification-economique\/\" \/>\n<meta property=\"og:site_name\" content=\"La Sentinelle\" \/>\n<meta property=\"article:publisher\" content=\"https:\/\/www.facebook.com\/La-Sentinelle-104059864394773\" \/>\n<meta property=\"article:published_time\" content=\"2024-10-01T10:31:49+00:00\" \/>\n<meta property=\"article:modified_time\" content=\"2024-10-01T10:31:50+00:00\" \/>\n<meta property=\"og:image\" content=\"https:\/\/lasentinelle.dz\/wp-content\/uploads\/2021\/10\/startups.jpeg\" \/>\n\t<meta property=\"og:image:width\" content=\"512\" \/>\n\t<meta property=\"og:image:height\" content=\"341\" \/>\n\t<meta property=\"og:image:type\" content=\"image\/jpeg\" \/>\n<meta name=\"author\" content=\"admin\" \/>\n<meta name=\"twitter:card\" content=\"summary_large_image\" \/>\n<meta name=\"twitter:label1\" content=\"\u00c9crit par\" \/>\n\t<meta name=\"twitter:data1\" content=\"admin\" \/>\n\t<meta name=\"twitter:label2\" content=\"Dur\u00e9e de lecture estim\u00e9e\" \/>\n\t<meta name=\"twitter:data2\" content=\"4 minutes\" \/>\n<script type=\"application\/ld+json\" class=\"yoast-schema-graph\">{\"@context\":\"https:\\\/\\\/schema.org\",\"@graph\":[{\"@type\":\"Article\",\"@id\":\"https:\\\/\\\/lasentinelle.dz\\\/index.php\\\/2024\\\/10\\\/01\\\/un-colloque-organise-par-luniversite-dannaba-les-startups-au-coeur-de-la-diversification-economique\\\/#article\",\"isPartOf\":{\"@id\":\"https:\\\/\\\/lasentinelle.dz\\\/index.php\\\/2024\\\/10\\\/01\\\/un-colloque-organise-par-luniversite-dannaba-les-startups-au-coeur-de-la-diversification-economique\\\/\"},\"author\":{\"name\":\"admin\",\"@id\":\"https:\\\/\\\/lasentinelle.dz\\\/#\\\/schema\\\/person\\\/729ee0024f24e0b8c5ec17232f8e8b41\"},\"headline\":\"Un colloque organis\u00e9 par l&rsquo;universit\u00e9 d&rsquo;Annaba\u00a0: Les startups au c\u0153ur de la diversification \u00e9conomique\",\"datePublished\":\"2024-10-01T10:31:49+00:00\",\"dateModified\":\"2024-10-01T10:31:50+00:00\",\"mainEntityOfPage\":{\"@id\":\"https:\\\/\\\/lasentinelle.dz\\\/index.php\\\/2024\\\/10\\\/01\\\/un-colloque-organise-par-luniversite-dannaba-les-startups-au-coeur-de-la-diversification-economique\\\/\"},\"wordCount\":706,\"commentCount\":0,\"publisher\":{\"@id\":\"https:\\\/\\\/lasentinelle.dz\\\/#organization\"},\"image\":{\"@id\":\"https:\\\/\\\/lasentinelle.dz\\\/index.php\\\/2024\\\/10\\\/01\\\/un-colloque-organise-par-luniversite-dannaba-les-startups-au-coeur-de-la-diversification-economique\\\/#primaryimage\"},\"thumbnailUrl\":\"https:\\\/\\\/lasentinelle.dz\\\/wp-content\\\/uploads\\\/2021\\\/10\\\/startups.jpeg\",\"articleSection\":[\"R\u00e9gions\"],\"inLanguage\":\"fr-FR\",\"potentialAction\":[{\"@type\":\"CommentAction\",\"name\":\"Comment\",\"target\":[\"https:\\\/\\\/lasentinelle.dz\\\/index.php\\\/2024\\\/10\\\/01\\\/un-colloque-organise-par-luniversite-dannaba-les-startups-au-coeur-de-la-diversification-economique\\\/#respond\"]}]},{\"@type\":\"WebPage\",\"@id\":\"https:\\\/\\\/lasentinelle.dz\\\/index.php\\\/2024\\\/10\\\/01\\\/un-colloque-organise-par-luniversite-dannaba-les-startups-au-coeur-de-la-diversification-economique\\\/\",\"url\":\"https:\\\/\\\/lasentinelle.dz\\\/index.php\\\/2024\\\/10\\\/01\\\/un-colloque-organise-par-luniversite-dannaba-les-startups-au-coeur-de-la-diversification-economique\\\/\",\"name\":\"Un colloque organis\u00e9 par l&rsquo;universit\u00e9 d&rsquo;Annaba\u00a0: Les startups au c\u0153ur de la diversification \u00e9conomique - La Sentinelle\",\"isPartOf\":{\"@id\":\"https:\\\/\\\/lasentinelle.dz\\\/#website\"},\"primaryImageOfPage\":{\"@id\":\"https:\\\/\\\/lasentinelle.dz\\\/index.php\\\/2024\\\/10\\\/01\\\/un-colloque-organise-par-luniversite-dannaba-les-startups-au-coeur-de-la-diversification-economique\\\/#primaryimage\"},\"image\":{\"@id\":\"https:\\\/\\\/lasentinelle.dz\\\/index.php\\\/2024\\\/10\\\/01\\\/un-colloque-organise-par-luniversite-dannaba-les-startups-au-coeur-de-la-diversification-economique\\\/#primaryimage\"},\"thumbnailUrl\":\"https:\\\/\\\/lasentinelle.dz\\\/wp-content\\\/uploads\\\/2021\\\/10\\\/startups.jpeg\",\"datePublished\":\"2024-10-01T10:31:49+00:00\",\"dateModified\":\"2024-10-01T10:31:50+00:00\",\"breadcrumb\":{\"@id\":\"https:\\\/\\\/lasentinelle.dz\\\/index.php\\\/2024\\\/10\\\/01\\\/un-colloque-organise-par-luniversite-dannaba-les-startups-au-coeur-de-la-diversification-economique\\\/#breadcrumb\"},\"inLanguage\":\"fr-FR\",\"potentialAction\":[{\"@type\":\"ReadAction\",\"target\":[\"https:\\\/\\\/lasentinelle.dz\\\/index.php\\\/2024\\\/10\\\/01\\\/un-colloque-organise-par-luniversite-dannaba-les-startups-au-coeur-de-la-diversification-economique\\\/\"]}]},{\"@type\":\"ImageObject\",\"inLanguage\":\"fr-FR\",\"@id\":\"https:\\\/\\\/lasentinelle.dz\\\/index.php\\\/2024\\\/10\\\/01\\\/un-colloque-organise-par-luniversite-dannaba-les-startups-au-coeur-de-la-diversification-economique\\\/#primaryimage\",\"url\":\"https:\\\/\\\/lasentinelle.dz\\\/wp-content\\\/uploads\\\/2021\\\/10\\\/startups.jpeg\",\"contentUrl\":\"https:\\\/\\\/lasentinelle.dz\\\/wp-content\\\/uploads\\\/2021\\\/10\\\/startups.jpeg\",\"width\":512,\"height\":341},{\"@type\":\"BreadcrumbList\",\"@id\":\"https:\\\/\\\/lasentinelle.dz\\\/index.php\\\/2024\\\/10\\\/01\\\/un-colloque-organise-par-luniversite-dannaba-les-startups-au-coeur-de-la-diversification-economique\\\/#breadcrumb\",\"itemListElement\":[{\"@type\":\"ListItem\",\"position\":1,\"name\":\"Accueil\",\"item\":\"https:\\\/\\\/lasentinelle.dz\\\/\"},{\"@type\":\"ListItem\",\"position\":2,\"name\":\"Un colloque organis\u00e9 par l&rsquo;universit\u00e9 d&rsquo;Annaba\u00a0: Les startups au c\u0153ur de la diversification \u00e9conomique\"}]},{\"@type\":\"WebSite\",\"@id\":\"https:\\\/\\\/lasentinelle.dz\\\/#website\",\"url\":\"https:\\\/\\\/lasentinelle.dz\\\/\",\"name\":\"La Sentinelle\",\"description\":\"Quotidien national d&#039;information\",\"publisher\":{\"@id\":\"https:\\\/\\\/lasentinelle.dz\\\/#organization\"},\"potentialAction\":[{\"@type\":\"SearchAction\",\"target\":{\"@type\":\"EntryPoint\",\"urlTemplate\":\"https:\\\/\\\/lasentinelle.dz\\\/?s={search_term_string}\"},\"query-input\":{\"@type\":\"PropertyValueSpecification\",\"valueRequired\":true,\"valueName\":\"search_term_string\"}}],\"inLanguage\":\"fr-FR\"},{\"@type\":\"Organization\",\"@id\":\"https:\\\/\\\/lasentinelle.dz\\\/#organization\",\"name\":\"Quotidien La Sentinelle\",\"url\":\"https:\\\/\\\/lasentinelle.dz\\\/\",\"logo\":{\"@type\":\"ImageObject\",\"inLanguage\":\"fr-FR\",\"@id\":\"https:\\\/\\\/lasentinelle.dz\\\/#\\\/schema\\\/logo\\\/image\\\/\",\"url\":\"https:\\\/\\\/lasentinelle.dz\\\/wp-content\\\/uploads\\\/2021\\\/09\\\/logo-sentinelleSLOGAN-1.png\",\"contentUrl\":\"https:\\\/\\\/lasentinelle.dz\\\/wp-content\\\/uploads\\\/2021\\\/09\\\/logo-sentinelleSLOGAN-1.png\",\"width\":615,\"height\":142,\"caption\":\"Quotidien La Sentinelle\"},\"image\":{\"@id\":\"https:\\\/\\\/lasentinelle.dz\\\/#\\\/schema\\\/logo\\\/image\\\/\"},\"sameAs\":[\"https:\\\/\\\/www.facebook.com\\\/La-Sentinelle-104059864394773\"]},{\"@type\":\"Person\",\"@id\":\"https:\\\/\\\/lasentinelle.dz\\\/#\\\/schema\\\/person\\\/729ee0024f24e0b8c5ec17232f8e8b41\",\"name\":\"admin\",\"image\":{\"@type\":\"ImageObject\",\"inLanguage\":\"fr-FR\",\"@id\":\"https:\\\/\\\/secure.gravatar.com\\\/avatar\\\/4c81fed838786e9b53f540bf46533e750f5d292099ae3b66cfc6fb1982e29df7?s=96&d=mm&r=g\",\"url\":\"https:\\\/\\\/secure.gravatar.com\\\/avatar\\\/4c81fed838786e9b53f540bf46533e750f5d292099ae3b66cfc6fb1982e29df7?s=96&d=mm&r=g\",\"contentUrl\":\"https:\\\/\\\/secure.gravatar.com\\\/avatar\\\/4c81fed838786e9b53f540bf46533e750f5d292099ae3b66cfc6fb1982e29df7?s=96&d=mm&r=g\",\"caption\":\"admin\"},\"description\":\"admin\",\"url\":\"https:\\\/\\\/lasentinelle.dz\\\/author\\\/admin\\\/\"}]}<\/script>\n<!-- \/ Yoast SEO plugin. -->","yoast_head_json":{"title":"Un colloque organis\u00e9 par l&rsquo;universit\u00e9 d&rsquo;Annaba\u00a0: Les startups au c\u0153ur de la diversification \u00e9conomique - La Sentinelle","robots":{"index":"index","follow":"follow","max-snippet":"max-snippet:-1","max-image-preview":"max-image-preview:large","max-video-preview":"max-video-preview:-1"},"canonical":"https:\/\/lasentinelle.dz\/index.php\/2024\/10\/01\/un-colloque-organise-par-luniversite-dannaba-les-startups-au-coeur-de-la-diversification-economique\/","og_locale":"fr_FR","og_type":"article","og_title":"Un colloque organis\u00e9 par l&rsquo;universit\u00e9 d&rsquo;Annaba\u00a0: Les startups au c\u0153ur de la diversification \u00e9conomique - La Sentinelle","og_description":"L&rsquo;universit\u00e9 d&rsquo;Annaba a abrit\u00e9 un colloque d\u00e9di\u00e9 aux m\u00e9canismes de d\u00e9veloppement des startups en Alg\u00e9rie et l&rsquo;\u00e9tendue de leurs interactions","og_url":"https:\/\/lasentinelle.dz\/index.php\/2024\/10\/01\/un-colloque-organise-par-luniversite-dannaba-les-startups-au-coeur-de-la-diversification-economique\/","og_site_name":"La Sentinelle","article_publisher":"https:\/\/www.facebook.com\/La-Sentinelle-104059864394773","article_published_time":"2024-10-01T10:31:49+00:00","article_modified_time":"2024-10-01T10:31:50+00:00","og_image":[{"width":512,"height":341,"url":"https:\/\/lasentinelle.dz\/wp-content\/uploads\/2021\/10\/startups.jpeg","type":"image\/jpeg"}],"author":"admin","twitter_card":"summary_large_image","twitter_misc":{"\u00c9crit par":"admin","Dur\u00e9e de lecture estim\u00e9e":"4 minutes"},"schema":{"@context":"https:\/\/schema.org","@graph":[{"@type":"Article","@id":"https:\/\/lasentinelle.dz\/index.php\/2024\/10\/01\/un-colloque-organise-par-luniversite-dannaba-les-startups-au-coeur-de-la-diversification-economique\/#article","isPartOf":{"@id":"https:\/\/lasentinelle.dz\/index.php\/2024\/10\/01\/un-colloque-organise-par-luniversite-dannaba-les-startups-au-coeur-de-la-diversification-economique\/"},"author":{"name":"admin","@id":"https:\/\/lasentinelle.dz\/#\/schema\/person\/729ee0024f24e0b8c5ec17232f8e8b41"},"headline":"Un colloque organis\u00e9 par l&rsquo;universit\u00e9 d&rsquo;Annaba\u00a0: Les startups au c\u0153ur de la diversification \u00e9conomique","datePublished":"2024-10-01T10:31:49+00:00","dateModified":"2024-10-01T10:31:50+00:00","mainEntityOfPage":{"@id":"https:\/\/lasentinelle.dz\/index.php\/2024\/10\/01\/un-colloque-organise-par-luniversite-dannaba-les-startups-au-coeur-de-la-diversification-economique\/"},"wordCount":706,"commentCount":0,"publisher":{"@id":"https:\/\/lasentinelle.dz\/#organization"},"image":{"@id":"https:\/\/lasentinelle.dz\/index.php\/2024\/10\/01\/un-colloque-organise-par-luniversite-dannaba-les-startups-au-coeur-de-la-diversification-economique\/#primaryimage"},"thumbnailUrl":"https:\/\/lasentinelle.dz\/wp-content\/uploads\/2021\/10\/startups.jpeg","articleSection":["R\u00e9gions"],"inLanguage":"fr-FR","potentialAction":[{"@type":"CommentAction","name":"Comment","target":["https:\/\/lasentinelle.dz\/index.php\/2024\/10\/01\/un-colloque-organise-par-luniversite-dannaba-les-startups-au-coeur-de-la-diversification-economique\/#respond"]}]},{"@type":"WebPage","@id":"https:\/\/lasentinelle.dz\/index.php\/2024\/10\/01\/un-colloque-organise-par-luniversite-dannaba-les-startups-au-coeur-de-la-diversification-economique\/","url":"https:\/\/lasentinelle.dz\/index.php\/2024\/10\/01\/un-colloque-organise-par-luniversite-dannaba-les-startups-au-coeur-de-la-diversification-economique\/","name":"Un colloque organis\u00e9 par l&rsquo;universit\u00e9 d&rsquo;Annaba\u00a0: Les startups au c\u0153ur de la diversification \u00e9conomique - La Sentinelle","isPartOf":{"@id":"https:\/\/lasentinelle.dz\/#website"},"primaryImageOfPage":{"@id":"https:\/\/lasentinelle.dz\/index.php\/2024\/10\/01\/un-colloque-organise-par-luniversite-dannaba-les-startups-au-coeur-de-la-diversification-economique\/#primaryimage"},"image":{"@id":"https:\/\/lasentinelle.dz\/index.php\/2024\/10\/01\/un-colloque-organise-par-luniversite-dannaba-les-startups-au-coeur-de-la-diversification-economique\/#primaryimage"},"thumbnailUrl":"https:\/\/lasentinelle.dz\/wp-content\/uploads\/2021\/10\/startups.jpeg","datePublished":"2024-10-01T10:31:49+00:00","dateModified":"2024-10-01T10:31:50+00:00","breadcrumb":{"@id":"https:\/\/lasentinelle.dz\/index.php\/2024\/10\/01\/un-colloque-organise-par-luniversite-dannaba-les-startups-au-coeur-de-la-diversification-economique\/#breadcrumb"},"inLanguage":"fr-FR","potentialAction":[{"@type":"ReadAction","target":["https:\/\/lasentinelle.dz\/index.php\/2024\/10\/01\/un-colloque-organise-par-luniversite-dannaba-les-startups-au-coeur-de-la-diversification-economique\/"]}]},{"@type":"ImageObject","inLanguage":"fr-FR","@id":"https:\/\/lasentinelle.dz\/index.php\/2024\/10\/01\/un-colloque-organise-par-luniversite-dannaba-les-startups-au-coeur-de-la-diversification-economique\/#primaryimage","url":"https:\/\/lasentinelle.dz\/wp-content\/uploads\/2021\/10\/startups.jpeg","contentUrl":"https:\/\/lasentinelle.dz\/wp-content\/uploads\/2021\/10\/startups.jpeg","width":512,"height":341},{"@type":"BreadcrumbList","@id":"https:\/\/lasentinelle.dz\/index.php\/2024\/10\/01\/un-colloque-organise-par-luniversite-dannaba-les-startups-au-coeur-de-la-diversification-economique\/#breadcrumb","itemListElement":[{"@type":"ListItem","position":1,"name":"Accueil","item":"https:\/\/lasentinelle.dz\/"},{"@type":"ListItem","position":2,"name":"Un colloque organis\u00e9 par l&rsquo;universit\u00e9 d&rsquo;Annaba\u00a0: Les startups au c\u0153ur de la diversification \u00e9conomique"}]},{"@type":"WebSite","@id":"https:\/\/lasentinelle.dz\/#website","url":"https:\/\/lasentinelle.dz\/","name":"La Sentinelle","description":"Quotidien national d&#039;information","publisher":{"@id":"https:\/\/lasentinelle.dz\/#organization"},"potentialAction":[{"@type":"SearchAction","target":{"@type":"EntryPoint","urlTemplate":"https:\/\/lasentinelle.dz\/?s={search_term_string}"},"query-input":{"@type":"PropertyValueSpecification","valueRequired":true,"valueName":"search_term_string"}}],"inLanguage":"fr-FR"},{"@type":"Organization","@id":"https:\/\/lasentinelle.dz\/#organization","name":"Quotidien La Sentinelle","url":"https:\/\/lasentinelle.dz\/","logo":{"@type":"ImageObject","inLanguage":"fr-FR","@id":"https:\/\/lasentinelle.dz\/#\/schema\/logo\/image\/","url":"https:\/\/lasentinelle.dz\/wp-content\/uploads\/2021\/09\/logo-sentinelleSLOGAN-1.png","contentUrl":"https:\/\/lasentinelle.dz\/wp-content\/uploads\/2021\/09\/logo-sentinelleSLOGAN-1.png","width":615,"height":142,"caption":"Quotidien La Sentinelle"},"image":{"@id":"https:\/\/lasentinelle.dz\/#\/schema\/logo\/image\/"},"sameAs":["https:\/\/www.facebook.com\/La-Sentinelle-104059864394773"]},{"@type":"Person","@id":"https:\/\/lasentinelle.dz\/#\/schema\/person\/729ee0024f24e0b8c5ec17232f8e8b41","name":"admin","image":{"@type":"ImageObject","inLanguage":"fr-FR","@id":"https:\/\/secure.gravatar.com\/avatar\/4c81fed838786e9b53f540bf46533e750f5d292099ae3b66cfc6fb1982e29df7?s=96&d=mm&r=g","url":"https:\/\/secure.gravatar.com\/avatar\/4c81fed838786e9b53f540bf46533e750f5d292099ae3b66cfc6fb1982e29df7?s=96&d=mm&r=g","contentUrl":"https:\/\/secure.gravatar.com\/avatar\/4c81fed838786e9b53f540bf46533e750f5d292099ae3b66cfc6fb1982e29df7?s=96&d=mm&r=g","caption":"admin"},"description":"admin","url":"https:\/\/lasentinelle.dz\/author\/admin\/"}]}},"_links":{"self":[{"href":"https:\/\/lasentinelle.dz\/index.php\/wp-json\/wp\/v2\/posts\/57680","targetHints":{"allow":["GET"]}}],"collection":[{"href":"https:\/\/lasentinelle.dz\/index.php\/wp-json\/wp\/v2\/posts"}],"about":[{"href":"https:\/\/lasentinelle.dz\/index.php\/wp-json\/wp\/v2\/types\/post"}],"author":[{"embeddable":true,"href":"https:\/\/lasentinelle.dz\/index.php\/wp-json\/wp\/v2\/users\/6"}],"replies":[{"embeddable":true,"href":"https:\/\/lasentinelle.dz\/index.php\/wp-json\/wp\/v2\/comments?post=57680"}],"version-history":[{"count":2,"href":"https:\/\/lasentinelle.dz\/index.php\/wp-json\/wp\/v2\/posts\/57680\/revisions"}],"predecessor-version":[{"id":57682,"href":"https:\/\/lasentinelle.dz\/index.php\/wp-json\/wp\/v2\/posts\/57680\/revisions\/57682"}],"wp:featuredmedia":[{"embeddable":true,"href":"https:\/\/lasentinelle.dz\/index.php\/wp-json\/wp\/v2\/media\/10678"}],"wp:attachment":[{"href":"https:\/\/lasentinelle.dz\/index.php\/wp-json\/wp\/v2\/media?parent=57680"}],"wp:term":[{"taxonomy":"category","embeddable":true,"href":"https:\/\/lasentinelle.dz\/index.php\/wp-json\/wp\/v2\/categories?post=57680"},{"taxonomy":"post_tag","embeddable":true,"href":"https:\/\/lasentinelle.dz\/index.php\/wp-json\/wp\/v2\/tags?post=57680"}],"curies":[{"name":"wp","href":"https:\/\/api.w.org\/{rel}","templated":true}]}}