{"id":577,"date":"2021-01-22T00:12:00","date_gmt":"2021-01-21T23:12:00","guid":{"rendered":"https:\/\/lasentinelle.dz\/?p=577"},"modified":"2021-01-23T10:41:16","modified_gmt":"2021-01-23T09:41:16","slug":"affaire-de-lautoroute-est-ouestle-proces-en-appel-reporte-a-la-fin-de-la-session-penale","status":"publish","type":"post","link":"https:\/\/lasentinelle.dz\/index.php\/2021\/01\/22\/affaire-de-lautoroute-est-ouestle-proces-en-appel-reporte-a-la-fin-de-la-session-penale\/","title":{"rendered":"Affaire de l\u2019autoroute est-ouest:Le proc\u00e8s en appel report\u00e9 \u00e0 la fin de la session p\u00e9nale"},"content":{"rendered":"\n<p><\/p>\n\n\n\n<p><\/p>\n\n\n\n<figure class=\"wp-block-image size-large\"><img loading=\"lazy\" decoding=\"async\" width=\"1024\" height=\"576\" src=\"https:\/\/lasentinelle.dz\/wp-content\/uploads\/2021\/01\/est-1024x576.jpg\" alt=\"\" class=\"wp-image-578\" srcset=\"https:\/\/lasentinelle.dz\/wp-content\/uploads\/2021\/01\/est-1024x576.jpg 1024w, https:\/\/lasentinelle.dz\/wp-content\/uploads\/2021\/01\/est-300x169.jpg 300w, https:\/\/lasentinelle.dz\/wp-content\/uploads\/2021\/01\/est-768x432.jpg 768w, https:\/\/lasentinelle.dz\/wp-content\/uploads\/2021\/01\/est.jpg 1280w\" sizes=\"auto, (max-width: 1024px) 100vw, 1024px\" \/><\/figure>\n\n\n\n<p>La Cour d\u2019Alger a d\u00e9cid\u00e9 jeudi de reporter \u00e0 la fin de la session p\u00e9nale le proc\u00e8s en appel dans l\u2019affaire de l\u2019autoroute est-ouest dont le verdict en premi\u00e8re instance a \u00e9t\u00e9 rendu en 2015 par le tribunal criminel d\u2019Alger. Le report a \u00e9t\u00e9 d\u00e9cid\u00e9 \u00e0 la demande du collectif de d\u00e9fense. Le tribunal criminel d\u2019Alger avait prononc\u00e9 en mai 2015 des peines de prison ferme allant de 10 ans \u00e0 l\u2019acquittement contre 22 personnes morales et physiques impliqu\u00e9es dans l\u2019affaire de l\u2019autoroute est-ouest.<\/p>\n\n\n\n<p><br>Une amende de cinq millions de dinars a \u00e9t\u00e9 inflig\u00e9e \u00e0 chacune des sept entreprises \u00e9trang\u00e8res impliqu\u00e9es dans cette affaire: Citic Crcc Chine, Cojaal Japon, Pizarroti suisse, Caraventa Suisse, Isolux Corsan Espagne, SMI Canada et COBA Portugal. Une peine de 10 ans de r\u00e9clusion criminelle assortie d\u2019une amende de trois millions de DA ont \u00e9t\u00e9 requises contre le principal accus\u00e9, Chani Medjdoub (conseiller de Citic Crcc Chine).<br>Une peine d\u2019emprisonnement ferme de 10 ans assortie d\u2019une amende de trois millions de DA ont \u00e9t\u00e9 \u00e9galement requises contre Khelladi Mohamed (directeur des nouveaux programmes de l\u2019Autoroute). Par ailleurs, Hamdane Rachid Salim (ex-directeur de la planification au minist\u00e8re des Travaux publics) a \u00e9t\u00e9 condamn\u00e9 \u00e0 une peine de sept ans de r\u00e9clusion et un million de DA d\u2019amende. La m\u00eame peine (7 ans) de prison et trois millions de DA d\u2019amende ont \u00e9t\u00e9 requises contre Adou Tadj Eddine, homme d\u2019affaires.<\/p>\n\n\n\n<p><br>L\u2019ex-SG du minist\u00e8re des Travaux publics Bouchama Mohamed a \u00e9t\u00e9 acquitt\u00e9, ainsi que Allab El Khier, investisseur, et Ferrachi Belkacem, ex-cadre au minist\u00e8re des Transport. Le pr\u00e9sident du tribunal criminel d\u2019Alger a par ailleurs ordonn\u00e9 la confiscation de tous les biens mobiliers, immobiliers et comptes bancaires de Chani Medjdoub, ainsi que Khelladi Mohamed. Le Tribunal criminel d\u2019Alger avait rejet\u00e9 les demandes de d\u00e9dommagement mat\u00e9riel et moral des parties civiles, dont le Tr\u00e9sor public, qui se sont estim\u00e9es l\u00e9s\u00e9es dans cette affaire. Le montant qui avait \u00e9t\u00e9 demand\u00e9 par le Tr\u00e9sor public s\u2019\u00e9l\u00e8ve \u00e0 12 millions de DA \u00e0 l\u2019encontre de Khelladi Mohamed et Chani Medjdoub, les deux principaux accus\u00e9s dans cette affaire. Quant \u00e0 l\u2019Agence nationale des autoroutes (ANA), elle a demand\u00e9 que les accus\u00e9s lui versent solidairement cinq millions de DA pour la d\u00e9dommager du pr\u00e9judice moral qu\u2019elle a subi suite \u00e0 cette affaire. Le tribunal a refus\u00e9 \u00e9galement la constitution comme partie civile de l\u2019administration douani\u00e8re, consid\u00e9rant que cette derni\u00e8re n\u2019a passubi de pr\u00e9judices en relation avec cette affaire.<br>APS<\/p>\n","protected":false},"excerpt":{"rendered":"<p>La Cour d\u2019Alger a d\u00e9cid\u00e9 jeudi de reporter \u00e0 la fin de la session p\u00e9nale le proc\u00e8s en appel dans<\/p>\n","protected":false},"author":3,"featured_media":0,"comment_status":"open","ping_status":"closed","sticky":false,"template":"","format":"standard","meta":{"colormag_page_container_layout":"default_layout","colormag_page_sidebar_layout":"default_layout","om_disable_all_campaigns":false,"_monsterinsights_skip_tracking":false,"_monsterinsights_sitenote_active":false,"_monsterinsights_sitenote_note":"","_monsterinsights_sitenote_category":0,"footnotes":"","_wpscppro_dont_share_socialmedia":false,"_wpscppro_custom_social_share_image":0,"_facebook_share_type":"","_twitter_share_type":"","_linkedin_share_type":"","_pinterest_share_type":"","_linkedin_share_type_page":"","_instagram_share_type":"","_medium_share_type":"","_threads_share_type":"","_google_business_share_type":"","_selected_social_profile":[],"_wpsp_enable_custom_social_template":false,"_wpsp_social_scheduling":{"enabled":false,"datetime":null,"platforms":[],"status":"template_only","dateOption":"today","timeOption":"now","customDays":"","customHours":"","customDate":"","customTime":"","schedulingType":"absolute"},"_wpsp_active_default_template":true},"categories":[52,27],"tags":[],"class_list":["post-577","post","type-post","status-publish","format-standard","hentry","category-a-la-une","category-actualite"],"aioseo_notices":[],"yoast_head":"<!-- This site is optimized with the Yoast SEO plugin v27.5 - https:\/\/yoast.com\/product\/yoast-seo-wordpress\/ -->\n<title>Affaire de l\u2019autoroute est-ouest:Le proc\u00e8s en appel report\u00e9 \u00e0 la fin de la session p\u00e9nale - La Sentinelle<\/title>\n<meta name=\"robots\" content=\"index, follow, max-snippet:-1, max-image-preview:large, max-video-preview:-1\" \/>\n<link rel=\"canonical\" href=\"https:\/\/lasentinelle.dz\/index.php\/2021\/01\/22\/affaire-de-lautoroute-est-ouestle-proces-en-appel-reporte-a-la-fin-de-la-session-penale\/\" \/>\n<meta property=\"og:locale\" content=\"fr_FR\" \/>\n<meta property=\"og:type\" content=\"article\" \/>\n<meta property=\"og:title\" content=\"Affaire de l\u2019autoroute est-ouest:Le proc\u00e8s en appel report\u00e9 \u00e0 la fin de la session p\u00e9nale - La Sentinelle\" \/>\n<meta property=\"og:description\" content=\"La Cour d\u2019Alger a d\u00e9cid\u00e9 jeudi de reporter \u00e0 la fin de la session p\u00e9nale le proc\u00e8s en appel dans\" \/>\n<meta property=\"og:url\" content=\"https:\/\/lasentinelle.dz\/index.php\/2021\/01\/22\/affaire-de-lautoroute-est-ouestle-proces-en-appel-reporte-a-la-fin-de-la-session-penale\/\" \/>\n<meta property=\"og:site_name\" content=\"La Sentinelle\" \/>\n<meta property=\"article:publisher\" content=\"https:\/\/www.facebook.com\/La-Sentinelle-104059864394773\" \/>\n<meta property=\"article:published_time\" content=\"2021-01-21T23:12:00+00:00\" \/>\n<meta property=\"article:modified_time\" content=\"2021-01-23T09:41:16+00:00\" \/>\n<meta property=\"og:image\" content=\"https:\/\/lasentinelle.dz\/wp-content\/uploads\/2021\/01\/est-1024x576.jpg\" \/>\n<meta name=\"author\" content=\"La Sentinelle\" \/>\n<meta name=\"twitter:card\" content=\"summary_large_image\" \/>\n<meta name=\"twitter:label1\" content=\"\u00c9crit par\" \/>\n\t<meta name=\"twitter:data1\" content=\"La Sentinelle\" \/>\n\t<meta name=\"twitter:label2\" content=\"Dur\u00e9e de lecture estim\u00e9e\" \/>\n\t<meta name=\"twitter:data2\" content=\"2 minutes\" \/>\n<script type=\"application\/ld+json\" class=\"yoast-schema-graph\">{\"@context\":\"https:\\\/\\\/schema.org\",\"@graph\":[{\"@type\":\"Article\",\"@id\":\"https:\\\/\\\/lasentinelle.dz\\\/index.php\\\/2021\\\/01\\\/22\\\/affaire-de-lautoroute-est-ouestle-proces-en-appel-reporte-a-la-fin-de-la-session-penale\\\/#article\",\"isPartOf\":{\"@id\":\"https:\\\/\\\/lasentinelle.dz\\\/index.php\\\/2021\\\/01\\\/22\\\/affaire-de-lautoroute-est-ouestle-proces-en-appel-reporte-a-la-fin-de-la-session-penale\\\/\"},\"author\":{\"name\":\"La Sentinelle\",\"@id\":\"https:\\\/\\\/lasentinelle.dz\\\/#\\\/schema\\\/person\\\/d865044e22e70a75174ce8bcad3acfb3\"},\"headline\":\"Affaire de l\u2019autoroute est-ouest:Le proc\u00e8s en appel report\u00e9 \u00e0 la fin de la session p\u00e9nale\",\"datePublished\":\"2021-01-21T23:12:00+00:00\",\"dateModified\":\"2021-01-23T09:41:16+00:00\",\"mainEntityOfPage\":{\"@id\":\"https:\\\/\\\/lasentinelle.dz\\\/index.php\\\/2021\\\/01\\\/22\\\/affaire-de-lautoroute-est-ouestle-proces-en-appel-reporte-a-la-fin-de-la-session-penale\\\/\"},\"wordCount\":462,\"commentCount\":0,\"publisher\":{\"@id\":\"https:\\\/\\\/lasentinelle.dz\\\/#organization\"},\"image\":{\"@id\":\"https:\\\/\\\/lasentinelle.dz\\\/index.php\\\/2021\\\/01\\\/22\\\/affaire-de-lautoroute-est-ouestle-proces-en-appel-reporte-a-la-fin-de-la-session-penale\\\/#primaryimage\"},\"thumbnailUrl\":\"https:\\\/\\\/lasentinelle.dz\\\/wp-content\\\/uploads\\\/2021\\\/01\\\/est-1024x576.jpg\",\"articleSection\":[\"\u00c0 la Une\",\"Actualit\u00e9\"],\"inLanguage\":\"fr-FR\",\"potentialAction\":[{\"@type\":\"CommentAction\",\"name\":\"Comment\",\"target\":[\"https:\\\/\\\/lasentinelle.dz\\\/index.php\\\/2021\\\/01\\\/22\\\/affaire-de-lautoroute-est-ouestle-proces-en-appel-reporte-a-la-fin-de-la-session-penale\\\/#respond\"]}]},{\"@type\":\"WebPage\",\"@id\":\"https:\\\/\\\/lasentinelle.dz\\\/index.php\\\/2021\\\/01\\\/22\\\/affaire-de-lautoroute-est-ouestle-proces-en-appel-reporte-a-la-fin-de-la-session-penale\\\/\",\"url\":\"https:\\\/\\\/lasentinelle.dz\\\/index.php\\\/2021\\\/01\\\/22\\\/affaire-de-lautoroute-est-ouestle-proces-en-appel-reporte-a-la-fin-de-la-session-penale\\\/\",\"name\":\"Affaire de l\u2019autoroute est-ouest:Le proc\u00e8s en appel report\u00e9 \u00e0 la fin de la session p\u00e9nale - La Sentinelle\",\"isPartOf\":{\"@id\":\"https:\\\/\\\/lasentinelle.dz\\\/#website\"},\"primaryImageOfPage\":{\"@id\":\"https:\\\/\\\/lasentinelle.dz\\\/index.php\\\/2021\\\/01\\\/22\\\/affaire-de-lautoroute-est-ouestle-proces-en-appel-reporte-a-la-fin-de-la-session-penale\\\/#primaryimage\"},\"image\":{\"@id\":\"https:\\\/\\\/lasentinelle.dz\\\/index.php\\\/2021\\\/01\\\/22\\\/affaire-de-lautoroute-est-ouestle-proces-en-appel-reporte-a-la-fin-de-la-session-penale\\\/#primaryimage\"},\"thumbnailUrl\":\"https:\\\/\\\/lasentinelle.dz\\\/wp-content\\\/uploads\\\/2021\\\/01\\\/est-1024x576.jpg\",\"datePublished\":\"2021-01-21T23:12:00+00:00\",\"dateModified\":\"2021-01-23T09:41:16+00:00\",\"breadcrumb\":{\"@id\":\"https:\\\/\\\/lasentinelle.dz\\\/index.php\\\/2021\\\/01\\\/22\\\/affaire-de-lautoroute-est-ouestle-proces-en-appel-reporte-a-la-fin-de-la-session-penale\\\/#breadcrumb\"},\"inLanguage\":\"fr-FR\",\"potentialAction\":[{\"@type\":\"ReadAction\",\"target\":[\"https:\\\/\\\/lasentinelle.dz\\\/index.php\\\/2021\\\/01\\\/22\\\/affaire-de-lautoroute-est-ouestle-proces-en-appel-reporte-a-la-fin-de-la-session-penale\\\/\"]}]},{\"@type\":\"ImageObject\",\"inLanguage\":\"fr-FR\",\"@id\":\"https:\\\/\\\/lasentinelle.dz\\\/index.php\\\/2021\\\/01\\\/22\\\/affaire-de-lautoroute-est-ouestle-proces-en-appel-reporte-a-la-fin-de-la-session-penale\\\/#primaryimage\",\"url\":\"https:\\\/\\\/lasentinelle.dz\\\/wp-content\\\/uploads\\\/2021\\\/01\\\/est.jpg\",\"contentUrl\":\"https:\\\/\\\/lasentinelle.dz\\\/wp-content\\\/uploads\\\/2021\\\/01\\\/est.jpg\",\"width\":1280,\"height\":720},{\"@type\":\"BreadcrumbList\",\"@id\":\"https:\\\/\\\/lasentinelle.dz\\\/index.php\\\/2021\\\/01\\\/22\\\/affaire-de-lautoroute-est-ouestle-proces-en-appel-reporte-a-la-fin-de-la-session-penale\\\/#breadcrumb\",\"itemListElement\":[{\"@type\":\"ListItem\",\"position\":1,\"name\":\"Accueil\",\"item\":\"https:\\\/\\\/lasentinelle.dz\\\/\"},{\"@type\":\"ListItem\",\"position\":2,\"name\":\"Affaire de l\u2019autoroute est-ouest:Le proc\u00e8s en appel report\u00e9 \u00e0 la fin de la session p\u00e9nale\"}]},{\"@type\":\"WebSite\",\"@id\":\"https:\\\/\\\/lasentinelle.dz\\\/#website\",\"url\":\"https:\\\/\\\/lasentinelle.dz\\\/\",\"name\":\"La Sentinelle\",\"description\":\"Quotidien national d&#039;information\",\"publisher\":{\"@id\":\"https:\\\/\\\/lasentinelle.dz\\\/#organization\"},\"potentialAction\":[{\"@type\":\"SearchAction\",\"target\":{\"@type\":\"EntryPoint\",\"urlTemplate\":\"https:\\\/\\\/lasentinelle.dz\\\/?s={search_term_string}\"},\"query-input\":{\"@type\":\"PropertyValueSpecification\",\"valueRequired\":true,\"valueName\":\"search_term_string\"}}],\"inLanguage\":\"fr-FR\"},{\"@type\":\"Organization\",\"@id\":\"https:\\\/\\\/lasentinelle.dz\\\/#organization\",\"name\":\"Quotidien La Sentinelle\",\"url\":\"https:\\\/\\\/lasentinelle.dz\\\/\",\"logo\":{\"@type\":\"ImageObject\",\"inLanguage\":\"fr-FR\",\"@id\":\"https:\\\/\\\/lasentinelle.dz\\\/#\\\/schema\\\/logo\\\/image\\\/\",\"url\":\"https:\\\/\\\/lasentinelle.dz\\\/wp-content\\\/uploads\\\/2021\\\/09\\\/logo-sentinelleSLOGAN-1.png\",\"contentUrl\":\"https:\\\/\\\/lasentinelle.dz\\\/wp-content\\\/uploads\\\/2021\\\/09\\\/logo-sentinelleSLOGAN-1.png\",\"width\":615,\"height\":142,\"caption\":\"Quotidien La Sentinelle\"},\"image\":{\"@id\":\"https:\\\/\\\/lasentinelle.dz\\\/#\\\/schema\\\/logo\\\/image\\\/\"},\"sameAs\":[\"https:\\\/\\\/www.facebook.com\\\/La-Sentinelle-104059864394773\"]},{\"@type\":\"Person\",\"@id\":\"https:\\\/\\\/lasentinelle.dz\\\/#\\\/schema\\\/person\\\/d865044e22e70a75174ce8bcad3acfb3\",\"name\":\"La Sentinelle\",\"image\":{\"@type\":\"ImageObject\",\"inLanguage\":\"fr-FR\",\"@id\":\"https:\\\/\\\/secure.gravatar.com\\\/avatar\\\/57de8e5d4b15d43fb361a71fbb36338450fe67865b528a43dd10ef7c51a20392?s=96&d=mm&r=g\",\"url\":\"https:\\\/\\\/secure.gravatar.com\\\/avatar\\\/57de8e5d4b15d43fb361a71fbb36338450fe67865b528a43dd10ef7c51a20392?s=96&d=mm&r=g\",\"contentUrl\":\"https:\\\/\\\/secure.gravatar.com\\\/avatar\\\/57de8e5d4b15d43fb361a71fbb36338450fe67865b528a43dd10ef7c51a20392?s=96&d=mm&r=g\",\"caption\":\"La Sentinelle\"},\"sameAs\":[\"http:\\\/\\\/www.lasentinelle.dz\"],\"url\":\"https:\\\/\\\/lasentinelle.dz\\\/author\\\/redaction\\\/\"}]}<\/script>\n<!-- \/ Yoast SEO plugin. -->","yoast_head_json":{"title":"Affaire de l\u2019autoroute est-ouest:Le proc\u00e8s en appel report\u00e9 \u00e0 la fin de la session p\u00e9nale - La Sentinelle","robots":{"index":"index","follow":"follow","max-snippet":"max-snippet:-1","max-image-preview":"max-image-preview:large","max-video-preview":"max-video-preview:-1"},"canonical":"https:\/\/lasentinelle.dz\/index.php\/2021\/01\/22\/affaire-de-lautoroute-est-ouestle-proces-en-appel-reporte-a-la-fin-de-la-session-penale\/","og_locale":"fr_FR","og_type":"article","og_title":"Affaire de l\u2019autoroute est-ouest:Le proc\u00e8s en appel report\u00e9 \u00e0 la fin de la session p\u00e9nale - La Sentinelle","og_description":"La Cour d\u2019Alger a d\u00e9cid\u00e9 jeudi de reporter \u00e0 la fin de la session p\u00e9nale le proc\u00e8s en appel dans","og_url":"https:\/\/lasentinelle.dz\/index.php\/2021\/01\/22\/affaire-de-lautoroute-est-ouestle-proces-en-appel-reporte-a-la-fin-de-la-session-penale\/","og_site_name":"La Sentinelle","article_publisher":"https:\/\/www.facebook.com\/La-Sentinelle-104059864394773","article_published_time":"2021-01-21T23:12:00+00:00","article_modified_time":"2021-01-23T09:41:16+00:00","og_image":[{"url":"https:\/\/lasentinelle.dz\/wp-content\/uploads\/2021\/01\/est-1024x576.jpg","type":"","width":"","height":""}],"author":"La Sentinelle","twitter_card":"summary_large_image","twitter_misc":{"\u00c9crit par":"La Sentinelle","Dur\u00e9e de lecture estim\u00e9e":"2 minutes"},"schema":{"@context":"https:\/\/schema.org","@graph":[{"@type":"Article","@id":"https:\/\/lasentinelle.dz\/index.php\/2021\/01\/22\/affaire-de-lautoroute-est-ouestle-proces-en-appel-reporte-a-la-fin-de-la-session-penale\/#article","isPartOf":{"@id":"https:\/\/lasentinelle.dz\/index.php\/2021\/01\/22\/affaire-de-lautoroute-est-ouestle-proces-en-appel-reporte-a-la-fin-de-la-session-penale\/"},"author":{"name":"La Sentinelle","@id":"https:\/\/lasentinelle.dz\/#\/schema\/person\/d865044e22e70a75174ce8bcad3acfb3"},"headline":"Affaire de l\u2019autoroute est-ouest:Le proc\u00e8s en appel report\u00e9 \u00e0 la fin de la session p\u00e9nale","datePublished":"2021-01-21T23:12:00+00:00","dateModified":"2021-01-23T09:41:16+00:00","mainEntityOfPage":{"@id":"https:\/\/lasentinelle.dz\/index.php\/2021\/01\/22\/affaire-de-lautoroute-est-ouestle-proces-en-appel-reporte-a-la-fin-de-la-session-penale\/"},"wordCount":462,"commentCount":0,"publisher":{"@id":"https:\/\/lasentinelle.dz\/#organization"},"image":{"@id":"https:\/\/lasentinelle.dz\/index.php\/2021\/01\/22\/affaire-de-lautoroute-est-ouestle-proces-en-appel-reporte-a-la-fin-de-la-session-penale\/#primaryimage"},"thumbnailUrl":"https:\/\/lasentinelle.dz\/wp-content\/uploads\/2021\/01\/est-1024x576.jpg","articleSection":["\u00c0 la Une","Actualit\u00e9"],"inLanguage":"fr-FR","potentialAction":[{"@type":"CommentAction","name":"Comment","target":["https:\/\/lasentinelle.dz\/index.php\/2021\/01\/22\/affaire-de-lautoroute-est-ouestle-proces-en-appel-reporte-a-la-fin-de-la-session-penale\/#respond"]}]},{"@type":"WebPage","@id":"https:\/\/lasentinelle.dz\/index.php\/2021\/01\/22\/affaire-de-lautoroute-est-ouestle-proces-en-appel-reporte-a-la-fin-de-la-session-penale\/","url":"https:\/\/lasentinelle.dz\/index.php\/2021\/01\/22\/affaire-de-lautoroute-est-ouestle-proces-en-appel-reporte-a-la-fin-de-la-session-penale\/","name":"Affaire de l\u2019autoroute est-ouest:Le proc\u00e8s en appel report\u00e9 \u00e0 la fin de la session p\u00e9nale - La Sentinelle","isPartOf":{"@id":"https:\/\/lasentinelle.dz\/#website"},"primaryImageOfPage":{"@id":"https:\/\/lasentinelle.dz\/index.php\/2021\/01\/22\/affaire-de-lautoroute-est-ouestle-proces-en-appel-reporte-a-la-fin-de-la-session-penale\/#primaryimage"},"image":{"@id":"https:\/\/lasentinelle.dz\/index.php\/2021\/01\/22\/affaire-de-lautoroute-est-ouestle-proces-en-appel-reporte-a-la-fin-de-la-session-penale\/#primaryimage"},"thumbnailUrl":"https:\/\/lasentinelle.dz\/wp-content\/uploads\/2021\/01\/est-1024x576.jpg","datePublished":"2021-01-21T23:12:00+00:00","dateModified":"2021-01-23T09:41:16+00:00","breadcrumb":{"@id":"https:\/\/lasentinelle.dz\/index.php\/2021\/01\/22\/affaire-de-lautoroute-est-ouestle-proces-en-appel-reporte-a-la-fin-de-la-session-penale\/#breadcrumb"},"inLanguage":"fr-FR","potentialAction":[{"@type":"ReadAction","target":["https:\/\/lasentinelle.dz\/index.php\/2021\/01\/22\/affaire-de-lautoroute-est-ouestle-proces-en-appel-reporte-a-la-fin-de-la-session-penale\/"]}]},{"@type":"ImageObject","inLanguage":"fr-FR","@id":"https:\/\/lasentinelle.dz\/index.php\/2021\/01\/22\/affaire-de-lautoroute-est-ouestle-proces-en-appel-reporte-a-la-fin-de-la-session-penale\/#primaryimage","url":"https:\/\/lasentinelle.dz\/wp-content\/uploads\/2021\/01\/est.jpg","contentUrl":"https:\/\/lasentinelle.dz\/wp-content\/uploads\/2021\/01\/est.jpg","width":1280,"height":720},{"@type":"BreadcrumbList","@id":"https:\/\/lasentinelle.dz\/index.php\/2021\/01\/22\/affaire-de-lautoroute-est-ouestle-proces-en-appel-reporte-a-la-fin-de-la-session-penale\/#breadcrumb","itemListElement":[{"@type":"ListItem","position":1,"name":"Accueil","item":"https:\/\/lasentinelle.dz\/"},{"@type":"ListItem","position":2,"name":"Affaire de l\u2019autoroute est-ouest:Le proc\u00e8s en appel report\u00e9 \u00e0 la fin de la session p\u00e9nale"}]},{"@type":"WebSite","@id":"https:\/\/lasentinelle.dz\/#website","url":"https:\/\/lasentinelle.dz\/","name":"La Sentinelle","description":"Quotidien national d&#039;information","publisher":{"@id":"https:\/\/lasentinelle.dz\/#organization"},"potentialAction":[{"@type":"SearchAction","target":{"@type":"EntryPoint","urlTemplate":"https:\/\/lasentinelle.dz\/?s={search_term_string}"},"query-input":{"@type":"PropertyValueSpecification","valueRequired":true,"valueName":"search_term_string"}}],"inLanguage":"fr-FR"},{"@type":"Organization","@id":"https:\/\/lasentinelle.dz\/#organization","name":"Quotidien La Sentinelle","url":"https:\/\/lasentinelle.dz\/","logo":{"@type":"ImageObject","inLanguage":"fr-FR","@id":"https:\/\/lasentinelle.dz\/#\/schema\/logo\/image\/","url":"https:\/\/lasentinelle.dz\/wp-content\/uploads\/2021\/09\/logo-sentinelleSLOGAN-1.png","contentUrl":"https:\/\/lasentinelle.dz\/wp-content\/uploads\/2021\/09\/logo-sentinelleSLOGAN-1.png","width":615,"height":142,"caption":"Quotidien La Sentinelle"},"image":{"@id":"https:\/\/lasentinelle.dz\/#\/schema\/logo\/image\/"},"sameAs":["https:\/\/www.facebook.com\/La-Sentinelle-104059864394773"]},{"@type":"Person","@id":"https:\/\/lasentinelle.dz\/#\/schema\/person\/d865044e22e70a75174ce8bcad3acfb3","name":"La Sentinelle","image":{"@type":"ImageObject","inLanguage":"fr-FR","@id":"https:\/\/secure.gravatar.com\/avatar\/57de8e5d4b15d43fb361a71fbb36338450fe67865b528a43dd10ef7c51a20392?s=96&d=mm&r=g","url":"https:\/\/secure.gravatar.com\/avatar\/57de8e5d4b15d43fb361a71fbb36338450fe67865b528a43dd10ef7c51a20392?s=96&d=mm&r=g","contentUrl":"https:\/\/secure.gravatar.com\/avatar\/57de8e5d4b15d43fb361a71fbb36338450fe67865b528a43dd10ef7c51a20392?s=96&d=mm&r=g","caption":"La Sentinelle"},"sameAs":["http:\/\/www.lasentinelle.dz"],"url":"https:\/\/lasentinelle.dz\/author\/redaction\/"}]}},"_links":{"self":[{"href":"https:\/\/lasentinelle.dz\/index.php\/wp-json\/wp\/v2\/posts\/577","targetHints":{"allow":["GET"]}}],"collection":[{"href":"https:\/\/lasentinelle.dz\/index.php\/wp-json\/wp\/v2\/posts"}],"about":[{"href":"https:\/\/lasentinelle.dz\/index.php\/wp-json\/wp\/v2\/types\/post"}],"author":[{"embeddable":true,"href":"https:\/\/lasentinelle.dz\/index.php\/wp-json\/wp\/v2\/users\/3"}],"replies":[{"embeddable":true,"href":"https:\/\/lasentinelle.dz\/index.php\/wp-json\/wp\/v2\/comments?post=577"}],"version-history":[{"count":2,"href":"https:\/\/lasentinelle.dz\/index.php\/wp-json\/wp\/v2\/posts\/577\/revisions"}],"predecessor-version":[{"id":580,"href":"https:\/\/lasentinelle.dz\/index.php\/wp-json\/wp\/v2\/posts\/577\/revisions\/580"}],"wp:attachment":[{"href":"https:\/\/lasentinelle.dz\/index.php\/wp-json\/wp\/v2\/media?parent=577"}],"wp:term":[{"taxonomy":"category","embeddable":true,"href":"https:\/\/lasentinelle.dz\/index.php\/wp-json\/wp\/v2\/categories?post=577"},{"taxonomy":"post_tag","embeddable":true,"href":"https:\/\/lasentinelle.dz\/index.php\/wp-json\/wp\/v2\/tags?post=577"}],"curies":[{"name":"wp","href":"https:\/\/api.w.org\/{rel}","templated":true}]}}