{"id":57745,"date":"2024-10-02T14:11:14","date_gmt":"2024-10-02T13:11:14","guid":{"rendered":"https:\/\/lasentinelle.dz\/?p=57745"},"modified":"2024-10-02T14:11:15","modified_gmt":"2024-10-02T13:11:15","slug":"cas-de-diphterie-et-de-paludisme-dans-le-sud-les-nouvelles-directives-de-saihi","status":"publish","type":"post","link":"https:\/\/lasentinelle.dz\/index.php\/2024\/10\/02\/cas-de-diphterie-et-de-paludisme-dans-le-sud-les-nouvelles-directives-de-saihi\/","title":{"rendered":"Cas de dipht\u00e9rie et de paludisme dans le Sud: Les nouvelles directives de Sa\u00efhi"},"content":{"rendered":"\n<p>Le ministre de la Sant\u00e9 intensifie la lutte contre la Le ministre de la Sant\u00e9, Abdelhak Saihi, a pr\u00e9sid\u00e9 lundi une r\u00e9union de coordination \u00e9largie pour se pencher de nouveau sur l\u2019apparition de cas de paludisme et de dipht\u00e9rie dans le Sud et annonc\u00e9 une s\u00e9rie de mesures d&rsquo;urgence pour ma\u00eetriser la situation \u00e9pid\u00e9miologique. Au cours de cette r\u00e9union, qui s&rsquo;est tenue en pr\u00e9sence des cadres de l&rsquo;administration centrale et des directeurs g\u00e9n\u00e9raux de l&rsquo;Institut Pasteur, de la Pharmacie centrale des H\u00f4pitaux (PCH) et de l&rsquo;Institut national de Sant\u00e9 publique, le ministre a ordonn\u00e9 l&rsquo;envoi imm\u00e9diat de quantit\u00e9s suppl\u00e9mentaires de m\u00e9dicaments antipalud\u00e9ens, de vaccins et de s\u00e9rums antidipht\u00e9riques pour assurer une prise en charge urgente et compl\u00e8te des cas enregistr\u00e9s.<\/p>\n\n\n\n<p>Dans le cadre du renforcement des moyens m\u00e9dicaux et logistiques, une mission m\u00e9dicale conjointe entre le minist\u00e8re de la Sant\u00e9 et la Protection civile a \u00e9t\u00e9 d\u00e9ploy\u00e9e vers les wilayas de Bordj Badji Mokhtar et In Guezzam. Cette \u00e9quipe, compos\u00e9e de soixante membres incluant m\u00e9decins et infirmiers, est dot\u00e9e de onze ambulances ainsi que de m\u00e9dicaments, vaccins et \u00e9quipements m\u00e9dicaux divers. Le ministre Saihi a \u00e9galement ordonn\u00e9 la mobilisation de tous les moyens n\u00e9cessaires pour faciliter le travail des \u00e9quipes m\u00e9dicales et param\u00e9dicales, notamment en renfor\u00e7ant ces derni\u00e8res avec du personnel recrut\u00e9 dans les r\u00e9gions voisines des wilayas touch\u00e9es.<\/p>\n\n\n\n<p>Concernant la r\u00e9organisation de la prise en charge, de nouvelles directives pr\u00e9voient la cr\u00e9ation de pavillons d\u00e9di\u00e9s dans les h\u00f4pitaux des wilayas affect\u00e9es pour les cas simples ne n\u00e9cessitant pas d&rsquo;hospitalisation, tandis que les cas graves seront transf\u00e9r\u00e9s vers les diff\u00e9rents \u00e9tablissements sanitaires de la wilaya de Tamanrasset. La campagne de vaccination a \u00e9t\u00e9 \u00e9tendue \u00e0 toutes les cat\u00e9gories de citoyens, y compris les enfants, et des doses de rappel sont administr\u00e9es aux personnes d\u00e9j\u00e0 vaccin\u00e9es par mesure de pr\u00e9caution. Pour assurer un suivi rigoureux de la situation, une cellule de veille, install\u00e9e d\u00e8s l&rsquo;apparition des premiers cas, est charg\u00e9e d&rsquo;\u00e9laborer des rapports quotidiens sur l&rsquo;\u00e9volution de la situation sanitaire. \u00c0 Tamanrasset, le service d&rsquo;\u00e9pid\u00e9miologie et de m\u00e9decine pr\u00e9ventive de l&rsquo;h\u00f4pital effectue quotidiennement entre 100 et 200 pr\u00e9l\u00e8vements pour le d\u00e9pistage d&rsquo;\u00e9ventuelles contaminations. Sur le terrain, la wilaya de Tamanrasset a intensifi\u00e9 les mesures pratiques avec l&rsquo;aspersion d&rsquo;insecticides dans les rues et lieux publics, l&rsquo;ass\u00e8chement des lacs et l&rsquo;organisation de campagnes de nettoiement des quartiers. Des caravanes de proximit\u00e9 ont \u00e9galement \u00e9t\u00e9 lanc\u00e9es pour atteindre et vacciner les populations nomades.<\/p>\n\n\n\n<p>La situation est \u00ab&nbsp;stable&nbsp;\u00bb<\/p>\n\n\n\n<p>Selon le ministre Saihi, la situation est actuellement \u00ab\u00a0stable\u00a0\u00bb, aucune nouvelle infection n&rsquo;ayant \u00e9t\u00e9 signal\u00e9e au cours de la derni\u00e8re semaine. Il est \u00e0 noter que tous les cas de paludisme recens\u00e9s \u00e0 Tamanrasset sont import\u00e9s des r\u00e9gions frontali\u00e8res, suite aux importantes pr\u00e9cipitations qui s&rsquo;y sont abattues. Les efforts de vaccination ont d\u00e9j\u00e0 permis de prot\u00e9ger plus de 3 000 personnes contre la dipht\u00e9rie en 2023, et ce chiffre a plus que tripl\u00e9 en 2024 avec plus de 11 000 personnes vaccin\u00e9es. L&rsquo;envoi de la mission m\u00e9dicale conjointe s&rsquo;est fait en ex\u00e9cution des instructions du pr\u00e9sident de la R\u00e9publique, Abdelmadjid Tebboune, soulignant l&rsquo;importance accord\u00e9e \u00e0 cette situation sanitaire au plus haut niveau de l&rsquo;\u00c9tat. La PCH est \u00e9galement pleinement mobilis\u00e9e, ayant d\u00e9j\u00e0 achemin\u00e9 d&rsquo;importantes quantit\u00e9s de m\u00e9dicaments antipalud\u00e9ens dans les zones concern\u00e9es, avec une nouvelle cargaison arriv\u00e9e lundi matin \u00e0 Timiaouine et Tin Zaouatine. Les autorit\u00e9s sanitaires ont adopt\u00e9 un protocole sanitaire conforme aux normes de l&rsquo;Organisation mondiale de la sant\u00e9. La coordination \u00e9troite entre les diff\u00e9rents services t\u00e9moigne d&rsquo;une approche globale et int\u00e9gr\u00e9e pour faire face \u00e0 cette situation \u00e9pid\u00e9miologique. L&rsquo;accent mis sur la pr\u00e9vention, le renforcement des capacit\u00e9s de prise en charge et la surveillance \u00e9pid\u00e9miologique rigoureuse devrait permettre de contenir efficacement la propagation de ces maladies dans les wilayas du Sud alg\u00e9rien, o\u00f9 la situation reste sous \u00e9troite surveillance.<\/p>\n\n\n\n<p>Samir Benisid<\/p>\n","protected":false},"excerpt":{"rendered":"<p>Le ministre de la Sant\u00e9 intensifie la lutte contre la Le ministre de la Sant\u00e9, Abdelhak Saihi, a pr\u00e9sid\u00e9 lundi<\/p>\n","protected":false},"author":6,"featured_media":35776,"comment_status":"open","ping_status":"closed","sticky":false,"template":"","format":"standard","meta":{"colormag_page_container_layout":"default_layout","colormag_page_sidebar_layout":"default_layout","om_disable_all_campaigns":false,"_monsterinsights_skip_tracking":false,"_monsterinsights_sitenote_active":false,"_monsterinsights_sitenote_note":"","_monsterinsights_sitenote_category":0,"footnotes":"","_wpscppro_dont_share_socialmedia":false,"_wpscppro_custom_social_share_image":0,"_facebook_share_type":"default","_twitter_share_type":"default","_linkedin_share_type":"default","_pinterest_share_type":"default","_linkedin_share_type_page":"","_instagram_share_type":"default","_medium_share_type":"","_threads_share_type":"","_google_business_share_type":"","_selected_social_profile":[],"_wpsp_enable_custom_social_template":false,"_wpsp_social_scheduling":{"enabled":false,"datetime":null,"platforms":[],"status":"template_only","dateOption":"today","timeOption":"now","customDays":"","customHours":"","customDate":"","customTime":"","schedulingType":"absolute"},"_wpsp_active_default_template":true},"categories":[27],"tags":[],"class_list":["post-57745","post","type-post","status-publish","format-standard","has-post-thumbnail","hentry","category-actualite"],"aioseo_notices":[],"yoast_head":"<!-- This site is optimized with the Yoast SEO plugin v27.5 - https:\/\/yoast.com\/product\/yoast-seo-wordpress\/ -->\n<title>Cas de dipht\u00e9rie et de paludisme dans le Sud: Les nouvelles directives de Sa\u00efhi - La Sentinelle<\/title>\n<meta name=\"robots\" content=\"index, follow, max-snippet:-1, max-image-preview:large, max-video-preview:-1\" \/>\n<link rel=\"canonical\" href=\"https:\/\/lasentinelle.dz\/index.php\/2024\/10\/02\/cas-de-diphterie-et-de-paludisme-dans-le-sud-les-nouvelles-directives-de-saihi\/\" \/>\n<meta property=\"og:locale\" content=\"fr_FR\" \/>\n<meta property=\"og:type\" content=\"article\" \/>\n<meta property=\"og:title\" content=\"Cas de dipht\u00e9rie et de paludisme dans le Sud: Les nouvelles directives de Sa\u00efhi - La Sentinelle\" \/>\n<meta property=\"og:description\" content=\"Le ministre de la Sant\u00e9 intensifie la lutte contre la Le ministre de la Sant\u00e9, Abdelhak Saihi, a pr\u00e9sid\u00e9 lundi\" \/>\n<meta property=\"og:url\" content=\"https:\/\/lasentinelle.dz\/index.php\/2024\/10\/02\/cas-de-diphterie-et-de-paludisme-dans-le-sud-les-nouvelles-directives-de-saihi\/\" \/>\n<meta property=\"og:site_name\" content=\"La Sentinelle\" \/>\n<meta property=\"article:publisher\" content=\"https:\/\/www.facebook.com\/La-Sentinelle-104059864394773\" \/>\n<meta property=\"article:published_time\" content=\"2024-10-02T13:11:14+00:00\" \/>\n<meta property=\"article:modified_time\" content=\"2024-10-02T13:11:15+00:00\" \/>\n<meta property=\"og:image\" content=\"https:\/\/lasentinelle.dz\/wp-content\/uploads\/2023\/02\/saihi.png\" \/>\n\t<meta property=\"og:image:width\" content=\"1351\" \/>\n\t<meta property=\"og:image:height\" content=\"900\" \/>\n\t<meta property=\"og:image:type\" content=\"image\/png\" \/>\n<meta name=\"author\" content=\"admin\" \/>\n<meta name=\"twitter:card\" content=\"summary_large_image\" \/>\n<meta name=\"twitter:label1\" content=\"\u00c9crit par\" \/>\n\t<meta name=\"twitter:data1\" content=\"admin\" \/>\n\t<meta name=\"twitter:label2\" content=\"Dur\u00e9e de lecture estim\u00e9e\" \/>\n\t<meta name=\"twitter:data2\" content=\"4 minutes\" \/>\n<script type=\"application\/ld+json\" class=\"yoast-schema-graph\">{\"@context\":\"https:\\\/\\\/schema.org\",\"@graph\":[{\"@type\":\"Article\",\"@id\":\"https:\\\/\\\/lasentinelle.dz\\\/index.php\\\/2024\\\/10\\\/02\\\/cas-de-diphterie-et-de-paludisme-dans-le-sud-les-nouvelles-directives-de-saihi\\\/#article\",\"isPartOf\":{\"@id\":\"https:\\\/\\\/lasentinelle.dz\\\/index.php\\\/2024\\\/10\\\/02\\\/cas-de-diphterie-et-de-paludisme-dans-le-sud-les-nouvelles-directives-de-saihi\\\/\"},\"author\":{\"name\":\"admin\",\"@id\":\"https:\\\/\\\/lasentinelle.dz\\\/#\\\/schema\\\/person\\\/729ee0024f24e0b8c5ec17232f8e8b41\"},\"headline\":\"Cas de dipht\u00e9rie et de paludisme dans le Sud: Les nouvelles directives de Sa\u00efhi\",\"datePublished\":\"2024-10-02T13:11:14+00:00\",\"dateModified\":\"2024-10-02T13:11:15+00:00\",\"mainEntityOfPage\":{\"@id\":\"https:\\\/\\\/lasentinelle.dz\\\/index.php\\\/2024\\\/10\\\/02\\\/cas-de-diphterie-et-de-paludisme-dans-le-sud-les-nouvelles-directives-de-saihi\\\/\"},\"wordCount\":756,\"commentCount\":0,\"publisher\":{\"@id\":\"https:\\\/\\\/lasentinelle.dz\\\/#organization\"},\"image\":{\"@id\":\"https:\\\/\\\/lasentinelle.dz\\\/index.php\\\/2024\\\/10\\\/02\\\/cas-de-diphterie-et-de-paludisme-dans-le-sud-les-nouvelles-directives-de-saihi\\\/#primaryimage\"},\"thumbnailUrl\":\"https:\\\/\\\/lasentinelle.dz\\\/wp-content\\\/uploads\\\/2023\\\/02\\\/saihi.png\",\"articleSection\":[\"Actualit\u00e9\"],\"inLanguage\":\"fr-FR\",\"potentialAction\":[{\"@type\":\"CommentAction\",\"name\":\"Comment\",\"target\":[\"https:\\\/\\\/lasentinelle.dz\\\/index.php\\\/2024\\\/10\\\/02\\\/cas-de-diphterie-et-de-paludisme-dans-le-sud-les-nouvelles-directives-de-saihi\\\/#respond\"]}]},{\"@type\":\"WebPage\",\"@id\":\"https:\\\/\\\/lasentinelle.dz\\\/index.php\\\/2024\\\/10\\\/02\\\/cas-de-diphterie-et-de-paludisme-dans-le-sud-les-nouvelles-directives-de-saihi\\\/\",\"url\":\"https:\\\/\\\/lasentinelle.dz\\\/index.php\\\/2024\\\/10\\\/02\\\/cas-de-diphterie-et-de-paludisme-dans-le-sud-les-nouvelles-directives-de-saihi\\\/\",\"name\":\"Cas de dipht\u00e9rie et de paludisme dans le Sud: Les nouvelles directives de Sa\u00efhi - La Sentinelle\",\"isPartOf\":{\"@id\":\"https:\\\/\\\/lasentinelle.dz\\\/#website\"},\"primaryImageOfPage\":{\"@id\":\"https:\\\/\\\/lasentinelle.dz\\\/index.php\\\/2024\\\/10\\\/02\\\/cas-de-diphterie-et-de-paludisme-dans-le-sud-les-nouvelles-directives-de-saihi\\\/#primaryimage\"},\"image\":{\"@id\":\"https:\\\/\\\/lasentinelle.dz\\\/index.php\\\/2024\\\/10\\\/02\\\/cas-de-diphterie-et-de-paludisme-dans-le-sud-les-nouvelles-directives-de-saihi\\\/#primaryimage\"},\"thumbnailUrl\":\"https:\\\/\\\/lasentinelle.dz\\\/wp-content\\\/uploads\\\/2023\\\/02\\\/saihi.png\",\"datePublished\":\"2024-10-02T13:11:14+00:00\",\"dateModified\":\"2024-10-02T13:11:15+00:00\",\"breadcrumb\":{\"@id\":\"https:\\\/\\\/lasentinelle.dz\\\/index.php\\\/2024\\\/10\\\/02\\\/cas-de-diphterie-et-de-paludisme-dans-le-sud-les-nouvelles-directives-de-saihi\\\/#breadcrumb\"},\"inLanguage\":\"fr-FR\",\"potentialAction\":[{\"@type\":\"ReadAction\",\"target\":[\"https:\\\/\\\/lasentinelle.dz\\\/index.php\\\/2024\\\/10\\\/02\\\/cas-de-diphterie-et-de-paludisme-dans-le-sud-les-nouvelles-directives-de-saihi\\\/\"]}]},{\"@type\":\"ImageObject\",\"inLanguage\":\"fr-FR\",\"@id\":\"https:\\\/\\\/lasentinelle.dz\\\/index.php\\\/2024\\\/10\\\/02\\\/cas-de-diphterie-et-de-paludisme-dans-le-sud-les-nouvelles-directives-de-saihi\\\/#primaryimage\",\"url\":\"https:\\\/\\\/lasentinelle.dz\\\/wp-content\\\/uploads\\\/2023\\\/02\\\/saihi.png\",\"contentUrl\":\"https:\\\/\\\/lasentinelle.dz\\\/wp-content\\\/uploads\\\/2023\\\/02\\\/saihi.png\",\"width\":1351,\"height\":900},{\"@type\":\"BreadcrumbList\",\"@id\":\"https:\\\/\\\/lasentinelle.dz\\\/index.php\\\/2024\\\/10\\\/02\\\/cas-de-diphterie-et-de-paludisme-dans-le-sud-les-nouvelles-directives-de-saihi\\\/#breadcrumb\",\"itemListElement\":[{\"@type\":\"ListItem\",\"position\":1,\"name\":\"Accueil\",\"item\":\"https:\\\/\\\/lasentinelle.dz\\\/\"},{\"@type\":\"ListItem\",\"position\":2,\"name\":\"Cas de dipht\u00e9rie et de paludisme dans le Sud: Les nouvelles directives de Sa\u00efhi\"}]},{\"@type\":\"WebSite\",\"@id\":\"https:\\\/\\\/lasentinelle.dz\\\/#website\",\"url\":\"https:\\\/\\\/lasentinelle.dz\\\/\",\"name\":\"La Sentinelle\",\"description\":\"Quotidien national d&#039;information\",\"publisher\":{\"@id\":\"https:\\\/\\\/lasentinelle.dz\\\/#organization\"},\"potentialAction\":[{\"@type\":\"SearchAction\",\"target\":{\"@type\":\"EntryPoint\",\"urlTemplate\":\"https:\\\/\\\/lasentinelle.dz\\\/?s={search_term_string}\"},\"query-input\":{\"@type\":\"PropertyValueSpecification\",\"valueRequired\":true,\"valueName\":\"search_term_string\"}}],\"inLanguage\":\"fr-FR\"},{\"@type\":\"Organization\",\"@id\":\"https:\\\/\\\/lasentinelle.dz\\\/#organization\",\"name\":\"Quotidien La Sentinelle\",\"url\":\"https:\\\/\\\/lasentinelle.dz\\\/\",\"logo\":{\"@type\":\"ImageObject\",\"inLanguage\":\"fr-FR\",\"@id\":\"https:\\\/\\\/lasentinelle.dz\\\/#\\\/schema\\\/logo\\\/image\\\/\",\"url\":\"https:\\\/\\\/lasentinelle.dz\\\/wp-content\\\/uploads\\\/2021\\\/09\\\/logo-sentinelleSLOGAN-1.png\",\"contentUrl\":\"https:\\\/\\\/lasentinelle.dz\\\/wp-content\\\/uploads\\\/2021\\\/09\\\/logo-sentinelleSLOGAN-1.png\",\"width\":615,\"height\":142,\"caption\":\"Quotidien La Sentinelle\"},\"image\":{\"@id\":\"https:\\\/\\\/lasentinelle.dz\\\/#\\\/schema\\\/logo\\\/image\\\/\"},\"sameAs\":[\"https:\\\/\\\/www.facebook.com\\\/La-Sentinelle-104059864394773\"]},{\"@type\":\"Person\",\"@id\":\"https:\\\/\\\/lasentinelle.dz\\\/#\\\/schema\\\/person\\\/729ee0024f24e0b8c5ec17232f8e8b41\",\"name\":\"admin\",\"image\":{\"@type\":\"ImageObject\",\"inLanguage\":\"fr-FR\",\"@id\":\"https:\\\/\\\/secure.gravatar.com\\\/avatar\\\/4c81fed838786e9b53f540bf46533e750f5d292099ae3b66cfc6fb1982e29df7?s=96&d=mm&r=g\",\"url\":\"https:\\\/\\\/secure.gravatar.com\\\/avatar\\\/4c81fed838786e9b53f540bf46533e750f5d292099ae3b66cfc6fb1982e29df7?s=96&d=mm&r=g\",\"contentUrl\":\"https:\\\/\\\/secure.gravatar.com\\\/avatar\\\/4c81fed838786e9b53f540bf46533e750f5d292099ae3b66cfc6fb1982e29df7?s=96&d=mm&r=g\",\"caption\":\"admin\"},\"description\":\"admin\",\"url\":\"https:\\\/\\\/lasentinelle.dz\\\/author\\\/admin\\\/\"}]}<\/script>\n<!-- \/ Yoast SEO plugin. -->","yoast_head_json":{"title":"Cas de dipht\u00e9rie et de paludisme dans le Sud: Les nouvelles directives de Sa\u00efhi - La Sentinelle","robots":{"index":"index","follow":"follow","max-snippet":"max-snippet:-1","max-image-preview":"max-image-preview:large","max-video-preview":"max-video-preview:-1"},"canonical":"https:\/\/lasentinelle.dz\/index.php\/2024\/10\/02\/cas-de-diphterie-et-de-paludisme-dans-le-sud-les-nouvelles-directives-de-saihi\/","og_locale":"fr_FR","og_type":"article","og_title":"Cas de dipht\u00e9rie et de paludisme dans le Sud: Les nouvelles directives de Sa\u00efhi - La Sentinelle","og_description":"Le ministre de la Sant\u00e9 intensifie la lutte contre la Le ministre de la Sant\u00e9, Abdelhak Saihi, a pr\u00e9sid\u00e9 lundi","og_url":"https:\/\/lasentinelle.dz\/index.php\/2024\/10\/02\/cas-de-diphterie-et-de-paludisme-dans-le-sud-les-nouvelles-directives-de-saihi\/","og_site_name":"La Sentinelle","article_publisher":"https:\/\/www.facebook.com\/La-Sentinelle-104059864394773","article_published_time":"2024-10-02T13:11:14+00:00","article_modified_time":"2024-10-02T13:11:15+00:00","og_image":[{"width":1351,"height":900,"url":"https:\/\/lasentinelle.dz\/wp-content\/uploads\/2023\/02\/saihi.png","type":"image\/png"}],"author":"admin","twitter_card":"summary_large_image","twitter_misc":{"\u00c9crit par":"admin","Dur\u00e9e de lecture estim\u00e9e":"4 minutes"},"schema":{"@context":"https:\/\/schema.org","@graph":[{"@type":"Article","@id":"https:\/\/lasentinelle.dz\/index.php\/2024\/10\/02\/cas-de-diphterie-et-de-paludisme-dans-le-sud-les-nouvelles-directives-de-saihi\/#article","isPartOf":{"@id":"https:\/\/lasentinelle.dz\/index.php\/2024\/10\/02\/cas-de-diphterie-et-de-paludisme-dans-le-sud-les-nouvelles-directives-de-saihi\/"},"author":{"name":"admin","@id":"https:\/\/lasentinelle.dz\/#\/schema\/person\/729ee0024f24e0b8c5ec17232f8e8b41"},"headline":"Cas de dipht\u00e9rie et de paludisme dans le Sud: Les nouvelles directives de Sa\u00efhi","datePublished":"2024-10-02T13:11:14+00:00","dateModified":"2024-10-02T13:11:15+00:00","mainEntityOfPage":{"@id":"https:\/\/lasentinelle.dz\/index.php\/2024\/10\/02\/cas-de-diphterie-et-de-paludisme-dans-le-sud-les-nouvelles-directives-de-saihi\/"},"wordCount":756,"commentCount":0,"publisher":{"@id":"https:\/\/lasentinelle.dz\/#organization"},"image":{"@id":"https:\/\/lasentinelle.dz\/index.php\/2024\/10\/02\/cas-de-diphterie-et-de-paludisme-dans-le-sud-les-nouvelles-directives-de-saihi\/#primaryimage"},"thumbnailUrl":"https:\/\/lasentinelle.dz\/wp-content\/uploads\/2023\/02\/saihi.png","articleSection":["Actualit\u00e9"],"inLanguage":"fr-FR","potentialAction":[{"@type":"CommentAction","name":"Comment","target":["https:\/\/lasentinelle.dz\/index.php\/2024\/10\/02\/cas-de-diphterie-et-de-paludisme-dans-le-sud-les-nouvelles-directives-de-saihi\/#respond"]}]},{"@type":"WebPage","@id":"https:\/\/lasentinelle.dz\/index.php\/2024\/10\/02\/cas-de-diphterie-et-de-paludisme-dans-le-sud-les-nouvelles-directives-de-saihi\/","url":"https:\/\/lasentinelle.dz\/index.php\/2024\/10\/02\/cas-de-diphterie-et-de-paludisme-dans-le-sud-les-nouvelles-directives-de-saihi\/","name":"Cas de dipht\u00e9rie et de paludisme dans le Sud: Les nouvelles directives de Sa\u00efhi - La Sentinelle","isPartOf":{"@id":"https:\/\/lasentinelle.dz\/#website"},"primaryImageOfPage":{"@id":"https:\/\/lasentinelle.dz\/index.php\/2024\/10\/02\/cas-de-diphterie-et-de-paludisme-dans-le-sud-les-nouvelles-directives-de-saihi\/#primaryimage"},"image":{"@id":"https:\/\/lasentinelle.dz\/index.php\/2024\/10\/02\/cas-de-diphterie-et-de-paludisme-dans-le-sud-les-nouvelles-directives-de-saihi\/#primaryimage"},"thumbnailUrl":"https:\/\/lasentinelle.dz\/wp-content\/uploads\/2023\/02\/saihi.png","datePublished":"2024-10-02T13:11:14+00:00","dateModified":"2024-10-02T13:11:15+00:00","breadcrumb":{"@id":"https:\/\/lasentinelle.dz\/index.php\/2024\/10\/02\/cas-de-diphterie-et-de-paludisme-dans-le-sud-les-nouvelles-directives-de-saihi\/#breadcrumb"},"inLanguage":"fr-FR","potentialAction":[{"@type":"ReadAction","target":["https:\/\/lasentinelle.dz\/index.php\/2024\/10\/02\/cas-de-diphterie-et-de-paludisme-dans-le-sud-les-nouvelles-directives-de-saihi\/"]}]},{"@type":"ImageObject","inLanguage":"fr-FR","@id":"https:\/\/lasentinelle.dz\/index.php\/2024\/10\/02\/cas-de-diphterie-et-de-paludisme-dans-le-sud-les-nouvelles-directives-de-saihi\/#primaryimage","url":"https:\/\/lasentinelle.dz\/wp-content\/uploads\/2023\/02\/saihi.png","contentUrl":"https:\/\/lasentinelle.dz\/wp-content\/uploads\/2023\/02\/saihi.png","width":1351,"height":900},{"@type":"BreadcrumbList","@id":"https:\/\/lasentinelle.dz\/index.php\/2024\/10\/02\/cas-de-diphterie-et-de-paludisme-dans-le-sud-les-nouvelles-directives-de-saihi\/#breadcrumb","itemListElement":[{"@type":"ListItem","position":1,"name":"Accueil","item":"https:\/\/lasentinelle.dz\/"},{"@type":"ListItem","position":2,"name":"Cas de dipht\u00e9rie et de paludisme dans le Sud: Les nouvelles directives de Sa\u00efhi"}]},{"@type":"WebSite","@id":"https:\/\/lasentinelle.dz\/#website","url":"https:\/\/lasentinelle.dz\/","name":"La Sentinelle","description":"Quotidien national d&#039;information","publisher":{"@id":"https:\/\/lasentinelle.dz\/#organization"},"potentialAction":[{"@type":"SearchAction","target":{"@type":"EntryPoint","urlTemplate":"https:\/\/lasentinelle.dz\/?s={search_term_string}"},"query-input":{"@type":"PropertyValueSpecification","valueRequired":true,"valueName":"search_term_string"}}],"inLanguage":"fr-FR"},{"@type":"Organization","@id":"https:\/\/lasentinelle.dz\/#organization","name":"Quotidien La Sentinelle","url":"https:\/\/lasentinelle.dz\/","logo":{"@type":"ImageObject","inLanguage":"fr-FR","@id":"https:\/\/lasentinelle.dz\/#\/schema\/logo\/image\/","url":"https:\/\/lasentinelle.dz\/wp-content\/uploads\/2021\/09\/logo-sentinelleSLOGAN-1.png","contentUrl":"https:\/\/lasentinelle.dz\/wp-content\/uploads\/2021\/09\/logo-sentinelleSLOGAN-1.png","width":615,"height":142,"caption":"Quotidien La Sentinelle"},"image":{"@id":"https:\/\/lasentinelle.dz\/#\/schema\/logo\/image\/"},"sameAs":["https:\/\/www.facebook.com\/La-Sentinelle-104059864394773"]},{"@type":"Person","@id":"https:\/\/lasentinelle.dz\/#\/schema\/person\/729ee0024f24e0b8c5ec17232f8e8b41","name":"admin","image":{"@type":"ImageObject","inLanguage":"fr-FR","@id":"https:\/\/secure.gravatar.com\/avatar\/4c81fed838786e9b53f540bf46533e750f5d292099ae3b66cfc6fb1982e29df7?s=96&d=mm&r=g","url":"https:\/\/secure.gravatar.com\/avatar\/4c81fed838786e9b53f540bf46533e750f5d292099ae3b66cfc6fb1982e29df7?s=96&d=mm&r=g","contentUrl":"https:\/\/secure.gravatar.com\/avatar\/4c81fed838786e9b53f540bf46533e750f5d292099ae3b66cfc6fb1982e29df7?s=96&d=mm&r=g","caption":"admin"},"description":"admin","url":"https:\/\/lasentinelle.dz\/author\/admin\/"}]}},"_links":{"self":[{"href":"https:\/\/lasentinelle.dz\/index.php\/wp-json\/wp\/v2\/posts\/57745","targetHints":{"allow":["GET"]}}],"collection":[{"href":"https:\/\/lasentinelle.dz\/index.php\/wp-json\/wp\/v2\/posts"}],"about":[{"href":"https:\/\/lasentinelle.dz\/index.php\/wp-json\/wp\/v2\/types\/post"}],"author":[{"embeddable":true,"href":"https:\/\/lasentinelle.dz\/index.php\/wp-json\/wp\/v2\/users\/6"}],"replies":[{"embeddable":true,"href":"https:\/\/lasentinelle.dz\/index.php\/wp-json\/wp\/v2\/comments?post=57745"}],"version-history":[{"count":1,"href":"https:\/\/lasentinelle.dz\/index.php\/wp-json\/wp\/v2\/posts\/57745\/revisions"}],"predecessor-version":[{"id":57746,"href":"https:\/\/lasentinelle.dz\/index.php\/wp-json\/wp\/v2\/posts\/57745\/revisions\/57746"}],"wp:featuredmedia":[{"embeddable":true,"href":"https:\/\/lasentinelle.dz\/index.php\/wp-json\/wp\/v2\/media\/35776"}],"wp:attachment":[{"href":"https:\/\/lasentinelle.dz\/index.php\/wp-json\/wp\/v2\/media?parent=57745"}],"wp:term":[{"taxonomy":"category","embeddable":true,"href":"https:\/\/lasentinelle.dz\/index.php\/wp-json\/wp\/v2\/categories?post=57745"},{"taxonomy":"post_tag","embeddable":true,"href":"https:\/\/lasentinelle.dz\/index.php\/wp-json\/wp\/v2\/tags?post=57745"}],"curies":[{"name":"wp","href":"https:\/\/api.w.org\/{rel}","templated":true}]}}