{"id":57752,"date":"2024-10-02T14:15:18","date_gmt":"2024-10-02T13:15:18","guid":{"rendered":"https:\/\/lasentinelle.dz\/?p=57752"},"modified":"2024-10-02T14:15:19","modified_gmt":"2024-10-02T13:15:19","slug":"dialogue-national-lugta-soutient-linitiative-du-president-tebboune","status":"publish","type":"post","link":"https:\/\/lasentinelle.dz\/index.php\/2024\/10\/02\/dialogue-national-lugta-soutient-linitiative-du-president-tebboune\/","title":{"rendered":"Dialogue national: L\u2019UGTA soutient l\u2019initiative du Pr\u00e9sident Tebboune"},"content":{"rendered":"\n<p>L&rsquo;Union g\u00e9n\u00e9rale des travailleurs alg\u00e9riens (UGTA), puissante organisation syndicale, a r\u00e9cemment exprim\u00e9 son soutien ferme \u00e0 l&rsquo;initiative de dialogue national lanc\u00e9e par le pr\u00e9sident de la R\u00e9publique, Abdelmadjid Tebboune. Une position affich\u00e9e hier par le secr\u00e9taire g\u00e9n\u00e9ral de l&rsquo;UGTA, Amar Takdjout, lors d&rsquo;un rassemblement syndical \u00e0 la Maison du Peuple \u00e0 Alger. Takdjout a clairement affirm\u00e9 que \u00ab\u00a0l&rsquo;UGTA, qui repose sur la philosophie et la culture du dialogue, soutient fortement l&rsquo;initiative de dialogue annonc\u00e9e par le pr\u00e9sident de la R\u00e9publique\u00a0\u00bb. Cette d\u00e9claration souligne l&rsquo;alignement de l&rsquo;organisation syndicale avec la vision pr\u00e9sidentielle d&rsquo;un dialogue inclusif visant \u00e0 renforcer la d\u00e9mocratie et \u00e0 pr\u00e9server l&rsquo;int\u00e9r\u00eat sup\u00e9rieur de la nation. Le leader syndical a insist\u00e9 sur le fait que l&rsquo;Union \u00ab\u00a0r\u00e9pond \u00e0 cet appel, dans l&rsquo;int\u00e9r\u00eat sup\u00e9rieur du pays et du peuple alg\u00e9rien\u00a0\u00bb, d\u00e9montrant ainsi la volont\u00e9 de l&rsquo;UGTA de jouer un r\u00f4le constructif dans ce processus national. L&rsquo;engagement de l&rsquo;UGTA ne se limite pas \u00e0 un simple soutien rh\u00e9torique. M. Takdjout a mis en avant les actions concr\u00e8tes entreprises par l&rsquo;Union pour pr\u00e9parer activement sa participation au dialogue. Notamment, il a soulign\u00e9 l&rsquo;importance accord\u00e9e \u00e0 la formation des syndicalistes, r\u00e9v\u00e9lant que l&rsquo;UGTA \u00ab\u00a0a r\u00e9cemment form\u00e9 pr\u00e8s de 2 700 syndicalistes et aspire \u00e0 atteindre 20 000\u00a0\u00bb. Cette d\u00e9marche t\u00e9moigne de la volont\u00e9 de l&rsquo;organisation de s&rsquo;impliquer de mani\u00e8re qualitative dans le processus de dialogue, en s&rsquo;assurant que ses repr\u00e9sentants soient bien outill\u00e9s pour contribuer efficacement aux discussions \u00e0 venir. Le secr\u00e9taire g\u00e9n\u00e9ral de l&rsquo;UGTA a \u00e9galement r\u00e9it\u00e9r\u00e9 l&rsquo;engagement de l&rsquo;Union \u00e0 soutenir le programme global du pr\u00e9sident de la R\u00e9publique, en particulier dans ses aspects sociaux et \u00e9conomiques. Cette position renforce la convergence entre les objectifs syndicaux et les orientations pr\u00e9sidentielles, cr\u00e9ant ainsi un terrain favorable pour un dialogue constructif. M. Takdjout a par ailleurs insist\u00e9 sur la n\u00e9cessit\u00e9 de \u00ab\u00a0g\u00e9n\u00e9raliser la culture du dialogue et de rejeter la violence au sein de la soci\u00e9t\u00e9\u00a0\u00bb. Cette d\u00e9claration s&rsquo;inscrit parfaitement dans l&rsquo;esprit de l&rsquo;initiative pr\u00e9sidentielle, qui vise \u00e0 cr\u00e9er un espace d&rsquo;\u00e9change pacifique et constructif entre toutes les composantes de la soci\u00e9t\u00e9 alg\u00e9rienne. Le soutien de l&rsquo;UGTA \u00e0 l&rsquo;initiative de dialogue national s&rsquo;inscrit dans le contexte plus large de l&rsquo;annonce faite par le pr\u00e9sident Tebboune lors de son investiture pour un second mandat. Le chef de l&rsquo;\u00c9tat avait alors exprim\u00e9 sa volont\u00e9 d&rsquo;engager \u00ab\u00a0des discussions soutenues et des consultations avec l&rsquo;ensemble des forces vives du pays, politiques, \u00e9conomiques et juv\u00e9niles\u00a0\u00bb. L&rsquo;objectif affich\u00e9 est de \u00ab\u00a0baliser ensemble le chemin qu&#8217;empruntera notre pays en mati\u00e8re de cons\u00e9cration de la v\u00e9ritable d\u00e9mocratie\u00a0\u00bb, une d\u00e9marche qui vise \u00e0 restaurer la confiance et \u00e0 consolider les fondements d\u00e9mocratiques de l&rsquo;Alg\u00e9rie. L&rsquo;adh\u00e9sion de l&rsquo;UGTA, organisation syndicale majeure, \u00e0 cette initiative pr\u00e9sidentielle repr\u00e9sente un atout consid\u00e9rable pour la r\u00e9ussite du dialogue national. Elle d\u00e9montre la capacit\u00e9 du projet \u00e0 mobiliser des acteurs influents de la soci\u00e9t\u00e9 civile et augure d&rsquo;une participation active et constructive des forces syndicales dans les discussions \u00e0 venir.<\/p>\n\n\n\n<p>Lyna Larbi<\/p>\n","protected":false},"excerpt":{"rendered":"<p>L&rsquo;Union g\u00e9n\u00e9rale des travailleurs alg\u00e9riens (UGTA), puissante organisation syndicale, a r\u00e9cemment exprim\u00e9 son soutien ferme \u00e0 l&rsquo;initiative de dialogue national<\/p>\n","protected":false},"author":6,"featured_media":51917,"comment_status":"open","ping_status":"closed","sticky":false,"template":"","format":"standard","meta":{"colormag_page_container_layout":"default_layout","colormag_page_sidebar_layout":"default_layout","om_disable_all_campaigns":false,"_monsterinsights_skip_tracking":false,"_monsterinsights_sitenote_active":false,"_monsterinsights_sitenote_note":"","_monsterinsights_sitenote_category":0,"footnotes":"","_wpscppro_dont_share_socialmedia":false,"_wpscppro_custom_social_share_image":0,"_facebook_share_type":"default","_twitter_share_type":"default","_linkedin_share_type":"default","_pinterest_share_type":"default","_linkedin_share_type_page":"","_instagram_share_type":"default","_medium_share_type":"","_threads_share_type":"","_google_business_share_type":"","_selected_social_profile":[],"_wpsp_enable_custom_social_template":false,"_wpsp_social_scheduling":{"enabled":false,"datetime":null,"platforms":[],"status":"template_only","dateOption":"today","timeOption":"now","customDays":"","customHours":"","customDate":"","customTime":"","schedulingType":"absolute"},"_wpsp_active_default_template":true},"categories":[27],"tags":[],"class_list":["post-57752","post","type-post","status-publish","format-standard","has-post-thumbnail","hentry","category-actualite"],"aioseo_notices":[],"yoast_head":"<!-- This site is optimized with the Yoast SEO plugin v27.4 - https:\/\/yoast.com\/product\/yoast-seo-wordpress\/ -->\n<title>Dialogue national: L\u2019UGTA soutient l\u2019initiative du Pr\u00e9sident Tebboune - La Sentinelle<\/title>\n<meta name=\"robots\" content=\"index, follow, max-snippet:-1, max-image-preview:large, max-video-preview:-1\" \/>\n<link rel=\"canonical\" href=\"https:\/\/lasentinelle.dz\/index.php\/2024\/10\/02\/dialogue-national-lugta-soutient-linitiative-du-president-tebboune\/\" \/>\n<meta property=\"og:locale\" content=\"fr_FR\" \/>\n<meta property=\"og:type\" content=\"article\" \/>\n<meta property=\"og:title\" content=\"Dialogue national: L\u2019UGTA soutient l\u2019initiative du Pr\u00e9sident Tebboune - La Sentinelle\" \/>\n<meta property=\"og:description\" content=\"L&rsquo;Union g\u00e9n\u00e9rale des travailleurs alg\u00e9riens (UGTA), puissante organisation syndicale, a r\u00e9cemment exprim\u00e9 son soutien ferme \u00e0 l&rsquo;initiative de dialogue national\" \/>\n<meta property=\"og:url\" content=\"https:\/\/lasentinelle.dz\/index.php\/2024\/10\/02\/dialogue-national-lugta-soutient-linitiative-du-president-tebboune\/\" \/>\n<meta property=\"og:site_name\" content=\"La Sentinelle\" \/>\n<meta property=\"article:publisher\" content=\"https:\/\/www.facebook.com\/La-Sentinelle-104059864394773\" \/>\n<meta property=\"article:published_time\" content=\"2024-10-02T13:15:18+00:00\" \/>\n<meta property=\"article:modified_time\" content=\"2024-10-02T13:15:19+00:00\" \/>\n<meta property=\"og:image\" content=\"https:\/\/lasentinelle.dz\/wp-content\/uploads\/2024\/05\/Amar-Takdjout.jpeg\" \/>\n\t<meta property=\"og:image:width\" content=\"1920\" \/>\n\t<meta property=\"og:image:height\" content=\"1080\" \/>\n\t<meta property=\"og:image:type\" content=\"image\/jpeg\" \/>\n<meta name=\"author\" content=\"admin\" \/>\n<meta name=\"twitter:card\" content=\"summary_large_image\" \/>\n<meta name=\"twitter:label1\" content=\"\u00c9crit par\" \/>\n\t<meta name=\"twitter:data1\" content=\"admin\" \/>\n\t<meta name=\"twitter:label2\" content=\"Dur\u00e9e de lecture estim\u00e9e\" \/>\n\t<meta name=\"twitter:data2\" content=\"3 minutes\" \/>\n<script type=\"application\/ld+json\" class=\"yoast-schema-graph\">{\"@context\":\"https:\\\/\\\/schema.org\",\"@graph\":[{\"@type\":\"Article\",\"@id\":\"https:\\\/\\\/lasentinelle.dz\\\/index.php\\\/2024\\\/10\\\/02\\\/dialogue-national-lugta-soutient-linitiative-du-president-tebboune\\\/#article\",\"isPartOf\":{\"@id\":\"https:\\\/\\\/lasentinelle.dz\\\/index.php\\\/2024\\\/10\\\/02\\\/dialogue-national-lugta-soutient-linitiative-du-president-tebboune\\\/\"},\"author\":{\"name\":\"admin\",\"@id\":\"https:\\\/\\\/lasentinelle.dz\\\/#\\\/schema\\\/person\\\/729ee0024f24e0b8c5ec17232f8e8b41\"},\"headline\":\"Dialogue national: L\u2019UGTA soutient l\u2019initiative du Pr\u00e9sident Tebboune\",\"datePublished\":\"2024-10-02T13:15:18+00:00\",\"dateModified\":\"2024-10-02T13:15:19+00:00\",\"mainEntityOfPage\":{\"@id\":\"https:\\\/\\\/lasentinelle.dz\\\/index.php\\\/2024\\\/10\\\/02\\\/dialogue-national-lugta-soutient-linitiative-du-president-tebboune\\\/\"},\"wordCount\":589,\"commentCount\":0,\"publisher\":{\"@id\":\"https:\\\/\\\/lasentinelle.dz\\\/#organization\"},\"image\":{\"@id\":\"https:\\\/\\\/lasentinelle.dz\\\/index.php\\\/2024\\\/10\\\/02\\\/dialogue-national-lugta-soutient-linitiative-du-president-tebboune\\\/#primaryimage\"},\"thumbnailUrl\":\"https:\\\/\\\/lasentinelle.dz\\\/wp-content\\\/uploads\\\/2024\\\/05\\\/Amar-Takdjout.jpeg\",\"articleSection\":[\"Actualit\u00e9\"],\"inLanguage\":\"fr-FR\",\"potentialAction\":[{\"@type\":\"CommentAction\",\"name\":\"Comment\",\"target\":[\"https:\\\/\\\/lasentinelle.dz\\\/index.php\\\/2024\\\/10\\\/02\\\/dialogue-national-lugta-soutient-linitiative-du-president-tebboune\\\/#respond\"]}]},{\"@type\":\"WebPage\",\"@id\":\"https:\\\/\\\/lasentinelle.dz\\\/index.php\\\/2024\\\/10\\\/02\\\/dialogue-national-lugta-soutient-linitiative-du-president-tebboune\\\/\",\"url\":\"https:\\\/\\\/lasentinelle.dz\\\/index.php\\\/2024\\\/10\\\/02\\\/dialogue-national-lugta-soutient-linitiative-du-president-tebboune\\\/\",\"name\":\"Dialogue national: L\u2019UGTA soutient l\u2019initiative du Pr\u00e9sident Tebboune - La Sentinelle\",\"isPartOf\":{\"@id\":\"https:\\\/\\\/lasentinelle.dz\\\/#website\"},\"primaryImageOfPage\":{\"@id\":\"https:\\\/\\\/lasentinelle.dz\\\/index.php\\\/2024\\\/10\\\/02\\\/dialogue-national-lugta-soutient-linitiative-du-president-tebboune\\\/#primaryimage\"},\"image\":{\"@id\":\"https:\\\/\\\/lasentinelle.dz\\\/index.php\\\/2024\\\/10\\\/02\\\/dialogue-national-lugta-soutient-linitiative-du-president-tebboune\\\/#primaryimage\"},\"thumbnailUrl\":\"https:\\\/\\\/lasentinelle.dz\\\/wp-content\\\/uploads\\\/2024\\\/05\\\/Amar-Takdjout.jpeg\",\"datePublished\":\"2024-10-02T13:15:18+00:00\",\"dateModified\":\"2024-10-02T13:15:19+00:00\",\"breadcrumb\":{\"@id\":\"https:\\\/\\\/lasentinelle.dz\\\/index.php\\\/2024\\\/10\\\/02\\\/dialogue-national-lugta-soutient-linitiative-du-president-tebboune\\\/#breadcrumb\"},\"inLanguage\":\"fr-FR\",\"potentialAction\":[{\"@type\":\"ReadAction\",\"target\":[\"https:\\\/\\\/lasentinelle.dz\\\/index.php\\\/2024\\\/10\\\/02\\\/dialogue-national-lugta-soutient-linitiative-du-president-tebboune\\\/\"]}]},{\"@type\":\"ImageObject\",\"inLanguage\":\"fr-FR\",\"@id\":\"https:\\\/\\\/lasentinelle.dz\\\/index.php\\\/2024\\\/10\\\/02\\\/dialogue-national-lugta-soutient-linitiative-du-president-tebboune\\\/#primaryimage\",\"url\":\"https:\\\/\\\/lasentinelle.dz\\\/wp-content\\\/uploads\\\/2024\\\/05\\\/Amar-Takdjout.jpeg\",\"contentUrl\":\"https:\\\/\\\/lasentinelle.dz\\\/wp-content\\\/uploads\\\/2024\\\/05\\\/Amar-Takdjout.jpeg\",\"width\":1920,\"height\":1080},{\"@type\":\"BreadcrumbList\",\"@id\":\"https:\\\/\\\/lasentinelle.dz\\\/index.php\\\/2024\\\/10\\\/02\\\/dialogue-national-lugta-soutient-linitiative-du-president-tebboune\\\/#breadcrumb\",\"itemListElement\":[{\"@type\":\"ListItem\",\"position\":1,\"name\":\"Accueil\",\"item\":\"https:\\\/\\\/lasentinelle.dz\\\/\"},{\"@type\":\"ListItem\",\"position\":2,\"name\":\"Dialogue national: L\u2019UGTA soutient l\u2019initiative du Pr\u00e9sident Tebboune\"}]},{\"@type\":\"WebSite\",\"@id\":\"https:\\\/\\\/lasentinelle.dz\\\/#website\",\"url\":\"https:\\\/\\\/lasentinelle.dz\\\/\",\"name\":\"La Sentinelle\",\"description\":\"Quotidien national d&#039;information\",\"publisher\":{\"@id\":\"https:\\\/\\\/lasentinelle.dz\\\/#organization\"},\"potentialAction\":[{\"@type\":\"SearchAction\",\"target\":{\"@type\":\"EntryPoint\",\"urlTemplate\":\"https:\\\/\\\/lasentinelle.dz\\\/?s={search_term_string}\"},\"query-input\":{\"@type\":\"PropertyValueSpecification\",\"valueRequired\":true,\"valueName\":\"search_term_string\"}}],\"inLanguage\":\"fr-FR\"},{\"@type\":\"Organization\",\"@id\":\"https:\\\/\\\/lasentinelle.dz\\\/#organization\",\"name\":\"Quotidien La Sentinelle\",\"url\":\"https:\\\/\\\/lasentinelle.dz\\\/\",\"logo\":{\"@type\":\"ImageObject\",\"inLanguage\":\"fr-FR\",\"@id\":\"https:\\\/\\\/lasentinelle.dz\\\/#\\\/schema\\\/logo\\\/image\\\/\",\"url\":\"https:\\\/\\\/lasentinelle.dz\\\/wp-content\\\/uploads\\\/2021\\\/09\\\/logo-sentinelleSLOGAN-1.png\",\"contentUrl\":\"https:\\\/\\\/lasentinelle.dz\\\/wp-content\\\/uploads\\\/2021\\\/09\\\/logo-sentinelleSLOGAN-1.png\",\"width\":615,\"height\":142,\"caption\":\"Quotidien La Sentinelle\"},\"image\":{\"@id\":\"https:\\\/\\\/lasentinelle.dz\\\/#\\\/schema\\\/logo\\\/image\\\/\"},\"sameAs\":[\"https:\\\/\\\/www.facebook.com\\\/La-Sentinelle-104059864394773\"]},{\"@type\":\"Person\",\"@id\":\"https:\\\/\\\/lasentinelle.dz\\\/#\\\/schema\\\/person\\\/729ee0024f24e0b8c5ec17232f8e8b41\",\"name\":\"admin\",\"image\":{\"@type\":\"ImageObject\",\"inLanguage\":\"fr-FR\",\"@id\":\"https:\\\/\\\/secure.gravatar.com\\\/avatar\\\/4c81fed838786e9b53f540bf46533e750f5d292099ae3b66cfc6fb1982e29df7?s=96&d=mm&r=g\",\"url\":\"https:\\\/\\\/secure.gravatar.com\\\/avatar\\\/4c81fed838786e9b53f540bf46533e750f5d292099ae3b66cfc6fb1982e29df7?s=96&d=mm&r=g\",\"contentUrl\":\"https:\\\/\\\/secure.gravatar.com\\\/avatar\\\/4c81fed838786e9b53f540bf46533e750f5d292099ae3b66cfc6fb1982e29df7?s=96&d=mm&r=g\",\"caption\":\"admin\"},\"description\":\"admin\",\"url\":\"https:\\\/\\\/lasentinelle.dz\\\/author\\\/admin\\\/\"}]}<\/script>\n<!-- \/ Yoast SEO plugin. -->","yoast_head_json":{"title":"Dialogue national: L\u2019UGTA soutient l\u2019initiative du Pr\u00e9sident Tebboune - La Sentinelle","robots":{"index":"index","follow":"follow","max-snippet":"max-snippet:-1","max-image-preview":"max-image-preview:large","max-video-preview":"max-video-preview:-1"},"canonical":"https:\/\/lasentinelle.dz\/index.php\/2024\/10\/02\/dialogue-national-lugta-soutient-linitiative-du-president-tebboune\/","og_locale":"fr_FR","og_type":"article","og_title":"Dialogue national: L\u2019UGTA soutient l\u2019initiative du Pr\u00e9sident Tebboune - La Sentinelle","og_description":"L&rsquo;Union g\u00e9n\u00e9rale des travailleurs alg\u00e9riens (UGTA), puissante organisation syndicale, a r\u00e9cemment exprim\u00e9 son soutien ferme \u00e0 l&rsquo;initiative de dialogue national","og_url":"https:\/\/lasentinelle.dz\/index.php\/2024\/10\/02\/dialogue-national-lugta-soutient-linitiative-du-president-tebboune\/","og_site_name":"La Sentinelle","article_publisher":"https:\/\/www.facebook.com\/La-Sentinelle-104059864394773","article_published_time":"2024-10-02T13:15:18+00:00","article_modified_time":"2024-10-02T13:15:19+00:00","og_image":[{"width":1920,"height":1080,"url":"https:\/\/lasentinelle.dz\/wp-content\/uploads\/2024\/05\/Amar-Takdjout.jpeg","type":"image\/jpeg"}],"author":"admin","twitter_card":"summary_large_image","twitter_misc":{"\u00c9crit par":"admin","Dur\u00e9e de lecture estim\u00e9e":"3 minutes"},"schema":{"@context":"https:\/\/schema.org","@graph":[{"@type":"Article","@id":"https:\/\/lasentinelle.dz\/index.php\/2024\/10\/02\/dialogue-national-lugta-soutient-linitiative-du-president-tebboune\/#article","isPartOf":{"@id":"https:\/\/lasentinelle.dz\/index.php\/2024\/10\/02\/dialogue-national-lugta-soutient-linitiative-du-president-tebboune\/"},"author":{"name":"admin","@id":"https:\/\/lasentinelle.dz\/#\/schema\/person\/729ee0024f24e0b8c5ec17232f8e8b41"},"headline":"Dialogue national: L\u2019UGTA soutient l\u2019initiative du Pr\u00e9sident Tebboune","datePublished":"2024-10-02T13:15:18+00:00","dateModified":"2024-10-02T13:15:19+00:00","mainEntityOfPage":{"@id":"https:\/\/lasentinelle.dz\/index.php\/2024\/10\/02\/dialogue-national-lugta-soutient-linitiative-du-president-tebboune\/"},"wordCount":589,"commentCount":0,"publisher":{"@id":"https:\/\/lasentinelle.dz\/#organization"},"image":{"@id":"https:\/\/lasentinelle.dz\/index.php\/2024\/10\/02\/dialogue-national-lugta-soutient-linitiative-du-president-tebboune\/#primaryimage"},"thumbnailUrl":"https:\/\/lasentinelle.dz\/wp-content\/uploads\/2024\/05\/Amar-Takdjout.jpeg","articleSection":["Actualit\u00e9"],"inLanguage":"fr-FR","potentialAction":[{"@type":"CommentAction","name":"Comment","target":["https:\/\/lasentinelle.dz\/index.php\/2024\/10\/02\/dialogue-national-lugta-soutient-linitiative-du-president-tebboune\/#respond"]}]},{"@type":"WebPage","@id":"https:\/\/lasentinelle.dz\/index.php\/2024\/10\/02\/dialogue-national-lugta-soutient-linitiative-du-president-tebboune\/","url":"https:\/\/lasentinelle.dz\/index.php\/2024\/10\/02\/dialogue-national-lugta-soutient-linitiative-du-president-tebboune\/","name":"Dialogue national: L\u2019UGTA soutient l\u2019initiative du Pr\u00e9sident Tebboune - La Sentinelle","isPartOf":{"@id":"https:\/\/lasentinelle.dz\/#website"},"primaryImageOfPage":{"@id":"https:\/\/lasentinelle.dz\/index.php\/2024\/10\/02\/dialogue-national-lugta-soutient-linitiative-du-president-tebboune\/#primaryimage"},"image":{"@id":"https:\/\/lasentinelle.dz\/index.php\/2024\/10\/02\/dialogue-national-lugta-soutient-linitiative-du-president-tebboune\/#primaryimage"},"thumbnailUrl":"https:\/\/lasentinelle.dz\/wp-content\/uploads\/2024\/05\/Amar-Takdjout.jpeg","datePublished":"2024-10-02T13:15:18+00:00","dateModified":"2024-10-02T13:15:19+00:00","breadcrumb":{"@id":"https:\/\/lasentinelle.dz\/index.php\/2024\/10\/02\/dialogue-national-lugta-soutient-linitiative-du-president-tebboune\/#breadcrumb"},"inLanguage":"fr-FR","potentialAction":[{"@type":"ReadAction","target":["https:\/\/lasentinelle.dz\/index.php\/2024\/10\/02\/dialogue-national-lugta-soutient-linitiative-du-president-tebboune\/"]}]},{"@type":"ImageObject","inLanguage":"fr-FR","@id":"https:\/\/lasentinelle.dz\/index.php\/2024\/10\/02\/dialogue-national-lugta-soutient-linitiative-du-president-tebboune\/#primaryimage","url":"https:\/\/lasentinelle.dz\/wp-content\/uploads\/2024\/05\/Amar-Takdjout.jpeg","contentUrl":"https:\/\/lasentinelle.dz\/wp-content\/uploads\/2024\/05\/Amar-Takdjout.jpeg","width":1920,"height":1080},{"@type":"BreadcrumbList","@id":"https:\/\/lasentinelle.dz\/index.php\/2024\/10\/02\/dialogue-national-lugta-soutient-linitiative-du-president-tebboune\/#breadcrumb","itemListElement":[{"@type":"ListItem","position":1,"name":"Accueil","item":"https:\/\/lasentinelle.dz\/"},{"@type":"ListItem","position":2,"name":"Dialogue national: L\u2019UGTA soutient l\u2019initiative du Pr\u00e9sident Tebboune"}]},{"@type":"WebSite","@id":"https:\/\/lasentinelle.dz\/#website","url":"https:\/\/lasentinelle.dz\/","name":"La Sentinelle","description":"Quotidien national d&#039;information","publisher":{"@id":"https:\/\/lasentinelle.dz\/#organization"},"potentialAction":[{"@type":"SearchAction","target":{"@type":"EntryPoint","urlTemplate":"https:\/\/lasentinelle.dz\/?s={search_term_string}"},"query-input":{"@type":"PropertyValueSpecification","valueRequired":true,"valueName":"search_term_string"}}],"inLanguage":"fr-FR"},{"@type":"Organization","@id":"https:\/\/lasentinelle.dz\/#organization","name":"Quotidien La Sentinelle","url":"https:\/\/lasentinelle.dz\/","logo":{"@type":"ImageObject","inLanguage":"fr-FR","@id":"https:\/\/lasentinelle.dz\/#\/schema\/logo\/image\/","url":"https:\/\/lasentinelle.dz\/wp-content\/uploads\/2021\/09\/logo-sentinelleSLOGAN-1.png","contentUrl":"https:\/\/lasentinelle.dz\/wp-content\/uploads\/2021\/09\/logo-sentinelleSLOGAN-1.png","width":615,"height":142,"caption":"Quotidien La Sentinelle"},"image":{"@id":"https:\/\/lasentinelle.dz\/#\/schema\/logo\/image\/"},"sameAs":["https:\/\/www.facebook.com\/La-Sentinelle-104059864394773"]},{"@type":"Person","@id":"https:\/\/lasentinelle.dz\/#\/schema\/person\/729ee0024f24e0b8c5ec17232f8e8b41","name":"admin","image":{"@type":"ImageObject","inLanguage":"fr-FR","@id":"https:\/\/secure.gravatar.com\/avatar\/4c81fed838786e9b53f540bf46533e750f5d292099ae3b66cfc6fb1982e29df7?s=96&d=mm&r=g","url":"https:\/\/secure.gravatar.com\/avatar\/4c81fed838786e9b53f540bf46533e750f5d292099ae3b66cfc6fb1982e29df7?s=96&d=mm&r=g","contentUrl":"https:\/\/secure.gravatar.com\/avatar\/4c81fed838786e9b53f540bf46533e750f5d292099ae3b66cfc6fb1982e29df7?s=96&d=mm&r=g","caption":"admin"},"description":"admin","url":"https:\/\/lasentinelle.dz\/author\/admin\/"}]}},"_links":{"self":[{"href":"https:\/\/lasentinelle.dz\/index.php\/wp-json\/wp\/v2\/posts\/57752","targetHints":{"allow":["GET"]}}],"collection":[{"href":"https:\/\/lasentinelle.dz\/index.php\/wp-json\/wp\/v2\/posts"}],"about":[{"href":"https:\/\/lasentinelle.dz\/index.php\/wp-json\/wp\/v2\/types\/post"}],"author":[{"embeddable":true,"href":"https:\/\/lasentinelle.dz\/index.php\/wp-json\/wp\/v2\/users\/6"}],"replies":[{"embeddable":true,"href":"https:\/\/lasentinelle.dz\/index.php\/wp-json\/wp\/v2\/comments?post=57752"}],"version-history":[{"count":1,"href":"https:\/\/lasentinelle.dz\/index.php\/wp-json\/wp\/v2\/posts\/57752\/revisions"}],"predecessor-version":[{"id":57753,"href":"https:\/\/lasentinelle.dz\/index.php\/wp-json\/wp\/v2\/posts\/57752\/revisions\/57753"}],"wp:featuredmedia":[{"embeddable":true,"href":"https:\/\/lasentinelle.dz\/index.php\/wp-json\/wp\/v2\/media\/51917"}],"wp:attachment":[{"href":"https:\/\/lasentinelle.dz\/index.php\/wp-json\/wp\/v2\/media?parent=57752"}],"wp:term":[{"taxonomy":"category","embeddable":true,"href":"https:\/\/lasentinelle.dz\/index.php\/wp-json\/wp\/v2\/categories?post=57752"},{"taxonomy":"post_tag","embeddable":true,"href":"https:\/\/lasentinelle.dz\/index.php\/wp-json\/wp\/v2\/tags?post=57752"}],"curies":[{"name":"wp","href":"https:\/\/api.w.org\/{rel}","templated":true}]}}