{"id":57754,"date":"2024-10-02T14:16:45","date_gmt":"2024-10-02T13:16:45","guid":{"rendered":"https:\/\/lasentinelle.dz\/?p=57754"},"modified":"2024-10-02T14:16:46","modified_gmt":"2024-10-02T13:16:46","slug":"sahara-occidental-lalgerie-repond-aux-mensonges-du-makhzen","status":"publish","type":"post","link":"https:\/\/lasentinelle.dz\/index.php\/2024\/10\/02\/sahara-occidental-lalgerie-repond-aux-mensonges-du-makhzen\/","title":{"rendered":"Sahara occidental: L&rsquo;Alg\u00e9rie r\u00e9pond aux mensonges du Makhzen"},"content":{"rendered":"\n<p>Dans le cadre du d\u00e9bat g\u00e9n\u00e9ral de la 79\u00e8me session de l&rsquo;Assembl\u00e9e g\u00e9n\u00e9rale de l&rsquo;ONU, le Repr\u00e9sentant permanent de l&rsquo;Alg\u00e9rie aupr\u00e8s des Nations unies, l\u2019ambassadeur Amar Bendjama, a vigoureusement r\u00e9pondu aux accusations infond\u00e9es du Maroc concernant la question du Sahara occidental. Son intervention, empreinte de fermet\u00e9 et de clart\u00e9, a mis en lumi\u00e8re les contradictions et les man\u0153uvres dilatoires du Makhzen dans ce dossier crucial pour la stabilit\u00e9 r\u00e9gionale.<\/p>\n\n\n\n<p>Bendjama a d&#8217;embl\u00e9e soulev\u00e9 une question fondamentale : pourquoi le Maroc, si confiant dans son pr\u00e9tendu plan d&rsquo;autonomie pour le Sahara occidental, refuse-t-il obstin\u00e9ment la d\u00e9mocratie d&rsquo;organiser un r\u00e9f\u00e9rendum d\u2019autod\u00e9termination ? Cette r\u00e9ticence ne trahit-elle pas une profonde appr\u00e9hension face \u00e0 l&rsquo;expression d\u00e9mocratique du peuple sahraoui ? Le Maroc utilise toutes sortes de man\u0153uvres pour reporter cette consultation (r\u00e9f\u00e9rendum d&rsquo;autod\u00e9termination du peuple sahraoui) y compris le fameux projet d&rsquo;autonomie (&#8230;) ce projet s&rsquo;il \u00e9tait si int\u00e9ressant, pourquoi (le Maroc) ne le propose-t-il pas \u00e0 la consultation (&#8230;) Avez-vous peur de l&rsquo;appel de la libert\u00e9 pour le peuple sahraoui?\u00a0\u00bb, s&rsquo;est demand\u00e9 M. Bendjama lors de son intervention dans le cadre d&rsquo;un droit de r\u00e9ponse \u00e0 l\u2019issue du d\u00e9bat g\u00e9n\u00e9ral de la 79\u00e8me session de l\u2019Assembl\u00e9e g\u00e9n\u00e9rale de l\u2019ONU. Le diplomate alg\u00e9rien a ainsi mis le doigt sur la faiblesse intrins\u00e8que de la position marocaine, qui cherche \u00e0 imposer une solution unilat\u00e9rale sans l&rsquo;aval des premiers concern\u00e9s.<\/p>\n\n\n\n<p>L&rsquo;acharnement du Maroc \u00e0 \u00e9viter toute forme de r\u00e9f\u00e9rendum d&rsquo;autod\u00e9termination, pourtant pr\u00e9vu par les r\u00e9solutions de l&rsquo;ONU, est particuli\u00e8rement r\u00e9v\u00e9lateur. Bendjama a rappel\u00e9 que la Mission des Nations unies pour l&rsquo;organisation d&rsquo;un r\u00e9f\u00e9rendum au Sahara occidental (MINURSO) attend toujours l&rsquo;autorisation d&rsquo;accomplir son mandat, bloqu\u00e9e par l&rsquo;intransigeance marocaine.<\/p>\n\n\n\n<p>Face aux accusations d&rsquo;ing\u00e9rence port\u00e9es contre l&rsquo;Alg\u00e9rie, Bendjama a r\u00e9affirm\u00e9 avec force l&rsquo;engagement historique et constant de son pays en faveur du droit inali\u00e9nable des peuples \u00e0 l&rsquo;autod\u00e9termination. \u00ab\u00a0Si ce territoire du Sahara occidental est de mani\u00e8re si immuable la propri\u00e9t\u00e9 du Maroc, pourquoi la Cour internationale de justice ne le reconna\u00eet pas et pourquoi le Maroc a accept\u00e9 de le d\u00e9pecer, de le partager avec la R\u00e9publique voisine de Mauritanie (&#8230;) Pourquoi a-t-on peur de la d\u00e9mocratie, pourquoi a-t-on peur du r\u00e9f\u00e9rendum, de la consultation libre et franche de la population du Sahara occidental? \u00ab\u00a0, s&rsquo;est-il encore interrog\u00e9. \u00ab\u00a0La MINURSO (Mission des Nations unies pour l&rsquo;organisation d&rsquo;un r\u00e9f\u00e9rendum au Sahara occidental) est au Sahara occidental, et attend qu&rsquo;on l&rsquo;autorise \u00e0 organiser ce r\u00e9f\u00e9rendum pour le bien de toute la r\u00e9gion\u00a0\u00bb, a-t-il soutenu.<\/p>\n\n\n\n<p>L&rsquo;Alg\u00e9rie, fid\u00e8le \u00e0 ses principes, plaide pour une solution politique n\u00e9goci\u00e9e entre le Front Polisario, repr\u00e9sentant l\u00e9gitime du peuple sahraoui, et le Maroc, puissance occupante. Bendjama a r\u00e9it\u00e9r\u00e9 le soutien de l\u2019Alg\u00e9rie \u00e0 tout accord respectant le droit \u00e0 l&rsquo;autod\u00e9termination, soulignant ainsi la coh\u00e9rence de la position alg\u00e9rienne. \u00ab\u00a0Je voudrais rappeler que le droit du peuple du Sahara occidental \u00e0 l&rsquo;autod\u00e9termination est solidement ancr\u00e9 dans le droit international et dans les r\u00e9solutions des Nations unies et du Conseil de s\u00e9curit\u00e9 et l&rsquo;Alg\u00e9rie, avec son h\u00e9ritage historique et ses valeurs et principes fondamentaux, se tiendra in\u00e9branlablement aux c\u00f4t\u00e9s des opprim\u00e9s, des peuples sous occupation coloniale, \u00e0 l&rsquo;instar du peuple du Sahara occidental et c&rsquo;est avec cette d\u00e9termination inalt\u00e9rable et cette conviction profonde que nous poursuivrons notre soutien ind\u00e9fectible au peuple du Sahara occidental pour qu&rsquo;il acc\u00e8de pleinement \u00e0 son droit \u00e0 l&rsquo;autod\u00e9termination\u00a0\u00bb, a-t-il conclu. Cette intervention d&rsquo;Amar Bendjama devant l&rsquo;Assembl\u00e9e g\u00e9n\u00e9rale de l&rsquo;ONU constitue une r\u00e9ponse cinglante aux man\u0153uvres du Makhzen. Elle met en lumi\u00e8re les contradictions de la position marocaine et r\u00e9affirme le soutien ind\u00e9fectible de l&rsquo;Alg\u00e9rie \u00e0 une solution juste et durable au conflit du Sahara occidental, respectueuse du droit international et des aspirations l\u00e9gitimes du peuple sahraoui \u00e0 la libert\u00e9 et \u00e0 l&rsquo;ind\u00e9pendance.<\/p>\n\n\n\n<p><strong>Hocine Fadheli<\/strong><\/p>\n\n\n\n<p><strong>ONU: De Mistura en visite, jeudi prochain, aux camps des r\u00e9fugi\u00e9s sahraouis<\/strong><\/p>\n\n\n\n<p>L&rsquo;envoy\u00e9 personnel du Secr\u00e9taire g\u00e9n\u00e9ral de l&rsquo;ONU pour le Sahara occidental , M. Staffan De Mistura se rendra, jeudi prochain, aux camps des r\u00e9fugi\u00e9s sahraouis et rencontrera les autorit\u00e9s sahraouies, afin de faire avancer le processus de r\u00e8glement politique avant le briefing qu&rsquo;il doit pr\u00e9senter au Conseil de s\u00e9curit\u00e9 \u00e0 la mi-octobre. Selon un communiqu\u00e9 de la repr\u00e9sentation du Front Polisario \u00e0 l&rsquo;ONU, cette visite comprendra \u00ab\u00a0des rencontres avec la direction sahraouie pour examiner les voies et moyens de relancer le processus de paix parrain\u00e9 par l&rsquo;ONU dans le Sahara occidental, lequel se trouve en situation de blocage en raison des entraves et de l&rsquo;ent\u00eatement de l&rsquo;Etat d&rsquo;occupation marocain et de la poursuite de ses violations du cessez-le-feu depuis le 13 novembre 2020\u00a0\u00bb. Le Front Polisario avait affirm\u00e9 dans le communiqu\u00e9 \u00e9manant de la 5e session du Secr\u00e9tariat national que \u00ab\u00a0le plan de r\u00e8glement ONU-OUA de 1991, accept\u00e9 par les deux parties au conflit (le Front Polisario et le Maroc) et adopt\u00e9 \u00e0 l&rsquo;unanimit\u00e9 par le Conseil de s\u00e9curit\u00e9, est la seule solution pratique et r\u00e9aliste fond\u00e9e sur un consensus pour r\u00e9soudre le conflit au Sahara occidental\u00a0\u00bb. Le Front Polisario a soulign\u00e9, dans son communiqu\u00e9, \u00ab\u00a0la responsabilit\u00e9 de l&rsquo;ONU et de sa mission vis-\u00e0-vis de l&rsquo;exercice par le peuple sahraoui de son droit \u00e0 l&rsquo;autod\u00e9termination\u00a0\u00bb, soulignant que \u00ab\u00a0les atermoiements et les obstacles entraineront une menace accrue pour la s\u00e9curit\u00e9 et la stabilit\u00e9 de la r\u00e9gion\u00a0\u00bb.<\/p>\n","protected":false},"excerpt":{"rendered":"<p>Dans le cadre du d\u00e9bat g\u00e9n\u00e9ral de la 79\u00e8me session de l&rsquo;Assembl\u00e9e g\u00e9n\u00e9rale de l&rsquo;ONU, le Repr\u00e9sentant permanent de l&rsquo;Alg\u00e9rie<\/p>\n","protected":false},"author":6,"featured_media":57755,"comment_status":"open","ping_status":"closed","sticky":false,"template":"","format":"standard","meta":{"colormag_page_container_layout":"default_layout","colormag_page_sidebar_layout":"default_layout","om_disable_all_campaigns":false,"_monsterinsights_skip_tracking":false,"_monsterinsights_sitenote_active":false,"_monsterinsights_sitenote_note":"","_monsterinsights_sitenote_category":0,"footnotes":"","_wpscppro_dont_share_socialmedia":false,"_wpscppro_custom_social_share_image":0,"_facebook_share_type":"default","_twitter_share_type":"default","_linkedin_share_type":"default","_pinterest_share_type":"default","_linkedin_share_type_page":"","_instagram_share_type":"default","_medium_share_type":"","_threads_share_type":"","_google_business_share_type":"","_selected_social_profile":[],"_wpsp_enable_custom_social_template":false,"_wpsp_social_scheduling":{"enabled":false,"datetime":null,"platforms":[],"status":"template_only","dateOption":"today","timeOption":"now","customDays":"","customHours":"","customDate":"","customTime":"","schedulingType":"absolute"},"_wpsp_active_default_template":true},"categories":[52,27],"tags":[],"class_list":["post-57754","post","type-post","status-publish","format-standard","has-post-thumbnail","hentry","category-a-la-une","category-actualite"],"aioseo_notices":[],"yoast_head":"<!-- This site is optimized with the Yoast SEO plugin v27.4 - https:\/\/yoast.com\/product\/yoast-seo-wordpress\/ -->\n<title>Sahara occidental: L&rsquo;Alg\u00e9rie r\u00e9pond aux mensonges du Makhzen - La Sentinelle<\/title>\n<meta name=\"robots\" content=\"index, follow, max-snippet:-1, max-image-preview:large, max-video-preview:-1\" \/>\n<link rel=\"canonical\" href=\"https:\/\/lasentinelle.dz\/index.php\/2024\/10\/02\/sahara-occidental-lalgerie-repond-aux-mensonges-du-makhzen\/\" \/>\n<meta property=\"og:locale\" content=\"fr_FR\" \/>\n<meta property=\"og:type\" content=\"article\" \/>\n<meta property=\"og:title\" content=\"Sahara occidental: L&rsquo;Alg\u00e9rie r\u00e9pond aux mensonges du Makhzen - La Sentinelle\" \/>\n<meta property=\"og:description\" content=\"Dans le cadre du d\u00e9bat g\u00e9n\u00e9ral de la 79\u00e8me session de l&rsquo;Assembl\u00e9e g\u00e9n\u00e9rale de l&rsquo;ONU, le Repr\u00e9sentant permanent de l&rsquo;Alg\u00e9rie\" \/>\n<meta property=\"og:url\" content=\"https:\/\/lasentinelle.dz\/index.php\/2024\/10\/02\/sahara-occidental-lalgerie-repond-aux-mensonges-du-makhzen\/\" \/>\n<meta property=\"og:site_name\" content=\"La Sentinelle\" \/>\n<meta property=\"article:publisher\" content=\"https:\/\/www.facebook.com\/La-Sentinelle-104059864394773\" \/>\n<meta property=\"article:published_time\" content=\"2024-10-02T13:16:45+00:00\" \/>\n<meta property=\"article:modified_time\" content=\"2024-10-02T13:16:46+00:00\" \/>\n<meta property=\"og:image\" content=\"https:\/\/lasentinelle.dz\/wp-content\/uploads\/2024\/10\/BendjaAma.png\" \/>\n\t<meta property=\"og:image:width\" content=\"900\" \/>\n\t<meta property=\"og:image:height\" content=\"506\" \/>\n\t<meta property=\"og:image:type\" content=\"image\/png\" \/>\n<meta name=\"author\" content=\"admin\" \/>\n<meta name=\"twitter:card\" content=\"summary_large_image\" \/>\n<meta name=\"twitter:label1\" content=\"\u00c9crit par\" \/>\n\t<meta name=\"twitter:data1\" content=\"admin\" \/>\n\t<meta name=\"twitter:label2\" content=\"Dur\u00e9e de lecture estim\u00e9e\" \/>\n\t<meta name=\"twitter:data2\" content=\"5 minutes\" \/>\n<script type=\"application\/ld+json\" class=\"yoast-schema-graph\">{\"@context\":\"https:\\\/\\\/schema.org\",\"@graph\":[{\"@type\":\"Article\",\"@id\":\"https:\\\/\\\/lasentinelle.dz\\\/index.php\\\/2024\\\/10\\\/02\\\/sahara-occidental-lalgerie-repond-aux-mensonges-du-makhzen\\\/#article\",\"isPartOf\":{\"@id\":\"https:\\\/\\\/lasentinelle.dz\\\/index.php\\\/2024\\\/10\\\/02\\\/sahara-occidental-lalgerie-repond-aux-mensonges-du-makhzen\\\/\"},\"author\":{\"name\":\"admin\",\"@id\":\"https:\\\/\\\/lasentinelle.dz\\\/#\\\/schema\\\/person\\\/729ee0024f24e0b8c5ec17232f8e8b41\"},\"headline\":\"Sahara occidental: L&rsquo;Alg\u00e9rie r\u00e9pond aux mensonges du Makhzen\",\"datePublished\":\"2024-10-02T13:16:45+00:00\",\"dateModified\":\"2024-10-02T13:16:46+00:00\",\"mainEntityOfPage\":{\"@id\":\"https:\\\/\\\/lasentinelle.dz\\\/index.php\\\/2024\\\/10\\\/02\\\/sahara-occidental-lalgerie-repond-aux-mensonges-du-makhzen\\\/\"},\"wordCount\":1030,\"commentCount\":0,\"publisher\":{\"@id\":\"https:\\\/\\\/lasentinelle.dz\\\/#organization\"},\"image\":{\"@id\":\"https:\\\/\\\/lasentinelle.dz\\\/index.php\\\/2024\\\/10\\\/02\\\/sahara-occidental-lalgerie-repond-aux-mensonges-du-makhzen\\\/#primaryimage\"},\"thumbnailUrl\":\"https:\\\/\\\/lasentinelle.dz\\\/wp-content\\\/uploads\\\/2024\\\/10\\\/BendjaAma.png\",\"articleSection\":[\"\u00c0 la Une\",\"Actualit\u00e9\"],\"inLanguage\":\"fr-FR\",\"potentialAction\":[{\"@type\":\"CommentAction\",\"name\":\"Comment\",\"target\":[\"https:\\\/\\\/lasentinelle.dz\\\/index.php\\\/2024\\\/10\\\/02\\\/sahara-occidental-lalgerie-repond-aux-mensonges-du-makhzen\\\/#respond\"]}]},{\"@type\":\"WebPage\",\"@id\":\"https:\\\/\\\/lasentinelle.dz\\\/index.php\\\/2024\\\/10\\\/02\\\/sahara-occidental-lalgerie-repond-aux-mensonges-du-makhzen\\\/\",\"url\":\"https:\\\/\\\/lasentinelle.dz\\\/index.php\\\/2024\\\/10\\\/02\\\/sahara-occidental-lalgerie-repond-aux-mensonges-du-makhzen\\\/\",\"name\":\"Sahara occidental: L&rsquo;Alg\u00e9rie r\u00e9pond aux mensonges du Makhzen - La Sentinelle\",\"isPartOf\":{\"@id\":\"https:\\\/\\\/lasentinelle.dz\\\/#website\"},\"primaryImageOfPage\":{\"@id\":\"https:\\\/\\\/lasentinelle.dz\\\/index.php\\\/2024\\\/10\\\/02\\\/sahara-occidental-lalgerie-repond-aux-mensonges-du-makhzen\\\/#primaryimage\"},\"image\":{\"@id\":\"https:\\\/\\\/lasentinelle.dz\\\/index.php\\\/2024\\\/10\\\/02\\\/sahara-occidental-lalgerie-repond-aux-mensonges-du-makhzen\\\/#primaryimage\"},\"thumbnailUrl\":\"https:\\\/\\\/lasentinelle.dz\\\/wp-content\\\/uploads\\\/2024\\\/10\\\/BendjaAma.png\",\"datePublished\":\"2024-10-02T13:16:45+00:00\",\"dateModified\":\"2024-10-02T13:16:46+00:00\",\"breadcrumb\":{\"@id\":\"https:\\\/\\\/lasentinelle.dz\\\/index.php\\\/2024\\\/10\\\/02\\\/sahara-occidental-lalgerie-repond-aux-mensonges-du-makhzen\\\/#breadcrumb\"},\"inLanguage\":\"fr-FR\",\"potentialAction\":[{\"@type\":\"ReadAction\",\"target\":[\"https:\\\/\\\/lasentinelle.dz\\\/index.php\\\/2024\\\/10\\\/02\\\/sahara-occidental-lalgerie-repond-aux-mensonges-du-makhzen\\\/\"]}]},{\"@type\":\"ImageObject\",\"inLanguage\":\"fr-FR\",\"@id\":\"https:\\\/\\\/lasentinelle.dz\\\/index.php\\\/2024\\\/10\\\/02\\\/sahara-occidental-lalgerie-repond-aux-mensonges-du-makhzen\\\/#primaryimage\",\"url\":\"https:\\\/\\\/lasentinelle.dz\\\/wp-content\\\/uploads\\\/2024\\\/10\\\/BendjaAma.png\",\"contentUrl\":\"https:\\\/\\\/lasentinelle.dz\\\/wp-content\\\/uploads\\\/2024\\\/10\\\/BendjaAma.png\",\"width\":900,\"height\":506},{\"@type\":\"BreadcrumbList\",\"@id\":\"https:\\\/\\\/lasentinelle.dz\\\/index.php\\\/2024\\\/10\\\/02\\\/sahara-occidental-lalgerie-repond-aux-mensonges-du-makhzen\\\/#breadcrumb\",\"itemListElement\":[{\"@type\":\"ListItem\",\"position\":1,\"name\":\"Accueil\",\"item\":\"https:\\\/\\\/lasentinelle.dz\\\/\"},{\"@type\":\"ListItem\",\"position\":2,\"name\":\"Sahara occidental: L&rsquo;Alg\u00e9rie r\u00e9pond aux mensonges du Makhzen\"}]},{\"@type\":\"WebSite\",\"@id\":\"https:\\\/\\\/lasentinelle.dz\\\/#website\",\"url\":\"https:\\\/\\\/lasentinelle.dz\\\/\",\"name\":\"La Sentinelle\",\"description\":\"Quotidien national d&#039;information\",\"publisher\":{\"@id\":\"https:\\\/\\\/lasentinelle.dz\\\/#organization\"},\"potentialAction\":[{\"@type\":\"SearchAction\",\"target\":{\"@type\":\"EntryPoint\",\"urlTemplate\":\"https:\\\/\\\/lasentinelle.dz\\\/?s={search_term_string}\"},\"query-input\":{\"@type\":\"PropertyValueSpecification\",\"valueRequired\":true,\"valueName\":\"search_term_string\"}}],\"inLanguage\":\"fr-FR\"},{\"@type\":\"Organization\",\"@id\":\"https:\\\/\\\/lasentinelle.dz\\\/#organization\",\"name\":\"Quotidien La Sentinelle\",\"url\":\"https:\\\/\\\/lasentinelle.dz\\\/\",\"logo\":{\"@type\":\"ImageObject\",\"inLanguage\":\"fr-FR\",\"@id\":\"https:\\\/\\\/lasentinelle.dz\\\/#\\\/schema\\\/logo\\\/image\\\/\",\"url\":\"https:\\\/\\\/lasentinelle.dz\\\/wp-content\\\/uploads\\\/2021\\\/09\\\/logo-sentinelleSLOGAN-1.png\",\"contentUrl\":\"https:\\\/\\\/lasentinelle.dz\\\/wp-content\\\/uploads\\\/2021\\\/09\\\/logo-sentinelleSLOGAN-1.png\",\"width\":615,\"height\":142,\"caption\":\"Quotidien La Sentinelle\"},\"image\":{\"@id\":\"https:\\\/\\\/lasentinelle.dz\\\/#\\\/schema\\\/logo\\\/image\\\/\"},\"sameAs\":[\"https:\\\/\\\/www.facebook.com\\\/La-Sentinelle-104059864394773\"]},{\"@type\":\"Person\",\"@id\":\"https:\\\/\\\/lasentinelle.dz\\\/#\\\/schema\\\/person\\\/729ee0024f24e0b8c5ec17232f8e8b41\",\"name\":\"admin\",\"image\":{\"@type\":\"ImageObject\",\"inLanguage\":\"fr-FR\",\"@id\":\"https:\\\/\\\/secure.gravatar.com\\\/avatar\\\/4c81fed838786e9b53f540bf46533e750f5d292099ae3b66cfc6fb1982e29df7?s=96&d=mm&r=g\",\"url\":\"https:\\\/\\\/secure.gravatar.com\\\/avatar\\\/4c81fed838786e9b53f540bf46533e750f5d292099ae3b66cfc6fb1982e29df7?s=96&d=mm&r=g\",\"contentUrl\":\"https:\\\/\\\/secure.gravatar.com\\\/avatar\\\/4c81fed838786e9b53f540bf46533e750f5d292099ae3b66cfc6fb1982e29df7?s=96&d=mm&r=g\",\"caption\":\"admin\"},\"description\":\"admin\",\"url\":\"https:\\\/\\\/lasentinelle.dz\\\/author\\\/admin\\\/\"}]}<\/script>\n<!-- \/ Yoast SEO plugin. -->","yoast_head_json":{"title":"Sahara occidental: L&rsquo;Alg\u00e9rie r\u00e9pond aux mensonges du Makhzen - La Sentinelle","robots":{"index":"index","follow":"follow","max-snippet":"max-snippet:-1","max-image-preview":"max-image-preview:large","max-video-preview":"max-video-preview:-1"},"canonical":"https:\/\/lasentinelle.dz\/index.php\/2024\/10\/02\/sahara-occidental-lalgerie-repond-aux-mensonges-du-makhzen\/","og_locale":"fr_FR","og_type":"article","og_title":"Sahara occidental: L&rsquo;Alg\u00e9rie r\u00e9pond aux mensonges du Makhzen - La Sentinelle","og_description":"Dans le cadre du d\u00e9bat g\u00e9n\u00e9ral de la 79\u00e8me session de l&rsquo;Assembl\u00e9e g\u00e9n\u00e9rale de l&rsquo;ONU, le Repr\u00e9sentant permanent de l&rsquo;Alg\u00e9rie","og_url":"https:\/\/lasentinelle.dz\/index.php\/2024\/10\/02\/sahara-occidental-lalgerie-repond-aux-mensonges-du-makhzen\/","og_site_name":"La Sentinelle","article_publisher":"https:\/\/www.facebook.com\/La-Sentinelle-104059864394773","article_published_time":"2024-10-02T13:16:45+00:00","article_modified_time":"2024-10-02T13:16:46+00:00","og_image":[{"width":900,"height":506,"url":"https:\/\/lasentinelle.dz\/wp-content\/uploads\/2024\/10\/BendjaAma.png","type":"image\/png"}],"author":"admin","twitter_card":"summary_large_image","twitter_misc":{"\u00c9crit par":"admin","Dur\u00e9e de lecture estim\u00e9e":"5 minutes"},"schema":{"@context":"https:\/\/schema.org","@graph":[{"@type":"Article","@id":"https:\/\/lasentinelle.dz\/index.php\/2024\/10\/02\/sahara-occidental-lalgerie-repond-aux-mensonges-du-makhzen\/#article","isPartOf":{"@id":"https:\/\/lasentinelle.dz\/index.php\/2024\/10\/02\/sahara-occidental-lalgerie-repond-aux-mensonges-du-makhzen\/"},"author":{"name":"admin","@id":"https:\/\/lasentinelle.dz\/#\/schema\/person\/729ee0024f24e0b8c5ec17232f8e8b41"},"headline":"Sahara occidental: L&rsquo;Alg\u00e9rie r\u00e9pond aux mensonges du Makhzen","datePublished":"2024-10-02T13:16:45+00:00","dateModified":"2024-10-02T13:16:46+00:00","mainEntityOfPage":{"@id":"https:\/\/lasentinelle.dz\/index.php\/2024\/10\/02\/sahara-occidental-lalgerie-repond-aux-mensonges-du-makhzen\/"},"wordCount":1030,"commentCount":0,"publisher":{"@id":"https:\/\/lasentinelle.dz\/#organization"},"image":{"@id":"https:\/\/lasentinelle.dz\/index.php\/2024\/10\/02\/sahara-occidental-lalgerie-repond-aux-mensonges-du-makhzen\/#primaryimage"},"thumbnailUrl":"https:\/\/lasentinelle.dz\/wp-content\/uploads\/2024\/10\/BendjaAma.png","articleSection":["\u00c0 la Une","Actualit\u00e9"],"inLanguage":"fr-FR","potentialAction":[{"@type":"CommentAction","name":"Comment","target":["https:\/\/lasentinelle.dz\/index.php\/2024\/10\/02\/sahara-occidental-lalgerie-repond-aux-mensonges-du-makhzen\/#respond"]}]},{"@type":"WebPage","@id":"https:\/\/lasentinelle.dz\/index.php\/2024\/10\/02\/sahara-occidental-lalgerie-repond-aux-mensonges-du-makhzen\/","url":"https:\/\/lasentinelle.dz\/index.php\/2024\/10\/02\/sahara-occidental-lalgerie-repond-aux-mensonges-du-makhzen\/","name":"Sahara occidental: L&rsquo;Alg\u00e9rie r\u00e9pond aux mensonges du Makhzen - La Sentinelle","isPartOf":{"@id":"https:\/\/lasentinelle.dz\/#website"},"primaryImageOfPage":{"@id":"https:\/\/lasentinelle.dz\/index.php\/2024\/10\/02\/sahara-occidental-lalgerie-repond-aux-mensonges-du-makhzen\/#primaryimage"},"image":{"@id":"https:\/\/lasentinelle.dz\/index.php\/2024\/10\/02\/sahara-occidental-lalgerie-repond-aux-mensonges-du-makhzen\/#primaryimage"},"thumbnailUrl":"https:\/\/lasentinelle.dz\/wp-content\/uploads\/2024\/10\/BendjaAma.png","datePublished":"2024-10-02T13:16:45+00:00","dateModified":"2024-10-02T13:16:46+00:00","breadcrumb":{"@id":"https:\/\/lasentinelle.dz\/index.php\/2024\/10\/02\/sahara-occidental-lalgerie-repond-aux-mensonges-du-makhzen\/#breadcrumb"},"inLanguage":"fr-FR","potentialAction":[{"@type":"ReadAction","target":["https:\/\/lasentinelle.dz\/index.php\/2024\/10\/02\/sahara-occidental-lalgerie-repond-aux-mensonges-du-makhzen\/"]}]},{"@type":"ImageObject","inLanguage":"fr-FR","@id":"https:\/\/lasentinelle.dz\/index.php\/2024\/10\/02\/sahara-occidental-lalgerie-repond-aux-mensonges-du-makhzen\/#primaryimage","url":"https:\/\/lasentinelle.dz\/wp-content\/uploads\/2024\/10\/BendjaAma.png","contentUrl":"https:\/\/lasentinelle.dz\/wp-content\/uploads\/2024\/10\/BendjaAma.png","width":900,"height":506},{"@type":"BreadcrumbList","@id":"https:\/\/lasentinelle.dz\/index.php\/2024\/10\/02\/sahara-occidental-lalgerie-repond-aux-mensonges-du-makhzen\/#breadcrumb","itemListElement":[{"@type":"ListItem","position":1,"name":"Accueil","item":"https:\/\/lasentinelle.dz\/"},{"@type":"ListItem","position":2,"name":"Sahara occidental: L&rsquo;Alg\u00e9rie r\u00e9pond aux mensonges du Makhzen"}]},{"@type":"WebSite","@id":"https:\/\/lasentinelle.dz\/#website","url":"https:\/\/lasentinelle.dz\/","name":"La Sentinelle","description":"Quotidien national d&#039;information","publisher":{"@id":"https:\/\/lasentinelle.dz\/#organization"},"potentialAction":[{"@type":"SearchAction","target":{"@type":"EntryPoint","urlTemplate":"https:\/\/lasentinelle.dz\/?s={search_term_string}"},"query-input":{"@type":"PropertyValueSpecification","valueRequired":true,"valueName":"search_term_string"}}],"inLanguage":"fr-FR"},{"@type":"Organization","@id":"https:\/\/lasentinelle.dz\/#organization","name":"Quotidien La Sentinelle","url":"https:\/\/lasentinelle.dz\/","logo":{"@type":"ImageObject","inLanguage":"fr-FR","@id":"https:\/\/lasentinelle.dz\/#\/schema\/logo\/image\/","url":"https:\/\/lasentinelle.dz\/wp-content\/uploads\/2021\/09\/logo-sentinelleSLOGAN-1.png","contentUrl":"https:\/\/lasentinelle.dz\/wp-content\/uploads\/2021\/09\/logo-sentinelleSLOGAN-1.png","width":615,"height":142,"caption":"Quotidien La Sentinelle"},"image":{"@id":"https:\/\/lasentinelle.dz\/#\/schema\/logo\/image\/"},"sameAs":["https:\/\/www.facebook.com\/La-Sentinelle-104059864394773"]},{"@type":"Person","@id":"https:\/\/lasentinelle.dz\/#\/schema\/person\/729ee0024f24e0b8c5ec17232f8e8b41","name":"admin","image":{"@type":"ImageObject","inLanguage":"fr-FR","@id":"https:\/\/secure.gravatar.com\/avatar\/4c81fed838786e9b53f540bf46533e750f5d292099ae3b66cfc6fb1982e29df7?s=96&d=mm&r=g","url":"https:\/\/secure.gravatar.com\/avatar\/4c81fed838786e9b53f540bf46533e750f5d292099ae3b66cfc6fb1982e29df7?s=96&d=mm&r=g","contentUrl":"https:\/\/secure.gravatar.com\/avatar\/4c81fed838786e9b53f540bf46533e750f5d292099ae3b66cfc6fb1982e29df7?s=96&d=mm&r=g","caption":"admin"},"description":"admin","url":"https:\/\/lasentinelle.dz\/author\/admin\/"}]}},"_links":{"self":[{"href":"https:\/\/lasentinelle.dz\/index.php\/wp-json\/wp\/v2\/posts\/57754","targetHints":{"allow":["GET"]}}],"collection":[{"href":"https:\/\/lasentinelle.dz\/index.php\/wp-json\/wp\/v2\/posts"}],"about":[{"href":"https:\/\/lasentinelle.dz\/index.php\/wp-json\/wp\/v2\/types\/post"}],"author":[{"embeddable":true,"href":"https:\/\/lasentinelle.dz\/index.php\/wp-json\/wp\/v2\/users\/6"}],"replies":[{"embeddable":true,"href":"https:\/\/lasentinelle.dz\/index.php\/wp-json\/wp\/v2\/comments?post=57754"}],"version-history":[{"count":2,"href":"https:\/\/lasentinelle.dz\/index.php\/wp-json\/wp\/v2\/posts\/57754\/revisions"}],"predecessor-version":[{"id":57757,"href":"https:\/\/lasentinelle.dz\/index.php\/wp-json\/wp\/v2\/posts\/57754\/revisions\/57757"}],"wp:featuredmedia":[{"embeddable":true,"href":"https:\/\/lasentinelle.dz\/index.php\/wp-json\/wp\/v2\/media\/57755"}],"wp:attachment":[{"href":"https:\/\/lasentinelle.dz\/index.php\/wp-json\/wp\/v2\/media?parent=57754"}],"wp:term":[{"taxonomy":"category","embeddable":true,"href":"https:\/\/lasentinelle.dz\/index.php\/wp-json\/wp\/v2\/categories?post=57754"},{"taxonomy":"post_tag","embeddable":true,"href":"https:\/\/lasentinelle.dz\/index.php\/wp-json\/wp\/v2\/tags?post=57754"}],"curies":[{"name":"wp","href":"https:\/\/api.w.org\/{rel}","templated":true}]}}