{"id":5784,"date":"2021-08-30T00:01:00","date_gmt":"2021-08-29T23:01:00","guid":{"rendered":"https:\/\/lasentinelle.dz\/?p=5784"},"modified":"2021-08-29T15:56:35","modified_gmt":"2021-08-29T14:56:35","slug":"afghanistan-les-evacuations-sous-poursuivent-sous-tension","status":"publish","type":"post","link":"https:\/\/lasentinelle.dz\/index.php\/2021\/08\/30\/afghanistan-les-evacuations-sous-poursuivent-sous-tension\/","title":{"rendered":"Afghanistan : Les \u00e9vacuations sous poursuivent sous tension"},"content":{"rendered":"\n<p>Une roquette a \u00e9t\u00e9 tir\u00e9e vers l&rsquo;a\u00e9roport de Kaboul, en Afghanistan, o\u00f9 les vols d&rsquo;\u00e9vacuation dirig\u00e9s par les Etats-Unis se poursuivent, cependant elle n&rsquo;a pas touch\u00e9 sa cible, a indiqu\u00e9 hier \u00e0 l\u2019agence Chine nouvelle un t\u00e9moin de la sc\u00e8ne.La roquette a frapp\u00e9 une zone r\u00e9sidentielle et le nombre de victimes est encore ind\u00e9termin\u00e9, selon le t\u00e9moin. Un incident qui alimente les tensions qui entourent l\u2019op\u00e9ration d\u2019\u00e9vacuation de ressortissants \u00e9trangers et d\u2019Afghans \u00e0 l\u2019a\u00e9roports de Kaboul qui a d\u00e9j\u00e0 \u00e9t\u00e9 la cible d\u2019un double attentat meurtrier jeudi.<\/p>\n\n\n\n<p>Notons que les forces am\u00e9ricaines et de la coalition ont remis aux talibans le contr\u00f4le de trois portes, dont l&rsquo;entr\u00e9e de la section militaire, de l&rsquo;a\u00e9roport de Kaboul, a annonc\u00e9 hier un responsable taliban aux m\u00e9dias locaux.\u00a0\u00bbLes troupes am\u00e9ricaines contr\u00f4lent une petite partie de l&rsquo;a\u00e9roport, notamment une zone o\u00f9 se trouve le syst\u00e8me radar\u00a0\u00bb, a d\u00e9clar\u00e9 Enhamullah Samangani \u00e0 Tolo News TV.Les talibans ont d\u00e9ploy\u00e9 une unit\u00e9 de forces sp\u00e9ciales \u00e0 l&rsquo;entr\u00e9e principale de l&rsquo;a\u00e9roport il y a environ deux semaines.\u00a0\u00bbNous sommes pr\u00eats \u00e0 prendre en charge la s\u00e9curit\u00e9 et la responsabilit\u00e9 technique de l&rsquo;a\u00e9roport\u00a0\u00bb, a-t-il affirm\u00e9.Cette prise en charge est intervenue apr\u00e8s un attentat suicide \u00e0 la bombe et des tirs d&rsquo;armes \u00e0 feu revendiqu\u00e9s par une filiale locale de l&rsquo;Etat islamique, qui ont tu\u00e9 170 Afghans et 13 soldats am\u00e9ricains \u00e0 l&rsquo;entr\u00e9e est de l&rsquo;a\u00e9roport jeudi.Des dizaines d&rsquo;appareils, y compris des avions militaires, ont d\u00e9coll\u00e9 de l&rsquo;a\u00e9roport depuis samedi soir. La plupart des quelque 6.000 membres des forces am\u00e9ricaines et de la coalition, ainsi qu&rsquo;une unit\u00e9 des forces sp\u00e9ciales afghanes, qui y \u00e9taient d\u00e9ploy\u00e9s avant la prise de Kaboul par les talibans le 15 ao\u00fbt, auraient \u00e9t\u00e9 \u00e9vacu\u00e9s.<\/p>\n\n\n\n<p>Pour sa part, le conseiller \u00e0 la s\u00e9curit\u00e9 nationale du pr\u00e9sident Joe Biden a d\u00e9clar\u00e9 hier que les Etats-Unis s&rsquo;attendent \u00e0 ce que les talibans continuent de permettre des d\u00e9parts d&rsquo;Afghanistan en s\u00e9curit\u00e9 apr\u00e8s le retrait militaire am\u00e9ricain le 31 ao\u00fbt.\u00a0\u00bbLes taliban ont communiqu\u00e9 \u00e0 la fois en priv\u00e9 et en public qu&rsquo;ils permettront un passage en s\u00e9curit\u00e9\u00a0\u00bb, a dit Jake Sullivan dans une interview que diffusera CBS dimanche.\u00a0\u00bbApr\u00e8s le 31 ao\u00fbt, nous ferons en sorte qu&rsquo;un passage s\u00fbr soit garanti pour tout citoyen am\u00e9ricain, tout r\u00e9sident permanent l\u00e9gal\u00a0\u00bb, a-t-il ajout\u00e9.\u00a0\u00bbEt oui, nous garantirons un passage s\u00fbr pour les Afghans qui nous ont aid\u00e9s pour continuer \u00e0 partir apr\u00e8s le 31 ao\u00fbt.\u00a0\u00bbJake Sullivan a d\u00e9clar\u00e9 que les Etats-Unis ne pr\u00e9voyaient pas pour l&rsquo;instant de conserver une ambassade en Afghanistan \u00e0 partir du 1er septembre \u00e0 la suite de la prise de pouvoir des taliban.Les Etats-Unis r\u00e9fl\u00e9chissent \u00e0 de nouvelles frappes et \u00e0 \u00ab\u00a0d&rsquo;autres op\u00e9rations\u00a0\u00bb en repr\u00e9sailles \u00e0 l&rsquo;attentat, revendiqu\u00e9 par l&rsquo;organisation Etat islamique, qui a fait jeudi des dizaines de morts, dont 13 soldats am\u00e9ricains, aux abords de l&rsquo;a\u00e9roport de Kaboul, a encore d\u00e9clar\u00e9 Jake Sullivan.Les responsables am\u00e9ricains ne pensent pas que \u00ab\u00a0les groupes terroristes en Afghanistan\u00a0\u00bb aient la capacit\u00e9 de commettre des attentats \u00e0 l&rsquo;\u00e9tranger, a-t-il dit.<\/p>\n\n\n\n<p><strong>R.I. avec agences<\/strong><\/p>\n","protected":false},"excerpt":{"rendered":"<p>Une roquette a \u00e9t\u00e9 tir\u00e9e vers l&rsquo;a\u00e9roport de Kaboul, en Afghanistan, o\u00f9 les vols d&rsquo;\u00e9vacuation dirig\u00e9s par les Etats-Unis se<\/p>\n","protected":false},"author":3,"featured_media":5789,"comment_status":"open","ping_status":"closed","sticky":false,"template":"","format":"standard","meta":{"colormag_page_container_layout":"default_layout","colormag_page_sidebar_layout":"default_layout","om_disable_all_campaigns":false,"_monsterinsights_skip_tracking":false,"_monsterinsights_sitenote_active":false,"_monsterinsights_sitenote_note":"","_monsterinsights_sitenote_category":0,"footnotes":"","_wpscppro_dont_share_socialmedia":false,"_wpscppro_custom_social_share_image":0,"_facebook_share_type":"","_twitter_share_type":"","_linkedin_share_type":"","_pinterest_share_type":"","_linkedin_share_type_page":"","_instagram_share_type":"","_medium_share_type":"","_threads_share_type":"","_google_business_share_type":"","_selected_social_profile":[],"_wpsp_enable_custom_social_template":false,"_wpsp_social_scheduling":{"enabled":false,"datetime":null,"platforms":[],"status":"template_only","dateOption":"today","timeOption":"now","customDays":"","customHours":"","customDate":"","customTime":"","schedulingType":"absolute"},"_wpsp_active_default_template":true},"categories":[37],"tags":[],"class_list":["post-5784","post","type-post","status-publish","format-standard","has-post-thumbnail","hentry","category-monde"],"aioseo_notices":[],"yoast_head":"<!-- This site is optimized with the Yoast SEO plugin v27.5 - https:\/\/yoast.com\/product\/yoast-seo-wordpress\/ -->\n<title>Afghanistan : Les \u00e9vacuations sous poursuivent sous tension - La Sentinelle<\/title>\n<meta name=\"robots\" content=\"index, follow, max-snippet:-1, max-image-preview:large, max-video-preview:-1\" \/>\n<link rel=\"canonical\" href=\"https:\/\/lasentinelle.dz\/index.php\/2021\/08\/30\/afghanistan-les-evacuations-sous-poursuivent-sous-tension\/\" \/>\n<meta property=\"og:locale\" content=\"fr_FR\" \/>\n<meta property=\"og:type\" content=\"article\" \/>\n<meta property=\"og:title\" content=\"Afghanistan : Les \u00e9vacuations sous poursuivent sous tension - La Sentinelle\" \/>\n<meta property=\"og:description\" content=\"Une roquette a \u00e9t\u00e9 tir\u00e9e vers l&rsquo;a\u00e9roport de Kaboul, en Afghanistan, o\u00f9 les vols d&rsquo;\u00e9vacuation dirig\u00e9s par les Etats-Unis se\" \/>\n<meta property=\"og:url\" content=\"https:\/\/lasentinelle.dz\/index.php\/2021\/08\/30\/afghanistan-les-evacuations-sous-poursuivent-sous-tension\/\" \/>\n<meta property=\"og:site_name\" content=\"La Sentinelle\" \/>\n<meta property=\"article:publisher\" content=\"https:\/\/www.facebook.com\/La-Sentinelle-104059864394773\" \/>\n<meta property=\"article:published_time\" content=\"2021-08-29T23:01:00+00:00\" \/>\n<meta property=\"og:image\" content=\"https:\/\/lasentinelle.dz\/wp-content\/uploads\/2021\/08\/image_2021-08-29_155615.png\" \/>\n\t<meta property=\"og:image:width\" content=\"1152\" \/>\n\t<meta property=\"og:image:height\" content=\"768\" \/>\n\t<meta property=\"og:image:type\" content=\"image\/png\" \/>\n<meta name=\"author\" content=\"La Sentinelle\" \/>\n<meta name=\"twitter:card\" content=\"summary_large_image\" \/>\n<meta name=\"twitter:label1\" content=\"\u00c9crit par\" \/>\n\t<meta name=\"twitter:data1\" content=\"La Sentinelle\" \/>\n\t<meta name=\"twitter:label2\" content=\"Dur\u00e9e de lecture estim\u00e9e\" \/>\n\t<meta name=\"twitter:data2\" content=\"3 minutes\" \/>\n<script type=\"application\/ld+json\" class=\"yoast-schema-graph\">{\"@context\":\"https:\\\/\\\/schema.org\",\"@graph\":[{\"@type\":\"Article\",\"@id\":\"https:\\\/\\\/lasentinelle.dz\\\/index.php\\\/2021\\\/08\\\/30\\\/afghanistan-les-evacuations-sous-poursuivent-sous-tension\\\/#article\",\"isPartOf\":{\"@id\":\"https:\\\/\\\/lasentinelle.dz\\\/index.php\\\/2021\\\/08\\\/30\\\/afghanistan-les-evacuations-sous-poursuivent-sous-tension\\\/\"},\"author\":{\"name\":\"La Sentinelle\",\"@id\":\"https:\\\/\\\/lasentinelle.dz\\\/#\\\/schema\\\/person\\\/d865044e22e70a75174ce8bcad3acfb3\"},\"headline\":\"Afghanistan : Les \u00e9vacuations sous poursuivent sous tension\",\"datePublished\":\"2021-08-29T23:01:00+00:00\",\"mainEntityOfPage\":{\"@id\":\"https:\\\/\\\/lasentinelle.dz\\\/index.php\\\/2021\\\/08\\\/30\\\/afghanistan-les-evacuations-sous-poursuivent-sous-tension\\\/\"},\"wordCount\":584,\"commentCount\":0,\"publisher\":{\"@id\":\"https:\\\/\\\/lasentinelle.dz\\\/#organization\"},\"image\":{\"@id\":\"https:\\\/\\\/lasentinelle.dz\\\/index.php\\\/2021\\\/08\\\/30\\\/afghanistan-les-evacuations-sous-poursuivent-sous-tension\\\/#primaryimage\"},\"thumbnailUrl\":\"https:\\\/\\\/lasentinelle.dz\\\/wp-content\\\/uploads\\\/2021\\\/08\\\/image_2021-08-29_155615.png\",\"articleSection\":[\"Monde\"],\"inLanguage\":\"fr-FR\",\"potentialAction\":[{\"@type\":\"CommentAction\",\"name\":\"Comment\",\"target\":[\"https:\\\/\\\/lasentinelle.dz\\\/index.php\\\/2021\\\/08\\\/30\\\/afghanistan-les-evacuations-sous-poursuivent-sous-tension\\\/#respond\"]}]},{\"@type\":\"WebPage\",\"@id\":\"https:\\\/\\\/lasentinelle.dz\\\/index.php\\\/2021\\\/08\\\/30\\\/afghanistan-les-evacuations-sous-poursuivent-sous-tension\\\/\",\"url\":\"https:\\\/\\\/lasentinelle.dz\\\/index.php\\\/2021\\\/08\\\/30\\\/afghanistan-les-evacuations-sous-poursuivent-sous-tension\\\/\",\"name\":\"Afghanistan : Les \u00e9vacuations sous poursuivent sous tension - La Sentinelle\",\"isPartOf\":{\"@id\":\"https:\\\/\\\/lasentinelle.dz\\\/#website\"},\"primaryImageOfPage\":{\"@id\":\"https:\\\/\\\/lasentinelle.dz\\\/index.php\\\/2021\\\/08\\\/30\\\/afghanistan-les-evacuations-sous-poursuivent-sous-tension\\\/#primaryimage\"},\"image\":{\"@id\":\"https:\\\/\\\/lasentinelle.dz\\\/index.php\\\/2021\\\/08\\\/30\\\/afghanistan-les-evacuations-sous-poursuivent-sous-tension\\\/#primaryimage\"},\"thumbnailUrl\":\"https:\\\/\\\/lasentinelle.dz\\\/wp-content\\\/uploads\\\/2021\\\/08\\\/image_2021-08-29_155615.png\",\"datePublished\":\"2021-08-29T23:01:00+00:00\",\"breadcrumb\":{\"@id\":\"https:\\\/\\\/lasentinelle.dz\\\/index.php\\\/2021\\\/08\\\/30\\\/afghanistan-les-evacuations-sous-poursuivent-sous-tension\\\/#breadcrumb\"},\"inLanguage\":\"fr-FR\",\"potentialAction\":[{\"@type\":\"ReadAction\",\"target\":[\"https:\\\/\\\/lasentinelle.dz\\\/index.php\\\/2021\\\/08\\\/30\\\/afghanistan-les-evacuations-sous-poursuivent-sous-tension\\\/\"]}]},{\"@type\":\"ImageObject\",\"inLanguage\":\"fr-FR\",\"@id\":\"https:\\\/\\\/lasentinelle.dz\\\/index.php\\\/2021\\\/08\\\/30\\\/afghanistan-les-evacuations-sous-poursuivent-sous-tension\\\/#primaryimage\",\"url\":\"https:\\\/\\\/lasentinelle.dz\\\/wp-content\\\/uploads\\\/2021\\\/08\\\/image_2021-08-29_155615.png\",\"contentUrl\":\"https:\\\/\\\/lasentinelle.dz\\\/wp-content\\\/uploads\\\/2021\\\/08\\\/image_2021-08-29_155615.png\",\"width\":1152,\"height\":768},{\"@type\":\"BreadcrumbList\",\"@id\":\"https:\\\/\\\/lasentinelle.dz\\\/index.php\\\/2021\\\/08\\\/30\\\/afghanistan-les-evacuations-sous-poursuivent-sous-tension\\\/#breadcrumb\",\"itemListElement\":[{\"@type\":\"ListItem\",\"position\":1,\"name\":\"Accueil\",\"item\":\"https:\\\/\\\/lasentinelle.dz\\\/\"},{\"@type\":\"ListItem\",\"position\":2,\"name\":\"Afghanistan : Les \u00e9vacuations sous poursuivent sous tension\"}]},{\"@type\":\"WebSite\",\"@id\":\"https:\\\/\\\/lasentinelle.dz\\\/#website\",\"url\":\"https:\\\/\\\/lasentinelle.dz\\\/\",\"name\":\"La Sentinelle\",\"description\":\"Quotidien national d&#039;information\",\"publisher\":{\"@id\":\"https:\\\/\\\/lasentinelle.dz\\\/#organization\"},\"potentialAction\":[{\"@type\":\"SearchAction\",\"target\":{\"@type\":\"EntryPoint\",\"urlTemplate\":\"https:\\\/\\\/lasentinelle.dz\\\/?s={search_term_string}\"},\"query-input\":{\"@type\":\"PropertyValueSpecification\",\"valueRequired\":true,\"valueName\":\"search_term_string\"}}],\"inLanguage\":\"fr-FR\"},{\"@type\":\"Organization\",\"@id\":\"https:\\\/\\\/lasentinelle.dz\\\/#organization\",\"name\":\"Quotidien La Sentinelle\",\"url\":\"https:\\\/\\\/lasentinelle.dz\\\/\",\"logo\":{\"@type\":\"ImageObject\",\"inLanguage\":\"fr-FR\",\"@id\":\"https:\\\/\\\/lasentinelle.dz\\\/#\\\/schema\\\/logo\\\/image\\\/\",\"url\":\"https:\\\/\\\/lasentinelle.dz\\\/wp-content\\\/uploads\\\/2021\\\/09\\\/logo-sentinelleSLOGAN-1.png\",\"contentUrl\":\"https:\\\/\\\/lasentinelle.dz\\\/wp-content\\\/uploads\\\/2021\\\/09\\\/logo-sentinelleSLOGAN-1.png\",\"width\":615,\"height\":142,\"caption\":\"Quotidien La Sentinelle\"},\"image\":{\"@id\":\"https:\\\/\\\/lasentinelle.dz\\\/#\\\/schema\\\/logo\\\/image\\\/\"},\"sameAs\":[\"https:\\\/\\\/www.facebook.com\\\/La-Sentinelle-104059864394773\"]},{\"@type\":\"Person\",\"@id\":\"https:\\\/\\\/lasentinelle.dz\\\/#\\\/schema\\\/person\\\/d865044e22e70a75174ce8bcad3acfb3\",\"name\":\"La Sentinelle\",\"image\":{\"@type\":\"ImageObject\",\"inLanguage\":\"fr-FR\",\"@id\":\"https:\\\/\\\/secure.gravatar.com\\\/avatar\\\/57de8e5d4b15d43fb361a71fbb36338450fe67865b528a43dd10ef7c51a20392?s=96&d=mm&r=g\",\"url\":\"https:\\\/\\\/secure.gravatar.com\\\/avatar\\\/57de8e5d4b15d43fb361a71fbb36338450fe67865b528a43dd10ef7c51a20392?s=96&d=mm&r=g\",\"contentUrl\":\"https:\\\/\\\/secure.gravatar.com\\\/avatar\\\/57de8e5d4b15d43fb361a71fbb36338450fe67865b528a43dd10ef7c51a20392?s=96&d=mm&r=g\",\"caption\":\"La Sentinelle\"},\"sameAs\":[\"http:\\\/\\\/www.lasentinelle.dz\"],\"url\":\"https:\\\/\\\/lasentinelle.dz\\\/author\\\/redaction\\\/\"}]}<\/script>\n<!-- \/ Yoast SEO plugin. -->","yoast_head_json":{"title":"Afghanistan : Les \u00e9vacuations sous poursuivent sous tension - La Sentinelle","robots":{"index":"index","follow":"follow","max-snippet":"max-snippet:-1","max-image-preview":"max-image-preview:large","max-video-preview":"max-video-preview:-1"},"canonical":"https:\/\/lasentinelle.dz\/index.php\/2021\/08\/30\/afghanistan-les-evacuations-sous-poursuivent-sous-tension\/","og_locale":"fr_FR","og_type":"article","og_title":"Afghanistan : Les \u00e9vacuations sous poursuivent sous tension - La Sentinelle","og_description":"Une roquette a \u00e9t\u00e9 tir\u00e9e vers l&rsquo;a\u00e9roport de Kaboul, en Afghanistan, o\u00f9 les vols d&rsquo;\u00e9vacuation dirig\u00e9s par les Etats-Unis se","og_url":"https:\/\/lasentinelle.dz\/index.php\/2021\/08\/30\/afghanistan-les-evacuations-sous-poursuivent-sous-tension\/","og_site_name":"La Sentinelle","article_publisher":"https:\/\/www.facebook.com\/La-Sentinelle-104059864394773","article_published_time":"2021-08-29T23:01:00+00:00","og_image":[{"width":1152,"height":768,"url":"https:\/\/lasentinelle.dz\/wp-content\/uploads\/2021\/08\/image_2021-08-29_155615.png","type":"image\/png"}],"author":"La Sentinelle","twitter_card":"summary_large_image","twitter_misc":{"\u00c9crit par":"La Sentinelle","Dur\u00e9e de lecture estim\u00e9e":"3 minutes"},"schema":{"@context":"https:\/\/schema.org","@graph":[{"@type":"Article","@id":"https:\/\/lasentinelle.dz\/index.php\/2021\/08\/30\/afghanistan-les-evacuations-sous-poursuivent-sous-tension\/#article","isPartOf":{"@id":"https:\/\/lasentinelle.dz\/index.php\/2021\/08\/30\/afghanistan-les-evacuations-sous-poursuivent-sous-tension\/"},"author":{"name":"La Sentinelle","@id":"https:\/\/lasentinelle.dz\/#\/schema\/person\/d865044e22e70a75174ce8bcad3acfb3"},"headline":"Afghanistan : Les \u00e9vacuations sous poursuivent sous tension","datePublished":"2021-08-29T23:01:00+00:00","mainEntityOfPage":{"@id":"https:\/\/lasentinelle.dz\/index.php\/2021\/08\/30\/afghanistan-les-evacuations-sous-poursuivent-sous-tension\/"},"wordCount":584,"commentCount":0,"publisher":{"@id":"https:\/\/lasentinelle.dz\/#organization"},"image":{"@id":"https:\/\/lasentinelle.dz\/index.php\/2021\/08\/30\/afghanistan-les-evacuations-sous-poursuivent-sous-tension\/#primaryimage"},"thumbnailUrl":"https:\/\/lasentinelle.dz\/wp-content\/uploads\/2021\/08\/image_2021-08-29_155615.png","articleSection":["Monde"],"inLanguage":"fr-FR","potentialAction":[{"@type":"CommentAction","name":"Comment","target":["https:\/\/lasentinelle.dz\/index.php\/2021\/08\/30\/afghanistan-les-evacuations-sous-poursuivent-sous-tension\/#respond"]}]},{"@type":"WebPage","@id":"https:\/\/lasentinelle.dz\/index.php\/2021\/08\/30\/afghanistan-les-evacuations-sous-poursuivent-sous-tension\/","url":"https:\/\/lasentinelle.dz\/index.php\/2021\/08\/30\/afghanistan-les-evacuations-sous-poursuivent-sous-tension\/","name":"Afghanistan : Les \u00e9vacuations sous poursuivent sous tension - La Sentinelle","isPartOf":{"@id":"https:\/\/lasentinelle.dz\/#website"},"primaryImageOfPage":{"@id":"https:\/\/lasentinelle.dz\/index.php\/2021\/08\/30\/afghanistan-les-evacuations-sous-poursuivent-sous-tension\/#primaryimage"},"image":{"@id":"https:\/\/lasentinelle.dz\/index.php\/2021\/08\/30\/afghanistan-les-evacuations-sous-poursuivent-sous-tension\/#primaryimage"},"thumbnailUrl":"https:\/\/lasentinelle.dz\/wp-content\/uploads\/2021\/08\/image_2021-08-29_155615.png","datePublished":"2021-08-29T23:01:00+00:00","breadcrumb":{"@id":"https:\/\/lasentinelle.dz\/index.php\/2021\/08\/30\/afghanistan-les-evacuations-sous-poursuivent-sous-tension\/#breadcrumb"},"inLanguage":"fr-FR","potentialAction":[{"@type":"ReadAction","target":["https:\/\/lasentinelle.dz\/index.php\/2021\/08\/30\/afghanistan-les-evacuations-sous-poursuivent-sous-tension\/"]}]},{"@type":"ImageObject","inLanguage":"fr-FR","@id":"https:\/\/lasentinelle.dz\/index.php\/2021\/08\/30\/afghanistan-les-evacuations-sous-poursuivent-sous-tension\/#primaryimage","url":"https:\/\/lasentinelle.dz\/wp-content\/uploads\/2021\/08\/image_2021-08-29_155615.png","contentUrl":"https:\/\/lasentinelle.dz\/wp-content\/uploads\/2021\/08\/image_2021-08-29_155615.png","width":1152,"height":768},{"@type":"BreadcrumbList","@id":"https:\/\/lasentinelle.dz\/index.php\/2021\/08\/30\/afghanistan-les-evacuations-sous-poursuivent-sous-tension\/#breadcrumb","itemListElement":[{"@type":"ListItem","position":1,"name":"Accueil","item":"https:\/\/lasentinelle.dz\/"},{"@type":"ListItem","position":2,"name":"Afghanistan : Les \u00e9vacuations sous poursuivent sous tension"}]},{"@type":"WebSite","@id":"https:\/\/lasentinelle.dz\/#website","url":"https:\/\/lasentinelle.dz\/","name":"La Sentinelle","description":"Quotidien national d&#039;information","publisher":{"@id":"https:\/\/lasentinelle.dz\/#organization"},"potentialAction":[{"@type":"SearchAction","target":{"@type":"EntryPoint","urlTemplate":"https:\/\/lasentinelle.dz\/?s={search_term_string}"},"query-input":{"@type":"PropertyValueSpecification","valueRequired":true,"valueName":"search_term_string"}}],"inLanguage":"fr-FR"},{"@type":"Organization","@id":"https:\/\/lasentinelle.dz\/#organization","name":"Quotidien La Sentinelle","url":"https:\/\/lasentinelle.dz\/","logo":{"@type":"ImageObject","inLanguage":"fr-FR","@id":"https:\/\/lasentinelle.dz\/#\/schema\/logo\/image\/","url":"https:\/\/lasentinelle.dz\/wp-content\/uploads\/2021\/09\/logo-sentinelleSLOGAN-1.png","contentUrl":"https:\/\/lasentinelle.dz\/wp-content\/uploads\/2021\/09\/logo-sentinelleSLOGAN-1.png","width":615,"height":142,"caption":"Quotidien La Sentinelle"},"image":{"@id":"https:\/\/lasentinelle.dz\/#\/schema\/logo\/image\/"},"sameAs":["https:\/\/www.facebook.com\/La-Sentinelle-104059864394773"]},{"@type":"Person","@id":"https:\/\/lasentinelle.dz\/#\/schema\/person\/d865044e22e70a75174ce8bcad3acfb3","name":"La Sentinelle","image":{"@type":"ImageObject","inLanguage":"fr-FR","@id":"https:\/\/secure.gravatar.com\/avatar\/57de8e5d4b15d43fb361a71fbb36338450fe67865b528a43dd10ef7c51a20392?s=96&d=mm&r=g","url":"https:\/\/secure.gravatar.com\/avatar\/57de8e5d4b15d43fb361a71fbb36338450fe67865b528a43dd10ef7c51a20392?s=96&d=mm&r=g","contentUrl":"https:\/\/secure.gravatar.com\/avatar\/57de8e5d4b15d43fb361a71fbb36338450fe67865b528a43dd10ef7c51a20392?s=96&d=mm&r=g","caption":"La Sentinelle"},"sameAs":["http:\/\/www.lasentinelle.dz"],"url":"https:\/\/lasentinelle.dz\/author\/redaction\/"}]}},"_links":{"self":[{"href":"https:\/\/lasentinelle.dz\/index.php\/wp-json\/wp\/v2\/posts\/5784","targetHints":{"allow":["GET"]}}],"collection":[{"href":"https:\/\/lasentinelle.dz\/index.php\/wp-json\/wp\/v2\/posts"}],"about":[{"href":"https:\/\/lasentinelle.dz\/index.php\/wp-json\/wp\/v2\/types\/post"}],"author":[{"embeddable":true,"href":"https:\/\/lasentinelle.dz\/index.php\/wp-json\/wp\/v2\/users\/3"}],"replies":[{"embeddable":true,"href":"https:\/\/lasentinelle.dz\/index.php\/wp-json\/wp\/v2\/comments?post=5784"}],"version-history":[{"count":1,"href":"https:\/\/lasentinelle.dz\/index.php\/wp-json\/wp\/v2\/posts\/5784\/revisions"}],"predecessor-version":[{"id":5790,"href":"https:\/\/lasentinelle.dz\/index.php\/wp-json\/wp\/v2\/posts\/5784\/revisions\/5790"}],"wp:featuredmedia":[{"embeddable":true,"href":"https:\/\/lasentinelle.dz\/index.php\/wp-json\/wp\/v2\/media\/5789"}],"wp:attachment":[{"href":"https:\/\/lasentinelle.dz\/index.php\/wp-json\/wp\/v2\/media?parent=5784"}],"wp:term":[{"taxonomy":"category","embeddable":true,"href":"https:\/\/lasentinelle.dz\/index.php\/wp-json\/wp\/v2\/categories?post=5784"},{"taxonomy":"post_tag","embeddable":true,"href":"https:\/\/lasentinelle.dz\/index.php\/wp-json\/wp\/v2\/tags?post=5784"}],"curies":[{"name":"wp","href":"https:\/\/api.w.org\/{rel}","templated":true}]}}