{"id":57883,"date":"2024-10-08T21:47:21","date_gmt":"2024-10-08T20:47:21","guid":{"rendered":"https:\/\/lasentinelle.dz\/?p=57883"},"modified":"2024-10-08T21:47:21","modified_gmt":"2024-10-08T20:47:21","slug":"algerie-togo-les-eperviers-en-stage-a-tunis","status":"publish","type":"post","link":"https:\/\/lasentinelle.dz\/index.php\/2024\/10\/08\/algerie-togo-les-eperviers-en-stage-a-tunis\/","title":{"rendered":"Alg\u00e9rie-Togo: Les \u00ab\u00a0Eperviers\u00a0\u00bb en stage \u00e0 Tunis"},"content":{"rendered":"\n<p>La s\u00e9lection togolaise de football a ralli\u00e9 Tunis, pour effectuer un mini stage en vue du match en d\u00e9placement face \u00e0 l&rsquo;Alg\u00e9rie, jeudi au stade du 19-mai 1956 d&rsquo;Annaba (20h00), comptant pour la 3e journ\u00e9e (Gr.E) des qualifications de la CAN-2025, rapporte la presse locale. Le s\u00e9lectionneur togolais Nibomb\u00e9 Dar\u00e9 et une partie de son \u00e9quipe, dont les deux joueurs locaux Benjamin Holete (ASCK) et Kokou Kloukpo (ASKO), ont rejoint la capitale tunisienne samedi, avant que le groupe ne se compl\u00e8te ce lundi avec une premi\u00e8re s\u00e9ance d&rsquo;entra\u00eenement au programme. L&rsquo;\u00e9quipe du Togo, 119e au dernier classement de la F\u00e9d\u00e9ration internationale (FIFA) du mois de septembre, rejoindront Annaba mercredi, soit \u00e0 24 heures de la confrontation. Le Togo recevra ensuite l&rsquo;Alg\u00e9rie, le lundi 14 octobre au stade de K\u00e9gu\u00e9 \u00e0 Lom\u00e9 (17h00, heure alg\u00e9rienne), dans le cadre de la 4e journ\u00e9e. D\u00e9sign\u00e9 coach des \u00ab\u00a0Eperviers\u00a0\u00bb en septembre dernier, Dar\u00e9 Nibomb\u00e9 a d\u00fb composer avec plusieurs absences dont l&rsquo;attaquant d&rsquo;Al-A\u00efn (Emirats arabes unis) Kodjo Fodoh Laba, les d\u00e9fenseurs Josu\u00e9 Homawoo, Kennedy Boateng, et Lo\u00efc Bessil\u00e9, absents pour blessures. Par ailleurs, le gardien international togolais Geoffrey Agbolossou, bless\u00e9 au genou lors de la premi\u00e8re s\u00e9ance d&rsquo;entrainement des Eperviers \u00e0 Tunis, a d\u00e9clar\u00e9 forfait pour la double confrontation face \u00e0 l&rsquo;Alg\u00e9rie, a annonc\u00e9 la F\u00e9d\u00e9ration togolaise de football (FTF). \u00a0\u00bb Lors de la s\u00e9ance d\u2019entrainement effectu\u00e9 lundi matin, Geoffrey Agbolossou s&rsquo;est bless\u00e9 au genou. L&rsquo;IRM effectu\u00e9e dans la foul\u00e9e dans un centre hospitalier de la capitale tunisienne a r\u00e9v\u00e9l\u00e9 une l\u00e9sion m\u00e9niscale externe complexe avec luxation de ses segments moyen et post\u00e9rieur au niveau de l\u2019\u00e9chancrure inter condylienne au contact de son segment ant\u00e9rieur. Une prise en charge chirurgicale est recommand\u00e9e pour le portier du FC Balagne en France. Il est ainsi forfait pour les deux matchs.\u00a0\u00bb indiqu\u00e9 un communiqu\u00e9 de la FTF. Le s\u00e9lectionneur du Togo Nibomb\u00e9 Dar\u00e9 a d\u00e9cid\u00e9 de convoquer Mahadihou Sama de l\u2019ASKO pour remplacer Geoffrey Agbolossou, selon la m\u00eame source. D&rsquo;autre part, vingt joueurs ont pris part \u00e0 la premi\u00e8re s\u00e9ance d&rsquo;entrainement en terre tunisienne. Au menu de cette s\u00e9ance, des exercices de conservation de balle et une opposition avec les principes de jeu du s\u00e9lectionneur.Lors des deux premi\u00e8res journ\u00e9es des qualifications de la CAN-2025, disput\u00e9s en septembre, le Togo a \u00e9t\u00e9 tenu en \u00e9chec d&rsquo;entr\u00e9e par le Lib\u00e9ria (1-1), avant d&rsquo;aller accrocher la Guin\u00e9e-\u00e9quatoriale (2-2). L&rsquo;Alg\u00e9rie tr\u00f4ne en t\u00eate du groupe E avec 6 points devant le Togo (2 pts), alors que le Liberia et la Guin\u00e9e-\u00e9quatoriale ferment la marche avec un point.<\/p>\n\n\n\n<p>R.S.<\/p>\n","protected":false},"excerpt":{"rendered":"<p>La s\u00e9lection togolaise de football a ralli\u00e9 Tunis, pour effectuer un mini stage en vue du match en d\u00e9placement face<\/p>\n","protected":false},"author":6,"featured_media":57884,"comment_status":"open","ping_status":"closed","sticky":false,"template":"","format":"standard","meta":{"colormag_page_container_layout":"default_layout","colormag_page_sidebar_layout":"default_layout","om_disable_all_campaigns":false,"_monsterinsights_skip_tracking":false,"_monsterinsights_sitenote_active":false,"_monsterinsights_sitenote_note":"","_monsterinsights_sitenote_category":0,"footnotes":"","_wpscppro_dont_share_socialmedia":false,"_wpscppro_custom_social_share_image":0,"_facebook_share_type":"default","_twitter_share_type":"default","_linkedin_share_type":"default","_pinterest_share_type":"default","_linkedin_share_type_page":"","_instagram_share_type":"default","_medium_share_type":"default","_threads_share_type":"","_google_business_share_type":"","_selected_social_profile":[],"_wpsp_enable_custom_social_template":false,"_wpsp_social_scheduling":{"enabled":false,"datetime":null,"platforms":[],"status":"template_only","dateOption":"today","timeOption":"now","customDays":"","customHours":"","customDate":"","customTime":"","schedulingType":"absolute"},"_wpsp_active_default_template":true},"categories":[33],"tags":[],"class_list":["post-57883","post","type-post","status-publish","format-standard","has-post-thumbnail","hentry","category-sports"],"aioseo_notices":[],"yoast_head":"<!-- This site is optimized with the Yoast SEO plugin v27.4 - https:\/\/yoast.com\/product\/yoast-seo-wordpress\/ -->\n<title>Alg\u00e9rie-Togo: Les \u00ab\u00a0Eperviers\u00a0\u00bb en stage \u00e0 Tunis - La Sentinelle<\/title>\n<meta name=\"robots\" content=\"index, follow, max-snippet:-1, max-image-preview:large, max-video-preview:-1\" \/>\n<link rel=\"canonical\" href=\"https:\/\/lasentinelle.dz\/index.php\/2024\/10\/08\/algerie-togo-les-eperviers-en-stage-a-tunis\/\" \/>\n<meta property=\"og:locale\" content=\"fr_FR\" \/>\n<meta property=\"og:type\" content=\"article\" \/>\n<meta property=\"og:title\" content=\"Alg\u00e9rie-Togo: Les \u00ab\u00a0Eperviers\u00a0\u00bb en stage \u00e0 Tunis - La Sentinelle\" \/>\n<meta property=\"og:description\" content=\"La s\u00e9lection togolaise de football a ralli\u00e9 Tunis, pour effectuer un mini stage en vue du match en d\u00e9placement face\" \/>\n<meta property=\"og:url\" content=\"https:\/\/lasentinelle.dz\/index.php\/2024\/10\/08\/algerie-togo-les-eperviers-en-stage-a-tunis\/\" \/>\n<meta property=\"og:site_name\" content=\"La Sentinelle\" \/>\n<meta property=\"article:publisher\" content=\"https:\/\/www.facebook.com\/La-Sentinelle-104059864394773\" \/>\n<meta property=\"article:published_time\" content=\"2024-10-08T20:47:21+00:00\" \/>\n<meta property=\"og:image\" content=\"https:\/\/lasentinelle.dz\/wp-content\/uploads\/2024\/10\/togo.jpeg\" \/>\n\t<meta property=\"og:image:width\" content=\"696\" \/>\n\t<meta property=\"og:image:height\" content=\"417\" \/>\n\t<meta property=\"og:image:type\" content=\"image\/jpeg\" \/>\n<meta name=\"author\" content=\"admin\" \/>\n<meta name=\"twitter:card\" content=\"summary_large_image\" \/>\n<meta name=\"twitter:label1\" content=\"\u00c9crit par\" \/>\n\t<meta name=\"twitter:data1\" content=\"admin\" \/>\n\t<meta name=\"twitter:label2\" content=\"Dur\u00e9e de lecture estim\u00e9e\" \/>\n\t<meta name=\"twitter:data2\" content=\"3 minutes\" \/>\n<script type=\"application\/ld+json\" class=\"yoast-schema-graph\">{\"@context\":\"https:\\\/\\\/schema.org\",\"@graph\":[{\"@type\":\"Article\",\"@id\":\"https:\\\/\\\/lasentinelle.dz\\\/index.php\\\/2024\\\/10\\\/08\\\/algerie-togo-les-eperviers-en-stage-a-tunis\\\/#article\",\"isPartOf\":{\"@id\":\"https:\\\/\\\/lasentinelle.dz\\\/index.php\\\/2024\\\/10\\\/08\\\/algerie-togo-les-eperviers-en-stage-a-tunis\\\/\"},\"author\":{\"name\":\"admin\",\"@id\":\"https:\\\/\\\/lasentinelle.dz\\\/#\\\/schema\\\/person\\\/729ee0024f24e0b8c5ec17232f8e8b41\"},\"headline\":\"Alg\u00e9rie-Togo: Les \u00ab\u00a0Eperviers\u00a0\u00bb en stage \u00e0 Tunis\",\"datePublished\":\"2024-10-08T20:47:21+00:00\",\"mainEntityOfPage\":{\"@id\":\"https:\\\/\\\/lasentinelle.dz\\\/index.php\\\/2024\\\/10\\\/08\\\/algerie-togo-les-eperviers-en-stage-a-tunis\\\/\"},\"wordCount\":488,\"commentCount\":0,\"publisher\":{\"@id\":\"https:\\\/\\\/lasentinelle.dz\\\/#organization\"},\"image\":{\"@id\":\"https:\\\/\\\/lasentinelle.dz\\\/index.php\\\/2024\\\/10\\\/08\\\/algerie-togo-les-eperviers-en-stage-a-tunis\\\/#primaryimage\"},\"thumbnailUrl\":\"https:\\\/\\\/lasentinelle.dz\\\/wp-content\\\/uploads\\\/2024\\\/10\\\/togo.jpeg\",\"articleSection\":[\"Sports\"],\"inLanguage\":\"fr-FR\",\"potentialAction\":[{\"@type\":\"CommentAction\",\"name\":\"Comment\",\"target\":[\"https:\\\/\\\/lasentinelle.dz\\\/index.php\\\/2024\\\/10\\\/08\\\/algerie-togo-les-eperviers-en-stage-a-tunis\\\/#respond\"]}]},{\"@type\":\"WebPage\",\"@id\":\"https:\\\/\\\/lasentinelle.dz\\\/index.php\\\/2024\\\/10\\\/08\\\/algerie-togo-les-eperviers-en-stage-a-tunis\\\/\",\"url\":\"https:\\\/\\\/lasentinelle.dz\\\/index.php\\\/2024\\\/10\\\/08\\\/algerie-togo-les-eperviers-en-stage-a-tunis\\\/\",\"name\":\"Alg\u00e9rie-Togo: Les \u00ab\u00a0Eperviers\u00a0\u00bb en stage \u00e0 Tunis - La Sentinelle\",\"isPartOf\":{\"@id\":\"https:\\\/\\\/lasentinelle.dz\\\/#website\"},\"primaryImageOfPage\":{\"@id\":\"https:\\\/\\\/lasentinelle.dz\\\/index.php\\\/2024\\\/10\\\/08\\\/algerie-togo-les-eperviers-en-stage-a-tunis\\\/#primaryimage\"},\"image\":{\"@id\":\"https:\\\/\\\/lasentinelle.dz\\\/index.php\\\/2024\\\/10\\\/08\\\/algerie-togo-les-eperviers-en-stage-a-tunis\\\/#primaryimage\"},\"thumbnailUrl\":\"https:\\\/\\\/lasentinelle.dz\\\/wp-content\\\/uploads\\\/2024\\\/10\\\/togo.jpeg\",\"datePublished\":\"2024-10-08T20:47:21+00:00\",\"breadcrumb\":{\"@id\":\"https:\\\/\\\/lasentinelle.dz\\\/index.php\\\/2024\\\/10\\\/08\\\/algerie-togo-les-eperviers-en-stage-a-tunis\\\/#breadcrumb\"},\"inLanguage\":\"fr-FR\",\"potentialAction\":[{\"@type\":\"ReadAction\",\"target\":[\"https:\\\/\\\/lasentinelle.dz\\\/index.php\\\/2024\\\/10\\\/08\\\/algerie-togo-les-eperviers-en-stage-a-tunis\\\/\"]}]},{\"@type\":\"ImageObject\",\"inLanguage\":\"fr-FR\",\"@id\":\"https:\\\/\\\/lasentinelle.dz\\\/index.php\\\/2024\\\/10\\\/08\\\/algerie-togo-les-eperviers-en-stage-a-tunis\\\/#primaryimage\",\"url\":\"https:\\\/\\\/lasentinelle.dz\\\/wp-content\\\/uploads\\\/2024\\\/10\\\/togo.jpeg\",\"contentUrl\":\"https:\\\/\\\/lasentinelle.dz\\\/wp-content\\\/uploads\\\/2024\\\/10\\\/togo.jpeg\",\"width\":696,\"height\":417},{\"@type\":\"BreadcrumbList\",\"@id\":\"https:\\\/\\\/lasentinelle.dz\\\/index.php\\\/2024\\\/10\\\/08\\\/algerie-togo-les-eperviers-en-stage-a-tunis\\\/#breadcrumb\",\"itemListElement\":[{\"@type\":\"ListItem\",\"position\":1,\"name\":\"Accueil\",\"item\":\"https:\\\/\\\/lasentinelle.dz\\\/\"},{\"@type\":\"ListItem\",\"position\":2,\"name\":\"Alg\u00e9rie-Togo: Les \u00ab\u00a0Eperviers\u00a0\u00bb en stage \u00e0 Tunis\"}]},{\"@type\":\"WebSite\",\"@id\":\"https:\\\/\\\/lasentinelle.dz\\\/#website\",\"url\":\"https:\\\/\\\/lasentinelle.dz\\\/\",\"name\":\"La Sentinelle\",\"description\":\"Quotidien national d&#039;information\",\"publisher\":{\"@id\":\"https:\\\/\\\/lasentinelle.dz\\\/#organization\"},\"potentialAction\":[{\"@type\":\"SearchAction\",\"target\":{\"@type\":\"EntryPoint\",\"urlTemplate\":\"https:\\\/\\\/lasentinelle.dz\\\/?s={search_term_string}\"},\"query-input\":{\"@type\":\"PropertyValueSpecification\",\"valueRequired\":true,\"valueName\":\"search_term_string\"}}],\"inLanguage\":\"fr-FR\"},{\"@type\":\"Organization\",\"@id\":\"https:\\\/\\\/lasentinelle.dz\\\/#organization\",\"name\":\"Quotidien La Sentinelle\",\"url\":\"https:\\\/\\\/lasentinelle.dz\\\/\",\"logo\":{\"@type\":\"ImageObject\",\"inLanguage\":\"fr-FR\",\"@id\":\"https:\\\/\\\/lasentinelle.dz\\\/#\\\/schema\\\/logo\\\/image\\\/\",\"url\":\"https:\\\/\\\/lasentinelle.dz\\\/wp-content\\\/uploads\\\/2021\\\/09\\\/logo-sentinelleSLOGAN-1.png\",\"contentUrl\":\"https:\\\/\\\/lasentinelle.dz\\\/wp-content\\\/uploads\\\/2021\\\/09\\\/logo-sentinelleSLOGAN-1.png\",\"width\":615,\"height\":142,\"caption\":\"Quotidien La Sentinelle\"},\"image\":{\"@id\":\"https:\\\/\\\/lasentinelle.dz\\\/#\\\/schema\\\/logo\\\/image\\\/\"},\"sameAs\":[\"https:\\\/\\\/www.facebook.com\\\/La-Sentinelle-104059864394773\"]},{\"@type\":\"Person\",\"@id\":\"https:\\\/\\\/lasentinelle.dz\\\/#\\\/schema\\\/person\\\/729ee0024f24e0b8c5ec17232f8e8b41\",\"name\":\"admin\",\"image\":{\"@type\":\"ImageObject\",\"inLanguage\":\"fr-FR\",\"@id\":\"https:\\\/\\\/secure.gravatar.com\\\/avatar\\\/4c81fed838786e9b53f540bf46533e750f5d292099ae3b66cfc6fb1982e29df7?s=96&d=mm&r=g\",\"url\":\"https:\\\/\\\/secure.gravatar.com\\\/avatar\\\/4c81fed838786e9b53f540bf46533e750f5d292099ae3b66cfc6fb1982e29df7?s=96&d=mm&r=g\",\"contentUrl\":\"https:\\\/\\\/secure.gravatar.com\\\/avatar\\\/4c81fed838786e9b53f540bf46533e750f5d292099ae3b66cfc6fb1982e29df7?s=96&d=mm&r=g\",\"caption\":\"admin\"},\"description\":\"admin\",\"url\":\"https:\\\/\\\/lasentinelle.dz\\\/author\\\/admin\\\/\"}]}<\/script>\n<!-- \/ Yoast SEO plugin. -->","yoast_head_json":{"title":"Alg\u00e9rie-Togo: Les \u00ab\u00a0Eperviers\u00a0\u00bb en stage \u00e0 Tunis - La Sentinelle","robots":{"index":"index","follow":"follow","max-snippet":"max-snippet:-1","max-image-preview":"max-image-preview:large","max-video-preview":"max-video-preview:-1"},"canonical":"https:\/\/lasentinelle.dz\/index.php\/2024\/10\/08\/algerie-togo-les-eperviers-en-stage-a-tunis\/","og_locale":"fr_FR","og_type":"article","og_title":"Alg\u00e9rie-Togo: Les \u00ab\u00a0Eperviers\u00a0\u00bb en stage \u00e0 Tunis - La Sentinelle","og_description":"La s\u00e9lection togolaise de football a ralli\u00e9 Tunis, pour effectuer un mini stage en vue du match en d\u00e9placement face","og_url":"https:\/\/lasentinelle.dz\/index.php\/2024\/10\/08\/algerie-togo-les-eperviers-en-stage-a-tunis\/","og_site_name":"La Sentinelle","article_publisher":"https:\/\/www.facebook.com\/La-Sentinelle-104059864394773","article_published_time":"2024-10-08T20:47:21+00:00","og_image":[{"width":696,"height":417,"url":"https:\/\/lasentinelle.dz\/wp-content\/uploads\/2024\/10\/togo.jpeg","type":"image\/jpeg"}],"author":"admin","twitter_card":"summary_large_image","twitter_misc":{"\u00c9crit par":"admin","Dur\u00e9e de lecture estim\u00e9e":"3 minutes"},"schema":{"@context":"https:\/\/schema.org","@graph":[{"@type":"Article","@id":"https:\/\/lasentinelle.dz\/index.php\/2024\/10\/08\/algerie-togo-les-eperviers-en-stage-a-tunis\/#article","isPartOf":{"@id":"https:\/\/lasentinelle.dz\/index.php\/2024\/10\/08\/algerie-togo-les-eperviers-en-stage-a-tunis\/"},"author":{"name":"admin","@id":"https:\/\/lasentinelle.dz\/#\/schema\/person\/729ee0024f24e0b8c5ec17232f8e8b41"},"headline":"Alg\u00e9rie-Togo: Les \u00ab\u00a0Eperviers\u00a0\u00bb en stage \u00e0 Tunis","datePublished":"2024-10-08T20:47:21+00:00","mainEntityOfPage":{"@id":"https:\/\/lasentinelle.dz\/index.php\/2024\/10\/08\/algerie-togo-les-eperviers-en-stage-a-tunis\/"},"wordCount":488,"commentCount":0,"publisher":{"@id":"https:\/\/lasentinelle.dz\/#organization"},"image":{"@id":"https:\/\/lasentinelle.dz\/index.php\/2024\/10\/08\/algerie-togo-les-eperviers-en-stage-a-tunis\/#primaryimage"},"thumbnailUrl":"https:\/\/lasentinelle.dz\/wp-content\/uploads\/2024\/10\/togo.jpeg","articleSection":["Sports"],"inLanguage":"fr-FR","potentialAction":[{"@type":"CommentAction","name":"Comment","target":["https:\/\/lasentinelle.dz\/index.php\/2024\/10\/08\/algerie-togo-les-eperviers-en-stage-a-tunis\/#respond"]}]},{"@type":"WebPage","@id":"https:\/\/lasentinelle.dz\/index.php\/2024\/10\/08\/algerie-togo-les-eperviers-en-stage-a-tunis\/","url":"https:\/\/lasentinelle.dz\/index.php\/2024\/10\/08\/algerie-togo-les-eperviers-en-stage-a-tunis\/","name":"Alg\u00e9rie-Togo: Les \u00ab\u00a0Eperviers\u00a0\u00bb en stage \u00e0 Tunis - La Sentinelle","isPartOf":{"@id":"https:\/\/lasentinelle.dz\/#website"},"primaryImageOfPage":{"@id":"https:\/\/lasentinelle.dz\/index.php\/2024\/10\/08\/algerie-togo-les-eperviers-en-stage-a-tunis\/#primaryimage"},"image":{"@id":"https:\/\/lasentinelle.dz\/index.php\/2024\/10\/08\/algerie-togo-les-eperviers-en-stage-a-tunis\/#primaryimage"},"thumbnailUrl":"https:\/\/lasentinelle.dz\/wp-content\/uploads\/2024\/10\/togo.jpeg","datePublished":"2024-10-08T20:47:21+00:00","breadcrumb":{"@id":"https:\/\/lasentinelle.dz\/index.php\/2024\/10\/08\/algerie-togo-les-eperviers-en-stage-a-tunis\/#breadcrumb"},"inLanguage":"fr-FR","potentialAction":[{"@type":"ReadAction","target":["https:\/\/lasentinelle.dz\/index.php\/2024\/10\/08\/algerie-togo-les-eperviers-en-stage-a-tunis\/"]}]},{"@type":"ImageObject","inLanguage":"fr-FR","@id":"https:\/\/lasentinelle.dz\/index.php\/2024\/10\/08\/algerie-togo-les-eperviers-en-stage-a-tunis\/#primaryimage","url":"https:\/\/lasentinelle.dz\/wp-content\/uploads\/2024\/10\/togo.jpeg","contentUrl":"https:\/\/lasentinelle.dz\/wp-content\/uploads\/2024\/10\/togo.jpeg","width":696,"height":417},{"@type":"BreadcrumbList","@id":"https:\/\/lasentinelle.dz\/index.php\/2024\/10\/08\/algerie-togo-les-eperviers-en-stage-a-tunis\/#breadcrumb","itemListElement":[{"@type":"ListItem","position":1,"name":"Accueil","item":"https:\/\/lasentinelle.dz\/"},{"@type":"ListItem","position":2,"name":"Alg\u00e9rie-Togo: Les \u00ab\u00a0Eperviers\u00a0\u00bb en stage \u00e0 Tunis"}]},{"@type":"WebSite","@id":"https:\/\/lasentinelle.dz\/#website","url":"https:\/\/lasentinelle.dz\/","name":"La Sentinelle","description":"Quotidien national d&#039;information","publisher":{"@id":"https:\/\/lasentinelle.dz\/#organization"},"potentialAction":[{"@type":"SearchAction","target":{"@type":"EntryPoint","urlTemplate":"https:\/\/lasentinelle.dz\/?s={search_term_string}"},"query-input":{"@type":"PropertyValueSpecification","valueRequired":true,"valueName":"search_term_string"}}],"inLanguage":"fr-FR"},{"@type":"Organization","@id":"https:\/\/lasentinelle.dz\/#organization","name":"Quotidien La Sentinelle","url":"https:\/\/lasentinelle.dz\/","logo":{"@type":"ImageObject","inLanguage":"fr-FR","@id":"https:\/\/lasentinelle.dz\/#\/schema\/logo\/image\/","url":"https:\/\/lasentinelle.dz\/wp-content\/uploads\/2021\/09\/logo-sentinelleSLOGAN-1.png","contentUrl":"https:\/\/lasentinelle.dz\/wp-content\/uploads\/2021\/09\/logo-sentinelleSLOGAN-1.png","width":615,"height":142,"caption":"Quotidien La Sentinelle"},"image":{"@id":"https:\/\/lasentinelle.dz\/#\/schema\/logo\/image\/"},"sameAs":["https:\/\/www.facebook.com\/La-Sentinelle-104059864394773"]},{"@type":"Person","@id":"https:\/\/lasentinelle.dz\/#\/schema\/person\/729ee0024f24e0b8c5ec17232f8e8b41","name":"admin","image":{"@type":"ImageObject","inLanguage":"fr-FR","@id":"https:\/\/secure.gravatar.com\/avatar\/4c81fed838786e9b53f540bf46533e750f5d292099ae3b66cfc6fb1982e29df7?s=96&d=mm&r=g","url":"https:\/\/secure.gravatar.com\/avatar\/4c81fed838786e9b53f540bf46533e750f5d292099ae3b66cfc6fb1982e29df7?s=96&d=mm&r=g","contentUrl":"https:\/\/secure.gravatar.com\/avatar\/4c81fed838786e9b53f540bf46533e750f5d292099ae3b66cfc6fb1982e29df7?s=96&d=mm&r=g","caption":"admin"},"description":"admin","url":"https:\/\/lasentinelle.dz\/author\/admin\/"}]}},"_links":{"self":[{"href":"https:\/\/lasentinelle.dz\/index.php\/wp-json\/wp\/v2\/posts\/57883","targetHints":{"allow":["GET"]}}],"collection":[{"href":"https:\/\/lasentinelle.dz\/index.php\/wp-json\/wp\/v2\/posts"}],"about":[{"href":"https:\/\/lasentinelle.dz\/index.php\/wp-json\/wp\/v2\/types\/post"}],"author":[{"embeddable":true,"href":"https:\/\/lasentinelle.dz\/index.php\/wp-json\/wp\/v2\/users\/6"}],"replies":[{"embeddable":true,"href":"https:\/\/lasentinelle.dz\/index.php\/wp-json\/wp\/v2\/comments?post=57883"}],"version-history":[{"count":2,"href":"https:\/\/lasentinelle.dz\/index.php\/wp-json\/wp\/v2\/posts\/57883\/revisions"}],"predecessor-version":[{"id":57886,"href":"https:\/\/lasentinelle.dz\/index.php\/wp-json\/wp\/v2\/posts\/57883\/revisions\/57886"}],"wp:featuredmedia":[{"embeddable":true,"href":"https:\/\/lasentinelle.dz\/index.php\/wp-json\/wp\/v2\/media\/57884"}],"wp:attachment":[{"href":"https:\/\/lasentinelle.dz\/index.php\/wp-json\/wp\/v2\/media?parent=57883"}],"wp:term":[{"taxonomy":"category","embeddable":true,"href":"https:\/\/lasentinelle.dz\/index.php\/wp-json\/wp\/v2\/categories?post=57883"},{"taxonomy":"post_tag","embeddable":true,"href":"https:\/\/lasentinelle.dz\/index.php\/wp-json\/wp\/v2\/tags?post=57883"}],"curies":[{"name":"wp","href":"https:\/\/api.w.org\/{rel}","templated":true}]}}