{"id":57887,"date":"2024-10-08T21:48:17","date_gmt":"2024-10-08T20:48:17","guid":{"rendered":"https:\/\/lasentinelle.dz\/?p=57887"},"modified":"2024-10-08T21:48:18","modified_gmt":"2024-10-08T20:48:18","slug":"eliminatoires-de-la-can-2025-les-fennecs-affutent-leurs-armes","status":"publish","type":"post","link":"https:\/\/lasentinelle.dz\/index.php\/2024\/10\/08\/eliminatoires-de-la-can-2025-les-fennecs-affutent-leurs-armes\/","title":{"rendered":"\u00c9liminatoires de la CAN 2025 : Les Fennecs aff\u00fbtent leurs armes"},"content":{"rendered":"\n<p>L&rsquo;\u00e9quipe nationale de football s&rsquo;appr\u00eate \u00e0 entamer une nouvelle phase cruciale de sa course \u00e0 la qualification pour la Coupe d&rsquo;Afrique des Nations (CAN) 2025. Les Fennecs sont d\u00e9termin\u00e9s \u00e0 renouer avec leur gloire pass\u00e9e et \u00e0 s&rsquo;imposer comme une force majeure du continent.<\/p>\n\n\n\n<p>L&rsquo;\u00e9quipe nationale s&rsquo;est r\u00e9unie au complet lundi au Centre Technique National de Sidi Moussa, pr\u00e8s d&rsquo;Alger, pour d\u00e9buter son stage de pr\u00e9paration. Malgr\u00e9 une pluie battante, l&rsquo;enthousiasme \u00e9tait palpable parmi les 26 joueurs convoqu\u00e9s, dont trois nouveaux visages prometteurs : l&rsquo;attaquant Ibrahim Maza du Hertha Berlin, le d\u00e9fenseur Sa\u00e2di Redouani de l&rsquo;USM Alger, et le gardien de but Zakaria Bouhalfaya du CS Constantine. La premi\u00e8re s\u00e9ance d&rsquo;entra\u00eenement, supervis\u00e9e de pr\u00e8s par Petkovic, s&rsquo;est concentr\u00e9e sur des aspects technico-tactiques, avec une attention particuli\u00e8re port\u00e9e aux joueurs ayant disput\u00e9 des matchs la veille avec leurs clubs respectifs. Cette approche minutieuse t\u00e9moigne de la volont\u00e9 du staff technique de maintenir un \u00e9quilibre entre intensit\u00e9 et r\u00e9cup\u00e9ration.<\/p>\n\n\n\n<p>Les \u00ab\u00a0Verts\u00a0\u00bb se pr\u00e9parent \u00e0 affronter le Togo dans une double confrontation cruciale pour les \u00e9liminatoires de la CAN 2025. Le premier match se tiendra demain jeudi au stade du 19 mai 1956 d&rsquo;Annaba, suivi d&rsquo;un d\u00e9placement \u00e0 Lom\u00e9 pour le match retour le 14 octobre. Ces rencontres repr\u00e9sentent une opportunit\u00e9 pour l&rsquo;Alg\u00e9rie de consolider sa position de leader du groupe E, o\u00f9 elle devance actuellement le Togo, le Liberia et la Guin\u00e9e \u00e9quatoriale. Si les Verts r\u00e9ussissent \u00e0 d\u00e9faire leur adversaire lors de cette double-confrontation ils pourront s&rsquo;assurer une qualification pour la phase finale de la CAN.<\/p>\n\n\n\n<p>Lors d&rsquo;une conf\u00e9rence de presse tenue jeudi, Vladimir Petkovic a soulign\u00e9 que l&rsquo;objectif est de confirmer les progr\u00e8s r\u00e9alis\u00e9s en septembre\u00a0\u00bb, faisant r\u00e9f\u00e9rence aux victoires convaincantes contre la Guin\u00e9e \u00e9quatoriale (2-0) et le Liberia (3-0). Le s\u00e9lectionneur suisse d&rsquo;origine bosniaque a soulign\u00e9 l&rsquo;importance de continuer sur cette lanc\u00e9e positive, tout en int\u00e9grant de nouveaux talents pour enrichir le vivier de joueurs. Petkovic a insist\u00e9 sur l&rsquo;ouverture de la s\u00e9lection \u00e0 tous les joueurs talentueux, mettant l&rsquo;accent sur des crit\u00e8res tels que la technique, la tactique, l&rsquo;esprit de sacrifice et la coh\u00e9sion d&rsquo;\u00e9quipe. \u00ab\u00a0Nous \u00e9valuons les joueurs sur leur capacit\u00e9 \u00e0 nous faire gagner des matchs\u00a0\u00bb, a-t-il pr\u00e9cis\u00e9, soulignant l&rsquo;approche m\u00e9ticuleuse de son staff dans l&rsquo;observation et l&rsquo;\u00e9valuation des performances. Avec ces deux matches contre le Togo, l&rsquo;Alg\u00e9rie a l&rsquo;opportunit\u00e9 de faire un pas significatif vers la qualification pour la CAN 2025, pr\u00e9vue du 21 d\u00e9cembre 2025 au 18 janvier 2026. L&rsquo;\u00e9quipe nationale, qui reste sur des performances mitig\u00e9es lors des derni\u00e8res comp\u00e9titions majeures, semble retrouver une dynamique positive sous la direction de Petkovic. L&rsquo;int\u00e9gration de nouveaux talents, combin\u00e9e \u00e0 l&rsquo;exp\u00e9rience des cadres, laisse pr\u00e9sager un avenir prometteur pour les Fennecs. &nbsp;Les co\u00e9quipiers d&rsquo;A\u00efssa Mandi rallieront la ville d&rsquo;Annaba aujourd&rsquo;hui pour&nbsp; l&rsquo;ultime galop d&rsquo;entra\u00eenement d&rsquo;avant-match.<\/p>\n\n\n\n<p>Moncef Dahleb<\/p>\n","protected":false},"excerpt":{"rendered":"<p>L&rsquo;\u00e9quipe nationale de football s&rsquo;appr\u00eate \u00e0 entamer une nouvelle phase cruciale de sa course \u00e0 la qualification pour la Coupe<\/p>\n","protected":false},"author":6,"featured_media":57888,"comment_status":"open","ping_status":"closed","sticky":false,"template":"","format":"standard","meta":{"colormag_page_container_layout":"default_layout","colormag_page_sidebar_layout":"default_layout","om_disable_all_campaigns":false,"_monsterinsights_skip_tracking":false,"_monsterinsights_sitenote_active":false,"_monsterinsights_sitenote_note":"","_monsterinsights_sitenote_category":0,"footnotes":"","_wpscppro_dont_share_socialmedia":false,"_wpscppro_custom_social_share_image":0,"_facebook_share_type":"default","_twitter_share_type":"default","_linkedin_share_type":"default","_pinterest_share_type":"default","_linkedin_share_type_page":"","_instagram_share_type":"default","_medium_share_type":"default","_threads_share_type":"","_google_business_share_type":"","_selected_social_profile":[],"_wpsp_enable_custom_social_template":false,"_wpsp_social_scheduling":{"enabled":false,"datetime":null,"platforms":[],"status":"template_only","dateOption":"today","timeOption":"now","customDays":"","customHours":"","customDate":"","customTime":"","schedulingType":"absolute"},"_wpsp_active_default_template":true},"categories":[52,33],"tags":[],"class_list":["post-57887","post","type-post","status-publish","format-standard","has-post-thumbnail","hentry","category-a-la-une","category-sports"],"aioseo_notices":[],"yoast_head":"<!-- This site is optimized with the Yoast SEO plugin v27.5 - https:\/\/yoast.com\/product\/yoast-seo-wordpress\/ -->\n<title>\u00c9liminatoires de la CAN 2025 : Les Fennecs aff\u00fbtent leurs armes - La Sentinelle<\/title>\n<meta name=\"robots\" content=\"index, follow, max-snippet:-1, max-image-preview:large, max-video-preview:-1\" \/>\n<link rel=\"canonical\" href=\"https:\/\/lasentinelle.dz\/index.php\/2024\/10\/08\/eliminatoires-de-la-can-2025-les-fennecs-affutent-leurs-armes\/\" \/>\n<meta property=\"og:locale\" content=\"fr_FR\" \/>\n<meta property=\"og:type\" content=\"article\" \/>\n<meta property=\"og:title\" content=\"\u00c9liminatoires de la CAN 2025 : Les Fennecs aff\u00fbtent leurs armes - La Sentinelle\" \/>\n<meta property=\"og:description\" content=\"L&rsquo;\u00e9quipe nationale de football s&rsquo;appr\u00eate \u00e0 entamer une nouvelle phase cruciale de sa course \u00e0 la qualification pour la Coupe\" \/>\n<meta property=\"og:url\" content=\"https:\/\/lasentinelle.dz\/index.php\/2024\/10\/08\/eliminatoires-de-la-can-2025-les-fennecs-affutent-leurs-armes\/\" \/>\n<meta property=\"og:site_name\" content=\"La Sentinelle\" \/>\n<meta property=\"article:publisher\" content=\"https:\/\/www.facebook.com\/La-Sentinelle-104059864394773\" \/>\n<meta property=\"article:published_time\" content=\"2024-10-08T20:48:17+00:00\" \/>\n<meta property=\"article:modified_time\" content=\"2024-10-08T20:48:18+00:00\" \/>\n<meta property=\"og:image\" content=\"https:\/\/lasentinelle.dz\/wp-content\/uploads\/2024\/10\/Fennecs.jpg\" \/>\n\t<meta property=\"og:image:width\" content=\"2400\" \/>\n\t<meta property=\"og:image:height\" content=\"1640\" \/>\n\t<meta property=\"og:image:type\" content=\"image\/jpeg\" \/>\n<meta name=\"author\" content=\"admin\" \/>\n<meta name=\"twitter:card\" content=\"summary_large_image\" \/>\n<meta name=\"twitter:label1\" content=\"\u00c9crit par\" \/>\n\t<meta name=\"twitter:data1\" content=\"admin\" \/>\n\t<meta name=\"twitter:label2\" content=\"Dur\u00e9e de lecture estim\u00e9e\" \/>\n\t<meta name=\"twitter:data2\" content=\"3 minutes\" \/>\n<script type=\"application\/ld+json\" class=\"yoast-schema-graph\">{\"@context\":\"https:\\\/\\\/schema.org\",\"@graph\":[{\"@type\":\"Article\",\"@id\":\"https:\\\/\\\/lasentinelle.dz\\\/index.php\\\/2024\\\/10\\\/08\\\/eliminatoires-de-la-can-2025-les-fennecs-affutent-leurs-armes\\\/#article\",\"isPartOf\":{\"@id\":\"https:\\\/\\\/lasentinelle.dz\\\/index.php\\\/2024\\\/10\\\/08\\\/eliminatoires-de-la-can-2025-les-fennecs-affutent-leurs-armes\\\/\"},\"author\":{\"name\":\"admin\",\"@id\":\"https:\\\/\\\/lasentinelle.dz\\\/#\\\/schema\\\/person\\\/729ee0024f24e0b8c5ec17232f8e8b41\"},\"headline\":\"\u00c9liminatoires de la CAN 2025 : Les Fennecs aff\u00fbtent leurs armes\",\"datePublished\":\"2024-10-08T20:48:17+00:00\",\"dateModified\":\"2024-10-08T20:48:18+00:00\",\"mainEntityOfPage\":{\"@id\":\"https:\\\/\\\/lasentinelle.dz\\\/index.php\\\/2024\\\/10\\\/08\\\/eliminatoires-de-la-can-2025-les-fennecs-affutent-leurs-armes\\\/\"},\"wordCount\":546,\"commentCount\":0,\"publisher\":{\"@id\":\"https:\\\/\\\/lasentinelle.dz\\\/#organization\"},\"image\":{\"@id\":\"https:\\\/\\\/lasentinelle.dz\\\/index.php\\\/2024\\\/10\\\/08\\\/eliminatoires-de-la-can-2025-les-fennecs-affutent-leurs-armes\\\/#primaryimage\"},\"thumbnailUrl\":\"https:\\\/\\\/lasentinelle.dz\\\/wp-content\\\/uploads\\\/2024\\\/10\\\/Fennecs.jpg\",\"articleSection\":[\"\u00c0 la Une\",\"Sports\"],\"inLanguage\":\"fr-FR\",\"potentialAction\":[{\"@type\":\"CommentAction\",\"name\":\"Comment\",\"target\":[\"https:\\\/\\\/lasentinelle.dz\\\/index.php\\\/2024\\\/10\\\/08\\\/eliminatoires-de-la-can-2025-les-fennecs-affutent-leurs-armes\\\/#respond\"]}]},{\"@type\":\"WebPage\",\"@id\":\"https:\\\/\\\/lasentinelle.dz\\\/index.php\\\/2024\\\/10\\\/08\\\/eliminatoires-de-la-can-2025-les-fennecs-affutent-leurs-armes\\\/\",\"url\":\"https:\\\/\\\/lasentinelle.dz\\\/index.php\\\/2024\\\/10\\\/08\\\/eliminatoires-de-la-can-2025-les-fennecs-affutent-leurs-armes\\\/\",\"name\":\"\u00c9liminatoires de la CAN 2025 : Les Fennecs aff\u00fbtent leurs armes - La Sentinelle\",\"isPartOf\":{\"@id\":\"https:\\\/\\\/lasentinelle.dz\\\/#website\"},\"primaryImageOfPage\":{\"@id\":\"https:\\\/\\\/lasentinelle.dz\\\/index.php\\\/2024\\\/10\\\/08\\\/eliminatoires-de-la-can-2025-les-fennecs-affutent-leurs-armes\\\/#primaryimage\"},\"image\":{\"@id\":\"https:\\\/\\\/lasentinelle.dz\\\/index.php\\\/2024\\\/10\\\/08\\\/eliminatoires-de-la-can-2025-les-fennecs-affutent-leurs-armes\\\/#primaryimage\"},\"thumbnailUrl\":\"https:\\\/\\\/lasentinelle.dz\\\/wp-content\\\/uploads\\\/2024\\\/10\\\/Fennecs.jpg\",\"datePublished\":\"2024-10-08T20:48:17+00:00\",\"dateModified\":\"2024-10-08T20:48:18+00:00\",\"breadcrumb\":{\"@id\":\"https:\\\/\\\/lasentinelle.dz\\\/index.php\\\/2024\\\/10\\\/08\\\/eliminatoires-de-la-can-2025-les-fennecs-affutent-leurs-armes\\\/#breadcrumb\"},\"inLanguage\":\"fr-FR\",\"potentialAction\":[{\"@type\":\"ReadAction\",\"target\":[\"https:\\\/\\\/lasentinelle.dz\\\/index.php\\\/2024\\\/10\\\/08\\\/eliminatoires-de-la-can-2025-les-fennecs-affutent-leurs-armes\\\/\"]}]},{\"@type\":\"ImageObject\",\"inLanguage\":\"fr-FR\",\"@id\":\"https:\\\/\\\/lasentinelle.dz\\\/index.php\\\/2024\\\/10\\\/08\\\/eliminatoires-de-la-can-2025-les-fennecs-affutent-leurs-armes\\\/#primaryimage\",\"url\":\"https:\\\/\\\/lasentinelle.dz\\\/wp-content\\\/uploads\\\/2024\\\/10\\\/Fennecs.jpg\",\"contentUrl\":\"https:\\\/\\\/lasentinelle.dz\\\/wp-content\\\/uploads\\\/2024\\\/10\\\/Fennecs.jpg\",\"width\":2400,\"height\":1640},{\"@type\":\"BreadcrumbList\",\"@id\":\"https:\\\/\\\/lasentinelle.dz\\\/index.php\\\/2024\\\/10\\\/08\\\/eliminatoires-de-la-can-2025-les-fennecs-affutent-leurs-armes\\\/#breadcrumb\",\"itemListElement\":[{\"@type\":\"ListItem\",\"position\":1,\"name\":\"Accueil\",\"item\":\"https:\\\/\\\/lasentinelle.dz\\\/\"},{\"@type\":\"ListItem\",\"position\":2,\"name\":\"\u00c9liminatoires de la CAN 2025 : Les Fennecs aff\u00fbtent leurs armes\"}]},{\"@type\":\"WebSite\",\"@id\":\"https:\\\/\\\/lasentinelle.dz\\\/#website\",\"url\":\"https:\\\/\\\/lasentinelle.dz\\\/\",\"name\":\"La Sentinelle\",\"description\":\"Quotidien national d&#039;information\",\"publisher\":{\"@id\":\"https:\\\/\\\/lasentinelle.dz\\\/#organization\"},\"potentialAction\":[{\"@type\":\"SearchAction\",\"target\":{\"@type\":\"EntryPoint\",\"urlTemplate\":\"https:\\\/\\\/lasentinelle.dz\\\/?s={search_term_string}\"},\"query-input\":{\"@type\":\"PropertyValueSpecification\",\"valueRequired\":true,\"valueName\":\"search_term_string\"}}],\"inLanguage\":\"fr-FR\"},{\"@type\":\"Organization\",\"@id\":\"https:\\\/\\\/lasentinelle.dz\\\/#organization\",\"name\":\"Quotidien La Sentinelle\",\"url\":\"https:\\\/\\\/lasentinelle.dz\\\/\",\"logo\":{\"@type\":\"ImageObject\",\"inLanguage\":\"fr-FR\",\"@id\":\"https:\\\/\\\/lasentinelle.dz\\\/#\\\/schema\\\/logo\\\/image\\\/\",\"url\":\"https:\\\/\\\/lasentinelle.dz\\\/wp-content\\\/uploads\\\/2021\\\/09\\\/logo-sentinelleSLOGAN-1.png\",\"contentUrl\":\"https:\\\/\\\/lasentinelle.dz\\\/wp-content\\\/uploads\\\/2021\\\/09\\\/logo-sentinelleSLOGAN-1.png\",\"width\":615,\"height\":142,\"caption\":\"Quotidien La Sentinelle\"},\"image\":{\"@id\":\"https:\\\/\\\/lasentinelle.dz\\\/#\\\/schema\\\/logo\\\/image\\\/\"},\"sameAs\":[\"https:\\\/\\\/www.facebook.com\\\/La-Sentinelle-104059864394773\"]},{\"@type\":\"Person\",\"@id\":\"https:\\\/\\\/lasentinelle.dz\\\/#\\\/schema\\\/person\\\/729ee0024f24e0b8c5ec17232f8e8b41\",\"name\":\"admin\",\"image\":{\"@type\":\"ImageObject\",\"inLanguage\":\"fr-FR\",\"@id\":\"https:\\\/\\\/secure.gravatar.com\\\/avatar\\\/4c81fed838786e9b53f540bf46533e750f5d292099ae3b66cfc6fb1982e29df7?s=96&d=mm&r=g\",\"url\":\"https:\\\/\\\/secure.gravatar.com\\\/avatar\\\/4c81fed838786e9b53f540bf46533e750f5d292099ae3b66cfc6fb1982e29df7?s=96&d=mm&r=g\",\"contentUrl\":\"https:\\\/\\\/secure.gravatar.com\\\/avatar\\\/4c81fed838786e9b53f540bf46533e750f5d292099ae3b66cfc6fb1982e29df7?s=96&d=mm&r=g\",\"caption\":\"admin\"},\"description\":\"admin\",\"url\":\"https:\\\/\\\/lasentinelle.dz\\\/author\\\/admin\\\/\"}]}<\/script>\n<!-- \/ Yoast SEO plugin. -->","yoast_head_json":{"title":"\u00c9liminatoires de la CAN 2025 : Les Fennecs aff\u00fbtent leurs armes - La Sentinelle","robots":{"index":"index","follow":"follow","max-snippet":"max-snippet:-1","max-image-preview":"max-image-preview:large","max-video-preview":"max-video-preview:-1"},"canonical":"https:\/\/lasentinelle.dz\/index.php\/2024\/10\/08\/eliminatoires-de-la-can-2025-les-fennecs-affutent-leurs-armes\/","og_locale":"fr_FR","og_type":"article","og_title":"\u00c9liminatoires de la CAN 2025 : Les Fennecs aff\u00fbtent leurs armes - La Sentinelle","og_description":"L&rsquo;\u00e9quipe nationale de football s&rsquo;appr\u00eate \u00e0 entamer une nouvelle phase cruciale de sa course \u00e0 la qualification pour la Coupe","og_url":"https:\/\/lasentinelle.dz\/index.php\/2024\/10\/08\/eliminatoires-de-la-can-2025-les-fennecs-affutent-leurs-armes\/","og_site_name":"La Sentinelle","article_publisher":"https:\/\/www.facebook.com\/La-Sentinelle-104059864394773","article_published_time":"2024-10-08T20:48:17+00:00","article_modified_time":"2024-10-08T20:48:18+00:00","og_image":[{"width":2400,"height":1640,"url":"https:\/\/lasentinelle.dz\/wp-content\/uploads\/2024\/10\/Fennecs.jpg","type":"image\/jpeg"}],"author":"admin","twitter_card":"summary_large_image","twitter_misc":{"\u00c9crit par":"admin","Dur\u00e9e de lecture estim\u00e9e":"3 minutes"},"schema":{"@context":"https:\/\/schema.org","@graph":[{"@type":"Article","@id":"https:\/\/lasentinelle.dz\/index.php\/2024\/10\/08\/eliminatoires-de-la-can-2025-les-fennecs-affutent-leurs-armes\/#article","isPartOf":{"@id":"https:\/\/lasentinelle.dz\/index.php\/2024\/10\/08\/eliminatoires-de-la-can-2025-les-fennecs-affutent-leurs-armes\/"},"author":{"name":"admin","@id":"https:\/\/lasentinelle.dz\/#\/schema\/person\/729ee0024f24e0b8c5ec17232f8e8b41"},"headline":"\u00c9liminatoires de la CAN 2025 : Les Fennecs aff\u00fbtent leurs armes","datePublished":"2024-10-08T20:48:17+00:00","dateModified":"2024-10-08T20:48:18+00:00","mainEntityOfPage":{"@id":"https:\/\/lasentinelle.dz\/index.php\/2024\/10\/08\/eliminatoires-de-la-can-2025-les-fennecs-affutent-leurs-armes\/"},"wordCount":546,"commentCount":0,"publisher":{"@id":"https:\/\/lasentinelle.dz\/#organization"},"image":{"@id":"https:\/\/lasentinelle.dz\/index.php\/2024\/10\/08\/eliminatoires-de-la-can-2025-les-fennecs-affutent-leurs-armes\/#primaryimage"},"thumbnailUrl":"https:\/\/lasentinelle.dz\/wp-content\/uploads\/2024\/10\/Fennecs.jpg","articleSection":["\u00c0 la Une","Sports"],"inLanguage":"fr-FR","potentialAction":[{"@type":"CommentAction","name":"Comment","target":["https:\/\/lasentinelle.dz\/index.php\/2024\/10\/08\/eliminatoires-de-la-can-2025-les-fennecs-affutent-leurs-armes\/#respond"]}]},{"@type":"WebPage","@id":"https:\/\/lasentinelle.dz\/index.php\/2024\/10\/08\/eliminatoires-de-la-can-2025-les-fennecs-affutent-leurs-armes\/","url":"https:\/\/lasentinelle.dz\/index.php\/2024\/10\/08\/eliminatoires-de-la-can-2025-les-fennecs-affutent-leurs-armes\/","name":"\u00c9liminatoires de la CAN 2025 : Les Fennecs aff\u00fbtent leurs armes - La Sentinelle","isPartOf":{"@id":"https:\/\/lasentinelle.dz\/#website"},"primaryImageOfPage":{"@id":"https:\/\/lasentinelle.dz\/index.php\/2024\/10\/08\/eliminatoires-de-la-can-2025-les-fennecs-affutent-leurs-armes\/#primaryimage"},"image":{"@id":"https:\/\/lasentinelle.dz\/index.php\/2024\/10\/08\/eliminatoires-de-la-can-2025-les-fennecs-affutent-leurs-armes\/#primaryimage"},"thumbnailUrl":"https:\/\/lasentinelle.dz\/wp-content\/uploads\/2024\/10\/Fennecs.jpg","datePublished":"2024-10-08T20:48:17+00:00","dateModified":"2024-10-08T20:48:18+00:00","breadcrumb":{"@id":"https:\/\/lasentinelle.dz\/index.php\/2024\/10\/08\/eliminatoires-de-la-can-2025-les-fennecs-affutent-leurs-armes\/#breadcrumb"},"inLanguage":"fr-FR","potentialAction":[{"@type":"ReadAction","target":["https:\/\/lasentinelle.dz\/index.php\/2024\/10\/08\/eliminatoires-de-la-can-2025-les-fennecs-affutent-leurs-armes\/"]}]},{"@type":"ImageObject","inLanguage":"fr-FR","@id":"https:\/\/lasentinelle.dz\/index.php\/2024\/10\/08\/eliminatoires-de-la-can-2025-les-fennecs-affutent-leurs-armes\/#primaryimage","url":"https:\/\/lasentinelle.dz\/wp-content\/uploads\/2024\/10\/Fennecs.jpg","contentUrl":"https:\/\/lasentinelle.dz\/wp-content\/uploads\/2024\/10\/Fennecs.jpg","width":2400,"height":1640},{"@type":"BreadcrumbList","@id":"https:\/\/lasentinelle.dz\/index.php\/2024\/10\/08\/eliminatoires-de-la-can-2025-les-fennecs-affutent-leurs-armes\/#breadcrumb","itemListElement":[{"@type":"ListItem","position":1,"name":"Accueil","item":"https:\/\/lasentinelle.dz\/"},{"@type":"ListItem","position":2,"name":"\u00c9liminatoires de la CAN 2025 : Les Fennecs aff\u00fbtent leurs armes"}]},{"@type":"WebSite","@id":"https:\/\/lasentinelle.dz\/#website","url":"https:\/\/lasentinelle.dz\/","name":"La Sentinelle","description":"Quotidien national d&#039;information","publisher":{"@id":"https:\/\/lasentinelle.dz\/#organization"},"potentialAction":[{"@type":"SearchAction","target":{"@type":"EntryPoint","urlTemplate":"https:\/\/lasentinelle.dz\/?s={search_term_string}"},"query-input":{"@type":"PropertyValueSpecification","valueRequired":true,"valueName":"search_term_string"}}],"inLanguage":"fr-FR"},{"@type":"Organization","@id":"https:\/\/lasentinelle.dz\/#organization","name":"Quotidien La Sentinelle","url":"https:\/\/lasentinelle.dz\/","logo":{"@type":"ImageObject","inLanguage":"fr-FR","@id":"https:\/\/lasentinelle.dz\/#\/schema\/logo\/image\/","url":"https:\/\/lasentinelle.dz\/wp-content\/uploads\/2021\/09\/logo-sentinelleSLOGAN-1.png","contentUrl":"https:\/\/lasentinelle.dz\/wp-content\/uploads\/2021\/09\/logo-sentinelleSLOGAN-1.png","width":615,"height":142,"caption":"Quotidien La Sentinelle"},"image":{"@id":"https:\/\/lasentinelle.dz\/#\/schema\/logo\/image\/"},"sameAs":["https:\/\/www.facebook.com\/La-Sentinelle-104059864394773"]},{"@type":"Person","@id":"https:\/\/lasentinelle.dz\/#\/schema\/person\/729ee0024f24e0b8c5ec17232f8e8b41","name":"admin","image":{"@type":"ImageObject","inLanguage":"fr-FR","@id":"https:\/\/secure.gravatar.com\/avatar\/4c81fed838786e9b53f540bf46533e750f5d292099ae3b66cfc6fb1982e29df7?s=96&d=mm&r=g","url":"https:\/\/secure.gravatar.com\/avatar\/4c81fed838786e9b53f540bf46533e750f5d292099ae3b66cfc6fb1982e29df7?s=96&d=mm&r=g","contentUrl":"https:\/\/secure.gravatar.com\/avatar\/4c81fed838786e9b53f540bf46533e750f5d292099ae3b66cfc6fb1982e29df7?s=96&d=mm&r=g","caption":"admin"},"description":"admin","url":"https:\/\/lasentinelle.dz\/author\/admin\/"}]}},"_links":{"self":[{"href":"https:\/\/lasentinelle.dz\/index.php\/wp-json\/wp\/v2\/posts\/57887","targetHints":{"allow":["GET"]}}],"collection":[{"href":"https:\/\/lasentinelle.dz\/index.php\/wp-json\/wp\/v2\/posts"}],"about":[{"href":"https:\/\/lasentinelle.dz\/index.php\/wp-json\/wp\/v2\/types\/post"}],"author":[{"embeddable":true,"href":"https:\/\/lasentinelle.dz\/index.php\/wp-json\/wp\/v2\/users\/6"}],"replies":[{"embeddable":true,"href":"https:\/\/lasentinelle.dz\/index.php\/wp-json\/wp\/v2\/comments?post=57887"}],"version-history":[{"count":1,"href":"https:\/\/lasentinelle.dz\/index.php\/wp-json\/wp\/v2\/posts\/57887\/revisions"}],"predecessor-version":[{"id":57889,"href":"https:\/\/lasentinelle.dz\/index.php\/wp-json\/wp\/v2\/posts\/57887\/revisions\/57889"}],"wp:featuredmedia":[{"embeddable":true,"href":"https:\/\/lasentinelle.dz\/index.php\/wp-json\/wp\/v2\/media\/57888"}],"wp:attachment":[{"href":"https:\/\/lasentinelle.dz\/index.php\/wp-json\/wp\/v2\/media?parent=57887"}],"wp:term":[{"taxonomy":"category","embeddable":true,"href":"https:\/\/lasentinelle.dz\/index.php\/wp-json\/wp\/v2\/categories?post=57887"},{"taxonomy":"post_tag","embeddable":true,"href":"https:\/\/lasentinelle.dz\/index.php\/wp-json\/wp\/v2\/tags?post=57887"}],"curies":[{"name":"wp","href":"https:\/\/api.w.org\/{rel}","templated":true}]}}