{"id":57896,"date":"2024-10-08T21:51:15","date_gmt":"2024-10-08T20:51:15","guid":{"rendered":"https:\/\/lasentinelle.dz\/?p=57896"},"modified":"2024-10-08T21:51:15","modified_gmt":"2024-10-08T20:51:15","slug":"annulation-des-accords-commerciaux-ue-maroc-le-parlement-europeen-exhorte-a-garantir-le-respect-strict-de-la-decision","status":"publish","type":"post","link":"https:\/\/lasentinelle.dz\/index.php\/2024\/10\/08\/annulation-des-accords-commerciaux-ue-maroc-le-parlement-europeen-exhorte-a-garantir-le-respect-strict-de-la-decision\/","title":{"rendered":"Annulation des accords commerciaux UE-Maroc: Le Parlement europ\u00e9en exhort\u00e9 \u00e0 \u00ab\u00a0garantir le respect strict\u00a0\u00bb de la d\u00e9cision"},"content":{"rendered":"\n<p>La Cour de Justice de l&rsquo;Union europ\u00e9enne (CJUE) a rendu un arr\u00eat historique invalidant d\u00e9finitivement deux accords commerciaux conclus en 2019 entre l&rsquo;Union europ\u00e9enne et le Maroc concernant la p\u00eache et l&rsquo;agriculture. Cette d\u00e9cision marque un tournant d\u00e9cisif dans la longue bataille juridique men\u00e9e par le Front Polisario, repr\u00e9sentant l\u00e9gitime du peuple sahraoui, pour la reconnaissance de ses droits et la protection de ses ressources naturelles.<\/p>\n\n\n\n<p>Dans son jugement, la CJUE a conclu que ces accords ont \u00e9t\u00e9 \u00ab\u00a0conclus en m\u00e9connaissance des principes de l&rsquo;autod\u00e9termination et de l&rsquo;effet relatif des trait\u00e9s\u00a0\u00bb, soulignant l&rsquo;absence de consentement du peuple du Sahara occidental. Cette d\u00e9cision r\u00e9affirme le statut distinct et le droit \u00e0 l&rsquo;autod\u00e9termination du Sahara occidental, territoire non autonome selon les Nations Unies. L&rsquo;arr\u00eat de la Cour europ\u00e9enne a suscit\u00e9 des r\u00e9actions imm\u00e9diates de la part des organisations de d\u00e9fense des droits du peuple sahraoui. L&rsquo;Observatoire international Western Sahara Resource Watch (WSRW) a exhort\u00e9 le Parlement europ\u00e9en \u00e0 garantir le respect strict de cette d\u00e9cision. L&rsquo;ONG appelle \u00e0 une surveillance \u00e9troite de la mise en \u0153uvre de l&rsquo;arr\u00eat par la Commission europ\u00e9enne et les \u00c9tats membres, proposant un processus annuel de r\u00e9vision.<\/p>\n\n\n\n<p>WSRW recommande \u00e9galement au Parlement europ\u00e9en de prendre plusieurs mesures concr\u00e8tes, notamment , organiser des auditions imm\u00e9diates dans les commissions comp\u00e9tentes pour \u00e9valuer les cons\u00e9quences pratiques de la d\u00e9cision; demander une \u00e9valuation des implications financi\u00e8res de l&rsquo;arr\u00eat, y compris d&rsquo;\u00e9ventuelles demandes d&rsquo;indemnisation par le peuple sahraoui et les op\u00e9rateurs \u00e9conomiques de l&rsquo;UE; exiger un rapport sur les frais de justice encourus par l&rsquo;UE au cours des ann\u00e9es de proc\u00e9dures judiciaires, ouvrir une enqu\u00eate sur l&rsquo;impact du \u00ab\u00a0Moroccogate\u00a0\u00bb dans le traitement des dossiers li\u00e9s au Sahara occidental par le Parlement et investiguer sur les manquements juridiques r\u00e9p\u00e9t\u00e9s de la Commission dans la gestion des relations commerciales de l&rsquo;UE applicables au Sahara occidental.<\/p>\n\n\n\n<p>L&rsquo;Observatoire insiste \u00e9galement sur la n\u00e9cessit\u00e9 de tenir la Commission europ\u00e9enne responsable d&rsquo;avoir \u00ab\u00a0sciemment induit en erreur le Parlement europ\u00e9en et les \u00c9tats membres\u00a0\u00bb sur les accords d\u00e9sormais annul\u00e9s. WSRW propose en outre l&rsquo;organisation de missions parlementaires au Sahara occidental et dans les camps de r\u00e9fugi\u00e9s sahraouis pour \u00e9valuer la situation sur le terrain et les besoins humanitaires. Juan Soroeta Liceras, expert en droit international, qualifie cette d\u00e9cision de \u00ab\u00a0victoire importante\u00a0\u00bb pour le Front Polisario. Il souligne l&rsquo;importance de la voie judiciaire pour emp\u00eacher l&rsquo;exploitation ill\u00e9gale des ressources naturelles sahraouies, tout en reconnaissant que cette bataille juridique dure depuis 12 ans et pourrait se prolonger encore. Liceras met en avant les progr\u00e8s r\u00e9alis\u00e9s, notamment la reconnaissance par la CJUE du droit du Front Polisario \u00e0 contester les d\u00e9cisions de l&rsquo;UE \u00ab\u00a0dans l&rsquo;int\u00e9r\u00eat du peuple sahraoui\u00a0\u00bb. Cette reconnaissance juridique renforce la l\u00e9gitimit\u00e9 du Front Polisario en tant que repr\u00e9sentant du peuple sahraoui et lui permet de s&rsquo;opposer \u00e0 tout accord futur concernant l&rsquo;exploitation des ressources naturelles sans son consentement. L&rsquo;expert souligne \u00e9galement l&rsquo;importance de la distinction faite par la Cour entre le \u00ab\u00a0peuple du Sahara occidental\u00a0\u00bb et la \u00ab\u00a0population\u00a0\u00bb actuelle du territoire, dont une majorit\u00e9 ne serait pas d&rsquo;origine sahraouie. Cette clarification juridique pourrait avoir des implications significatives pour les futures n\u00e9gociations et accords concernant le territoire. Cependant, Liceras regrette que le r\u00e9f\u00e9rendum d&rsquo;autod\u00e9termination, pr\u00e9vu depuis longtemps, n&rsquo;ait toujours pas eu lieu, malgr\u00e9 l&rsquo;ach\u00e8vement du recensement par la MINURSO il y a pr\u00e8s de 15 ans. Il attribue ce retard \u00e0 la \u00ab\u00a0mauvaise volont\u00e9 de certains membres permanents du Conseil de s\u00e9curit\u00e9, la France en particulier\u00a0\u00bb. Cette d\u00e9cision de la CJUE s&rsquo;inscrit dans un contexte plus large de lutte pour la reconnaissance des droits du peuple sahraoui et la r\u00e9solution du conflit au Sahara occidental.<\/p>\n\n\n\n<p>Pour le Front Polisario et le peuple sahraoui, cette d\u00e9cision repr\u00e9sente une \u00e9tape cruciale dans leur qu\u00eate de reconnaissance et d&rsquo;autod\u00e9termination. Elle offre un levier juridique important pour contester l&rsquo;exploitation des ressources naturelles du Sahara occidental et pourrait potentiellement ouvrir la voie \u00e0 des demandes de compensation pour les ann\u00e9es d&rsquo;exploitation pass\u00e9es.<\/p>\n\n\n\n<p>Lyes Sa\u00efdi<\/p>\n","protected":false},"excerpt":{"rendered":"<p>La Cour de Justice de l&rsquo;Union europ\u00e9enne (CJUE) a rendu un arr\u00eat historique invalidant d\u00e9finitivement deux accords commerciaux conclus en<\/p>\n","protected":false},"author":6,"featured_media":34376,"comment_status":"open","ping_status":"closed","sticky":false,"template":"","format":"standard","meta":{"colormag_page_container_layout":"default_layout","colormag_page_sidebar_layout":"default_layout","om_disable_all_campaigns":false,"_monsterinsights_skip_tracking":false,"_monsterinsights_sitenote_active":false,"_monsterinsights_sitenote_note":"","_monsterinsights_sitenote_category":0,"footnotes":"","_wpscppro_dont_share_socialmedia":false,"_wpscppro_custom_social_share_image":0,"_facebook_share_type":"default","_twitter_share_type":"default","_linkedin_share_type":"default","_pinterest_share_type":"default","_linkedin_share_type_page":"","_instagram_share_type":"default","_medium_share_type":"default","_threads_share_type":"","_google_business_share_type":"","_selected_social_profile":[],"_wpsp_enable_custom_social_template":false,"_wpsp_social_scheduling":{"enabled":false,"datetime":null,"platforms":[],"status":"template_only","dateOption":"today","timeOption":"now","customDays":"","customHours":"","customDate":"","customTime":"","schedulingType":"absolute"},"_wpsp_active_default_template":true},"categories":[37],"tags":[],"class_list":["post-57896","post","type-post","status-publish","format-standard","has-post-thumbnail","hentry","category-monde"],"aioseo_notices":[],"yoast_head":"<!-- This site is optimized with the Yoast SEO plugin v27.5 - https:\/\/yoast.com\/product\/yoast-seo-wordpress\/ -->\n<title>Annulation des accords commerciaux UE-Maroc: Le Parlement europ\u00e9en exhort\u00e9 \u00e0 \u00ab\u00a0garantir le respect strict\u00a0\u00bb de la d\u00e9cision - La Sentinelle<\/title>\n<meta name=\"robots\" content=\"index, follow, max-snippet:-1, max-image-preview:large, max-video-preview:-1\" \/>\n<link rel=\"canonical\" href=\"https:\/\/lasentinelle.dz\/index.php\/2024\/10\/08\/annulation-des-accords-commerciaux-ue-maroc-le-parlement-europeen-exhorte-a-garantir-le-respect-strict-de-la-decision\/\" \/>\n<meta property=\"og:locale\" content=\"fr_FR\" \/>\n<meta property=\"og:type\" content=\"article\" \/>\n<meta property=\"og:title\" content=\"Annulation des accords commerciaux UE-Maroc: Le Parlement europ\u00e9en exhort\u00e9 \u00e0 \u00ab\u00a0garantir le respect strict\u00a0\u00bb de la d\u00e9cision - La Sentinelle\" \/>\n<meta property=\"og:description\" content=\"La Cour de Justice de l&rsquo;Union europ\u00e9enne (CJUE) a rendu un arr\u00eat historique invalidant d\u00e9finitivement deux accords commerciaux conclus en\" \/>\n<meta property=\"og:url\" content=\"https:\/\/lasentinelle.dz\/index.php\/2024\/10\/08\/annulation-des-accords-commerciaux-ue-maroc-le-parlement-europeen-exhorte-a-garantir-le-respect-strict-de-la-decision\/\" \/>\n<meta property=\"og:site_name\" content=\"La Sentinelle\" \/>\n<meta property=\"article:publisher\" content=\"https:\/\/www.facebook.com\/La-Sentinelle-104059864394773\" \/>\n<meta property=\"article:published_time\" content=\"2024-10-08T20:51:15+00:00\" \/>\n<meta property=\"og:image\" content=\"https:\/\/lasentinelle.dz\/wp-content\/uploads\/2023\/01\/Parlement-europeen.png\" \/>\n\t<meta property=\"og:image:width\" content=\"1406\" \/>\n\t<meta property=\"og:image:height\" content=\"900\" \/>\n\t<meta property=\"og:image:type\" content=\"image\/png\" \/>\n<meta name=\"author\" content=\"admin\" \/>\n<meta name=\"twitter:card\" content=\"summary_large_image\" \/>\n<meta name=\"twitter:label1\" content=\"\u00c9crit par\" \/>\n\t<meta name=\"twitter:data1\" content=\"admin\" \/>\n\t<meta name=\"twitter:label2\" content=\"Dur\u00e9e de lecture estim\u00e9e\" \/>\n\t<meta name=\"twitter:data2\" content=\"4 minutes\" \/>\n<script type=\"application\/ld+json\" class=\"yoast-schema-graph\">{\"@context\":\"https:\\\/\\\/schema.org\",\"@graph\":[{\"@type\":\"Article\",\"@id\":\"https:\\\/\\\/lasentinelle.dz\\\/index.php\\\/2024\\\/10\\\/08\\\/annulation-des-accords-commerciaux-ue-maroc-le-parlement-europeen-exhorte-a-garantir-le-respect-strict-de-la-decision\\\/#article\",\"isPartOf\":{\"@id\":\"https:\\\/\\\/lasentinelle.dz\\\/index.php\\\/2024\\\/10\\\/08\\\/annulation-des-accords-commerciaux-ue-maroc-le-parlement-europeen-exhorte-a-garantir-le-respect-strict-de-la-decision\\\/\"},\"author\":{\"name\":\"admin\",\"@id\":\"https:\\\/\\\/lasentinelle.dz\\\/#\\\/schema\\\/person\\\/729ee0024f24e0b8c5ec17232f8e8b41\"},\"headline\":\"Annulation des accords commerciaux UE-Maroc: Le Parlement europ\u00e9en exhort\u00e9 \u00e0 \u00ab\u00a0garantir le respect strict\u00a0\u00bb de la d\u00e9cision\",\"datePublished\":\"2024-10-08T20:51:15+00:00\",\"mainEntityOfPage\":{\"@id\":\"https:\\\/\\\/lasentinelle.dz\\\/index.php\\\/2024\\\/10\\\/08\\\/annulation-des-accords-commerciaux-ue-maroc-le-parlement-europeen-exhorte-a-garantir-le-respect-strict-de-la-decision\\\/\"},\"wordCount\":770,\"commentCount\":0,\"publisher\":{\"@id\":\"https:\\\/\\\/lasentinelle.dz\\\/#organization\"},\"image\":{\"@id\":\"https:\\\/\\\/lasentinelle.dz\\\/index.php\\\/2024\\\/10\\\/08\\\/annulation-des-accords-commerciaux-ue-maroc-le-parlement-europeen-exhorte-a-garantir-le-respect-strict-de-la-decision\\\/#primaryimage\"},\"thumbnailUrl\":\"https:\\\/\\\/lasentinelle.dz\\\/wp-content\\\/uploads\\\/2023\\\/01\\\/Parlement-europeen.png\",\"articleSection\":[\"Monde\"],\"inLanguage\":\"fr-FR\",\"potentialAction\":[{\"@type\":\"CommentAction\",\"name\":\"Comment\",\"target\":[\"https:\\\/\\\/lasentinelle.dz\\\/index.php\\\/2024\\\/10\\\/08\\\/annulation-des-accords-commerciaux-ue-maroc-le-parlement-europeen-exhorte-a-garantir-le-respect-strict-de-la-decision\\\/#respond\"]}]},{\"@type\":\"WebPage\",\"@id\":\"https:\\\/\\\/lasentinelle.dz\\\/index.php\\\/2024\\\/10\\\/08\\\/annulation-des-accords-commerciaux-ue-maroc-le-parlement-europeen-exhorte-a-garantir-le-respect-strict-de-la-decision\\\/\",\"url\":\"https:\\\/\\\/lasentinelle.dz\\\/index.php\\\/2024\\\/10\\\/08\\\/annulation-des-accords-commerciaux-ue-maroc-le-parlement-europeen-exhorte-a-garantir-le-respect-strict-de-la-decision\\\/\",\"name\":\"Annulation des accords commerciaux UE-Maroc: Le Parlement europ\u00e9en exhort\u00e9 \u00e0 \u00ab\u00a0garantir le respect strict\u00a0\u00bb de la d\u00e9cision - La Sentinelle\",\"isPartOf\":{\"@id\":\"https:\\\/\\\/lasentinelle.dz\\\/#website\"},\"primaryImageOfPage\":{\"@id\":\"https:\\\/\\\/lasentinelle.dz\\\/index.php\\\/2024\\\/10\\\/08\\\/annulation-des-accords-commerciaux-ue-maroc-le-parlement-europeen-exhorte-a-garantir-le-respect-strict-de-la-decision\\\/#primaryimage\"},\"image\":{\"@id\":\"https:\\\/\\\/lasentinelle.dz\\\/index.php\\\/2024\\\/10\\\/08\\\/annulation-des-accords-commerciaux-ue-maroc-le-parlement-europeen-exhorte-a-garantir-le-respect-strict-de-la-decision\\\/#primaryimage\"},\"thumbnailUrl\":\"https:\\\/\\\/lasentinelle.dz\\\/wp-content\\\/uploads\\\/2023\\\/01\\\/Parlement-europeen.png\",\"datePublished\":\"2024-10-08T20:51:15+00:00\",\"breadcrumb\":{\"@id\":\"https:\\\/\\\/lasentinelle.dz\\\/index.php\\\/2024\\\/10\\\/08\\\/annulation-des-accords-commerciaux-ue-maroc-le-parlement-europeen-exhorte-a-garantir-le-respect-strict-de-la-decision\\\/#breadcrumb\"},\"inLanguage\":\"fr-FR\",\"potentialAction\":[{\"@type\":\"ReadAction\",\"target\":[\"https:\\\/\\\/lasentinelle.dz\\\/index.php\\\/2024\\\/10\\\/08\\\/annulation-des-accords-commerciaux-ue-maroc-le-parlement-europeen-exhorte-a-garantir-le-respect-strict-de-la-decision\\\/\"]}]},{\"@type\":\"ImageObject\",\"inLanguage\":\"fr-FR\",\"@id\":\"https:\\\/\\\/lasentinelle.dz\\\/index.php\\\/2024\\\/10\\\/08\\\/annulation-des-accords-commerciaux-ue-maroc-le-parlement-europeen-exhorte-a-garantir-le-respect-strict-de-la-decision\\\/#primaryimage\",\"url\":\"https:\\\/\\\/lasentinelle.dz\\\/wp-content\\\/uploads\\\/2023\\\/01\\\/Parlement-europeen.png\",\"contentUrl\":\"https:\\\/\\\/lasentinelle.dz\\\/wp-content\\\/uploads\\\/2023\\\/01\\\/Parlement-europeen.png\",\"width\":1406,\"height\":900},{\"@type\":\"BreadcrumbList\",\"@id\":\"https:\\\/\\\/lasentinelle.dz\\\/index.php\\\/2024\\\/10\\\/08\\\/annulation-des-accords-commerciaux-ue-maroc-le-parlement-europeen-exhorte-a-garantir-le-respect-strict-de-la-decision\\\/#breadcrumb\",\"itemListElement\":[{\"@type\":\"ListItem\",\"position\":1,\"name\":\"Accueil\",\"item\":\"https:\\\/\\\/lasentinelle.dz\\\/\"},{\"@type\":\"ListItem\",\"position\":2,\"name\":\"Annulation des accords commerciaux UE-Maroc: Le Parlement europ\u00e9en exhort\u00e9 \u00e0 \u00ab\u00a0garantir le respect strict\u00a0\u00bb de la d\u00e9cision\"}]},{\"@type\":\"WebSite\",\"@id\":\"https:\\\/\\\/lasentinelle.dz\\\/#website\",\"url\":\"https:\\\/\\\/lasentinelle.dz\\\/\",\"name\":\"La Sentinelle\",\"description\":\"Quotidien national d&#039;information\",\"publisher\":{\"@id\":\"https:\\\/\\\/lasentinelle.dz\\\/#organization\"},\"potentialAction\":[{\"@type\":\"SearchAction\",\"target\":{\"@type\":\"EntryPoint\",\"urlTemplate\":\"https:\\\/\\\/lasentinelle.dz\\\/?s={search_term_string}\"},\"query-input\":{\"@type\":\"PropertyValueSpecification\",\"valueRequired\":true,\"valueName\":\"search_term_string\"}}],\"inLanguage\":\"fr-FR\"},{\"@type\":\"Organization\",\"@id\":\"https:\\\/\\\/lasentinelle.dz\\\/#organization\",\"name\":\"Quotidien La Sentinelle\",\"url\":\"https:\\\/\\\/lasentinelle.dz\\\/\",\"logo\":{\"@type\":\"ImageObject\",\"inLanguage\":\"fr-FR\",\"@id\":\"https:\\\/\\\/lasentinelle.dz\\\/#\\\/schema\\\/logo\\\/image\\\/\",\"url\":\"https:\\\/\\\/lasentinelle.dz\\\/wp-content\\\/uploads\\\/2021\\\/09\\\/logo-sentinelleSLOGAN-1.png\",\"contentUrl\":\"https:\\\/\\\/lasentinelle.dz\\\/wp-content\\\/uploads\\\/2021\\\/09\\\/logo-sentinelleSLOGAN-1.png\",\"width\":615,\"height\":142,\"caption\":\"Quotidien La Sentinelle\"},\"image\":{\"@id\":\"https:\\\/\\\/lasentinelle.dz\\\/#\\\/schema\\\/logo\\\/image\\\/\"},\"sameAs\":[\"https:\\\/\\\/www.facebook.com\\\/La-Sentinelle-104059864394773\"]},{\"@type\":\"Person\",\"@id\":\"https:\\\/\\\/lasentinelle.dz\\\/#\\\/schema\\\/person\\\/729ee0024f24e0b8c5ec17232f8e8b41\",\"name\":\"admin\",\"image\":{\"@type\":\"ImageObject\",\"inLanguage\":\"fr-FR\",\"@id\":\"https:\\\/\\\/secure.gravatar.com\\\/avatar\\\/4c81fed838786e9b53f540bf46533e750f5d292099ae3b66cfc6fb1982e29df7?s=96&d=mm&r=g\",\"url\":\"https:\\\/\\\/secure.gravatar.com\\\/avatar\\\/4c81fed838786e9b53f540bf46533e750f5d292099ae3b66cfc6fb1982e29df7?s=96&d=mm&r=g\",\"contentUrl\":\"https:\\\/\\\/secure.gravatar.com\\\/avatar\\\/4c81fed838786e9b53f540bf46533e750f5d292099ae3b66cfc6fb1982e29df7?s=96&d=mm&r=g\",\"caption\":\"admin\"},\"description\":\"admin\",\"url\":\"https:\\\/\\\/lasentinelle.dz\\\/author\\\/admin\\\/\"}]}<\/script>\n<!-- \/ Yoast SEO plugin. -->","yoast_head_json":{"title":"Annulation des accords commerciaux UE-Maroc: Le Parlement europ\u00e9en exhort\u00e9 \u00e0 \u00ab\u00a0garantir le respect strict\u00a0\u00bb de la d\u00e9cision - La Sentinelle","robots":{"index":"index","follow":"follow","max-snippet":"max-snippet:-1","max-image-preview":"max-image-preview:large","max-video-preview":"max-video-preview:-1"},"canonical":"https:\/\/lasentinelle.dz\/index.php\/2024\/10\/08\/annulation-des-accords-commerciaux-ue-maroc-le-parlement-europeen-exhorte-a-garantir-le-respect-strict-de-la-decision\/","og_locale":"fr_FR","og_type":"article","og_title":"Annulation des accords commerciaux UE-Maroc: Le Parlement europ\u00e9en exhort\u00e9 \u00e0 \u00ab\u00a0garantir le respect strict\u00a0\u00bb de la d\u00e9cision - La Sentinelle","og_description":"La Cour de Justice de l&rsquo;Union europ\u00e9enne (CJUE) a rendu un arr\u00eat historique invalidant d\u00e9finitivement deux accords commerciaux conclus en","og_url":"https:\/\/lasentinelle.dz\/index.php\/2024\/10\/08\/annulation-des-accords-commerciaux-ue-maroc-le-parlement-europeen-exhorte-a-garantir-le-respect-strict-de-la-decision\/","og_site_name":"La Sentinelle","article_publisher":"https:\/\/www.facebook.com\/La-Sentinelle-104059864394773","article_published_time":"2024-10-08T20:51:15+00:00","og_image":[{"width":1406,"height":900,"url":"https:\/\/lasentinelle.dz\/wp-content\/uploads\/2023\/01\/Parlement-europeen.png","type":"image\/png"}],"author":"admin","twitter_card":"summary_large_image","twitter_misc":{"\u00c9crit par":"admin","Dur\u00e9e de lecture estim\u00e9e":"4 minutes"},"schema":{"@context":"https:\/\/schema.org","@graph":[{"@type":"Article","@id":"https:\/\/lasentinelle.dz\/index.php\/2024\/10\/08\/annulation-des-accords-commerciaux-ue-maroc-le-parlement-europeen-exhorte-a-garantir-le-respect-strict-de-la-decision\/#article","isPartOf":{"@id":"https:\/\/lasentinelle.dz\/index.php\/2024\/10\/08\/annulation-des-accords-commerciaux-ue-maroc-le-parlement-europeen-exhorte-a-garantir-le-respect-strict-de-la-decision\/"},"author":{"name":"admin","@id":"https:\/\/lasentinelle.dz\/#\/schema\/person\/729ee0024f24e0b8c5ec17232f8e8b41"},"headline":"Annulation des accords commerciaux UE-Maroc: Le Parlement europ\u00e9en exhort\u00e9 \u00e0 \u00ab\u00a0garantir le respect strict\u00a0\u00bb de la d\u00e9cision","datePublished":"2024-10-08T20:51:15+00:00","mainEntityOfPage":{"@id":"https:\/\/lasentinelle.dz\/index.php\/2024\/10\/08\/annulation-des-accords-commerciaux-ue-maroc-le-parlement-europeen-exhorte-a-garantir-le-respect-strict-de-la-decision\/"},"wordCount":770,"commentCount":0,"publisher":{"@id":"https:\/\/lasentinelle.dz\/#organization"},"image":{"@id":"https:\/\/lasentinelle.dz\/index.php\/2024\/10\/08\/annulation-des-accords-commerciaux-ue-maroc-le-parlement-europeen-exhorte-a-garantir-le-respect-strict-de-la-decision\/#primaryimage"},"thumbnailUrl":"https:\/\/lasentinelle.dz\/wp-content\/uploads\/2023\/01\/Parlement-europeen.png","articleSection":["Monde"],"inLanguage":"fr-FR","potentialAction":[{"@type":"CommentAction","name":"Comment","target":["https:\/\/lasentinelle.dz\/index.php\/2024\/10\/08\/annulation-des-accords-commerciaux-ue-maroc-le-parlement-europeen-exhorte-a-garantir-le-respect-strict-de-la-decision\/#respond"]}]},{"@type":"WebPage","@id":"https:\/\/lasentinelle.dz\/index.php\/2024\/10\/08\/annulation-des-accords-commerciaux-ue-maroc-le-parlement-europeen-exhorte-a-garantir-le-respect-strict-de-la-decision\/","url":"https:\/\/lasentinelle.dz\/index.php\/2024\/10\/08\/annulation-des-accords-commerciaux-ue-maroc-le-parlement-europeen-exhorte-a-garantir-le-respect-strict-de-la-decision\/","name":"Annulation des accords commerciaux UE-Maroc: Le Parlement europ\u00e9en exhort\u00e9 \u00e0 \u00ab\u00a0garantir le respect strict\u00a0\u00bb de la d\u00e9cision - La Sentinelle","isPartOf":{"@id":"https:\/\/lasentinelle.dz\/#website"},"primaryImageOfPage":{"@id":"https:\/\/lasentinelle.dz\/index.php\/2024\/10\/08\/annulation-des-accords-commerciaux-ue-maroc-le-parlement-europeen-exhorte-a-garantir-le-respect-strict-de-la-decision\/#primaryimage"},"image":{"@id":"https:\/\/lasentinelle.dz\/index.php\/2024\/10\/08\/annulation-des-accords-commerciaux-ue-maroc-le-parlement-europeen-exhorte-a-garantir-le-respect-strict-de-la-decision\/#primaryimage"},"thumbnailUrl":"https:\/\/lasentinelle.dz\/wp-content\/uploads\/2023\/01\/Parlement-europeen.png","datePublished":"2024-10-08T20:51:15+00:00","breadcrumb":{"@id":"https:\/\/lasentinelle.dz\/index.php\/2024\/10\/08\/annulation-des-accords-commerciaux-ue-maroc-le-parlement-europeen-exhorte-a-garantir-le-respect-strict-de-la-decision\/#breadcrumb"},"inLanguage":"fr-FR","potentialAction":[{"@type":"ReadAction","target":["https:\/\/lasentinelle.dz\/index.php\/2024\/10\/08\/annulation-des-accords-commerciaux-ue-maroc-le-parlement-europeen-exhorte-a-garantir-le-respect-strict-de-la-decision\/"]}]},{"@type":"ImageObject","inLanguage":"fr-FR","@id":"https:\/\/lasentinelle.dz\/index.php\/2024\/10\/08\/annulation-des-accords-commerciaux-ue-maroc-le-parlement-europeen-exhorte-a-garantir-le-respect-strict-de-la-decision\/#primaryimage","url":"https:\/\/lasentinelle.dz\/wp-content\/uploads\/2023\/01\/Parlement-europeen.png","contentUrl":"https:\/\/lasentinelle.dz\/wp-content\/uploads\/2023\/01\/Parlement-europeen.png","width":1406,"height":900},{"@type":"BreadcrumbList","@id":"https:\/\/lasentinelle.dz\/index.php\/2024\/10\/08\/annulation-des-accords-commerciaux-ue-maroc-le-parlement-europeen-exhorte-a-garantir-le-respect-strict-de-la-decision\/#breadcrumb","itemListElement":[{"@type":"ListItem","position":1,"name":"Accueil","item":"https:\/\/lasentinelle.dz\/"},{"@type":"ListItem","position":2,"name":"Annulation des accords commerciaux UE-Maroc: Le Parlement europ\u00e9en exhort\u00e9 \u00e0 \u00ab\u00a0garantir le respect strict\u00a0\u00bb de la d\u00e9cision"}]},{"@type":"WebSite","@id":"https:\/\/lasentinelle.dz\/#website","url":"https:\/\/lasentinelle.dz\/","name":"La Sentinelle","description":"Quotidien national d&#039;information","publisher":{"@id":"https:\/\/lasentinelle.dz\/#organization"},"potentialAction":[{"@type":"SearchAction","target":{"@type":"EntryPoint","urlTemplate":"https:\/\/lasentinelle.dz\/?s={search_term_string}"},"query-input":{"@type":"PropertyValueSpecification","valueRequired":true,"valueName":"search_term_string"}}],"inLanguage":"fr-FR"},{"@type":"Organization","@id":"https:\/\/lasentinelle.dz\/#organization","name":"Quotidien La Sentinelle","url":"https:\/\/lasentinelle.dz\/","logo":{"@type":"ImageObject","inLanguage":"fr-FR","@id":"https:\/\/lasentinelle.dz\/#\/schema\/logo\/image\/","url":"https:\/\/lasentinelle.dz\/wp-content\/uploads\/2021\/09\/logo-sentinelleSLOGAN-1.png","contentUrl":"https:\/\/lasentinelle.dz\/wp-content\/uploads\/2021\/09\/logo-sentinelleSLOGAN-1.png","width":615,"height":142,"caption":"Quotidien La Sentinelle"},"image":{"@id":"https:\/\/lasentinelle.dz\/#\/schema\/logo\/image\/"},"sameAs":["https:\/\/www.facebook.com\/La-Sentinelle-104059864394773"]},{"@type":"Person","@id":"https:\/\/lasentinelle.dz\/#\/schema\/person\/729ee0024f24e0b8c5ec17232f8e8b41","name":"admin","image":{"@type":"ImageObject","inLanguage":"fr-FR","@id":"https:\/\/secure.gravatar.com\/avatar\/4c81fed838786e9b53f540bf46533e750f5d292099ae3b66cfc6fb1982e29df7?s=96&d=mm&r=g","url":"https:\/\/secure.gravatar.com\/avatar\/4c81fed838786e9b53f540bf46533e750f5d292099ae3b66cfc6fb1982e29df7?s=96&d=mm&r=g","contentUrl":"https:\/\/secure.gravatar.com\/avatar\/4c81fed838786e9b53f540bf46533e750f5d292099ae3b66cfc6fb1982e29df7?s=96&d=mm&r=g","caption":"admin"},"description":"admin","url":"https:\/\/lasentinelle.dz\/author\/admin\/"}]}},"_links":{"self":[{"href":"https:\/\/lasentinelle.dz\/index.php\/wp-json\/wp\/v2\/posts\/57896","targetHints":{"allow":["GET"]}}],"collection":[{"href":"https:\/\/lasentinelle.dz\/index.php\/wp-json\/wp\/v2\/posts"}],"about":[{"href":"https:\/\/lasentinelle.dz\/index.php\/wp-json\/wp\/v2\/types\/post"}],"author":[{"embeddable":true,"href":"https:\/\/lasentinelle.dz\/index.php\/wp-json\/wp\/v2\/users\/6"}],"replies":[{"embeddable":true,"href":"https:\/\/lasentinelle.dz\/index.php\/wp-json\/wp\/v2\/comments?post=57896"}],"version-history":[{"count":2,"href":"https:\/\/lasentinelle.dz\/index.php\/wp-json\/wp\/v2\/posts\/57896\/revisions"}],"predecessor-version":[{"id":57898,"href":"https:\/\/lasentinelle.dz\/index.php\/wp-json\/wp\/v2\/posts\/57896\/revisions\/57898"}],"wp:featuredmedia":[{"embeddable":true,"href":"https:\/\/lasentinelle.dz\/index.php\/wp-json\/wp\/v2\/media\/34376"}],"wp:attachment":[{"href":"https:\/\/lasentinelle.dz\/index.php\/wp-json\/wp\/v2\/media?parent=57896"}],"wp:term":[{"taxonomy":"category","embeddable":true,"href":"https:\/\/lasentinelle.dz\/index.php\/wp-json\/wp\/v2\/categories?post=57896"},{"taxonomy":"post_tag","embeddable":true,"href":"https:\/\/lasentinelle.dz\/index.php\/wp-json\/wp\/v2\/tags?post=57896"}],"curies":[{"name":"wp","href":"https:\/\/api.w.org\/{rel}","templated":true}]}}