{"id":57901,"date":"2024-10-08T21:54:28","date_gmt":"2024-10-08T20:54:28","guid":{"rendered":"https:\/\/lasentinelle.dz\/?p=57901"},"modified":"2024-10-08T21:54:29","modified_gmt":"2024-10-08T20:54:29","slug":"el-oued-une-production-record-de-pommes-de-terre-darriere-saison-attendue","status":"publish","type":"post","link":"https:\/\/lasentinelle.dz\/index.php\/2024\/10\/08\/el-oued-une-production-record-de-pommes-de-terre-darriere-saison-attendue\/","title":{"rendered":"El Oued : Une production record de pommes de terre d&rsquo;arri\u00e8re-saison attendue"},"content":{"rendered":"\n<p>La wilaya d&rsquo;El Oued s&rsquo;appr\u00eate \u00e0 conna\u00eetre une saison agricole exceptionnelle, avec une production estim\u00e9e \u00e0 plus de 11,5 millions de quintaux de pommes de terre d&rsquo;arri\u00e8re-saison pour la r\u00e9colte 2024. Cette annonce, faite par la chambre de l&rsquo;agriculture de la wilaya (CAW), souligne l&rsquo;importance croissante de cette r\u00e9gion dans la production nationale de ce tubercule essentiel.<\/p>\n\n\n\n<p>La culture de la pomme de terre \u00e0 El Oued s&rsquo;\u00e9tend sur une superficie de 33 000 hectares, repr\u00e9sentant environ 30% de la surface agricole utile (SAU) de la wilaya. Cette derni\u00e8re, s&rsquo;\u00e9levant \u00e0 plus de 100 000 hectares, t\u00e9moigne du potentiel agricole consid\u00e9rable de la r\u00e9gion. Djalloul Athmani, pr\u00e9sident de la CAW, a soulign\u00e9 l&rsquo;importance de cette culture pour l&rsquo;\u00e9conomie locale et nationale. La production de pommes de terre est r\u00e9partie sur l&rsquo;ensemble du territoire de la wilaya, avec une concentration particuli\u00e8re dans neuf communes \u00e0 forte vocation agricole. Magrane, Hassi-Khalifa, Trifaoui, Reguiba, Debila, Ourmas, Mih Ouansa, Oued El Alenda et Nekhla se distinguent par leurs importantes capacit\u00e9s de production. Ces zones b\u00e9n\u00e9ficient de conditions p\u00e9doclimatiques favorables et d&rsquo;une expertise agricole d\u00e9velopp\u00e9e au fil des ann\u00e9es. Pour faciliter la distribution de cette production massive, des march\u00e9s nationaux d\u00e9di\u00e9s \u00e0 la commercialisation de la pomme de terre ont \u00e9t\u00e9 mis en place dans plusieurs communes strat\u00e9giques. Hassi-Khalifa, Ourmas, Taghzout et Reguiba, qui abritent de vastes exploitations agricoles, sont au c\u0153ur de ce r\u00e9seau de distribution. Cette organisation permet d&rsquo;optimiser l&rsquo;acheminement des produits vers les diff\u00e9rentes r\u00e9gions du pays et contribue \u00e0 la stabilit\u00e9 des prix sur le march\u00e9 national. El Oued s&rsquo;est impos\u00e9e ces derni\u00e8res ann\u00e9es comme la premi\u00e8re wilaya productrice de pommes de terre en Alg\u00e9rie. Avec une contribution d\u00e9passant 30% de la production nationale, la r\u00e9gion joue un r\u00f4le crucial dans l&rsquo;approvisionnement du pays en ce produit de base. De plus, la culture de la pomme de terre repr\u00e9sente 60% de la valeur de la production v\u00e9g\u00e9tale locale, soulignant son importance \u00e9conomique pour la wilaya. La r\u00e9ussite de la fili\u00e8re pomme de terre \u00e0 El Oued repose en partie sur la diversit\u00e9 des vari\u00e9t\u00e9s cultiv\u00e9es. Cette richesse g\u00e9n\u00e9tique permet une adaptation optimale aux conditions locales et une r\u00e9partition des risques. Les rendements moyens oscillent entre 300 et 350 quintaux \u00e0 l&rsquo;hectare, des chiffres qui t\u00e9moignent de la performance des techniques agricoles employ\u00e9es et de la qualit\u00e9 des sols de la r\u00e9gion.<\/p>\n\n\n\n<p>R.R.<\/p>\n","protected":false},"excerpt":{"rendered":"<p>La wilaya d&rsquo;El Oued s&rsquo;appr\u00eate \u00e0 conna\u00eetre une saison agricole exceptionnelle, avec une production estim\u00e9e \u00e0 plus de 11,5 millions<\/p>\n","protected":false},"author":6,"featured_media":55594,"comment_status":"open","ping_status":"closed","sticky":false,"template":"","format":"standard","meta":{"colormag_page_container_layout":"default_layout","colormag_page_sidebar_layout":"default_layout","om_disable_all_campaigns":false,"_monsterinsights_skip_tracking":false,"_monsterinsights_sitenote_active":false,"_monsterinsights_sitenote_note":"","_monsterinsights_sitenote_category":0,"footnotes":"","_wpscppro_dont_share_socialmedia":false,"_wpscppro_custom_social_share_image":0,"_facebook_share_type":"default","_twitter_share_type":"default","_linkedin_share_type":"default","_pinterest_share_type":"default","_linkedin_share_type_page":"","_instagram_share_type":"default","_medium_share_type":"default","_threads_share_type":"","_google_business_share_type":"","_selected_social_profile":[],"_wpsp_enable_custom_social_template":false,"_wpsp_social_scheduling":{"enabled":false,"datetime":null,"platforms":[],"status":"template_only","dateOption":"today","timeOption":"now","customDays":"","customHours":"","customDate":"","customTime":"","schedulingType":"absolute"},"_wpsp_active_default_template":true},"categories":[31],"tags":[],"class_list":["post-57901","post","type-post","status-publish","format-standard","has-post-thumbnail","hentry","category-regions"],"aioseo_notices":[],"yoast_head":"<!-- This site is optimized with the Yoast SEO plugin v27.5 - https:\/\/yoast.com\/product\/yoast-seo-wordpress\/ -->\n<title>El Oued : Une production record de pommes de terre d&rsquo;arri\u00e8re-saison attendue - La Sentinelle<\/title>\n<meta name=\"robots\" content=\"index, follow, max-snippet:-1, max-image-preview:large, max-video-preview:-1\" \/>\n<link rel=\"canonical\" href=\"https:\/\/lasentinelle.dz\/index.php\/2024\/10\/08\/el-oued-une-production-record-de-pommes-de-terre-darriere-saison-attendue\/\" \/>\n<meta property=\"og:locale\" content=\"fr_FR\" \/>\n<meta property=\"og:type\" content=\"article\" \/>\n<meta property=\"og:title\" content=\"El Oued : Une production record de pommes de terre d&rsquo;arri\u00e8re-saison attendue - La Sentinelle\" \/>\n<meta property=\"og:description\" content=\"La wilaya d&rsquo;El Oued s&rsquo;appr\u00eate \u00e0 conna\u00eetre une saison agricole exceptionnelle, avec une production estim\u00e9e \u00e0 plus de 11,5 millions\" \/>\n<meta property=\"og:url\" content=\"https:\/\/lasentinelle.dz\/index.php\/2024\/10\/08\/el-oued-une-production-record-de-pommes-de-terre-darriere-saison-attendue\/\" \/>\n<meta property=\"og:site_name\" content=\"La Sentinelle\" \/>\n<meta property=\"article:publisher\" content=\"https:\/\/www.facebook.com\/La-Sentinelle-104059864394773\" \/>\n<meta property=\"article:published_time\" content=\"2024-10-08T20:54:28+00:00\" \/>\n<meta property=\"article:modified_time\" content=\"2024-10-08T20:54:29+00:00\" \/>\n<meta property=\"og:image\" content=\"https:\/\/lasentinelle.dz\/wp-content\/uploads\/2024\/08\/patate-dEl-Oued.jpg\" \/>\n\t<meta property=\"og:image:width\" content=\"855\" \/>\n\t<meta property=\"og:image:height\" content=\"516\" \/>\n\t<meta property=\"og:image:type\" content=\"image\/jpeg\" \/>\n<meta name=\"author\" content=\"admin\" \/>\n<meta name=\"twitter:card\" content=\"summary_large_image\" \/>\n<meta name=\"twitter:label1\" content=\"\u00c9crit par\" \/>\n\t<meta name=\"twitter:data1\" content=\"admin\" \/>\n\t<meta name=\"twitter:label2\" content=\"Dur\u00e9e de lecture estim\u00e9e\" \/>\n\t<meta name=\"twitter:data2\" content=\"3 minutes\" \/>\n<script type=\"application\/ld+json\" class=\"yoast-schema-graph\">{\"@context\":\"https:\\\/\\\/schema.org\",\"@graph\":[{\"@type\":\"Article\",\"@id\":\"https:\\\/\\\/lasentinelle.dz\\\/index.php\\\/2024\\\/10\\\/08\\\/el-oued-une-production-record-de-pommes-de-terre-darriere-saison-attendue\\\/#article\",\"isPartOf\":{\"@id\":\"https:\\\/\\\/lasentinelle.dz\\\/index.php\\\/2024\\\/10\\\/08\\\/el-oued-une-production-record-de-pommes-de-terre-darriere-saison-attendue\\\/\"},\"author\":{\"name\":\"admin\",\"@id\":\"https:\\\/\\\/lasentinelle.dz\\\/#\\\/schema\\\/person\\\/729ee0024f24e0b8c5ec17232f8e8b41\"},\"headline\":\"El Oued : Une production record de pommes de terre d&rsquo;arri\u00e8re-saison attendue\",\"datePublished\":\"2024-10-08T20:54:28+00:00\",\"dateModified\":\"2024-10-08T20:54:29+00:00\",\"mainEntityOfPage\":{\"@id\":\"https:\\\/\\\/lasentinelle.dz\\\/index.php\\\/2024\\\/10\\\/08\\\/el-oued-une-production-record-de-pommes-de-terre-darriere-saison-attendue\\\/\"},\"wordCount\":453,\"commentCount\":0,\"publisher\":{\"@id\":\"https:\\\/\\\/lasentinelle.dz\\\/#organization\"},\"image\":{\"@id\":\"https:\\\/\\\/lasentinelle.dz\\\/index.php\\\/2024\\\/10\\\/08\\\/el-oued-une-production-record-de-pommes-de-terre-darriere-saison-attendue\\\/#primaryimage\"},\"thumbnailUrl\":\"https:\\\/\\\/lasentinelle.dz\\\/wp-content\\\/uploads\\\/2024\\\/08\\\/patate-dEl-Oued.jpg\",\"articleSection\":[\"R\u00e9gions\"],\"inLanguage\":\"fr-FR\",\"potentialAction\":[{\"@type\":\"CommentAction\",\"name\":\"Comment\",\"target\":[\"https:\\\/\\\/lasentinelle.dz\\\/index.php\\\/2024\\\/10\\\/08\\\/el-oued-une-production-record-de-pommes-de-terre-darriere-saison-attendue\\\/#respond\"]}]},{\"@type\":\"WebPage\",\"@id\":\"https:\\\/\\\/lasentinelle.dz\\\/index.php\\\/2024\\\/10\\\/08\\\/el-oued-une-production-record-de-pommes-de-terre-darriere-saison-attendue\\\/\",\"url\":\"https:\\\/\\\/lasentinelle.dz\\\/index.php\\\/2024\\\/10\\\/08\\\/el-oued-une-production-record-de-pommes-de-terre-darriere-saison-attendue\\\/\",\"name\":\"El Oued : Une production record de pommes de terre d&rsquo;arri\u00e8re-saison attendue - La Sentinelle\",\"isPartOf\":{\"@id\":\"https:\\\/\\\/lasentinelle.dz\\\/#website\"},\"primaryImageOfPage\":{\"@id\":\"https:\\\/\\\/lasentinelle.dz\\\/index.php\\\/2024\\\/10\\\/08\\\/el-oued-une-production-record-de-pommes-de-terre-darriere-saison-attendue\\\/#primaryimage\"},\"image\":{\"@id\":\"https:\\\/\\\/lasentinelle.dz\\\/index.php\\\/2024\\\/10\\\/08\\\/el-oued-une-production-record-de-pommes-de-terre-darriere-saison-attendue\\\/#primaryimage\"},\"thumbnailUrl\":\"https:\\\/\\\/lasentinelle.dz\\\/wp-content\\\/uploads\\\/2024\\\/08\\\/patate-dEl-Oued.jpg\",\"datePublished\":\"2024-10-08T20:54:28+00:00\",\"dateModified\":\"2024-10-08T20:54:29+00:00\",\"breadcrumb\":{\"@id\":\"https:\\\/\\\/lasentinelle.dz\\\/index.php\\\/2024\\\/10\\\/08\\\/el-oued-une-production-record-de-pommes-de-terre-darriere-saison-attendue\\\/#breadcrumb\"},\"inLanguage\":\"fr-FR\",\"potentialAction\":[{\"@type\":\"ReadAction\",\"target\":[\"https:\\\/\\\/lasentinelle.dz\\\/index.php\\\/2024\\\/10\\\/08\\\/el-oued-une-production-record-de-pommes-de-terre-darriere-saison-attendue\\\/\"]}]},{\"@type\":\"ImageObject\",\"inLanguage\":\"fr-FR\",\"@id\":\"https:\\\/\\\/lasentinelle.dz\\\/index.php\\\/2024\\\/10\\\/08\\\/el-oued-une-production-record-de-pommes-de-terre-darriere-saison-attendue\\\/#primaryimage\",\"url\":\"https:\\\/\\\/lasentinelle.dz\\\/wp-content\\\/uploads\\\/2024\\\/08\\\/patate-dEl-Oued.jpg\",\"contentUrl\":\"https:\\\/\\\/lasentinelle.dz\\\/wp-content\\\/uploads\\\/2024\\\/08\\\/patate-dEl-Oued.jpg\",\"width\":855,\"height\":516},{\"@type\":\"BreadcrumbList\",\"@id\":\"https:\\\/\\\/lasentinelle.dz\\\/index.php\\\/2024\\\/10\\\/08\\\/el-oued-une-production-record-de-pommes-de-terre-darriere-saison-attendue\\\/#breadcrumb\",\"itemListElement\":[{\"@type\":\"ListItem\",\"position\":1,\"name\":\"Accueil\",\"item\":\"https:\\\/\\\/lasentinelle.dz\\\/\"},{\"@type\":\"ListItem\",\"position\":2,\"name\":\"El Oued : Une production record de pommes de terre d&rsquo;arri\u00e8re-saison attendue\"}]},{\"@type\":\"WebSite\",\"@id\":\"https:\\\/\\\/lasentinelle.dz\\\/#website\",\"url\":\"https:\\\/\\\/lasentinelle.dz\\\/\",\"name\":\"La Sentinelle\",\"description\":\"Quotidien national d&#039;information\",\"publisher\":{\"@id\":\"https:\\\/\\\/lasentinelle.dz\\\/#organization\"},\"potentialAction\":[{\"@type\":\"SearchAction\",\"target\":{\"@type\":\"EntryPoint\",\"urlTemplate\":\"https:\\\/\\\/lasentinelle.dz\\\/?s={search_term_string}\"},\"query-input\":{\"@type\":\"PropertyValueSpecification\",\"valueRequired\":true,\"valueName\":\"search_term_string\"}}],\"inLanguage\":\"fr-FR\"},{\"@type\":\"Organization\",\"@id\":\"https:\\\/\\\/lasentinelle.dz\\\/#organization\",\"name\":\"Quotidien La Sentinelle\",\"url\":\"https:\\\/\\\/lasentinelle.dz\\\/\",\"logo\":{\"@type\":\"ImageObject\",\"inLanguage\":\"fr-FR\",\"@id\":\"https:\\\/\\\/lasentinelle.dz\\\/#\\\/schema\\\/logo\\\/image\\\/\",\"url\":\"https:\\\/\\\/lasentinelle.dz\\\/wp-content\\\/uploads\\\/2021\\\/09\\\/logo-sentinelleSLOGAN-1.png\",\"contentUrl\":\"https:\\\/\\\/lasentinelle.dz\\\/wp-content\\\/uploads\\\/2021\\\/09\\\/logo-sentinelleSLOGAN-1.png\",\"width\":615,\"height\":142,\"caption\":\"Quotidien La Sentinelle\"},\"image\":{\"@id\":\"https:\\\/\\\/lasentinelle.dz\\\/#\\\/schema\\\/logo\\\/image\\\/\"},\"sameAs\":[\"https:\\\/\\\/www.facebook.com\\\/La-Sentinelle-104059864394773\"]},{\"@type\":\"Person\",\"@id\":\"https:\\\/\\\/lasentinelle.dz\\\/#\\\/schema\\\/person\\\/729ee0024f24e0b8c5ec17232f8e8b41\",\"name\":\"admin\",\"image\":{\"@type\":\"ImageObject\",\"inLanguage\":\"fr-FR\",\"@id\":\"https:\\\/\\\/secure.gravatar.com\\\/avatar\\\/4c81fed838786e9b53f540bf46533e750f5d292099ae3b66cfc6fb1982e29df7?s=96&d=mm&r=g\",\"url\":\"https:\\\/\\\/secure.gravatar.com\\\/avatar\\\/4c81fed838786e9b53f540bf46533e750f5d292099ae3b66cfc6fb1982e29df7?s=96&d=mm&r=g\",\"contentUrl\":\"https:\\\/\\\/secure.gravatar.com\\\/avatar\\\/4c81fed838786e9b53f540bf46533e750f5d292099ae3b66cfc6fb1982e29df7?s=96&d=mm&r=g\",\"caption\":\"admin\"},\"description\":\"admin\",\"url\":\"https:\\\/\\\/lasentinelle.dz\\\/author\\\/admin\\\/\"}]}<\/script>\n<!-- \/ Yoast SEO plugin. -->","yoast_head_json":{"title":"El Oued : Une production record de pommes de terre d&rsquo;arri\u00e8re-saison attendue - La Sentinelle","robots":{"index":"index","follow":"follow","max-snippet":"max-snippet:-1","max-image-preview":"max-image-preview:large","max-video-preview":"max-video-preview:-1"},"canonical":"https:\/\/lasentinelle.dz\/index.php\/2024\/10\/08\/el-oued-une-production-record-de-pommes-de-terre-darriere-saison-attendue\/","og_locale":"fr_FR","og_type":"article","og_title":"El Oued : Une production record de pommes de terre d&rsquo;arri\u00e8re-saison attendue - La Sentinelle","og_description":"La wilaya d&rsquo;El Oued s&rsquo;appr\u00eate \u00e0 conna\u00eetre une saison agricole exceptionnelle, avec une production estim\u00e9e \u00e0 plus de 11,5 millions","og_url":"https:\/\/lasentinelle.dz\/index.php\/2024\/10\/08\/el-oued-une-production-record-de-pommes-de-terre-darriere-saison-attendue\/","og_site_name":"La Sentinelle","article_publisher":"https:\/\/www.facebook.com\/La-Sentinelle-104059864394773","article_published_time":"2024-10-08T20:54:28+00:00","article_modified_time":"2024-10-08T20:54:29+00:00","og_image":[{"width":855,"height":516,"url":"https:\/\/lasentinelle.dz\/wp-content\/uploads\/2024\/08\/patate-dEl-Oued.jpg","type":"image\/jpeg"}],"author":"admin","twitter_card":"summary_large_image","twitter_misc":{"\u00c9crit par":"admin","Dur\u00e9e de lecture estim\u00e9e":"3 minutes"},"schema":{"@context":"https:\/\/schema.org","@graph":[{"@type":"Article","@id":"https:\/\/lasentinelle.dz\/index.php\/2024\/10\/08\/el-oued-une-production-record-de-pommes-de-terre-darriere-saison-attendue\/#article","isPartOf":{"@id":"https:\/\/lasentinelle.dz\/index.php\/2024\/10\/08\/el-oued-une-production-record-de-pommes-de-terre-darriere-saison-attendue\/"},"author":{"name":"admin","@id":"https:\/\/lasentinelle.dz\/#\/schema\/person\/729ee0024f24e0b8c5ec17232f8e8b41"},"headline":"El Oued : Une production record de pommes de terre d&rsquo;arri\u00e8re-saison attendue","datePublished":"2024-10-08T20:54:28+00:00","dateModified":"2024-10-08T20:54:29+00:00","mainEntityOfPage":{"@id":"https:\/\/lasentinelle.dz\/index.php\/2024\/10\/08\/el-oued-une-production-record-de-pommes-de-terre-darriere-saison-attendue\/"},"wordCount":453,"commentCount":0,"publisher":{"@id":"https:\/\/lasentinelle.dz\/#organization"},"image":{"@id":"https:\/\/lasentinelle.dz\/index.php\/2024\/10\/08\/el-oued-une-production-record-de-pommes-de-terre-darriere-saison-attendue\/#primaryimage"},"thumbnailUrl":"https:\/\/lasentinelle.dz\/wp-content\/uploads\/2024\/08\/patate-dEl-Oued.jpg","articleSection":["R\u00e9gions"],"inLanguage":"fr-FR","potentialAction":[{"@type":"CommentAction","name":"Comment","target":["https:\/\/lasentinelle.dz\/index.php\/2024\/10\/08\/el-oued-une-production-record-de-pommes-de-terre-darriere-saison-attendue\/#respond"]}]},{"@type":"WebPage","@id":"https:\/\/lasentinelle.dz\/index.php\/2024\/10\/08\/el-oued-une-production-record-de-pommes-de-terre-darriere-saison-attendue\/","url":"https:\/\/lasentinelle.dz\/index.php\/2024\/10\/08\/el-oued-une-production-record-de-pommes-de-terre-darriere-saison-attendue\/","name":"El Oued : Une production record de pommes de terre d&rsquo;arri\u00e8re-saison attendue - La Sentinelle","isPartOf":{"@id":"https:\/\/lasentinelle.dz\/#website"},"primaryImageOfPage":{"@id":"https:\/\/lasentinelle.dz\/index.php\/2024\/10\/08\/el-oued-une-production-record-de-pommes-de-terre-darriere-saison-attendue\/#primaryimage"},"image":{"@id":"https:\/\/lasentinelle.dz\/index.php\/2024\/10\/08\/el-oued-une-production-record-de-pommes-de-terre-darriere-saison-attendue\/#primaryimage"},"thumbnailUrl":"https:\/\/lasentinelle.dz\/wp-content\/uploads\/2024\/08\/patate-dEl-Oued.jpg","datePublished":"2024-10-08T20:54:28+00:00","dateModified":"2024-10-08T20:54:29+00:00","breadcrumb":{"@id":"https:\/\/lasentinelle.dz\/index.php\/2024\/10\/08\/el-oued-une-production-record-de-pommes-de-terre-darriere-saison-attendue\/#breadcrumb"},"inLanguage":"fr-FR","potentialAction":[{"@type":"ReadAction","target":["https:\/\/lasentinelle.dz\/index.php\/2024\/10\/08\/el-oued-une-production-record-de-pommes-de-terre-darriere-saison-attendue\/"]}]},{"@type":"ImageObject","inLanguage":"fr-FR","@id":"https:\/\/lasentinelle.dz\/index.php\/2024\/10\/08\/el-oued-une-production-record-de-pommes-de-terre-darriere-saison-attendue\/#primaryimage","url":"https:\/\/lasentinelle.dz\/wp-content\/uploads\/2024\/08\/patate-dEl-Oued.jpg","contentUrl":"https:\/\/lasentinelle.dz\/wp-content\/uploads\/2024\/08\/patate-dEl-Oued.jpg","width":855,"height":516},{"@type":"BreadcrumbList","@id":"https:\/\/lasentinelle.dz\/index.php\/2024\/10\/08\/el-oued-une-production-record-de-pommes-de-terre-darriere-saison-attendue\/#breadcrumb","itemListElement":[{"@type":"ListItem","position":1,"name":"Accueil","item":"https:\/\/lasentinelle.dz\/"},{"@type":"ListItem","position":2,"name":"El Oued : Une production record de pommes de terre d&rsquo;arri\u00e8re-saison attendue"}]},{"@type":"WebSite","@id":"https:\/\/lasentinelle.dz\/#website","url":"https:\/\/lasentinelle.dz\/","name":"La Sentinelle","description":"Quotidien national d&#039;information","publisher":{"@id":"https:\/\/lasentinelle.dz\/#organization"},"potentialAction":[{"@type":"SearchAction","target":{"@type":"EntryPoint","urlTemplate":"https:\/\/lasentinelle.dz\/?s={search_term_string}"},"query-input":{"@type":"PropertyValueSpecification","valueRequired":true,"valueName":"search_term_string"}}],"inLanguage":"fr-FR"},{"@type":"Organization","@id":"https:\/\/lasentinelle.dz\/#organization","name":"Quotidien La Sentinelle","url":"https:\/\/lasentinelle.dz\/","logo":{"@type":"ImageObject","inLanguage":"fr-FR","@id":"https:\/\/lasentinelle.dz\/#\/schema\/logo\/image\/","url":"https:\/\/lasentinelle.dz\/wp-content\/uploads\/2021\/09\/logo-sentinelleSLOGAN-1.png","contentUrl":"https:\/\/lasentinelle.dz\/wp-content\/uploads\/2021\/09\/logo-sentinelleSLOGAN-1.png","width":615,"height":142,"caption":"Quotidien La Sentinelle"},"image":{"@id":"https:\/\/lasentinelle.dz\/#\/schema\/logo\/image\/"},"sameAs":["https:\/\/www.facebook.com\/La-Sentinelle-104059864394773"]},{"@type":"Person","@id":"https:\/\/lasentinelle.dz\/#\/schema\/person\/729ee0024f24e0b8c5ec17232f8e8b41","name":"admin","image":{"@type":"ImageObject","inLanguage":"fr-FR","@id":"https:\/\/secure.gravatar.com\/avatar\/4c81fed838786e9b53f540bf46533e750f5d292099ae3b66cfc6fb1982e29df7?s=96&d=mm&r=g","url":"https:\/\/secure.gravatar.com\/avatar\/4c81fed838786e9b53f540bf46533e750f5d292099ae3b66cfc6fb1982e29df7?s=96&d=mm&r=g","contentUrl":"https:\/\/secure.gravatar.com\/avatar\/4c81fed838786e9b53f540bf46533e750f5d292099ae3b66cfc6fb1982e29df7?s=96&d=mm&r=g","caption":"admin"},"description":"admin","url":"https:\/\/lasentinelle.dz\/author\/admin\/"}]}},"_links":{"self":[{"href":"https:\/\/lasentinelle.dz\/index.php\/wp-json\/wp\/v2\/posts\/57901","targetHints":{"allow":["GET"]}}],"collection":[{"href":"https:\/\/lasentinelle.dz\/index.php\/wp-json\/wp\/v2\/posts"}],"about":[{"href":"https:\/\/lasentinelle.dz\/index.php\/wp-json\/wp\/v2\/types\/post"}],"author":[{"embeddable":true,"href":"https:\/\/lasentinelle.dz\/index.php\/wp-json\/wp\/v2\/users\/6"}],"replies":[{"embeddable":true,"href":"https:\/\/lasentinelle.dz\/index.php\/wp-json\/wp\/v2\/comments?post=57901"}],"version-history":[{"count":2,"href":"https:\/\/lasentinelle.dz\/index.php\/wp-json\/wp\/v2\/posts\/57901\/revisions"}],"predecessor-version":[{"id":57903,"href":"https:\/\/lasentinelle.dz\/index.php\/wp-json\/wp\/v2\/posts\/57901\/revisions\/57903"}],"wp:featuredmedia":[{"embeddable":true,"href":"https:\/\/lasentinelle.dz\/index.php\/wp-json\/wp\/v2\/media\/55594"}],"wp:attachment":[{"href":"https:\/\/lasentinelle.dz\/index.php\/wp-json\/wp\/v2\/media?parent=57901"}],"wp:term":[{"taxonomy":"category","embeddable":true,"href":"https:\/\/lasentinelle.dz\/index.php\/wp-json\/wp\/v2\/categories?post=57901"},{"taxonomy":"post_tag","embeddable":true,"href":"https:\/\/lasentinelle.dz\/index.php\/wp-json\/wp\/v2\/tags?post=57901"}],"curies":[{"name":"wp","href":"https:\/\/api.w.org\/{rel}","templated":true}]}}