{"id":57904,"date":"2024-10-08T21:55:25","date_gmt":"2024-10-08T20:55:25","guid":{"rendered":"https:\/\/lasentinelle.dz\/?p=57904"},"modified":"2024-10-08T21:55:26","modified_gmt":"2024-10-08T20:55:26","slug":"guelma-100-000-hectares-dedies-a-la-cerealiculture","status":"publish","type":"post","link":"https:\/\/lasentinelle.dz\/index.php\/2024\/10\/08\/guelma-100-000-hectares-dedies-a-la-cerealiculture\/","title":{"rendered":"Guelma : 100 000 hectares d\u00e9di\u00e9s \u00e0 la c\u00e9r\u00e9aliculture\u00a0"},"content":{"rendered":"\n<p>La wilaya de Guelma aspire \u00e0 devenir un p\u00f4le important en mati\u00e8re de c\u00e9r\u00e9aliculture, la culture de bl\u00e9 notamment.<\/p>\n\n\n\n<p>Dans cette perspective et au vue de la place majeure qu&rsquo;occupe la superficie agricole exploit\u00e9e, la direction Des services agricoles (DSA) de la wilaya a annonc\u00e9 avoir d\u00e9cid\u00e9 de l&rsquo;augmentation des superficies cultiv\u00e9es, en allouant quelque 100 000 hectares \u00e0 la culture des c\u00e9r\u00e9ales de diff\u00e9rentes vari\u00e9t\u00e9s. La d\u00e9marche s&rsquo;inscrit dans le cadre de l&rsquo;augmentation du volume de production des aliments strat\u00e9giques, le bl\u00e9 entre autres. Dans ce contexte, afin de garantir une saison agricole prometteuse&nbsp;et afin d&rsquo;encourager des professionnels de la fili\u00e8re c\u00e9r\u00e9ali\u00e8re, tous les moyens ont \u00e9t\u00e9 mobilis\u00e9s. A cet effet, la coop\u00e9rative des c\u00e9r\u00e9ales et de l\u00e9gumineuses (CCLS) de Guelma a fourni en quantit\u00e9s suffisantes les semences et les engrais pour r\u00e9pondre aux besoins des agriculteurs, alors que 110 000 quintaux de semences et plus de 48 000 quintaux d\u2019engrais ont \u00e9t\u00e9 mis \u00e0 leur disposition. Sur un autre volet, il est \u00e0 signaler qu&rsquo;au cours de la campagne agricole 2024-2025, l&rsquo;agence de la Banque de l\u2019agriculture et du d\u00e9veloppement rural (BADR) de la wilaya de Guelma a soumis \u00e0 l&rsquo;\u00e9tude et \u00e0 l\u2019approbation le financement 314 dossiers approuv\u00e9s. Ce nombre qui repr\u00e9sente aussi les agriculteurs ayant b\u00e9n\u00e9fici\u00e9 du pr\u00eat \u00a0\u00bbRFIG\u00a0\u00bb, soutenu par le minist\u00e8re de l\u2019Agriculture et du D\u00e9veloppement rural, au niveau de la wilaya de Guelma, avec une couverture financi\u00e8re estim\u00e9e \u00e0 547 millions de dinars, a-t-on pr\u00e9cis\u00e9. \u00c0 noter que 567 dossiers de postulants au pr\u00eat \u00ab RFIG \u00bb ont \u00e9t\u00e9 d\u00e9pos\u00e9s au niveau de la \u00a0\u00bbBADR\u00a0\u00bb, alors que la proc\u00e9dure est toujours en cours et se d\u00e9roule dans les meilleures conditions. Ces pr\u00eats, convient-il de le noter, vont permettre aux agriculteurs de d\u00e9marrer la campagne agricole dans des conditions optimales et avec les capacit\u00e9s et les approvisionnements disponibles, puisque la \u00a0\u00bbBADR\u00a0\u00bb de Guelma a mis \u00e0 disposition les ressources financi\u00e8res n\u00e9cessaires aux agriculteurs, dans le but de respecter le parcours technique. Parmi ces conditions, l&rsquo;ouverture de guichets unifi\u00e9s, afin de r\u00e9ceptionner les dossiers de pr\u00eats bancaires, co\u00efncidant avec le lancement de la campagne labours-semailles, dont le coup d&rsquo;envoi a \u00e9t\u00e9 donn\u00e9 la semaine \u00e9coul\u00e9e, rappelle-on. Par ailleurs, il est utile de souligner qu&rsquo;au vue de l&rsquo;importante place qu&rsquo;occupe l&rsquo;agriculture \u00e0 Guelma, notamment la fili\u00e8re c\u00e9r\u00e9ali\u00e8res, la wilaya a b\u00e9n\u00e9fici\u00e9 comme toutes les wilayas du pays, du programme de renforcement des capacit\u00e9s de stockage des cultures c\u00e9r\u00e9ali\u00e8res. Dans ce contexte, la wilaya s&rsquo;est dot\u00e9e de 9 unit\u00e9s de proximit\u00e9 pour le stockage des c\u00e9r\u00e9ales, d\u2019une capacit\u00e9 totale de 450 000 quintaux, en plus d\u2019un projet de r\u00e9alisation d\u2019un nouveau silo d\u2019une capacit\u00e9 d\u2019un million de quintaux, ainsi que de 2 entrep\u00f4ts de proximit\u00e9, d&rsquo; une capacit\u00e9 totale de 120 000 quintaux. Tous ces projets et bien d&rsquo;autres dont a b\u00e9n\u00e9fici\u00e9 la wilaya de Guelma s\u2019inscrivent dans le cadre de la mise en \u0153uvre des instructions du Pr\u00e9sident de la R\u00e9publique, M. Abdelmadjid Tebboune, visant \u00e0 assurer l&rsquo;autosuffisance et la s\u00e9curit\u00e9 alimentaire, en d\u00e9veloppant la culture c\u00e9r\u00e9ali\u00e8re, et en renfor\u00e7ant les capacit\u00e9 de stockage pour cette fili\u00e8re strat\u00e9gique.<br><strong>Sofia Chahine<\/strong><\/p>\n","protected":false},"excerpt":{"rendered":"<p>La wilaya de Guelma aspire \u00e0 devenir un p\u00f4le important en mati\u00e8re de c\u00e9r\u00e9aliculture, la culture de bl\u00e9 notamment. Dans<\/p>\n","protected":false},"author":6,"featured_media":52459,"comment_status":"open","ping_status":"closed","sticky":false,"template":"","format":"standard","meta":{"colormag_page_container_layout":"default_layout","colormag_page_sidebar_layout":"default_layout","om_disable_all_campaigns":false,"_monsterinsights_skip_tracking":false,"_monsterinsights_sitenote_active":false,"_monsterinsights_sitenote_note":"","_monsterinsights_sitenote_category":0,"footnotes":"","_wpscppro_dont_share_socialmedia":false,"_wpscppro_custom_social_share_image":0,"_facebook_share_type":"default","_twitter_share_type":"default","_linkedin_share_type":"default","_pinterest_share_type":"default","_linkedin_share_type_page":"","_instagram_share_type":"default","_medium_share_type":"default","_threads_share_type":"","_google_business_share_type":"","_selected_social_profile":[],"_wpsp_enable_custom_social_template":false,"_wpsp_social_scheduling":{"enabled":false,"datetime":null,"platforms":[],"status":"template_only","dateOption":"today","timeOption":"now","customDays":"","customHours":"","customDate":"","customTime":"","schedulingType":"absolute"},"_wpsp_active_default_template":true},"categories":[31],"tags":[],"class_list":["post-57904","post","type-post","status-publish","format-standard","has-post-thumbnail","hentry","category-regions"],"aioseo_notices":[],"yoast_head":"<!-- This site is optimized with the Yoast SEO plugin v27.5 - https:\/\/yoast.com\/product\/yoast-seo-wordpress\/ -->\n<title>Guelma : 100 000 hectares d\u00e9di\u00e9s \u00e0 la c\u00e9r\u00e9aliculture\u00a0 - La Sentinelle<\/title>\n<meta name=\"robots\" content=\"index, follow, max-snippet:-1, max-image-preview:large, max-video-preview:-1\" \/>\n<link rel=\"canonical\" href=\"https:\/\/lasentinelle.dz\/index.php\/2024\/10\/08\/guelma-100-000-hectares-dedies-a-la-cerealiculture\/\" \/>\n<meta property=\"og:locale\" content=\"fr_FR\" \/>\n<meta property=\"og:type\" content=\"article\" \/>\n<meta property=\"og:title\" content=\"Guelma : 100 000 hectares d\u00e9di\u00e9s \u00e0 la c\u00e9r\u00e9aliculture\u00a0 - La Sentinelle\" \/>\n<meta property=\"og:description\" content=\"La wilaya de Guelma aspire \u00e0 devenir un p\u00f4le important en mati\u00e8re de c\u00e9r\u00e9aliculture, la culture de bl\u00e9 notamment. Dans\" \/>\n<meta property=\"og:url\" content=\"https:\/\/lasentinelle.dz\/index.php\/2024\/10\/08\/guelma-100-000-hectares-dedies-a-la-cerealiculture\/\" \/>\n<meta property=\"og:site_name\" content=\"La Sentinelle\" \/>\n<meta property=\"article:publisher\" content=\"https:\/\/www.facebook.com\/La-Sentinelle-104059864394773\" \/>\n<meta property=\"article:published_time\" content=\"2024-10-08T20:55:25+00:00\" \/>\n<meta property=\"article:modified_time\" content=\"2024-10-08T20:55:26+00:00\" \/>\n<meta property=\"og:image\" content=\"https:\/\/lasentinelle.dz\/wp-content\/uploads\/2024\/05\/cerealiculure.jpeg\" \/>\n\t<meta property=\"og:image:width\" content=\"1080\" \/>\n\t<meta property=\"og:image:height\" content=\"810\" \/>\n\t<meta property=\"og:image:type\" content=\"image\/jpeg\" \/>\n<meta name=\"author\" content=\"admin\" \/>\n<meta name=\"twitter:card\" content=\"summary_large_image\" \/>\n<meta name=\"twitter:label1\" content=\"\u00c9crit par\" \/>\n\t<meta name=\"twitter:data1\" content=\"admin\" \/>\n\t<meta name=\"twitter:label2\" content=\"Dur\u00e9e de lecture estim\u00e9e\" \/>\n\t<meta name=\"twitter:data2\" content=\"3 minutes\" \/>\n<script type=\"application\/ld+json\" class=\"yoast-schema-graph\">{\"@context\":\"https:\\\/\\\/schema.org\",\"@graph\":[{\"@type\":\"Article\",\"@id\":\"https:\\\/\\\/lasentinelle.dz\\\/index.php\\\/2024\\\/10\\\/08\\\/guelma-100-000-hectares-dedies-a-la-cerealiculture\\\/#article\",\"isPartOf\":{\"@id\":\"https:\\\/\\\/lasentinelle.dz\\\/index.php\\\/2024\\\/10\\\/08\\\/guelma-100-000-hectares-dedies-a-la-cerealiculture\\\/\"},\"author\":{\"name\":\"admin\",\"@id\":\"https:\\\/\\\/lasentinelle.dz\\\/#\\\/schema\\\/person\\\/729ee0024f24e0b8c5ec17232f8e8b41\"},\"headline\":\"Guelma : 100 000 hectares d\u00e9di\u00e9s \u00e0 la c\u00e9r\u00e9aliculture\u00a0\",\"datePublished\":\"2024-10-08T20:55:25+00:00\",\"dateModified\":\"2024-10-08T20:55:26+00:00\",\"mainEntityOfPage\":{\"@id\":\"https:\\\/\\\/lasentinelle.dz\\\/index.php\\\/2024\\\/10\\\/08\\\/guelma-100-000-hectares-dedies-a-la-cerealiculture\\\/\"},\"wordCount\":603,\"commentCount\":0,\"publisher\":{\"@id\":\"https:\\\/\\\/lasentinelle.dz\\\/#organization\"},\"image\":{\"@id\":\"https:\\\/\\\/lasentinelle.dz\\\/index.php\\\/2024\\\/10\\\/08\\\/guelma-100-000-hectares-dedies-a-la-cerealiculture\\\/#primaryimage\"},\"thumbnailUrl\":\"https:\\\/\\\/lasentinelle.dz\\\/wp-content\\\/uploads\\\/2024\\\/05\\\/cerealiculure.jpeg\",\"articleSection\":[\"R\u00e9gions\"],\"inLanguage\":\"fr-FR\",\"potentialAction\":[{\"@type\":\"CommentAction\",\"name\":\"Comment\",\"target\":[\"https:\\\/\\\/lasentinelle.dz\\\/index.php\\\/2024\\\/10\\\/08\\\/guelma-100-000-hectares-dedies-a-la-cerealiculture\\\/#respond\"]}]},{\"@type\":\"WebPage\",\"@id\":\"https:\\\/\\\/lasentinelle.dz\\\/index.php\\\/2024\\\/10\\\/08\\\/guelma-100-000-hectares-dedies-a-la-cerealiculture\\\/\",\"url\":\"https:\\\/\\\/lasentinelle.dz\\\/index.php\\\/2024\\\/10\\\/08\\\/guelma-100-000-hectares-dedies-a-la-cerealiculture\\\/\",\"name\":\"Guelma : 100 000 hectares d\u00e9di\u00e9s \u00e0 la c\u00e9r\u00e9aliculture\u00a0 - La Sentinelle\",\"isPartOf\":{\"@id\":\"https:\\\/\\\/lasentinelle.dz\\\/#website\"},\"primaryImageOfPage\":{\"@id\":\"https:\\\/\\\/lasentinelle.dz\\\/index.php\\\/2024\\\/10\\\/08\\\/guelma-100-000-hectares-dedies-a-la-cerealiculture\\\/#primaryimage\"},\"image\":{\"@id\":\"https:\\\/\\\/lasentinelle.dz\\\/index.php\\\/2024\\\/10\\\/08\\\/guelma-100-000-hectares-dedies-a-la-cerealiculture\\\/#primaryimage\"},\"thumbnailUrl\":\"https:\\\/\\\/lasentinelle.dz\\\/wp-content\\\/uploads\\\/2024\\\/05\\\/cerealiculure.jpeg\",\"datePublished\":\"2024-10-08T20:55:25+00:00\",\"dateModified\":\"2024-10-08T20:55:26+00:00\",\"breadcrumb\":{\"@id\":\"https:\\\/\\\/lasentinelle.dz\\\/index.php\\\/2024\\\/10\\\/08\\\/guelma-100-000-hectares-dedies-a-la-cerealiculture\\\/#breadcrumb\"},\"inLanguage\":\"fr-FR\",\"potentialAction\":[{\"@type\":\"ReadAction\",\"target\":[\"https:\\\/\\\/lasentinelle.dz\\\/index.php\\\/2024\\\/10\\\/08\\\/guelma-100-000-hectares-dedies-a-la-cerealiculture\\\/\"]}]},{\"@type\":\"ImageObject\",\"inLanguage\":\"fr-FR\",\"@id\":\"https:\\\/\\\/lasentinelle.dz\\\/index.php\\\/2024\\\/10\\\/08\\\/guelma-100-000-hectares-dedies-a-la-cerealiculture\\\/#primaryimage\",\"url\":\"https:\\\/\\\/lasentinelle.dz\\\/wp-content\\\/uploads\\\/2024\\\/05\\\/cerealiculure.jpeg\",\"contentUrl\":\"https:\\\/\\\/lasentinelle.dz\\\/wp-content\\\/uploads\\\/2024\\\/05\\\/cerealiculure.jpeg\",\"width\":1080,\"height\":810},{\"@type\":\"BreadcrumbList\",\"@id\":\"https:\\\/\\\/lasentinelle.dz\\\/index.php\\\/2024\\\/10\\\/08\\\/guelma-100-000-hectares-dedies-a-la-cerealiculture\\\/#breadcrumb\",\"itemListElement\":[{\"@type\":\"ListItem\",\"position\":1,\"name\":\"Accueil\",\"item\":\"https:\\\/\\\/lasentinelle.dz\\\/\"},{\"@type\":\"ListItem\",\"position\":2,\"name\":\"Guelma : 100 000 hectares d\u00e9di\u00e9s \u00e0 la c\u00e9r\u00e9aliculture\u00a0\"}]},{\"@type\":\"WebSite\",\"@id\":\"https:\\\/\\\/lasentinelle.dz\\\/#website\",\"url\":\"https:\\\/\\\/lasentinelle.dz\\\/\",\"name\":\"La Sentinelle\",\"description\":\"Quotidien national d&#039;information\",\"publisher\":{\"@id\":\"https:\\\/\\\/lasentinelle.dz\\\/#organization\"},\"potentialAction\":[{\"@type\":\"SearchAction\",\"target\":{\"@type\":\"EntryPoint\",\"urlTemplate\":\"https:\\\/\\\/lasentinelle.dz\\\/?s={search_term_string}\"},\"query-input\":{\"@type\":\"PropertyValueSpecification\",\"valueRequired\":true,\"valueName\":\"search_term_string\"}}],\"inLanguage\":\"fr-FR\"},{\"@type\":\"Organization\",\"@id\":\"https:\\\/\\\/lasentinelle.dz\\\/#organization\",\"name\":\"Quotidien La Sentinelle\",\"url\":\"https:\\\/\\\/lasentinelle.dz\\\/\",\"logo\":{\"@type\":\"ImageObject\",\"inLanguage\":\"fr-FR\",\"@id\":\"https:\\\/\\\/lasentinelle.dz\\\/#\\\/schema\\\/logo\\\/image\\\/\",\"url\":\"https:\\\/\\\/lasentinelle.dz\\\/wp-content\\\/uploads\\\/2021\\\/09\\\/logo-sentinelleSLOGAN-1.png\",\"contentUrl\":\"https:\\\/\\\/lasentinelle.dz\\\/wp-content\\\/uploads\\\/2021\\\/09\\\/logo-sentinelleSLOGAN-1.png\",\"width\":615,\"height\":142,\"caption\":\"Quotidien La Sentinelle\"},\"image\":{\"@id\":\"https:\\\/\\\/lasentinelle.dz\\\/#\\\/schema\\\/logo\\\/image\\\/\"},\"sameAs\":[\"https:\\\/\\\/www.facebook.com\\\/La-Sentinelle-104059864394773\"]},{\"@type\":\"Person\",\"@id\":\"https:\\\/\\\/lasentinelle.dz\\\/#\\\/schema\\\/person\\\/729ee0024f24e0b8c5ec17232f8e8b41\",\"name\":\"admin\",\"image\":{\"@type\":\"ImageObject\",\"inLanguage\":\"fr-FR\",\"@id\":\"https:\\\/\\\/secure.gravatar.com\\\/avatar\\\/4c81fed838786e9b53f540bf46533e750f5d292099ae3b66cfc6fb1982e29df7?s=96&d=mm&r=g\",\"url\":\"https:\\\/\\\/secure.gravatar.com\\\/avatar\\\/4c81fed838786e9b53f540bf46533e750f5d292099ae3b66cfc6fb1982e29df7?s=96&d=mm&r=g\",\"contentUrl\":\"https:\\\/\\\/secure.gravatar.com\\\/avatar\\\/4c81fed838786e9b53f540bf46533e750f5d292099ae3b66cfc6fb1982e29df7?s=96&d=mm&r=g\",\"caption\":\"admin\"},\"description\":\"admin\",\"url\":\"https:\\\/\\\/lasentinelle.dz\\\/author\\\/admin\\\/\"}]}<\/script>\n<!-- \/ Yoast SEO plugin. -->","yoast_head_json":{"title":"Guelma : 100 000 hectares d\u00e9di\u00e9s \u00e0 la c\u00e9r\u00e9aliculture\u00a0 - La Sentinelle","robots":{"index":"index","follow":"follow","max-snippet":"max-snippet:-1","max-image-preview":"max-image-preview:large","max-video-preview":"max-video-preview:-1"},"canonical":"https:\/\/lasentinelle.dz\/index.php\/2024\/10\/08\/guelma-100-000-hectares-dedies-a-la-cerealiculture\/","og_locale":"fr_FR","og_type":"article","og_title":"Guelma : 100 000 hectares d\u00e9di\u00e9s \u00e0 la c\u00e9r\u00e9aliculture\u00a0 - La Sentinelle","og_description":"La wilaya de Guelma aspire \u00e0 devenir un p\u00f4le important en mati\u00e8re de c\u00e9r\u00e9aliculture, la culture de bl\u00e9 notamment. Dans","og_url":"https:\/\/lasentinelle.dz\/index.php\/2024\/10\/08\/guelma-100-000-hectares-dedies-a-la-cerealiculture\/","og_site_name":"La Sentinelle","article_publisher":"https:\/\/www.facebook.com\/La-Sentinelle-104059864394773","article_published_time":"2024-10-08T20:55:25+00:00","article_modified_time":"2024-10-08T20:55:26+00:00","og_image":[{"width":1080,"height":810,"url":"https:\/\/lasentinelle.dz\/wp-content\/uploads\/2024\/05\/cerealiculure.jpeg","type":"image\/jpeg"}],"author":"admin","twitter_card":"summary_large_image","twitter_misc":{"\u00c9crit par":"admin","Dur\u00e9e de lecture estim\u00e9e":"3 minutes"},"schema":{"@context":"https:\/\/schema.org","@graph":[{"@type":"Article","@id":"https:\/\/lasentinelle.dz\/index.php\/2024\/10\/08\/guelma-100-000-hectares-dedies-a-la-cerealiculture\/#article","isPartOf":{"@id":"https:\/\/lasentinelle.dz\/index.php\/2024\/10\/08\/guelma-100-000-hectares-dedies-a-la-cerealiculture\/"},"author":{"name":"admin","@id":"https:\/\/lasentinelle.dz\/#\/schema\/person\/729ee0024f24e0b8c5ec17232f8e8b41"},"headline":"Guelma : 100 000 hectares d\u00e9di\u00e9s \u00e0 la c\u00e9r\u00e9aliculture\u00a0","datePublished":"2024-10-08T20:55:25+00:00","dateModified":"2024-10-08T20:55:26+00:00","mainEntityOfPage":{"@id":"https:\/\/lasentinelle.dz\/index.php\/2024\/10\/08\/guelma-100-000-hectares-dedies-a-la-cerealiculture\/"},"wordCount":603,"commentCount":0,"publisher":{"@id":"https:\/\/lasentinelle.dz\/#organization"},"image":{"@id":"https:\/\/lasentinelle.dz\/index.php\/2024\/10\/08\/guelma-100-000-hectares-dedies-a-la-cerealiculture\/#primaryimage"},"thumbnailUrl":"https:\/\/lasentinelle.dz\/wp-content\/uploads\/2024\/05\/cerealiculure.jpeg","articleSection":["R\u00e9gions"],"inLanguage":"fr-FR","potentialAction":[{"@type":"CommentAction","name":"Comment","target":["https:\/\/lasentinelle.dz\/index.php\/2024\/10\/08\/guelma-100-000-hectares-dedies-a-la-cerealiculture\/#respond"]}]},{"@type":"WebPage","@id":"https:\/\/lasentinelle.dz\/index.php\/2024\/10\/08\/guelma-100-000-hectares-dedies-a-la-cerealiculture\/","url":"https:\/\/lasentinelle.dz\/index.php\/2024\/10\/08\/guelma-100-000-hectares-dedies-a-la-cerealiculture\/","name":"Guelma : 100 000 hectares d\u00e9di\u00e9s \u00e0 la c\u00e9r\u00e9aliculture\u00a0 - La Sentinelle","isPartOf":{"@id":"https:\/\/lasentinelle.dz\/#website"},"primaryImageOfPage":{"@id":"https:\/\/lasentinelle.dz\/index.php\/2024\/10\/08\/guelma-100-000-hectares-dedies-a-la-cerealiculture\/#primaryimage"},"image":{"@id":"https:\/\/lasentinelle.dz\/index.php\/2024\/10\/08\/guelma-100-000-hectares-dedies-a-la-cerealiculture\/#primaryimage"},"thumbnailUrl":"https:\/\/lasentinelle.dz\/wp-content\/uploads\/2024\/05\/cerealiculure.jpeg","datePublished":"2024-10-08T20:55:25+00:00","dateModified":"2024-10-08T20:55:26+00:00","breadcrumb":{"@id":"https:\/\/lasentinelle.dz\/index.php\/2024\/10\/08\/guelma-100-000-hectares-dedies-a-la-cerealiculture\/#breadcrumb"},"inLanguage":"fr-FR","potentialAction":[{"@type":"ReadAction","target":["https:\/\/lasentinelle.dz\/index.php\/2024\/10\/08\/guelma-100-000-hectares-dedies-a-la-cerealiculture\/"]}]},{"@type":"ImageObject","inLanguage":"fr-FR","@id":"https:\/\/lasentinelle.dz\/index.php\/2024\/10\/08\/guelma-100-000-hectares-dedies-a-la-cerealiculture\/#primaryimage","url":"https:\/\/lasentinelle.dz\/wp-content\/uploads\/2024\/05\/cerealiculure.jpeg","contentUrl":"https:\/\/lasentinelle.dz\/wp-content\/uploads\/2024\/05\/cerealiculure.jpeg","width":1080,"height":810},{"@type":"BreadcrumbList","@id":"https:\/\/lasentinelle.dz\/index.php\/2024\/10\/08\/guelma-100-000-hectares-dedies-a-la-cerealiculture\/#breadcrumb","itemListElement":[{"@type":"ListItem","position":1,"name":"Accueil","item":"https:\/\/lasentinelle.dz\/"},{"@type":"ListItem","position":2,"name":"Guelma : 100 000 hectares d\u00e9di\u00e9s \u00e0 la c\u00e9r\u00e9aliculture\u00a0"}]},{"@type":"WebSite","@id":"https:\/\/lasentinelle.dz\/#website","url":"https:\/\/lasentinelle.dz\/","name":"La Sentinelle","description":"Quotidien national d&#039;information","publisher":{"@id":"https:\/\/lasentinelle.dz\/#organization"},"potentialAction":[{"@type":"SearchAction","target":{"@type":"EntryPoint","urlTemplate":"https:\/\/lasentinelle.dz\/?s={search_term_string}"},"query-input":{"@type":"PropertyValueSpecification","valueRequired":true,"valueName":"search_term_string"}}],"inLanguage":"fr-FR"},{"@type":"Organization","@id":"https:\/\/lasentinelle.dz\/#organization","name":"Quotidien La Sentinelle","url":"https:\/\/lasentinelle.dz\/","logo":{"@type":"ImageObject","inLanguage":"fr-FR","@id":"https:\/\/lasentinelle.dz\/#\/schema\/logo\/image\/","url":"https:\/\/lasentinelle.dz\/wp-content\/uploads\/2021\/09\/logo-sentinelleSLOGAN-1.png","contentUrl":"https:\/\/lasentinelle.dz\/wp-content\/uploads\/2021\/09\/logo-sentinelleSLOGAN-1.png","width":615,"height":142,"caption":"Quotidien La Sentinelle"},"image":{"@id":"https:\/\/lasentinelle.dz\/#\/schema\/logo\/image\/"},"sameAs":["https:\/\/www.facebook.com\/La-Sentinelle-104059864394773"]},{"@type":"Person","@id":"https:\/\/lasentinelle.dz\/#\/schema\/person\/729ee0024f24e0b8c5ec17232f8e8b41","name":"admin","image":{"@type":"ImageObject","inLanguage":"fr-FR","@id":"https:\/\/secure.gravatar.com\/avatar\/4c81fed838786e9b53f540bf46533e750f5d292099ae3b66cfc6fb1982e29df7?s=96&d=mm&r=g","url":"https:\/\/secure.gravatar.com\/avatar\/4c81fed838786e9b53f540bf46533e750f5d292099ae3b66cfc6fb1982e29df7?s=96&d=mm&r=g","contentUrl":"https:\/\/secure.gravatar.com\/avatar\/4c81fed838786e9b53f540bf46533e750f5d292099ae3b66cfc6fb1982e29df7?s=96&d=mm&r=g","caption":"admin"},"description":"admin","url":"https:\/\/lasentinelle.dz\/author\/admin\/"}]}},"_links":{"self":[{"href":"https:\/\/lasentinelle.dz\/index.php\/wp-json\/wp\/v2\/posts\/57904","targetHints":{"allow":["GET"]}}],"collection":[{"href":"https:\/\/lasentinelle.dz\/index.php\/wp-json\/wp\/v2\/posts"}],"about":[{"href":"https:\/\/lasentinelle.dz\/index.php\/wp-json\/wp\/v2\/types\/post"}],"author":[{"embeddable":true,"href":"https:\/\/lasentinelle.dz\/index.php\/wp-json\/wp\/v2\/users\/6"}],"replies":[{"embeddable":true,"href":"https:\/\/lasentinelle.dz\/index.php\/wp-json\/wp\/v2\/comments?post=57904"}],"version-history":[{"count":1,"href":"https:\/\/lasentinelle.dz\/index.php\/wp-json\/wp\/v2\/posts\/57904\/revisions"}],"predecessor-version":[{"id":57905,"href":"https:\/\/lasentinelle.dz\/index.php\/wp-json\/wp\/v2\/posts\/57904\/revisions\/57905"}],"wp:featuredmedia":[{"embeddable":true,"href":"https:\/\/lasentinelle.dz\/index.php\/wp-json\/wp\/v2\/media\/52459"}],"wp:attachment":[{"href":"https:\/\/lasentinelle.dz\/index.php\/wp-json\/wp\/v2\/media?parent=57904"}],"wp:term":[{"taxonomy":"category","embeddable":true,"href":"https:\/\/lasentinelle.dz\/index.php\/wp-json\/wp\/v2\/categories?post=57904"},{"taxonomy":"post_tag","embeddable":true,"href":"https:\/\/lasentinelle.dz\/index.php\/wp-json\/wp\/v2\/tags?post=57904"}],"curies":[{"name":"wp","href":"https:\/\/api.w.org\/{rel}","templated":true}]}}