{"id":57913,"date":"2024-10-08T21:50:00","date_gmt":"2024-10-08T20:50:00","guid":{"rendered":"https:\/\/lasentinelle.dz\/?p=57913"},"modified":"2024-10-08T22:00:48","modified_gmt":"2024-10-08T21:00:48","slug":"ouverture-de-la-2e-edition-du-salon-international-agritech-expo-2024-la-mauritanie-invitee-dhonneur","status":"publish","type":"post","link":"https:\/\/lasentinelle.dz\/index.php\/2024\/10\/08\/ouverture-de-la-2e-edition-du-salon-international-agritech-expo-2024-la-mauritanie-invitee-dhonneur\/","title":{"rendered":"Ouverture de la 2e \u00e9dition du salon international Agritech-Expo 2024: La Mauritanie invit\u00e9e d&rsquo;honneur"},"content":{"rendered":"\n<p>La deuxi\u00e8me \u00e9dition du salon international de l&rsquo;investissement agricole et de la technologie Agritech-Expo 2024 s&rsquo;est ouverte hier \u00e0 l&rsquo;h\u00f4tel Sheraton d&rsquo;Annaba. Organis\u00e9 sous le haut patronage du wali d&rsquo;Annaba, Abdelkader Djellaoui, \u00e0 l&rsquo;initiative de l\u2019agence INCOP et, en coordination avec la chambre de l\u2019agriculture de la wilaya d\u2019Annaba, Agritech -expo est devenu un espace o\u00f9 se r\u00e9unissent tous les professionnels de l&rsquo;agriculture et du monde de la recherche intelligente. Ayant pour th\u00e9matique \u00a0\u00bbL&rsquo;investissement Intelligent pour un D\u00e9veloppement Durable \u00a0\u00bb, ce 2e salon est devenu un v\u00e9ritable forum international o\u00f9 s&rsquo;engagent des discussions sur des concepts-cl\u00e9s pour fournir aux investisseurs des informations strat\u00e9giques sur des cr\u00e9neaux porteurs. Et comme l&rsquo;indique la th\u00e9matique, l&rsquo;\u00e9v\u00e9nement intervient dans un contexte plus que jamais d&rsquo;actualit\u00e9. Puisque l&rsquo;\u00e9v\u00e9nement \u00e0 trait \u00e0 l\u2019Investissement agricole et la technologie. Toutes les r\u00e9flexions en rapport avec cette th\u00e9matique et bien plus&nbsp; seront trait\u00e9 et d\u00e9battu du 8 au 10 du mois courant, permettant ainsi aux participants nationaux et internationaux, repr\u00e9sentants divers secteurs annexes relevant du domaine de l&rsquo;agriculture d&rsquo;\u00e9largir leur connaissances, d&rsquo;\u00e9changer leurs exp\u00e9rience et pourquoi pas aboutir \u00e0 des partenariats gagnant-gagnant. Le wali d\u2019Annaba, Abdelkader Djellaoui, a soulign\u00e9 que la forte pr\u00e9sence de repr\u00e9sentants de pays africains \u00ab\u00a0impulsera une utile concertation entre nations du continent, soutiendra la promotion du secteur agricole et permettra de cr\u00e9er des opportunit\u00e9s d&rsquo;actions communes en vue d&rsquo;atteindre l\u2019objectif de la s\u00e9curit\u00e9 alimentaire\u00a0\u00bb. M. Djellaoui a ajout\u00e9 que cet \u00e9v\u00e9nement \u00e9conomique international, qui en est \u00e0 sa deuxi\u00e8me \u00e9dition, est d&rsquo;une \u00ab\u00a0grande importance car il permet l&rsquo;\u00e9change d&rsquo;exp\u00e9riences et la construction de passerelles de partenariat r\u00e9gional entre diff\u00e9rents pays du continent africain\u00a0\u00bb. Ce salon international est au c\u0153ur de la strat\u00e9gie nationale \u00e0 travers laquelle l&rsquo;Alg\u00e9rie vise \u00e0 r\u00e9aliser la s\u00e9curit\u00e9 alimentaire et \u00e0 atteindre l&rsquo;autosuffisance dans de nombreuses fili\u00e8res agricoles, notamment les c\u00e9r\u00e9ales, a-t-il ajout\u00e9. Pour sa part, l&rsquo;ambassadeur de la R\u00e9publique islamique de Mauritanie en Alg\u00e9rie, Sidi Mohamed Mohamed Abdallah, a indiqu\u00e9 que le choix de la Mauritanie en tant qu&rsquo;invit\u00e9 d&rsquo;honneur de cette manifestation internationale, traduit les \u00ab\u00a0relations fortes et profondes entre l&rsquo;Alg\u00e9rie et la Mauritanie\u00a0\u00bb, et ajout\u00e9 que ce salon sera \u00ab\u00a0une occasion pour la Mauritanie de rencontrer les acteurs alg\u00e9riens du secteur agricole et de tenir des r\u00e9unions bilat\u00e9rales pour d\u00e9battre des opportunit\u00e9s de partenariat\u00a0\u00bb. Outre la participation des repr\u00e9sentants de 25 chambres de l\u2019agriculture du pays, ce salon international s&rsquo;est ouvert en pr\u00e9sence des ambassadeurs du Cameroun, du Mozambique, du Niger, du Nigeria, du S\u00e9n\u00e9gal, du Togo, de l&rsquo;Angola, du Zimbabwe, de la Tunisie et de la Mauritanie, qui ont visit\u00e9 les diff\u00e9rents pavillons des diff\u00e9rents acteurs dans divers domaines li\u00e9s au secteur de l\u2019agriculture en Alg\u00e9rie.Le salon est devenu un espace pour promouvoir des technologies avanc\u00e9es dans divers domaines, dont entre autres l\u2019agriculture, la p\u00eache, l&rsquo;\u00e9levage, l&rsquo;industrie agroalimentaire, pour ne citer que ces secteurs qui int\u00e9ressent nos voisins des pays africains. Ces derniers, dont la forte pr\u00e9sence de leur repr\u00e9sentation diplomatique, souligne l&rsquo;importance de l&rsquo;\u00e9v\u00e9nement. Ce sont Sept ambassadeurs qui sont venus afficher par leur pr\u00e9sence, l&rsquo;int\u00e9r\u00eat de leur pays \u00e0 ce salon. Agritech-Expo 2024, a enregistr\u00e9 la pr\u00e9sence de plus de 75 exposants dans les diverses fili\u00e8res agricoles. Par ailleurs, en marge des conf\u00e9rences et des interventions programm\u00e9es tout au long de la tenue du salon, des workshops seront aussi organis\u00e9s entre des participants nationaux et \u00e9trangers.<\/p>\n\n\n\n<p><strong>Sofia Chahine<\/strong><\/p>\n","protected":false},"excerpt":{"rendered":"<p>La deuxi\u00e8me \u00e9dition du salon international de l&rsquo;investissement agricole et de la technologie Agritech-Expo 2024 s&rsquo;est ouverte hier \u00e0 l&rsquo;h\u00f4tel<\/p>\n","protected":false},"author":6,"featured_media":57914,"comment_status":"open","ping_status":"closed","sticky":false,"template":"","format":"standard","meta":{"colormag_page_container_layout":"default_layout","colormag_page_sidebar_layout":"default_layout","om_disable_all_campaigns":false,"_monsterinsights_skip_tracking":false,"_monsterinsights_sitenote_active":false,"_monsterinsights_sitenote_note":"","_monsterinsights_sitenote_category":0,"footnotes":"","_wpscppro_dont_share_socialmedia":false,"_wpscppro_custom_social_share_image":0,"_facebook_share_type":"default","_twitter_share_type":"default","_linkedin_share_type":"default","_pinterest_share_type":"default","_linkedin_share_type_page":"","_instagram_share_type":"default","_medium_share_type":"default","_threads_share_type":"","_google_business_share_type":"","_selected_social_profile":[],"_wpsp_enable_custom_social_template":false,"_wpsp_social_scheduling":{"enabled":false,"datetime":null,"platforms":[],"status":"template_only","dateOption":"today","timeOption":"now","customDays":"","customHours":"","customDate":"","customTime":"","schedulingType":"absolute"},"_wpsp_active_default_template":true},"categories":[29],"tags":[],"class_list":["post-57913","post","type-post","status-publish","format-standard","has-post-thumbnail","hentry","category-economie"],"aioseo_notices":[],"yoast_head":"<!-- This site is optimized with the Yoast SEO plugin v27.5 - https:\/\/yoast.com\/product\/yoast-seo-wordpress\/ -->\n<title>Ouverture de la 2e \u00e9dition du salon international Agritech-Expo 2024: La Mauritanie invit\u00e9e d&rsquo;honneur - La Sentinelle<\/title>\n<meta name=\"robots\" content=\"index, follow, max-snippet:-1, max-image-preview:large, max-video-preview:-1\" \/>\n<link rel=\"canonical\" href=\"https:\/\/lasentinelle.dz\/index.php\/2024\/10\/08\/ouverture-de-la-2e-edition-du-salon-international-agritech-expo-2024-la-mauritanie-invitee-dhonneur\/\" \/>\n<meta property=\"og:locale\" content=\"fr_FR\" \/>\n<meta property=\"og:type\" content=\"article\" \/>\n<meta property=\"og:title\" content=\"Ouverture de la 2e \u00e9dition du salon international Agritech-Expo 2024: La Mauritanie invit\u00e9e d&rsquo;honneur - La Sentinelle\" \/>\n<meta property=\"og:description\" content=\"La deuxi\u00e8me \u00e9dition du salon international de l&rsquo;investissement agricole et de la technologie Agritech-Expo 2024 s&rsquo;est ouverte hier \u00e0 l&rsquo;h\u00f4tel\" \/>\n<meta property=\"og:url\" content=\"https:\/\/lasentinelle.dz\/index.php\/2024\/10\/08\/ouverture-de-la-2e-edition-du-salon-international-agritech-expo-2024-la-mauritanie-invitee-dhonneur\/\" \/>\n<meta property=\"og:site_name\" content=\"La Sentinelle\" \/>\n<meta property=\"article:publisher\" content=\"https:\/\/www.facebook.com\/La-Sentinelle-104059864394773\" \/>\n<meta property=\"article:published_time\" content=\"2024-10-08T20:50:00+00:00\" \/>\n<meta property=\"article:modified_time\" content=\"2024-10-08T21:00:48+00:00\" \/>\n<meta property=\"og:image\" content=\"https:\/\/lasentinelle.dz\/wp-content\/uploads\/2024\/10\/452822819_408227778889286_6975484891817243798_n.jpg\" \/>\n\t<meta property=\"og:image:width\" content=\"1448\" \/>\n\t<meta property=\"og:image:height\" content=\"2048\" \/>\n\t<meta property=\"og:image:type\" content=\"image\/jpeg\" \/>\n<meta name=\"author\" content=\"admin\" \/>\n<meta name=\"twitter:card\" content=\"summary_large_image\" \/>\n<meta name=\"twitter:label1\" content=\"\u00c9crit par\" \/>\n\t<meta name=\"twitter:data1\" content=\"admin\" \/>\n\t<meta name=\"twitter:label2\" content=\"Dur\u00e9e de lecture estim\u00e9e\" \/>\n\t<meta name=\"twitter:data2\" content=\"4 minutes\" \/>\n<script type=\"application\/ld+json\" class=\"yoast-schema-graph\">{\"@context\":\"https:\\\/\\\/schema.org\",\"@graph\":[{\"@type\":\"Article\",\"@id\":\"https:\\\/\\\/lasentinelle.dz\\\/index.php\\\/2024\\\/10\\\/08\\\/ouverture-de-la-2e-edition-du-salon-international-agritech-expo-2024-la-mauritanie-invitee-dhonneur\\\/#article\",\"isPartOf\":{\"@id\":\"https:\\\/\\\/lasentinelle.dz\\\/index.php\\\/2024\\\/10\\\/08\\\/ouverture-de-la-2e-edition-du-salon-international-agritech-expo-2024-la-mauritanie-invitee-dhonneur\\\/\"},\"author\":{\"name\":\"admin\",\"@id\":\"https:\\\/\\\/lasentinelle.dz\\\/#\\\/schema\\\/person\\\/729ee0024f24e0b8c5ec17232f8e8b41\"},\"headline\":\"Ouverture de la 2e \u00e9dition du salon international Agritech-Expo 2024: La Mauritanie invit\u00e9e d&rsquo;honneur\",\"datePublished\":\"2024-10-08T20:50:00+00:00\",\"dateModified\":\"2024-10-08T21:00:48+00:00\",\"mainEntityOfPage\":{\"@id\":\"https:\\\/\\\/lasentinelle.dz\\\/index.php\\\/2024\\\/10\\\/08\\\/ouverture-de-la-2e-edition-du-salon-international-agritech-expo-2024-la-mauritanie-invitee-dhonneur\\\/\"},\"wordCount\":662,\"commentCount\":0,\"publisher\":{\"@id\":\"https:\\\/\\\/lasentinelle.dz\\\/#organization\"},\"image\":{\"@id\":\"https:\\\/\\\/lasentinelle.dz\\\/index.php\\\/2024\\\/10\\\/08\\\/ouverture-de-la-2e-edition-du-salon-international-agritech-expo-2024-la-mauritanie-invitee-dhonneur\\\/#primaryimage\"},\"thumbnailUrl\":\"https:\\\/\\\/lasentinelle.dz\\\/wp-content\\\/uploads\\\/2024\\\/10\\\/452822819_408227778889286_6975484891817243798_n.jpg\",\"articleSection\":[\"\u00c9conomie\"],\"inLanguage\":\"fr-FR\",\"potentialAction\":[{\"@type\":\"CommentAction\",\"name\":\"Comment\",\"target\":[\"https:\\\/\\\/lasentinelle.dz\\\/index.php\\\/2024\\\/10\\\/08\\\/ouverture-de-la-2e-edition-du-salon-international-agritech-expo-2024-la-mauritanie-invitee-dhonneur\\\/#respond\"]}]},{\"@type\":\"WebPage\",\"@id\":\"https:\\\/\\\/lasentinelle.dz\\\/index.php\\\/2024\\\/10\\\/08\\\/ouverture-de-la-2e-edition-du-salon-international-agritech-expo-2024-la-mauritanie-invitee-dhonneur\\\/\",\"url\":\"https:\\\/\\\/lasentinelle.dz\\\/index.php\\\/2024\\\/10\\\/08\\\/ouverture-de-la-2e-edition-du-salon-international-agritech-expo-2024-la-mauritanie-invitee-dhonneur\\\/\",\"name\":\"Ouverture de la 2e \u00e9dition du salon international Agritech-Expo 2024: La Mauritanie invit\u00e9e d&rsquo;honneur - La Sentinelle\",\"isPartOf\":{\"@id\":\"https:\\\/\\\/lasentinelle.dz\\\/#website\"},\"primaryImageOfPage\":{\"@id\":\"https:\\\/\\\/lasentinelle.dz\\\/index.php\\\/2024\\\/10\\\/08\\\/ouverture-de-la-2e-edition-du-salon-international-agritech-expo-2024-la-mauritanie-invitee-dhonneur\\\/#primaryimage\"},\"image\":{\"@id\":\"https:\\\/\\\/lasentinelle.dz\\\/index.php\\\/2024\\\/10\\\/08\\\/ouverture-de-la-2e-edition-du-salon-international-agritech-expo-2024-la-mauritanie-invitee-dhonneur\\\/#primaryimage\"},\"thumbnailUrl\":\"https:\\\/\\\/lasentinelle.dz\\\/wp-content\\\/uploads\\\/2024\\\/10\\\/452822819_408227778889286_6975484891817243798_n.jpg\",\"datePublished\":\"2024-10-08T20:50:00+00:00\",\"dateModified\":\"2024-10-08T21:00:48+00:00\",\"breadcrumb\":{\"@id\":\"https:\\\/\\\/lasentinelle.dz\\\/index.php\\\/2024\\\/10\\\/08\\\/ouverture-de-la-2e-edition-du-salon-international-agritech-expo-2024-la-mauritanie-invitee-dhonneur\\\/#breadcrumb\"},\"inLanguage\":\"fr-FR\",\"potentialAction\":[{\"@type\":\"ReadAction\",\"target\":[\"https:\\\/\\\/lasentinelle.dz\\\/index.php\\\/2024\\\/10\\\/08\\\/ouverture-de-la-2e-edition-du-salon-international-agritech-expo-2024-la-mauritanie-invitee-dhonneur\\\/\"]}]},{\"@type\":\"ImageObject\",\"inLanguage\":\"fr-FR\",\"@id\":\"https:\\\/\\\/lasentinelle.dz\\\/index.php\\\/2024\\\/10\\\/08\\\/ouverture-de-la-2e-edition-du-salon-international-agritech-expo-2024-la-mauritanie-invitee-dhonneur\\\/#primaryimage\",\"url\":\"https:\\\/\\\/lasentinelle.dz\\\/wp-content\\\/uploads\\\/2024\\\/10\\\/452822819_408227778889286_6975484891817243798_n.jpg\",\"contentUrl\":\"https:\\\/\\\/lasentinelle.dz\\\/wp-content\\\/uploads\\\/2024\\\/10\\\/452822819_408227778889286_6975484891817243798_n.jpg\",\"width\":1448,\"height\":2048},{\"@type\":\"BreadcrumbList\",\"@id\":\"https:\\\/\\\/lasentinelle.dz\\\/index.php\\\/2024\\\/10\\\/08\\\/ouverture-de-la-2e-edition-du-salon-international-agritech-expo-2024-la-mauritanie-invitee-dhonneur\\\/#breadcrumb\",\"itemListElement\":[{\"@type\":\"ListItem\",\"position\":1,\"name\":\"Accueil\",\"item\":\"https:\\\/\\\/lasentinelle.dz\\\/\"},{\"@type\":\"ListItem\",\"position\":2,\"name\":\"Ouverture de la 2e \u00e9dition du salon international Agritech-Expo 2024: La Mauritanie invit\u00e9e d&rsquo;honneur\"}]},{\"@type\":\"WebSite\",\"@id\":\"https:\\\/\\\/lasentinelle.dz\\\/#website\",\"url\":\"https:\\\/\\\/lasentinelle.dz\\\/\",\"name\":\"La Sentinelle\",\"description\":\"Quotidien national d&#039;information\",\"publisher\":{\"@id\":\"https:\\\/\\\/lasentinelle.dz\\\/#organization\"},\"potentialAction\":[{\"@type\":\"SearchAction\",\"target\":{\"@type\":\"EntryPoint\",\"urlTemplate\":\"https:\\\/\\\/lasentinelle.dz\\\/?s={search_term_string}\"},\"query-input\":{\"@type\":\"PropertyValueSpecification\",\"valueRequired\":true,\"valueName\":\"search_term_string\"}}],\"inLanguage\":\"fr-FR\"},{\"@type\":\"Organization\",\"@id\":\"https:\\\/\\\/lasentinelle.dz\\\/#organization\",\"name\":\"Quotidien La Sentinelle\",\"url\":\"https:\\\/\\\/lasentinelle.dz\\\/\",\"logo\":{\"@type\":\"ImageObject\",\"inLanguage\":\"fr-FR\",\"@id\":\"https:\\\/\\\/lasentinelle.dz\\\/#\\\/schema\\\/logo\\\/image\\\/\",\"url\":\"https:\\\/\\\/lasentinelle.dz\\\/wp-content\\\/uploads\\\/2021\\\/09\\\/logo-sentinelleSLOGAN-1.png\",\"contentUrl\":\"https:\\\/\\\/lasentinelle.dz\\\/wp-content\\\/uploads\\\/2021\\\/09\\\/logo-sentinelleSLOGAN-1.png\",\"width\":615,\"height\":142,\"caption\":\"Quotidien La Sentinelle\"},\"image\":{\"@id\":\"https:\\\/\\\/lasentinelle.dz\\\/#\\\/schema\\\/logo\\\/image\\\/\"},\"sameAs\":[\"https:\\\/\\\/www.facebook.com\\\/La-Sentinelle-104059864394773\"]},{\"@type\":\"Person\",\"@id\":\"https:\\\/\\\/lasentinelle.dz\\\/#\\\/schema\\\/person\\\/729ee0024f24e0b8c5ec17232f8e8b41\",\"name\":\"admin\",\"image\":{\"@type\":\"ImageObject\",\"inLanguage\":\"fr-FR\",\"@id\":\"https:\\\/\\\/secure.gravatar.com\\\/avatar\\\/4c81fed838786e9b53f540bf46533e750f5d292099ae3b66cfc6fb1982e29df7?s=96&d=mm&r=g\",\"url\":\"https:\\\/\\\/secure.gravatar.com\\\/avatar\\\/4c81fed838786e9b53f540bf46533e750f5d292099ae3b66cfc6fb1982e29df7?s=96&d=mm&r=g\",\"contentUrl\":\"https:\\\/\\\/secure.gravatar.com\\\/avatar\\\/4c81fed838786e9b53f540bf46533e750f5d292099ae3b66cfc6fb1982e29df7?s=96&d=mm&r=g\",\"caption\":\"admin\"},\"description\":\"admin\",\"url\":\"https:\\\/\\\/lasentinelle.dz\\\/author\\\/admin\\\/\"}]}<\/script>\n<!-- \/ Yoast SEO plugin. -->","yoast_head_json":{"title":"Ouverture de la 2e \u00e9dition du salon international Agritech-Expo 2024: La Mauritanie invit\u00e9e d&rsquo;honneur - La Sentinelle","robots":{"index":"index","follow":"follow","max-snippet":"max-snippet:-1","max-image-preview":"max-image-preview:large","max-video-preview":"max-video-preview:-1"},"canonical":"https:\/\/lasentinelle.dz\/index.php\/2024\/10\/08\/ouverture-de-la-2e-edition-du-salon-international-agritech-expo-2024-la-mauritanie-invitee-dhonneur\/","og_locale":"fr_FR","og_type":"article","og_title":"Ouverture de la 2e \u00e9dition du salon international Agritech-Expo 2024: La Mauritanie invit\u00e9e d&rsquo;honneur - La Sentinelle","og_description":"La deuxi\u00e8me \u00e9dition du salon international de l&rsquo;investissement agricole et de la technologie Agritech-Expo 2024 s&rsquo;est ouverte hier \u00e0 l&rsquo;h\u00f4tel","og_url":"https:\/\/lasentinelle.dz\/index.php\/2024\/10\/08\/ouverture-de-la-2e-edition-du-salon-international-agritech-expo-2024-la-mauritanie-invitee-dhonneur\/","og_site_name":"La Sentinelle","article_publisher":"https:\/\/www.facebook.com\/La-Sentinelle-104059864394773","article_published_time":"2024-10-08T20:50:00+00:00","article_modified_time":"2024-10-08T21:00:48+00:00","og_image":[{"width":1448,"height":2048,"url":"https:\/\/lasentinelle.dz\/wp-content\/uploads\/2024\/10\/452822819_408227778889286_6975484891817243798_n.jpg","type":"image\/jpeg"}],"author":"admin","twitter_card":"summary_large_image","twitter_misc":{"\u00c9crit par":"admin","Dur\u00e9e de lecture estim\u00e9e":"4 minutes"},"schema":{"@context":"https:\/\/schema.org","@graph":[{"@type":"Article","@id":"https:\/\/lasentinelle.dz\/index.php\/2024\/10\/08\/ouverture-de-la-2e-edition-du-salon-international-agritech-expo-2024-la-mauritanie-invitee-dhonneur\/#article","isPartOf":{"@id":"https:\/\/lasentinelle.dz\/index.php\/2024\/10\/08\/ouverture-de-la-2e-edition-du-salon-international-agritech-expo-2024-la-mauritanie-invitee-dhonneur\/"},"author":{"name":"admin","@id":"https:\/\/lasentinelle.dz\/#\/schema\/person\/729ee0024f24e0b8c5ec17232f8e8b41"},"headline":"Ouverture de la 2e \u00e9dition du salon international Agritech-Expo 2024: La Mauritanie invit\u00e9e d&rsquo;honneur","datePublished":"2024-10-08T20:50:00+00:00","dateModified":"2024-10-08T21:00:48+00:00","mainEntityOfPage":{"@id":"https:\/\/lasentinelle.dz\/index.php\/2024\/10\/08\/ouverture-de-la-2e-edition-du-salon-international-agritech-expo-2024-la-mauritanie-invitee-dhonneur\/"},"wordCount":662,"commentCount":0,"publisher":{"@id":"https:\/\/lasentinelle.dz\/#organization"},"image":{"@id":"https:\/\/lasentinelle.dz\/index.php\/2024\/10\/08\/ouverture-de-la-2e-edition-du-salon-international-agritech-expo-2024-la-mauritanie-invitee-dhonneur\/#primaryimage"},"thumbnailUrl":"https:\/\/lasentinelle.dz\/wp-content\/uploads\/2024\/10\/452822819_408227778889286_6975484891817243798_n.jpg","articleSection":["\u00c9conomie"],"inLanguage":"fr-FR","potentialAction":[{"@type":"CommentAction","name":"Comment","target":["https:\/\/lasentinelle.dz\/index.php\/2024\/10\/08\/ouverture-de-la-2e-edition-du-salon-international-agritech-expo-2024-la-mauritanie-invitee-dhonneur\/#respond"]}]},{"@type":"WebPage","@id":"https:\/\/lasentinelle.dz\/index.php\/2024\/10\/08\/ouverture-de-la-2e-edition-du-salon-international-agritech-expo-2024-la-mauritanie-invitee-dhonneur\/","url":"https:\/\/lasentinelle.dz\/index.php\/2024\/10\/08\/ouverture-de-la-2e-edition-du-salon-international-agritech-expo-2024-la-mauritanie-invitee-dhonneur\/","name":"Ouverture de la 2e \u00e9dition du salon international Agritech-Expo 2024: La Mauritanie invit\u00e9e d&rsquo;honneur - La Sentinelle","isPartOf":{"@id":"https:\/\/lasentinelle.dz\/#website"},"primaryImageOfPage":{"@id":"https:\/\/lasentinelle.dz\/index.php\/2024\/10\/08\/ouverture-de-la-2e-edition-du-salon-international-agritech-expo-2024-la-mauritanie-invitee-dhonneur\/#primaryimage"},"image":{"@id":"https:\/\/lasentinelle.dz\/index.php\/2024\/10\/08\/ouverture-de-la-2e-edition-du-salon-international-agritech-expo-2024-la-mauritanie-invitee-dhonneur\/#primaryimage"},"thumbnailUrl":"https:\/\/lasentinelle.dz\/wp-content\/uploads\/2024\/10\/452822819_408227778889286_6975484891817243798_n.jpg","datePublished":"2024-10-08T20:50:00+00:00","dateModified":"2024-10-08T21:00:48+00:00","breadcrumb":{"@id":"https:\/\/lasentinelle.dz\/index.php\/2024\/10\/08\/ouverture-de-la-2e-edition-du-salon-international-agritech-expo-2024-la-mauritanie-invitee-dhonneur\/#breadcrumb"},"inLanguage":"fr-FR","potentialAction":[{"@type":"ReadAction","target":["https:\/\/lasentinelle.dz\/index.php\/2024\/10\/08\/ouverture-de-la-2e-edition-du-salon-international-agritech-expo-2024-la-mauritanie-invitee-dhonneur\/"]}]},{"@type":"ImageObject","inLanguage":"fr-FR","@id":"https:\/\/lasentinelle.dz\/index.php\/2024\/10\/08\/ouverture-de-la-2e-edition-du-salon-international-agritech-expo-2024-la-mauritanie-invitee-dhonneur\/#primaryimage","url":"https:\/\/lasentinelle.dz\/wp-content\/uploads\/2024\/10\/452822819_408227778889286_6975484891817243798_n.jpg","contentUrl":"https:\/\/lasentinelle.dz\/wp-content\/uploads\/2024\/10\/452822819_408227778889286_6975484891817243798_n.jpg","width":1448,"height":2048},{"@type":"BreadcrumbList","@id":"https:\/\/lasentinelle.dz\/index.php\/2024\/10\/08\/ouverture-de-la-2e-edition-du-salon-international-agritech-expo-2024-la-mauritanie-invitee-dhonneur\/#breadcrumb","itemListElement":[{"@type":"ListItem","position":1,"name":"Accueil","item":"https:\/\/lasentinelle.dz\/"},{"@type":"ListItem","position":2,"name":"Ouverture de la 2e \u00e9dition du salon international Agritech-Expo 2024: La Mauritanie invit\u00e9e d&rsquo;honneur"}]},{"@type":"WebSite","@id":"https:\/\/lasentinelle.dz\/#website","url":"https:\/\/lasentinelle.dz\/","name":"La Sentinelle","description":"Quotidien national d&#039;information","publisher":{"@id":"https:\/\/lasentinelle.dz\/#organization"},"potentialAction":[{"@type":"SearchAction","target":{"@type":"EntryPoint","urlTemplate":"https:\/\/lasentinelle.dz\/?s={search_term_string}"},"query-input":{"@type":"PropertyValueSpecification","valueRequired":true,"valueName":"search_term_string"}}],"inLanguage":"fr-FR"},{"@type":"Organization","@id":"https:\/\/lasentinelle.dz\/#organization","name":"Quotidien La Sentinelle","url":"https:\/\/lasentinelle.dz\/","logo":{"@type":"ImageObject","inLanguage":"fr-FR","@id":"https:\/\/lasentinelle.dz\/#\/schema\/logo\/image\/","url":"https:\/\/lasentinelle.dz\/wp-content\/uploads\/2021\/09\/logo-sentinelleSLOGAN-1.png","contentUrl":"https:\/\/lasentinelle.dz\/wp-content\/uploads\/2021\/09\/logo-sentinelleSLOGAN-1.png","width":615,"height":142,"caption":"Quotidien La Sentinelle"},"image":{"@id":"https:\/\/lasentinelle.dz\/#\/schema\/logo\/image\/"},"sameAs":["https:\/\/www.facebook.com\/La-Sentinelle-104059864394773"]},{"@type":"Person","@id":"https:\/\/lasentinelle.dz\/#\/schema\/person\/729ee0024f24e0b8c5ec17232f8e8b41","name":"admin","image":{"@type":"ImageObject","inLanguage":"fr-FR","@id":"https:\/\/secure.gravatar.com\/avatar\/4c81fed838786e9b53f540bf46533e750f5d292099ae3b66cfc6fb1982e29df7?s=96&d=mm&r=g","url":"https:\/\/secure.gravatar.com\/avatar\/4c81fed838786e9b53f540bf46533e750f5d292099ae3b66cfc6fb1982e29df7?s=96&d=mm&r=g","contentUrl":"https:\/\/secure.gravatar.com\/avatar\/4c81fed838786e9b53f540bf46533e750f5d292099ae3b66cfc6fb1982e29df7?s=96&d=mm&r=g","caption":"admin"},"description":"admin","url":"https:\/\/lasentinelle.dz\/author\/admin\/"}]}},"_links":{"self":[{"href":"https:\/\/lasentinelle.dz\/index.php\/wp-json\/wp\/v2\/posts\/57913","targetHints":{"allow":["GET"]}}],"collection":[{"href":"https:\/\/lasentinelle.dz\/index.php\/wp-json\/wp\/v2\/posts"}],"about":[{"href":"https:\/\/lasentinelle.dz\/index.php\/wp-json\/wp\/v2\/types\/post"}],"author":[{"embeddable":true,"href":"https:\/\/lasentinelle.dz\/index.php\/wp-json\/wp\/v2\/users\/6"}],"replies":[{"embeddable":true,"href":"https:\/\/lasentinelle.dz\/index.php\/wp-json\/wp\/v2\/comments?post=57913"}],"version-history":[{"count":2,"href":"https:\/\/lasentinelle.dz\/index.php\/wp-json\/wp\/v2\/posts\/57913\/revisions"}],"predecessor-version":[{"id":57916,"href":"https:\/\/lasentinelle.dz\/index.php\/wp-json\/wp\/v2\/posts\/57913\/revisions\/57916"}],"wp:featuredmedia":[{"embeddable":true,"href":"https:\/\/lasentinelle.dz\/index.php\/wp-json\/wp\/v2\/media\/57914"}],"wp:attachment":[{"href":"https:\/\/lasentinelle.dz\/index.php\/wp-json\/wp\/v2\/media?parent=57913"}],"wp:term":[{"taxonomy":"category","embeddable":true,"href":"https:\/\/lasentinelle.dz\/index.php\/wp-json\/wp\/v2\/categories?post=57913"},{"taxonomy":"post_tag","embeddable":true,"href":"https:\/\/lasentinelle.dz\/index.php\/wp-json\/wp\/v2\/tags?post=57913"}],"curies":[{"name":"wp","href":"https:\/\/api.w.org\/{rel}","templated":true}]}}