{"id":58020,"date":"2024-10-07T22:45:12","date_gmt":"2024-10-07T21:45:12","guid":{"rendered":"https:\/\/lasentinelle.dz\/?p=58020"},"modified":"2024-10-08T22:46:02","modified_gmt":"2024-10-08T21:46:02","slug":"annaba-faible-affluence-des-cerealiculteurs-sur-les-semences","status":"publish","type":"post","link":"https:\/\/lasentinelle.dz\/index.php\/2024\/10\/07\/annaba-faible-affluence-des-cerealiculteurs-sur-les-semences\/","title":{"rendered":"Annaba : Faible affluence des c\u00e9r\u00e9aliculteurs sur les semences !"},"content":{"rendered":"\n<p>Selon une source relevant de la CCLS d&rsquo;Annaba, les c\u00e9r\u00e9aliculteurs locaux ne se sont pas pr\u00e9sent\u00e9s pour l&rsquo;acquisition de leur quota de semences.<\/p>\n\n\n\n<p><br>Alors que la campagne labours-semailles 2024-2025, bat son plein, apr\u00e8s son coup d&rsquo;envoi amorc\u00e9, mercredi dernier, depuis une ferme priv\u00e9e \u00e0 El Karma, dans la commune d&rsquo;El Hadjar, certaines fermes n&rsquo;ont pas encore amorc\u00e9 l&rsquo;op\u00e9ration dans la wilaya d&rsquo;Annaba! Intrigant constant qui inqui\u00e8te \u00e0 plus d&rsquo;un titre, qui pourrait compromettre la production c\u00e9r\u00e9ali\u00e8re de la prochaine saison agricole. Une pr\u00e9occupation pr\u00e9sentie au niveau de la coop\u00e9rative des c\u00e9r\u00e9ales et l\u00e9gumes secs (CCLS) de la wilaya d\u2019Annaba o\u00f9, les fellahs sont loin de se bousculer au portillon. En effet, selon une source relevant de la CCLS d&rsquo;Annaba, un retard inqui\u00e9tant est enregistr\u00e9 par les agriculteurs locaux qui ne se sont pas pr\u00e9sent\u00e9s pour l&rsquo;acquisition de leur quota de semences. Selon la m\u00eame source, depuis le d\u00e9but du mois d\u2019octobre, sur un total de 1.800 agriculteurs que compte la wilaya d\u2019Annaba, seule 55 ont pris attache avec la CCLS pour r\u00e9cup\u00e9rer leurs semences. Une situation, nous dit-on, particuli\u00e8rement pr\u00e9occupante pour la production de bl\u00e9 dur et tendre qui sont des cultures strat\u00e9giques pour la s\u00e9curit\u00e9 alimentaire de la r\u00e9gion. Le manque de pr\u00e9cipitations pluviales et les probl\u00e8mes d\u2019approvisionnement en eau d\u2019irrigation ont, semblerait-il, d\u00e9courag\u00e9 de nombreux agriculteurs. Si certains agriculteurs attendent, \u00e0 priori des conditions climatiques plus favorables, probablement pour les mois de novembre ou d\u00e9cembre, pour d\u00e9marrer leurs activit\u00e9s, d&rsquo;autres pourraient s&rsquo;orienter vers les cultures mara\u00eech\u00e8res, a-t-on estim\u00e9 sous toutes r\u00e9serves. Suite \u00e0 quoi, ce retard risque d\u2019influer de mani\u00e8re n\u00e9gative sur la production c\u00e9r\u00e9ali\u00e8re et l\u00e9gumineuses de la wilaya d\u2019Annaba pour l\u2019ann\u00e9e 2025. En attendant que les professionnels de la fili\u00e8re c\u00e9r\u00e9ali\u00e8re se manifestent et r\u00e9cup\u00e8rent leurs semences, dissipant ainsi toutes les appr\u00e9hensions, il est utile de souligner que la la CCLS d\u2019Annaba dispose d\u2019un stock de 60.000 quintaux de semences et plus de 30.000 quintaux d\u2019engrais. Pour sa part, et afin de stimuler la production, la direction des services agricoles (DSA) de la wilaya d&rsquo;Annaba&nbsp;a mis en place plusieurs mesures incitatives. Les engrais sont d\u00e9sormais subventionn\u00e9s \u00e0 50 %, tandis que les prix des semences ont \u00e9t\u00e9 fix\u00e9s \u00e0 4.000 dinars le quintal pour les lentilles et 5.000 dinars pour les pois chiches. Un nouveau programme de subventions couvre \u00e9galement les infrastructures d\u2019irrigation, notamment le forage de puits, la cr\u00e9ation de bassins de r\u00e9tention d\u2019eau et l\u2019installation de r\u00e9seaux d\u2019irrigation modernes. Sur le plan financier, les agriculteurs b\u00e9n\u00e9ficient de conditions avantageuses. Le cr\u00e9dit \u00ab R\u2019fig \u00bb, remboursable sur deux ans sans int\u00e9r\u00eats, est disponible, ainsi que de nouveaux pr\u00eats avec des \u00e9ch\u00e9ances de remboursement \u00e9tendues jusqu\u2019\u00e0 cinq ans. Ces mesures visent \u00e0 encourager les investissements dans le secteur agricole et \u00e0 moderniser les moyens de production, malgr\u00e9 les d\u00e9fis climatiques actuels. En attendant que les agriculteurs retrouvent l&rsquo;enthousiasme et la motivation de l&rsquo;ann\u00e9e \u00e9coul\u00e9e, qui a donn\u00e9 des r\u00e9coltes exceptionnelles avec des rendements de plus de 25 quintaux \u00e0 l\u2019hectare, dans une superficie qui a d\u00e9pass\u00e9 les 15.300 hectares, rien que pour la commune d\u2019Ain El Berda, il est utile de rappeler que la wilaya d&rsquo;Annaba a enregistr\u00e9, au titre de la saison agricole 2023-2024 , une r\u00e9colte de pr\u00e8s de 375.000 quintaux de r\u00e9coltes c\u00e9r\u00e9ali\u00e8res.<br>&nbsp;Sofia Chahine<\/p>\n","protected":false},"excerpt":{"rendered":"<p>Selon une source relevant de la CCLS d&rsquo;Annaba, les c\u00e9r\u00e9aliculteurs locaux ne se sont pas pr\u00e9sent\u00e9s pour l&rsquo;acquisition de leur<\/p>\n","protected":false},"author":6,"featured_media":58021,"comment_status":"open","ping_status":"closed","sticky":false,"template":"","format":"standard","meta":{"colormag_page_container_layout":"default_layout","colormag_page_sidebar_layout":"default_layout","om_disable_all_campaigns":false,"_monsterinsights_skip_tracking":false,"_monsterinsights_sitenote_active":false,"_monsterinsights_sitenote_note":"","_monsterinsights_sitenote_category":0,"footnotes":"","_wpscppro_dont_share_socialmedia":false,"_wpscppro_custom_social_share_image":0,"_facebook_share_type":"default","_twitter_share_type":"default","_linkedin_share_type":"default","_pinterest_share_type":"default","_linkedin_share_type_page":"","_instagram_share_type":"default","_medium_share_type":"default","_threads_share_type":"","_google_business_share_type":"","_selected_social_profile":[],"_wpsp_enable_custom_social_template":false,"_wpsp_social_scheduling":{"enabled":false,"datetime":null,"platforms":[],"status":"template_only","dateOption":"today","timeOption":"now","customDays":"","customHours":"","customDate":"","customTime":"","schedulingType":"absolute"},"_wpsp_active_default_template":true},"categories":[31],"tags":[],"class_list":["post-58020","post","type-post","status-publish","format-standard","has-post-thumbnail","hentry","category-regions"],"aioseo_notices":[],"yoast_head":"<!-- This site is optimized with the Yoast SEO plugin v27.5 - https:\/\/yoast.com\/product\/yoast-seo-wordpress\/ -->\n<title>Annaba : Faible affluence des c\u00e9r\u00e9aliculteurs sur les semences ! - La Sentinelle<\/title>\n<meta name=\"robots\" content=\"index, follow, max-snippet:-1, max-image-preview:large, max-video-preview:-1\" \/>\n<link rel=\"canonical\" href=\"https:\/\/lasentinelle.dz\/index.php\/2024\/10\/07\/annaba-faible-affluence-des-cerealiculteurs-sur-les-semences\/\" \/>\n<meta property=\"og:locale\" content=\"fr_FR\" \/>\n<meta property=\"og:type\" content=\"article\" \/>\n<meta property=\"og:title\" content=\"Annaba : Faible affluence des c\u00e9r\u00e9aliculteurs sur les semences ! - La Sentinelle\" \/>\n<meta property=\"og:description\" content=\"Selon une source relevant de la CCLS d&rsquo;Annaba, les c\u00e9r\u00e9aliculteurs locaux ne se sont pas pr\u00e9sent\u00e9s pour l&rsquo;acquisition de leur\" \/>\n<meta property=\"og:url\" content=\"https:\/\/lasentinelle.dz\/index.php\/2024\/10\/07\/annaba-faible-affluence-des-cerealiculteurs-sur-les-semences\/\" \/>\n<meta property=\"og:site_name\" content=\"La Sentinelle\" \/>\n<meta property=\"article:publisher\" content=\"https:\/\/www.facebook.com\/La-Sentinelle-104059864394773\" \/>\n<meta property=\"article:published_time\" content=\"2024-10-07T21:45:12+00:00\" \/>\n<meta property=\"article:modified_time\" content=\"2024-10-08T21:46:02+00:00\" \/>\n<meta property=\"og:image\" content=\"https:\/\/lasentinelle.dz\/wp-content\/uploads\/2024\/10\/semailles.jpg\" \/>\n\t<meta property=\"og:image:width\" content=\"1000\" \/>\n\t<meta property=\"og:image:height\" content=\"750\" \/>\n\t<meta property=\"og:image:type\" content=\"image\/jpeg\" \/>\n<meta name=\"author\" content=\"admin\" \/>\n<meta name=\"twitter:card\" content=\"summary_large_image\" \/>\n<meta name=\"twitter:label1\" content=\"\u00c9crit par\" \/>\n\t<meta name=\"twitter:data1\" content=\"admin\" \/>\n\t<meta name=\"twitter:label2\" content=\"Dur\u00e9e de lecture estim\u00e9e\" \/>\n\t<meta name=\"twitter:data2\" content=\"3 minutes\" \/>\n<script type=\"application\/ld+json\" class=\"yoast-schema-graph\">{\"@context\":\"https:\\\/\\\/schema.org\",\"@graph\":[{\"@type\":\"Article\",\"@id\":\"https:\\\/\\\/lasentinelle.dz\\\/index.php\\\/2024\\\/10\\\/07\\\/annaba-faible-affluence-des-cerealiculteurs-sur-les-semences\\\/#article\",\"isPartOf\":{\"@id\":\"https:\\\/\\\/lasentinelle.dz\\\/index.php\\\/2024\\\/10\\\/07\\\/annaba-faible-affluence-des-cerealiculteurs-sur-les-semences\\\/\"},\"author\":{\"name\":\"admin\",\"@id\":\"https:\\\/\\\/lasentinelle.dz\\\/#\\\/schema\\\/person\\\/729ee0024f24e0b8c5ec17232f8e8b41\"},\"headline\":\"Annaba : Faible affluence des c\u00e9r\u00e9aliculteurs sur les semences !\",\"datePublished\":\"2024-10-07T21:45:12+00:00\",\"dateModified\":\"2024-10-08T21:46:02+00:00\",\"mainEntityOfPage\":{\"@id\":\"https:\\\/\\\/lasentinelle.dz\\\/index.php\\\/2024\\\/10\\\/07\\\/annaba-faible-affluence-des-cerealiculteurs-sur-les-semences\\\/\"},\"wordCount\":641,\"commentCount\":0,\"publisher\":{\"@id\":\"https:\\\/\\\/lasentinelle.dz\\\/#organization\"},\"image\":{\"@id\":\"https:\\\/\\\/lasentinelle.dz\\\/index.php\\\/2024\\\/10\\\/07\\\/annaba-faible-affluence-des-cerealiculteurs-sur-les-semences\\\/#primaryimage\"},\"thumbnailUrl\":\"https:\\\/\\\/lasentinelle.dz\\\/wp-content\\\/uploads\\\/2024\\\/10\\\/semailles.jpg\",\"articleSection\":[\"R\u00e9gions\"],\"inLanguage\":\"fr-FR\",\"potentialAction\":[{\"@type\":\"CommentAction\",\"name\":\"Comment\",\"target\":[\"https:\\\/\\\/lasentinelle.dz\\\/index.php\\\/2024\\\/10\\\/07\\\/annaba-faible-affluence-des-cerealiculteurs-sur-les-semences\\\/#respond\"]}]},{\"@type\":\"WebPage\",\"@id\":\"https:\\\/\\\/lasentinelle.dz\\\/index.php\\\/2024\\\/10\\\/07\\\/annaba-faible-affluence-des-cerealiculteurs-sur-les-semences\\\/\",\"url\":\"https:\\\/\\\/lasentinelle.dz\\\/index.php\\\/2024\\\/10\\\/07\\\/annaba-faible-affluence-des-cerealiculteurs-sur-les-semences\\\/\",\"name\":\"Annaba : Faible affluence des c\u00e9r\u00e9aliculteurs sur les semences ! - La Sentinelle\",\"isPartOf\":{\"@id\":\"https:\\\/\\\/lasentinelle.dz\\\/#website\"},\"primaryImageOfPage\":{\"@id\":\"https:\\\/\\\/lasentinelle.dz\\\/index.php\\\/2024\\\/10\\\/07\\\/annaba-faible-affluence-des-cerealiculteurs-sur-les-semences\\\/#primaryimage\"},\"image\":{\"@id\":\"https:\\\/\\\/lasentinelle.dz\\\/index.php\\\/2024\\\/10\\\/07\\\/annaba-faible-affluence-des-cerealiculteurs-sur-les-semences\\\/#primaryimage\"},\"thumbnailUrl\":\"https:\\\/\\\/lasentinelle.dz\\\/wp-content\\\/uploads\\\/2024\\\/10\\\/semailles.jpg\",\"datePublished\":\"2024-10-07T21:45:12+00:00\",\"dateModified\":\"2024-10-08T21:46:02+00:00\",\"breadcrumb\":{\"@id\":\"https:\\\/\\\/lasentinelle.dz\\\/index.php\\\/2024\\\/10\\\/07\\\/annaba-faible-affluence-des-cerealiculteurs-sur-les-semences\\\/#breadcrumb\"},\"inLanguage\":\"fr-FR\",\"potentialAction\":[{\"@type\":\"ReadAction\",\"target\":[\"https:\\\/\\\/lasentinelle.dz\\\/index.php\\\/2024\\\/10\\\/07\\\/annaba-faible-affluence-des-cerealiculteurs-sur-les-semences\\\/\"]}]},{\"@type\":\"ImageObject\",\"inLanguage\":\"fr-FR\",\"@id\":\"https:\\\/\\\/lasentinelle.dz\\\/index.php\\\/2024\\\/10\\\/07\\\/annaba-faible-affluence-des-cerealiculteurs-sur-les-semences\\\/#primaryimage\",\"url\":\"https:\\\/\\\/lasentinelle.dz\\\/wp-content\\\/uploads\\\/2024\\\/10\\\/semailles.jpg\",\"contentUrl\":\"https:\\\/\\\/lasentinelle.dz\\\/wp-content\\\/uploads\\\/2024\\\/10\\\/semailles.jpg\",\"width\":1000,\"height\":750},{\"@type\":\"BreadcrumbList\",\"@id\":\"https:\\\/\\\/lasentinelle.dz\\\/index.php\\\/2024\\\/10\\\/07\\\/annaba-faible-affluence-des-cerealiculteurs-sur-les-semences\\\/#breadcrumb\",\"itemListElement\":[{\"@type\":\"ListItem\",\"position\":1,\"name\":\"Accueil\",\"item\":\"https:\\\/\\\/lasentinelle.dz\\\/\"},{\"@type\":\"ListItem\",\"position\":2,\"name\":\"Annaba : Faible affluence des c\u00e9r\u00e9aliculteurs sur les semences !\"}]},{\"@type\":\"WebSite\",\"@id\":\"https:\\\/\\\/lasentinelle.dz\\\/#website\",\"url\":\"https:\\\/\\\/lasentinelle.dz\\\/\",\"name\":\"La Sentinelle\",\"description\":\"Quotidien national d&#039;information\",\"publisher\":{\"@id\":\"https:\\\/\\\/lasentinelle.dz\\\/#organization\"},\"potentialAction\":[{\"@type\":\"SearchAction\",\"target\":{\"@type\":\"EntryPoint\",\"urlTemplate\":\"https:\\\/\\\/lasentinelle.dz\\\/?s={search_term_string}\"},\"query-input\":{\"@type\":\"PropertyValueSpecification\",\"valueRequired\":true,\"valueName\":\"search_term_string\"}}],\"inLanguage\":\"fr-FR\"},{\"@type\":\"Organization\",\"@id\":\"https:\\\/\\\/lasentinelle.dz\\\/#organization\",\"name\":\"Quotidien La Sentinelle\",\"url\":\"https:\\\/\\\/lasentinelle.dz\\\/\",\"logo\":{\"@type\":\"ImageObject\",\"inLanguage\":\"fr-FR\",\"@id\":\"https:\\\/\\\/lasentinelle.dz\\\/#\\\/schema\\\/logo\\\/image\\\/\",\"url\":\"https:\\\/\\\/lasentinelle.dz\\\/wp-content\\\/uploads\\\/2021\\\/09\\\/logo-sentinelleSLOGAN-1.png\",\"contentUrl\":\"https:\\\/\\\/lasentinelle.dz\\\/wp-content\\\/uploads\\\/2021\\\/09\\\/logo-sentinelleSLOGAN-1.png\",\"width\":615,\"height\":142,\"caption\":\"Quotidien La Sentinelle\"},\"image\":{\"@id\":\"https:\\\/\\\/lasentinelle.dz\\\/#\\\/schema\\\/logo\\\/image\\\/\"},\"sameAs\":[\"https:\\\/\\\/www.facebook.com\\\/La-Sentinelle-104059864394773\"]},{\"@type\":\"Person\",\"@id\":\"https:\\\/\\\/lasentinelle.dz\\\/#\\\/schema\\\/person\\\/729ee0024f24e0b8c5ec17232f8e8b41\",\"name\":\"admin\",\"image\":{\"@type\":\"ImageObject\",\"inLanguage\":\"fr-FR\",\"@id\":\"https:\\\/\\\/secure.gravatar.com\\\/avatar\\\/4c81fed838786e9b53f540bf46533e750f5d292099ae3b66cfc6fb1982e29df7?s=96&d=mm&r=g\",\"url\":\"https:\\\/\\\/secure.gravatar.com\\\/avatar\\\/4c81fed838786e9b53f540bf46533e750f5d292099ae3b66cfc6fb1982e29df7?s=96&d=mm&r=g\",\"contentUrl\":\"https:\\\/\\\/secure.gravatar.com\\\/avatar\\\/4c81fed838786e9b53f540bf46533e750f5d292099ae3b66cfc6fb1982e29df7?s=96&d=mm&r=g\",\"caption\":\"admin\"},\"description\":\"admin\",\"url\":\"https:\\\/\\\/lasentinelle.dz\\\/author\\\/admin\\\/\"}]}<\/script>\n<!-- \/ Yoast SEO plugin. -->","yoast_head_json":{"title":"Annaba : Faible affluence des c\u00e9r\u00e9aliculteurs sur les semences ! - La Sentinelle","robots":{"index":"index","follow":"follow","max-snippet":"max-snippet:-1","max-image-preview":"max-image-preview:large","max-video-preview":"max-video-preview:-1"},"canonical":"https:\/\/lasentinelle.dz\/index.php\/2024\/10\/07\/annaba-faible-affluence-des-cerealiculteurs-sur-les-semences\/","og_locale":"fr_FR","og_type":"article","og_title":"Annaba : Faible affluence des c\u00e9r\u00e9aliculteurs sur les semences ! - La Sentinelle","og_description":"Selon une source relevant de la CCLS d&rsquo;Annaba, les c\u00e9r\u00e9aliculteurs locaux ne se sont pas pr\u00e9sent\u00e9s pour l&rsquo;acquisition de leur","og_url":"https:\/\/lasentinelle.dz\/index.php\/2024\/10\/07\/annaba-faible-affluence-des-cerealiculteurs-sur-les-semences\/","og_site_name":"La Sentinelle","article_publisher":"https:\/\/www.facebook.com\/La-Sentinelle-104059864394773","article_published_time":"2024-10-07T21:45:12+00:00","article_modified_time":"2024-10-08T21:46:02+00:00","og_image":[{"width":1000,"height":750,"url":"https:\/\/lasentinelle.dz\/wp-content\/uploads\/2024\/10\/semailles.jpg","type":"image\/jpeg"}],"author":"admin","twitter_card":"summary_large_image","twitter_misc":{"\u00c9crit par":"admin","Dur\u00e9e de lecture estim\u00e9e":"3 minutes"},"schema":{"@context":"https:\/\/schema.org","@graph":[{"@type":"Article","@id":"https:\/\/lasentinelle.dz\/index.php\/2024\/10\/07\/annaba-faible-affluence-des-cerealiculteurs-sur-les-semences\/#article","isPartOf":{"@id":"https:\/\/lasentinelle.dz\/index.php\/2024\/10\/07\/annaba-faible-affluence-des-cerealiculteurs-sur-les-semences\/"},"author":{"name":"admin","@id":"https:\/\/lasentinelle.dz\/#\/schema\/person\/729ee0024f24e0b8c5ec17232f8e8b41"},"headline":"Annaba : Faible affluence des c\u00e9r\u00e9aliculteurs sur les semences !","datePublished":"2024-10-07T21:45:12+00:00","dateModified":"2024-10-08T21:46:02+00:00","mainEntityOfPage":{"@id":"https:\/\/lasentinelle.dz\/index.php\/2024\/10\/07\/annaba-faible-affluence-des-cerealiculteurs-sur-les-semences\/"},"wordCount":641,"commentCount":0,"publisher":{"@id":"https:\/\/lasentinelle.dz\/#organization"},"image":{"@id":"https:\/\/lasentinelle.dz\/index.php\/2024\/10\/07\/annaba-faible-affluence-des-cerealiculteurs-sur-les-semences\/#primaryimage"},"thumbnailUrl":"https:\/\/lasentinelle.dz\/wp-content\/uploads\/2024\/10\/semailles.jpg","articleSection":["R\u00e9gions"],"inLanguage":"fr-FR","potentialAction":[{"@type":"CommentAction","name":"Comment","target":["https:\/\/lasentinelle.dz\/index.php\/2024\/10\/07\/annaba-faible-affluence-des-cerealiculteurs-sur-les-semences\/#respond"]}]},{"@type":"WebPage","@id":"https:\/\/lasentinelle.dz\/index.php\/2024\/10\/07\/annaba-faible-affluence-des-cerealiculteurs-sur-les-semences\/","url":"https:\/\/lasentinelle.dz\/index.php\/2024\/10\/07\/annaba-faible-affluence-des-cerealiculteurs-sur-les-semences\/","name":"Annaba : Faible affluence des c\u00e9r\u00e9aliculteurs sur les semences ! - La Sentinelle","isPartOf":{"@id":"https:\/\/lasentinelle.dz\/#website"},"primaryImageOfPage":{"@id":"https:\/\/lasentinelle.dz\/index.php\/2024\/10\/07\/annaba-faible-affluence-des-cerealiculteurs-sur-les-semences\/#primaryimage"},"image":{"@id":"https:\/\/lasentinelle.dz\/index.php\/2024\/10\/07\/annaba-faible-affluence-des-cerealiculteurs-sur-les-semences\/#primaryimage"},"thumbnailUrl":"https:\/\/lasentinelle.dz\/wp-content\/uploads\/2024\/10\/semailles.jpg","datePublished":"2024-10-07T21:45:12+00:00","dateModified":"2024-10-08T21:46:02+00:00","breadcrumb":{"@id":"https:\/\/lasentinelle.dz\/index.php\/2024\/10\/07\/annaba-faible-affluence-des-cerealiculteurs-sur-les-semences\/#breadcrumb"},"inLanguage":"fr-FR","potentialAction":[{"@type":"ReadAction","target":["https:\/\/lasentinelle.dz\/index.php\/2024\/10\/07\/annaba-faible-affluence-des-cerealiculteurs-sur-les-semences\/"]}]},{"@type":"ImageObject","inLanguage":"fr-FR","@id":"https:\/\/lasentinelle.dz\/index.php\/2024\/10\/07\/annaba-faible-affluence-des-cerealiculteurs-sur-les-semences\/#primaryimage","url":"https:\/\/lasentinelle.dz\/wp-content\/uploads\/2024\/10\/semailles.jpg","contentUrl":"https:\/\/lasentinelle.dz\/wp-content\/uploads\/2024\/10\/semailles.jpg","width":1000,"height":750},{"@type":"BreadcrumbList","@id":"https:\/\/lasentinelle.dz\/index.php\/2024\/10\/07\/annaba-faible-affluence-des-cerealiculteurs-sur-les-semences\/#breadcrumb","itemListElement":[{"@type":"ListItem","position":1,"name":"Accueil","item":"https:\/\/lasentinelle.dz\/"},{"@type":"ListItem","position":2,"name":"Annaba : Faible affluence des c\u00e9r\u00e9aliculteurs sur les semences !"}]},{"@type":"WebSite","@id":"https:\/\/lasentinelle.dz\/#website","url":"https:\/\/lasentinelle.dz\/","name":"La Sentinelle","description":"Quotidien national d&#039;information","publisher":{"@id":"https:\/\/lasentinelle.dz\/#organization"},"potentialAction":[{"@type":"SearchAction","target":{"@type":"EntryPoint","urlTemplate":"https:\/\/lasentinelle.dz\/?s={search_term_string}"},"query-input":{"@type":"PropertyValueSpecification","valueRequired":true,"valueName":"search_term_string"}}],"inLanguage":"fr-FR"},{"@type":"Organization","@id":"https:\/\/lasentinelle.dz\/#organization","name":"Quotidien La Sentinelle","url":"https:\/\/lasentinelle.dz\/","logo":{"@type":"ImageObject","inLanguage":"fr-FR","@id":"https:\/\/lasentinelle.dz\/#\/schema\/logo\/image\/","url":"https:\/\/lasentinelle.dz\/wp-content\/uploads\/2021\/09\/logo-sentinelleSLOGAN-1.png","contentUrl":"https:\/\/lasentinelle.dz\/wp-content\/uploads\/2021\/09\/logo-sentinelleSLOGAN-1.png","width":615,"height":142,"caption":"Quotidien La Sentinelle"},"image":{"@id":"https:\/\/lasentinelle.dz\/#\/schema\/logo\/image\/"},"sameAs":["https:\/\/www.facebook.com\/La-Sentinelle-104059864394773"]},{"@type":"Person","@id":"https:\/\/lasentinelle.dz\/#\/schema\/person\/729ee0024f24e0b8c5ec17232f8e8b41","name":"admin","image":{"@type":"ImageObject","inLanguage":"fr-FR","@id":"https:\/\/secure.gravatar.com\/avatar\/4c81fed838786e9b53f540bf46533e750f5d292099ae3b66cfc6fb1982e29df7?s=96&d=mm&r=g","url":"https:\/\/secure.gravatar.com\/avatar\/4c81fed838786e9b53f540bf46533e750f5d292099ae3b66cfc6fb1982e29df7?s=96&d=mm&r=g","contentUrl":"https:\/\/secure.gravatar.com\/avatar\/4c81fed838786e9b53f540bf46533e750f5d292099ae3b66cfc6fb1982e29df7?s=96&d=mm&r=g","caption":"admin"},"description":"admin","url":"https:\/\/lasentinelle.dz\/author\/admin\/"}]}},"_links":{"self":[{"href":"https:\/\/lasentinelle.dz\/index.php\/wp-json\/wp\/v2\/posts\/58020","targetHints":{"allow":["GET"]}}],"collection":[{"href":"https:\/\/lasentinelle.dz\/index.php\/wp-json\/wp\/v2\/posts"}],"about":[{"href":"https:\/\/lasentinelle.dz\/index.php\/wp-json\/wp\/v2\/types\/post"}],"author":[{"embeddable":true,"href":"https:\/\/lasentinelle.dz\/index.php\/wp-json\/wp\/v2\/users\/6"}],"replies":[{"embeddable":true,"href":"https:\/\/lasentinelle.dz\/index.php\/wp-json\/wp\/v2\/comments?post=58020"}],"version-history":[{"count":1,"href":"https:\/\/lasentinelle.dz\/index.php\/wp-json\/wp\/v2\/posts\/58020\/revisions"}],"predecessor-version":[{"id":58022,"href":"https:\/\/lasentinelle.dz\/index.php\/wp-json\/wp\/v2\/posts\/58020\/revisions\/58022"}],"wp:featuredmedia":[{"embeddable":true,"href":"https:\/\/lasentinelle.dz\/index.php\/wp-json\/wp\/v2\/media\/58021"}],"wp:attachment":[{"href":"https:\/\/lasentinelle.dz\/index.php\/wp-json\/wp\/v2\/media?parent=58020"}],"wp:term":[{"taxonomy":"category","embeddable":true,"href":"https:\/\/lasentinelle.dz\/index.php\/wp-json\/wp\/v2\/categories?post=58020"},{"taxonomy":"post_tag","embeddable":true,"href":"https:\/\/lasentinelle.dz\/index.php\/wp-json\/wp\/v2\/tags?post=58020"}],"curies":[{"name":"wp","href":"https:\/\/api.w.org\/{rel}","templated":true}]}}