{"id":58023,"date":"2024-10-07T22:46:26","date_gmt":"2024-10-07T21:46:26","guid":{"rendered":"https:\/\/lasentinelle.dz\/?p=58023"},"modified":"2024-10-08T22:47:33","modified_gmt":"2024-10-08T21:47:33","slug":"trois-projets-miniers-au-coeur-de-la-diversification-economique","status":"publish","type":"post","link":"https:\/\/lasentinelle.dz\/index.php\/2024\/10\/07\/trois-projets-miniers-au-coeur-de-la-diversification-economique\/","title":{"rendered":"Trois projets miniers au c\u0153ur de la diversification \u00e9conomique"},"content":{"rendered":"\n<p>Dans une d\u00e9marche visant \u00e0 renforcer et diversifier l&rsquo;\u00e9conomie nationale, le pr\u00e9sident &nbsp;de la R\u00e9publique, Abdelmadjid Tebboune, a ordonn\u00e9 au cours de la r\u00e9union du Conseil des ministres tenue dimanche, &nbsp;l&rsquo;acc\u00e9l\u00e9ration de trois m\u00e9gaprojets miniers strat\u00e9giques. Les projets prioritaires de d\u00e9veloppement de la mine de fer de Gara Djebilet, la mine de zinc et de plomb d&rsquo;Oued Amizour, et la mine de phosphate de Bled El Hadba sont appel\u00e9s \u00e0 jouer un r\u00f4le crucial dans la transformation \u00e9conomique du pays et le d\u00e9veloppement local des r\u00e9gions concern\u00e9es. Le Pr\u00e9sident Tebboune a insist\u00e9 sur la n\u00e9cessit\u00e9 de r\u00e9aliser ces projets \u00ab\u00a0\u00e0 la vitesse maximale\u00a0\u00bb, soulignant leur \u00ab\u00a0impact majeur\u00a0\u00bb sur l&rsquo;\u00e9conomie nationale. Ces m\u00e9gaprojets miniers s&rsquo;inscrivent au c\u0153ur de la strat\u00e9gie de diversification \u00e9conomique, visant \u00e0 r\u00e9duire la d\u00e9pendance du pays aux hydrocarbures. Ils sont consid\u00e9r\u00e9s comme de v\u00e9ritables locomotives du d\u00e9veloppement local, promettant la cr\u00e9ation de milliers d&#8217;emplois directs et indirects, le d\u00e9veloppement d&rsquo;activit\u00e9s industrielles connexes, et l&rsquo;expansion du r\u00e9seau de transport ferroviaire.<\/p>\n\n\n\n<p>Le projet de la mine de fer de Gara Djebilet, situ\u00e9e dans la wilaya de Tindouf, est particuli\u00e8rement ambitieux. Avec des r\u00e9serves estim\u00e9es \u00e0 pr\u00e8s de 3,5 milliards de tonnes, elle est l&rsquo;une des plus grandes mines de fer au monde. La mise en exploitation du gisement a d\u00e9but\u00e9 en juillet 2022, suivie par le lancement d&rsquo;une usine de traitement primaire du minerai en d\u00e9cembre 2023. Dans sa premi\u00e8re phase (2022-2025), le site devrait produire entre 2 et 3 millions de tonnes par an. Pour soutenir ce projet, une nouvelle ligne ferroviaire de 950 km reliant Bechar, Tindouf et Gara Djebilet est en cours de construction. Ce d\u00e9veloppement infrastructurel majeur devrait contribuer \u00e0 la cr\u00e9ation de 15 000 \u00e0 20 000 emplois directs et indirects, renfor\u00e7ant ainsi l&rsquo;impact \u00e9conomique du projet sur la r\u00e9gion. Le projet int\u00e9gr\u00e9 de phosphate (PPI) de Bled El-Hadba, dans la wilaya de T\u00e9bessa, est tout aussi impressionnant. Avec une production annuelle pr\u00e9visionnelle de plus de 6 millions de tonnes de produits phosphat\u00e9s, ce projet vise \u00e0 positionner l&rsquo;Alg\u00e9rie parmi les principaux pays exportateurs d&rsquo;engrais et de fertilisants. Une nouvelle ligne ferroviaire, actuellement en phase avanc\u00e9e de construction, reliera la mine aux usines de traitement et de transformation, permettant le transport de plus de 10 millions de tonnes de phosphate par an. Les retomb\u00e9es \u00e9conomiques du projet de Bled El-Hadba sont consid\u00e9rables. On estime qu&rsquo;il pourrait g\u00e9n\u00e9rer des revenus annuels de 2 milliards de dollars et cr\u00e9er environ 14 000 emplois. Au-del\u00e0 de ces chiffres, le projet devrait stimuler et diversifier les activit\u00e9s \u00e9conomiques tant au niveau local que national. Le troisi\u00e8me m\u00e9gaprojet concerne l&rsquo;exploitation du gisement de zinc et de plomb \u00e0 Oued Amizour, dans la wilaya de B\u00e9ja\u00efa. Avec un potentiel minier exploitable estim\u00e9 \u00e0 34 millions de tonnes et une production annuelle pr\u00e9vue de 170 000 tonnes de concentr\u00e9 de zinc, ce site est \u00e9galement consid\u00e9r\u00e9 comme d&rsquo;envergure mondiale. Le projet devrait cr\u00e9er pr\u00e8s de 786 emplois directs et plus de 4 000 emplois indirects, avec un chiffre d&rsquo;affaires pr\u00e9visionnel de 215 millions de dollars. Apr\u00e8s 17 ans d&rsquo;attente, ce projet a enfin vu le jour avec le lancement de l&rsquo;usine de traitement du zinc et du plomb en novembre 2023, marquant le d\u00e9but concret de ce m\u00e9gaprojet minier. Le pr\u00e9sident Tebboune a \u00e9galement insist\u00e9 sur l&rsquo;importance de choisir des sites appropri\u00e9s pour les unit\u00e9s d&rsquo;\u00e9puration et de traitement, en les rapprochant des points d&rsquo;eau, des sources d&rsquo;\u00e9nergie et des voies ferr\u00e9es. Cette approche int\u00e9gr\u00e9e vise \u00e0 optimiser l&rsquo;efficacit\u00e9 op\u00e9rationnelle et \u00e0 minimiser l&rsquo;impact environnemental des projets. L&rsquo;ambition mini\u00e8re du pr\u00e9sident Tebboune s&rsquo;inscrit dans une vision plus large de transformation et de modernisation de l&rsquo;\u00e9conomie nationale. En misant sur ces trois m\u00e9gaprojets miniers, l&rsquo;Alg\u00e9rie cherche non seulement \u00e0 valoriser ses ressources naturelles, mais aussi \u00e0 cr\u00e9er une dynamique de d\u00e9veloppement industriel et \u00e9conomique \u00e0 long terme.<\/p>\n\n\n\n<p>Ces projets repr\u00e9sentent un tournant majeur pour l&rsquo;industrie mini\u00e8re alg\u00e9rienne et pourraient significativement renforcer la position du pays sur la sc\u00e8ne internationale. Ils offrent \u00e9galement l&rsquo;opportunit\u00e9 de d\u00e9velopper une expertise locale dans des secteurs de pointe, contribuant ainsi \u00e0 la formation d&rsquo;une main-d&rsquo;\u0153uvre qualifi\u00e9e et \u00e0 l&rsquo;\u00e9mergence d&rsquo;une industrie mini\u00e8re moderne et comp\u00e9titive.<\/p>\n\n\n\n<p>Chokri Hafed<\/p>\n","protected":false},"excerpt":{"rendered":"<p>Dans une d\u00e9marche visant \u00e0 renforcer et diversifier l&rsquo;\u00e9conomie nationale, le pr\u00e9sident &nbsp;de la R\u00e9publique, Abdelmadjid Tebboune, a ordonn\u00e9 au<\/p>\n","protected":false},"author":2,"featured_media":43039,"comment_status":"open","ping_status":"closed","sticky":false,"template":"","format":"standard","meta":{"colormag_page_container_layout":"default_layout","colormag_page_sidebar_layout":"default_layout","om_disable_all_campaigns":false,"_monsterinsights_skip_tracking":false,"_monsterinsights_sitenote_active":false,"_monsterinsights_sitenote_note":"","_monsterinsights_sitenote_category":0,"footnotes":"","_wpscppro_dont_share_socialmedia":false,"_wpscppro_custom_social_share_image":0,"_facebook_share_type":"default","_twitter_share_type":"default","_linkedin_share_type":"default","_pinterest_share_type":"default","_linkedin_share_type_page":"","_instagram_share_type":"default","_medium_share_type":"default","_threads_share_type":"","_google_business_share_type":"","_selected_social_profile":[],"_wpsp_enable_custom_social_template":false,"_wpsp_social_scheduling":{"enabled":false,"datetime":null,"platforms":[],"status":"template_only","dateOption":"today","timeOption":"now","customDays":"","customHours":"","customDate":"","customTime":"","schedulingType":"absolute"},"_wpsp_active_default_template":true},"categories":[29],"tags":[],"class_list":["post-58023","post","type-post","status-publish","format-standard","has-post-thumbnail","hentry","category-economie"],"aioseo_notices":[],"yoast_head":"<!-- This site is optimized with the Yoast SEO plugin v27.5 - https:\/\/yoast.com\/product\/yoast-seo-wordpress\/ -->\n<title>Trois projets miniers au c\u0153ur de la diversification \u00e9conomique - La Sentinelle<\/title>\n<meta name=\"robots\" content=\"index, follow, max-snippet:-1, max-image-preview:large, max-video-preview:-1\" \/>\n<link rel=\"canonical\" href=\"https:\/\/lasentinelle.dz\/index.php\/2024\/10\/07\/trois-projets-miniers-au-coeur-de-la-diversification-economique\/\" \/>\n<meta property=\"og:locale\" content=\"fr_FR\" \/>\n<meta property=\"og:type\" content=\"article\" \/>\n<meta property=\"og:title\" content=\"Trois projets miniers au c\u0153ur de la diversification \u00e9conomique - La Sentinelle\" \/>\n<meta property=\"og:description\" content=\"Dans une d\u00e9marche visant \u00e0 renforcer et diversifier l&rsquo;\u00e9conomie nationale, le pr\u00e9sident &nbsp;de la R\u00e9publique, Abdelmadjid Tebboune, a ordonn\u00e9 au\" \/>\n<meta property=\"og:url\" content=\"https:\/\/lasentinelle.dz\/index.php\/2024\/10\/07\/trois-projets-miniers-au-coeur-de-la-diversification-economique\/\" \/>\n<meta property=\"og:site_name\" content=\"La Sentinelle\" \/>\n<meta property=\"article:publisher\" content=\"https:\/\/www.facebook.com\/La-Sentinelle-104059864394773\" \/>\n<meta property=\"article:published_time\" content=\"2024-10-07T21:46:26+00:00\" \/>\n<meta property=\"article:modified_time\" content=\"2024-10-08T21:47:33+00:00\" \/>\n<meta property=\"og:image\" content=\"https:\/\/lasentinelle.dz\/wp-content\/uploads\/2023\/06\/Ghar-Djebilet.jpeg\" \/>\n\t<meta property=\"og:image:width\" content=\"960\" \/>\n\t<meta property=\"og:image:height\" content=\"540\" \/>\n\t<meta property=\"og:image:type\" content=\"image\/jpeg\" \/>\n<meta name=\"author\" content=\"Azzedine Belferag\" \/>\n<meta name=\"twitter:card\" content=\"summary_large_image\" \/>\n<meta name=\"twitter:label1\" content=\"\u00c9crit par\" \/>\n\t<meta name=\"twitter:data1\" content=\"Azzedine Belferag\" \/>\n\t<meta name=\"twitter:label2\" content=\"Dur\u00e9e de lecture estim\u00e9e\" \/>\n\t<meta name=\"twitter:data2\" content=\"4 minutes\" \/>\n<script type=\"application\/ld+json\" class=\"yoast-schema-graph\">{\"@context\":\"https:\\\/\\\/schema.org\",\"@graph\":[{\"@type\":\"Article\",\"@id\":\"https:\\\/\\\/lasentinelle.dz\\\/index.php\\\/2024\\\/10\\\/07\\\/trois-projets-miniers-au-coeur-de-la-diversification-economique\\\/#article\",\"isPartOf\":{\"@id\":\"https:\\\/\\\/lasentinelle.dz\\\/index.php\\\/2024\\\/10\\\/07\\\/trois-projets-miniers-au-coeur-de-la-diversification-economique\\\/\"},\"author\":{\"name\":\"Azzedine Belferag\",\"@id\":\"https:\\\/\\\/lasentinelle.dz\\\/#\\\/schema\\\/person\\\/e22c868643946ece5f328ac9d185b29f\"},\"headline\":\"Trois projets miniers au c\u0153ur de la diversification \u00e9conomique\",\"datePublished\":\"2024-10-07T21:46:26+00:00\",\"dateModified\":\"2024-10-08T21:47:33+00:00\",\"mainEntityOfPage\":{\"@id\":\"https:\\\/\\\/lasentinelle.dz\\\/index.php\\\/2024\\\/10\\\/07\\\/trois-projets-miniers-au-coeur-de-la-diversification-economique\\\/\"},\"wordCount\":783,\"commentCount\":0,\"publisher\":{\"@id\":\"https:\\\/\\\/lasentinelle.dz\\\/#organization\"},\"image\":{\"@id\":\"https:\\\/\\\/lasentinelle.dz\\\/index.php\\\/2024\\\/10\\\/07\\\/trois-projets-miniers-au-coeur-de-la-diversification-economique\\\/#primaryimage\"},\"thumbnailUrl\":\"https:\\\/\\\/lasentinelle.dz\\\/wp-content\\\/uploads\\\/2023\\\/06\\\/Ghar-Djebilet.jpeg\",\"articleSection\":[\"\u00c9conomie\"],\"inLanguage\":\"fr-FR\",\"potentialAction\":[{\"@type\":\"CommentAction\",\"name\":\"Comment\",\"target\":[\"https:\\\/\\\/lasentinelle.dz\\\/index.php\\\/2024\\\/10\\\/07\\\/trois-projets-miniers-au-coeur-de-la-diversification-economique\\\/#respond\"]}]},{\"@type\":\"WebPage\",\"@id\":\"https:\\\/\\\/lasentinelle.dz\\\/index.php\\\/2024\\\/10\\\/07\\\/trois-projets-miniers-au-coeur-de-la-diversification-economique\\\/\",\"url\":\"https:\\\/\\\/lasentinelle.dz\\\/index.php\\\/2024\\\/10\\\/07\\\/trois-projets-miniers-au-coeur-de-la-diversification-economique\\\/\",\"name\":\"Trois projets miniers au c\u0153ur de la diversification \u00e9conomique - La Sentinelle\",\"isPartOf\":{\"@id\":\"https:\\\/\\\/lasentinelle.dz\\\/#website\"},\"primaryImageOfPage\":{\"@id\":\"https:\\\/\\\/lasentinelle.dz\\\/index.php\\\/2024\\\/10\\\/07\\\/trois-projets-miniers-au-coeur-de-la-diversification-economique\\\/#primaryimage\"},\"image\":{\"@id\":\"https:\\\/\\\/lasentinelle.dz\\\/index.php\\\/2024\\\/10\\\/07\\\/trois-projets-miniers-au-coeur-de-la-diversification-economique\\\/#primaryimage\"},\"thumbnailUrl\":\"https:\\\/\\\/lasentinelle.dz\\\/wp-content\\\/uploads\\\/2023\\\/06\\\/Ghar-Djebilet.jpeg\",\"datePublished\":\"2024-10-07T21:46:26+00:00\",\"dateModified\":\"2024-10-08T21:47:33+00:00\",\"breadcrumb\":{\"@id\":\"https:\\\/\\\/lasentinelle.dz\\\/index.php\\\/2024\\\/10\\\/07\\\/trois-projets-miniers-au-coeur-de-la-diversification-economique\\\/#breadcrumb\"},\"inLanguage\":\"fr-FR\",\"potentialAction\":[{\"@type\":\"ReadAction\",\"target\":[\"https:\\\/\\\/lasentinelle.dz\\\/index.php\\\/2024\\\/10\\\/07\\\/trois-projets-miniers-au-coeur-de-la-diversification-economique\\\/\"]}]},{\"@type\":\"ImageObject\",\"inLanguage\":\"fr-FR\",\"@id\":\"https:\\\/\\\/lasentinelle.dz\\\/index.php\\\/2024\\\/10\\\/07\\\/trois-projets-miniers-au-coeur-de-la-diversification-economique\\\/#primaryimage\",\"url\":\"https:\\\/\\\/lasentinelle.dz\\\/wp-content\\\/uploads\\\/2023\\\/06\\\/Ghar-Djebilet.jpeg\",\"contentUrl\":\"https:\\\/\\\/lasentinelle.dz\\\/wp-content\\\/uploads\\\/2023\\\/06\\\/Ghar-Djebilet.jpeg\",\"width\":960,\"height\":540},{\"@type\":\"BreadcrumbList\",\"@id\":\"https:\\\/\\\/lasentinelle.dz\\\/index.php\\\/2024\\\/10\\\/07\\\/trois-projets-miniers-au-coeur-de-la-diversification-economique\\\/#breadcrumb\",\"itemListElement\":[{\"@type\":\"ListItem\",\"position\":1,\"name\":\"Accueil\",\"item\":\"https:\\\/\\\/lasentinelle.dz\\\/\"},{\"@type\":\"ListItem\",\"position\":2,\"name\":\"Trois projets miniers au c\u0153ur de la diversification \u00e9conomique\"}]},{\"@type\":\"WebSite\",\"@id\":\"https:\\\/\\\/lasentinelle.dz\\\/#website\",\"url\":\"https:\\\/\\\/lasentinelle.dz\\\/\",\"name\":\"La Sentinelle\",\"description\":\"Quotidien national d&#039;information\",\"publisher\":{\"@id\":\"https:\\\/\\\/lasentinelle.dz\\\/#organization\"},\"potentialAction\":[{\"@type\":\"SearchAction\",\"target\":{\"@type\":\"EntryPoint\",\"urlTemplate\":\"https:\\\/\\\/lasentinelle.dz\\\/?s={search_term_string}\"},\"query-input\":{\"@type\":\"PropertyValueSpecification\",\"valueRequired\":true,\"valueName\":\"search_term_string\"}}],\"inLanguage\":\"fr-FR\"},{\"@type\":\"Organization\",\"@id\":\"https:\\\/\\\/lasentinelle.dz\\\/#organization\",\"name\":\"Quotidien La Sentinelle\",\"url\":\"https:\\\/\\\/lasentinelle.dz\\\/\",\"logo\":{\"@type\":\"ImageObject\",\"inLanguage\":\"fr-FR\",\"@id\":\"https:\\\/\\\/lasentinelle.dz\\\/#\\\/schema\\\/logo\\\/image\\\/\",\"url\":\"https:\\\/\\\/lasentinelle.dz\\\/wp-content\\\/uploads\\\/2021\\\/09\\\/logo-sentinelleSLOGAN-1.png\",\"contentUrl\":\"https:\\\/\\\/lasentinelle.dz\\\/wp-content\\\/uploads\\\/2021\\\/09\\\/logo-sentinelleSLOGAN-1.png\",\"width\":615,\"height\":142,\"caption\":\"Quotidien La Sentinelle\"},\"image\":{\"@id\":\"https:\\\/\\\/lasentinelle.dz\\\/#\\\/schema\\\/logo\\\/image\\\/\"},\"sameAs\":[\"https:\\\/\\\/www.facebook.com\\\/La-Sentinelle-104059864394773\"]},{\"@type\":\"Person\",\"@id\":\"https:\\\/\\\/lasentinelle.dz\\\/#\\\/schema\\\/person\\\/e22c868643946ece5f328ac9d185b29f\",\"name\":\"Azzedine Belferag\",\"image\":{\"@type\":\"ImageObject\",\"inLanguage\":\"fr-FR\",\"@id\":\"https:\\\/\\\/secure.gravatar.com\\\/avatar\\\/767ecc3bfcf23cd6d0dae1705f124feb13a88fded1daa56498e4fb3aa3fc36a1?s=96&d=mm&r=g\",\"url\":\"https:\\\/\\\/secure.gravatar.com\\\/avatar\\\/767ecc3bfcf23cd6d0dae1705f124feb13a88fded1daa56498e4fb3aa3fc36a1?s=96&d=mm&r=g\",\"contentUrl\":\"https:\\\/\\\/secure.gravatar.com\\\/avatar\\\/767ecc3bfcf23cd6d0dae1705f124feb13a88fded1daa56498e4fb3aa3fc36a1?s=96&d=mm&r=g\",\"caption\":\"Azzedine Belferag\"},\"sameAs\":[\"http:\\\/\\\/www.lasentinelle.dz\"],\"url\":\"https:\\\/\\\/lasentinelle.dz\\\/author\\\/belferag\\\/\"}]}<\/script>\n<!-- \/ Yoast SEO plugin. -->","yoast_head_json":{"title":"Trois projets miniers au c\u0153ur de la diversification \u00e9conomique - La Sentinelle","robots":{"index":"index","follow":"follow","max-snippet":"max-snippet:-1","max-image-preview":"max-image-preview:large","max-video-preview":"max-video-preview:-1"},"canonical":"https:\/\/lasentinelle.dz\/index.php\/2024\/10\/07\/trois-projets-miniers-au-coeur-de-la-diversification-economique\/","og_locale":"fr_FR","og_type":"article","og_title":"Trois projets miniers au c\u0153ur de la diversification \u00e9conomique - La Sentinelle","og_description":"Dans une d\u00e9marche visant \u00e0 renforcer et diversifier l&rsquo;\u00e9conomie nationale, le pr\u00e9sident &nbsp;de la R\u00e9publique, Abdelmadjid Tebboune, a ordonn\u00e9 au","og_url":"https:\/\/lasentinelle.dz\/index.php\/2024\/10\/07\/trois-projets-miniers-au-coeur-de-la-diversification-economique\/","og_site_name":"La Sentinelle","article_publisher":"https:\/\/www.facebook.com\/La-Sentinelle-104059864394773","article_published_time":"2024-10-07T21:46:26+00:00","article_modified_time":"2024-10-08T21:47:33+00:00","og_image":[{"width":960,"height":540,"url":"https:\/\/lasentinelle.dz\/wp-content\/uploads\/2023\/06\/Ghar-Djebilet.jpeg","type":"image\/jpeg"}],"author":"Azzedine Belferag","twitter_card":"summary_large_image","twitter_misc":{"\u00c9crit par":"Azzedine Belferag","Dur\u00e9e de lecture estim\u00e9e":"4 minutes"},"schema":{"@context":"https:\/\/schema.org","@graph":[{"@type":"Article","@id":"https:\/\/lasentinelle.dz\/index.php\/2024\/10\/07\/trois-projets-miniers-au-coeur-de-la-diversification-economique\/#article","isPartOf":{"@id":"https:\/\/lasentinelle.dz\/index.php\/2024\/10\/07\/trois-projets-miniers-au-coeur-de-la-diversification-economique\/"},"author":{"name":"Azzedine Belferag","@id":"https:\/\/lasentinelle.dz\/#\/schema\/person\/e22c868643946ece5f328ac9d185b29f"},"headline":"Trois projets miniers au c\u0153ur de la diversification \u00e9conomique","datePublished":"2024-10-07T21:46:26+00:00","dateModified":"2024-10-08T21:47:33+00:00","mainEntityOfPage":{"@id":"https:\/\/lasentinelle.dz\/index.php\/2024\/10\/07\/trois-projets-miniers-au-coeur-de-la-diversification-economique\/"},"wordCount":783,"commentCount":0,"publisher":{"@id":"https:\/\/lasentinelle.dz\/#organization"},"image":{"@id":"https:\/\/lasentinelle.dz\/index.php\/2024\/10\/07\/trois-projets-miniers-au-coeur-de-la-diversification-economique\/#primaryimage"},"thumbnailUrl":"https:\/\/lasentinelle.dz\/wp-content\/uploads\/2023\/06\/Ghar-Djebilet.jpeg","articleSection":["\u00c9conomie"],"inLanguage":"fr-FR","potentialAction":[{"@type":"CommentAction","name":"Comment","target":["https:\/\/lasentinelle.dz\/index.php\/2024\/10\/07\/trois-projets-miniers-au-coeur-de-la-diversification-economique\/#respond"]}]},{"@type":"WebPage","@id":"https:\/\/lasentinelle.dz\/index.php\/2024\/10\/07\/trois-projets-miniers-au-coeur-de-la-diversification-economique\/","url":"https:\/\/lasentinelle.dz\/index.php\/2024\/10\/07\/trois-projets-miniers-au-coeur-de-la-diversification-economique\/","name":"Trois projets miniers au c\u0153ur de la diversification \u00e9conomique - La Sentinelle","isPartOf":{"@id":"https:\/\/lasentinelle.dz\/#website"},"primaryImageOfPage":{"@id":"https:\/\/lasentinelle.dz\/index.php\/2024\/10\/07\/trois-projets-miniers-au-coeur-de-la-diversification-economique\/#primaryimage"},"image":{"@id":"https:\/\/lasentinelle.dz\/index.php\/2024\/10\/07\/trois-projets-miniers-au-coeur-de-la-diversification-economique\/#primaryimage"},"thumbnailUrl":"https:\/\/lasentinelle.dz\/wp-content\/uploads\/2023\/06\/Ghar-Djebilet.jpeg","datePublished":"2024-10-07T21:46:26+00:00","dateModified":"2024-10-08T21:47:33+00:00","breadcrumb":{"@id":"https:\/\/lasentinelle.dz\/index.php\/2024\/10\/07\/trois-projets-miniers-au-coeur-de-la-diversification-economique\/#breadcrumb"},"inLanguage":"fr-FR","potentialAction":[{"@type":"ReadAction","target":["https:\/\/lasentinelle.dz\/index.php\/2024\/10\/07\/trois-projets-miniers-au-coeur-de-la-diversification-economique\/"]}]},{"@type":"ImageObject","inLanguage":"fr-FR","@id":"https:\/\/lasentinelle.dz\/index.php\/2024\/10\/07\/trois-projets-miniers-au-coeur-de-la-diversification-economique\/#primaryimage","url":"https:\/\/lasentinelle.dz\/wp-content\/uploads\/2023\/06\/Ghar-Djebilet.jpeg","contentUrl":"https:\/\/lasentinelle.dz\/wp-content\/uploads\/2023\/06\/Ghar-Djebilet.jpeg","width":960,"height":540},{"@type":"BreadcrumbList","@id":"https:\/\/lasentinelle.dz\/index.php\/2024\/10\/07\/trois-projets-miniers-au-coeur-de-la-diversification-economique\/#breadcrumb","itemListElement":[{"@type":"ListItem","position":1,"name":"Accueil","item":"https:\/\/lasentinelle.dz\/"},{"@type":"ListItem","position":2,"name":"Trois projets miniers au c\u0153ur de la diversification \u00e9conomique"}]},{"@type":"WebSite","@id":"https:\/\/lasentinelle.dz\/#website","url":"https:\/\/lasentinelle.dz\/","name":"La Sentinelle","description":"Quotidien national d&#039;information","publisher":{"@id":"https:\/\/lasentinelle.dz\/#organization"},"potentialAction":[{"@type":"SearchAction","target":{"@type":"EntryPoint","urlTemplate":"https:\/\/lasentinelle.dz\/?s={search_term_string}"},"query-input":{"@type":"PropertyValueSpecification","valueRequired":true,"valueName":"search_term_string"}}],"inLanguage":"fr-FR"},{"@type":"Organization","@id":"https:\/\/lasentinelle.dz\/#organization","name":"Quotidien La Sentinelle","url":"https:\/\/lasentinelle.dz\/","logo":{"@type":"ImageObject","inLanguage":"fr-FR","@id":"https:\/\/lasentinelle.dz\/#\/schema\/logo\/image\/","url":"https:\/\/lasentinelle.dz\/wp-content\/uploads\/2021\/09\/logo-sentinelleSLOGAN-1.png","contentUrl":"https:\/\/lasentinelle.dz\/wp-content\/uploads\/2021\/09\/logo-sentinelleSLOGAN-1.png","width":615,"height":142,"caption":"Quotidien La Sentinelle"},"image":{"@id":"https:\/\/lasentinelle.dz\/#\/schema\/logo\/image\/"},"sameAs":["https:\/\/www.facebook.com\/La-Sentinelle-104059864394773"]},{"@type":"Person","@id":"https:\/\/lasentinelle.dz\/#\/schema\/person\/e22c868643946ece5f328ac9d185b29f","name":"Azzedine Belferag","image":{"@type":"ImageObject","inLanguage":"fr-FR","@id":"https:\/\/secure.gravatar.com\/avatar\/767ecc3bfcf23cd6d0dae1705f124feb13a88fded1daa56498e4fb3aa3fc36a1?s=96&d=mm&r=g","url":"https:\/\/secure.gravatar.com\/avatar\/767ecc3bfcf23cd6d0dae1705f124feb13a88fded1daa56498e4fb3aa3fc36a1?s=96&d=mm&r=g","contentUrl":"https:\/\/secure.gravatar.com\/avatar\/767ecc3bfcf23cd6d0dae1705f124feb13a88fded1daa56498e4fb3aa3fc36a1?s=96&d=mm&r=g","caption":"Azzedine Belferag"},"sameAs":["http:\/\/www.lasentinelle.dz"],"url":"https:\/\/lasentinelle.dz\/author\/belferag\/"}]}},"_links":{"self":[{"href":"https:\/\/lasentinelle.dz\/index.php\/wp-json\/wp\/v2\/posts\/58023","targetHints":{"allow":["GET"]}}],"collection":[{"href":"https:\/\/lasentinelle.dz\/index.php\/wp-json\/wp\/v2\/posts"}],"about":[{"href":"https:\/\/lasentinelle.dz\/index.php\/wp-json\/wp\/v2\/types\/post"}],"author":[{"embeddable":true,"href":"https:\/\/lasentinelle.dz\/index.php\/wp-json\/wp\/v2\/users\/2"}],"replies":[{"embeddable":true,"href":"https:\/\/lasentinelle.dz\/index.php\/wp-json\/wp\/v2\/comments?post=58023"}],"version-history":[{"count":1,"href":"https:\/\/lasentinelle.dz\/index.php\/wp-json\/wp\/v2\/posts\/58023\/revisions"}],"predecessor-version":[{"id":58024,"href":"https:\/\/lasentinelle.dz\/index.php\/wp-json\/wp\/v2\/posts\/58023\/revisions\/58024"}],"wp:featuredmedia":[{"embeddable":true,"href":"https:\/\/lasentinelle.dz\/index.php\/wp-json\/wp\/v2\/media\/43039"}],"wp:attachment":[{"href":"https:\/\/lasentinelle.dz\/index.php\/wp-json\/wp\/v2\/media?parent=58023"}],"wp:term":[{"taxonomy":"category","embeddable":true,"href":"https:\/\/lasentinelle.dz\/index.php\/wp-json\/wp\/v2\/categories?post=58023"},{"taxonomy":"post_tag","embeddable":true,"href":"https:\/\/lasentinelle.dz\/index.php\/wp-json\/wp\/v2\/tags?post=58023"}],"curies":[{"name":"wp","href":"https:\/\/api.w.org\/{rel}","templated":true}]}}