{"id":58028,"date":"2024-10-07T22:48:24","date_gmt":"2024-10-07T21:48:24","guid":{"rendered":"https:\/\/lasentinelle.dz\/?p=58028"},"modified":"2024-10-08T22:49:37","modified_gmt":"2024-10-08T21:49:37","slug":"debut-de-la-commercialisation-du-cafe-a-prix-plafonnes","status":"publish","type":"post","link":"https:\/\/lasentinelle.dz\/index.php\/2024\/10\/07\/debut-de-la-commercialisation-du-cafe-a-prix-plafonnes\/","title":{"rendered":"D\u00e9but de la commercialisation du caf\u00e9 \u00e0 prix plafonn\u00e9s"},"content":{"rendered":"\n<p>La commercialisation des premi\u00e8res quantit\u00e9s de caf\u00e9 sur les march\u00e9s de gros au prix plafonn\u00e9 a d\u00e9but\u00e9, dimanche, dans le cadre des d\u00e9marches de pr\u00e9servation du pouvoir d&rsquo;achat des citoyens.<\/p>\n\n\n\n<p>Le Couvernement a lanc\u00e9 une initiative importante visant \u00e0 stabiliser les prix du caf\u00e9 sur le march\u00e9 national. Cette d\u00e9marche s&rsquo;inscrit dans le cadre plus large des efforts d\u00e9ploy\u00e9s pour pr\u00e9server le pouvoir d&rsquo;achat et lutter contre la hausse g\u00e9n\u00e9ralis\u00e9e des prix. La commercialisation progressive du caf\u00e9 \u00e0 prix plafonn\u00e9 sur les march\u00e9s de gros alg\u00e9riens a, en effet, \u00e9t\u00e9 lanc\u00e9e dimanche. Cette mesure fait suite aux instructions du pr\u00e9sident de la R\u00e9publique, Abdelmadjid Tebboune, qui a allou\u00e9 une enveloppe financi\u00e8re sp\u00e9ciale pour compenser l&rsquo;\u00e9cart entre les prix d&rsquo;achat du caf\u00e9 sur les march\u00e9s mondiaux, r\u00e9cemment en hausse, et les prix appliqu\u00e9s sur le march\u00e9 national.<\/p>\n\n\n\n<p>Ahmed Mokrani, directeur g\u00e9n\u00e9ral de la r\u00e9gulation et de l&rsquo;organisation des activit\u00e9s au minist\u00e8re du Commerce et de la Promotion des exportations, a expliqu\u00e9 dans une d\u00e9claration \u00e0 l&rsquo;APS que certains producteurs ont commenc\u00e9 \u00e0 injecter d&rsquo;importantes quantit\u00e9s de caf\u00e9 depuis leurs usines, conform\u00e9ment aux prix r\u00e9glement\u00e9s stipul\u00e9s dans le d\u00e9cret ex\u00e9cutif 24-279. Cette op\u00e9ration se d\u00e9roule de mani\u00e8re progressive, d\u00e9butant sur les march\u00e9s de gros avant de s&rsquo;\u00e9tendre \u00e0 l&rsquo;ensemble de la cha\u00eene de distribution de d\u00e9tail, pr\u00e9cise-t-il. Ahmed Mokrani, a pr\u00e9cis\u00e9 que \u00ab\u00a0certains producteurs avaient commenc\u00e9, dimanche, \u00e0 injecter d&rsquo;importantes quantit\u00e9s de caf\u00e9 depuis les usines conform\u00e9ment aux prix r\u00e9glement\u00e9s stipul\u00e9s dans le d\u00e9cret ex\u00e9cutif 24-279, et ce de mani\u00e8re progressive\u00a0\u00bb, faisant savoir que ces premi\u00e8res quantit\u00e9s ont \u00e9t\u00e9 inject\u00e9es sur les march\u00e9s de gros avant de s&rsquo;\u00e9tendre \u00e0 la cha\u00eene de distribution de d\u00e9tail. Le d\u00e9cret fixe les prix plafonds du caf\u00e9 \u00e0 la consommation ainsi que les marges b\u00e9n\u00e9ficiaires maximales autoris\u00e9es \u00e0 l&rsquo;importation et \u00e0 la distribution, tant au niveau du gros que du d\u00e9tail. Concr\u00e8tement, le prix de vente final est d\u00e9sormais plafonn\u00e9 \u00e0 1250 DA\/KG pour le caf\u00e9 vert, torr\u00e9fi\u00e9 ou moulu de type \u00ab\u00a0Arabica\u00a0\u00bb, et \u00e0 1000 DA\/KG pour le caf\u00e9 vert, torr\u00e9fi\u00e9 ou moulu de type \u00ab\u00a0Robusta\u00a0\u00bb.<\/p>\n\n\n\n<p>Pour assurer la mise en \u0153uvre efficace de cette mesure, le minist\u00e8re du Commerce et de la Promotion des exportations a organis\u00e9 plusieurs r\u00e9unions avec l&rsquo;ensemble des importateurs, qu&rsquo;ils soient actifs dans la vente en l&rsquo;\u00e9tat ou dans la transformation du caf\u00e9. Ces rencontres ont permis d&rsquo;expliquer en d\u00e9tail les dispositions du d\u00e9cret et de fournir toutes les garanties n\u00e9cessaires concernant la prise en charge rapide des op\u00e9rations de compensation de la diff\u00e9rence de prix, qui a atteint des niveaux records. Cette initiative t\u00e9moigne de la volont\u00e9 du Gouvernement de r\u00e9pondre concr\u00e8tement aux pr\u00e9occupations des citoyens face \u00e0 l&rsquo;augmentation du co\u00fbt de la vie. En ciblant un produit de consommation courante comme le caf\u00e9, les autorit\u00e9s esp\u00e8rent non seulement all\u00e9ger le fardeau financier des m\u00e9nages mais aussi envoyer un signal fort quant \u00e0 leur engagement dans la lutte contre l&rsquo;inflation. \u00c0 mesure que cette mesure se d\u00e9ploiera dans les prochains jours et semaines, les consommateurs alg\u00e9riens devraient progressivement constater une stabilisation des prix du caf\u00e9 dans les commerces de d\u00e9tail.<\/p>\n\n\n\n<p>Salim Mokrane<\/p>\n","protected":false},"excerpt":{"rendered":"<p>La commercialisation des premi\u00e8res quantit\u00e9s de caf\u00e9 sur les march\u00e9s de gros au prix plafonn\u00e9 a d\u00e9but\u00e9, dimanche, dans le<\/p>\n","protected":false},"author":6,"featured_media":52747,"comment_status":"open","ping_status":"closed","sticky":false,"template":"","format":"standard","meta":{"colormag_page_container_layout":"default_layout","colormag_page_sidebar_layout":"default_layout","om_disable_all_campaigns":false,"_monsterinsights_skip_tracking":false,"_monsterinsights_sitenote_active":false,"_monsterinsights_sitenote_note":"","_monsterinsights_sitenote_category":0,"footnotes":"","_wpscppro_dont_share_socialmedia":false,"_wpscppro_custom_social_share_image":0,"_facebook_share_type":"default","_twitter_share_type":"default","_linkedin_share_type":"default","_pinterest_share_type":"default","_linkedin_share_type_page":"","_instagram_share_type":"default","_medium_share_type":"default","_threads_share_type":"","_google_business_share_type":"","_selected_social_profile":[],"_wpsp_enable_custom_social_template":false,"_wpsp_social_scheduling":{"enabled":false,"datetime":null,"platforms":[],"status":"template_only","dateOption":"today","timeOption":"now","customDays":"","customHours":"","customDate":"","customTime":"","schedulingType":"absolute"},"_wpsp_active_default_template":true},"categories":[52,29],"tags":[],"class_list":["post-58028","post","type-post","status-publish","format-standard","has-post-thumbnail","hentry","category-a-la-une","category-economie"],"aioseo_notices":[],"yoast_head":"<!-- This site is optimized with the Yoast SEO plugin v27.5 - https:\/\/yoast.com\/product\/yoast-seo-wordpress\/ -->\n<title>D\u00e9but de la commercialisation du caf\u00e9 \u00e0 prix plafonn\u00e9s - La Sentinelle<\/title>\n<meta name=\"robots\" content=\"index, follow, max-snippet:-1, max-image-preview:large, max-video-preview:-1\" \/>\n<link rel=\"canonical\" href=\"https:\/\/lasentinelle.dz\/index.php\/2024\/10\/07\/debut-de-la-commercialisation-du-cafe-a-prix-plafonnes\/\" \/>\n<meta property=\"og:locale\" content=\"fr_FR\" \/>\n<meta property=\"og:type\" content=\"article\" \/>\n<meta property=\"og:title\" content=\"D\u00e9but de la commercialisation du caf\u00e9 \u00e0 prix plafonn\u00e9s - La Sentinelle\" \/>\n<meta property=\"og:description\" content=\"La commercialisation des premi\u00e8res quantit\u00e9s de caf\u00e9 sur les march\u00e9s de gros au prix plafonn\u00e9 a d\u00e9but\u00e9, dimanche, dans le\" \/>\n<meta property=\"og:url\" content=\"https:\/\/lasentinelle.dz\/index.php\/2024\/10\/07\/debut-de-la-commercialisation-du-cafe-a-prix-plafonnes\/\" \/>\n<meta property=\"og:site_name\" content=\"La Sentinelle\" \/>\n<meta property=\"article:publisher\" content=\"https:\/\/www.facebook.com\/La-Sentinelle-104059864394773\" \/>\n<meta property=\"article:published_time\" content=\"2024-10-07T21:48:24+00:00\" \/>\n<meta property=\"article:modified_time\" content=\"2024-10-08T21:49:37+00:00\" \/>\n<meta property=\"og:image\" content=\"https:\/\/lasentinelle.dz\/wp-content\/uploads\/2024\/05\/cafe.jpeg\" \/>\n\t<meta property=\"og:image:width\" content=\"1353\" \/>\n\t<meta property=\"og:image:height\" content=\"900\" \/>\n\t<meta property=\"og:image:type\" content=\"image\/jpeg\" \/>\n<meta name=\"author\" content=\"admin\" \/>\n<meta name=\"twitter:card\" content=\"summary_large_image\" \/>\n<meta name=\"twitter:label1\" content=\"\u00c9crit par\" \/>\n\t<meta name=\"twitter:data1\" content=\"admin\" \/>\n\t<meta name=\"twitter:label2\" content=\"Dur\u00e9e de lecture estim\u00e9e\" \/>\n\t<meta name=\"twitter:data2\" content=\"3 minutes\" \/>\n<script type=\"application\/ld+json\" class=\"yoast-schema-graph\">{\"@context\":\"https:\\\/\\\/schema.org\",\"@graph\":[{\"@type\":\"Article\",\"@id\":\"https:\\\/\\\/lasentinelle.dz\\\/index.php\\\/2024\\\/10\\\/07\\\/debut-de-la-commercialisation-du-cafe-a-prix-plafonnes\\\/#article\",\"isPartOf\":{\"@id\":\"https:\\\/\\\/lasentinelle.dz\\\/index.php\\\/2024\\\/10\\\/07\\\/debut-de-la-commercialisation-du-cafe-a-prix-plafonnes\\\/\"},\"author\":{\"name\":\"admin\",\"@id\":\"https:\\\/\\\/lasentinelle.dz\\\/#\\\/schema\\\/person\\\/729ee0024f24e0b8c5ec17232f8e8b41\"},\"headline\":\"D\u00e9but de la commercialisation du caf\u00e9 \u00e0 prix plafonn\u00e9s\",\"datePublished\":\"2024-10-07T21:48:24+00:00\",\"dateModified\":\"2024-10-08T21:49:37+00:00\",\"mainEntityOfPage\":{\"@id\":\"https:\\\/\\\/lasentinelle.dz\\\/index.php\\\/2024\\\/10\\\/07\\\/debut-de-la-commercialisation-du-cafe-a-prix-plafonnes\\\/\"},\"wordCount\":614,\"commentCount\":0,\"publisher\":{\"@id\":\"https:\\\/\\\/lasentinelle.dz\\\/#organization\"},\"image\":{\"@id\":\"https:\\\/\\\/lasentinelle.dz\\\/index.php\\\/2024\\\/10\\\/07\\\/debut-de-la-commercialisation-du-cafe-a-prix-plafonnes\\\/#primaryimage\"},\"thumbnailUrl\":\"https:\\\/\\\/lasentinelle.dz\\\/wp-content\\\/uploads\\\/2024\\\/05\\\/cafe.jpeg\",\"articleSection\":[\"\u00c0 la Une\",\"\u00c9conomie\"],\"inLanguage\":\"fr-FR\",\"potentialAction\":[{\"@type\":\"CommentAction\",\"name\":\"Comment\",\"target\":[\"https:\\\/\\\/lasentinelle.dz\\\/index.php\\\/2024\\\/10\\\/07\\\/debut-de-la-commercialisation-du-cafe-a-prix-plafonnes\\\/#respond\"]}]},{\"@type\":\"WebPage\",\"@id\":\"https:\\\/\\\/lasentinelle.dz\\\/index.php\\\/2024\\\/10\\\/07\\\/debut-de-la-commercialisation-du-cafe-a-prix-plafonnes\\\/\",\"url\":\"https:\\\/\\\/lasentinelle.dz\\\/index.php\\\/2024\\\/10\\\/07\\\/debut-de-la-commercialisation-du-cafe-a-prix-plafonnes\\\/\",\"name\":\"D\u00e9but de la commercialisation du caf\u00e9 \u00e0 prix plafonn\u00e9s - La Sentinelle\",\"isPartOf\":{\"@id\":\"https:\\\/\\\/lasentinelle.dz\\\/#website\"},\"primaryImageOfPage\":{\"@id\":\"https:\\\/\\\/lasentinelle.dz\\\/index.php\\\/2024\\\/10\\\/07\\\/debut-de-la-commercialisation-du-cafe-a-prix-plafonnes\\\/#primaryimage\"},\"image\":{\"@id\":\"https:\\\/\\\/lasentinelle.dz\\\/index.php\\\/2024\\\/10\\\/07\\\/debut-de-la-commercialisation-du-cafe-a-prix-plafonnes\\\/#primaryimage\"},\"thumbnailUrl\":\"https:\\\/\\\/lasentinelle.dz\\\/wp-content\\\/uploads\\\/2024\\\/05\\\/cafe.jpeg\",\"datePublished\":\"2024-10-07T21:48:24+00:00\",\"dateModified\":\"2024-10-08T21:49:37+00:00\",\"breadcrumb\":{\"@id\":\"https:\\\/\\\/lasentinelle.dz\\\/index.php\\\/2024\\\/10\\\/07\\\/debut-de-la-commercialisation-du-cafe-a-prix-plafonnes\\\/#breadcrumb\"},\"inLanguage\":\"fr-FR\",\"potentialAction\":[{\"@type\":\"ReadAction\",\"target\":[\"https:\\\/\\\/lasentinelle.dz\\\/index.php\\\/2024\\\/10\\\/07\\\/debut-de-la-commercialisation-du-cafe-a-prix-plafonnes\\\/\"]}]},{\"@type\":\"ImageObject\",\"inLanguage\":\"fr-FR\",\"@id\":\"https:\\\/\\\/lasentinelle.dz\\\/index.php\\\/2024\\\/10\\\/07\\\/debut-de-la-commercialisation-du-cafe-a-prix-plafonnes\\\/#primaryimage\",\"url\":\"https:\\\/\\\/lasentinelle.dz\\\/wp-content\\\/uploads\\\/2024\\\/05\\\/cafe.jpeg\",\"contentUrl\":\"https:\\\/\\\/lasentinelle.dz\\\/wp-content\\\/uploads\\\/2024\\\/05\\\/cafe.jpeg\",\"width\":1353,\"height\":900},{\"@type\":\"BreadcrumbList\",\"@id\":\"https:\\\/\\\/lasentinelle.dz\\\/index.php\\\/2024\\\/10\\\/07\\\/debut-de-la-commercialisation-du-cafe-a-prix-plafonnes\\\/#breadcrumb\",\"itemListElement\":[{\"@type\":\"ListItem\",\"position\":1,\"name\":\"Accueil\",\"item\":\"https:\\\/\\\/lasentinelle.dz\\\/\"},{\"@type\":\"ListItem\",\"position\":2,\"name\":\"D\u00e9but de la commercialisation du caf\u00e9 \u00e0 prix plafonn\u00e9s\"}]},{\"@type\":\"WebSite\",\"@id\":\"https:\\\/\\\/lasentinelle.dz\\\/#website\",\"url\":\"https:\\\/\\\/lasentinelle.dz\\\/\",\"name\":\"La Sentinelle\",\"description\":\"Quotidien national d&#039;information\",\"publisher\":{\"@id\":\"https:\\\/\\\/lasentinelle.dz\\\/#organization\"},\"potentialAction\":[{\"@type\":\"SearchAction\",\"target\":{\"@type\":\"EntryPoint\",\"urlTemplate\":\"https:\\\/\\\/lasentinelle.dz\\\/?s={search_term_string}\"},\"query-input\":{\"@type\":\"PropertyValueSpecification\",\"valueRequired\":true,\"valueName\":\"search_term_string\"}}],\"inLanguage\":\"fr-FR\"},{\"@type\":\"Organization\",\"@id\":\"https:\\\/\\\/lasentinelle.dz\\\/#organization\",\"name\":\"Quotidien La Sentinelle\",\"url\":\"https:\\\/\\\/lasentinelle.dz\\\/\",\"logo\":{\"@type\":\"ImageObject\",\"inLanguage\":\"fr-FR\",\"@id\":\"https:\\\/\\\/lasentinelle.dz\\\/#\\\/schema\\\/logo\\\/image\\\/\",\"url\":\"https:\\\/\\\/lasentinelle.dz\\\/wp-content\\\/uploads\\\/2021\\\/09\\\/logo-sentinelleSLOGAN-1.png\",\"contentUrl\":\"https:\\\/\\\/lasentinelle.dz\\\/wp-content\\\/uploads\\\/2021\\\/09\\\/logo-sentinelleSLOGAN-1.png\",\"width\":615,\"height\":142,\"caption\":\"Quotidien La Sentinelle\"},\"image\":{\"@id\":\"https:\\\/\\\/lasentinelle.dz\\\/#\\\/schema\\\/logo\\\/image\\\/\"},\"sameAs\":[\"https:\\\/\\\/www.facebook.com\\\/La-Sentinelle-104059864394773\"]},{\"@type\":\"Person\",\"@id\":\"https:\\\/\\\/lasentinelle.dz\\\/#\\\/schema\\\/person\\\/729ee0024f24e0b8c5ec17232f8e8b41\",\"name\":\"admin\",\"image\":{\"@type\":\"ImageObject\",\"inLanguage\":\"fr-FR\",\"@id\":\"https:\\\/\\\/secure.gravatar.com\\\/avatar\\\/4c81fed838786e9b53f540bf46533e750f5d292099ae3b66cfc6fb1982e29df7?s=96&d=mm&r=g\",\"url\":\"https:\\\/\\\/secure.gravatar.com\\\/avatar\\\/4c81fed838786e9b53f540bf46533e750f5d292099ae3b66cfc6fb1982e29df7?s=96&d=mm&r=g\",\"contentUrl\":\"https:\\\/\\\/secure.gravatar.com\\\/avatar\\\/4c81fed838786e9b53f540bf46533e750f5d292099ae3b66cfc6fb1982e29df7?s=96&d=mm&r=g\",\"caption\":\"admin\"},\"description\":\"admin\",\"url\":\"https:\\\/\\\/lasentinelle.dz\\\/author\\\/admin\\\/\"}]}<\/script>\n<!-- \/ Yoast SEO plugin. -->","yoast_head_json":{"title":"D\u00e9but de la commercialisation du caf\u00e9 \u00e0 prix plafonn\u00e9s - La Sentinelle","robots":{"index":"index","follow":"follow","max-snippet":"max-snippet:-1","max-image-preview":"max-image-preview:large","max-video-preview":"max-video-preview:-1"},"canonical":"https:\/\/lasentinelle.dz\/index.php\/2024\/10\/07\/debut-de-la-commercialisation-du-cafe-a-prix-plafonnes\/","og_locale":"fr_FR","og_type":"article","og_title":"D\u00e9but de la commercialisation du caf\u00e9 \u00e0 prix plafonn\u00e9s - La Sentinelle","og_description":"La commercialisation des premi\u00e8res quantit\u00e9s de caf\u00e9 sur les march\u00e9s de gros au prix plafonn\u00e9 a d\u00e9but\u00e9, dimanche, dans le","og_url":"https:\/\/lasentinelle.dz\/index.php\/2024\/10\/07\/debut-de-la-commercialisation-du-cafe-a-prix-plafonnes\/","og_site_name":"La Sentinelle","article_publisher":"https:\/\/www.facebook.com\/La-Sentinelle-104059864394773","article_published_time":"2024-10-07T21:48:24+00:00","article_modified_time":"2024-10-08T21:49:37+00:00","og_image":[{"width":1353,"height":900,"url":"https:\/\/lasentinelle.dz\/wp-content\/uploads\/2024\/05\/cafe.jpeg","type":"image\/jpeg"}],"author":"admin","twitter_card":"summary_large_image","twitter_misc":{"\u00c9crit par":"admin","Dur\u00e9e de lecture estim\u00e9e":"3 minutes"},"schema":{"@context":"https:\/\/schema.org","@graph":[{"@type":"Article","@id":"https:\/\/lasentinelle.dz\/index.php\/2024\/10\/07\/debut-de-la-commercialisation-du-cafe-a-prix-plafonnes\/#article","isPartOf":{"@id":"https:\/\/lasentinelle.dz\/index.php\/2024\/10\/07\/debut-de-la-commercialisation-du-cafe-a-prix-plafonnes\/"},"author":{"name":"admin","@id":"https:\/\/lasentinelle.dz\/#\/schema\/person\/729ee0024f24e0b8c5ec17232f8e8b41"},"headline":"D\u00e9but de la commercialisation du caf\u00e9 \u00e0 prix plafonn\u00e9s","datePublished":"2024-10-07T21:48:24+00:00","dateModified":"2024-10-08T21:49:37+00:00","mainEntityOfPage":{"@id":"https:\/\/lasentinelle.dz\/index.php\/2024\/10\/07\/debut-de-la-commercialisation-du-cafe-a-prix-plafonnes\/"},"wordCount":614,"commentCount":0,"publisher":{"@id":"https:\/\/lasentinelle.dz\/#organization"},"image":{"@id":"https:\/\/lasentinelle.dz\/index.php\/2024\/10\/07\/debut-de-la-commercialisation-du-cafe-a-prix-plafonnes\/#primaryimage"},"thumbnailUrl":"https:\/\/lasentinelle.dz\/wp-content\/uploads\/2024\/05\/cafe.jpeg","articleSection":["\u00c0 la Une","\u00c9conomie"],"inLanguage":"fr-FR","potentialAction":[{"@type":"CommentAction","name":"Comment","target":["https:\/\/lasentinelle.dz\/index.php\/2024\/10\/07\/debut-de-la-commercialisation-du-cafe-a-prix-plafonnes\/#respond"]}]},{"@type":"WebPage","@id":"https:\/\/lasentinelle.dz\/index.php\/2024\/10\/07\/debut-de-la-commercialisation-du-cafe-a-prix-plafonnes\/","url":"https:\/\/lasentinelle.dz\/index.php\/2024\/10\/07\/debut-de-la-commercialisation-du-cafe-a-prix-plafonnes\/","name":"D\u00e9but de la commercialisation du caf\u00e9 \u00e0 prix plafonn\u00e9s - La Sentinelle","isPartOf":{"@id":"https:\/\/lasentinelle.dz\/#website"},"primaryImageOfPage":{"@id":"https:\/\/lasentinelle.dz\/index.php\/2024\/10\/07\/debut-de-la-commercialisation-du-cafe-a-prix-plafonnes\/#primaryimage"},"image":{"@id":"https:\/\/lasentinelle.dz\/index.php\/2024\/10\/07\/debut-de-la-commercialisation-du-cafe-a-prix-plafonnes\/#primaryimage"},"thumbnailUrl":"https:\/\/lasentinelle.dz\/wp-content\/uploads\/2024\/05\/cafe.jpeg","datePublished":"2024-10-07T21:48:24+00:00","dateModified":"2024-10-08T21:49:37+00:00","breadcrumb":{"@id":"https:\/\/lasentinelle.dz\/index.php\/2024\/10\/07\/debut-de-la-commercialisation-du-cafe-a-prix-plafonnes\/#breadcrumb"},"inLanguage":"fr-FR","potentialAction":[{"@type":"ReadAction","target":["https:\/\/lasentinelle.dz\/index.php\/2024\/10\/07\/debut-de-la-commercialisation-du-cafe-a-prix-plafonnes\/"]}]},{"@type":"ImageObject","inLanguage":"fr-FR","@id":"https:\/\/lasentinelle.dz\/index.php\/2024\/10\/07\/debut-de-la-commercialisation-du-cafe-a-prix-plafonnes\/#primaryimage","url":"https:\/\/lasentinelle.dz\/wp-content\/uploads\/2024\/05\/cafe.jpeg","contentUrl":"https:\/\/lasentinelle.dz\/wp-content\/uploads\/2024\/05\/cafe.jpeg","width":1353,"height":900},{"@type":"BreadcrumbList","@id":"https:\/\/lasentinelle.dz\/index.php\/2024\/10\/07\/debut-de-la-commercialisation-du-cafe-a-prix-plafonnes\/#breadcrumb","itemListElement":[{"@type":"ListItem","position":1,"name":"Accueil","item":"https:\/\/lasentinelle.dz\/"},{"@type":"ListItem","position":2,"name":"D\u00e9but de la commercialisation du caf\u00e9 \u00e0 prix plafonn\u00e9s"}]},{"@type":"WebSite","@id":"https:\/\/lasentinelle.dz\/#website","url":"https:\/\/lasentinelle.dz\/","name":"La Sentinelle","description":"Quotidien national d&#039;information","publisher":{"@id":"https:\/\/lasentinelle.dz\/#organization"},"potentialAction":[{"@type":"SearchAction","target":{"@type":"EntryPoint","urlTemplate":"https:\/\/lasentinelle.dz\/?s={search_term_string}"},"query-input":{"@type":"PropertyValueSpecification","valueRequired":true,"valueName":"search_term_string"}}],"inLanguage":"fr-FR"},{"@type":"Organization","@id":"https:\/\/lasentinelle.dz\/#organization","name":"Quotidien La Sentinelle","url":"https:\/\/lasentinelle.dz\/","logo":{"@type":"ImageObject","inLanguage":"fr-FR","@id":"https:\/\/lasentinelle.dz\/#\/schema\/logo\/image\/","url":"https:\/\/lasentinelle.dz\/wp-content\/uploads\/2021\/09\/logo-sentinelleSLOGAN-1.png","contentUrl":"https:\/\/lasentinelle.dz\/wp-content\/uploads\/2021\/09\/logo-sentinelleSLOGAN-1.png","width":615,"height":142,"caption":"Quotidien La Sentinelle"},"image":{"@id":"https:\/\/lasentinelle.dz\/#\/schema\/logo\/image\/"},"sameAs":["https:\/\/www.facebook.com\/La-Sentinelle-104059864394773"]},{"@type":"Person","@id":"https:\/\/lasentinelle.dz\/#\/schema\/person\/729ee0024f24e0b8c5ec17232f8e8b41","name":"admin","image":{"@type":"ImageObject","inLanguage":"fr-FR","@id":"https:\/\/secure.gravatar.com\/avatar\/4c81fed838786e9b53f540bf46533e750f5d292099ae3b66cfc6fb1982e29df7?s=96&d=mm&r=g","url":"https:\/\/secure.gravatar.com\/avatar\/4c81fed838786e9b53f540bf46533e750f5d292099ae3b66cfc6fb1982e29df7?s=96&d=mm&r=g","contentUrl":"https:\/\/secure.gravatar.com\/avatar\/4c81fed838786e9b53f540bf46533e750f5d292099ae3b66cfc6fb1982e29df7?s=96&d=mm&r=g","caption":"admin"},"description":"admin","url":"https:\/\/lasentinelle.dz\/author\/admin\/"}]}},"_links":{"self":[{"href":"https:\/\/lasentinelle.dz\/index.php\/wp-json\/wp\/v2\/posts\/58028","targetHints":{"allow":["GET"]}}],"collection":[{"href":"https:\/\/lasentinelle.dz\/index.php\/wp-json\/wp\/v2\/posts"}],"about":[{"href":"https:\/\/lasentinelle.dz\/index.php\/wp-json\/wp\/v2\/types\/post"}],"author":[{"embeddable":true,"href":"https:\/\/lasentinelle.dz\/index.php\/wp-json\/wp\/v2\/users\/6"}],"replies":[{"embeddable":true,"href":"https:\/\/lasentinelle.dz\/index.php\/wp-json\/wp\/v2\/comments?post=58028"}],"version-history":[{"count":1,"href":"https:\/\/lasentinelle.dz\/index.php\/wp-json\/wp\/v2\/posts\/58028\/revisions"}],"predecessor-version":[{"id":58029,"href":"https:\/\/lasentinelle.dz\/index.php\/wp-json\/wp\/v2\/posts\/58028\/revisions\/58029"}],"wp:featuredmedia":[{"embeddable":true,"href":"https:\/\/lasentinelle.dz\/index.php\/wp-json\/wp\/v2\/media\/52747"}],"wp:attachment":[{"href":"https:\/\/lasentinelle.dz\/index.php\/wp-json\/wp\/v2\/media?parent=58028"}],"wp:term":[{"taxonomy":"category","embeddable":true,"href":"https:\/\/lasentinelle.dz\/index.php\/wp-json\/wp\/v2\/categories?post=58028"},{"taxonomy":"post_tag","embeddable":true,"href":"https:\/\/lasentinelle.dz\/index.php\/wp-json\/wp\/v2\/tags?post=58028"}],"curies":[{"name":"wp","href":"https:\/\/api.w.org\/{rel}","templated":true}]}}