{"id":5807,"date":"2021-08-30T00:05:00","date_gmt":"2021-08-29T23:05:00","guid":{"rendered":"https:\/\/lasentinelle.dz\/?p=5807"},"modified":"2021-08-29T19:59:20","modified_gmt":"2021-08-29T18:59:20","slug":"reunion-de-lopep-et-ses-allies-vers-une-revision-de-la-hausse-de-la-production","status":"publish","type":"post","link":"https:\/\/lasentinelle.dz\/index.php\/2021\/08\/30\/reunion-de-lopep-et-ses-allies-vers-une-revision-de-la-hausse-de-la-production\/","title":{"rendered":"R\u00e9union de l&rsquo;OPEP et ses alli\u00e9s : Vers une r\u00e9vision de la hausse de la production"},"content":{"rendered":"\n<p>L&rsquo;augmentation de la production p\u00e9troli\u00e8re convenue au mois dernier par les pays de l&rsquo;Opep+ pourrait \u00eatre r\u00e9examin\u00e9e lors de la prochaine r\u00e9union pr\u00e9vue le 1er septembre prochain. C&rsquo;est ce qu&rsquo;a annonc\u00e9, hier, le ministre kowe\u00eftien du P\u00e9trole,Mohammad Abdulatif al-Fares cit\u00e9 par l&rsquo;APS.&nbsp; Ce ministre a d\u00e9clar\u00e9 que \u00ab\u00a0les march\u00e9s ralentissent et \u00e9tant donn\u00e9 que le covid-19 a entam\u00e9 sa quatri\u00e8me vague dans certaines r\u00e9gions, nous devons \u00eatre prudents et reconsid\u00e9rer cette augmentation. Il pourrait y avoir un arr\u00eat de l&rsquo;augmentation de 400 000 barils par jour\u00a0\u00bb. Et d&rsquo;ajouter: \u00ab\u00a0les \u00e9conomies des pays d&rsquo;Asie de l&rsquo;Est et de la Chine restent affect\u00e9es par le covid-19 et il faut faire preuve de prudence\u00a0\u00bb.&nbsp; Cette sortie m\u00e9diatique du ministre koweitien du p\u00e9trole intervient \u00e0 quelques jours seulement de la r\u00e9union de l\u2019Organisation des pays exportateurs de p\u00e9trole et de ses alli\u00e9s dont la Russie, le V\u00e9nezuella et le Mexique regroup\u00e9s sous le nom d&rsquo;Opep+, qui tiendront, mercredi prochain, une r\u00e9union de coordination. Cette r\u00e9union sera consacr\u00e9e, selon la m\u00eame source, \u00e0 l&rsquo;examen de l&rsquo;augmentation de la production de p\u00e9trole pr\u00e9c\u00e9demment convenue de 400.000 barils par jour (bpj) pour les prochains mois. Il est utile de rappeler dans ce sens que les membres de l\u2019alliance avaient d\u00e9cid\u00e9 au mois de juillet dernier de cette l\u00e9g\u00e8re augmentation de la production apr\u00e8s d\u2019\u00e2pres n\u00e9gociations intervenus suite aux pressions exerc\u00e9es par les \u00c9mirats arabes unis concernant les niveaux de r\u00e9f\u00e9rences pour l\u2019augmentation de la production. La r\u00e9union de l\u2019Opep+ avait d\u2019ailleurs d\u00fb \u00eatre report\u00e9e par deux fois. Ce n\u2019est que le 18 juillet dernier que les membres de l\u2019alliance se sont accord\u00e9s sur une hausse progressive de la production de 400.000 \/jour chaque mois et de prolonger l\u2019accord sur la limitation de la production (Doc) jusqu\u2019au mois de d\u00e9cembre 2022. Une d\u00e9cision qui avait \u00e9t\u00e9 motiv\u00e9e par les indices en ce qui concerne la reprise \u00e9conomique, mais avais aussi convenu de r\u00e9\u00e9valuer l\u2019accord au mois de d\u00e9cembre prochain. Cependant, les choses ont chang\u00e9 depuis, en raison des pressions exerc\u00e9es par la propagation du variant Delta du coronavirus sur la reprise \u00e9conomique et donc sur les cours du brut qui sont repartis \u00e0 la baisse.<\/p>\n\n\n\n<p>Il y a lieu de rappeler que l&rsquo;Opep et ses alli\u00e9s ont d\u00e9cid\u00e9, en 2020, d&rsquo;une r\u00e9duction de production record de 10 millions de barils par jour, soit l&rsquo;\u00e9quivalant de pr\u00e9s de 10% de la demande mondiale, lorsque la demande d&rsquo;\u00e9nergie a plong\u00e9 en raison des restrictions de voyage et des blocages nationaux pour contrer la propagation du COVID-19.&nbsp; Ceci dit, les sp\u00e9cialistes ont relev\u00e9 que \u00ab\u00a0le march\u00e9 commence par ailleurs \u00e0 se tourner vers la prochaine r\u00e9union de l&rsquo;OPEP+, cartel compos\u00e9 des membres de l&rsquo;Organisation des pays exportateurs de p\u00e9trole (OPEP) et de dix alli\u00e9s, mercredi prochain\u00a0\u00bb.&nbsp; Et pour cause, ce cartel a d\u00e9cid\u00e9 le mois dernier de continuer \u00e0 augmenter modestement sa production, apr\u00e8s l&rsquo;avoir drastiquement r\u00e9duite l&rsquo;an dernier pour contrecarrer la chute de la demande et des prix du p\u00e9trole sur le march\u00e9 international.&nbsp;<\/p>\n\n\n\n<p>Fai\u00e7al Bedjaoui<\/p>\n","protected":false},"excerpt":{"rendered":"<p>L&rsquo;augmentation de la production p\u00e9troli\u00e8re convenue au mois dernier par les pays de l&rsquo;Opep+ pourrait \u00eatre r\u00e9examin\u00e9e lors de la<\/p>\n","protected":false},"author":3,"featured_media":5818,"comment_status":"open","ping_status":"closed","sticky":false,"template":"","format":"standard","meta":{"colormag_page_container_layout":"default_layout","colormag_page_sidebar_layout":"default_layout","om_disable_all_campaigns":false,"_monsterinsights_skip_tracking":false,"_monsterinsights_sitenote_active":false,"_monsterinsights_sitenote_note":"","_monsterinsights_sitenote_category":0,"footnotes":"","_wpscppro_dont_share_socialmedia":false,"_wpscppro_custom_social_share_image":0,"_facebook_share_type":"","_twitter_share_type":"","_linkedin_share_type":"","_pinterest_share_type":"","_linkedin_share_type_page":"","_instagram_share_type":"","_medium_share_type":"","_threads_share_type":"","_google_business_share_type":"","_selected_social_profile":[],"_wpsp_enable_custom_social_template":false,"_wpsp_social_scheduling":{"enabled":false,"datetime":null,"platforms":[],"status":"template_only","dateOption":"today","timeOption":"now","customDays":"","customHours":"","customDate":"","customTime":"","schedulingType":"absolute"},"_wpsp_active_default_template":true},"categories":[52,29],"tags":[],"class_list":["post-5807","post","type-post","status-publish","format-standard","has-post-thumbnail","hentry","category-a-la-une","category-economie"],"aioseo_notices":[],"yoast_head":"<!-- This site is optimized with the Yoast SEO plugin v27.5 - https:\/\/yoast.com\/product\/yoast-seo-wordpress\/ -->\n<title>R\u00e9union de l&#039;OPEP et ses alli\u00e9s : Vers une r\u00e9vision de la hausse de la production - La Sentinelle<\/title>\n<meta name=\"robots\" content=\"index, follow, max-snippet:-1, max-image-preview:large, max-video-preview:-1\" \/>\n<link rel=\"canonical\" href=\"https:\/\/lasentinelle.dz\/index.php\/2021\/08\/30\/reunion-de-lopep-et-ses-allies-vers-une-revision-de-la-hausse-de-la-production\/\" \/>\n<meta property=\"og:locale\" content=\"fr_FR\" \/>\n<meta property=\"og:type\" content=\"article\" \/>\n<meta property=\"og:title\" content=\"R\u00e9union de l&#039;OPEP et ses alli\u00e9s : Vers une r\u00e9vision de la hausse de la production - La Sentinelle\" \/>\n<meta property=\"og:description\" content=\"L&rsquo;augmentation de la production p\u00e9troli\u00e8re convenue au mois dernier par les pays de l&rsquo;Opep+ pourrait \u00eatre r\u00e9examin\u00e9e lors de la\" \/>\n<meta property=\"og:url\" content=\"https:\/\/lasentinelle.dz\/index.php\/2021\/08\/30\/reunion-de-lopep-et-ses-allies-vers-une-revision-de-la-hausse-de-la-production\/\" \/>\n<meta property=\"og:site_name\" content=\"La Sentinelle\" \/>\n<meta property=\"article:publisher\" content=\"https:\/\/www.facebook.com\/La-Sentinelle-104059864394773\" \/>\n<meta property=\"article:published_time\" content=\"2021-08-29T23:05:00+00:00\" \/>\n<meta property=\"og:image\" content=\"https:\/\/lasentinelle.dz\/wp-content\/uploads\/2021\/08\/image_2021-08-29_171357-1024x645.png\" \/>\n\t<meta property=\"og:image:width\" content=\"1024\" \/>\n\t<meta property=\"og:image:height\" content=\"645\" \/>\n\t<meta property=\"og:image:type\" content=\"image\/png\" \/>\n<meta name=\"author\" content=\"La Sentinelle\" \/>\n<meta name=\"twitter:card\" content=\"summary_large_image\" \/>\n<meta name=\"twitter:label1\" content=\"\u00c9crit par\" \/>\n\t<meta name=\"twitter:data1\" content=\"La Sentinelle\" \/>\n\t<meta name=\"twitter:label2\" content=\"Dur\u00e9e de lecture estim\u00e9e\" \/>\n\t<meta name=\"twitter:data2\" content=\"3 minutes\" \/>\n<script type=\"application\/ld+json\" class=\"yoast-schema-graph\">{\"@context\":\"https:\\\/\\\/schema.org\",\"@graph\":[{\"@type\":\"Article\",\"@id\":\"https:\\\/\\\/lasentinelle.dz\\\/index.php\\\/2021\\\/08\\\/30\\\/reunion-de-lopep-et-ses-allies-vers-une-revision-de-la-hausse-de-la-production\\\/#article\",\"isPartOf\":{\"@id\":\"https:\\\/\\\/lasentinelle.dz\\\/index.php\\\/2021\\\/08\\\/30\\\/reunion-de-lopep-et-ses-allies-vers-une-revision-de-la-hausse-de-la-production\\\/\"},\"author\":{\"name\":\"La Sentinelle\",\"@id\":\"https:\\\/\\\/lasentinelle.dz\\\/#\\\/schema\\\/person\\\/d865044e22e70a75174ce8bcad3acfb3\"},\"headline\":\"R\u00e9union de l&rsquo;OPEP et ses alli\u00e9s : Vers une r\u00e9vision de la hausse de la production\",\"datePublished\":\"2021-08-29T23:05:00+00:00\",\"mainEntityOfPage\":{\"@id\":\"https:\\\/\\\/lasentinelle.dz\\\/index.php\\\/2021\\\/08\\\/30\\\/reunion-de-lopep-et-ses-allies-vers-une-revision-de-la-hausse-de-la-production\\\/\"},\"wordCount\":597,\"commentCount\":0,\"publisher\":{\"@id\":\"https:\\\/\\\/lasentinelle.dz\\\/#organization\"},\"image\":{\"@id\":\"https:\\\/\\\/lasentinelle.dz\\\/index.php\\\/2021\\\/08\\\/30\\\/reunion-de-lopep-et-ses-allies-vers-une-revision-de-la-hausse-de-la-production\\\/#primaryimage\"},\"thumbnailUrl\":\"https:\\\/\\\/lasentinelle.dz\\\/wp-content\\\/uploads\\\/2021\\\/08\\\/image_2021-08-29_171357.png\",\"articleSection\":[\"\u00c0 la Une\",\"\u00c9conomie\"],\"inLanguage\":\"fr-FR\",\"potentialAction\":[{\"@type\":\"CommentAction\",\"name\":\"Comment\",\"target\":[\"https:\\\/\\\/lasentinelle.dz\\\/index.php\\\/2021\\\/08\\\/30\\\/reunion-de-lopep-et-ses-allies-vers-une-revision-de-la-hausse-de-la-production\\\/#respond\"]}]},{\"@type\":\"WebPage\",\"@id\":\"https:\\\/\\\/lasentinelle.dz\\\/index.php\\\/2021\\\/08\\\/30\\\/reunion-de-lopep-et-ses-allies-vers-une-revision-de-la-hausse-de-la-production\\\/\",\"url\":\"https:\\\/\\\/lasentinelle.dz\\\/index.php\\\/2021\\\/08\\\/30\\\/reunion-de-lopep-et-ses-allies-vers-une-revision-de-la-hausse-de-la-production\\\/\",\"name\":\"R\u00e9union de l'OPEP et ses alli\u00e9s : Vers une r\u00e9vision de la hausse de la production - La Sentinelle\",\"isPartOf\":{\"@id\":\"https:\\\/\\\/lasentinelle.dz\\\/#website\"},\"primaryImageOfPage\":{\"@id\":\"https:\\\/\\\/lasentinelle.dz\\\/index.php\\\/2021\\\/08\\\/30\\\/reunion-de-lopep-et-ses-allies-vers-une-revision-de-la-hausse-de-la-production\\\/#primaryimage\"},\"image\":{\"@id\":\"https:\\\/\\\/lasentinelle.dz\\\/index.php\\\/2021\\\/08\\\/30\\\/reunion-de-lopep-et-ses-allies-vers-une-revision-de-la-hausse-de-la-production\\\/#primaryimage\"},\"thumbnailUrl\":\"https:\\\/\\\/lasentinelle.dz\\\/wp-content\\\/uploads\\\/2021\\\/08\\\/image_2021-08-29_171357.png\",\"datePublished\":\"2021-08-29T23:05:00+00:00\",\"breadcrumb\":{\"@id\":\"https:\\\/\\\/lasentinelle.dz\\\/index.php\\\/2021\\\/08\\\/30\\\/reunion-de-lopep-et-ses-allies-vers-une-revision-de-la-hausse-de-la-production\\\/#breadcrumb\"},\"inLanguage\":\"fr-FR\",\"potentialAction\":[{\"@type\":\"ReadAction\",\"target\":[\"https:\\\/\\\/lasentinelle.dz\\\/index.php\\\/2021\\\/08\\\/30\\\/reunion-de-lopep-et-ses-allies-vers-une-revision-de-la-hausse-de-la-production\\\/\"]}]},{\"@type\":\"ImageObject\",\"inLanguage\":\"fr-FR\",\"@id\":\"https:\\\/\\\/lasentinelle.dz\\\/index.php\\\/2021\\\/08\\\/30\\\/reunion-de-lopep-et-ses-allies-vers-une-revision-de-la-hausse-de-la-production\\\/#primaryimage\",\"url\":\"https:\\\/\\\/lasentinelle.dz\\\/wp-content\\\/uploads\\\/2021\\\/08\\\/image_2021-08-29_171357.png\",\"contentUrl\":\"https:\\\/\\\/lasentinelle.dz\\\/wp-content\\\/uploads\\\/2021\\\/08\\\/image_2021-08-29_171357.png\",\"width\":3253,\"height\":2049},{\"@type\":\"BreadcrumbList\",\"@id\":\"https:\\\/\\\/lasentinelle.dz\\\/index.php\\\/2021\\\/08\\\/30\\\/reunion-de-lopep-et-ses-allies-vers-une-revision-de-la-hausse-de-la-production\\\/#breadcrumb\",\"itemListElement\":[{\"@type\":\"ListItem\",\"position\":1,\"name\":\"Accueil\",\"item\":\"https:\\\/\\\/lasentinelle.dz\\\/\"},{\"@type\":\"ListItem\",\"position\":2,\"name\":\"R\u00e9union de l&rsquo;OPEP et ses alli\u00e9s : Vers une r\u00e9vision de la hausse de la production\"}]},{\"@type\":\"WebSite\",\"@id\":\"https:\\\/\\\/lasentinelle.dz\\\/#website\",\"url\":\"https:\\\/\\\/lasentinelle.dz\\\/\",\"name\":\"La Sentinelle\",\"description\":\"Quotidien national d&#039;information\",\"publisher\":{\"@id\":\"https:\\\/\\\/lasentinelle.dz\\\/#organization\"},\"potentialAction\":[{\"@type\":\"SearchAction\",\"target\":{\"@type\":\"EntryPoint\",\"urlTemplate\":\"https:\\\/\\\/lasentinelle.dz\\\/?s={search_term_string}\"},\"query-input\":{\"@type\":\"PropertyValueSpecification\",\"valueRequired\":true,\"valueName\":\"search_term_string\"}}],\"inLanguage\":\"fr-FR\"},{\"@type\":\"Organization\",\"@id\":\"https:\\\/\\\/lasentinelle.dz\\\/#organization\",\"name\":\"Quotidien La Sentinelle\",\"url\":\"https:\\\/\\\/lasentinelle.dz\\\/\",\"logo\":{\"@type\":\"ImageObject\",\"inLanguage\":\"fr-FR\",\"@id\":\"https:\\\/\\\/lasentinelle.dz\\\/#\\\/schema\\\/logo\\\/image\\\/\",\"url\":\"https:\\\/\\\/lasentinelle.dz\\\/wp-content\\\/uploads\\\/2021\\\/09\\\/logo-sentinelleSLOGAN-1.png\",\"contentUrl\":\"https:\\\/\\\/lasentinelle.dz\\\/wp-content\\\/uploads\\\/2021\\\/09\\\/logo-sentinelleSLOGAN-1.png\",\"width\":615,\"height\":142,\"caption\":\"Quotidien La Sentinelle\"},\"image\":{\"@id\":\"https:\\\/\\\/lasentinelle.dz\\\/#\\\/schema\\\/logo\\\/image\\\/\"},\"sameAs\":[\"https:\\\/\\\/www.facebook.com\\\/La-Sentinelle-104059864394773\"]},{\"@type\":\"Person\",\"@id\":\"https:\\\/\\\/lasentinelle.dz\\\/#\\\/schema\\\/person\\\/d865044e22e70a75174ce8bcad3acfb3\",\"name\":\"La Sentinelle\",\"image\":{\"@type\":\"ImageObject\",\"inLanguage\":\"fr-FR\",\"@id\":\"https:\\\/\\\/secure.gravatar.com\\\/avatar\\\/57de8e5d4b15d43fb361a71fbb36338450fe67865b528a43dd10ef7c51a20392?s=96&d=mm&r=g\",\"url\":\"https:\\\/\\\/secure.gravatar.com\\\/avatar\\\/57de8e5d4b15d43fb361a71fbb36338450fe67865b528a43dd10ef7c51a20392?s=96&d=mm&r=g\",\"contentUrl\":\"https:\\\/\\\/secure.gravatar.com\\\/avatar\\\/57de8e5d4b15d43fb361a71fbb36338450fe67865b528a43dd10ef7c51a20392?s=96&d=mm&r=g\",\"caption\":\"La Sentinelle\"},\"sameAs\":[\"http:\\\/\\\/www.lasentinelle.dz\"],\"url\":\"https:\\\/\\\/lasentinelle.dz\\\/author\\\/redaction\\\/\"}]}<\/script>\n<!-- \/ Yoast SEO plugin. -->","yoast_head_json":{"title":"R\u00e9union de l'OPEP et ses alli\u00e9s : Vers une r\u00e9vision de la hausse de la production - La Sentinelle","robots":{"index":"index","follow":"follow","max-snippet":"max-snippet:-1","max-image-preview":"max-image-preview:large","max-video-preview":"max-video-preview:-1"},"canonical":"https:\/\/lasentinelle.dz\/index.php\/2021\/08\/30\/reunion-de-lopep-et-ses-allies-vers-une-revision-de-la-hausse-de-la-production\/","og_locale":"fr_FR","og_type":"article","og_title":"R\u00e9union de l'OPEP et ses alli\u00e9s : Vers une r\u00e9vision de la hausse de la production - La Sentinelle","og_description":"L&rsquo;augmentation de la production p\u00e9troli\u00e8re convenue au mois dernier par les pays de l&rsquo;Opep+ pourrait \u00eatre r\u00e9examin\u00e9e lors de la","og_url":"https:\/\/lasentinelle.dz\/index.php\/2021\/08\/30\/reunion-de-lopep-et-ses-allies-vers-une-revision-de-la-hausse-de-la-production\/","og_site_name":"La Sentinelle","article_publisher":"https:\/\/www.facebook.com\/La-Sentinelle-104059864394773","article_published_time":"2021-08-29T23:05:00+00:00","og_image":[{"width":1024,"height":645,"url":"https:\/\/lasentinelle.dz\/wp-content\/uploads\/2021\/08\/image_2021-08-29_171357-1024x645.png","type":"image\/png"}],"author":"La Sentinelle","twitter_card":"summary_large_image","twitter_misc":{"\u00c9crit par":"La Sentinelle","Dur\u00e9e de lecture estim\u00e9e":"3 minutes"},"schema":{"@context":"https:\/\/schema.org","@graph":[{"@type":"Article","@id":"https:\/\/lasentinelle.dz\/index.php\/2021\/08\/30\/reunion-de-lopep-et-ses-allies-vers-une-revision-de-la-hausse-de-la-production\/#article","isPartOf":{"@id":"https:\/\/lasentinelle.dz\/index.php\/2021\/08\/30\/reunion-de-lopep-et-ses-allies-vers-une-revision-de-la-hausse-de-la-production\/"},"author":{"name":"La Sentinelle","@id":"https:\/\/lasentinelle.dz\/#\/schema\/person\/d865044e22e70a75174ce8bcad3acfb3"},"headline":"R\u00e9union de l&rsquo;OPEP et ses alli\u00e9s : Vers une r\u00e9vision de la hausse de la production","datePublished":"2021-08-29T23:05:00+00:00","mainEntityOfPage":{"@id":"https:\/\/lasentinelle.dz\/index.php\/2021\/08\/30\/reunion-de-lopep-et-ses-allies-vers-une-revision-de-la-hausse-de-la-production\/"},"wordCount":597,"commentCount":0,"publisher":{"@id":"https:\/\/lasentinelle.dz\/#organization"},"image":{"@id":"https:\/\/lasentinelle.dz\/index.php\/2021\/08\/30\/reunion-de-lopep-et-ses-allies-vers-une-revision-de-la-hausse-de-la-production\/#primaryimage"},"thumbnailUrl":"https:\/\/lasentinelle.dz\/wp-content\/uploads\/2021\/08\/image_2021-08-29_171357.png","articleSection":["\u00c0 la Une","\u00c9conomie"],"inLanguage":"fr-FR","potentialAction":[{"@type":"CommentAction","name":"Comment","target":["https:\/\/lasentinelle.dz\/index.php\/2021\/08\/30\/reunion-de-lopep-et-ses-allies-vers-une-revision-de-la-hausse-de-la-production\/#respond"]}]},{"@type":"WebPage","@id":"https:\/\/lasentinelle.dz\/index.php\/2021\/08\/30\/reunion-de-lopep-et-ses-allies-vers-une-revision-de-la-hausse-de-la-production\/","url":"https:\/\/lasentinelle.dz\/index.php\/2021\/08\/30\/reunion-de-lopep-et-ses-allies-vers-une-revision-de-la-hausse-de-la-production\/","name":"R\u00e9union de l'OPEP et ses alli\u00e9s : Vers une r\u00e9vision de la hausse de la production - La Sentinelle","isPartOf":{"@id":"https:\/\/lasentinelle.dz\/#website"},"primaryImageOfPage":{"@id":"https:\/\/lasentinelle.dz\/index.php\/2021\/08\/30\/reunion-de-lopep-et-ses-allies-vers-une-revision-de-la-hausse-de-la-production\/#primaryimage"},"image":{"@id":"https:\/\/lasentinelle.dz\/index.php\/2021\/08\/30\/reunion-de-lopep-et-ses-allies-vers-une-revision-de-la-hausse-de-la-production\/#primaryimage"},"thumbnailUrl":"https:\/\/lasentinelle.dz\/wp-content\/uploads\/2021\/08\/image_2021-08-29_171357.png","datePublished":"2021-08-29T23:05:00+00:00","breadcrumb":{"@id":"https:\/\/lasentinelle.dz\/index.php\/2021\/08\/30\/reunion-de-lopep-et-ses-allies-vers-une-revision-de-la-hausse-de-la-production\/#breadcrumb"},"inLanguage":"fr-FR","potentialAction":[{"@type":"ReadAction","target":["https:\/\/lasentinelle.dz\/index.php\/2021\/08\/30\/reunion-de-lopep-et-ses-allies-vers-une-revision-de-la-hausse-de-la-production\/"]}]},{"@type":"ImageObject","inLanguage":"fr-FR","@id":"https:\/\/lasentinelle.dz\/index.php\/2021\/08\/30\/reunion-de-lopep-et-ses-allies-vers-une-revision-de-la-hausse-de-la-production\/#primaryimage","url":"https:\/\/lasentinelle.dz\/wp-content\/uploads\/2021\/08\/image_2021-08-29_171357.png","contentUrl":"https:\/\/lasentinelle.dz\/wp-content\/uploads\/2021\/08\/image_2021-08-29_171357.png","width":3253,"height":2049},{"@type":"BreadcrumbList","@id":"https:\/\/lasentinelle.dz\/index.php\/2021\/08\/30\/reunion-de-lopep-et-ses-allies-vers-une-revision-de-la-hausse-de-la-production\/#breadcrumb","itemListElement":[{"@type":"ListItem","position":1,"name":"Accueil","item":"https:\/\/lasentinelle.dz\/"},{"@type":"ListItem","position":2,"name":"R\u00e9union de l&rsquo;OPEP et ses alli\u00e9s : Vers une r\u00e9vision de la hausse de la production"}]},{"@type":"WebSite","@id":"https:\/\/lasentinelle.dz\/#website","url":"https:\/\/lasentinelle.dz\/","name":"La Sentinelle","description":"Quotidien national d&#039;information","publisher":{"@id":"https:\/\/lasentinelle.dz\/#organization"},"potentialAction":[{"@type":"SearchAction","target":{"@type":"EntryPoint","urlTemplate":"https:\/\/lasentinelle.dz\/?s={search_term_string}"},"query-input":{"@type":"PropertyValueSpecification","valueRequired":true,"valueName":"search_term_string"}}],"inLanguage":"fr-FR"},{"@type":"Organization","@id":"https:\/\/lasentinelle.dz\/#organization","name":"Quotidien La Sentinelle","url":"https:\/\/lasentinelle.dz\/","logo":{"@type":"ImageObject","inLanguage":"fr-FR","@id":"https:\/\/lasentinelle.dz\/#\/schema\/logo\/image\/","url":"https:\/\/lasentinelle.dz\/wp-content\/uploads\/2021\/09\/logo-sentinelleSLOGAN-1.png","contentUrl":"https:\/\/lasentinelle.dz\/wp-content\/uploads\/2021\/09\/logo-sentinelleSLOGAN-1.png","width":615,"height":142,"caption":"Quotidien La Sentinelle"},"image":{"@id":"https:\/\/lasentinelle.dz\/#\/schema\/logo\/image\/"},"sameAs":["https:\/\/www.facebook.com\/La-Sentinelle-104059864394773"]},{"@type":"Person","@id":"https:\/\/lasentinelle.dz\/#\/schema\/person\/d865044e22e70a75174ce8bcad3acfb3","name":"La Sentinelle","image":{"@type":"ImageObject","inLanguage":"fr-FR","@id":"https:\/\/secure.gravatar.com\/avatar\/57de8e5d4b15d43fb361a71fbb36338450fe67865b528a43dd10ef7c51a20392?s=96&d=mm&r=g","url":"https:\/\/secure.gravatar.com\/avatar\/57de8e5d4b15d43fb361a71fbb36338450fe67865b528a43dd10ef7c51a20392?s=96&d=mm&r=g","contentUrl":"https:\/\/secure.gravatar.com\/avatar\/57de8e5d4b15d43fb361a71fbb36338450fe67865b528a43dd10ef7c51a20392?s=96&d=mm&r=g","caption":"La Sentinelle"},"sameAs":["http:\/\/www.lasentinelle.dz"],"url":"https:\/\/lasentinelle.dz\/author\/redaction\/"}]}},"_links":{"self":[{"href":"https:\/\/lasentinelle.dz\/index.php\/wp-json\/wp\/v2\/posts\/5807","targetHints":{"allow":["GET"]}}],"collection":[{"href":"https:\/\/lasentinelle.dz\/index.php\/wp-json\/wp\/v2\/posts"}],"about":[{"href":"https:\/\/lasentinelle.dz\/index.php\/wp-json\/wp\/v2\/types\/post"}],"author":[{"embeddable":true,"href":"https:\/\/lasentinelle.dz\/index.php\/wp-json\/wp\/v2\/users\/3"}],"replies":[{"embeddable":true,"href":"https:\/\/lasentinelle.dz\/index.php\/wp-json\/wp\/v2\/comments?post=5807"}],"version-history":[{"count":1,"href":"https:\/\/lasentinelle.dz\/index.php\/wp-json\/wp\/v2\/posts\/5807\/revisions"}],"predecessor-version":[{"id":5822,"href":"https:\/\/lasentinelle.dz\/index.php\/wp-json\/wp\/v2\/posts\/5807\/revisions\/5822"}],"wp:featuredmedia":[{"embeddable":true,"href":"https:\/\/lasentinelle.dz\/index.php\/wp-json\/wp\/v2\/media\/5818"}],"wp:attachment":[{"href":"https:\/\/lasentinelle.dz\/index.php\/wp-json\/wp\/v2\/media?parent=5807"}],"wp:term":[{"taxonomy":"category","embeddable":true,"href":"https:\/\/lasentinelle.dz\/index.php\/wp-json\/wp\/v2\/categories?post=5807"},{"taxonomy":"post_tag","embeddable":true,"href":"https:\/\/lasentinelle.dz\/index.php\/wp-json\/wp\/v2\/tags?post=5807"}],"curies":[{"name":"wp","href":"https:\/\/api.w.org\/{rel}","templated":true}]}}