{"id":58112,"date":"2024-10-13T14:00:30","date_gmt":"2024-10-13T13:00:30","guid":{"rendered":"https:\/\/lasentinelle.dz\/?p=58112"},"modified":"2024-10-13T14:00:31","modified_gmt":"2024-10-13T13:00:31","slug":"pillage-des-ressources-du-sahara-occidental-la-decision-de-la-cjue-a-devoile-la-realite-de-loccupation-marocaine","status":"publish","type":"post","link":"https:\/\/lasentinelle.dz\/index.php\/2024\/10\/13\/pillage-des-ressources-du-sahara-occidental-la-decision-de-la-cjue-a-devoile-la-realite-de-loccupation-marocaine\/","title":{"rendered":"Pillage des ressources du Sahara occidental\u00a0: La d\u00e9cision de la CJUE a d\u00e9voil\u00e9 la r\u00e9alit\u00e9 de l\u2019occupation marocaine"},"content":{"rendered":"\n<p>L&rsquo;Institut national d&rsquo;\u00e9tudes strat\u00e9giques globales d&rsquo;Alger a organis\u00e9 hyize une conf\u00e9rence intitul\u00e9e \u00ab\u00a0Les richesses du Sahara occidental : foyer du conflit dans la r\u00e9gion et approches juridiques pour le contenir\u00a0\u00bb. Cet \u00e9v\u00e9nement a r\u00e9uni plusieurs personnalit\u00e9s de premier plan pour discuter des enjeux li\u00e9s \u00e0 l&rsquo;exploitation ill\u00e9gale des ressources naturelles du Sahara occidental et des implications juridiques et diplomatiques qui en d\u00e9coulent.<\/p>\n\n\n\n<p>L&rsquo;ambassadeur de la R\u00e9publique arabe sahraouie d\u00e9mocratique (RASD) en Alg\u00e9rie, Abdelkader Taleb Omar, a ouvert les d\u00e9bats en mettant en lumi\u00e8re la r\u00e9cente d\u00e9cision de la Cour de justice europ\u00e9enne. Cette d\u00e9cision, qui confirme l\u2019ill\u00e9galit\u00e9 des accords commerciaux entre le Maroc et l&rsquo;Union europ\u00e9enne incluant les territoires sahraouis occup\u00e9s, a \u00ab\u00a0r\u00e9v\u00e9l\u00e9 la v\u00e9rit\u00e9 sur l&rsquo;occupation marocaine et ses alli\u00e9s\u00a0\u00bb. L&rsquo;ambassadeur a dress\u00e9 un tableau sombre de la situation dans les territoires occup\u00e9s, soulignant que le Maroc m\u00e8ne une politique syst\u00e9matique visant \u00e0 \u00e9radiquer l&rsquo;identit\u00e9 sahraouie. Il a notamment \u00e9voqu\u00e9 le pillage des ressources naturelles, la construction du \u00ab\u00a0mur de la honte\u00a0\u00bb divisant le territoire, la confiscation de biens et la torture de prisonniers d&rsquo;opinion.<\/p>\n\n\n\n<p>Taleb Omar a \u00e9galement d\u00e9nonc\u00e9 les man\u0153uvres du Maroc pour isoler le Sahara occidental et emp\u00eacher l&rsquo;acc\u00e8s des observateurs internationaux, soulignant que ces actions sont une tentative de dissimuler les violations des droits de l&rsquo;homme commises contre le peuple sahraoui. Il a conclu son intervention en soulignant l&rsquo;importance cruciale de la question des droits de l&rsquo;homme dans la poursuite de la lutte du peuple sahraoui.<\/p>\n\n\n\n<p>Mohamed Salem Ould Salek, ministre conseiller \u00e0 la pr\u00e9sidence de la R\u00e9publique sahraouie charg\u00e9 des affaires diplomatiques, a quant \u00e0 lui centr\u00e9 son discours sur les aspects juridiques de l&rsquo;exploitation des ressources du Sahara occidental. Il a r\u00e9affirm\u00e9 le droit inali\u00e9nable du peuple sahraoui \u00e0 l&rsquo;autod\u00e9termination et sa souverainet\u00e9 sur ses ressources naturelles. Ould Salek a insist\u00e9 sur le fait que l&rsquo;Union europ\u00e9enne n&rsquo;a pas le droit de conclure des accords avec le Maroc concernant le Sahara occidental ou ses ressources sans le consentement du peuple sahraoui, repr\u00e9sent\u00e9 par le Front Polisario. Il a rappel\u00e9 que le Front Polisario a le droit de plaider devant les tribunaux europ\u00e9ens pour d\u00e9fendre ces richesses. Le ministre conseiller a \u00e9galement ouvert la porte \u00e0 de futures coop\u00e9rations, d\u00e9clarant que la R\u00e9publique sahraouie est pr\u00eate \u00e0 collaborer avec tous les pays souhaitant b\u00e9n\u00e9ficier de ses ressources naturelles, \u00e0 condition que cela se fasse dans le respect de la souverainet\u00e9 permanente du peuple sahraoui sur ses richesses, conform\u00e9ment aux r\u00e9solutions de l&rsquo;ONU.<\/p>\n\n\n\n<p>Abdelaziz Mejahed, directeur g\u00e9n\u00e9ral de l&rsquo;Institut national d&rsquo;\u00e9tudes strat\u00e9giques globales, a apport\u00e9 une perspective plus large au d\u00e9bat en \u00e9tablissant un parall\u00e8le entre la situation au Sahara occidental et les \u00e9v\u00e9nements actuels au Moyen-Orient. Il a notamment compar\u00e9 le D\u00e9luge d&rsquo;Al-Aqsa \u00e0 Ghaza \u00e0 l&rsquo;intifada de Zemla pr\u00e8s de La\u00e2youne occup\u00e9e, les qualifiant \u00ab\u00a0d&rsquo;\u00e9v\u00e9nements rapproch\u00e9s\u00a0\u00bb. Mejahed a appel\u00e9 \u00e0 une \u00e9volution de la lutte sahraouie, plaidant pour que la \u00ab\u00a0bataille de la volont\u00e9\u00a0\u00bb men\u00e9e depuis un demi-si\u00e8cle se transforme en une \u00ab\u00a0bataille de la conscience\u00a0\u00bb, \u00e0 l&rsquo;instar de ce qui se produit actuellement en Palestine. Selon lui, cette \u00e9volution pourrait amener l&rsquo;Occident et l&rsquo;opinion publique internationale \u00e0 reconsid\u00e9rer leurs approches et m\u00eame leur terminologie concernant la cause sahraouie, comme cela s&rsquo;observe actuellement pour la question palestinienne.<\/p>\n\n\n\n<p>La conf\u00e9rence a \u00e9galement abord\u00e9 d&rsquo;autres th\u00e9matiques importantes telles que l&rsquo;impact de la mondialisation, les enjeux \u00e9conomiques li\u00e9s \u00e0 l&rsquo;exploitation des ressources, et les aspects id\u00e9ologiques du conflit. Un accent particulier a \u00e9t\u00e9 mis sur l&rsquo;analyse de la position de la justice europ\u00e9enne concernant le droit du peuple sahraoui \u00e0 la souverainet\u00e9 sur ses richesses. Cet \u00e9v\u00e9nement a ainsi offert une plateforme de discussion approfondie sur les multiples facettes du conflit au Sahara occidental, mettant en lumi\u00e8re les d\u00e9fis juridiques, diplomatiques et humanitaires auxquels font face les Sahraouis dans leur qu\u00eate d&rsquo;autod\u00e9termination et de contr\u00f4le de leurs ressources naturelles. Les intervenants ont soulign\u00e9 l&rsquo;importance de la solidarit\u00e9 internationale et du respect du droit international pour r\u00e9soudre ce conflit de longue date, tout en appelant \u00e0 une prise de conscience accrue de la communaut\u00e9 internationale sur les enjeux de cette r\u00e9gion strat\u00e9gique d&rsquo;Afrique du Nord.<\/p>\n\n\n\n<p>R.I.<\/p>\n","protected":false},"excerpt":{"rendered":"<p>L&rsquo;Institut national d&rsquo;\u00e9tudes strat\u00e9giques globales d&rsquo;Alger a organis\u00e9 hyize une conf\u00e9rence intitul\u00e9e \u00ab\u00a0Les richesses du Sahara occidental : foyer du<\/p>\n","protected":false},"author":6,"featured_media":49896,"comment_status":"open","ping_status":"closed","sticky":false,"template":"","format":"standard","meta":{"colormag_page_container_layout":"default_layout","colormag_page_sidebar_layout":"default_layout","om_disable_all_campaigns":false,"_monsterinsights_skip_tracking":false,"_monsterinsights_sitenote_active":false,"_monsterinsights_sitenote_note":"","_monsterinsights_sitenote_category":0,"footnotes":"","_wpscppro_dont_share_socialmedia":false,"_wpscppro_custom_social_share_image":0,"_facebook_share_type":"default","_twitter_share_type":"default","_linkedin_share_type":"default","_pinterest_share_type":"default","_linkedin_share_type_page":"","_instagram_share_type":"default","_medium_share_type":"default","_threads_share_type":"","_google_business_share_type":"","_selected_social_profile":[],"_wpsp_enable_custom_social_template":false,"_wpsp_social_scheduling":{"enabled":false,"datetime":null,"platforms":[],"status":"template_only","dateOption":"today","timeOption":"now","customDays":"","customHours":"","customDate":"","customTime":"","schedulingType":"absolute"},"_wpsp_active_default_template":true},"categories":[52,37],"tags":[],"class_list":["post-58112","post","type-post","status-publish","format-standard","has-post-thumbnail","hentry","category-a-la-une","category-monde"],"aioseo_notices":[],"yoast_head":"<!-- This site is optimized with the Yoast SEO plugin v27.5 - https:\/\/yoast.com\/product\/yoast-seo-wordpress\/ -->\n<title>Pillage des ressources du Sahara occidental\u00a0: La d\u00e9cision de la CJUE a d\u00e9voil\u00e9 la r\u00e9alit\u00e9 de l\u2019occupation marocaine - La Sentinelle<\/title>\n<meta name=\"robots\" content=\"index, follow, max-snippet:-1, max-image-preview:large, max-video-preview:-1\" \/>\n<link rel=\"canonical\" href=\"https:\/\/lasentinelle.dz\/index.php\/2024\/10\/13\/pillage-des-ressources-du-sahara-occidental-la-decision-de-la-cjue-a-devoile-la-realite-de-loccupation-marocaine\/\" \/>\n<meta property=\"og:locale\" content=\"fr_FR\" \/>\n<meta property=\"og:type\" content=\"article\" \/>\n<meta property=\"og:title\" content=\"Pillage des ressources du Sahara occidental\u00a0: La d\u00e9cision de la CJUE a d\u00e9voil\u00e9 la r\u00e9alit\u00e9 de l\u2019occupation marocaine - La Sentinelle\" \/>\n<meta property=\"og:description\" content=\"L&rsquo;Institut national d&rsquo;\u00e9tudes strat\u00e9giques globales d&rsquo;Alger a organis\u00e9 hyize une conf\u00e9rence intitul\u00e9e \u00ab\u00a0Les richesses du Sahara occidental : foyer du\" \/>\n<meta property=\"og:url\" content=\"https:\/\/lasentinelle.dz\/index.php\/2024\/10\/13\/pillage-des-ressources-du-sahara-occidental-la-decision-de-la-cjue-a-devoile-la-realite-de-loccupation-marocaine\/\" \/>\n<meta property=\"og:site_name\" content=\"La Sentinelle\" \/>\n<meta property=\"article:publisher\" content=\"https:\/\/www.facebook.com\/La-Sentinelle-104059864394773\" \/>\n<meta property=\"article:published_time\" content=\"2024-10-13T13:00:30+00:00\" \/>\n<meta property=\"article:modified_time\" content=\"2024-10-13T13:00:31+00:00\" \/>\n<meta property=\"og:image\" content=\"https:\/\/lasentinelle.dz\/wp-content\/uploads\/2024\/02\/Abdelkader-Taleb-Omar.jpeg\" \/>\n\t<meta property=\"og:image:width\" content=\"745\" \/>\n\t<meta property=\"og:image:height\" content=\"470\" \/>\n\t<meta property=\"og:image:type\" content=\"image\/jpeg\" \/>\n<meta name=\"author\" content=\"admin\" \/>\n<meta name=\"twitter:card\" content=\"summary_large_image\" \/>\n<meta name=\"twitter:label1\" content=\"\u00c9crit par\" \/>\n\t<meta name=\"twitter:data1\" content=\"admin\" \/>\n\t<meta name=\"twitter:label2\" content=\"Dur\u00e9e de lecture estim\u00e9e\" \/>\n\t<meta name=\"twitter:data2\" content=\"4 minutes\" \/>\n<script type=\"application\/ld+json\" class=\"yoast-schema-graph\">{\"@context\":\"https:\\\/\\\/schema.org\",\"@graph\":[{\"@type\":\"Article\",\"@id\":\"https:\\\/\\\/lasentinelle.dz\\\/index.php\\\/2024\\\/10\\\/13\\\/pillage-des-ressources-du-sahara-occidental-la-decision-de-la-cjue-a-devoile-la-realite-de-loccupation-marocaine\\\/#article\",\"isPartOf\":{\"@id\":\"https:\\\/\\\/lasentinelle.dz\\\/index.php\\\/2024\\\/10\\\/13\\\/pillage-des-ressources-du-sahara-occidental-la-decision-de-la-cjue-a-devoile-la-realite-de-loccupation-marocaine\\\/\"},\"author\":{\"name\":\"admin\",\"@id\":\"https:\\\/\\\/lasentinelle.dz\\\/#\\\/schema\\\/person\\\/729ee0024f24e0b8c5ec17232f8e8b41\"},\"headline\":\"Pillage des ressources du Sahara occidental\u00a0: La d\u00e9cision de la CJUE a d\u00e9voil\u00e9 la r\u00e9alit\u00e9 de l\u2019occupation marocaine\",\"datePublished\":\"2024-10-13T13:00:30+00:00\",\"dateModified\":\"2024-10-13T13:00:31+00:00\",\"mainEntityOfPage\":{\"@id\":\"https:\\\/\\\/lasentinelle.dz\\\/index.php\\\/2024\\\/10\\\/13\\\/pillage-des-ressources-du-sahara-occidental-la-decision-de-la-cjue-a-devoile-la-realite-de-loccupation-marocaine\\\/\"},\"wordCount\":801,\"commentCount\":0,\"publisher\":{\"@id\":\"https:\\\/\\\/lasentinelle.dz\\\/#organization\"},\"image\":{\"@id\":\"https:\\\/\\\/lasentinelle.dz\\\/index.php\\\/2024\\\/10\\\/13\\\/pillage-des-ressources-du-sahara-occidental-la-decision-de-la-cjue-a-devoile-la-realite-de-loccupation-marocaine\\\/#primaryimage\"},\"thumbnailUrl\":\"https:\\\/\\\/lasentinelle.dz\\\/wp-content\\\/uploads\\\/2024\\\/02\\\/Abdelkader-Taleb-Omar.jpeg\",\"articleSection\":[\"\u00c0 la Une\",\"Monde\"],\"inLanguage\":\"fr-FR\",\"potentialAction\":[{\"@type\":\"CommentAction\",\"name\":\"Comment\",\"target\":[\"https:\\\/\\\/lasentinelle.dz\\\/index.php\\\/2024\\\/10\\\/13\\\/pillage-des-ressources-du-sahara-occidental-la-decision-de-la-cjue-a-devoile-la-realite-de-loccupation-marocaine\\\/#respond\"]}]},{\"@type\":\"WebPage\",\"@id\":\"https:\\\/\\\/lasentinelle.dz\\\/index.php\\\/2024\\\/10\\\/13\\\/pillage-des-ressources-du-sahara-occidental-la-decision-de-la-cjue-a-devoile-la-realite-de-loccupation-marocaine\\\/\",\"url\":\"https:\\\/\\\/lasentinelle.dz\\\/index.php\\\/2024\\\/10\\\/13\\\/pillage-des-ressources-du-sahara-occidental-la-decision-de-la-cjue-a-devoile-la-realite-de-loccupation-marocaine\\\/\",\"name\":\"Pillage des ressources du Sahara occidental\u00a0: La d\u00e9cision de la CJUE a d\u00e9voil\u00e9 la r\u00e9alit\u00e9 de l\u2019occupation marocaine - La Sentinelle\",\"isPartOf\":{\"@id\":\"https:\\\/\\\/lasentinelle.dz\\\/#website\"},\"primaryImageOfPage\":{\"@id\":\"https:\\\/\\\/lasentinelle.dz\\\/index.php\\\/2024\\\/10\\\/13\\\/pillage-des-ressources-du-sahara-occidental-la-decision-de-la-cjue-a-devoile-la-realite-de-loccupation-marocaine\\\/#primaryimage\"},\"image\":{\"@id\":\"https:\\\/\\\/lasentinelle.dz\\\/index.php\\\/2024\\\/10\\\/13\\\/pillage-des-ressources-du-sahara-occidental-la-decision-de-la-cjue-a-devoile-la-realite-de-loccupation-marocaine\\\/#primaryimage\"},\"thumbnailUrl\":\"https:\\\/\\\/lasentinelle.dz\\\/wp-content\\\/uploads\\\/2024\\\/02\\\/Abdelkader-Taleb-Omar.jpeg\",\"datePublished\":\"2024-10-13T13:00:30+00:00\",\"dateModified\":\"2024-10-13T13:00:31+00:00\",\"breadcrumb\":{\"@id\":\"https:\\\/\\\/lasentinelle.dz\\\/index.php\\\/2024\\\/10\\\/13\\\/pillage-des-ressources-du-sahara-occidental-la-decision-de-la-cjue-a-devoile-la-realite-de-loccupation-marocaine\\\/#breadcrumb\"},\"inLanguage\":\"fr-FR\",\"potentialAction\":[{\"@type\":\"ReadAction\",\"target\":[\"https:\\\/\\\/lasentinelle.dz\\\/index.php\\\/2024\\\/10\\\/13\\\/pillage-des-ressources-du-sahara-occidental-la-decision-de-la-cjue-a-devoile-la-realite-de-loccupation-marocaine\\\/\"]}]},{\"@type\":\"ImageObject\",\"inLanguage\":\"fr-FR\",\"@id\":\"https:\\\/\\\/lasentinelle.dz\\\/index.php\\\/2024\\\/10\\\/13\\\/pillage-des-ressources-du-sahara-occidental-la-decision-de-la-cjue-a-devoile-la-realite-de-loccupation-marocaine\\\/#primaryimage\",\"url\":\"https:\\\/\\\/lasentinelle.dz\\\/wp-content\\\/uploads\\\/2024\\\/02\\\/Abdelkader-Taleb-Omar.jpeg\",\"contentUrl\":\"https:\\\/\\\/lasentinelle.dz\\\/wp-content\\\/uploads\\\/2024\\\/02\\\/Abdelkader-Taleb-Omar.jpeg\",\"width\":745,\"height\":470},{\"@type\":\"BreadcrumbList\",\"@id\":\"https:\\\/\\\/lasentinelle.dz\\\/index.php\\\/2024\\\/10\\\/13\\\/pillage-des-ressources-du-sahara-occidental-la-decision-de-la-cjue-a-devoile-la-realite-de-loccupation-marocaine\\\/#breadcrumb\",\"itemListElement\":[{\"@type\":\"ListItem\",\"position\":1,\"name\":\"Accueil\",\"item\":\"https:\\\/\\\/lasentinelle.dz\\\/\"},{\"@type\":\"ListItem\",\"position\":2,\"name\":\"Pillage des ressources du Sahara occidental\u00a0: La d\u00e9cision de la CJUE a d\u00e9voil\u00e9 la r\u00e9alit\u00e9 de l\u2019occupation marocaine\"}]},{\"@type\":\"WebSite\",\"@id\":\"https:\\\/\\\/lasentinelle.dz\\\/#website\",\"url\":\"https:\\\/\\\/lasentinelle.dz\\\/\",\"name\":\"La Sentinelle\",\"description\":\"Quotidien national d&#039;information\",\"publisher\":{\"@id\":\"https:\\\/\\\/lasentinelle.dz\\\/#organization\"},\"potentialAction\":[{\"@type\":\"SearchAction\",\"target\":{\"@type\":\"EntryPoint\",\"urlTemplate\":\"https:\\\/\\\/lasentinelle.dz\\\/?s={search_term_string}\"},\"query-input\":{\"@type\":\"PropertyValueSpecification\",\"valueRequired\":true,\"valueName\":\"search_term_string\"}}],\"inLanguage\":\"fr-FR\"},{\"@type\":\"Organization\",\"@id\":\"https:\\\/\\\/lasentinelle.dz\\\/#organization\",\"name\":\"Quotidien La Sentinelle\",\"url\":\"https:\\\/\\\/lasentinelle.dz\\\/\",\"logo\":{\"@type\":\"ImageObject\",\"inLanguage\":\"fr-FR\",\"@id\":\"https:\\\/\\\/lasentinelle.dz\\\/#\\\/schema\\\/logo\\\/image\\\/\",\"url\":\"https:\\\/\\\/lasentinelle.dz\\\/wp-content\\\/uploads\\\/2021\\\/09\\\/logo-sentinelleSLOGAN-1.png\",\"contentUrl\":\"https:\\\/\\\/lasentinelle.dz\\\/wp-content\\\/uploads\\\/2021\\\/09\\\/logo-sentinelleSLOGAN-1.png\",\"width\":615,\"height\":142,\"caption\":\"Quotidien La Sentinelle\"},\"image\":{\"@id\":\"https:\\\/\\\/lasentinelle.dz\\\/#\\\/schema\\\/logo\\\/image\\\/\"},\"sameAs\":[\"https:\\\/\\\/www.facebook.com\\\/La-Sentinelle-104059864394773\"]},{\"@type\":\"Person\",\"@id\":\"https:\\\/\\\/lasentinelle.dz\\\/#\\\/schema\\\/person\\\/729ee0024f24e0b8c5ec17232f8e8b41\",\"name\":\"admin\",\"image\":{\"@type\":\"ImageObject\",\"inLanguage\":\"fr-FR\",\"@id\":\"https:\\\/\\\/secure.gravatar.com\\\/avatar\\\/4c81fed838786e9b53f540bf46533e750f5d292099ae3b66cfc6fb1982e29df7?s=96&d=mm&r=g\",\"url\":\"https:\\\/\\\/secure.gravatar.com\\\/avatar\\\/4c81fed838786e9b53f540bf46533e750f5d292099ae3b66cfc6fb1982e29df7?s=96&d=mm&r=g\",\"contentUrl\":\"https:\\\/\\\/secure.gravatar.com\\\/avatar\\\/4c81fed838786e9b53f540bf46533e750f5d292099ae3b66cfc6fb1982e29df7?s=96&d=mm&r=g\",\"caption\":\"admin\"},\"description\":\"admin\",\"url\":\"https:\\\/\\\/lasentinelle.dz\\\/author\\\/admin\\\/\"}]}<\/script>\n<!-- \/ Yoast SEO plugin. -->","yoast_head_json":{"title":"Pillage des ressources du Sahara occidental\u00a0: La d\u00e9cision de la CJUE a d\u00e9voil\u00e9 la r\u00e9alit\u00e9 de l\u2019occupation marocaine - La Sentinelle","robots":{"index":"index","follow":"follow","max-snippet":"max-snippet:-1","max-image-preview":"max-image-preview:large","max-video-preview":"max-video-preview:-1"},"canonical":"https:\/\/lasentinelle.dz\/index.php\/2024\/10\/13\/pillage-des-ressources-du-sahara-occidental-la-decision-de-la-cjue-a-devoile-la-realite-de-loccupation-marocaine\/","og_locale":"fr_FR","og_type":"article","og_title":"Pillage des ressources du Sahara occidental\u00a0: La d\u00e9cision de la CJUE a d\u00e9voil\u00e9 la r\u00e9alit\u00e9 de l\u2019occupation marocaine - La Sentinelle","og_description":"L&rsquo;Institut national d&rsquo;\u00e9tudes strat\u00e9giques globales d&rsquo;Alger a organis\u00e9 hyize une conf\u00e9rence intitul\u00e9e \u00ab\u00a0Les richesses du Sahara occidental : foyer du","og_url":"https:\/\/lasentinelle.dz\/index.php\/2024\/10\/13\/pillage-des-ressources-du-sahara-occidental-la-decision-de-la-cjue-a-devoile-la-realite-de-loccupation-marocaine\/","og_site_name":"La Sentinelle","article_publisher":"https:\/\/www.facebook.com\/La-Sentinelle-104059864394773","article_published_time":"2024-10-13T13:00:30+00:00","article_modified_time":"2024-10-13T13:00:31+00:00","og_image":[{"width":745,"height":470,"url":"https:\/\/lasentinelle.dz\/wp-content\/uploads\/2024\/02\/Abdelkader-Taleb-Omar.jpeg","type":"image\/jpeg"}],"author":"admin","twitter_card":"summary_large_image","twitter_misc":{"\u00c9crit par":"admin","Dur\u00e9e de lecture estim\u00e9e":"4 minutes"},"schema":{"@context":"https:\/\/schema.org","@graph":[{"@type":"Article","@id":"https:\/\/lasentinelle.dz\/index.php\/2024\/10\/13\/pillage-des-ressources-du-sahara-occidental-la-decision-de-la-cjue-a-devoile-la-realite-de-loccupation-marocaine\/#article","isPartOf":{"@id":"https:\/\/lasentinelle.dz\/index.php\/2024\/10\/13\/pillage-des-ressources-du-sahara-occidental-la-decision-de-la-cjue-a-devoile-la-realite-de-loccupation-marocaine\/"},"author":{"name":"admin","@id":"https:\/\/lasentinelle.dz\/#\/schema\/person\/729ee0024f24e0b8c5ec17232f8e8b41"},"headline":"Pillage des ressources du Sahara occidental\u00a0: La d\u00e9cision de la CJUE a d\u00e9voil\u00e9 la r\u00e9alit\u00e9 de l\u2019occupation marocaine","datePublished":"2024-10-13T13:00:30+00:00","dateModified":"2024-10-13T13:00:31+00:00","mainEntityOfPage":{"@id":"https:\/\/lasentinelle.dz\/index.php\/2024\/10\/13\/pillage-des-ressources-du-sahara-occidental-la-decision-de-la-cjue-a-devoile-la-realite-de-loccupation-marocaine\/"},"wordCount":801,"commentCount":0,"publisher":{"@id":"https:\/\/lasentinelle.dz\/#organization"},"image":{"@id":"https:\/\/lasentinelle.dz\/index.php\/2024\/10\/13\/pillage-des-ressources-du-sahara-occidental-la-decision-de-la-cjue-a-devoile-la-realite-de-loccupation-marocaine\/#primaryimage"},"thumbnailUrl":"https:\/\/lasentinelle.dz\/wp-content\/uploads\/2024\/02\/Abdelkader-Taleb-Omar.jpeg","articleSection":["\u00c0 la Une","Monde"],"inLanguage":"fr-FR","potentialAction":[{"@type":"CommentAction","name":"Comment","target":["https:\/\/lasentinelle.dz\/index.php\/2024\/10\/13\/pillage-des-ressources-du-sahara-occidental-la-decision-de-la-cjue-a-devoile-la-realite-de-loccupation-marocaine\/#respond"]}]},{"@type":"WebPage","@id":"https:\/\/lasentinelle.dz\/index.php\/2024\/10\/13\/pillage-des-ressources-du-sahara-occidental-la-decision-de-la-cjue-a-devoile-la-realite-de-loccupation-marocaine\/","url":"https:\/\/lasentinelle.dz\/index.php\/2024\/10\/13\/pillage-des-ressources-du-sahara-occidental-la-decision-de-la-cjue-a-devoile-la-realite-de-loccupation-marocaine\/","name":"Pillage des ressources du Sahara occidental\u00a0: La d\u00e9cision de la CJUE a d\u00e9voil\u00e9 la r\u00e9alit\u00e9 de l\u2019occupation marocaine - La Sentinelle","isPartOf":{"@id":"https:\/\/lasentinelle.dz\/#website"},"primaryImageOfPage":{"@id":"https:\/\/lasentinelle.dz\/index.php\/2024\/10\/13\/pillage-des-ressources-du-sahara-occidental-la-decision-de-la-cjue-a-devoile-la-realite-de-loccupation-marocaine\/#primaryimage"},"image":{"@id":"https:\/\/lasentinelle.dz\/index.php\/2024\/10\/13\/pillage-des-ressources-du-sahara-occidental-la-decision-de-la-cjue-a-devoile-la-realite-de-loccupation-marocaine\/#primaryimage"},"thumbnailUrl":"https:\/\/lasentinelle.dz\/wp-content\/uploads\/2024\/02\/Abdelkader-Taleb-Omar.jpeg","datePublished":"2024-10-13T13:00:30+00:00","dateModified":"2024-10-13T13:00:31+00:00","breadcrumb":{"@id":"https:\/\/lasentinelle.dz\/index.php\/2024\/10\/13\/pillage-des-ressources-du-sahara-occidental-la-decision-de-la-cjue-a-devoile-la-realite-de-loccupation-marocaine\/#breadcrumb"},"inLanguage":"fr-FR","potentialAction":[{"@type":"ReadAction","target":["https:\/\/lasentinelle.dz\/index.php\/2024\/10\/13\/pillage-des-ressources-du-sahara-occidental-la-decision-de-la-cjue-a-devoile-la-realite-de-loccupation-marocaine\/"]}]},{"@type":"ImageObject","inLanguage":"fr-FR","@id":"https:\/\/lasentinelle.dz\/index.php\/2024\/10\/13\/pillage-des-ressources-du-sahara-occidental-la-decision-de-la-cjue-a-devoile-la-realite-de-loccupation-marocaine\/#primaryimage","url":"https:\/\/lasentinelle.dz\/wp-content\/uploads\/2024\/02\/Abdelkader-Taleb-Omar.jpeg","contentUrl":"https:\/\/lasentinelle.dz\/wp-content\/uploads\/2024\/02\/Abdelkader-Taleb-Omar.jpeg","width":745,"height":470},{"@type":"BreadcrumbList","@id":"https:\/\/lasentinelle.dz\/index.php\/2024\/10\/13\/pillage-des-ressources-du-sahara-occidental-la-decision-de-la-cjue-a-devoile-la-realite-de-loccupation-marocaine\/#breadcrumb","itemListElement":[{"@type":"ListItem","position":1,"name":"Accueil","item":"https:\/\/lasentinelle.dz\/"},{"@type":"ListItem","position":2,"name":"Pillage des ressources du Sahara occidental\u00a0: La d\u00e9cision de la CJUE a d\u00e9voil\u00e9 la r\u00e9alit\u00e9 de l\u2019occupation marocaine"}]},{"@type":"WebSite","@id":"https:\/\/lasentinelle.dz\/#website","url":"https:\/\/lasentinelle.dz\/","name":"La Sentinelle","description":"Quotidien national d&#039;information","publisher":{"@id":"https:\/\/lasentinelle.dz\/#organization"},"potentialAction":[{"@type":"SearchAction","target":{"@type":"EntryPoint","urlTemplate":"https:\/\/lasentinelle.dz\/?s={search_term_string}"},"query-input":{"@type":"PropertyValueSpecification","valueRequired":true,"valueName":"search_term_string"}}],"inLanguage":"fr-FR"},{"@type":"Organization","@id":"https:\/\/lasentinelle.dz\/#organization","name":"Quotidien La Sentinelle","url":"https:\/\/lasentinelle.dz\/","logo":{"@type":"ImageObject","inLanguage":"fr-FR","@id":"https:\/\/lasentinelle.dz\/#\/schema\/logo\/image\/","url":"https:\/\/lasentinelle.dz\/wp-content\/uploads\/2021\/09\/logo-sentinelleSLOGAN-1.png","contentUrl":"https:\/\/lasentinelle.dz\/wp-content\/uploads\/2021\/09\/logo-sentinelleSLOGAN-1.png","width":615,"height":142,"caption":"Quotidien La Sentinelle"},"image":{"@id":"https:\/\/lasentinelle.dz\/#\/schema\/logo\/image\/"},"sameAs":["https:\/\/www.facebook.com\/La-Sentinelle-104059864394773"]},{"@type":"Person","@id":"https:\/\/lasentinelle.dz\/#\/schema\/person\/729ee0024f24e0b8c5ec17232f8e8b41","name":"admin","image":{"@type":"ImageObject","inLanguage":"fr-FR","@id":"https:\/\/secure.gravatar.com\/avatar\/4c81fed838786e9b53f540bf46533e750f5d292099ae3b66cfc6fb1982e29df7?s=96&d=mm&r=g","url":"https:\/\/secure.gravatar.com\/avatar\/4c81fed838786e9b53f540bf46533e750f5d292099ae3b66cfc6fb1982e29df7?s=96&d=mm&r=g","contentUrl":"https:\/\/secure.gravatar.com\/avatar\/4c81fed838786e9b53f540bf46533e750f5d292099ae3b66cfc6fb1982e29df7?s=96&d=mm&r=g","caption":"admin"},"description":"admin","url":"https:\/\/lasentinelle.dz\/author\/admin\/"}]}},"_links":{"self":[{"href":"https:\/\/lasentinelle.dz\/index.php\/wp-json\/wp\/v2\/posts\/58112","targetHints":{"allow":["GET"]}}],"collection":[{"href":"https:\/\/lasentinelle.dz\/index.php\/wp-json\/wp\/v2\/posts"}],"about":[{"href":"https:\/\/lasentinelle.dz\/index.php\/wp-json\/wp\/v2\/types\/post"}],"author":[{"embeddable":true,"href":"https:\/\/lasentinelle.dz\/index.php\/wp-json\/wp\/v2\/users\/6"}],"replies":[{"embeddable":true,"href":"https:\/\/lasentinelle.dz\/index.php\/wp-json\/wp\/v2\/comments?post=58112"}],"version-history":[{"count":1,"href":"https:\/\/lasentinelle.dz\/index.php\/wp-json\/wp\/v2\/posts\/58112\/revisions"}],"predecessor-version":[{"id":58113,"href":"https:\/\/lasentinelle.dz\/index.php\/wp-json\/wp\/v2\/posts\/58112\/revisions\/58113"}],"wp:featuredmedia":[{"embeddable":true,"href":"https:\/\/lasentinelle.dz\/index.php\/wp-json\/wp\/v2\/media\/49896"}],"wp:attachment":[{"href":"https:\/\/lasentinelle.dz\/index.php\/wp-json\/wp\/v2\/media?parent=58112"}],"wp:term":[{"taxonomy":"category","embeddable":true,"href":"https:\/\/lasentinelle.dz\/index.php\/wp-json\/wp\/v2\/categories?post=58112"},{"taxonomy":"post_tag","embeddable":true,"href":"https:\/\/lasentinelle.dz\/index.php\/wp-json\/wp\/v2\/tags?post=58112"}],"curies":[{"name":"wp","href":"https:\/\/api.w.org\/{rel}","templated":true}]}}