{"id":58128,"date":"2024-10-13T14:09:47","date_gmt":"2024-10-13T13:09:47","guid":{"rendered":"https:\/\/lasentinelle.dz\/?p=58128"},"modified":"2024-10-13T14:09:47","modified_gmt":"2024-10-13T13:09:47","slug":"equipe-nationale-hadjam-et-farsi-forfait-pour-le-togo","status":"publish","type":"post","link":"https:\/\/lasentinelle.dz\/index.php\/2024\/10\/13\/equipe-nationale-hadjam-et-farsi-forfait-pour-le-togo\/","title":{"rendered":"\u00c9quipe nationale\u00a0: Hadjam et Farsi forfait pour le Togo"},"content":{"rendered":"\n<p>L&rsquo;\u00e9quipe nationale de football a remport\u00e9 une victoire \u00e9crasante de 5-1 contre le Togo lors de la 3\u00e8me journ\u00e9e des qualifications pour la Coupe d&rsquo;Afrique des Nations (CAN) 2025. Cependant, cette performance impressionnante est ternie par des inqui\u00e9tudes croissantes concernant les blessures et les absences qui pourraient affecter l&rsquo;\u00e9quipe lors des prochaines rencontres.<\/p>\n\n\n\n<p>Le match, qui s&rsquo;est d\u00e9roul\u00e9 au stade du 19-mai 1956 d&rsquo;Annaba, a vu les Fennecs dominer largement leurs adversaires, notamment en seconde p\u00e9riode. Malgr\u00e9 un d\u00e9but de match difficile et l&rsquo;ouverture du score par le Togo, les Fennecs ont su renverser la situation gr\u00e2ce \u00e0 un doubl\u00e9 de Sa\u00efd Benrahma et des buts de Houssem Aouar, Amine Gouiri et Mohamed El Amine Amoura. Cette victoire permet \u00e0 l&rsquo;Alg\u00e9rie de conforter sa premi\u00e8re place dans le groupe E avec 9 points, devant la Guin\u00e9e \u00e9quatoriale (4 points), le Togo (2 points) et le Lib\u00e9ria (1 point). Cependant, l&rsquo;euphorie de la victoire est temp\u00e9r\u00e9e par les probl\u00e8mes physiques qui touchent certains joueurs cl\u00e9s.<\/p>\n\n\n\n<p>La principale pr\u00e9occupation concerne le d\u00e9fenseur lat\u00e9ral Jaouen Hadjam. Arriv\u00e9 en s\u00e9lection avec une l\u00e9g\u00e8re blessure lundi dernier, le joueur n&rsquo;a pas pu r\u00e9cup\u00e9rer \u00e0 temps pour le match contre le Togo. La F\u00e9d\u00e9ration alg\u00e9rienne de football (FAF) a annonc\u00e9 son forfait pour la rencontre \u00e0 venir face au Togo, pr\u00e9vue demain au stade de K\u00e9gu\u00e9 \u00e0 Lom\u00e9. Le s\u00e9lectionneur national, Vladimir Petkovic, a pris la d\u00e9cision de lib\u00e9rer Hadjam, qui rejoindra son club d\u00e8s samedi matin. Le d\u00e9fenseur Mohamed Farsi, victime d&rsquo;un choc lors de la s\u00e9ance d&rsquo;entra\u00eenement de vendredi est \u00e9galement contraint de d\u00e9clarer forfait pour la rencontre face au Togo. Le joueur qui devait passer des examens m\u00e9dicaux approfondis, n&rsquo;a pas effectu\u00e9 pas le d\u00e9placement \u00e0 Lom\u00e9 ce samedi, a pr\u00e9cis\u00e9 la FAF. Ces absences pourraient peser lourd dans le dispositif d\u00e9fensif alg\u00e9rien, d&rsquo;autant plus que l&rsquo;\u00e9quipe devra se d\u00e9placer \u00e0 Lom\u00e9 pour affronter le Togo dans un match retour qui s&rsquo;annonce crucial. L&rsquo;Alg\u00e9rie devra rapidement surmonter ces difficult\u00e9s, car le calendrier des qualifications ne lui laisse aucun r\u00e9pit. La gestion des blessures et de la fatigue sera cruciale dans cette p\u00e9riode charg\u00e9e. Le staff m\u00e9dical de l&rsquo;\u00e9quipe nationale aura fort \u00e0 faire pour remettre sur pied les joueurs touch\u00e9s et pr\u00e9venir de nouvelles blessures. Vladimir Petkovic devra \u00e9galement trouver des solutions tactiques pour pallier l&rsquo;absence de Jaouen Hadjam et Farsi. La profondeur de l&rsquo;effectif alg\u00e9rien sera mise \u00e0 l&rsquo;\u00e9preuve, et c&rsquo;est peut-\u00eatre l&rsquo;occasion pour de jeunes talents comme Maza, qui a fait ses d\u00e9buts en \u00e9quipe nationale lors de ce match, de saisir leur chance.<\/p>\n\n\n\n<p><strong>Moncef D.<\/strong><\/p>\n","protected":false},"excerpt":{"rendered":"<p>L&rsquo;\u00e9quipe nationale de football a remport\u00e9 une victoire \u00e9crasante de 5-1 contre le Togo lors de la 3\u00e8me journ\u00e9e des<\/p>\n","protected":false},"author":6,"featured_media":58129,"comment_status":"open","ping_status":"closed","sticky":false,"template":"","format":"standard","meta":{"colormag_page_container_layout":"default_layout","colormag_page_sidebar_layout":"default_layout","om_disable_all_campaigns":false,"_monsterinsights_skip_tracking":false,"_monsterinsights_sitenote_active":false,"_monsterinsights_sitenote_note":"","_monsterinsights_sitenote_category":0,"footnotes":"","_wpscppro_dont_share_socialmedia":false,"_wpscppro_custom_social_share_image":0,"_facebook_share_type":"default","_twitter_share_type":"default","_linkedin_share_type":"default","_pinterest_share_type":"default","_linkedin_share_type_page":"","_instagram_share_type":"default","_medium_share_type":"default","_threads_share_type":"","_google_business_share_type":"","_selected_social_profile":[],"_wpsp_enable_custom_social_template":false,"_wpsp_social_scheduling":{"enabled":false,"datetime":null,"platforms":[],"status":"template_only","dateOption":"today","timeOption":"now","customDays":"","customHours":"","customDate":"","customTime":"","schedulingType":"absolute"},"_wpsp_active_default_template":true},"categories":[33],"tags":[],"class_list":["post-58128","post","type-post","status-publish","format-standard","has-post-thumbnail","hentry","category-sports"],"aioseo_notices":[],"yoast_head":"<!-- This site is optimized with the Yoast SEO plugin v27.5 - https:\/\/yoast.com\/product\/yoast-seo-wordpress\/ -->\n<title>\u00c9quipe nationale\u00a0: Hadjam et Farsi forfait pour le Togo - La Sentinelle<\/title>\n<meta name=\"robots\" content=\"index, follow, max-snippet:-1, max-image-preview:large, max-video-preview:-1\" \/>\n<link rel=\"canonical\" href=\"https:\/\/lasentinelle.dz\/index.php\/2024\/10\/13\/equipe-nationale-hadjam-et-farsi-forfait-pour-le-togo\/\" \/>\n<meta property=\"og:locale\" content=\"fr_FR\" \/>\n<meta property=\"og:type\" content=\"article\" \/>\n<meta property=\"og:title\" content=\"\u00c9quipe nationale\u00a0: Hadjam et Farsi forfait pour le Togo - La Sentinelle\" \/>\n<meta property=\"og:description\" content=\"L&rsquo;\u00e9quipe nationale de football a remport\u00e9 une victoire \u00e9crasante de 5-1 contre le Togo lors de la 3\u00e8me journ\u00e9e des\" \/>\n<meta property=\"og:url\" content=\"https:\/\/lasentinelle.dz\/index.php\/2024\/10\/13\/equipe-nationale-hadjam-et-farsi-forfait-pour-le-togo\/\" \/>\n<meta property=\"og:site_name\" content=\"La Sentinelle\" \/>\n<meta property=\"article:publisher\" content=\"https:\/\/www.facebook.com\/La-Sentinelle-104059864394773\" \/>\n<meta property=\"article:published_time\" content=\"2024-10-13T13:09:47+00:00\" \/>\n<meta property=\"og:image\" content=\"https:\/\/lasentinelle.dz\/wp-content\/uploads\/2024\/10\/Farsi.webp\" \/>\n\t<meta property=\"og:image:width\" content=\"900\" \/>\n\t<meta property=\"og:image:height\" content=\"675\" \/>\n\t<meta property=\"og:image:type\" content=\"image\/webp\" \/>\n<meta name=\"author\" content=\"admin\" \/>\n<meta name=\"twitter:card\" content=\"summary_large_image\" \/>\n<meta name=\"twitter:label1\" content=\"\u00c9crit par\" \/>\n\t<meta name=\"twitter:data1\" content=\"admin\" \/>\n\t<meta name=\"twitter:label2\" content=\"Dur\u00e9e de lecture estim\u00e9e\" \/>\n\t<meta name=\"twitter:data2\" content=\"3 minutes\" \/>\n<script type=\"application\/ld+json\" class=\"yoast-schema-graph\">{\"@context\":\"https:\\\/\\\/schema.org\",\"@graph\":[{\"@type\":\"Article\",\"@id\":\"https:\\\/\\\/lasentinelle.dz\\\/index.php\\\/2024\\\/10\\\/13\\\/equipe-nationale-hadjam-et-farsi-forfait-pour-le-togo\\\/#article\",\"isPartOf\":{\"@id\":\"https:\\\/\\\/lasentinelle.dz\\\/index.php\\\/2024\\\/10\\\/13\\\/equipe-nationale-hadjam-et-farsi-forfait-pour-le-togo\\\/\"},\"author\":{\"name\":\"admin\",\"@id\":\"https:\\\/\\\/lasentinelle.dz\\\/#\\\/schema\\\/person\\\/729ee0024f24e0b8c5ec17232f8e8b41\"},\"headline\":\"\u00c9quipe nationale\u00a0: Hadjam et Farsi forfait pour le Togo\",\"datePublished\":\"2024-10-13T13:09:47+00:00\",\"mainEntityOfPage\":{\"@id\":\"https:\\\/\\\/lasentinelle.dz\\\/index.php\\\/2024\\\/10\\\/13\\\/equipe-nationale-hadjam-et-farsi-forfait-pour-le-togo\\\/\"},\"wordCount\":494,\"commentCount\":0,\"publisher\":{\"@id\":\"https:\\\/\\\/lasentinelle.dz\\\/#organization\"},\"image\":{\"@id\":\"https:\\\/\\\/lasentinelle.dz\\\/index.php\\\/2024\\\/10\\\/13\\\/equipe-nationale-hadjam-et-farsi-forfait-pour-le-togo\\\/#primaryimage\"},\"thumbnailUrl\":\"https:\\\/\\\/lasentinelle.dz\\\/wp-content\\\/uploads\\\/2024\\\/10\\\/Farsi.webp\",\"articleSection\":[\"Sports\"],\"inLanguage\":\"fr-FR\",\"potentialAction\":[{\"@type\":\"CommentAction\",\"name\":\"Comment\",\"target\":[\"https:\\\/\\\/lasentinelle.dz\\\/index.php\\\/2024\\\/10\\\/13\\\/equipe-nationale-hadjam-et-farsi-forfait-pour-le-togo\\\/#respond\"]}]},{\"@type\":\"WebPage\",\"@id\":\"https:\\\/\\\/lasentinelle.dz\\\/index.php\\\/2024\\\/10\\\/13\\\/equipe-nationale-hadjam-et-farsi-forfait-pour-le-togo\\\/\",\"url\":\"https:\\\/\\\/lasentinelle.dz\\\/index.php\\\/2024\\\/10\\\/13\\\/equipe-nationale-hadjam-et-farsi-forfait-pour-le-togo\\\/\",\"name\":\"\u00c9quipe nationale\u00a0: Hadjam et Farsi forfait pour le Togo - La Sentinelle\",\"isPartOf\":{\"@id\":\"https:\\\/\\\/lasentinelle.dz\\\/#website\"},\"primaryImageOfPage\":{\"@id\":\"https:\\\/\\\/lasentinelle.dz\\\/index.php\\\/2024\\\/10\\\/13\\\/equipe-nationale-hadjam-et-farsi-forfait-pour-le-togo\\\/#primaryimage\"},\"image\":{\"@id\":\"https:\\\/\\\/lasentinelle.dz\\\/index.php\\\/2024\\\/10\\\/13\\\/equipe-nationale-hadjam-et-farsi-forfait-pour-le-togo\\\/#primaryimage\"},\"thumbnailUrl\":\"https:\\\/\\\/lasentinelle.dz\\\/wp-content\\\/uploads\\\/2024\\\/10\\\/Farsi.webp\",\"datePublished\":\"2024-10-13T13:09:47+00:00\",\"breadcrumb\":{\"@id\":\"https:\\\/\\\/lasentinelle.dz\\\/index.php\\\/2024\\\/10\\\/13\\\/equipe-nationale-hadjam-et-farsi-forfait-pour-le-togo\\\/#breadcrumb\"},\"inLanguage\":\"fr-FR\",\"potentialAction\":[{\"@type\":\"ReadAction\",\"target\":[\"https:\\\/\\\/lasentinelle.dz\\\/index.php\\\/2024\\\/10\\\/13\\\/equipe-nationale-hadjam-et-farsi-forfait-pour-le-togo\\\/\"]}]},{\"@type\":\"ImageObject\",\"inLanguage\":\"fr-FR\",\"@id\":\"https:\\\/\\\/lasentinelle.dz\\\/index.php\\\/2024\\\/10\\\/13\\\/equipe-nationale-hadjam-et-farsi-forfait-pour-le-togo\\\/#primaryimage\",\"url\":\"https:\\\/\\\/lasentinelle.dz\\\/wp-content\\\/uploads\\\/2024\\\/10\\\/Farsi.webp\",\"contentUrl\":\"https:\\\/\\\/lasentinelle.dz\\\/wp-content\\\/uploads\\\/2024\\\/10\\\/Farsi.webp\",\"width\":900,\"height\":675},{\"@type\":\"BreadcrumbList\",\"@id\":\"https:\\\/\\\/lasentinelle.dz\\\/index.php\\\/2024\\\/10\\\/13\\\/equipe-nationale-hadjam-et-farsi-forfait-pour-le-togo\\\/#breadcrumb\",\"itemListElement\":[{\"@type\":\"ListItem\",\"position\":1,\"name\":\"Accueil\",\"item\":\"https:\\\/\\\/lasentinelle.dz\\\/\"},{\"@type\":\"ListItem\",\"position\":2,\"name\":\"\u00c9quipe nationale\u00a0: Hadjam et Farsi forfait pour le Togo\"}]},{\"@type\":\"WebSite\",\"@id\":\"https:\\\/\\\/lasentinelle.dz\\\/#website\",\"url\":\"https:\\\/\\\/lasentinelle.dz\\\/\",\"name\":\"La Sentinelle\",\"description\":\"Quotidien national d&#039;information\",\"publisher\":{\"@id\":\"https:\\\/\\\/lasentinelle.dz\\\/#organization\"},\"potentialAction\":[{\"@type\":\"SearchAction\",\"target\":{\"@type\":\"EntryPoint\",\"urlTemplate\":\"https:\\\/\\\/lasentinelle.dz\\\/?s={search_term_string}\"},\"query-input\":{\"@type\":\"PropertyValueSpecification\",\"valueRequired\":true,\"valueName\":\"search_term_string\"}}],\"inLanguage\":\"fr-FR\"},{\"@type\":\"Organization\",\"@id\":\"https:\\\/\\\/lasentinelle.dz\\\/#organization\",\"name\":\"Quotidien La Sentinelle\",\"url\":\"https:\\\/\\\/lasentinelle.dz\\\/\",\"logo\":{\"@type\":\"ImageObject\",\"inLanguage\":\"fr-FR\",\"@id\":\"https:\\\/\\\/lasentinelle.dz\\\/#\\\/schema\\\/logo\\\/image\\\/\",\"url\":\"https:\\\/\\\/lasentinelle.dz\\\/wp-content\\\/uploads\\\/2021\\\/09\\\/logo-sentinelleSLOGAN-1.png\",\"contentUrl\":\"https:\\\/\\\/lasentinelle.dz\\\/wp-content\\\/uploads\\\/2021\\\/09\\\/logo-sentinelleSLOGAN-1.png\",\"width\":615,\"height\":142,\"caption\":\"Quotidien La Sentinelle\"},\"image\":{\"@id\":\"https:\\\/\\\/lasentinelle.dz\\\/#\\\/schema\\\/logo\\\/image\\\/\"},\"sameAs\":[\"https:\\\/\\\/www.facebook.com\\\/La-Sentinelle-104059864394773\"]},{\"@type\":\"Person\",\"@id\":\"https:\\\/\\\/lasentinelle.dz\\\/#\\\/schema\\\/person\\\/729ee0024f24e0b8c5ec17232f8e8b41\",\"name\":\"admin\",\"image\":{\"@type\":\"ImageObject\",\"inLanguage\":\"fr-FR\",\"@id\":\"https:\\\/\\\/secure.gravatar.com\\\/avatar\\\/4c81fed838786e9b53f540bf46533e750f5d292099ae3b66cfc6fb1982e29df7?s=96&d=mm&r=g\",\"url\":\"https:\\\/\\\/secure.gravatar.com\\\/avatar\\\/4c81fed838786e9b53f540bf46533e750f5d292099ae3b66cfc6fb1982e29df7?s=96&d=mm&r=g\",\"contentUrl\":\"https:\\\/\\\/secure.gravatar.com\\\/avatar\\\/4c81fed838786e9b53f540bf46533e750f5d292099ae3b66cfc6fb1982e29df7?s=96&d=mm&r=g\",\"caption\":\"admin\"},\"description\":\"admin\",\"url\":\"https:\\\/\\\/lasentinelle.dz\\\/author\\\/admin\\\/\"}]}<\/script>\n<!-- \/ Yoast SEO plugin. -->","yoast_head_json":{"title":"\u00c9quipe nationale\u00a0: Hadjam et Farsi forfait pour le Togo - La Sentinelle","robots":{"index":"index","follow":"follow","max-snippet":"max-snippet:-1","max-image-preview":"max-image-preview:large","max-video-preview":"max-video-preview:-1"},"canonical":"https:\/\/lasentinelle.dz\/index.php\/2024\/10\/13\/equipe-nationale-hadjam-et-farsi-forfait-pour-le-togo\/","og_locale":"fr_FR","og_type":"article","og_title":"\u00c9quipe nationale\u00a0: Hadjam et Farsi forfait pour le Togo - La Sentinelle","og_description":"L&rsquo;\u00e9quipe nationale de football a remport\u00e9 une victoire \u00e9crasante de 5-1 contre le Togo lors de la 3\u00e8me journ\u00e9e des","og_url":"https:\/\/lasentinelle.dz\/index.php\/2024\/10\/13\/equipe-nationale-hadjam-et-farsi-forfait-pour-le-togo\/","og_site_name":"La Sentinelle","article_publisher":"https:\/\/www.facebook.com\/La-Sentinelle-104059864394773","article_published_time":"2024-10-13T13:09:47+00:00","og_image":[{"width":900,"height":675,"url":"https:\/\/lasentinelle.dz\/wp-content\/uploads\/2024\/10\/Farsi.webp","type":"image\/webp"}],"author":"admin","twitter_card":"summary_large_image","twitter_misc":{"\u00c9crit par":"admin","Dur\u00e9e de lecture estim\u00e9e":"3 minutes"},"schema":{"@context":"https:\/\/schema.org","@graph":[{"@type":"Article","@id":"https:\/\/lasentinelle.dz\/index.php\/2024\/10\/13\/equipe-nationale-hadjam-et-farsi-forfait-pour-le-togo\/#article","isPartOf":{"@id":"https:\/\/lasentinelle.dz\/index.php\/2024\/10\/13\/equipe-nationale-hadjam-et-farsi-forfait-pour-le-togo\/"},"author":{"name":"admin","@id":"https:\/\/lasentinelle.dz\/#\/schema\/person\/729ee0024f24e0b8c5ec17232f8e8b41"},"headline":"\u00c9quipe nationale\u00a0: Hadjam et Farsi forfait pour le Togo","datePublished":"2024-10-13T13:09:47+00:00","mainEntityOfPage":{"@id":"https:\/\/lasentinelle.dz\/index.php\/2024\/10\/13\/equipe-nationale-hadjam-et-farsi-forfait-pour-le-togo\/"},"wordCount":494,"commentCount":0,"publisher":{"@id":"https:\/\/lasentinelle.dz\/#organization"},"image":{"@id":"https:\/\/lasentinelle.dz\/index.php\/2024\/10\/13\/equipe-nationale-hadjam-et-farsi-forfait-pour-le-togo\/#primaryimage"},"thumbnailUrl":"https:\/\/lasentinelle.dz\/wp-content\/uploads\/2024\/10\/Farsi.webp","articleSection":["Sports"],"inLanguage":"fr-FR","potentialAction":[{"@type":"CommentAction","name":"Comment","target":["https:\/\/lasentinelle.dz\/index.php\/2024\/10\/13\/equipe-nationale-hadjam-et-farsi-forfait-pour-le-togo\/#respond"]}]},{"@type":"WebPage","@id":"https:\/\/lasentinelle.dz\/index.php\/2024\/10\/13\/equipe-nationale-hadjam-et-farsi-forfait-pour-le-togo\/","url":"https:\/\/lasentinelle.dz\/index.php\/2024\/10\/13\/equipe-nationale-hadjam-et-farsi-forfait-pour-le-togo\/","name":"\u00c9quipe nationale\u00a0: Hadjam et Farsi forfait pour le Togo - La Sentinelle","isPartOf":{"@id":"https:\/\/lasentinelle.dz\/#website"},"primaryImageOfPage":{"@id":"https:\/\/lasentinelle.dz\/index.php\/2024\/10\/13\/equipe-nationale-hadjam-et-farsi-forfait-pour-le-togo\/#primaryimage"},"image":{"@id":"https:\/\/lasentinelle.dz\/index.php\/2024\/10\/13\/equipe-nationale-hadjam-et-farsi-forfait-pour-le-togo\/#primaryimage"},"thumbnailUrl":"https:\/\/lasentinelle.dz\/wp-content\/uploads\/2024\/10\/Farsi.webp","datePublished":"2024-10-13T13:09:47+00:00","breadcrumb":{"@id":"https:\/\/lasentinelle.dz\/index.php\/2024\/10\/13\/equipe-nationale-hadjam-et-farsi-forfait-pour-le-togo\/#breadcrumb"},"inLanguage":"fr-FR","potentialAction":[{"@type":"ReadAction","target":["https:\/\/lasentinelle.dz\/index.php\/2024\/10\/13\/equipe-nationale-hadjam-et-farsi-forfait-pour-le-togo\/"]}]},{"@type":"ImageObject","inLanguage":"fr-FR","@id":"https:\/\/lasentinelle.dz\/index.php\/2024\/10\/13\/equipe-nationale-hadjam-et-farsi-forfait-pour-le-togo\/#primaryimage","url":"https:\/\/lasentinelle.dz\/wp-content\/uploads\/2024\/10\/Farsi.webp","contentUrl":"https:\/\/lasentinelle.dz\/wp-content\/uploads\/2024\/10\/Farsi.webp","width":900,"height":675},{"@type":"BreadcrumbList","@id":"https:\/\/lasentinelle.dz\/index.php\/2024\/10\/13\/equipe-nationale-hadjam-et-farsi-forfait-pour-le-togo\/#breadcrumb","itemListElement":[{"@type":"ListItem","position":1,"name":"Accueil","item":"https:\/\/lasentinelle.dz\/"},{"@type":"ListItem","position":2,"name":"\u00c9quipe nationale\u00a0: Hadjam et Farsi forfait pour le Togo"}]},{"@type":"WebSite","@id":"https:\/\/lasentinelle.dz\/#website","url":"https:\/\/lasentinelle.dz\/","name":"La Sentinelle","description":"Quotidien national d&#039;information","publisher":{"@id":"https:\/\/lasentinelle.dz\/#organization"},"potentialAction":[{"@type":"SearchAction","target":{"@type":"EntryPoint","urlTemplate":"https:\/\/lasentinelle.dz\/?s={search_term_string}"},"query-input":{"@type":"PropertyValueSpecification","valueRequired":true,"valueName":"search_term_string"}}],"inLanguage":"fr-FR"},{"@type":"Organization","@id":"https:\/\/lasentinelle.dz\/#organization","name":"Quotidien La Sentinelle","url":"https:\/\/lasentinelle.dz\/","logo":{"@type":"ImageObject","inLanguage":"fr-FR","@id":"https:\/\/lasentinelle.dz\/#\/schema\/logo\/image\/","url":"https:\/\/lasentinelle.dz\/wp-content\/uploads\/2021\/09\/logo-sentinelleSLOGAN-1.png","contentUrl":"https:\/\/lasentinelle.dz\/wp-content\/uploads\/2021\/09\/logo-sentinelleSLOGAN-1.png","width":615,"height":142,"caption":"Quotidien La Sentinelle"},"image":{"@id":"https:\/\/lasentinelle.dz\/#\/schema\/logo\/image\/"},"sameAs":["https:\/\/www.facebook.com\/La-Sentinelle-104059864394773"]},{"@type":"Person","@id":"https:\/\/lasentinelle.dz\/#\/schema\/person\/729ee0024f24e0b8c5ec17232f8e8b41","name":"admin","image":{"@type":"ImageObject","inLanguage":"fr-FR","@id":"https:\/\/secure.gravatar.com\/avatar\/4c81fed838786e9b53f540bf46533e750f5d292099ae3b66cfc6fb1982e29df7?s=96&d=mm&r=g","url":"https:\/\/secure.gravatar.com\/avatar\/4c81fed838786e9b53f540bf46533e750f5d292099ae3b66cfc6fb1982e29df7?s=96&d=mm&r=g","contentUrl":"https:\/\/secure.gravatar.com\/avatar\/4c81fed838786e9b53f540bf46533e750f5d292099ae3b66cfc6fb1982e29df7?s=96&d=mm&r=g","caption":"admin"},"description":"admin","url":"https:\/\/lasentinelle.dz\/author\/admin\/"}]}},"_links":{"self":[{"href":"https:\/\/lasentinelle.dz\/index.php\/wp-json\/wp\/v2\/posts\/58128","targetHints":{"allow":["GET"]}}],"collection":[{"href":"https:\/\/lasentinelle.dz\/index.php\/wp-json\/wp\/v2\/posts"}],"about":[{"href":"https:\/\/lasentinelle.dz\/index.php\/wp-json\/wp\/v2\/types\/post"}],"author":[{"embeddable":true,"href":"https:\/\/lasentinelle.dz\/index.php\/wp-json\/wp\/v2\/users\/6"}],"replies":[{"embeddable":true,"href":"https:\/\/lasentinelle.dz\/index.php\/wp-json\/wp\/v2\/comments?post=58128"}],"version-history":[{"count":1,"href":"https:\/\/lasentinelle.dz\/index.php\/wp-json\/wp\/v2\/posts\/58128\/revisions"}],"predecessor-version":[{"id":58130,"href":"https:\/\/lasentinelle.dz\/index.php\/wp-json\/wp\/v2\/posts\/58128\/revisions\/58130"}],"wp:featuredmedia":[{"embeddable":true,"href":"https:\/\/lasentinelle.dz\/index.php\/wp-json\/wp\/v2\/media\/58129"}],"wp:attachment":[{"href":"https:\/\/lasentinelle.dz\/index.php\/wp-json\/wp\/v2\/media?parent=58128"}],"wp:term":[{"taxonomy":"category","embeddable":true,"href":"https:\/\/lasentinelle.dz\/index.php\/wp-json\/wp\/v2\/categories?post=58128"},{"taxonomy":"post_tag","embeddable":true,"href":"https:\/\/lasentinelle.dz\/index.php\/wp-json\/wp\/v2\/tags?post=58128"}],"curies":[{"name":"wp","href":"https:\/\/api.w.org\/{rel}","templated":true}]}}