{"id":58131,"date":"2024-10-13T14:10:57","date_gmt":"2024-10-13T13:10:57","guid":{"rendered":"https:\/\/lasentinelle.dz\/?p=58131"},"modified":"2024-10-13T14:10:57","modified_gmt":"2024-10-13T13:10:57","slug":"equipe-nationale-maza-la-nouvelle-pepite-qui-fait-sensation","status":"publish","type":"post","link":"https:\/\/lasentinelle.dz\/index.php\/2024\/10\/13\/equipe-nationale-maza-la-nouvelle-pepite-qui-fait-sensation\/","title":{"rendered":"\u00c9quipe nationale\u00a0: Maza, la nouvelle p\u00e9pite qui fait sensation"},"content":{"rendered":"\n<p>Dans un portrait exclusif publi\u00e9 sur son site officiel, la FIFA met en lumi\u00e8re Ibrahim Maza, le nouveau prodige de l&rsquo;\u00e9quipe nationale. \u00c0 travers ce portrait d\u00e9taill\u00e9, l&rsquo;instance fa\u00eeti\u00e8re du football mondial nous offre un aper\u00e7u fascinant de ce jeune talent qui, \u00e0 seulement 18 ans, captive d\u00e9j\u00e0 l&rsquo;attention des passionn\u00e9s du ballon rond. Plongeons dans le parcours remarquable de ce milieu de terrain au potentiel exceptionnel, tel que racont\u00e9 par la FIFA.<\/p>\n\n\n\n<p>N\u00e9 \u00e0 Berlin d&rsquo;un p\u00e8re alg\u00e9rien, Ibrahim Maza a grandi berc\u00e9 par deux cultures, celle de l&rsquo;Allemagne o\u00f9 il a fait ses premiers pas footballistiques, et celle de l&rsquo;Alg\u00e9rie, pays de ses racines. Cette double identit\u00e9, loin d&rsquo;\u00eatre un frein, s&rsquo;est r\u00e9v\u00e9l\u00e9e \u00eatre un v\u00e9ritable atout dans son d\u00e9veloppement sportif, souligne la FIFA. Form\u00e9 dans les rangs du Hertha Berlin, Maza s&rsquo;est rapidement impos\u00e9 comme l&rsquo;un des joueurs les plus prometteurs du club. Ses statistiques en Bundesliga, rapport\u00e9es par la FIFA, parlent d&rsquo;elles-m\u00eames : trois buts et deux passes d\u00e9cisives en seulement sept matches depuis le d\u00e9but de la saison. Mais au-del\u00e0 des chiffres, c&rsquo;est son style de jeu qui impressionne. Avec une moyenne de 2,5 dribbles r\u00e9ussis par match et un taux de passes r\u00e9ussies de 85%, le jeune prodige allie technique, vision du jeu et efficacit\u00e9. Malgr\u00e9 ses performances remarquables avec les \u00e9quipes de jeunes allemandes, Maza a finalement choisi de repr\u00e9senter l&rsquo;Alg\u00e9rie au niveau international.<\/p>\n\n\n\n<p>\u00ab\u00a0Il fait tr\u00e8s beau ici, les gens sont adorables et le pays est magnifique\u00a0\u00bb, confie Maza avec enthousiasme \u00e0 la FIFA lorsqu&rsquo;il \u00e9voque l&rsquo;Alg\u00e9rie. Pour lui, porter le maillot des Fennecs est bien plus qu&rsquo;un simple choix de carri\u00e8re : c&rsquo;est une mani\u00e8re de rendre hommage \u00e0 ses racines et de porter fi\u00e8rement les couleurs de ses anc\u00eatres.<\/p>\n\n\n\n<p><strong>Des d\u00e9buts r\u00eav\u00e9s en \u00e9quipe nationale<\/strong><\/p>\n\n\n\n<p>Le portrait de la FIFA met en lumi\u00e8re un moment cl\u00e9 dans la carri\u00e8re de Maza : ses d\u00e9buts en \u00e9quipe nationale jeudi dernier. Face au Togo, il a effectu\u00e9 ses grands d\u00e9buts sous le maillot vert. Entr\u00e9 en jeu pour les dix derni\u00e8res minutes, le jeune prodige n&rsquo;a pas tard\u00e9 \u00e0 se mettre en \u00e9vidence, \u00e9tant impliqu\u00e9 dans le cinqui\u00e8me but inscrit par Mohamed Amoura dans le temps additionnel. La FIFA rapporte les propos \u00e9logieux du s\u00e9lectionneur Vladimir Petkovic en conf\u00e9rence de presse : \u00ab\u00a0C&rsquo;est un joueur talentueux, tr\u00e8s technique, qui, malgr\u00e9 sa jeunesse, poss\u00e8de un QI footballistique \u00e9lev\u00e9\u00a0\u00bb. Des \u00e9loges qui en disent long sur les attentes plac\u00e9es en ce jeune talent.<\/p>\n\n\n\n<p>L&rsquo;article de la FIFA met en avant la maturit\u00e9 et l&rsquo;\u00e9merveillement touchant de Maza face \u00e0 son int\u00e9gration dans l&rsquo;\u00e9quipe nationale. Il cite le jeune joueur : \u00ab\u00a0Quand j&rsquo;\u00e9tais plus jeune, je regardais les prestations de Riyad Mahrez \u00e0 la t\u00e9l\u00e9vision, r\u00eavant de pouvoir un jour \u00e9voluer \u00e0 ses c\u00f4t\u00e9s. Aujourd&rsquo;hui, je partage le terrain avec lui et d&rsquo;autres joueurs de renom comme Baghdad Bounedjah et Ramy Bensebaini, c&rsquo;est tout simplement incroyable\u00a0\u00bb. Cette admiration pour ses co\u00e9quipiers plus exp\u00e9riment\u00e9s n&rsquo;est pas \u00e0 sens unique, note la FIFA. Le professionnalisme et l&rsquo;humilit\u00e9 du jeune Maza ont rapidement conquis le vestiaire alg\u00e9rien. Chaque s\u00e9ance d&rsquo;entra\u00eenement est pour lui une opportunit\u00e9 d&rsquo;apprendre et de s&rsquo;am\u00e9liorer, nourrie par le talent de ses co\u00e9quipiers.<\/p>\n\n\n\n<p>La FIFA nous fait remonter le temps jusqu&rsquo;en 2014, ann\u00e9e charni\u00e8re dans le parcours de Maza. Alors \u00e2g\u00e9 de neuf ans, le jeune Ibrahim a v\u00e9cu intens\u00e9ment le huiti\u00e8me de finale de la Coupe du Monde entre l&rsquo;Alg\u00e9rie et l&rsquo;Allemagne. \u00ab\u00a0Ce match \u00e9tait incroyable. Nous avons jou\u00e9 avec beaucoup de c\u0153ur, et m\u00eame si nous avons perdu (2-1 a.p.), c&rsquo;\u00e9tait un moment historique pour l&rsquo;Alg\u00e9rie\u00a0\u00bb, se souvient-il avec \u00e9motion. Ce match a \u00e9t\u00e9 plus qu&rsquo;une simple rencontre de football pour Maza. La FIFA souligne comment il a stimul\u00e9 son r\u00eave de repr\u00e9senter l&rsquo;Alg\u00e9rie sur la sc\u00e8ne mondiale. \u00ab\u00a0Je me souviens de chaque arr\u00eat que Ra\u00efs M&rsquo;Bolhi a fait. Cela m&rsquo;a inspir\u00e9 et m&rsquo;a fait croire que je pouvais aussi jouer \u00e0 un haut niveau un jour\u00a0\u00bb, confie-t-il. Ibrahim Maza reconna\u00eet aussi pleinement les espoirs et les attentes que les fans alg\u00e9riens placent en lui. \u00ab\u00a0J&rsquo;ai re\u00e7u tellement de messages de soutien depuis ma convocation, et cela me touche profond\u00e9ment\u00a0\u00bb, confie-t-il. Reconnaissant la passion et l&rsquo;engagement des supporters, il exprime sa gratitude pour cette affection qui l&rsquo;entoure. Maza aspire ainsi \u00e0 les remercier en donnant le meilleur de lui-m\u00eame sur le terrain. \u00ab\u00a0Je veux aider l&rsquo;\u00e9quipe \u00e0 remporter le plus de titres possible, \u00e0 commencer par la qualification et une victoire en Coupe d&rsquo;Afrique des Nations\u00a0\u00bb.<\/p>\n\n\n\n<p><strong>Objectif Coupe du Monde 2026<\/strong><\/p>\n\n\n\n<p>Le portrait de la FIFA se conclut sur les ambitions du jeune prodige. \u00c0 20 ans en 2026, Maza vise d\u00e9j\u00e0 une participation \u00e0 la Coupe du Monde. \u00ab\u00a0Je travaille tr\u00e8s dur pour atteindre ce niveau, et j&rsquo;esp\u00e8re pouvoir jouer sur cette grande sc\u00e8ne avec l&rsquo;\u00e9quipe\u00a0\u00bb, d\u00e9clare-t-il avec d\u00e9termination.<\/p>\n\n\n\n<p>La FIFA souligne que sa passion, son talent et son ambition font de lui un joueur \u00e0 suivre de pr\u00e8s, un jeune prodige pr\u00eat \u00e0 marquer l&rsquo;histoire du football alg\u00e9rien. \u00c0 travers ce portrait, l&rsquo;instance mondiale du football nous offre un aper\u00e7u captivant d&rsquo;un talent en devenir, porteur des espoirs de toute une nation. Alors que le football alg\u00e9rien continue de briller sur la sc\u00e8ne internationale, Ibrahim Maza incarne la nouvelle g\u00e9n\u00e9ration, celle qui porte en elle l&rsquo;h\u00e9ritage du pass\u00e9 et les promesses de l&rsquo;avenir.<\/p>\n\n\n\n<p>Moncef Dahleb<\/p>\n","protected":false},"excerpt":{"rendered":"<p>Dans un portrait exclusif publi\u00e9 sur son site officiel, la FIFA met en lumi\u00e8re Ibrahim Maza, le nouveau prodige de<\/p>\n","protected":false},"author":6,"featured_media":58132,"comment_status":"open","ping_status":"closed","sticky":false,"template":"","format":"standard","meta":{"colormag_page_container_layout":"default_layout","colormag_page_sidebar_layout":"default_layout","om_disable_all_campaigns":false,"_monsterinsights_skip_tracking":false,"_monsterinsights_sitenote_active":false,"_monsterinsights_sitenote_note":"","_monsterinsights_sitenote_category":0,"footnotes":"","_wpscppro_dont_share_socialmedia":false,"_wpscppro_custom_social_share_image":0,"_facebook_share_type":"default","_twitter_share_type":"default","_linkedin_share_type":"default","_pinterest_share_type":"default","_linkedin_share_type_page":"","_instagram_share_type":"default","_medium_share_type":"default","_threads_share_type":"","_google_business_share_type":"","_selected_social_profile":[],"_wpsp_enable_custom_social_template":false,"_wpsp_social_scheduling":{"enabled":false,"datetime":null,"platforms":[],"status":"template_only","dateOption":"today","timeOption":"now","customDays":"","customHours":"","customDate":"","customTime":"","schedulingType":"absolute"},"_wpsp_active_default_template":true},"categories":[52,33],"tags":[],"class_list":["post-58131","post","type-post","status-publish","format-standard","has-post-thumbnail","hentry","category-a-la-une","category-sports"],"aioseo_notices":[],"yoast_head":"<!-- This site is optimized with the Yoast SEO plugin v27.5 - https:\/\/yoast.com\/product\/yoast-seo-wordpress\/ -->\n<title>\u00c9quipe nationale\u00a0: Maza, la nouvelle p\u00e9pite qui fait sensation - La Sentinelle<\/title>\n<meta name=\"robots\" content=\"index, follow, max-snippet:-1, max-image-preview:large, max-video-preview:-1\" \/>\n<link rel=\"canonical\" href=\"https:\/\/lasentinelle.dz\/index.php\/2024\/10\/13\/equipe-nationale-maza-la-nouvelle-pepite-qui-fait-sensation\/\" \/>\n<meta property=\"og:locale\" content=\"fr_FR\" \/>\n<meta property=\"og:type\" content=\"article\" \/>\n<meta property=\"og:title\" content=\"\u00c9quipe nationale\u00a0: Maza, la nouvelle p\u00e9pite qui fait sensation - La Sentinelle\" \/>\n<meta property=\"og:description\" content=\"Dans un portrait exclusif publi\u00e9 sur son site officiel, la FIFA met en lumi\u00e8re Ibrahim Maza, le nouveau prodige de\" \/>\n<meta property=\"og:url\" content=\"https:\/\/lasentinelle.dz\/index.php\/2024\/10\/13\/equipe-nationale-maza-la-nouvelle-pepite-qui-fait-sensation\/\" \/>\n<meta property=\"og:site_name\" content=\"La Sentinelle\" \/>\n<meta property=\"article:publisher\" content=\"https:\/\/www.facebook.com\/La-Sentinelle-104059864394773\" \/>\n<meta property=\"article:published_time\" content=\"2024-10-13T13:10:57+00:00\" \/>\n<meta property=\"og:image\" content=\"https:\/\/lasentinelle.dz\/wp-content\/uploads\/2024\/10\/Maza.webp\" \/>\n\t<meta property=\"og:image:width\" content=\"1366\" \/>\n\t<meta property=\"og:image:height\" content=\"800\" \/>\n\t<meta property=\"og:image:type\" content=\"image\/webp\" \/>\n<meta name=\"author\" content=\"admin\" \/>\n<meta name=\"twitter:card\" content=\"summary_large_image\" \/>\n<meta name=\"twitter:label1\" content=\"\u00c9crit par\" \/>\n\t<meta name=\"twitter:data1\" content=\"admin\" \/>\n\t<meta name=\"twitter:label2\" content=\"Dur\u00e9e de lecture estim\u00e9e\" \/>\n\t<meta name=\"twitter:data2\" content=\"5 minutes\" \/>\n<script type=\"application\/ld+json\" class=\"yoast-schema-graph\">{\"@context\":\"https:\\\/\\\/schema.org\",\"@graph\":[{\"@type\":\"Article\",\"@id\":\"https:\\\/\\\/lasentinelle.dz\\\/index.php\\\/2024\\\/10\\\/13\\\/equipe-nationale-maza-la-nouvelle-pepite-qui-fait-sensation\\\/#article\",\"isPartOf\":{\"@id\":\"https:\\\/\\\/lasentinelle.dz\\\/index.php\\\/2024\\\/10\\\/13\\\/equipe-nationale-maza-la-nouvelle-pepite-qui-fait-sensation\\\/\"},\"author\":{\"name\":\"admin\",\"@id\":\"https:\\\/\\\/lasentinelle.dz\\\/#\\\/schema\\\/person\\\/729ee0024f24e0b8c5ec17232f8e8b41\"},\"headline\":\"\u00c9quipe nationale\u00a0: Maza, la nouvelle p\u00e9pite qui fait sensation\",\"datePublished\":\"2024-10-13T13:10:57+00:00\",\"mainEntityOfPage\":{\"@id\":\"https:\\\/\\\/lasentinelle.dz\\\/index.php\\\/2024\\\/10\\\/13\\\/equipe-nationale-maza-la-nouvelle-pepite-qui-fait-sensation\\\/\"},\"wordCount\":1009,\"commentCount\":0,\"publisher\":{\"@id\":\"https:\\\/\\\/lasentinelle.dz\\\/#organization\"},\"image\":{\"@id\":\"https:\\\/\\\/lasentinelle.dz\\\/index.php\\\/2024\\\/10\\\/13\\\/equipe-nationale-maza-la-nouvelle-pepite-qui-fait-sensation\\\/#primaryimage\"},\"thumbnailUrl\":\"https:\\\/\\\/lasentinelle.dz\\\/wp-content\\\/uploads\\\/2024\\\/10\\\/Maza.webp\",\"articleSection\":[\"\u00c0 la Une\",\"Sports\"],\"inLanguage\":\"fr-FR\",\"potentialAction\":[{\"@type\":\"CommentAction\",\"name\":\"Comment\",\"target\":[\"https:\\\/\\\/lasentinelle.dz\\\/index.php\\\/2024\\\/10\\\/13\\\/equipe-nationale-maza-la-nouvelle-pepite-qui-fait-sensation\\\/#respond\"]}]},{\"@type\":\"WebPage\",\"@id\":\"https:\\\/\\\/lasentinelle.dz\\\/index.php\\\/2024\\\/10\\\/13\\\/equipe-nationale-maza-la-nouvelle-pepite-qui-fait-sensation\\\/\",\"url\":\"https:\\\/\\\/lasentinelle.dz\\\/index.php\\\/2024\\\/10\\\/13\\\/equipe-nationale-maza-la-nouvelle-pepite-qui-fait-sensation\\\/\",\"name\":\"\u00c9quipe nationale\u00a0: Maza, la nouvelle p\u00e9pite qui fait sensation - La Sentinelle\",\"isPartOf\":{\"@id\":\"https:\\\/\\\/lasentinelle.dz\\\/#website\"},\"primaryImageOfPage\":{\"@id\":\"https:\\\/\\\/lasentinelle.dz\\\/index.php\\\/2024\\\/10\\\/13\\\/equipe-nationale-maza-la-nouvelle-pepite-qui-fait-sensation\\\/#primaryimage\"},\"image\":{\"@id\":\"https:\\\/\\\/lasentinelle.dz\\\/index.php\\\/2024\\\/10\\\/13\\\/equipe-nationale-maza-la-nouvelle-pepite-qui-fait-sensation\\\/#primaryimage\"},\"thumbnailUrl\":\"https:\\\/\\\/lasentinelle.dz\\\/wp-content\\\/uploads\\\/2024\\\/10\\\/Maza.webp\",\"datePublished\":\"2024-10-13T13:10:57+00:00\",\"breadcrumb\":{\"@id\":\"https:\\\/\\\/lasentinelle.dz\\\/index.php\\\/2024\\\/10\\\/13\\\/equipe-nationale-maza-la-nouvelle-pepite-qui-fait-sensation\\\/#breadcrumb\"},\"inLanguage\":\"fr-FR\",\"potentialAction\":[{\"@type\":\"ReadAction\",\"target\":[\"https:\\\/\\\/lasentinelle.dz\\\/index.php\\\/2024\\\/10\\\/13\\\/equipe-nationale-maza-la-nouvelle-pepite-qui-fait-sensation\\\/\"]}]},{\"@type\":\"ImageObject\",\"inLanguage\":\"fr-FR\",\"@id\":\"https:\\\/\\\/lasentinelle.dz\\\/index.php\\\/2024\\\/10\\\/13\\\/equipe-nationale-maza-la-nouvelle-pepite-qui-fait-sensation\\\/#primaryimage\",\"url\":\"https:\\\/\\\/lasentinelle.dz\\\/wp-content\\\/uploads\\\/2024\\\/10\\\/Maza.webp\",\"contentUrl\":\"https:\\\/\\\/lasentinelle.dz\\\/wp-content\\\/uploads\\\/2024\\\/10\\\/Maza.webp\",\"width\":1366,\"height\":800},{\"@type\":\"BreadcrumbList\",\"@id\":\"https:\\\/\\\/lasentinelle.dz\\\/index.php\\\/2024\\\/10\\\/13\\\/equipe-nationale-maza-la-nouvelle-pepite-qui-fait-sensation\\\/#breadcrumb\",\"itemListElement\":[{\"@type\":\"ListItem\",\"position\":1,\"name\":\"Accueil\",\"item\":\"https:\\\/\\\/lasentinelle.dz\\\/\"},{\"@type\":\"ListItem\",\"position\":2,\"name\":\"\u00c9quipe nationale\u00a0: Maza, la nouvelle p\u00e9pite qui fait sensation\"}]},{\"@type\":\"WebSite\",\"@id\":\"https:\\\/\\\/lasentinelle.dz\\\/#website\",\"url\":\"https:\\\/\\\/lasentinelle.dz\\\/\",\"name\":\"La Sentinelle\",\"description\":\"Quotidien national d&#039;information\",\"publisher\":{\"@id\":\"https:\\\/\\\/lasentinelle.dz\\\/#organization\"},\"potentialAction\":[{\"@type\":\"SearchAction\",\"target\":{\"@type\":\"EntryPoint\",\"urlTemplate\":\"https:\\\/\\\/lasentinelle.dz\\\/?s={search_term_string}\"},\"query-input\":{\"@type\":\"PropertyValueSpecification\",\"valueRequired\":true,\"valueName\":\"search_term_string\"}}],\"inLanguage\":\"fr-FR\"},{\"@type\":\"Organization\",\"@id\":\"https:\\\/\\\/lasentinelle.dz\\\/#organization\",\"name\":\"Quotidien La Sentinelle\",\"url\":\"https:\\\/\\\/lasentinelle.dz\\\/\",\"logo\":{\"@type\":\"ImageObject\",\"inLanguage\":\"fr-FR\",\"@id\":\"https:\\\/\\\/lasentinelle.dz\\\/#\\\/schema\\\/logo\\\/image\\\/\",\"url\":\"https:\\\/\\\/lasentinelle.dz\\\/wp-content\\\/uploads\\\/2021\\\/09\\\/logo-sentinelleSLOGAN-1.png\",\"contentUrl\":\"https:\\\/\\\/lasentinelle.dz\\\/wp-content\\\/uploads\\\/2021\\\/09\\\/logo-sentinelleSLOGAN-1.png\",\"width\":615,\"height\":142,\"caption\":\"Quotidien La Sentinelle\"},\"image\":{\"@id\":\"https:\\\/\\\/lasentinelle.dz\\\/#\\\/schema\\\/logo\\\/image\\\/\"},\"sameAs\":[\"https:\\\/\\\/www.facebook.com\\\/La-Sentinelle-104059864394773\"]},{\"@type\":\"Person\",\"@id\":\"https:\\\/\\\/lasentinelle.dz\\\/#\\\/schema\\\/person\\\/729ee0024f24e0b8c5ec17232f8e8b41\",\"name\":\"admin\",\"image\":{\"@type\":\"ImageObject\",\"inLanguage\":\"fr-FR\",\"@id\":\"https:\\\/\\\/secure.gravatar.com\\\/avatar\\\/4c81fed838786e9b53f540bf46533e750f5d292099ae3b66cfc6fb1982e29df7?s=96&d=mm&r=g\",\"url\":\"https:\\\/\\\/secure.gravatar.com\\\/avatar\\\/4c81fed838786e9b53f540bf46533e750f5d292099ae3b66cfc6fb1982e29df7?s=96&d=mm&r=g\",\"contentUrl\":\"https:\\\/\\\/secure.gravatar.com\\\/avatar\\\/4c81fed838786e9b53f540bf46533e750f5d292099ae3b66cfc6fb1982e29df7?s=96&d=mm&r=g\",\"caption\":\"admin\"},\"description\":\"admin\",\"url\":\"https:\\\/\\\/lasentinelle.dz\\\/author\\\/admin\\\/\"}]}<\/script>\n<!-- \/ Yoast SEO plugin. -->","yoast_head_json":{"title":"\u00c9quipe nationale\u00a0: Maza, la nouvelle p\u00e9pite qui fait sensation - La Sentinelle","robots":{"index":"index","follow":"follow","max-snippet":"max-snippet:-1","max-image-preview":"max-image-preview:large","max-video-preview":"max-video-preview:-1"},"canonical":"https:\/\/lasentinelle.dz\/index.php\/2024\/10\/13\/equipe-nationale-maza-la-nouvelle-pepite-qui-fait-sensation\/","og_locale":"fr_FR","og_type":"article","og_title":"\u00c9quipe nationale\u00a0: Maza, la nouvelle p\u00e9pite qui fait sensation - La Sentinelle","og_description":"Dans un portrait exclusif publi\u00e9 sur son site officiel, la FIFA met en lumi\u00e8re Ibrahim Maza, le nouveau prodige de","og_url":"https:\/\/lasentinelle.dz\/index.php\/2024\/10\/13\/equipe-nationale-maza-la-nouvelle-pepite-qui-fait-sensation\/","og_site_name":"La Sentinelle","article_publisher":"https:\/\/www.facebook.com\/La-Sentinelle-104059864394773","article_published_time":"2024-10-13T13:10:57+00:00","og_image":[{"width":1366,"height":800,"url":"https:\/\/lasentinelle.dz\/wp-content\/uploads\/2024\/10\/Maza.webp","type":"image\/webp"}],"author":"admin","twitter_card":"summary_large_image","twitter_misc":{"\u00c9crit par":"admin","Dur\u00e9e de lecture estim\u00e9e":"5 minutes"},"schema":{"@context":"https:\/\/schema.org","@graph":[{"@type":"Article","@id":"https:\/\/lasentinelle.dz\/index.php\/2024\/10\/13\/equipe-nationale-maza-la-nouvelle-pepite-qui-fait-sensation\/#article","isPartOf":{"@id":"https:\/\/lasentinelle.dz\/index.php\/2024\/10\/13\/equipe-nationale-maza-la-nouvelle-pepite-qui-fait-sensation\/"},"author":{"name":"admin","@id":"https:\/\/lasentinelle.dz\/#\/schema\/person\/729ee0024f24e0b8c5ec17232f8e8b41"},"headline":"\u00c9quipe nationale\u00a0: Maza, la nouvelle p\u00e9pite qui fait sensation","datePublished":"2024-10-13T13:10:57+00:00","mainEntityOfPage":{"@id":"https:\/\/lasentinelle.dz\/index.php\/2024\/10\/13\/equipe-nationale-maza-la-nouvelle-pepite-qui-fait-sensation\/"},"wordCount":1009,"commentCount":0,"publisher":{"@id":"https:\/\/lasentinelle.dz\/#organization"},"image":{"@id":"https:\/\/lasentinelle.dz\/index.php\/2024\/10\/13\/equipe-nationale-maza-la-nouvelle-pepite-qui-fait-sensation\/#primaryimage"},"thumbnailUrl":"https:\/\/lasentinelle.dz\/wp-content\/uploads\/2024\/10\/Maza.webp","articleSection":["\u00c0 la Une","Sports"],"inLanguage":"fr-FR","potentialAction":[{"@type":"CommentAction","name":"Comment","target":["https:\/\/lasentinelle.dz\/index.php\/2024\/10\/13\/equipe-nationale-maza-la-nouvelle-pepite-qui-fait-sensation\/#respond"]}]},{"@type":"WebPage","@id":"https:\/\/lasentinelle.dz\/index.php\/2024\/10\/13\/equipe-nationale-maza-la-nouvelle-pepite-qui-fait-sensation\/","url":"https:\/\/lasentinelle.dz\/index.php\/2024\/10\/13\/equipe-nationale-maza-la-nouvelle-pepite-qui-fait-sensation\/","name":"\u00c9quipe nationale\u00a0: Maza, la nouvelle p\u00e9pite qui fait sensation - La Sentinelle","isPartOf":{"@id":"https:\/\/lasentinelle.dz\/#website"},"primaryImageOfPage":{"@id":"https:\/\/lasentinelle.dz\/index.php\/2024\/10\/13\/equipe-nationale-maza-la-nouvelle-pepite-qui-fait-sensation\/#primaryimage"},"image":{"@id":"https:\/\/lasentinelle.dz\/index.php\/2024\/10\/13\/equipe-nationale-maza-la-nouvelle-pepite-qui-fait-sensation\/#primaryimage"},"thumbnailUrl":"https:\/\/lasentinelle.dz\/wp-content\/uploads\/2024\/10\/Maza.webp","datePublished":"2024-10-13T13:10:57+00:00","breadcrumb":{"@id":"https:\/\/lasentinelle.dz\/index.php\/2024\/10\/13\/equipe-nationale-maza-la-nouvelle-pepite-qui-fait-sensation\/#breadcrumb"},"inLanguage":"fr-FR","potentialAction":[{"@type":"ReadAction","target":["https:\/\/lasentinelle.dz\/index.php\/2024\/10\/13\/equipe-nationale-maza-la-nouvelle-pepite-qui-fait-sensation\/"]}]},{"@type":"ImageObject","inLanguage":"fr-FR","@id":"https:\/\/lasentinelle.dz\/index.php\/2024\/10\/13\/equipe-nationale-maza-la-nouvelle-pepite-qui-fait-sensation\/#primaryimage","url":"https:\/\/lasentinelle.dz\/wp-content\/uploads\/2024\/10\/Maza.webp","contentUrl":"https:\/\/lasentinelle.dz\/wp-content\/uploads\/2024\/10\/Maza.webp","width":1366,"height":800},{"@type":"BreadcrumbList","@id":"https:\/\/lasentinelle.dz\/index.php\/2024\/10\/13\/equipe-nationale-maza-la-nouvelle-pepite-qui-fait-sensation\/#breadcrumb","itemListElement":[{"@type":"ListItem","position":1,"name":"Accueil","item":"https:\/\/lasentinelle.dz\/"},{"@type":"ListItem","position":2,"name":"\u00c9quipe nationale\u00a0: Maza, la nouvelle p\u00e9pite qui fait sensation"}]},{"@type":"WebSite","@id":"https:\/\/lasentinelle.dz\/#website","url":"https:\/\/lasentinelle.dz\/","name":"La Sentinelle","description":"Quotidien national d&#039;information","publisher":{"@id":"https:\/\/lasentinelle.dz\/#organization"},"potentialAction":[{"@type":"SearchAction","target":{"@type":"EntryPoint","urlTemplate":"https:\/\/lasentinelle.dz\/?s={search_term_string}"},"query-input":{"@type":"PropertyValueSpecification","valueRequired":true,"valueName":"search_term_string"}}],"inLanguage":"fr-FR"},{"@type":"Organization","@id":"https:\/\/lasentinelle.dz\/#organization","name":"Quotidien La Sentinelle","url":"https:\/\/lasentinelle.dz\/","logo":{"@type":"ImageObject","inLanguage":"fr-FR","@id":"https:\/\/lasentinelle.dz\/#\/schema\/logo\/image\/","url":"https:\/\/lasentinelle.dz\/wp-content\/uploads\/2021\/09\/logo-sentinelleSLOGAN-1.png","contentUrl":"https:\/\/lasentinelle.dz\/wp-content\/uploads\/2021\/09\/logo-sentinelleSLOGAN-1.png","width":615,"height":142,"caption":"Quotidien La Sentinelle"},"image":{"@id":"https:\/\/lasentinelle.dz\/#\/schema\/logo\/image\/"},"sameAs":["https:\/\/www.facebook.com\/La-Sentinelle-104059864394773"]},{"@type":"Person","@id":"https:\/\/lasentinelle.dz\/#\/schema\/person\/729ee0024f24e0b8c5ec17232f8e8b41","name":"admin","image":{"@type":"ImageObject","inLanguage":"fr-FR","@id":"https:\/\/secure.gravatar.com\/avatar\/4c81fed838786e9b53f540bf46533e750f5d292099ae3b66cfc6fb1982e29df7?s=96&d=mm&r=g","url":"https:\/\/secure.gravatar.com\/avatar\/4c81fed838786e9b53f540bf46533e750f5d292099ae3b66cfc6fb1982e29df7?s=96&d=mm&r=g","contentUrl":"https:\/\/secure.gravatar.com\/avatar\/4c81fed838786e9b53f540bf46533e750f5d292099ae3b66cfc6fb1982e29df7?s=96&d=mm&r=g","caption":"admin"},"description":"admin","url":"https:\/\/lasentinelle.dz\/author\/admin\/"}]}},"_links":{"self":[{"href":"https:\/\/lasentinelle.dz\/index.php\/wp-json\/wp\/v2\/posts\/58131","targetHints":{"allow":["GET"]}}],"collection":[{"href":"https:\/\/lasentinelle.dz\/index.php\/wp-json\/wp\/v2\/posts"}],"about":[{"href":"https:\/\/lasentinelle.dz\/index.php\/wp-json\/wp\/v2\/types\/post"}],"author":[{"embeddable":true,"href":"https:\/\/lasentinelle.dz\/index.php\/wp-json\/wp\/v2\/users\/6"}],"replies":[{"embeddable":true,"href":"https:\/\/lasentinelle.dz\/index.php\/wp-json\/wp\/v2\/comments?post=58131"}],"version-history":[{"count":1,"href":"https:\/\/lasentinelle.dz\/index.php\/wp-json\/wp\/v2\/posts\/58131\/revisions"}],"predecessor-version":[{"id":58133,"href":"https:\/\/lasentinelle.dz\/index.php\/wp-json\/wp\/v2\/posts\/58131\/revisions\/58133"}],"wp:featuredmedia":[{"embeddable":true,"href":"https:\/\/lasentinelle.dz\/index.php\/wp-json\/wp\/v2\/media\/58132"}],"wp:attachment":[{"href":"https:\/\/lasentinelle.dz\/index.php\/wp-json\/wp\/v2\/media?parent=58131"}],"wp:term":[{"taxonomy":"category","embeddable":true,"href":"https:\/\/lasentinelle.dz\/index.php\/wp-json\/wp\/v2\/categories?post=58131"},{"taxonomy":"post_tag","embeddable":true,"href":"https:\/\/lasentinelle.dz\/index.php\/wp-json\/wp\/v2\/tags?post=58131"}],"curies":[{"name":"wp","href":"https:\/\/api.w.org\/{rel}","templated":true}]}}