{"id":5816,"date":"2021-08-30T00:05:00","date_gmt":"2021-08-29T23:05:00","guid":{"rendered":"https:\/\/lasentinelle.dz\/?p=5816"},"modified":"2021-08-29T18:52:35","modified_gmt":"2021-08-29T17:52:35","slug":"il-fait-tout-pour-faire-oublier-cette-crise-du-rif-la-poudriere-sur-laquelle-est-assis-le-makhzen","status":"publish","type":"post","link":"https:\/\/lasentinelle.dz\/index.php\/2021\/08\/30\/il-fait-tout-pour-faire-oublier-cette-crise-du-rif-la-poudriere-sur-laquelle-est-assis-le-makhzen\/","title":{"rendered":"Il fait tout pour faire oublier cette crise du Rif : La poudri\u00e8re du Rif"},"content":{"rendered":"\n<p>Le r\u00e9gime marocain s\u2019est lanc\u00e9 depuis quelques mois dans une croisade hyst\u00e9rique contre l\u2019Alg\u00e9rie, mais aussi contre de nombreux pays y compris europ\u00e9ens, en brandissant la question du Sahara occidental afin de justifier son attitude belliqueuse et agressive. Une croisade destin\u00e9e au final \u00e0 faire oublier l\u2019ignominie et l\u2019affront que le Makhzen a fait subir au peuple marocain en normalisant ses relations avec l\u2019entit\u00e9 sioniste, mais aussi la grave \u00e9conomique et sociale qui affecte les Marocains, notamment dans la r\u00e9gion du Rif connu un vaste mouvement de contestation. Une r\u00e9gion qui continue encore \u00e0 faire peur au r\u00e9gime marocain.<\/p>\n\n\n\n<p>Il faut savoir que le mouvement populaire du Rif marocain, qui s\u2019est soulev\u00e9 en 2017 qui a touch\u00e9 les villes d\u2019El Hoceimia, de Nador, de Berkane mais aussi qui a soulev\u00e9 la diaspora de cette r\u00e9gion du Maroc, notamment en Belgique et aux Pays Bas, deux pays o\u00f9 la pr\u00e9sence de citoyens de ces r\u00e9gions est assez nombreuse, ne semble pas \u00e0 s\u2019estomper malgr\u00e9 la r\u00e9pression qui s\u2019\u00e9tait abattue contre elle, mais bien au contraire elle est per\u00e7ue par bon nombre d\u2019observateur comme une bombe \u00e0 retardement qui risque d\u2019\u00e9branler s\u00e9rieusement la monarchie.<\/p>\n\n\n\n<p>Dans ce sens, la journaliste Houda Chokrani a estim\u00e9, dans un r\u00e9cent article publi\u00e9 sur le site \u00e9lectronique \u00abarab, center Washnigton\/dc&nbsp;\u00bb, que \u00ab la marginalisation persistante de la r\u00e9gion du nord du Rif et des groupes vuln\u00e9rables au Maroc&nbsp; d\u00e9clenchera tr\u00e8s probablement des troubles populaires contre le gouvernement central \u00bb.L\u2019auteure affirme en ce sens qu\u2019 \u00ab au cours de la derni\u00e8re d\u00e9cennie, les suicides pour certains Marocains et les manifestations de rues pour d\u2019autres sont devenus&nbsp; les moyens de dernier recours pour protester contre la hogra et la contestation s\u2019est poursuivie au Maroc, atteignant crescendo fin 2016 et d\u00e9but 2017 avec le mouvement \u2018Hirak\u2019 dans le nord du Rif marginalis\u00e9 \u00bb.Elle rappellera que \u00ab Le \u2018Hirak\u2019 du Rif a \u00e9t\u00e9 d\u00e9clench\u00e9 par la disparition de Mohcine Fikri, un vendeur de poisson broy\u00e9 dans un camion \u00e0 ordures alors qu\u2019il tentait de r\u00e9cup\u00e9rer son poisson confisqu\u00e9, a attir\u00e9 la solidarit\u00e9 nationale et transnationale entre les Marocains \u00bb.<\/p>\n\n\n\n<p>\u00ab Le mouvement a subi une r\u00e9pression s\u00e9v\u00e8re&nbsp;&nbsp; de la part de l\u2019Etat, ses leaders \u00e9minents, dont Nacer Zefzafi, ont \u00e9t\u00e9 condamn\u00e9s \u00e0 des peines excessives allant jusqu\u2019\u00e0 20ans de prison \u00bb, tenait elle \u00e0 rappeler.Ce mouvement populaire a fait par la suite l\u2019effet t\u00e2che d\u2019huile en s\u2019\u00e9talant sur d\u2019autres r\u00e9gions comme la ville de Djerada, de d\u00e9cembre 2017 \u00e0 mars 2018, ou la population de cette ville mini\u00e8re \u00e9galement marginalis\u00e9e, a protest\u00e9 contre la mort \u00ab accidentelle \u00bb de deux mineurs informels et exig\u00e9 la cr\u00e9ation d\u2019emplois et l\u2019am\u00e9lioration des conditions socio \u00e9conomiques des citoyens de cette r\u00e9gion.L\u2019article qui rappelle la r\u00e9pression \u00ab violente \u00bb qui \u00e9tait venue en r\u00e9ponse aux manifestations des citoyens de la ville mini\u00e8re de Djerada, elle estime dans son \u00e9crit que \u00ab le Maroc est assis sur une poudri\u00e8re de griefs sociaux \u00e9conomiques et politiques \u00bb.En plus de cette situation socio \u00e9conomique dans laquelle se d\u00e9battent des pans entiers de la soci\u00e9t\u00e9 marocaine, la journaliste mettra aussi \u00e0 nu le syst\u00e8me politique \u00e0 l\u2019\u0153uvre dans cette monarchie o\u00f9 le citoyen est toujours per\u00e7u comme un sujet du roi, indiquant qu\u2019 \u00ab au Maroc, les \u00e9lus du peuple ; ne sont pas responsables devant l\u2019\u00e9lectorat mais inf\u00e9od\u00e9s aux int\u00e9r\u00eats de la cour royale, le Makhzen \u00bb.Ce qui explique \u00ab l\u2019agitation sociale perp\u00e9tuelle et la participation de plus en plus faible d\u2019un cycle \u00e9lectoral \u00e0 l\u2019autre \u00bb, enxplique-t-elle en indiquant que dans la r\u00e9alit\u00e9&nbsp; \u00ab la monarchie monopolise toujours les pouvoirs, religieux, politiques et \u00e9conomiques qui assurent et consolident l\u2019autorit\u00e9 ultime et supr\u00eame du roi Mohamed VI dans le pays \u00bb.Concernant le syst\u00e8me judiciaire et juridique qui pr\u00e9vaut dans cette monarchie, l\u2019auteure affirme qu\u2019 \u00ab il est sous le contr\u00f4le du monarque de m\u00eame que pour la presse, le Makhzen recherche de plus en plus d\u2019une presse complaisante en muselant les voix dissidentes des journalistes \u00bb.Elle indiquera \u00e0 ce sujet que \u00ab les autorit\u00e9s marocaines ciblent la presse d\u2019opposition et emprisonnent des journalistes pour des motifs douteux \u00bb, citant le cas du journaliste Taoufik Bouachrine, \u00e9diteur d\u2019Alkhabar El Youm qui purge une lourde peine de prison de 15ans pour de multiples chefs d\u2019inculpations li\u00e9s \u00e0 son m\u00e9tier.Idem pour son confr\u00e8re Soulaimane Raissouni ancien r\u00e9dacteur en chef du m\u00eame organe pers\u00e9cut\u00e9 par le r\u00e9gime marocain pour avoir ouvertement critiqu\u00e9 la corruption du gouvernement et les violations des droits de l\u2019homme et avoir \u00e9galement plaid\u00e9 en faveur d\u2019une r\u00e9forme politique.<\/p>\n\n\n\n<p>Elle cite \u00e9galement le cas d\u2019Omar Radi, journaliste d\u2019investigation dont le travail est principalement ax\u00e9 sur la corruption et la violation des droits humains et qui \u00e9tait un ancien militant du mouvement du 20 f\u00e9vrier et du \u00ab Hirak\u2019 du Rif a r\u00e9cemment \u00e9t\u00e9 condamn\u00e9 \u00e0 six ann\u00e9es de prison pour espionnage \u00bb. Il est \u00e9vident selon elle que \u00ab le r\u00e9gime vise \u00e0 museler la dissidence et \u00e0 cr\u00e9er une atmosph\u00e8re g\u00e9n\u00e9rale de peur afin de dissuader les critiques du gouvernement et de forcer l\u2019autocensure \u00bb.<\/p>\n\n\n\n<p><strong>Grenier du Kif<\/strong><\/p>\n\n\n\n<p>Or, le Makhzen a trouv\u00e9 d\u2019autres moyens, autrement plus insidieux, afin d\u2019\u00e9touffer toute forme de dissidence au Maroc et notamment le Rif. Il s\u2019agit du cannabis, dont la consommation a \u00e9t\u00e9 officiellement l\u00e9galis\u00e9e, mais qui a \u00e9t\u00e9 largement encourag\u00e9e au sein du royaume. Le Rif marocain d\u2019ailleurs \u00e9t\u00e9 transform\u00e9 par le Makhzen par le plus gros centre du production de cannabis au monde.<\/p>\n\n\n\n<p>Dans ce sens le magazine fran\u00e7ais \u00ab&nbsp;Geo&nbsp;\u00bb a consacr\u00e9 dans son \u00e9dition un dossier \u00e0 la culture du kif dans le Rif marocain. Il rappelle ainsi qu\u2019en 1959, trois ans apr\u00e8s l\u2019ind\u00e9pendance du Maroc, les habitants du Rif furent r\u00e9prim\u00e9s pour s\u2019\u00eatre soulev\u00e9s contre un gouvernement qui les avait exclus. En repr\u00e9sailles, leur r\u00e9gion fut priv\u00e9e d\u2019investissements quatre d\u00e9cennies durant. Et l\u2019on d\u00e9tourna les yeux de leur moyen de subsistance, explique le magazine.Et en vingt ans, la r\u00e9gion, avantageusement situ\u00e9e aux portes de l\u2019Europe, est devenue son grenier \u00e0 kif. Ainsi, le Maroc s\u2019est retrouv\u00e9 parmi les principaux producteurs et exportateurs de haschisch dans le monde.<\/p>\n\n\n\n<p>Cependant, Abdelatif Adebibe, le dirigeant de la conf\u00e9d\u00e9ration des associations de Sanhaja du Rif, accuse que ceux qui contr\u00f4lent ce secteur-l\u00e0 viennent d\u2019autres r\u00e9gions du pays et de l\u2019\u00e9tranger, et ils financent des gens d\u2019ici. \u00ab\u00a0Ils restent cach\u00e9s mais profitent de l\u2019argent g\u00e9n\u00e9r\u00e9\u00a0\u00bb.Khalid Tinasti, le directeur de la Commission mondiale sur la politique des drogues, confirme: \u00ab\u00a0Le&nbsp; march\u00e9 du Rif a totalement chang\u00e9 ces dix derni\u00e8res ann\u00e9es. La production n\u2019est plus entre les mains de petits cultivateurs. Aujourd\u2019hui, des capitaux illicites internationaux investissent directement au Maroc et ma\u00eetrisent toute la cha\u00eene de production, jusqu\u2019au trafic vers l\u2019Europe\u00a0\u00bb.<\/p>\n\n\n\n<p><strong>Boubekeur Amrani<\/strong><\/p>\n","protected":false},"excerpt":{"rendered":"<p>Le r\u00e9gime marocain s\u2019est lanc\u00e9 depuis quelques mois dans une croisade hyst\u00e9rique contre l\u2019Alg\u00e9rie, mais aussi contre de nombreux pays<\/p>\n","protected":false},"author":3,"featured_media":5842,"comment_status":"open","ping_status":"closed","sticky":false,"template":"","format":"standard","meta":{"colormag_page_container_layout":"default_layout","colormag_page_sidebar_layout":"default_layout","om_disable_all_campaigns":false,"_monsterinsights_skip_tracking":false,"_monsterinsights_sitenote_active":false,"_monsterinsights_sitenote_note":"","_monsterinsights_sitenote_category":0,"footnotes":"","_wpscppro_dont_share_socialmedia":false,"_wpscppro_custom_social_share_image":0,"_facebook_share_type":"","_twitter_share_type":"","_linkedin_share_type":"","_pinterest_share_type":"","_linkedin_share_type_page":"","_instagram_share_type":"","_medium_share_type":"","_threads_share_type":"","_google_business_share_type":"","_selected_social_profile":[],"_wpsp_enable_custom_social_template":false,"_wpsp_social_scheduling":{"enabled":false,"datetime":null,"platforms":[],"status":"template_only","dateOption":"today","timeOption":"now","customDays":"","customHours":"","customDate":"","customTime":"","schedulingType":"absolute"},"_wpsp_active_default_template":true},"categories":[52,27],"tags":[],"class_list":["post-5816","post","type-post","status-publish","format-standard","has-post-thumbnail","hentry","category-a-la-une","category-actualite"],"aioseo_notices":[],"yoast_head":"<!-- This site is optimized with the Yoast SEO plugin v27.5 - https:\/\/yoast.com\/product\/yoast-seo-wordpress\/ -->\n<title>Il fait tout pour faire oublier cette crise du Rif : La poudri\u00e8re du Rif - La Sentinelle<\/title>\n<meta name=\"robots\" content=\"index, follow, max-snippet:-1, max-image-preview:large, max-video-preview:-1\" \/>\n<link rel=\"canonical\" href=\"https:\/\/lasentinelle.dz\/index.php\/2021\/08\/30\/il-fait-tout-pour-faire-oublier-cette-crise-du-rif-la-poudriere-sur-laquelle-est-assis-le-makhzen\/\" \/>\n<meta property=\"og:locale\" content=\"fr_FR\" \/>\n<meta property=\"og:type\" content=\"article\" \/>\n<meta property=\"og:title\" content=\"Il fait tout pour faire oublier cette crise du Rif : La poudri\u00e8re du Rif - La Sentinelle\" \/>\n<meta property=\"og:description\" content=\"Le r\u00e9gime marocain s\u2019est lanc\u00e9 depuis quelques mois dans une croisade hyst\u00e9rique contre l\u2019Alg\u00e9rie, mais aussi contre de nombreux pays\" \/>\n<meta property=\"og:url\" content=\"https:\/\/lasentinelle.dz\/index.php\/2021\/08\/30\/il-fait-tout-pour-faire-oublier-cette-crise-du-rif-la-poudriere-sur-laquelle-est-assis-le-makhzen\/\" \/>\n<meta property=\"og:site_name\" content=\"La Sentinelle\" \/>\n<meta property=\"article:publisher\" content=\"https:\/\/www.facebook.com\/La-Sentinelle-104059864394773\" \/>\n<meta property=\"article:published_time\" content=\"2021-08-29T23:05:00+00:00\" \/>\n<meta property=\"og:image\" content=\"https:\/\/lasentinelle.dz\/wp-content\/uploads\/2021\/08\/roi.png\" \/>\n\t<meta property=\"og:image:width\" content=\"804\" \/>\n\t<meta property=\"og:image:height\" content=\"900\" \/>\n\t<meta property=\"og:image:type\" content=\"image\/png\" \/>\n<meta name=\"author\" content=\"La Sentinelle\" \/>\n<meta name=\"twitter:card\" content=\"summary_large_image\" \/>\n<meta name=\"twitter:label1\" content=\"\u00c9crit par\" \/>\n\t<meta name=\"twitter:data1\" content=\"La Sentinelle\" \/>\n\t<meta name=\"twitter:label2\" content=\"Dur\u00e9e de lecture estim\u00e9e\" \/>\n\t<meta name=\"twitter:data2\" content=\"5 minutes\" \/>\n<script type=\"application\/ld+json\" class=\"yoast-schema-graph\">{\"@context\":\"https:\\\/\\\/schema.org\",\"@graph\":[{\"@type\":\"Article\",\"@id\":\"https:\\\/\\\/lasentinelle.dz\\\/index.php\\\/2021\\\/08\\\/30\\\/il-fait-tout-pour-faire-oublier-cette-crise-du-rif-la-poudriere-sur-laquelle-est-assis-le-makhzen\\\/#article\",\"isPartOf\":{\"@id\":\"https:\\\/\\\/lasentinelle.dz\\\/index.php\\\/2021\\\/08\\\/30\\\/il-fait-tout-pour-faire-oublier-cette-crise-du-rif-la-poudriere-sur-laquelle-est-assis-le-makhzen\\\/\"},\"author\":{\"name\":\"La Sentinelle\",\"@id\":\"https:\\\/\\\/lasentinelle.dz\\\/#\\\/schema\\\/person\\\/d865044e22e70a75174ce8bcad3acfb3\"},\"headline\":\"Il fait tout pour faire oublier cette crise du Rif : La poudri\u00e8re du Rif\",\"datePublished\":\"2021-08-29T23:05:00+00:00\",\"mainEntityOfPage\":{\"@id\":\"https:\\\/\\\/lasentinelle.dz\\\/index.php\\\/2021\\\/08\\\/30\\\/il-fait-tout-pour-faire-oublier-cette-crise-du-rif-la-poudriere-sur-laquelle-est-assis-le-makhzen\\\/\"},\"wordCount\":1248,\"commentCount\":0,\"publisher\":{\"@id\":\"https:\\\/\\\/lasentinelle.dz\\\/#organization\"},\"image\":{\"@id\":\"https:\\\/\\\/lasentinelle.dz\\\/index.php\\\/2021\\\/08\\\/30\\\/il-fait-tout-pour-faire-oublier-cette-crise-du-rif-la-poudriere-sur-laquelle-est-assis-le-makhzen\\\/#primaryimage\"},\"thumbnailUrl\":\"https:\\\/\\\/lasentinelle.dz\\\/wp-content\\\/uploads\\\/2021\\\/08\\\/roi.png\",\"articleSection\":[\"\u00c0 la Une\",\"Actualit\u00e9\"],\"inLanguage\":\"fr-FR\",\"potentialAction\":[{\"@type\":\"CommentAction\",\"name\":\"Comment\",\"target\":[\"https:\\\/\\\/lasentinelle.dz\\\/index.php\\\/2021\\\/08\\\/30\\\/il-fait-tout-pour-faire-oublier-cette-crise-du-rif-la-poudriere-sur-laquelle-est-assis-le-makhzen\\\/#respond\"]}]},{\"@type\":\"WebPage\",\"@id\":\"https:\\\/\\\/lasentinelle.dz\\\/index.php\\\/2021\\\/08\\\/30\\\/il-fait-tout-pour-faire-oublier-cette-crise-du-rif-la-poudriere-sur-laquelle-est-assis-le-makhzen\\\/\",\"url\":\"https:\\\/\\\/lasentinelle.dz\\\/index.php\\\/2021\\\/08\\\/30\\\/il-fait-tout-pour-faire-oublier-cette-crise-du-rif-la-poudriere-sur-laquelle-est-assis-le-makhzen\\\/\",\"name\":\"Il fait tout pour faire oublier cette crise du Rif : La poudri\u00e8re du Rif - La Sentinelle\",\"isPartOf\":{\"@id\":\"https:\\\/\\\/lasentinelle.dz\\\/#website\"},\"primaryImageOfPage\":{\"@id\":\"https:\\\/\\\/lasentinelle.dz\\\/index.php\\\/2021\\\/08\\\/30\\\/il-fait-tout-pour-faire-oublier-cette-crise-du-rif-la-poudriere-sur-laquelle-est-assis-le-makhzen\\\/#primaryimage\"},\"image\":{\"@id\":\"https:\\\/\\\/lasentinelle.dz\\\/index.php\\\/2021\\\/08\\\/30\\\/il-fait-tout-pour-faire-oublier-cette-crise-du-rif-la-poudriere-sur-laquelle-est-assis-le-makhzen\\\/#primaryimage\"},\"thumbnailUrl\":\"https:\\\/\\\/lasentinelle.dz\\\/wp-content\\\/uploads\\\/2021\\\/08\\\/roi.png\",\"datePublished\":\"2021-08-29T23:05:00+00:00\",\"breadcrumb\":{\"@id\":\"https:\\\/\\\/lasentinelle.dz\\\/index.php\\\/2021\\\/08\\\/30\\\/il-fait-tout-pour-faire-oublier-cette-crise-du-rif-la-poudriere-sur-laquelle-est-assis-le-makhzen\\\/#breadcrumb\"},\"inLanguage\":\"fr-FR\",\"potentialAction\":[{\"@type\":\"ReadAction\",\"target\":[\"https:\\\/\\\/lasentinelle.dz\\\/index.php\\\/2021\\\/08\\\/30\\\/il-fait-tout-pour-faire-oublier-cette-crise-du-rif-la-poudriere-sur-laquelle-est-assis-le-makhzen\\\/\"]}]},{\"@type\":\"ImageObject\",\"inLanguage\":\"fr-FR\",\"@id\":\"https:\\\/\\\/lasentinelle.dz\\\/index.php\\\/2021\\\/08\\\/30\\\/il-fait-tout-pour-faire-oublier-cette-crise-du-rif-la-poudriere-sur-laquelle-est-assis-le-makhzen\\\/#primaryimage\",\"url\":\"https:\\\/\\\/lasentinelle.dz\\\/wp-content\\\/uploads\\\/2021\\\/08\\\/roi.png\",\"contentUrl\":\"https:\\\/\\\/lasentinelle.dz\\\/wp-content\\\/uploads\\\/2021\\\/08\\\/roi.png\",\"width\":804,\"height\":900},{\"@type\":\"BreadcrumbList\",\"@id\":\"https:\\\/\\\/lasentinelle.dz\\\/index.php\\\/2021\\\/08\\\/30\\\/il-fait-tout-pour-faire-oublier-cette-crise-du-rif-la-poudriere-sur-laquelle-est-assis-le-makhzen\\\/#breadcrumb\",\"itemListElement\":[{\"@type\":\"ListItem\",\"position\":1,\"name\":\"Accueil\",\"item\":\"https:\\\/\\\/lasentinelle.dz\\\/\"},{\"@type\":\"ListItem\",\"position\":2,\"name\":\"Il fait tout pour faire oublier cette crise du Rif : La poudri\u00e8re du Rif\"}]},{\"@type\":\"WebSite\",\"@id\":\"https:\\\/\\\/lasentinelle.dz\\\/#website\",\"url\":\"https:\\\/\\\/lasentinelle.dz\\\/\",\"name\":\"La Sentinelle\",\"description\":\"Quotidien national d&#039;information\",\"publisher\":{\"@id\":\"https:\\\/\\\/lasentinelle.dz\\\/#organization\"},\"potentialAction\":[{\"@type\":\"SearchAction\",\"target\":{\"@type\":\"EntryPoint\",\"urlTemplate\":\"https:\\\/\\\/lasentinelle.dz\\\/?s={search_term_string}\"},\"query-input\":{\"@type\":\"PropertyValueSpecification\",\"valueRequired\":true,\"valueName\":\"search_term_string\"}}],\"inLanguage\":\"fr-FR\"},{\"@type\":\"Organization\",\"@id\":\"https:\\\/\\\/lasentinelle.dz\\\/#organization\",\"name\":\"Quotidien La Sentinelle\",\"url\":\"https:\\\/\\\/lasentinelle.dz\\\/\",\"logo\":{\"@type\":\"ImageObject\",\"inLanguage\":\"fr-FR\",\"@id\":\"https:\\\/\\\/lasentinelle.dz\\\/#\\\/schema\\\/logo\\\/image\\\/\",\"url\":\"https:\\\/\\\/lasentinelle.dz\\\/wp-content\\\/uploads\\\/2021\\\/09\\\/logo-sentinelleSLOGAN-1.png\",\"contentUrl\":\"https:\\\/\\\/lasentinelle.dz\\\/wp-content\\\/uploads\\\/2021\\\/09\\\/logo-sentinelleSLOGAN-1.png\",\"width\":615,\"height\":142,\"caption\":\"Quotidien La Sentinelle\"},\"image\":{\"@id\":\"https:\\\/\\\/lasentinelle.dz\\\/#\\\/schema\\\/logo\\\/image\\\/\"},\"sameAs\":[\"https:\\\/\\\/www.facebook.com\\\/La-Sentinelle-104059864394773\"]},{\"@type\":\"Person\",\"@id\":\"https:\\\/\\\/lasentinelle.dz\\\/#\\\/schema\\\/person\\\/d865044e22e70a75174ce8bcad3acfb3\",\"name\":\"La Sentinelle\",\"image\":{\"@type\":\"ImageObject\",\"inLanguage\":\"fr-FR\",\"@id\":\"https:\\\/\\\/secure.gravatar.com\\\/avatar\\\/57de8e5d4b15d43fb361a71fbb36338450fe67865b528a43dd10ef7c51a20392?s=96&d=mm&r=g\",\"url\":\"https:\\\/\\\/secure.gravatar.com\\\/avatar\\\/57de8e5d4b15d43fb361a71fbb36338450fe67865b528a43dd10ef7c51a20392?s=96&d=mm&r=g\",\"contentUrl\":\"https:\\\/\\\/secure.gravatar.com\\\/avatar\\\/57de8e5d4b15d43fb361a71fbb36338450fe67865b528a43dd10ef7c51a20392?s=96&d=mm&r=g\",\"caption\":\"La Sentinelle\"},\"sameAs\":[\"http:\\\/\\\/www.lasentinelle.dz\"],\"url\":\"https:\\\/\\\/lasentinelle.dz\\\/author\\\/redaction\\\/\"}]}<\/script>\n<!-- \/ Yoast SEO plugin. -->","yoast_head_json":{"title":"Il fait tout pour faire oublier cette crise du Rif : La poudri\u00e8re du Rif - La Sentinelle","robots":{"index":"index","follow":"follow","max-snippet":"max-snippet:-1","max-image-preview":"max-image-preview:large","max-video-preview":"max-video-preview:-1"},"canonical":"https:\/\/lasentinelle.dz\/index.php\/2021\/08\/30\/il-fait-tout-pour-faire-oublier-cette-crise-du-rif-la-poudriere-sur-laquelle-est-assis-le-makhzen\/","og_locale":"fr_FR","og_type":"article","og_title":"Il fait tout pour faire oublier cette crise du Rif : La poudri\u00e8re du Rif - La Sentinelle","og_description":"Le r\u00e9gime marocain s\u2019est lanc\u00e9 depuis quelques mois dans une croisade hyst\u00e9rique contre l\u2019Alg\u00e9rie, mais aussi contre de nombreux pays","og_url":"https:\/\/lasentinelle.dz\/index.php\/2021\/08\/30\/il-fait-tout-pour-faire-oublier-cette-crise-du-rif-la-poudriere-sur-laquelle-est-assis-le-makhzen\/","og_site_name":"La Sentinelle","article_publisher":"https:\/\/www.facebook.com\/La-Sentinelle-104059864394773","article_published_time":"2021-08-29T23:05:00+00:00","og_image":[{"width":804,"height":900,"url":"https:\/\/lasentinelle.dz\/wp-content\/uploads\/2021\/08\/roi.png","type":"image\/png"}],"author":"La Sentinelle","twitter_card":"summary_large_image","twitter_misc":{"\u00c9crit par":"La Sentinelle","Dur\u00e9e de lecture estim\u00e9e":"5 minutes"},"schema":{"@context":"https:\/\/schema.org","@graph":[{"@type":"Article","@id":"https:\/\/lasentinelle.dz\/index.php\/2021\/08\/30\/il-fait-tout-pour-faire-oublier-cette-crise-du-rif-la-poudriere-sur-laquelle-est-assis-le-makhzen\/#article","isPartOf":{"@id":"https:\/\/lasentinelle.dz\/index.php\/2021\/08\/30\/il-fait-tout-pour-faire-oublier-cette-crise-du-rif-la-poudriere-sur-laquelle-est-assis-le-makhzen\/"},"author":{"name":"La Sentinelle","@id":"https:\/\/lasentinelle.dz\/#\/schema\/person\/d865044e22e70a75174ce8bcad3acfb3"},"headline":"Il fait tout pour faire oublier cette crise du Rif : La poudri\u00e8re du Rif","datePublished":"2021-08-29T23:05:00+00:00","mainEntityOfPage":{"@id":"https:\/\/lasentinelle.dz\/index.php\/2021\/08\/30\/il-fait-tout-pour-faire-oublier-cette-crise-du-rif-la-poudriere-sur-laquelle-est-assis-le-makhzen\/"},"wordCount":1248,"commentCount":0,"publisher":{"@id":"https:\/\/lasentinelle.dz\/#organization"},"image":{"@id":"https:\/\/lasentinelle.dz\/index.php\/2021\/08\/30\/il-fait-tout-pour-faire-oublier-cette-crise-du-rif-la-poudriere-sur-laquelle-est-assis-le-makhzen\/#primaryimage"},"thumbnailUrl":"https:\/\/lasentinelle.dz\/wp-content\/uploads\/2021\/08\/roi.png","articleSection":["\u00c0 la Une","Actualit\u00e9"],"inLanguage":"fr-FR","potentialAction":[{"@type":"CommentAction","name":"Comment","target":["https:\/\/lasentinelle.dz\/index.php\/2021\/08\/30\/il-fait-tout-pour-faire-oublier-cette-crise-du-rif-la-poudriere-sur-laquelle-est-assis-le-makhzen\/#respond"]}]},{"@type":"WebPage","@id":"https:\/\/lasentinelle.dz\/index.php\/2021\/08\/30\/il-fait-tout-pour-faire-oublier-cette-crise-du-rif-la-poudriere-sur-laquelle-est-assis-le-makhzen\/","url":"https:\/\/lasentinelle.dz\/index.php\/2021\/08\/30\/il-fait-tout-pour-faire-oublier-cette-crise-du-rif-la-poudriere-sur-laquelle-est-assis-le-makhzen\/","name":"Il fait tout pour faire oublier cette crise du Rif : La poudri\u00e8re du Rif - La Sentinelle","isPartOf":{"@id":"https:\/\/lasentinelle.dz\/#website"},"primaryImageOfPage":{"@id":"https:\/\/lasentinelle.dz\/index.php\/2021\/08\/30\/il-fait-tout-pour-faire-oublier-cette-crise-du-rif-la-poudriere-sur-laquelle-est-assis-le-makhzen\/#primaryimage"},"image":{"@id":"https:\/\/lasentinelle.dz\/index.php\/2021\/08\/30\/il-fait-tout-pour-faire-oublier-cette-crise-du-rif-la-poudriere-sur-laquelle-est-assis-le-makhzen\/#primaryimage"},"thumbnailUrl":"https:\/\/lasentinelle.dz\/wp-content\/uploads\/2021\/08\/roi.png","datePublished":"2021-08-29T23:05:00+00:00","breadcrumb":{"@id":"https:\/\/lasentinelle.dz\/index.php\/2021\/08\/30\/il-fait-tout-pour-faire-oublier-cette-crise-du-rif-la-poudriere-sur-laquelle-est-assis-le-makhzen\/#breadcrumb"},"inLanguage":"fr-FR","potentialAction":[{"@type":"ReadAction","target":["https:\/\/lasentinelle.dz\/index.php\/2021\/08\/30\/il-fait-tout-pour-faire-oublier-cette-crise-du-rif-la-poudriere-sur-laquelle-est-assis-le-makhzen\/"]}]},{"@type":"ImageObject","inLanguage":"fr-FR","@id":"https:\/\/lasentinelle.dz\/index.php\/2021\/08\/30\/il-fait-tout-pour-faire-oublier-cette-crise-du-rif-la-poudriere-sur-laquelle-est-assis-le-makhzen\/#primaryimage","url":"https:\/\/lasentinelle.dz\/wp-content\/uploads\/2021\/08\/roi.png","contentUrl":"https:\/\/lasentinelle.dz\/wp-content\/uploads\/2021\/08\/roi.png","width":804,"height":900},{"@type":"BreadcrumbList","@id":"https:\/\/lasentinelle.dz\/index.php\/2021\/08\/30\/il-fait-tout-pour-faire-oublier-cette-crise-du-rif-la-poudriere-sur-laquelle-est-assis-le-makhzen\/#breadcrumb","itemListElement":[{"@type":"ListItem","position":1,"name":"Accueil","item":"https:\/\/lasentinelle.dz\/"},{"@type":"ListItem","position":2,"name":"Il fait tout pour faire oublier cette crise du Rif : La poudri\u00e8re du Rif"}]},{"@type":"WebSite","@id":"https:\/\/lasentinelle.dz\/#website","url":"https:\/\/lasentinelle.dz\/","name":"La Sentinelle","description":"Quotidien national d&#039;information","publisher":{"@id":"https:\/\/lasentinelle.dz\/#organization"},"potentialAction":[{"@type":"SearchAction","target":{"@type":"EntryPoint","urlTemplate":"https:\/\/lasentinelle.dz\/?s={search_term_string}"},"query-input":{"@type":"PropertyValueSpecification","valueRequired":true,"valueName":"search_term_string"}}],"inLanguage":"fr-FR"},{"@type":"Organization","@id":"https:\/\/lasentinelle.dz\/#organization","name":"Quotidien La Sentinelle","url":"https:\/\/lasentinelle.dz\/","logo":{"@type":"ImageObject","inLanguage":"fr-FR","@id":"https:\/\/lasentinelle.dz\/#\/schema\/logo\/image\/","url":"https:\/\/lasentinelle.dz\/wp-content\/uploads\/2021\/09\/logo-sentinelleSLOGAN-1.png","contentUrl":"https:\/\/lasentinelle.dz\/wp-content\/uploads\/2021\/09\/logo-sentinelleSLOGAN-1.png","width":615,"height":142,"caption":"Quotidien La Sentinelle"},"image":{"@id":"https:\/\/lasentinelle.dz\/#\/schema\/logo\/image\/"},"sameAs":["https:\/\/www.facebook.com\/La-Sentinelle-104059864394773"]},{"@type":"Person","@id":"https:\/\/lasentinelle.dz\/#\/schema\/person\/d865044e22e70a75174ce8bcad3acfb3","name":"La Sentinelle","image":{"@type":"ImageObject","inLanguage":"fr-FR","@id":"https:\/\/secure.gravatar.com\/avatar\/57de8e5d4b15d43fb361a71fbb36338450fe67865b528a43dd10ef7c51a20392?s=96&d=mm&r=g","url":"https:\/\/secure.gravatar.com\/avatar\/57de8e5d4b15d43fb361a71fbb36338450fe67865b528a43dd10ef7c51a20392?s=96&d=mm&r=g","contentUrl":"https:\/\/secure.gravatar.com\/avatar\/57de8e5d4b15d43fb361a71fbb36338450fe67865b528a43dd10ef7c51a20392?s=96&d=mm&r=g","caption":"La Sentinelle"},"sameAs":["http:\/\/www.lasentinelle.dz"],"url":"https:\/\/lasentinelle.dz\/author\/redaction\/"}]}},"_links":{"self":[{"href":"https:\/\/lasentinelle.dz\/index.php\/wp-json\/wp\/v2\/posts\/5816","targetHints":{"allow":["GET"]}}],"collection":[{"href":"https:\/\/lasentinelle.dz\/index.php\/wp-json\/wp\/v2\/posts"}],"about":[{"href":"https:\/\/lasentinelle.dz\/index.php\/wp-json\/wp\/v2\/types\/post"}],"author":[{"embeddable":true,"href":"https:\/\/lasentinelle.dz\/index.php\/wp-json\/wp\/v2\/users\/3"}],"replies":[{"embeddable":true,"href":"https:\/\/lasentinelle.dz\/index.php\/wp-json\/wp\/v2\/comments?post=5816"}],"version-history":[{"count":2,"href":"https:\/\/lasentinelle.dz\/index.php\/wp-json\/wp\/v2\/posts\/5816\/revisions"}],"predecessor-version":[{"id":5843,"href":"https:\/\/lasentinelle.dz\/index.php\/wp-json\/wp\/v2\/posts\/5816\/revisions\/5843"}],"wp:featuredmedia":[{"embeddable":true,"href":"https:\/\/lasentinelle.dz\/index.php\/wp-json\/wp\/v2\/media\/5842"}],"wp:attachment":[{"href":"https:\/\/lasentinelle.dz\/index.php\/wp-json\/wp\/v2\/media?parent=5816"}],"wp:term":[{"taxonomy":"category","embeddable":true,"href":"https:\/\/lasentinelle.dz\/index.php\/wp-json\/wp\/v2\/categories?post=5816"},{"taxonomy":"post_tag","embeddable":true,"href":"https:\/\/lasentinelle.dz\/index.php\/wp-json\/wp\/v2\/tags?post=5816"}],"curies":[{"name":"wp","href":"https:\/\/api.w.org\/{rel}","templated":true}]}}