{"id":58177,"date":"2024-10-14T11:42:19","date_gmt":"2024-10-14T10:42:19","guid":{"rendered":"https:\/\/lasentinelle.dz\/?p=58177"},"modified":"2024-10-14T11:42:19","modified_gmt":"2024-10-14T10:42:19","slug":"annaba-le-telepherique-remis-en-service-le-1er-novembre","status":"publish","type":"post","link":"https:\/\/lasentinelle.dz\/index.php\/2024\/10\/14\/annaba-le-telepherique-remis-en-service-le-1er-novembre\/","title":{"rendered":"Annaba\u00a0: Le t\u00e9l\u00e9ph\u00e9rique remis en service le 1er novembre"},"content":{"rendered":"\n<p>La remise en service du t\u00e9l\u00e9ph\u00e9rique d\u2019Annaba est annonc\u00e9e pour le 1er novembre prochain. Une question se pose cependant&nbsp;: le d\u00e9lai fix\u00e9 sera-t-il pour autant respect\u00e9&nbsp;?<\/p>\n\n\n\n<p>La date butoir avance \u00e0 grands pas et rien ne semble confirmer cette remise en service , tr\u00e8s attendue, du t\u00e9l\u00e9ph\u00e9rique de Sera\u00efdi-Annaba. L&rsquo;annonce a \u00e9t\u00e9 faite, rappelons-le, par le ministre des Transports, Mohamed El-Habib Zahana, lors de sa derni\u00e8re visite d\u2019inspection le 1er avril dernier \u00e0 Annaba. Ce moyen de transport par c\u00e2bles devait reprendre du service en mars 2023, ce qui n&rsquo;a pas \u00e9t\u00e9 le cas. Ce retard consid\u00e9rable des travaux a \u00e9t\u00e9 \u00e0 l&rsquo;origine de deux visites cons\u00e9cutives du premier responsable du secteur sur place. L&rsquo;une effectu\u00e9e par l\u2019ancien ministre des Transports, Youcef Chorfa, en avril 2023, et la seconde en 2024 par Mohamed El-Habib Zahana, dont le but est d&rsquo;acc\u00e9l\u00e9rer le rythme des travaux de ce chantier qui n&rsquo;a que trop dur\u00e9. Et pourtant, l\u2019Entreprise de Transport Alg\u00e9rien par C\u00e2bles (ETAC), charg\u00e9e du projet, s\u2019\u00e9tait engag\u00e9e \u00e0 rattraper le retard pour une remise en service avant la fin de l\u2019ann\u00e9e 2023. Or, \u00e0 ce jour, rien ne semble \u00e9vident, surtout que le projet a rencontr\u00e9, rappelons-le, plusieurs obstacles, dont une opposition des propri\u00e9taires terriens avoisinants. S\u2019y sont ajout\u00e9s un \u00e9boulement, des routes bloqu\u00e9es et les multiples vols de c\u00e2bles. De plus, des c\u00e2bles et conduites de la soci\u00e9t\u00e9 nationale de l\u2019\u00e9lectricit\u00e9 et du gaz (Sonelgaz) traversaient une partie du terrain du projet, compliquant davantage la situation. Mais, entre les mois d&rsquo;avril et novembre 2023, les travaux de g\u00e9nie civil, l\u2019ouverture de piste et la s\u00e9curisation des conduites de gaz ont \u00e9t\u00e9 achev\u00e9s, appelle-on encore. \u00c0 souligner que la r\u00e9paration du t\u00e9l\u00e9ph\u00e9rique est r\u00e9alis\u00e9e \u00e0 85 % par une entreprise alg\u00e9rienne, pendant que l\u2019expertise fran\u00e7aise de l\u2019entreprise \u00a0\u00bbPOMA\u00a0\u00bb intervient pour les aspects les plus sensibles du projet. L\u2019expertise consiste, convient-il de noter, en l\u2019alignement des pyl\u00f4nes et la r\u00e9vision des c\u00e2blages. Les travaux se sont \u00e9tendus sur un lin\u00e9aire de quatre kilom\u00e8tres, au niveau de la zone du glissement de terrain qui affecte l\u2019un des pyl\u00f4nes. Le premier objectif des travaux et de l&rsquo;expertise \u00e9tait de renforcer les structures et de pr\u00e9venir d&rsquo;\u00e9ventuels incidents, avec le remplacement de trois pyl\u00f4nes. Les premiers tests techniques ont \u00e9t\u00e9 effectu\u00e9s en d\u00e9cembre 2023. Inspectant tous les travaux effectu\u00e9s, le ministre des Transports, M. Mohamed El-Habib Zahana a, lors de sa derni\u00e8re visite, mis l&rsquo;accent sur la n\u00e9cessit\u00e9 d&rsquo;achever les travaux pour une remise en service du t\u00e9l\u00e9ph\u00e9rique avant la fin de l&rsquo;ann\u00e9e en cours, soit le 1er novembre 2024. Or, \u00e0 ce jour aucune information n&rsquo;a filtr\u00e9 sur cette reprise. Seul constat, des travaux qui vont d&rsquo;arrache-pied, dans l&rsquo;espoir de remettre ce moyen de transport dans la date fix\u00e9e par le premier responsable du d\u00e9partement des transports. La direction des transports de la wilaya d&rsquo;Annaba a, de son c\u00f4t\u00e9, indiqu\u00e9 dans un communiqu\u00e9 publi\u00e9 sur sa page officielle de la wilaya que les trois pyl\u00f4nes de la ligne ont \u00e9t\u00e9 r\u00e9par\u00e9s et install\u00e9s apr\u00e8s avoir \u00e9t\u00e9 endommag\u00e9s par des intemp\u00e9ries ayant entra\u00een\u00e9 la fermeture de la ligne en janvier 2019, ajoutant que les autres travaux de r\u00e9paration de ce moyen de transport par c\u00e2ble affichent \u00a0\u00bbun taux d\u2019avancement appr\u00e9ciable\u00a0\u00bb, avant l\u2019entame de la phase des essais pr\u00e9c\u00e9dant la mise en service. En attendant que le t\u00e9l\u00e9ph\u00e9rique soit pr\u00eat et op\u00e9rationnel pour le 1er novembre prochain, il est utile de rappeler que ce moyen de transport par c\u00e2ble, reliant S\u00e9raidi \u00e0 Annaba, r\u00e9alis\u00e9 en 1986, constitue un important moyen de transport pour les habitants de la commune de Sera\u00efdi outre sa contribution au d\u00e9veloppement du tourisme dans la r\u00e9gion.<\/p>\n\n\n\n<p><strong>Sofia Chahine<\/strong><\/p>\n","protected":false},"excerpt":{"rendered":"<p>La remise en service du t\u00e9l\u00e9ph\u00e9rique d\u2019Annaba est annonc\u00e9e pour le 1er novembre prochain. Une question se pose cependant&nbsp;: le<\/p>\n","protected":false},"author":6,"featured_media":58178,"comment_status":"open","ping_status":"closed","sticky":false,"template":"","format":"standard","meta":{"colormag_page_container_layout":"default_layout","colormag_page_sidebar_layout":"default_layout","om_disable_all_campaigns":false,"_monsterinsights_skip_tracking":false,"_monsterinsights_sitenote_active":false,"_monsterinsights_sitenote_note":"","_monsterinsights_sitenote_category":0,"footnotes":"","_wpscppro_dont_share_socialmedia":false,"_wpscppro_custom_social_share_image":0,"_facebook_share_type":"default","_twitter_share_type":"default","_linkedin_share_type":"default","_pinterest_share_type":"default","_linkedin_share_type_page":"","_instagram_share_type":"default","_medium_share_type":"default","_threads_share_type":"","_google_business_share_type":"","_selected_social_profile":[],"_wpsp_enable_custom_social_template":false,"_wpsp_social_scheduling":{"enabled":false,"datetime":null,"platforms":[],"status":"template_only","dateOption":"today","timeOption":"now","customDays":"","customHours":"","customDate":"","customTime":"","schedulingType":"absolute"},"_wpsp_active_default_template":true},"categories":[31],"tags":[],"class_list":["post-58177","post","type-post","status-publish","format-standard","has-post-thumbnail","hentry","category-regions"],"aioseo_notices":[],"yoast_head":"<!-- This site is optimized with the Yoast SEO plugin v27.5 - https:\/\/yoast.com\/product\/yoast-seo-wordpress\/ -->\n<title>Annaba\u00a0: Le t\u00e9l\u00e9ph\u00e9rique remis en service le 1er novembre - La Sentinelle<\/title>\n<meta name=\"robots\" content=\"index, follow, max-snippet:-1, max-image-preview:large, max-video-preview:-1\" \/>\n<link rel=\"canonical\" href=\"https:\/\/lasentinelle.dz\/index.php\/2024\/10\/14\/annaba-le-telepherique-remis-en-service-le-1er-novembre\/\" \/>\n<meta property=\"og:locale\" content=\"fr_FR\" \/>\n<meta property=\"og:type\" content=\"article\" \/>\n<meta property=\"og:title\" content=\"Annaba\u00a0: Le t\u00e9l\u00e9ph\u00e9rique remis en service le 1er novembre - La Sentinelle\" \/>\n<meta property=\"og:description\" content=\"La remise en service du t\u00e9l\u00e9ph\u00e9rique d\u2019Annaba est annonc\u00e9e pour le 1er novembre prochain. Une question se pose cependant&nbsp;: le\" \/>\n<meta property=\"og:url\" content=\"https:\/\/lasentinelle.dz\/index.php\/2024\/10\/14\/annaba-le-telepherique-remis-en-service-le-1er-novembre\/\" \/>\n<meta property=\"og:site_name\" content=\"La Sentinelle\" \/>\n<meta property=\"article:publisher\" content=\"https:\/\/www.facebook.com\/La-Sentinelle-104059864394773\" \/>\n<meta property=\"article:published_time\" content=\"2024-10-14T10:42:19+00:00\" \/>\n<meta property=\"og:image\" content=\"https:\/\/lasentinelle.dz\/wp-content\/uploads\/2024\/10\/telepherique-Annaba.jpg\" \/>\n\t<meta property=\"og:image:width\" content=\"1260\" \/>\n\t<meta property=\"og:image:height\" content=\"836\" \/>\n\t<meta property=\"og:image:type\" content=\"image\/jpeg\" \/>\n<meta name=\"author\" content=\"admin\" \/>\n<meta name=\"twitter:card\" content=\"summary_large_image\" \/>\n<meta name=\"twitter:label1\" content=\"\u00c9crit par\" \/>\n\t<meta name=\"twitter:data1\" content=\"admin\" \/>\n\t<meta name=\"twitter:label2\" content=\"Dur\u00e9e de lecture estim\u00e9e\" \/>\n\t<meta name=\"twitter:data2\" content=\"4 minutes\" \/>\n<script type=\"application\/ld+json\" class=\"yoast-schema-graph\">{\"@context\":\"https:\\\/\\\/schema.org\",\"@graph\":[{\"@type\":\"Article\",\"@id\":\"https:\\\/\\\/lasentinelle.dz\\\/index.php\\\/2024\\\/10\\\/14\\\/annaba-le-telepherique-remis-en-service-le-1er-novembre\\\/#article\",\"isPartOf\":{\"@id\":\"https:\\\/\\\/lasentinelle.dz\\\/index.php\\\/2024\\\/10\\\/14\\\/annaba-le-telepherique-remis-en-service-le-1er-novembre\\\/\"},\"author\":{\"name\":\"admin\",\"@id\":\"https:\\\/\\\/lasentinelle.dz\\\/#\\\/schema\\\/person\\\/729ee0024f24e0b8c5ec17232f8e8b41\"},\"headline\":\"Annaba\u00a0: Le t\u00e9l\u00e9ph\u00e9rique remis en service le 1er novembre\",\"datePublished\":\"2024-10-14T10:42:19+00:00\",\"mainEntityOfPage\":{\"@id\":\"https:\\\/\\\/lasentinelle.dz\\\/index.php\\\/2024\\\/10\\\/14\\\/annaba-le-telepherique-remis-en-service-le-1er-novembre\\\/\"},\"wordCount\":714,\"commentCount\":0,\"publisher\":{\"@id\":\"https:\\\/\\\/lasentinelle.dz\\\/#organization\"},\"image\":{\"@id\":\"https:\\\/\\\/lasentinelle.dz\\\/index.php\\\/2024\\\/10\\\/14\\\/annaba-le-telepherique-remis-en-service-le-1er-novembre\\\/#primaryimage\"},\"thumbnailUrl\":\"https:\\\/\\\/lasentinelle.dz\\\/wp-content\\\/uploads\\\/2024\\\/10\\\/telepherique-Annaba.jpg\",\"articleSection\":[\"R\u00e9gions\"],\"inLanguage\":\"fr-FR\",\"potentialAction\":[{\"@type\":\"CommentAction\",\"name\":\"Comment\",\"target\":[\"https:\\\/\\\/lasentinelle.dz\\\/index.php\\\/2024\\\/10\\\/14\\\/annaba-le-telepherique-remis-en-service-le-1er-novembre\\\/#respond\"]}]},{\"@type\":\"WebPage\",\"@id\":\"https:\\\/\\\/lasentinelle.dz\\\/index.php\\\/2024\\\/10\\\/14\\\/annaba-le-telepherique-remis-en-service-le-1er-novembre\\\/\",\"url\":\"https:\\\/\\\/lasentinelle.dz\\\/index.php\\\/2024\\\/10\\\/14\\\/annaba-le-telepherique-remis-en-service-le-1er-novembre\\\/\",\"name\":\"Annaba\u00a0: Le t\u00e9l\u00e9ph\u00e9rique remis en service le 1er novembre - La Sentinelle\",\"isPartOf\":{\"@id\":\"https:\\\/\\\/lasentinelle.dz\\\/#website\"},\"primaryImageOfPage\":{\"@id\":\"https:\\\/\\\/lasentinelle.dz\\\/index.php\\\/2024\\\/10\\\/14\\\/annaba-le-telepherique-remis-en-service-le-1er-novembre\\\/#primaryimage\"},\"image\":{\"@id\":\"https:\\\/\\\/lasentinelle.dz\\\/index.php\\\/2024\\\/10\\\/14\\\/annaba-le-telepherique-remis-en-service-le-1er-novembre\\\/#primaryimage\"},\"thumbnailUrl\":\"https:\\\/\\\/lasentinelle.dz\\\/wp-content\\\/uploads\\\/2024\\\/10\\\/telepherique-Annaba.jpg\",\"datePublished\":\"2024-10-14T10:42:19+00:00\",\"breadcrumb\":{\"@id\":\"https:\\\/\\\/lasentinelle.dz\\\/index.php\\\/2024\\\/10\\\/14\\\/annaba-le-telepherique-remis-en-service-le-1er-novembre\\\/#breadcrumb\"},\"inLanguage\":\"fr-FR\",\"potentialAction\":[{\"@type\":\"ReadAction\",\"target\":[\"https:\\\/\\\/lasentinelle.dz\\\/index.php\\\/2024\\\/10\\\/14\\\/annaba-le-telepherique-remis-en-service-le-1er-novembre\\\/\"]}]},{\"@type\":\"ImageObject\",\"inLanguage\":\"fr-FR\",\"@id\":\"https:\\\/\\\/lasentinelle.dz\\\/index.php\\\/2024\\\/10\\\/14\\\/annaba-le-telepherique-remis-en-service-le-1er-novembre\\\/#primaryimage\",\"url\":\"https:\\\/\\\/lasentinelle.dz\\\/wp-content\\\/uploads\\\/2024\\\/10\\\/telepherique-Annaba.jpg\",\"contentUrl\":\"https:\\\/\\\/lasentinelle.dz\\\/wp-content\\\/uploads\\\/2024\\\/10\\\/telepherique-Annaba.jpg\",\"width\":1260,\"height\":836},{\"@type\":\"BreadcrumbList\",\"@id\":\"https:\\\/\\\/lasentinelle.dz\\\/index.php\\\/2024\\\/10\\\/14\\\/annaba-le-telepherique-remis-en-service-le-1er-novembre\\\/#breadcrumb\",\"itemListElement\":[{\"@type\":\"ListItem\",\"position\":1,\"name\":\"Accueil\",\"item\":\"https:\\\/\\\/lasentinelle.dz\\\/\"},{\"@type\":\"ListItem\",\"position\":2,\"name\":\"Annaba\u00a0: Le t\u00e9l\u00e9ph\u00e9rique remis en service le 1er novembre\"}]},{\"@type\":\"WebSite\",\"@id\":\"https:\\\/\\\/lasentinelle.dz\\\/#website\",\"url\":\"https:\\\/\\\/lasentinelle.dz\\\/\",\"name\":\"La Sentinelle\",\"description\":\"Quotidien national d&#039;information\",\"publisher\":{\"@id\":\"https:\\\/\\\/lasentinelle.dz\\\/#organization\"},\"potentialAction\":[{\"@type\":\"SearchAction\",\"target\":{\"@type\":\"EntryPoint\",\"urlTemplate\":\"https:\\\/\\\/lasentinelle.dz\\\/?s={search_term_string}\"},\"query-input\":{\"@type\":\"PropertyValueSpecification\",\"valueRequired\":true,\"valueName\":\"search_term_string\"}}],\"inLanguage\":\"fr-FR\"},{\"@type\":\"Organization\",\"@id\":\"https:\\\/\\\/lasentinelle.dz\\\/#organization\",\"name\":\"Quotidien La Sentinelle\",\"url\":\"https:\\\/\\\/lasentinelle.dz\\\/\",\"logo\":{\"@type\":\"ImageObject\",\"inLanguage\":\"fr-FR\",\"@id\":\"https:\\\/\\\/lasentinelle.dz\\\/#\\\/schema\\\/logo\\\/image\\\/\",\"url\":\"https:\\\/\\\/lasentinelle.dz\\\/wp-content\\\/uploads\\\/2021\\\/09\\\/logo-sentinelleSLOGAN-1.png\",\"contentUrl\":\"https:\\\/\\\/lasentinelle.dz\\\/wp-content\\\/uploads\\\/2021\\\/09\\\/logo-sentinelleSLOGAN-1.png\",\"width\":615,\"height\":142,\"caption\":\"Quotidien La Sentinelle\"},\"image\":{\"@id\":\"https:\\\/\\\/lasentinelle.dz\\\/#\\\/schema\\\/logo\\\/image\\\/\"},\"sameAs\":[\"https:\\\/\\\/www.facebook.com\\\/La-Sentinelle-104059864394773\"]},{\"@type\":\"Person\",\"@id\":\"https:\\\/\\\/lasentinelle.dz\\\/#\\\/schema\\\/person\\\/729ee0024f24e0b8c5ec17232f8e8b41\",\"name\":\"admin\",\"image\":{\"@type\":\"ImageObject\",\"inLanguage\":\"fr-FR\",\"@id\":\"https:\\\/\\\/secure.gravatar.com\\\/avatar\\\/4c81fed838786e9b53f540bf46533e750f5d292099ae3b66cfc6fb1982e29df7?s=96&d=mm&r=g\",\"url\":\"https:\\\/\\\/secure.gravatar.com\\\/avatar\\\/4c81fed838786e9b53f540bf46533e750f5d292099ae3b66cfc6fb1982e29df7?s=96&d=mm&r=g\",\"contentUrl\":\"https:\\\/\\\/secure.gravatar.com\\\/avatar\\\/4c81fed838786e9b53f540bf46533e750f5d292099ae3b66cfc6fb1982e29df7?s=96&d=mm&r=g\",\"caption\":\"admin\"},\"description\":\"admin\",\"url\":\"https:\\\/\\\/lasentinelle.dz\\\/author\\\/admin\\\/\"}]}<\/script>\n<!-- \/ Yoast SEO plugin. -->","yoast_head_json":{"title":"Annaba\u00a0: Le t\u00e9l\u00e9ph\u00e9rique remis en service le 1er novembre - La Sentinelle","robots":{"index":"index","follow":"follow","max-snippet":"max-snippet:-1","max-image-preview":"max-image-preview:large","max-video-preview":"max-video-preview:-1"},"canonical":"https:\/\/lasentinelle.dz\/index.php\/2024\/10\/14\/annaba-le-telepherique-remis-en-service-le-1er-novembre\/","og_locale":"fr_FR","og_type":"article","og_title":"Annaba\u00a0: Le t\u00e9l\u00e9ph\u00e9rique remis en service le 1er novembre - La Sentinelle","og_description":"La remise en service du t\u00e9l\u00e9ph\u00e9rique d\u2019Annaba est annonc\u00e9e pour le 1er novembre prochain. Une question se pose cependant&nbsp;: le","og_url":"https:\/\/lasentinelle.dz\/index.php\/2024\/10\/14\/annaba-le-telepherique-remis-en-service-le-1er-novembre\/","og_site_name":"La Sentinelle","article_publisher":"https:\/\/www.facebook.com\/La-Sentinelle-104059864394773","article_published_time":"2024-10-14T10:42:19+00:00","og_image":[{"width":1260,"height":836,"url":"https:\/\/lasentinelle.dz\/wp-content\/uploads\/2024\/10\/telepherique-Annaba.jpg","type":"image\/jpeg"}],"author":"admin","twitter_card":"summary_large_image","twitter_misc":{"\u00c9crit par":"admin","Dur\u00e9e de lecture estim\u00e9e":"4 minutes"},"schema":{"@context":"https:\/\/schema.org","@graph":[{"@type":"Article","@id":"https:\/\/lasentinelle.dz\/index.php\/2024\/10\/14\/annaba-le-telepherique-remis-en-service-le-1er-novembre\/#article","isPartOf":{"@id":"https:\/\/lasentinelle.dz\/index.php\/2024\/10\/14\/annaba-le-telepherique-remis-en-service-le-1er-novembre\/"},"author":{"name":"admin","@id":"https:\/\/lasentinelle.dz\/#\/schema\/person\/729ee0024f24e0b8c5ec17232f8e8b41"},"headline":"Annaba\u00a0: Le t\u00e9l\u00e9ph\u00e9rique remis en service le 1er novembre","datePublished":"2024-10-14T10:42:19+00:00","mainEntityOfPage":{"@id":"https:\/\/lasentinelle.dz\/index.php\/2024\/10\/14\/annaba-le-telepherique-remis-en-service-le-1er-novembre\/"},"wordCount":714,"commentCount":0,"publisher":{"@id":"https:\/\/lasentinelle.dz\/#organization"},"image":{"@id":"https:\/\/lasentinelle.dz\/index.php\/2024\/10\/14\/annaba-le-telepherique-remis-en-service-le-1er-novembre\/#primaryimage"},"thumbnailUrl":"https:\/\/lasentinelle.dz\/wp-content\/uploads\/2024\/10\/telepherique-Annaba.jpg","articleSection":["R\u00e9gions"],"inLanguage":"fr-FR","potentialAction":[{"@type":"CommentAction","name":"Comment","target":["https:\/\/lasentinelle.dz\/index.php\/2024\/10\/14\/annaba-le-telepherique-remis-en-service-le-1er-novembre\/#respond"]}]},{"@type":"WebPage","@id":"https:\/\/lasentinelle.dz\/index.php\/2024\/10\/14\/annaba-le-telepherique-remis-en-service-le-1er-novembre\/","url":"https:\/\/lasentinelle.dz\/index.php\/2024\/10\/14\/annaba-le-telepherique-remis-en-service-le-1er-novembre\/","name":"Annaba\u00a0: Le t\u00e9l\u00e9ph\u00e9rique remis en service le 1er novembre - La Sentinelle","isPartOf":{"@id":"https:\/\/lasentinelle.dz\/#website"},"primaryImageOfPage":{"@id":"https:\/\/lasentinelle.dz\/index.php\/2024\/10\/14\/annaba-le-telepherique-remis-en-service-le-1er-novembre\/#primaryimage"},"image":{"@id":"https:\/\/lasentinelle.dz\/index.php\/2024\/10\/14\/annaba-le-telepherique-remis-en-service-le-1er-novembre\/#primaryimage"},"thumbnailUrl":"https:\/\/lasentinelle.dz\/wp-content\/uploads\/2024\/10\/telepherique-Annaba.jpg","datePublished":"2024-10-14T10:42:19+00:00","breadcrumb":{"@id":"https:\/\/lasentinelle.dz\/index.php\/2024\/10\/14\/annaba-le-telepherique-remis-en-service-le-1er-novembre\/#breadcrumb"},"inLanguage":"fr-FR","potentialAction":[{"@type":"ReadAction","target":["https:\/\/lasentinelle.dz\/index.php\/2024\/10\/14\/annaba-le-telepherique-remis-en-service-le-1er-novembre\/"]}]},{"@type":"ImageObject","inLanguage":"fr-FR","@id":"https:\/\/lasentinelle.dz\/index.php\/2024\/10\/14\/annaba-le-telepherique-remis-en-service-le-1er-novembre\/#primaryimage","url":"https:\/\/lasentinelle.dz\/wp-content\/uploads\/2024\/10\/telepherique-Annaba.jpg","contentUrl":"https:\/\/lasentinelle.dz\/wp-content\/uploads\/2024\/10\/telepherique-Annaba.jpg","width":1260,"height":836},{"@type":"BreadcrumbList","@id":"https:\/\/lasentinelle.dz\/index.php\/2024\/10\/14\/annaba-le-telepherique-remis-en-service-le-1er-novembre\/#breadcrumb","itemListElement":[{"@type":"ListItem","position":1,"name":"Accueil","item":"https:\/\/lasentinelle.dz\/"},{"@type":"ListItem","position":2,"name":"Annaba\u00a0: Le t\u00e9l\u00e9ph\u00e9rique remis en service le 1er novembre"}]},{"@type":"WebSite","@id":"https:\/\/lasentinelle.dz\/#website","url":"https:\/\/lasentinelle.dz\/","name":"La Sentinelle","description":"Quotidien national d&#039;information","publisher":{"@id":"https:\/\/lasentinelle.dz\/#organization"},"potentialAction":[{"@type":"SearchAction","target":{"@type":"EntryPoint","urlTemplate":"https:\/\/lasentinelle.dz\/?s={search_term_string}"},"query-input":{"@type":"PropertyValueSpecification","valueRequired":true,"valueName":"search_term_string"}}],"inLanguage":"fr-FR"},{"@type":"Organization","@id":"https:\/\/lasentinelle.dz\/#organization","name":"Quotidien La Sentinelle","url":"https:\/\/lasentinelle.dz\/","logo":{"@type":"ImageObject","inLanguage":"fr-FR","@id":"https:\/\/lasentinelle.dz\/#\/schema\/logo\/image\/","url":"https:\/\/lasentinelle.dz\/wp-content\/uploads\/2021\/09\/logo-sentinelleSLOGAN-1.png","contentUrl":"https:\/\/lasentinelle.dz\/wp-content\/uploads\/2021\/09\/logo-sentinelleSLOGAN-1.png","width":615,"height":142,"caption":"Quotidien La Sentinelle"},"image":{"@id":"https:\/\/lasentinelle.dz\/#\/schema\/logo\/image\/"},"sameAs":["https:\/\/www.facebook.com\/La-Sentinelle-104059864394773"]},{"@type":"Person","@id":"https:\/\/lasentinelle.dz\/#\/schema\/person\/729ee0024f24e0b8c5ec17232f8e8b41","name":"admin","image":{"@type":"ImageObject","inLanguage":"fr-FR","@id":"https:\/\/secure.gravatar.com\/avatar\/4c81fed838786e9b53f540bf46533e750f5d292099ae3b66cfc6fb1982e29df7?s=96&d=mm&r=g","url":"https:\/\/secure.gravatar.com\/avatar\/4c81fed838786e9b53f540bf46533e750f5d292099ae3b66cfc6fb1982e29df7?s=96&d=mm&r=g","contentUrl":"https:\/\/secure.gravatar.com\/avatar\/4c81fed838786e9b53f540bf46533e750f5d292099ae3b66cfc6fb1982e29df7?s=96&d=mm&r=g","caption":"admin"},"description":"admin","url":"https:\/\/lasentinelle.dz\/author\/admin\/"}]}},"_links":{"self":[{"href":"https:\/\/lasentinelle.dz\/index.php\/wp-json\/wp\/v2\/posts\/58177","targetHints":{"allow":["GET"]}}],"collection":[{"href":"https:\/\/lasentinelle.dz\/index.php\/wp-json\/wp\/v2\/posts"}],"about":[{"href":"https:\/\/lasentinelle.dz\/index.php\/wp-json\/wp\/v2\/types\/post"}],"author":[{"embeddable":true,"href":"https:\/\/lasentinelle.dz\/index.php\/wp-json\/wp\/v2\/users\/6"}],"replies":[{"embeddable":true,"href":"https:\/\/lasentinelle.dz\/index.php\/wp-json\/wp\/v2\/comments?post=58177"}],"version-history":[{"count":1,"href":"https:\/\/lasentinelle.dz\/index.php\/wp-json\/wp\/v2\/posts\/58177\/revisions"}],"predecessor-version":[{"id":58179,"href":"https:\/\/lasentinelle.dz\/index.php\/wp-json\/wp\/v2\/posts\/58177\/revisions\/58179"}],"wp:featuredmedia":[{"embeddable":true,"href":"https:\/\/lasentinelle.dz\/index.php\/wp-json\/wp\/v2\/media\/58178"}],"wp:attachment":[{"href":"https:\/\/lasentinelle.dz\/index.php\/wp-json\/wp\/v2\/media?parent=58177"}],"wp:term":[{"taxonomy":"category","embeddable":true,"href":"https:\/\/lasentinelle.dz\/index.php\/wp-json\/wp\/v2\/categories?post=58177"},{"taxonomy":"post_tag","embeddable":true,"href":"https:\/\/lasentinelle.dz\/index.php\/wp-json\/wp\/v2\/tags?post=58177"}],"curies":[{"name":"wp","href":"https:\/\/api.w.org\/{rel}","templated":true}]}}