{"id":58210,"date":"2024-10-14T11:46:00","date_gmt":"2024-10-14T10:46:00","guid":{"rendered":"https:\/\/lasentinelle.dz\/?p=58210"},"modified":"2024-10-14T11:57:37","modified_gmt":"2024-10-14T10:57:37","slug":"le-ministere-de-linterieur-accelere-sa-numerisation-revolutionner-le-service-public","status":"publish","type":"post","link":"https:\/\/lasentinelle.dz\/index.php\/2024\/10\/14\/le-ministere-de-linterieur-accelere-sa-numerisation-revolutionner-le-service-public\/","title":{"rendered":"Le minist\u00e8re de l\u2019Int\u00e9rieur acc\u00e9l\u00e8re sa num\u00e9risation\u00a0: R\u00e9volutionner le service public"},"content":{"rendered":"\n<p>Le Minist\u00e8re de l&rsquo;Int\u00e9rieur, des Collectivit\u00e9s locales et de l&rsquo;Am\u00e9nagement du territoire s&rsquo;engage r\u00e9solument dans la transition num\u00e9rique. Sans ce sens, une r\u00e9union s&rsquo;est tenue hier sous l&rsquo;\u00e9gide du Secr\u00e9taire g\u00e9n\u00e9ral du minist\u00e8re, Larbi Merzouk, pour d\u00e9finir les contours du plan sectoriel de transition num\u00e9rique pour la p\u00e9riode 2025-2026. Cette initiative s&rsquo;inscrit dans le cadre plus large de la strat\u00e9gie nationale de num\u00e9risation \u00e0 l&rsquo;horizon 2030, un projet ambitieux approuv\u00e9 par le Pr\u00e9sident de la R\u00e9publique, Abdelmadjid Tebboune, et pilot\u00e9 par le Haut-Commissariat \u00e0 la Num\u00e9risation. L&rsquo;objectif est clair : propulser l&rsquo;Alg\u00e9rie dans l&rsquo;\u00e8re num\u00e9rique en transformant en profondeur le fonctionnement de l&rsquo;administration et les services offerts aux citoyens. La r\u00e9union, qui a rassembl\u00e9 les principaux responsables des institutions et structures centrales du minist\u00e8re, a permis de d\u00e9gager les axes prioritaires du plan de travail. Parmi ceux-ci, la num\u00e9risation des proc\u00e9dures administratives au b\u00e9n\u00e9fice direct des citoyens occupe une place pr\u00e9pond\u00e9rante. L&rsquo;accent est mis sur la simplification et l&rsquo;accessibilit\u00e9 des d\u00e9marches, avec pour ambition de r\u00e9duire les d\u00e9lais de traitement et d&rsquo;am\u00e9liorer la qualit\u00e9 du service public. Un autre volet essentiel du plan concerne l&rsquo;optimisation de la gestion des affaires publiques. Le minist\u00e8re entend favoriser une circulation plus fluide de l&rsquo;information, tant au sein de ses propres structures qu&rsquo;entre l&rsquo;administration centrale et les collectivit\u00e9s locales. Cette d\u00e9marche vise \u00e0 d\u00e9cloisonner les services et \u00e0 faciliter la collaboration intersectorielle, gage d&rsquo;une action publique plus coh\u00e9rente et efficace. La transparence et la r\u00e9activit\u00e9 sont \u00e9galement au c\u0153ur des pr\u00e9occupations. En d\u00e9veloppant des outils num\u00e9riques adapt\u00e9s, le minist\u00e8re souhaite offrir aux citoyens une meilleure visibilit\u00e9 sur le traitement de leurs dossiers et permettre une communication plus directe avec l&rsquo;administration. Pour mener \u00e0 bien ce vaste chantier, le Secr\u00e9taire g\u00e9n\u00e9ral a rappel\u00e9 les instructions du ministre visant \u00e0 acc\u00e9l\u00e9rer le rythme de la num\u00e9risation. L&rsquo;approche retenue se veut globale et int\u00e9gr\u00e9e, s&rsquo;appuyant sur une mutualisation intelligente des ressources. Cette strat\u00e9gie permettra non seulement d&rsquo;optimiser les co\u00fbts, mais aussi de garantir une coh\u00e9rence d&rsquo;ensemble dans le d\u00e9ploiement des solutions num\u00e9riques. Un point d&rsquo;attention particulier a \u00e9t\u00e9 port\u00e9 sur le respect des d\u00e9lais fix\u00e9s pour chaque projet. Un suivi rigoureux de l&rsquo;avancement des diff\u00e9rents chantiers sera mis en place pour s&rsquo;assurer de la bonne ex\u00e9cution du plan dans les temps impartis.<\/p>\n\n\n\n<p>Salim Mokrane<\/p>\n","protected":false},"excerpt":{"rendered":"<p>Le Minist\u00e8re de l&rsquo;Int\u00e9rieur, des Collectivit\u00e9s locales et de l&rsquo;Am\u00e9nagement du territoire s&rsquo;engage r\u00e9solument dans la transition num\u00e9rique. Sans ce<\/p>\n","protected":false},"author":6,"featured_media":53414,"comment_status":"open","ping_status":"closed","sticky":false,"template":"","format":"standard","meta":{"colormag_page_container_layout":"default_layout","colormag_page_sidebar_layout":"default_layout","om_disable_all_campaigns":false,"_monsterinsights_skip_tracking":false,"_monsterinsights_sitenote_active":false,"_monsterinsights_sitenote_note":"","_monsterinsights_sitenote_category":0,"footnotes":"","_wpscppro_dont_share_socialmedia":false,"_wpscppro_custom_social_share_image":0,"_facebook_share_type":"default","_twitter_share_type":"default","_linkedin_share_type":"default","_pinterest_share_type":"default","_linkedin_share_type_page":"","_instagram_share_type":"default","_medium_share_type":"default","_threads_share_type":"","_google_business_share_type":"","_selected_social_profile":[],"_wpsp_enable_custom_social_template":false,"_wpsp_social_scheduling":{"enabled":false,"datetime":null,"platforms":[],"status":"template_only","dateOption":"today","timeOption":"now","customDays":"","customHours":"","customDate":"","customTime":"","schedulingType":"absolute"},"_wpsp_active_default_template":true},"categories":[27],"tags":[],"class_list":["post-58210","post","type-post","status-publish","format-standard","has-post-thumbnail","hentry","category-actualite"],"aioseo_notices":[],"yoast_head":"<!-- This site is optimized with the Yoast SEO plugin v27.4 - https:\/\/yoast.com\/product\/yoast-seo-wordpress\/ -->\n<title>Le minist\u00e8re de l\u2019Int\u00e9rieur acc\u00e9l\u00e8re sa num\u00e9risation\u00a0: R\u00e9volutionner le service public - La Sentinelle<\/title>\n<meta name=\"robots\" content=\"index, follow, max-snippet:-1, max-image-preview:large, max-video-preview:-1\" \/>\n<link rel=\"canonical\" href=\"https:\/\/lasentinelle.dz\/index.php\/2024\/10\/14\/le-ministere-de-linterieur-accelere-sa-numerisation-revolutionner-le-service-public\/\" \/>\n<meta property=\"og:locale\" content=\"fr_FR\" \/>\n<meta property=\"og:type\" content=\"article\" \/>\n<meta property=\"og:title\" content=\"Le minist\u00e8re de l\u2019Int\u00e9rieur acc\u00e9l\u00e8re sa num\u00e9risation\u00a0: R\u00e9volutionner le service public - La Sentinelle\" \/>\n<meta property=\"og:description\" content=\"Le Minist\u00e8re de l&rsquo;Int\u00e9rieur, des Collectivit\u00e9s locales et de l&rsquo;Am\u00e9nagement du territoire s&rsquo;engage r\u00e9solument dans la transition num\u00e9rique. Sans ce\" \/>\n<meta property=\"og:url\" content=\"https:\/\/lasentinelle.dz\/index.php\/2024\/10\/14\/le-ministere-de-linterieur-accelere-sa-numerisation-revolutionner-le-service-public\/\" \/>\n<meta property=\"og:site_name\" content=\"La Sentinelle\" \/>\n<meta property=\"article:publisher\" content=\"https:\/\/www.facebook.com\/La-Sentinelle-104059864394773\" \/>\n<meta property=\"article:published_time\" content=\"2024-10-14T10:46:00+00:00\" \/>\n<meta property=\"article:modified_time\" content=\"2024-10-14T10:57:37+00:00\" \/>\n<meta property=\"og:image\" content=\"https:\/\/lasentinelle.dz\/wp-content\/uploads\/2024\/06\/numerisation.webp\" \/>\n\t<meta property=\"og:image:width\" content=\"680\" \/>\n\t<meta property=\"og:image:height\" content=\"453\" \/>\n\t<meta property=\"og:image:type\" content=\"image\/webp\" \/>\n<meta name=\"author\" content=\"admin\" \/>\n<meta name=\"twitter:card\" content=\"summary_large_image\" \/>\n<meta name=\"twitter:label1\" content=\"\u00c9crit par\" \/>\n\t<meta name=\"twitter:data1\" content=\"admin\" \/>\n\t<meta name=\"twitter:label2\" content=\"Dur\u00e9e de lecture estim\u00e9e\" \/>\n\t<meta name=\"twitter:data2\" content=\"3 minutes\" \/>\n<script type=\"application\/ld+json\" class=\"yoast-schema-graph\">{\"@context\":\"https:\\\/\\\/schema.org\",\"@graph\":[{\"@type\":\"Article\",\"@id\":\"https:\\\/\\\/lasentinelle.dz\\\/index.php\\\/2024\\\/10\\\/14\\\/le-ministere-de-linterieur-accelere-sa-numerisation-revolutionner-le-service-public\\\/#article\",\"isPartOf\":{\"@id\":\"https:\\\/\\\/lasentinelle.dz\\\/index.php\\\/2024\\\/10\\\/14\\\/le-ministere-de-linterieur-accelere-sa-numerisation-revolutionner-le-service-public\\\/\"},\"author\":{\"name\":\"admin\",\"@id\":\"https:\\\/\\\/lasentinelle.dz\\\/#\\\/schema\\\/person\\\/729ee0024f24e0b8c5ec17232f8e8b41\"},\"headline\":\"Le minist\u00e8re de l\u2019Int\u00e9rieur acc\u00e9l\u00e8re sa num\u00e9risation\u00a0: R\u00e9volutionner le service public\",\"datePublished\":\"2024-10-14T10:46:00+00:00\",\"dateModified\":\"2024-10-14T10:57:37+00:00\",\"mainEntityOfPage\":{\"@id\":\"https:\\\/\\\/lasentinelle.dz\\\/index.php\\\/2024\\\/10\\\/14\\\/le-ministere-de-linterieur-accelere-sa-numerisation-revolutionner-le-service-public\\\/\"},\"wordCount\":477,\"commentCount\":0,\"publisher\":{\"@id\":\"https:\\\/\\\/lasentinelle.dz\\\/#organization\"},\"image\":{\"@id\":\"https:\\\/\\\/lasentinelle.dz\\\/index.php\\\/2024\\\/10\\\/14\\\/le-ministere-de-linterieur-accelere-sa-numerisation-revolutionner-le-service-public\\\/#primaryimage\"},\"thumbnailUrl\":\"https:\\\/\\\/lasentinelle.dz\\\/wp-content\\\/uploads\\\/2024\\\/06\\\/numerisation.webp\",\"articleSection\":[\"Actualit\u00e9\"],\"inLanguage\":\"fr-FR\",\"potentialAction\":[{\"@type\":\"CommentAction\",\"name\":\"Comment\",\"target\":[\"https:\\\/\\\/lasentinelle.dz\\\/index.php\\\/2024\\\/10\\\/14\\\/le-ministere-de-linterieur-accelere-sa-numerisation-revolutionner-le-service-public\\\/#respond\"]}]},{\"@type\":\"WebPage\",\"@id\":\"https:\\\/\\\/lasentinelle.dz\\\/index.php\\\/2024\\\/10\\\/14\\\/le-ministere-de-linterieur-accelere-sa-numerisation-revolutionner-le-service-public\\\/\",\"url\":\"https:\\\/\\\/lasentinelle.dz\\\/index.php\\\/2024\\\/10\\\/14\\\/le-ministere-de-linterieur-accelere-sa-numerisation-revolutionner-le-service-public\\\/\",\"name\":\"Le minist\u00e8re de l\u2019Int\u00e9rieur acc\u00e9l\u00e8re sa num\u00e9risation\u00a0: R\u00e9volutionner le service public - La Sentinelle\",\"isPartOf\":{\"@id\":\"https:\\\/\\\/lasentinelle.dz\\\/#website\"},\"primaryImageOfPage\":{\"@id\":\"https:\\\/\\\/lasentinelle.dz\\\/index.php\\\/2024\\\/10\\\/14\\\/le-ministere-de-linterieur-accelere-sa-numerisation-revolutionner-le-service-public\\\/#primaryimage\"},\"image\":{\"@id\":\"https:\\\/\\\/lasentinelle.dz\\\/index.php\\\/2024\\\/10\\\/14\\\/le-ministere-de-linterieur-accelere-sa-numerisation-revolutionner-le-service-public\\\/#primaryimage\"},\"thumbnailUrl\":\"https:\\\/\\\/lasentinelle.dz\\\/wp-content\\\/uploads\\\/2024\\\/06\\\/numerisation.webp\",\"datePublished\":\"2024-10-14T10:46:00+00:00\",\"dateModified\":\"2024-10-14T10:57:37+00:00\",\"breadcrumb\":{\"@id\":\"https:\\\/\\\/lasentinelle.dz\\\/index.php\\\/2024\\\/10\\\/14\\\/le-ministere-de-linterieur-accelere-sa-numerisation-revolutionner-le-service-public\\\/#breadcrumb\"},\"inLanguage\":\"fr-FR\",\"potentialAction\":[{\"@type\":\"ReadAction\",\"target\":[\"https:\\\/\\\/lasentinelle.dz\\\/index.php\\\/2024\\\/10\\\/14\\\/le-ministere-de-linterieur-accelere-sa-numerisation-revolutionner-le-service-public\\\/\"]}]},{\"@type\":\"ImageObject\",\"inLanguage\":\"fr-FR\",\"@id\":\"https:\\\/\\\/lasentinelle.dz\\\/index.php\\\/2024\\\/10\\\/14\\\/le-ministere-de-linterieur-accelere-sa-numerisation-revolutionner-le-service-public\\\/#primaryimage\",\"url\":\"https:\\\/\\\/lasentinelle.dz\\\/wp-content\\\/uploads\\\/2024\\\/06\\\/numerisation.webp\",\"contentUrl\":\"https:\\\/\\\/lasentinelle.dz\\\/wp-content\\\/uploads\\\/2024\\\/06\\\/numerisation.webp\",\"width\":680,\"height\":453},{\"@type\":\"BreadcrumbList\",\"@id\":\"https:\\\/\\\/lasentinelle.dz\\\/index.php\\\/2024\\\/10\\\/14\\\/le-ministere-de-linterieur-accelere-sa-numerisation-revolutionner-le-service-public\\\/#breadcrumb\",\"itemListElement\":[{\"@type\":\"ListItem\",\"position\":1,\"name\":\"Accueil\",\"item\":\"https:\\\/\\\/lasentinelle.dz\\\/\"},{\"@type\":\"ListItem\",\"position\":2,\"name\":\"Le minist\u00e8re de l\u2019Int\u00e9rieur acc\u00e9l\u00e8re sa num\u00e9risation\u00a0: R\u00e9volutionner le service public\"}]},{\"@type\":\"WebSite\",\"@id\":\"https:\\\/\\\/lasentinelle.dz\\\/#website\",\"url\":\"https:\\\/\\\/lasentinelle.dz\\\/\",\"name\":\"La Sentinelle\",\"description\":\"Quotidien national d&#039;information\",\"publisher\":{\"@id\":\"https:\\\/\\\/lasentinelle.dz\\\/#organization\"},\"potentialAction\":[{\"@type\":\"SearchAction\",\"target\":{\"@type\":\"EntryPoint\",\"urlTemplate\":\"https:\\\/\\\/lasentinelle.dz\\\/?s={search_term_string}\"},\"query-input\":{\"@type\":\"PropertyValueSpecification\",\"valueRequired\":true,\"valueName\":\"search_term_string\"}}],\"inLanguage\":\"fr-FR\"},{\"@type\":\"Organization\",\"@id\":\"https:\\\/\\\/lasentinelle.dz\\\/#organization\",\"name\":\"Quotidien La Sentinelle\",\"url\":\"https:\\\/\\\/lasentinelle.dz\\\/\",\"logo\":{\"@type\":\"ImageObject\",\"inLanguage\":\"fr-FR\",\"@id\":\"https:\\\/\\\/lasentinelle.dz\\\/#\\\/schema\\\/logo\\\/image\\\/\",\"url\":\"https:\\\/\\\/lasentinelle.dz\\\/wp-content\\\/uploads\\\/2021\\\/09\\\/logo-sentinelleSLOGAN-1.png\",\"contentUrl\":\"https:\\\/\\\/lasentinelle.dz\\\/wp-content\\\/uploads\\\/2021\\\/09\\\/logo-sentinelleSLOGAN-1.png\",\"width\":615,\"height\":142,\"caption\":\"Quotidien La Sentinelle\"},\"image\":{\"@id\":\"https:\\\/\\\/lasentinelle.dz\\\/#\\\/schema\\\/logo\\\/image\\\/\"},\"sameAs\":[\"https:\\\/\\\/www.facebook.com\\\/La-Sentinelle-104059864394773\"]},{\"@type\":\"Person\",\"@id\":\"https:\\\/\\\/lasentinelle.dz\\\/#\\\/schema\\\/person\\\/729ee0024f24e0b8c5ec17232f8e8b41\",\"name\":\"admin\",\"image\":{\"@type\":\"ImageObject\",\"inLanguage\":\"fr-FR\",\"@id\":\"https:\\\/\\\/secure.gravatar.com\\\/avatar\\\/4c81fed838786e9b53f540bf46533e750f5d292099ae3b66cfc6fb1982e29df7?s=96&d=mm&r=g\",\"url\":\"https:\\\/\\\/secure.gravatar.com\\\/avatar\\\/4c81fed838786e9b53f540bf46533e750f5d292099ae3b66cfc6fb1982e29df7?s=96&d=mm&r=g\",\"contentUrl\":\"https:\\\/\\\/secure.gravatar.com\\\/avatar\\\/4c81fed838786e9b53f540bf46533e750f5d292099ae3b66cfc6fb1982e29df7?s=96&d=mm&r=g\",\"caption\":\"admin\"},\"description\":\"admin\",\"url\":\"https:\\\/\\\/lasentinelle.dz\\\/author\\\/admin\\\/\"}]}<\/script>\n<!-- \/ Yoast SEO plugin. -->","yoast_head_json":{"title":"Le minist\u00e8re de l\u2019Int\u00e9rieur acc\u00e9l\u00e8re sa num\u00e9risation\u00a0: R\u00e9volutionner le service public - La Sentinelle","robots":{"index":"index","follow":"follow","max-snippet":"max-snippet:-1","max-image-preview":"max-image-preview:large","max-video-preview":"max-video-preview:-1"},"canonical":"https:\/\/lasentinelle.dz\/index.php\/2024\/10\/14\/le-ministere-de-linterieur-accelere-sa-numerisation-revolutionner-le-service-public\/","og_locale":"fr_FR","og_type":"article","og_title":"Le minist\u00e8re de l\u2019Int\u00e9rieur acc\u00e9l\u00e8re sa num\u00e9risation\u00a0: R\u00e9volutionner le service public - La Sentinelle","og_description":"Le Minist\u00e8re de l&rsquo;Int\u00e9rieur, des Collectivit\u00e9s locales et de l&rsquo;Am\u00e9nagement du territoire s&rsquo;engage r\u00e9solument dans la transition num\u00e9rique. Sans ce","og_url":"https:\/\/lasentinelle.dz\/index.php\/2024\/10\/14\/le-ministere-de-linterieur-accelere-sa-numerisation-revolutionner-le-service-public\/","og_site_name":"La Sentinelle","article_publisher":"https:\/\/www.facebook.com\/La-Sentinelle-104059864394773","article_published_time":"2024-10-14T10:46:00+00:00","article_modified_time":"2024-10-14T10:57:37+00:00","og_image":[{"width":680,"height":453,"url":"https:\/\/lasentinelle.dz\/wp-content\/uploads\/2024\/06\/numerisation.webp","type":"image\/webp"}],"author":"admin","twitter_card":"summary_large_image","twitter_misc":{"\u00c9crit par":"admin","Dur\u00e9e de lecture estim\u00e9e":"3 minutes"},"schema":{"@context":"https:\/\/schema.org","@graph":[{"@type":"Article","@id":"https:\/\/lasentinelle.dz\/index.php\/2024\/10\/14\/le-ministere-de-linterieur-accelere-sa-numerisation-revolutionner-le-service-public\/#article","isPartOf":{"@id":"https:\/\/lasentinelle.dz\/index.php\/2024\/10\/14\/le-ministere-de-linterieur-accelere-sa-numerisation-revolutionner-le-service-public\/"},"author":{"name":"admin","@id":"https:\/\/lasentinelle.dz\/#\/schema\/person\/729ee0024f24e0b8c5ec17232f8e8b41"},"headline":"Le minist\u00e8re de l\u2019Int\u00e9rieur acc\u00e9l\u00e8re sa num\u00e9risation\u00a0: R\u00e9volutionner le service public","datePublished":"2024-10-14T10:46:00+00:00","dateModified":"2024-10-14T10:57:37+00:00","mainEntityOfPage":{"@id":"https:\/\/lasentinelle.dz\/index.php\/2024\/10\/14\/le-ministere-de-linterieur-accelere-sa-numerisation-revolutionner-le-service-public\/"},"wordCount":477,"commentCount":0,"publisher":{"@id":"https:\/\/lasentinelle.dz\/#organization"},"image":{"@id":"https:\/\/lasentinelle.dz\/index.php\/2024\/10\/14\/le-ministere-de-linterieur-accelere-sa-numerisation-revolutionner-le-service-public\/#primaryimage"},"thumbnailUrl":"https:\/\/lasentinelle.dz\/wp-content\/uploads\/2024\/06\/numerisation.webp","articleSection":["Actualit\u00e9"],"inLanguage":"fr-FR","potentialAction":[{"@type":"CommentAction","name":"Comment","target":["https:\/\/lasentinelle.dz\/index.php\/2024\/10\/14\/le-ministere-de-linterieur-accelere-sa-numerisation-revolutionner-le-service-public\/#respond"]}]},{"@type":"WebPage","@id":"https:\/\/lasentinelle.dz\/index.php\/2024\/10\/14\/le-ministere-de-linterieur-accelere-sa-numerisation-revolutionner-le-service-public\/","url":"https:\/\/lasentinelle.dz\/index.php\/2024\/10\/14\/le-ministere-de-linterieur-accelere-sa-numerisation-revolutionner-le-service-public\/","name":"Le minist\u00e8re de l\u2019Int\u00e9rieur acc\u00e9l\u00e8re sa num\u00e9risation\u00a0: R\u00e9volutionner le service public - La Sentinelle","isPartOf":{"@id":"https:\/\/lasentinelle.dz\/#website"},"primaryImageOfPage":{"@id":"https:\/\/lasentinelle.dz\/index.php\/2024\/10\/14\/le-ministere-de-linterieur-accelere-sa-numerisation-revolutionner-le-service-public\/#primaryimage"},"image":{"@id":"https:\/\/lasentinelle.dz\/index.php\/2024\/10\/14\/le-ministere-de-linterieur-accelere-sa-numerisation-revolutionner-le-service-public\/#primaryimage"},"thumbnailUrl":"https:\/\/lasentinelle.dz\/wp-content\/uploads\/2024\/06\/numerisation.webp","datePublished":"2024-10-14T10:46:00+00:00","dateModified":"2024-10-14T10:57:37+00:00","breadcrumb":{"@id":"https:\/\/lasentinelle.dz\/index.php\/2024\/10\/14\/le-ministere-de-linterieur-accelere-sa-numerisation-revolutionner-le-service-public\/#breadcrumb"},"inLanguage":"fr-FR","potentialAction":[{"@type":"ReadAction","target":["https:\/\/lasentinelle.dz\/index.php\/2024\/10\/14\/le-ministere-de-linterieur-accelere-sa-numerisation-revolutionner-le-service-public\/"]}]},{"@type":"ImageObject","inLanguage":"fr-FR","@id":"https:\/\/lasentinelle.dz\/index.php\/2024\/10\/14\/le-ministere-de-linterieur-accelere-sa-numerisation-revolutionner-le-service-public\/#primaryimage","url":"https:\/\/lasentinelle.dz\/wp-content\/uploads\/2024\/06\/numerisation.webp","contentUrl":"https:\/\/lasentinelle.dz\/wp-content\/uploads\/2024\/06\/numerisation.webp","width":680,"height":453},{"@type":"BreadcrumbList","@id":"https:\/\/lasentinelle.dz\/index.php\/2024\/10\/14\/le-ministere-de-linterieur-accelere-sa-numerisation-revolutionner-le-service-public\/#breadcrumb","itemListElement":[{"@type":"ListItem","position":1,"name":"Accueil","item":"https:\/\/lasentinelle.dz\/"},{"@type":"ListItem","position":2,"name":"Le minist\u00e8re de l\u2019Int\u00e9rieur acc\u00e9l\u00e8re sa num\u00e9risation\u00a0: R\u00e9volutionner le service public"}]},{"@type":"WebSite","@id":"https:\/\/lasentinelle.dz\/#website","url":"https:\/\/lasentinelle.dz\/","name":"La Sentinelle","description":"Quotidien national d&#039;information","publisher":{"@id":"https:\/\/lasentinelle.dz\/#organization"},"potentialAction":[{"@type":"SearchAction","target":{"@type":"EntryPoint","urlTemplate":"https:\/\/lasentinelle.dz\/?s={search_term_string}"},"query-input":{"@type":"PropertyValueSpecification","valueRequired":true,"valueName":"search_term_string"}}],"inLanguage":"fr-FR"},{"@type":"Organization","@id":"https:\/\/lasentinelle.dz\/#organization","name":"Quotidien La Sentinelle","url":"https:\/\/lasentinelle.dz\/","logo":{"@type":"ImageObject","inLanguage":"fr-FR","@id":"https:\/\/lasentinelle.dz\/#\/schema\/logo\/image\/","url":"https:\/\/lasentinelle.dz\/wp-content\/uploads\/2021\/09\/logo-sentinelleSLOGAN-1.png","contentUrl":"https:\/\/lasentinelle.dz\/wp-content\/uploads\/2021\/09\/logo-sentinelleSLOGAN-1.png","width":615,"height":142,"caption":"Quotidien La Sentinelle"},"image":{"@id":"https:\/\/lasentinelle.dz\/#\/schema\/logo\/image\/"},"sameAs":["https:\/\/www.facebook.com\/La-Sentinelle-104059864394773"]},{"@type":"Person","@id":"https:\/\/lasentinelle.dz\/#\/schema\/person\/729ee0024f24e0b8c5ec17232f8e8b41","name":"admin","image":{"@type":"ImageObject","inLanguage":"fr-FR","@id":"https:\/\/secure.gravatar.com\/avatar\/4c81fed838786e9b53f540bf46533e750f5d292099ae3b66cfc6fb1982e29df7?s=96&d=mm&r=g","url":"https:\/\/secure.gravatar.com\/avatar\/4c81fed838786e9b53f540bf46533e750f5d292099ae3b66cfc6fb1982e29df7?s=96&d=mm&r=g","contentUrl":"https:\/\/secure.gravatar.com\/avatar\/4c81fed838786e9b53f540bf46533e750f5d292099ae3b66cfc6fb1982e29df7?s=96&d=mm&r=g","caption":"admin"},"description":"admin","url":"https:\/\/lasentinelle.dz\/author\/admin\/"}]}},"_links":{"self":[{"href":"https:\/\/lasentinelle.dz\/index.php\/wp-json\/wp\/v2\/posts\/58210","targetHints":{"allow":["GET"]}}],"collection":[{"href":"https:\/\/lasentinelle.dz\/index.php\/wp-json\/wp\/v2\/posts"}],"about":[{"href":"https:\/\/lasentinelle.dz\/index.php\/wp-json\/wp\/v2\/types\/post"}],"author":[{"embeddable":true,"href":"https:\/\/lasentinelle.dz\/index.php\/wp-json\/wp\/v2\/users\/6"}],"replies":[{"embeddable":true,"href":"https:\/\/lasentinelle.dz\/index.php\/wp-json\/wp\/v2\/comments?post=58210"}],"version-history":[{"count":1,"href":"https:\/\/lasentinelle.dz\/index.php\/wp-json\/wp\/v2\/posts\/58210\/revisions"}],"predecessor-version":[{"id":58211,"href":"https:\/\/lasentinelle.dz\/index.php\/wp-json\/wp\/v2\/posts\/58210\/revisions\/58211"}],"wp:featuredmedia":[{"embeddable":true,"href":"https:\/\/lasentinelle.dz\/index.php\/wp-json\/wp\/v2\/media\/53414"}],"wp:attachment":[{"href":"https:\/\/lasentinelle.dz\/index.php\/wp-json\/wp\/v2\/media?parent=58210"}],"wp:term":[{"taxonomy":"category","embeddable":true,"href":"https:\/\/lasentinelle.dz\/index.php\/wp-json\/wp\/v2\/categories?post=58210"},{"taxonomy":"post_tag","embeddable":true,"href":"https:\/\/lasentinelle.dz\/index.php\/wp-json\/wp\/v2\/tags?post=58210"}],"curies":[{"name":"wp","href":"https:\/\/api.w.org\/{rel}","templated":true}]}}