{"id":58253,"date":"2024-10-14T19:31:04","date_gmt":"2024-10-14T18:31:04","guid":{"rendered":"https:\/\/lasentinelle.dz\/?p=58253"},"modified":"2024-10-19T19:31:37","modified_gmt":"2024-10-19T18:31:37","slug":"face-a-lagression-sioniste-au-liban-le-hezbollah-riposte-avec-force","status":"publish","type":"post","link":"https:\/\/lasentinelle.dz\/index.php\/2024\/10\/14\/face-a-lagression-sioniste-au-liban-le-hezbollah-riposte-avec-force\/","title":{"rendered":"Face \u00e0 l&rsquo;agression sioniste au Liban\u00a0: Le Hezbollah riposte avec force"},"content":{"rendered":"\n<p>Le Hezbollah qui d\u00e9montre sa capacit\u00e9 \u00e0 mener des frappes de pr\u00e9cision profondes contre l\u2019entit\u00e9 sioniste et a men\u00e9 dimanche une riposte forte aux attaques isra\u00e9liennes contre le Liban. Dans une op\u00e9ration audacieuse, le mouvement de r\u00e9sistance libanais a frapp\u00e9 un camp d&rsquo;entra\u00eenement de la brigade Golani \u00e0 Binyamina, au sud de Ha\u00effa, faisant quatre morts et une soixantaine de bless\u00e9s parmi les forces d&rsquo;occupation isra\u00e9liennes. Cette attaque, men\u00e9e avec \u00ab\u00a0une escadrille de drones explosifs\u00a0\u00bb, met en avant les capacit\u00e9s op\u00e9rationnelles du Hezbollah. Le mouvement a r\u00e9ussi \u00e0 contourner les syst\u00e8mes de d\u00e9fense a\u00e9rienne isra\u00e9liens, d\u00e9montrant sa capacit\u00e9 \u00e0 frapper des cibles strat\u00e9giques en profondeur. Le Hezbollah a d\u00e9di\u00e9 cette attaque \u00e0 son chef Hassan Nasrallah, tu\u00e9 le 27 septembre dans une frappe isra\u00e9lienne pr\u00e8s de Beyrouth, montrant ainsi sa d\u00e9termination \u00e0 venger ses dirigeants et \u00e0 maintenir une pression constante sur l&rsquo;entit\u00e9 sioniste. Dans un communiqu\u00e9, le mouvement a averti que cette frappe n&rsquo;\u00e9tait \u00ab\u00a0qu&rsquo;un avant-go\u00fbt\u00a0\u00bb de ce qui attendait l\u2019entit\u00e9 sioniste si les agressions contre le Liban se poursuivaient. La strat\u00e9gie du Hezbollah semble s&rsquo;articuler autour d&rsquo;une approche multidimensionnelle. En plus des frappes de drones, le mouvement a lanc\u00e9 simultan\u00e9ment des dizaines de missiles sur diverses cibles dans les r\u00e9gions de Nahariya et d&rsquo;Acre, dans le but de \u00ab\u00a0distraire les syst\u00e8mes de d\u00e9fense a\u00e9rienne isra\u00e9liens\u00a0\u00bb. Cette tactique de saturation des d\u00e9fenses ennemies t\u00e9moigne d&rsquo;une planification sophistiqu\u00e9e et d&rsquo;une coordination efficace des diff\u00e9rents moyens du Hezbollah.&nbsp; Sur le terrain, le Hezbollah affirme mener des combats intenses contre les forces isra\u00e9liennes dans au moins quatre villages du Sud du Liban, utilisant \u00ab\u00a0l&rsquo;arme automatique\u00a0\u00bb et des \u00ab\u00a0roquettes\u00a0\u00bb. Le mouvement a \u00e9galement revendiqu\u00e9 avoir tendu une embuscade \u00e0 des membres des forces d&rsquo;occupation qui tentaient de s&rsquo;infiltrer, d\u00e9montrant sa capacit\u00e9 \u00e0 d\u00e9fendre le territoire libanais et \u00e0 contrer les incursions ennemies. L&rsquo;escalade du conflit a des cons\u00e9quences d\u00e9sastreuses pour la population civile libanaise. Selon le minist\u00e8re de la sant\u00e9 libanais, 51 personnes ont \u00e9t\u00e9 tu\u00e9es samedi dans des frappes isra\u00e9liennes, portant \u00e0 plus de 1 300 le nombre de morts dans le pays depuis le 23 septembre. Ce bilan tragique souligne l&rsquo;intensit\u00e9 des bombardements isra\u00e9liens et leur impact d\u00e9vastateur sur les zones civiles. La situation humanitaire au Liban s&rsquo;aggrave de jour en jour. Le Haut-Commissariat des Nations Unies pour les r\u00e9fugi\u00e9s (HCR) rapporte que plus de 1,2 million de personnes ont \u00e9t\u00e9 d\u00e9plac\u00e9es \u00e0 la suite des agressions terrestres et a\u00e9riennes isra\u00e9liennes. Ce chiffre alarmant t\u00e9moigne de l&rsquo;ampleur de la catastrophe humanitaire en cours. Environ 276 000 personnes, tant libanaises que syriennes, ont \u00e9t\u00e9 contraintes de fuir vers la Syrie voisine, exacerbant la crise r\u00e9gionale des r\u00e9fugi\u00e9s. L&rsquo;\u00e9largissement du conflit au Liban par l\u2019entit\u00e9 sioniste, qui a commenc\u00e9 le 23 septembre, a entra\u00een\u00e9 des frappes a\u00e9riennes sur la capitale Beyrouth et des incursions terrestres dans le sud du pays. En moins d&rsquo;un mois, cette escalade a fait 1 539 martyrs et 4 471 bless\u00e9s, dont un grand nombre de femmes et d&rsquo;enfants, selon les autorit\u00e9s libanaises. Le bilan total depuis le 8 octobre 2023 s&rsquo;\u00e9l\u00e8ve \u00e0 2 306 martyrs et 10 698 bless\u00e9s, d&rsquo;apr\u00e8s le minist\u00e8re de la Sant\u00e9 libanais. La communaut\u00e9 internationale s&rsquo;inqui\u00e8te de l&rsquo;escalade du conflit, en particulier des attaques contre les forces de maintien de la paix de l&rsquo;ONU. Josep Borrell, Haut repr\u00e9sentant de l&rsquo;Union europ\u00e9enne pour les affaires \u00e9trang\u00e8res et la politique de s\u00e9curit\u00e9, a d\u00e9clar\u00e9 que les attaques isral\u00e9innes contre la Force int\u00e9rimaire des Nations unies d\u00e9ploy\u00e9e dans le sud du Liban (Finul) \u00e9taient \u00ab\u00a0compl\u00e8tement inacceptables\u00a0\u00bb. L&rsquo;UE a demand\u00e9 \u00e0 l\u2019entit\u00e9 sioniste d&rsquo;arr\u00eater imm\u00e9diatement ces attaques, soulignant l&rsquo;importance de respecter les forces de l&rsquo;ONU sur le terrain.<\/p>\n\n\n\n<p>Salim Amokrane<\/p>\n","protected":false},"excerpt":{"rendered":"<p>Le Hezbollah qui d\u00e9montre sa capacit\u00e9 \u00e0 mener des frappes de pr\u00e9cision profondes contre l\u2019entit\u00e9 sioniste et a men\u00e9 dimanche<\/p>\n","protected":false},"author":6,"featured_media":57761,"comment_status":"open","ping_status":"closed","sticky":false,"template":"","format":"standard","meta":{"colormag_page_container_layout":"default_layout","colormag_page_sidebar_layout":"default_layout","om_disable_all_campaigns":false,"_monsterinsights_skip_tracking":false,"_monsterinsights_sitenote_active":false,"_monsterinsights_sitenote_note":"","_monsterinsights_sitenote_category":0,"footnotes":"","_wpscppro_dont_share_socialmedia":false,"_wpscppro_custom_social_share_image":0,"_facebook_share_type":"default","_twitter_share_type":"default","_linkedin_share_type":"default","_pinterest_share_type":"default","_linkedin_share_type_page":"","_instagram_share_type":"default","_medium_share_type":"default","_threads_share_type":"","_google_business_share_type":"","_selected_social_profile":[],"_wpsp_enable_custom_social_template":false,"_wpsp_social_scheduling":{"enabled":false,"datetime":null,"platforms":[],"status":"template_only","dateOption":"today","timeOption":"now","customDays":"","customHours":"","customDate":"","customTime":"","schedulingType":"absolute"},"_wpsp_active_default_template":true},"categories":[27],"tags":[],"class_list":["post-58253","post","type-post","status-publish","format-standard","has-post-thumbnail","hentry","category-actualite"],"aioseo_notices":[],"yoast_head":"<!-- This site is optimized with the Yoast SEO plugin v27.5 - https:\/\/yoast.com\/product\/yoast-seo-wordpress\/ -->\n<title>Face \u00e0 l&rsquo;agression sioniste au Liban\u00a0: Le Hezbollah riposte avec force - La Sentinelle<\/title>\n<meta name=\"robots\" content=\"index, follow, max-snippet:-1, max-image-preview:large, max-video-preview:-1\" \/>\n<link rel=\"canonical\" href=\"https:\/\/lasentinelle.dz\/index.php\/2024\/10\/14\/face-a-lagression-sioniste-au-liban-le-hezbollah-riposte-avec-force\/\" \/>\n<meta property=\"og:locale\" content=\"fr_FR\" \/>\n<meta property=\"og:type\" content=\"article\" \/>\n<meta property=\"og:title\" content=\"Face \u00e0 l&rsquo;agression sioniste au Liban\u00a0: Le Hezbollah riposte avec force - La Sentinelle\" \/>\n<meta property=\"og:description\" content=\"Le Hezbollah qui d\u00e9montre sa capacit\u00e9 \u00e0 mener des frappes de pr\u00e9cision profondes contre l\u2019entit\u00e9 sioniste et a men\u00e9 dimanche\" \/>\n<meta property=\"og:url\" content=\"https:\/\/lasentinelle.dz\/index.php\/2024\/10\/14\/face-a-lagression-sioniste-au-liban-le-hezbollah-riposte-avec-force\/\" \/>\n<meta property=\"og:site_name\" content=\"La Sentinelle\" \/>\n<meta property=\"article:publisher\" content=\"https:\/\/www.facebook.com\/La-Sentinelle-104059864394773\" \/>\n<meta property=\"article:published_time\" content=\"2024-10-14T18:31:04+00:00\" \/>\n<meta property=\"article:modified_time\" content=\"2024-10-19T18:31:37+00:00\" \/>\n<meta property=\"og:image\" content=\"https:\/\/lasentinelle.dz\/wp-content\/uploads\/2024\/10\/missilesae\u00a9\u00a9.jpeg\" \/>\n\t<meta property=\"og:image:width\" content=\"864\" \/>\n\t<meta property=\"og:image:height\" content=\"486\" \/>\n\t<meta property=\"og:image:type\" content=\"image\/jpeg\" \/>\n<meta name=\"author\" content=\"admin\" \/>\n<meta name=\"twitter:card\" content=\"summary_large_image\" \/>\n<meta name=\"twitter:label1\" content=\"\u00c9crit par\" \/>\n\t<meta name=\"twitter:data1\" content=\"admin\" \/>\n\t<meta name=\"twitter:label2\" content=\"Dur\u00e9e de lecture estim\u00e9e\" \/>\n\t<meta name=\"twitter:data2\" content=\"4 minutes\" \/>\n<script type=\"application\/ld+json\" class=\"yoast-schema-graph\">{\"@context\":\"https:\\\/\\\/schema.org\",\"@graph\":[{\"@type\":\"Article\",\"@id\":\"https:\\\/\\\/lasentinelle.dz\\\/index.php\\\/2024\\\/10\\\/14\\\/face-a-lagression-sioniste-au-liban-le-hezbollah-riposte-avec-force\\\/#article\",\"isPartOf\":{\"@id\":\"https:\\\/\\\/lasentinelle.dz\\\/index.php\\\/2024\\\/10\\\/14\\\/face-a-lagression-sioniste-au-liban-le-hezbollah-riposte-avec-force\\\/\"},\"author\":{\"name\":\"admin\",\"@id\":\"https:\\\/\\\/lasentinelle.dz\\\/#\\\/schema\\\/person\\\/729ee0024f24e0b8c5ec17232f8e8b41\"},\"headline\":\"Face \u00e0 l&rsquo;agression sioniste au Liban\u00a0: Le Hezbollah riposte avec force\",\"datePublished\":\"2024-10-14T18:31:04+00:00\",\"dateModified\":\"2024-10-19T18:31:37+00:00\",\"mainEntityOfPage\":{\"@id\":\"https:\\\/\\\/lasentinelle.dz\\\/index.php\\\/2024\\\/10\\\/14\\\/face-a-lagression-sioniste-au-liban-le-hezbollah-riposte-avec-force\\\/\"},\"wordCount\":692,\"commentCount\":0,\"publisher\":{\"@id\":\"https:\\\/\\\/lasentinelle.dz\\\/#organization\"},\"image\":{\"@id\":\"https:\\\/\\\/lasentinelle.dz\\\/index.php\\\/2024\\\/10\\\/14\\\/face-a-lagression-sioniste-au-liban-le-hezbollah-riposte-avec-force\\\/#primaryimage\"},\"thumbnailUrl\":\"https:\\\/\\\/lasentinelle.dz\\\/wp-content\\\/uploads\\\/2024\\\/10\\\/missilesae\u00a9\u00a9.jpeg\",\"articleSection\":[\"Actualit\u00e9\"],\"inLanguage\":\"fr-FR\",\"potentialAction\":[{\"@type\":\"CommentAction\",\"name\":\"Comment\",\"target\":[\"https:\\\/\\\/lasentinelle.dz\\\/index.php\\\/2024\\\/10\\\/14\\\/face-a-lagression-sioniste-au-liban-le-hezbollah-riposte-avec-force\\\/#respond\"]}]},{\"@type\":\"WebPage\",\"@id\":\"https:\\\/\\\/lasentinelle.dz\\\/index.php\\\/2024\\\/10\\\/14\\\/face-a-lagression-sioniste-au-liban-le-hezbollah-riposte-avec-force\\\/\",\"url\":\"https:\\\/\\\/lasentinelle.dz\\\/index.php\\\/2024\\\/10\\\/14\\\/face-a-lagression-sioniste-au-liban-le-hezbollah-riposte-avec-force\\\/\",\"name\":\"Face \u00e0 l&rsquo;agression sioniste au Liban\u00a0: Le Hezbollah riposte avec force - La Sentinelle\",\"isPartOf\":{\"@id\":\"https:\\\/\\\/lasentinelle.dz\\\/#website\"},\"primaryImageOfPage\":{\"@id\":\"https:\\\/\\\/lasentinelle.dz\\\/index.php\\\/2024\\\/10\\\/14\\\/face-a-lagression-sioniste-au-liban-le-hezbollah-riposte-avec-force\\\/#primaryimage\"},\"image\":{\"@id\":\"https:\\\/\\\/lasentinelle.dz\\\/index.php\\\/2024\\\/10\\\/14\\\/face-a-lagression-sioniste-au-liban-le-hezbollah-riposte-avec-force\\\/#primaryimage\"},\"thumbnailUrl\":\"https:\\\/\\\/lasentinelle.dz\\\/wp-content\\\/uploads\\\/2024\\\/10\\\/missilesae\u00a9\u00a9.jpeg\",\"datePublished\":\"2024-10-14T18:31:04+00:00\",\"dateModified\":\"2024-10-19T18:31:37+00:00\",\"breadcrumb\":{\"@id\":\"https:\\\/\\\/lasentinelle.dz\\\/index.php\\\/2024\\\/10\\\/14\\\/face-a-lagression-sioniste-au-liban-le-hezbollah-riposte-avec-force\\\/#breadcrumb\"},\"inLanguage\":\"fr-FR\",\"potentialAction\":[{\"@type\":\"ReadAction\",\"target\":[\"https:\\\/\\\/lasentinelle.dz\\\/index.php\\\/2024\\\/10\\\/14\\\/face-a-lagression-sioniste-au-liban-le-hezbollah-riposte-avec-force\\\/\"]}]},{\"@type\":\"ImageObject\",\"inLanguage\":\"fr-FR\",\"@id\":\"https:\\\/\\\/lasentinelle.dz\\\/index.php\\\/2024\\\/10\\\/14\\\/face-a-lagression-sioniste-au-liban-le-hezbollah-riposte-avec-force\\\/#primaryimage\",\"url\":\"https:\\\/\\\/lasentinelle.dz\\\/wp-content\\\/uploads\\\/2024\\\/10\\\/missilesae\u00a9\u00a9.jpeg\",\"contentUrl\":\"https:\\\/\\\/lasentinelle.dz\\\/wp-content\\\/uploads\\\/2024\\\/10\\\/missilesae\u00a9\u00a9.jpeg\",\"width\":864,\"height\":486},{\"@type\":\"BreadcrumbList\",\"@id\":\"https:\\\/\\\/lasentinelle.dz\\\/index.php\\\/2024\\\/10\\\/14\\\/face-a-lagression-sioniste-au-liban-le-hezbollah-riposte-avec-force\\\/#breadcrumb\",\"itemListElement\":[{\"@type\":\"ListItem\",\"position\":1,\"name\":\"Accueil\",\"item\":\"https:\\\/\\\/lasentinelle.dz\\\/\"},{\"@type\":\"ListItem\",\"position\":2,\"name\":\"Face \u00e0 l&rsquo;agression sioniste au Liban\u00a0: Le Hezbollah riposte avec force\"}]},{\"@type\":\"WebSite\",\"@id\":\"https:\\\/\\\/lasentinelle.dz\\\/#website\",\"url\":\"https:\\\/\\\/lasentinelle.dz\\\/\",\"name\":\"La Sentinelle\",\"description\":\"Quotidien national d&#039;information\",\"publisher\":{\"@id\":\"https:\\\/\\\/lasentinelle.dz\\\/#organization\"},\"potentialAction\":[{\"@type\":\"SearchAction\",\"target\":{\"@type\":\"EntryPoint\",\"urlTemplate\":\"https:\\\/\\\/lasentinelle.dz\\\/?s={search_term_string}\"},\"query-input\":{\"@type\":\"PropertyValueSpecification\",\"valueRequired\":true,\"valueName\":\"search_term_string\"}}],\"inLanguage\":\"fr-FR\"},{\"@type\":\"Organization\",\"@id\":\"https:\\\/\\\/lasentinelle.dz\\\/#organization\",\"name\":\"Quotidien La Sentinelle\",\"url\":\"https:\\\/\\\/lasentinelle.dz\\\/\",\"logo\":{\"@type\":\"ImageObject\",\"inLanguage\":\"fr-FR\",\"@id\":\"https:\\\/\\\/lasentinelle.dz\\\/#\\\/schema\\\/logo\\\/image\\\/\",\"url\":\"https:\\\/\\\/lasentinelle.dz\\\/wp-content\\\/uploads\\\/2021\\\/09\\\/logo-sentinelleSLOGAN-1.png\",\"contentUrl\":\"https:\\\/\\\/lasentinelle.dz\\\/wp-content\\\/uploads\\\/2021\\\/09\\\/logo-sentinelleSLOGAN-1.png\",\"width\":615,\"height\":142,\"caption\":\"Quotidien La Sentinelle\"},\"image\":{\"@id\":\"https:\\\/\\\/lasentinelle.dz\\\/#\\\/schema\\\/logo\\\/image\\\/\"},\"sameAs\":[\"https:\\\/\\\/www.facebook.com\\\/La-Sentinelle-104059864394773\"]},{\"@type\":\"Person\",\"@id\":\"https:\\\/\\\/lasentinelle.dz\\\/#\\\/schema\\\/person\\\/729ee0024f24e0b8c5ec17232f8e8b41\",\"name\":\"admin\",\"image\":{\"@type\":\"ImageObject\",\"inLanguage\":\"fr-FR\",\"@id\":\"https:\\\/\\\/secure.gravatar.com\\\/avatar\\\/4c81fed838786e9b53f540bf46533e750f5d292099ae3b66cfc6fb1982e29df7?s=96&d=mm&r=g\",\"url\":\"https:\\\/\\\/secure.gravatar.com\\\/avatar\\\/4c81fed838786e9b53f540bf46533e750f5d292099ae3b66cfc6fb1982e29df7?s=96&d=mm&r=g\",\"contentUrl\":\"https:\\\/\\\/secure.gravatar.com\\\/avatar\\\/4c81fed838786e9b53f540bf46533e750f5d292099ae3b66cfc6fb1982e29df7?s=96&d=mm&r=g\",\"caption\":\"admin\"},\"description\":\"admin\",\"url\":\"https:\\\/\\\/lasentinelle.dz\\\/author\\\/admin\\\/\"}]}<\/script>\n<!-- \/ Yoast SEO plugin. -->","yoast_head_json":{"title":"Face \u00e0 l&rsquo;agression sioniste au Liban\u00a0: Le Hezbollah riposte avec force - La Sentinelle","robots":{"index":"index","follow":"follow","max-snippet":"max-snippet:-1","max-image-preview":"max-image-preview:large","max-video-preview":"max-video-preview:-1"},"canonical":"https:\/\/lasentinelle.dz\/index.php\/2024\/10\/14\/face-a-lagression-sioniste-au-liban-le-hezbollah-riposte-avec-force\/","og_locale":"fr_FR","og_type":"article","og_title":"Face \u00e0 l&rsquo;agression sioniste au Liban\u00a0: Le Hezbollah riposte avec force - La Sentinelle","og_description":"Le Hezbollah qui d\u00e9montre sa capacit\u00e9 \u00e0 mener des frappes de pr\u00e9cision profondes contre l\u2019entit\u00e9 sioniste et a men\u00e9 dimanche","og_url":"https:\/\/lasentinelle.dz\/index.php\/2024\/10\/14\/face-a-lagression-sioniste-au-liban-le-hezbollah-riposte-avec-force\/","og_site_name":"La Sentinelle","article_publisher":"https:\/\/www.facebook.com\/La-Sentinelle-104059864394773","article_published_time":"2024-10-14T18:31:04+00:00","article_modified_time":"2024-10-19T18:31:37+00:00","og_image":[{"width":864,"height":486,"url":"https:\/\/lasentinelle.dz\/wp-content\/uploads\/2024\/10\/missilesae\u00a9\u00a9.jpeg","type":"image\/jpeg"}],"author":"admin","twitter_card":"summary_large_image","twitter_misc":{"\u00c9crit par":"admin","Dur\u00e9e de lecture estim\u00e9e":"4 minutes"},"schema":{"@context":"https:\/\/schema.org","@graph":[{"@type":"Article","@id":"https:\/\/lasentinelle.dz\/index.php\/2024\/10\/14\/face-a-lagression-sioniste-au-liban-le-hezbollah-riposte-avec-force\/#article","isPartOf":{"@id":"https:\/\/lasentinelle.dz\/index.php\/2024\/10\/14\/face-a-lagression-sioniste-au-liban-le-hezbollah-riposte-avec-force\/"},"author":{"name":"admin","@id":"https:\/\/lasentinelle.dz\/#\/schema\/person\/729ee0024f24e0b8c5ec17232f8e8b41"},"headline":"Face \u00e0 l&rsquo;agression sioniste au Liban\u00a0: Le Hezbollah riposte avec force","datePublished":"2024-10-14T18:31:04+00:00","dateModified":"2024-10-19T18:31:37+00:00","mainEntityOfPage":{"@id":"https:\/\/lasentinelle.dz\/index.php\/2024\/10\/14\/face-a-lagression-sioniste-au-liban-le-hezbollah-riposte-avec-force\/"},"wordCount":692,"commentCount":0,"publisher":{"@id":"https:\/\/lasentinelle.dz\/#organization"},"image":{"@id":"https:\/\/lasentinelle.dz\/index.php\/2024\/10\/14\/face-a-lagression-sioniste-au-liban-le-hezbollah-riposte-avec-force\/#primaryimage"},"thumbnailUrl":"https:\/\/lasentinelle.dz\/wp-content\/uploads\/2024\/10\/missilesae\u00a9\u00a9.jpeg","articleSection":["Actualit\u00e9"],"inLanguage":"fr-FR","potentialAction":[{"@type":"CommentAction","name":"Comment","target":["https:\/\/lasentinelle.dz\/index.php\/2024\/10\/14\/face-a-lagression-sioniste-au-liban-le-hezbollah-riposte-avec-force\/#respond"]}]},{"@type":"WebPage","@id":"https:\/\/lasentinelle.dz\/index.php\/2024\/10\/14\/face-a-lagression-sioniste-au-liban-le-hezbollah-riposte-avec-force\/","url":"https:\/\/lasentinelle.dz\/index.php\/2024\/10\/14\/face-a-lagression-sioniste-au-liban-le-hezbollah-riposte-avec-force\/","name":"Face \u00e0 l&rsquo;agression sioniste au Liban\u00a0: Le Hezbollah riposte avec force - La Sentinelle","isPartOf":{"@id":"https:\/\/lasentinelle.dz\/#website"},"primaryImageOfPage":{"@id":"https:\/\/lasentinelle.dz\/index.php\/2024\/10\/14\/face-a-lagression-sioniste-au-liban-le-hezbollah-riposte-avec-force\/#primaryimage"},"image":{"@id":"https:\/\/lasentinelle.dz\/index.php\/2024\/10\/14\/face-a-lagression-sioniste-au-liban-le-hezbollah-riposte-avec-force\/#primaryimage"},"thumbnailUrl":"https:\/\/lasentinelle.dz\/wp-content\/uploads\/2024\/10\/missilesae\u00a9\u00a9.jpeg","datePublished":"2024-10-14T18:31:04+00:00","dateModified":"2024-10-19T18:31:37+00:00","breadcrumb":{"@id":"https:\/\/lasentinelle.dz\/index.php\/2024\/10\/14\/face-a-lagression-sioniste-au-liban-le-hezbollah-riposte-avec-force\/#breadcrumb"},"inLanguage":"fr-FR","potentialAction":[{"@type":"ReadAction","target":["https:\/\/lasentinelle.dz\/index.php\/2024\/10\/14\/face-a-lagression-sioniste-au-liban-le-hezbollah-riposte-avec-force\/"]}]},{"@type":"ImageObject","inLanguage":"fr-FR","@id":"https:\/\/lasentinelle.dz\/index.php\/2024\/10\/14\/face-a-lagression-sioniste-au-liban-le-hezbollah-riposte-avec-force\/#primaryimage","url":"https:\/\/lasentinelle.dz\/wp-content\/uploads\/2024\/10\/missilesae\u00a9\u00a9.jpeg","contentUrl":"https:\/\/lasentinelle.dz\/wp-content\/uploads\/2024\/10\/missilesae\u00a9\u00a9.jpeg","width":864,"height":486},{"@type":"BreadcrumbList","@id":"https:\/\/lasentinelle.dz\/index.php\/2024\/10\/14\/face-a-lagression-sioniste-au-liban-le-hezbollah-riposte-avec-force\/#breadcrumb","itemListElement":[{"@type":"ListItem","position":1,"name":"Accueil","item":"https:\/\/lasentinelle.dz\/"},{"@type":"ListItem","position":2,"name":"Face \u00e0 l&rsquo;agression sioniste au Liban\u00a0: Le Hezbollah riposte avec force"}]},{"@type":"WebSite","@id":"https:\/\/lasentinelle.dz\/#website","url":"https:\/\/lasentinelle.dz\/","name":"La Sentinelle","description":"Quotidien national d&#039;information","publisher":{"@id":"https:\/\/lasentinelle.dz\/#organization"},"potentialAction":[{"@type":"SearchAction","target":{"@type":"EntryPoint","urlTemplate":"https:\/\/lasentinelle.dz\/?s={search_term_string}"},"query-input":{"@type":"PropertyValueSpecification","valueRequired":true,"valueName":"search_term_string"}}],"inLanguage":"fr-FR"},{"@type":"Organization","@id":"https:\/\/lasentinelle.dz\/#organization","name":"Quotidien La Sentinelle","url":"https:\/\/lasentinelle.dz\/","logo":{"@type":"ImageObject","inLanguage":"fr-FR","@id":"https:\/\/lasentinelle.dz\/#\/schema\/logo\/image\/","url":"https:\/\/lasentinelle.dz\/wp-content\/uploads\/2021\/09\/logo-sentinelleSLOGAN-1.png","contentUrl":"https:\/\/lasentinelle.dz\/wp-content\/uploads\/2021\/09\/logo-sentinelleSLOGAN-1.png","width":615,"height":142,"caption":"Quotidien La Sentinelle"},"image":{"@id":"https:\/\/lasentinelle.dz\/#\/schema\/logo\/image\/"},"sameAs":["https:\/\/www.facebook.com\/La-Sentinelle-104059864394773"]},{"@type":"Person","@id":"https:\/\/lasentinelle.dz\/#\/schema\/person\/729ee0024f24e0b8c5ec17232f8e8b41","name":"admin","image":{"@type":"ImageObject","inLanguage":"fr-FR","@id":"https:\/\/secure.gravatar.com\/avatar\/4c81fed838786e9b53f540bf46533e750f5d292099ae3b66cfc6fb1982e29df7?s=96&d=mm&r=g","url":"https:\/\/secure.gravatar.com\/avatar\/4c81fed838786e9b53f540bf46533e750f5d292099ae3b66cfc6fb1982e29df7?s=96&d=mm&r=g","contentUrl":"https:\/\/secure.gravatar.com\/avatar\/4c81fed838786e9b53f540bf46533e750f5d292099ae3b66cfc6fb1982e29df7?s=96&d=mm&r=g","caption":"admin"},"description":"admin","url":"https:\/\/lasentinelle.dz\/author\/admin\/"}]}},"_links":{"self":[{"href":"https:\/\/lasentinelle.dz\/index.php\/wp-json\/wp\/v2\/posts\/58253","targetHints":{"allow":["GET"]}}],"collection":[{"href":"https:\/\/lasentinelle.dz\/index.php\/wp-json\/wp\/v2\/posts"}],"about":[{"href":"https:\/\/lasentinelle.dz\/index.php\/wp-json\/wp\/v2\/types\/post"}],"author":[{"embeddable":true,"href":"https:\/\/lasentinelle.dz\/index.php\/wp-json\/wp\/v2\/users\/6"}],"replies":[{"embeddable":true,"href":"https:\/\/lasentinelle.dz\/index.php\/wp-json\/wp\/v2\/comments?post=58253"}],"version-history":[{"count":2,"href":"https:\/\/lasentinelle.dz\/index.php\/wp-json\/wp\/v2\/posts\/58253\/revisions"}],"predecessor-version":[{"id":58255,"href":"https:\/\/lasentinelle.dz\/index.php\/wp-json\/wp\/v2\/posts\/58253\/revisions\/58255"}],"wp:featuredmedia":[{"embeddable":true,"href":"https:\/\/lasentinelle.dz\/index.php\/wp-json\/wp\/v2\/media\/57761"}],"wp:attachment":[{"href":"https:\/\/lasentinelle.dz\/index.php\/wp-json\/wp\/v2\/media?parent=58253"}],"wp:term":[{"taxonomy":"category","embeddable":true,"href":"https:\/\/lasentinelle.dz\/index.php\/wp-json\/wp\/v2\/categories?post=58253"},{"taxonomy":"post_tag","embeddable":true,"href":"https:\/\/lasentinelle.dz\/index.php\/wp-json\/wp\/v2\/tags?post=58253"}],"curies":[{"name":"wp","href":"https:\/\/api.w.org\/{rel}","templated":true}]}}